{"id":988,"date":"2015-05-24T08:00:51","date_gmt":"2015-05-24T06:00:51","guid":{"rendered":"http:\/\/www.dannwollenwirmal.de\/?p=988"},"modified":"2015-05-25T16:21:16","modified_gmt":"2015-05-25T14:21:16","slug":"camping-bei-heimwerkers","status":"publish","type":"post","link":"http:\/\/www.dannwollenwirmal.de\/?p=988","title":{"rendered":"Camping bei Heimwerkers"},"content":{"rendered":"<p>Tats\u00e4chlich hat mich die liebe Familie breitgeschlagen, das Pfingstwochenende im Zelt(!) auf einen Campingplatz im Wendland zu verbringen. Das Wendland, sonst haupts\u00e4chlich bekannt durch Castor-Transporte, ist aber auch landschaftlich durchaus reizvoll, der Campingplatz naturbelassen und gem\u00fctlich und nach einigen wenigen Modifikationen habe ich mich auch mit dem Zelten recht gut arrangieren k\u00f6nnen.<\/p>\n<p>Nat\u00fcrlich bin ich einige Tage fr\u00fcher angereist, um mein Werkzeug und die allern\u00f6tigsten Baumaterialien anzuliefern. Der dieselbetriebene Erdbohrer P-2000 erleichterte mir das Erstellen der Punktfundamente zur Verankerung der Zelte. Insgesamt mussten 94 Punktfundamente f\u00fcr die Zelte gefertigt werden. Damit man nicht unbequem auf einem Steinchen liegen muss, habe ich alle Grundfl\u00e4chen der Zelte ausgekoffert und Beton-Bodenplatten gegossen. Der Flie\u00dfspachtel FS-15 von Sopro, von dem zwei Paletten von Baustoffh\u00e4ndler direkt zum 250 km entfernten Campingplatz geliefert wurden, sorgte f\u00fcr eine aalglatte Oberfl\u00e4che und theoretisch h\u00e4tte ich schon nach wenigen Stunden fliesen k\u00f6nnen, wenn meine Frau das nicht \u00fcbertrieben gefunden h\u00e4tte.&nbsp;<\/p>\n<p>Zur Stromversorgung habe ich gl\u00fccklicherweise einen Hauptkasten im Waschhaus gefunden, dessen Plombe ich gut l\u00f6sen konnte und an den ich dann 100m Erdkabel 5x4mm2 anschlie\u00dfen und per Mininbagger verlegen konnte. Praktischerweise konnte ich in den gleichen Schacht die Leitung f\u00fcr die Fu\u00dfbodenheizung einbringen, die ich schleifenf\u00f6rmig in die Betonplatten eingebracht habe.&nbsp;<\/p>\n<p>Nach Aufbau und Verankerung der Zelte habe ich die Zeltw\u00e4nde wegen der kalten N\u00e4chte von innen mit Glaswolle ausgekleidet. Angenehme Nachttemperaturen lassen den permanenten Juckreiz schon nach wenigen Tagen vergessen. Leider habe ich das montieren einer Dampfbremse zeitlich nicht mehr geschafft, da das Aufrichten der Masten f\u00fcr die Flutlichtanlage doch anspruchsvoller war als urspr\u00fcnglich gedacht. Ein Autokran war zu Pfingsten nirgendwo mehr zu bekommen! Die Familie verweigerte die Hilfe, jedoch konnte ich mit einem improvisierten Seil aus Schlafs\u00e4cken und meiner Anh\u00e4ngerkupplung schlie\u00dflich gegen Mitternacht erste Erfolge vermelden.<\/p>\n<p>Leider hatte die Firma f\u00fcr den Pool Lieferschwierigkeiten, so dass das Becken wohl erst in zwei Wochen dort eintrifft und ich sowohl den Bodenaushub als auch die Chloranlage nun quasi umsonst vorbereitet habe. Zuverl\u00e4ssiger war dagegen der Brennholzlieferant, der die acht Raummeter Holz in Gitterboxen p\u00fcnktlich anlieferte.<\/p>\n<p>Damit ich nicht den ganzen Urlaub werkele, habe ich mich entschlossen, das Gewerk Blockbohlensauna komplett abzugeben. Ohnehin hatte ich genug damit zu tun, die Fahrspuren der Lastwagen und Kleinbagger wieder aufzuf\u00fcllen und f\u00fcr den Rollrasen vorzubereiten.<\/p>\n<p>Ungl\u00fccklicherweise wurden wir mittlerweile wegen der umfangreichen Bauarbeiten und des damit verbundenen L\u00e4rms und Gestanks des Platzes verwiesen und haben durch das nun auferlegte deutschlandweite Campingplatzverbot auch keine Ahnung, wo wir hin sollen.&nbsp;<\/p>\n<p>Also, wenn einer der Leser eventuell einen Unterschlupf (Gartenlaube, Holzh\u00fctte oder sowas&#8230;notfalls k\u00f6nnte ich auch ein wenig umbauen?) im Bereich Wendland f\u00fcr uns h\u00e4tte, bitte ich um kurze Nachricht!&nbsp;<\/p>\n<p>Ich geh mich jetzt nur noch kurz um die Planierraupe k\u00fcmmern, die in der Einfahrtsschranke feststeckt! Also, frohe Pfingsten!<\/p>\n<div class=\"sharedaddy sd-sharing-enabled\"><div class=\"robots-nocontent sd-block sd-social sd-social-icon-text sd-sharing\"><h3 class=\"sd-title\">Teilen mit:<\/h3><div class=\"sd-content\"><ul><li class=\"share-email\"><a rel=\"nofollow noopener noreferrer\" data-shared=\"\" class=\"share-email sd-button share-icon\" href=\"http:\/\/www.dannwollenwirmal.de\/?p=988&amp;share=email\" target=\"_blank\" title=\"Klick, um dies einem Freund per E-Mail zu senden\"><span>E-Mail<\/span><\/a><\/li><li class=\"share-print\"><a rel=\"nofollow noopener noreferrer\" data-shared=\"\" class=\"share-print sd-button share-icon\" href=\"http:\/\/www.dannwollenwirmal.de\/?p=988\" target=\"_blank\" title=\"Klicken zum Ausdrucken\"><span>Drucken<\/span><\/a><\/li><li class=\"share-facebook\"><a rel=\"nofollow noopener noreferrer\" data-shared=\"sharing-facebook-988\" class=\"share-facebook sd-button share-icon\" href=\"http:\/\/www.dannwollenwirmal.de\/?p=988&amp;share=facebook\" target=\"_blank\" title=\"Klick, um auf Facebook zu teilen\"><span>Facebook<\/span><\/a><\/li><li class=\"share-twitter\"><a rel=\"nofollow noopener noreferrer\" data-shared=\"sharing-twitter-988\" class=\"share-twitter sd-button share-icon\" href=\"http:\/\/www.dannwollenwirmal.de\/?p=988&amp;share=twitter\" target=\"_blank\" title=\"Klick, um \u00fcber Twitter zu teilen\"><span>Twitter<\/span><\/a><\/li><li class=\"share-pinterest\"><a rel=\"nofollow noopener noreferrer\" data-shared=\"sharing-pinterest-988\" class=\"share-pinterest sd-button share-icon\" href=\"http:\/\/www.dannwollenwirmal.de\/?p=988&amp;share=pinterest\" target=\"_blank\" title=\"Klick, um auf Pinterest zu teilen\"><span>Pinterest<\/span><\/a><\/li><li class=\"share-linkedin\"><a rel=\"nofollow noopener noreferrer\" data-shared=\"sharing-linkedin-988\" class=\"share-linkedin sd-button share-icon\" href=\"http:\/\/www.dannwollenwirmal.de\/?p=988&amp;share=linkedin\" target=\"_blank\" title=\"Klick, um auf LinkedIn zu teilen\"><span>LinkedIn<\/span><\/a><\/li><li class=\"share-end\"><\/li><\/ul><\/div><\/div><\/div>","protected":false},"excerpt":{"rendered":"<p>Tats\u00e4chlich hat mich die liebe Familie breitgeschlagen, das Pfingstwochenende im Zelt(!) auf einen Campingplatz im Wendland zu verbringen. Das Wendland, sonst haupts\u00e4chlich bekannt durch Castor-Transporte, ist aber auch landschaftlich durchaus reizvoll, der Campingplatz naturbelassen und gem\u00fctlich und nach einigen wenigen Modifikationen habe ich mich auch mit dem Zelten recht gut arrangieren k\u00f6nnen. Nat\u00fcrlich bin ich [&hellip;]<\/p>\n<div class=\"sharedaddy sd-sharing-enabled\"><div class=\"robots-nocontent sd-block sd-social sd-social-icon-text sd-sharing\"><h3 class=\"sd-title\">Teilen mit:<\/h3><div class=\"sd-content\"><ul><li class=\"share-email\"><a rel=\"nofollow noopener noreferrer\" data-shared=\"\" class=\"share-email sd-button share-icon\" href=\"http:\/\/www.dannwollenwirmal.de\/?p=988&amp;share=email\" target=\"_blank\" title=\"Klick, um dies einem Freund per E-Mail zu senden\"><span>E-Mail<\/span><\/a><\/li><li class=\"share-print\"><a rel=\"nofollow noopener noreferrer\" data-shared=\"\" class=\"share-print sd-button share-icon\" href=\"http:\/\/www.dannwollenwirmal.de\/?p=988\" target=\"_blank\" title=\"Klicken zum Ausdrucken\"><span>Drucken<\/span><\/a><\/li><li class=\"share-facebook\"><a rel=\"nofollow noopener noreferrer\" data-shared=\"sharing-facebook-988\" class=\"share-facebook sd-button share-icon\" href=\"http:\/\/www.dannwollenwirmal.de\/?p=988&amp;share=facebook\" target=\"_blank\" title=\"Klick, um auf Facebook zu teilen\"><span>Facebook<\/span><\/a><\/li><li class=\"share-twitter\"><a rel=\"nofollow noopener noreferrer\" data-shared=\"sharing-twitter-988\" class=\"share-twitter sd-button share-icon\" href=\"http:\/\/www.dannwollenwirmal.de\/?p=988&amp;share=twitter\" target=\"_blank\" title=\"Klick, um \u00fcber Twitter zu teilen\"><span>Twitter<\/span><\/a><\/li><li class=\"share-pinterest\"><a rel=\"nofollow noopener noreferrer\" data-shared=\"sharing-pinterest-988\" class=\"share-pinterest sd-button share-icon\" href=\"http:\/\/www.dannwollenwirmal.de\/?p=988&amp;share=pinterest\" target=\"_blank\" title=\"Klick, um auf Pinterest zu teilen\"><span>Pinterest<\/span><\/a><\/li><li class=\"share-linkedin\"><a rel=\"nofollow noopener noreferrer\" data-shared=\"sharing-linkedin-988\" class=\"share-linkedin sd-button share-icon\" href=\"http:\/\/www.dannwollenwirmal.de\/?p=988&amp;share=linkedin\" target=\"_blank\" title=\"Klick, um auf LinkedIn zu teilen\"><span>LinkedIn<\/span><\/a><\/li><li class=\"share-end\"><\/li><\/ul><\/div><\/div><\/div>","protected":false},"author":1,"featured_media":0,"comment_status":"open","ping_status":"open","sticky":false,"template":"","format":"standard","meta":{"advanced_seo_description":"","spay_email":"","jetpack_publicize_message":"","jetpack_is_tweetstorm":false,"jetpack_publicize_feature_enabled":true},"categories":[1,35,72],"tags":[245,246],"jetpack_featured_media_url":"","jetpack_publicize_connections":[],"jetpack_shortlink":"https:\/\/wp.me\/p3WtlO-fW","jetpack_sharing_enabled":true,"jetpack-related-posts":[{"id":1906,"url":"http:\/\/www.dannwollenwirmal.de\/?p=1906","url_meta":{"origin":988,"position":0},"title":"Der Pfingstklassiker","date":"4. Juni 2017","format":false,"excerpt":"Liebe Leser, wir immer zu Pfingsten sende ich herzliche Gr\u00fc\u00dfe vom Campingplatz. Es regnet Bindf\u00e4den und ich habe die R\u00fcttelplatte vergessen, sonst ist alles gut. Diese Woche war zwei Tage der dannwollenwirmal-Server aus, weil Bauschaum in den L\u00fcfter geraten war. Sorry! Viele haben sich in den Schlaf geweint, andere haben\u2026","rel":"","context":"In &quot;Allgemein&quot;","img":{"alt_text":"","src":"","width":0,"height":0},"classes":[]},{"id":459,"url":"http:\/\/www.dannwollenwirmal.de\/?p=459","url_meta":{"origin":988,"position":1},"title":"Holzterrassenprojekt 1\/2","date":"11. Mai 2014","format":false,"excerpt":"Wenn Bloggerei und Real-Life aufeinandertreffen - T\u00e4glich fragen mich Leute \"Und, was macht der Hausbau?\" - \"Na, immer noch am umbauen?\"... Leute Leute, ich bin v\u00f6llig entspannt. Das Haus ist seit zweieinhalb Jahren fertig. Alles, was ich jetzt so mache, ist optional, ein Hobby, so wie Kegeln oder Briefmarken sammeln.\u2026","rel":"","context":"In &quot;Allgemein&quot;","img":{"alt_text":"Holzterrasse","src":"https:\/\/i1.wp.com\/www.dannwollenwirmal.de\/wp-content\/uploads\/2014\/05\/ter3.jpg?resize=350%2C200","width":350,"height":200},"classes":[]},{"id":563,"url":"http:\/\/www.dannwollenwirmal.de\/?p=563","url_meta":{"origin":988,"position":2},"title":"H\u00e4tte H\u00e4tte&#8230;","date":"16. September 2014","format":false,"excerpt":"Langeweile? Der Tag geht einfach nicht rum? Schon die dritte Runde Mikado gegen sich selbst verloren? Hier eine kleine Anleitung, wie man locker vier Stunden rumkriegt: Projekt: Bau einer Holzterrasse im Rahmen meiner nebengewerblichen Handwerkert\u00e4tigkeit, Plan f\u00fcr Tag 1: Dielen \u00f6len und Punktfundamente setzen - Aufstehen, Anziehen, Fr\u00fchst\u00fccken etc. -\u2026","rel":"","context":"In &quot;Allgemein&quot;","img":{"alt_text":"","src":"https:\/\/i2.wp.com\/www.dannwollenwirmal.de\/wp-content\/uploads\/2014\/09\/4.jpg?resize=350%2C200","width":350,"height":200},"classes":[]},{"id":1061,"url":"http:\/\/www.dannwollenwirmal.de\/?p=1061","url_meta":{"origin":988,"position":3},"title":"Albtr\u00e4ume im Malergro\u00dfhandel","date":"30. August 2015","format":false,"excerpt":"Es geht gut voran im Treppenhaus! In dieser Woche war ich Maurer, Trockenbauer, Tischler und Maler (zum Maler sp\u00e4ter mehr). Das Projekt Reibeputz im Treppenhaus war tats\u00e4chlich eine Herausforderung - vor Allem angesichts der Schweinerei; die Deckenschr\u00e4gen lassen sich nur r\u00fccklings liegend auf der Leiter erreichen, dementsprechend klatscht beim Abreiben\u2026","rel":"","context":"In &quot;Allgemein&quot;","img":{"alt_text":"","src":"https:\/\/i0.wp.com\/www.dannwollenwirmal.de\/wp-content\/uploads\/2015\/08\/IMG_3639.jpg?resize=350%2C200","width":350,"height":200},"classes":[]},{"id":960,"url":"http:\/\/www.dannwollenwirmal.de\/?p=960","url_meta":{"origin":988,"position":4},"title":"Keine Zeit zum Bloggen!","date":"3. Mai 2015","format":false,"excerpt":"Ich finde es \u00e4u\u00dferst be\u00e4ngstigend, aber diese Woche hatte ich keine(!) Zeit zum Bauen, und in der Folge habe ich leider auch keine Zeit zum bloggen. Sonst h\u00e4tte ich ja zum Beispiel die Geschichte mit der Flex erz\u00e4hlen k\u00f6nnen. Naja, eigentlich habe ich sie ja auch nur erz\u00e4hlt bekommen. Aber\u2026","rel":"","context":"In &quot;Allgemein&quot;","img":{"alt_text":"","src":"https:\/\/i1.wp.com\/www.dannwollenwirmal.de\/wp-content\/uploads\/2015\/05\/IMG_3430.jpg?resize=350%2C200","width":350,"height":200},"classes":[]},{"id":736,"url":"http:\/\/www.dannwollenwirmal.de\/?p=736","url_meta":{"origin":988,"position":5},"title":"Weihnachten bei Heimwerkers","date":"24. Dezember 2014","format":false,"excerpt":"5:49 Hurra, die Kinder sind wach! Das Licht geht an und der Tag wird mit einer fr\u00f6hlichen Runde \"Fang mich doch\" \u00fcber s\u00e4mtliche Stockwerke er\u00f6ffnet. Nein, der Weihnachtsmann ist noch nicht da! 6:10 Fr\u00fchst\u00fcck. Der digital programmierbare Toaster wurde scheinbar gehackt und l\u00e4sst sich leider nicht mehr abschalten. Ein beherzter\u2026","rel":"","context":"In &quot;Allgemein&quot;","img":{"alt_text":"","src":"","width":0,"height":0},"classes":[]}],"_links":{"self":[{"href":"http:\/\/www.dannwollenwirmal.de\/index.php?rest_route=\/wp\/v2\/posts\/988"}],"collection":[{"href":"http:\/\/www.dannwollenwirmal.de\/index.php?rest_route=\/wp\/v2\/posts"}],"about":[{"href":"http:\/\/www.dannwollenwirmal.de\/index.php?rest_route=\/wp\/v2\/types\/post"}],"author":[{"embeddable":true,"href":"http:\/\/www.dannwollenwirmal.de\/index.php?rest_route=\/wp\/v2\/users\/1"}],"replies":[{"embeddable":true,"href":"http:\/\/www.dannwollenwirmal.de\/index.php?rest_route=%2Fwp%2Fv2%2Fcomments&post=988"}],"version-history":[{"count":4,"href":"http:\/\/www.dannwollenwirmal.de\/index.php?rest_route=\/wp\/v2\/posts\/988\/revisions"}],"predecessor-version":[{"id":992,"href":"http:\/\/www.dannwollenwirmal.de\/index.php?rest_route=\/wp\/v2\/posts\/988\/revisions\/992"}],"wp:attachment":[{"href":"http:\/\/www.dannwollenwirmal.de\/index.php?rest_route=%2Fwp%2Fv2%2Fmedia&parent=988"}],"wp:term":[{"taxonomy":"category","embeddable":true,"href":"http:\/\/www.dannwollenwirmal.de\/index.php?rest_route=%2Fwp%2Fv2%2Fcategories&post=988"},{"taxonomy":"post_tag","embeddable":true,"href":"http:\/\/www.dannwollenwirmal.de\/index.php?rest_route=%2Fwp%2Fv2%2Ftags&post=988"}],"curies":[{"name":"wp","href":"https:\/\/api.w.org\/{rel}","templated":true}]}}