{"id":89,"date":"2013-09-27T18:24:46","date_gmt":"2013-09-27T16:24:46","guid":{"rendered":"http:\/\/www.dannwollenwirmal.de\/?p=89"},"modified":"2016-01-15T20:17:55","modified_gmt":"2016-01-15T19:17:55","slug":"nix-geschafft","status":"publish","type":"post","link":"http:\/\/www.dannwollenwirmal.de\/?p=89","title":{"rendered":"nix geschafft!"},"content":{"rendered":"<p>Also doch, eigentlich schon was geschafft. Immerhin zwei Sparrenfelder mit DWD-Platten und angeschlossenem Traufblech ausgestattet in etwa vier Stunden. Aber aller Anfang ist schwer und ich denke, wenn sich erst einmal ein gewisser &#8222;Workflow&#8220; eingependelt hat, wird es bei den n\u00e4chsten Feldern auch deutlich schneller gehen.<\/p>\n<p><a href=\"https:\/\/i2.wp.com\/www.dannwollenwirmal.de\/wp-content\/uploads\/2013\/09\/es1.jpg\"><img data-attachment-id=\"87\" data-permalink=\"http:\/\/www.dannwollenwirmal.de\/?attachment_id=87#main\" data-orig-file=\"https:\/\/i2.wp.com\/www.dannwollenwirmal.de\/wp-content\/uploads\/2013\/09\/es1.jpg?fit=652%2C489\" data-orig-size=\"652,489\" data-comments-opened=\"1\" data-image-meta=\"{&quot;aperture&quot;:&quot;0&quot;,&quot;credit&quot;:&quot;&quot;,&quot;camera&quot;:&quot;&quot;,&quot;caption&quot;:&quot;&quot;,&quot;created_timestamp&quot;:&quot;0&quot;,&quot;copyright&quot;:&quot;&quot;,&quot;focal_length&quot;:&quot;0&quot;,&quot;iso&quot;:&quot;0&quot;,&quot;shutter_speed&quot;:&quot;0&quot;,&quot;title&quot;:&quot;&quot;}\" data-image-title=\"es1\" data-image-description=\"&lt;p&gt;Montage Unterdeckung mit Holzfaser-D\u00e4mmplatten\/DWD-Platten&lt;\/p&gt;\n\" data-image-caption=\"&lt;p&gt;Montage Unterdeckung mit Holzfaser-D\u00e4mmplatten&lt;\/p&gt;\n\" data-medium-file=\"https:\/\/i2.wp.com\/www.dannwollenwirmal.de\/wp-content\/uploads\/2013\/09\/es1.jpg?fit=300%2C225\" data-large-file=\"https:\/\/i2.wp.com\/www.dannwollenwirmal.de\/wp-content\/uploads\/2013\/09\/es1.jpg?fit=652%2C489\" loading=\"lazy\" class=\"alignnone size-full wp-image-87\" alt=\"es1\" src=\"https:\/\/i2.wp.com\/www.dannwollenwirmal.de\/wp-content\/uploads\/2013\/09\/es1.jpg?resize=652%2C489\" width=\"652\" height=\"489\" srcset=\"https:\/\/i2.wp.com\/www.dannwollenwirmal.de\/wp-content\/uploads\/2013\/09\/es1.jpg?w=652 652w, https:\/\/i2.wp.com\/www.dannwollenwirmal.de\/wp-content\/uploads\/2013\/09\/es1.jpg?resize=300%2C225 300w\" sizes=\"(max-width: 652px) 100vw, 652px\" data-recalc-dims=\"1\" \/><\/a><br \/>\n<em>Lattung und erste Platte angebracht<br \/>\n<\/em><\/p>\n<p>Heute war es jedenfalls ein ziemliches Gefummel. Bei den Traufblechen habe ich die R\u00e4nder etwas hochgekantet, damit eventuelles Wasser auch wirklich in Richtung Dachrinne l\u00e4uft und nicht irgendwo danebenpl\u00f6rrt. Dann muss das Traufblech vorgebohrt und schlie\u00dflich unter die Dachziegel geschoben werden.\u00a0 Seitlich an die Sparren wurden dann die 3&#215;2,5-Latten geschraubt, auf diese die DWD-Platten.\u00a0 Schlie\u00dflich gibt es noch einen Anschluss an die Folie vom Spitzboden mit Dampfsperren-Anschlussklebeband.<\/p>\n<p>Das ist tats\u00e4chlich eine recht weiche Platte die so gar nichts mit Spanplattenkonsistenz zu tun hat. Schneiden kann man sie flott mit der Stichs\u00e4ge, aber zum, Anschrauben des Traufbleches waren schon einige Schrauben 4&#215;20 n\u00f6tig. Eine Schraubenst\u00e4rke unter 4mm h\u00e4lt kaum in der weichen Platte.<\/p>\n<p>Nun hat mein Dach einen Knick (daf\u00fcr gibt es bestimmt auch einen Fachbegriff, wer wei\u00df ihn?) etwa 60 cm oberhalb der Traufe, so dass an dieser Stelle die Platten angesetzt werden m\u00fcssen. Ich habe mich daf\u00fcr entschieden, sie etwas \u00fcberlappen zu lassen, so dass Wasser nicht in eine offene Plattenkante flie\u00dfen kann:<\/p>\n<p><a href=\"https:\/\/i2.wp.com\/www.dannwollenwirmal.de\/wp-content\/uploads\/2013\/09\/es2.jpg\"><img data-attachment-id=\"88\" data-permalink=\"http:\/\/www.dannwollenwirmal.de\/?attachment_id=88#main\" data-orig-file=\"https:\/\/i2.wp.com\/www.dannwollenwirmal.de\/wp-content\/uploads\/2013\/09\/es2.jpg?fit=652%2C489\" data-orig-size=\"652,489\" data-comments-opened=\"1\" data-image-meta=\"{&quot;aperture&quot;:&quot;0&quot;,&quot;credit&quot;:&quot;&quot;,&quot;camera&quot;:&quot;&quot;,&quot;caption&quot;:&quot;&quot;,&quot;created_timestamp&quot;:&quot;0&quot;,&quot;copyright&quot;:&quot;&quot;,&quot;focal_length&quot;:&quot;0&quot;,&quot;iso&quot;:&quot;0&quot;,&quot;shutter_speed&quot;:&quot;0&quot;,&quot;title&quot;:&quot;&quot;}\" data-image-title=\"es2\" data-image-description=\"&lt;p&gt;Holzfaser-D\u00e4mmplatten DWD im Dachknick&lt;\/p&gt;\n\" data-image-caption=\"&lt;p&gt;Holzfaser-D\u00e4mmplatten im Dachknick&lt;\/p&gt;\n\" data-medium-file=\"https:\/\/i2.wp.com\/www.dannwollenwirmal.de\/wp-content\/uploads\/2013\/09\/es2.jpg?fit=300%2C225\" data-large-file=\"https:\/\/i2.wp.com\/www.dannwollenwirmal.de\/wp-content\/uploads\/2013\/09\/es2.jpg?fit=652%2C489\" loading=\"lazy\" class=\"alignnone size-full wp-image-88\" alt=\"es2\" src=\"https:\/\/i2.wp.com\/www.dannwollenwirmal.de\/wp-content\/uploads\/2013\/09\/es2.jpg?resize=652%2C489\" width=\"652\" height=\"489\" srcset=\"https:\/\/i2.wp.com\/www.dannwollenwirmal.de\/wp-content\/uploads\/2013\/09\/es2.jpg?w=652 652w, https:\/\/i2.wp.com\/www.dannwollenwirmal.de\/wp-content\/uploads\/2013\/09\/es2.jpg?resize=300%2C225 300w\" sizes=\"(max-width: 652px) 100vw, 652px\" data-recalc-dims=\"1\" \/><\/a><br \/>\n<em>Untere Verbindung mit Nut+Feder, oben &#8222;\u00dcberlappung&#8220; am Dachknick<\/em><\/p>\n<p>Das zweite Feld ging schon flotter als das erste. Wichtiger als Geschwindigkeit ist hier aber die Sorgfalt, denn undichte Stellen k\u00f6nnten sp\u00e4ter mal \u00e4u\u00dferst unangenehm werden. Dennoch: Der Winter steht vor der T\u00fcr&#8230;. \ud83d\ude42<\/p>\n<p>&nbsp;<\/p>\n<div class=\"sharedaddy sd-sharing-enabled\"><div class=\"robots-nocontent sd-block sd-social sd-social-icon-text sd-sharing\"><h3 class=\"sd-title\">Teilen mit:<\/h3><div class=\"sd-content\"><ul><li class=\"share-email\"><a rel=\"nofollow noopener noreferrer\" data-shared=\"\" class=\"share-email sd-button share-icon\" href=\"http:\/\/www.dannwollenwirmal.de\/?p=89&amp;share=email\" target=\"_blank\" title=\"Klick, um dies einem Freund per E-Mail zu senden\"><span>E-Mail<\/span><\/a><\/li><li class=\"share-print\"><a rel=\"nofollow noopener noreferrer\" data-shared=\"\" class=\"share-print sd-button share-icon\" href=\"http:\/\/www.dannwollenwirmal.de\/?p=89\" target=\"_blank\" title=\"Klicken zum Ausdrucken\"><span>Drucken<\/span><\/a><\/li><li class=\"share-facebook\"><a rel=\"nofollow noopener noreferrer\" data-shared=\"sharing-facebook-89\" class=\"share-facebook sd-button share-icon\" href=\"http:\/\/www.dannwollenwirmal.de\/?p=89&amp;share=facebook\" target=\"_blank\" title=\"Klick, um auf Facebook zu teilen\"><span>Facebook<\/span><\/a><\/li><li class=\"share-twitter\"><a rel=\"nofollow noopener noreferrer\" data-shared=\"sharing-twitter-89\" class=\"share-twitter sd-button share-icon\" href=\"http:\/\/www.dannwollenwirmal.de\/?p=89&amp;share=twitter\" target=\"_blank\" title=\"Klick, um \u00fcber Twitter zu teilen\"><span>Twitter<\/span><\/a><\/li><li class=\"share-pinterest\"><a rel=\"nofollow noopener noreferrer\" data-shared=\"sharing-pinterest-89\" class=\"share-pinterest sd-button share-icon\" href=\"http:\/\/www.dannwollenwirmal.de\/?p=89&amp;share=pinterest\" target=\"_blank\" title=\"Klick, um auf Pinterest zu teilen\"><span>Pinterest<\/span><\/a><\/li><li class=\"share-linkedin\"><a rel=\"nofollow noopener noreferrer\" data-shared=\"sharing-linkedin-89\" class=\"share-linkedin sd-button share-icon\" href=\"http:\/\/www.dannwollenwirmal.de\/?p=89&amp;share=linkedin\" target=\"_blank\" title=\"Klick, um auf LinkedIn zu teilen\"><span>LinkedIn<\/span><\/a><\/li><li class=\"share-end\"><\/li><\/ul><\/div><\/div><\/div>","protected":false},"excerpt":{"rendered":"<p>Also doch, eigentlich schon was geschafft. Immerhin zwei Sparrenfelder mit DWD-Platten und angeschlossenem Traufblech ausgestattet in etwa vier Stunden. Aber aller Anfang ist schwer und ich denke, wenn sich erst einmal ein gewisser &#8222;Workflow&#8220; eingependelt hat, wird es bei den n\u00e4chsten Feldern auch deutlich schneller gehen. Lattung und erste Platte angebracht Heute war es jedenfalls [&hellip;]<\/p>\n<div class=\"sharedaddy sd-sharing-enabled\"><div class=\"robots-nocontent sd-block sd-social sd-social-icon-text sd-sharing\"><h3 class=\"sd-title\">Teilen mit:<\/h3><div class=\"sd-content\"><ul><li class=\"share-email\"><a rel=\"nofollow noopener noreferrer\" data-shared=\"\" class=\"share-email sd-button share-icon\" href=\"http:\/\/www.dannwollenwirmal.de\/?p=89&amp;share=email\" target=\"_blank\" title=\"Klick, um dies einem Freund per E-Mail zu senden\"><span>E-Mail<\/span><\/a><\/li><li class=\"share-print\"><a rel=\"nofollow noopener noreferrer\" data-shared=\"\" class=\"share-print sd-button share-icon\" href=\"http:\/\/www.dannwollenwirmal.de\/?p=89\" target=\"_blank\" title=\"Klicken zum Ausdrucken\"><span>Drucken<\/span><\/a><\/li><li class=\"share-facebook\"><a rel=\"nofollow noopener noreferrer\" data-shared=\"sharing-facebook-89\" class=\"share-facebook sd-button share-icon\" href=\"http:\/\/www.dannwollenwirmal.de\/?p=89&amp;share=facebook\" target=\"_blank\" title=\"Klick, um auf Facebook zu teilen\"><span>Facebook<\/span><\/a><\/li><li class=\"share-twitter\"><a rel=\"nofollow noopener noreferrer\" data-shared=\"sharing-twitter-89\" class=\"share-twitter sd-button share-icon\" href=\"http:\/\/www.dannwollenwirmal.de\/?p=89&amp;share=twitter\" target=\"_blank\" title=\"Klick, um \u00fcber Twitter zu teilen\"><span>Twitter<\/span><\/a><\/li><li class=\"share-pinterest\"><a rel=\"nofollow noopener noreferrer\" data-shared=\"sharing-pinterest-89\" class=\"share-pinterest sd-button share-icon\" href=\"http:\/\/www.dannwollenwirmal.de\/?p=89&amp;share=pinterest\" target=\"_blank\" title=\"Klick, um auf Pinterest zu teilen\"><span>Pinterest<\/span><\/a><\/li><li class=\"share-linkedin\"><a rel=\"nofollow noopener noreferrer\" data-shared=\"sharing-linkedin-89\" class=\"share-linkedin sd-button share-icon\" href=\"http:\/\/www.dannwollenwirmal.de\/?p=89&amp;share=linkedin\" target=\"_blank\" title=\"Klick, um auf LinkedIn zu teilen\"><span>LinkedIn<\/span><\/a><\/li><li class=\"share-end\"><\/li><\/ul><\/div><\/div><\/div>","protected":false},"author":1,"featured_media":0,"comment_status":"open","ping_status":"open","sticky":false,"template":"","format":"standard","meta":{"advanced_seo_description":"","spay_email":"","jetpack_publicize_message":"","jetpack_is_tweetstorm":false,"jetpack_publicize_feature_enabled":true},"categories":[3,21,334],"tags":[10,25],"jetpack_featured_media_url":"","jetpack_publicize_connections":[],"jetpack_shortlink":"https:\/\/wp.me\/p3WtlO-1r","jetpack_sharing_enabled":true,"jetpack-related-posts":[{"id":36,"url":"http:\/\/www.dannwollenwirmal.de\/?p=36","url_meta":{"origin":89,"position":0},"title":"Immer mit der Ruhe","date":"18. September 2013","format":false,"excerpt":"Beruhigt Euch, Leute! Ich renne nicht ins Verderben. Heute vier (!) Anrufe von besorgten Leuten, ob ich mir das wirklich gut \u00fcberlegt h\u00e4tte und die Isolation einfach so \"unters Dach proppen\" m\u00f6chte. Nein, nein! Ich habe mich mit dem Thema \u00e4u\u00dfest lange besch\u00e4ftigt und nun eine f\u00fcr mich gute L\u00f6sung\u2026","rel":"","context":"In &quot;Allgemeines&quot;","img":{"alt_text":"Sch\u00fcrhaken-Werkzeug","src":"https:\/\/i1.wp.com\/www.dannwollenwirmal.de\/wp-content\/uploads\/2013\/09\/img_2203.jpg?resize=350%2C200","width":350,"height":200},"classes":[]},{"id":113,"url":"http:\/\/www.dannwollenwirmal.de\/?p=113","url_meta":{"origin":89,"position":1},"title":"Das teuerste Klebeband der Welt","date":"4. Oktober 2013","format":false,"excerpt":"Ich wollte ja noch etwas berichten von Anschl\u00fcssen an nervige St\u00f6renfriede wie Dachfenster, Rohre, Schr\u00e4gen...nun also erstmal das Dachfenster. Neben dem neu eingebauten gibt es bereits drei weitere Dachfenster (sowie ein Fenster in einem Erker, das wird bestimmt auch nochmal Fummelei...), die nun auch in meine Unterdeckung eingebunden werden m\u00fcssen.\u2026","rel":"","context":"In &quot;Allgemein&quot;","img":{"alt_text":"Tescon No 1 Klebeband","src":"https:\/\/i1.wp.com\/www.dannwollenwirmal.de\/wp-content\/uploads\/2013\/10\/rinne2.jpg?resize=350%2C200","width":350,"height":200},"classes":[]},{"id":813,"url":"http:\/\/www.dannwollenwirmal.de\/?p=813","url_meta":{"origin":89,"position":2},"title":"Schluss, Aus, Ende!","date":"25. Januar 2015","format":false,"excerpt":"Wie sch\u00f6n, wie sch\u00f6n, es ist vollbracht-und ich ziehe einen dicken Schlu\u00dfstrich unter das Kapitel \u201eDachboden-Ausbau\u201c! Wenn ich vorher geahnt h\u00e4tte, wie viel Arbeit das Ganze wird, h\u00e4tte ich es mir sicher dreimal \u00fcberlegt. Es ist ja einiges abgearbeitet worden, um aus einem Dachboden mit \u201enackten Pfannen\u201c einen isolierten Wohnraum\u2026","rel":"","context":"In &quot;Allgemein&quot;","img":{"alt_text":"","src":"https:\/\/i1.wp.com\/www.dannwollenwirmal.de\/wp-content\/uploads\/2015\/01\/IMG_3159.jpg?resize=350%2C200","width":350,"height":200},"classes":[]},{"id":120,"url":"http:\/\/www.dannwollenwirmal.de\/?p=120","url_meta":{"origin":89,"position":3},"title":"Traufenkasten-Kasten","date":"9. Oktober 2013","format":false,"excerpt":"In den letzten Tagen war ich wenig zuhause und konnte daher auch wenig Produktives dort leisten. Heute habe ich dann das erste Dach-Viertel fertig verholzt (also der Norden ist dicht! Da kann mir keiner mehr was!) und k\u00fcmmerte mich um die kleinen Ecken. Man ist ja geneigt, in den Winkeln\u2026","rel":"","context":"In &quot;Allgemein&quot;","img":{"alt_text":"","src":"https:\/\/i0.wp.com\/www.dannwollenwirmal.de\/wp-content\/uploads\/2013\/10\/kas2.jpeg?resize=350%2C200","width":350,"height":200},"classes":[]},{"id":179,"url":"http:\/\/www.dannwollenwirmal.de\/?p=179","url_meta":{"origin":89,"position":4},"title":"Tu Schaum hinein, wird auch zu Stein","date":"13. November 2013","format":false,"excerpt":"Materialien wie Bauschaum, Silikon, Hei\u00dfkleber, Draht und Knetgummi umweht seit jeher der Nebel des Pfuschs. Pampe irgendwo reinschmieren ist nach wie vor popul\u00e4r bei Heimwerkern und gestandenen Handwerkern. Aber alle diese Dinge haben auch ihre Berechtigung. Nehmen wir den Bauschaum, korrekterweise \"Montageschaum\". Der ist gedacht zur punktuellen(!) Anwendung bei der\u2026","rel":"","context":"In &quot;Allgemein&quot;","img":{"alt_text":"","src":"https:\/\/i1.wp.com\/www.dannwollenwirmal.de\/wp-content\/uploads\/2013\/11\/iso.jpg?resize=350%2C200","width":350,"height":200},"classes":[]},{"id":515,"url":"http:\/\/www.dannwollenwirmal.de\/?p=515","url_meta":{"origin":89,"position":5},"title":"H\u00e4kchen dran!","date":"1. August 2014","format":false,"excerpt":"Ich habe tats\u00e4chlich mal ein paar Minuten Zeit zu bloggen, wenn mich auch der Hauptberuf im Moment 24\/7 einnimmt (andererseits hat Spiegel online gerade ein Feature \"Geld verdienen mit Blogs\", wer wei\u00df...? :) ). Das Ger\u00fcst ist schon wieder weg, aber es war \u00e4u\u00dferst n\u00fctzlich und der Traufenkasten erstrahlt auf\u2026","rel":"","context":"In &quot;Allgemein&quot;","img":{"alt_text":"","src":"https:\/\/i1.wp.com\/www.dannwollenwirmal.de\/wp-content\/uploads\/2014\/08\/4.jpg?resize=350%2C200","width":350,"height":200},"classes":[]}],"_links":{"self":[{"href":"http:\/\/www.dannwollenwirmal.de\/index.php?rest_route=\/wp\/v2\/posts\/89"}],"collection":[{"href":"http:\/\/www.dannwollenwirmal.de\/index.php?rest_route=\/wp\/v2\/posts"}],"about":[{"href":"http:\/\/www.dannwollenwirmal.de\/index.php?rest_route=\/wp\/v2\/types\/post"}],"author":[{"embeddable":true,"href":"http:\/\/www.dannwollenwirmal.de\/index.php?rest_route=\/wp\/v2\/users\/1"}],"replies":[{"embeddable":true,"href":"http:\/\/www.dannwollenwirmal.de\/index.php?rest_route=%2Fwp%2Fv2%2Fcomments&post=89"}],"version-history":[{"count":2,"href":"http:\/\/www.dannwollenwirmal.de\/index.php?rest_route=\/wp\/v2\/posts\/89\/revisions"}],"predecessor-version":[{"id":112,"href":"http:\/\/www.dannwollenwirmal.de\/index.php?rest_route=\/wp\/v2\/posts\/89\/revisions\/112"}],"wp:attachment":[{"href":"http:\/\/www.dannwollenwirmal.de\/index.php?rest_route=%2Fwp%2Fv2%2Fmedia&parent=89"}],"wp:term":[{"taxonomy":"category","embeddable":true,"href":"http:\/\/www.dannwollenwirmal.de\/index.php?rest_route=%2Fwp%2Fv2%2Fcategories&post=89"},{"taxonomy":"post_tag","embeddable":true,"href":"http:\/\/www.dannwollenwirmal.de\/index.php?rest_route=%2Fwp%2Fv2%2Ftags&post=89"}],"curies":[{"name":"wp","href":"https:\/\/api.w.org\/{rel}","templated":true}]}}