{"id":885,"date":"2015-03-08T08:00:27","date_gmt":"2015-03-08T07:00:27","guid":{"rendered":"http:\/\/www.dannwollenwirmal.de\/?p=885"},"modified":"2016-01-15T20:04:10","modified_gmt":"2016-01-15T19:04:10","slug":"nasszellentrockenbau","status":"publish","type":"post","link":"http:\/\/www.dannwollenwirmal.de\/?p=885","title":{"rendered":"Nasszellentrockenbau"},"content":{"rendered":"<p>Heiter geht es weiter im Badezimmer der Tr\u00e4ume. Nachdem beim letzten mal die W\u00e4nde und Fliesen entfernt und die Au\u00dfenw\u00e4nde verputzt wurden, geht es nun an den Trockenbau. Es sollte eine neue Trennwand mit T\u00fcr\u00f6ffnung installiert werden, au\u00dferdem hat man sich entschlossen, die Decke abzuh\u00e4ngen.<\/p>\n<p>Die Decke h\u00e4tte ich ehrlicherweise nicht abgeh\u00e4ngt, denn die Deckenh\u00f6he in diesem Teil des Hauses betr\u00e4gt ohnehin nur 2,12m. Die niedrigste Abh\u00e4ngung mit Profilen sind 5cm (und viel weniger macht auch hinsichtlich Decken-Einbauspots keinen Sinn), plus Gipskarton ist man dann bei 6,25cm und es bleibt noch eine Raumh\u00f6he von, \u00e4hh, also sehr wenig. Duschen ist dann schonmal nix f\u00fcr gro\u00dfe Leute.<\/p>\n<p>Aber es ist ein h\u00e4ufig zu beobachtendes Ph\u00e4nomen, wenn mehrere Handwerker an einem Objekt zugange sind: Wer am lautesten schreit, hat Recht und \u00fcberzeugt meistens den Bauherren. In diesem Fall war es der Elektriker. Er hat nicht nur zur Bad-Deckenabh\u00e4ngung wegen der Einbauspots und leichterer Kabelverlegung geraten; tats\u00e4chlich wurden im Haus drei weitere Zimmerdecken mit Paneele abgeh\u00e4ngt, weil der Elektriker neue, dreipolige Lampenanschl\u00fcsse verlegen musste. Und bevor man da den Schlitz wieder zuschmiert, kann man doch besser die ganze Decke vert\u00e4feln? Ich sage nichts dazu und denke mir meinen Teil.<\/p>\n<p>Das Abh\u00e4ngen der besagten drei Decken mit Gipskarton habe ich auch angeboten, aber tats\u00e4chlich hat man eine Baumarkt-Paneele gefunden, die billiger ist als mein Rigips-Einkaufspreis. Was stimmt in dieser Welt nicht?<\/p>\n<p>Doch ich schweife ab. Zuerst habe ich also die Trennwand gebaut. Ich habe 100er UW-Profile benutzt, mit schalld\u00e4mmendem Dichtband beklebt und mit Nageld\u00fcbeln (da gibt&#8217;s extra welche f\u00fcr Profile mit einem breiteren Kragen!) an Wand und Decke befestigt und dabei die T\u00fcr\u00f6ffnung freigelassen. Wichtig ist nat\u00fcrlich auch der rechte Winkel zur Bestandswand, da w\u00e4re jetzt dieser Stabila-Laser sensationell gewesen, aber Onkel Pythagoras hat&#8217;s auch wieder gut hinbekommen.<\/p>\n<p><a href=\"https:\/\/i2.wp.com\/www.dannwollenwirmal.de\/wp-content\/uploads\/2015\/03\/IMG_3298.jpg\"><img data-attachment-id=\"892\" data-permalink=\"http:\/\/www.dannwollenwirmal.de\/?attachment_id=892#main\" data-orig-file=\"https:\/\/i2.wp.com\/www.dannwollenwirmal.de\/wp-content\/uploads\/2015\/03\/IMG_3298.jpg?fit=652%2C652\" data-orig-size=\"652,652\" data-comments-opened=\"1\" data-image-meta=\"{&quot;aperture&quot;:&quot;2.2&quot;,&quot;credit&quot;:&quot;&quot;,&quot;camera&quot;:&quot;iPhone 6&quot;,&quot;caption&quot;:&quot;&quot;,&quot;created_timestamp&quot;:&quot;1423844520&quot;,&quot;copyright&quot;:&quot;&quot;,&quot;focal_length&quot;:&quot;4.15&quot;,&quot;iso&quot;:&quot;80&quot;,&quot;shutter_speed&quot;:&quot;0.03030303030303&quot;,&quot;title&quot;:&quot;&quot;,&quot;orientation&quot;:&quot;1&quot;}\" data-image-title=\"IMG_3298\" data-image-description=\"&lt;p&gt;Trockenbau T\u00fcrsturz&lt;\/p&gt;\n\" data-image-caption=\"\" data-medium-file=\"https:\/\/i2.wp.com\/www.dannwollenwirmal.de\/wp-content\/uploads\/2015\/03\/IMG_3298.jpg?fit=300%2C300\" data-large-file=\"https:\/\/i2.wp.com\/www.dannwollenwirmal.de\/wp-content\/uploads\/2015\/03\/IMG_3298.jpg?fit=652%2C652\" loading=\"lazy\" class=\"alignnone size-full wp-image-892\" src=\"https:\/\/i2.wp.com\/www.dannwollenwirmal.de\/wp-content\/uploads\/2015\/03\/IMG_3298.jpg?resize=652%2C652\" alt=\"IMG_3298\" width=\"652\" height=\"652\" srcset=\"https:\/\/i2.wp.com\/www.dannwollenwirmal.de\/wp-content\/uploads\/2015\/03\/IMG_3298.jpg?w=652 652w, https:\/\/i2.wp.com\/www.dannwollenwirmal.de\/wp-content\/uploads\/2015\/03\/IMG_3298.jpg?resize=150%2C150 150w, https:\/\/i2.wp.com\/www.dannwollenwirmal.de\/wp-content\/uploads\/2015\/03\/IMG_3298.jpg?resize=300%2C300 300w\" sizes=\"(max-width: 652px) 100vw, 652px\" data-recalc-dims=\"1\" \/><\/a><br \/>\n<em>T\u00fcr mit Sturz<\/em><\/p>\n<p>Alle 30 cm ungef\u00e4hr wurde nun ein CW-Profil eingestellt und befestigt. F\u00fcr die T\u00fcr habe ich dieses mal tats\u00e4chlich richtige UA-Profile genommen. Sie haben eine St\u00e4rke von 2mm (also die musste ich dann schon mit der Flex schneiden) und sorgen f\u00fcr ordentlich Stabilit\u00e4t, zumal ja auch eine Wand gefliest wird, und da nichts runterkommen soll, wenn mal einer die T\u00fcr knallt. Zur Befestigung gibt es von Rigips Befestigungswinkel speziell f\u00fcr UAs, da muss man nicht basteln.<\/p>\n<p><a href=\"https:\/\/i1.wp.com\/www.dannwollenwirmal.de\/wp-content\/uploads\/2015\/03\/IMG_3297.jpg\"><img data-attachment-id=\"891\" data-permalink=\"http:\/\/www.dannwollenwirmal.de\/?attachment_id=891#main\" data-orig-file=\"https:\/\/i1.wp.com\/www.dannwollenwirmal.de\/wp-content\/uploads\/2015\/03\/IMG_3297.jpg?fit=652%2C652\" data-orig-size=\"652,652\" data-comments-opened=\"1\" data-image-meta=\"{&quot;aperture&quot;:&quot;2.2&quot;,&quot;credit&quot;:&quot;&quot;,&quot;camera&quot;:&quot;iPhone 6&quot;,&quot;caption&quot;:&quot;&quot;,&quot;created_timestamp&quot;:&quot;1423844513&quot;,&quot;copyright&quot;:&quot;&quot;,&quot;focal_length&quot;:&quot;4.15&quot;,&quot;iso&quot;:&quot;200&quot;,&quot;shutter_speed&quot;:&quot;0.03030303030303&quot;,&quot;title&quot;:&quot;&quot;,&quot;orientation&quot;:&quot;1&quot;}\" data-image-title=\"IMG_3297\" data-image-description=\"&lt;p&gt;Befestigungswinkel UA-Profil&lt;\/p&gt;\n\" data-image-caption=\"\" data-medium-file=\"https:\/\/i1.wp.com\/www.dannwollenwirmal.de\/wp-content\/uploads\/2015\/03\/IMG_3297.jpg?fit=300%2C300\" data-large-file=\"https:\/\/i1.wp.com\/www.dannwollenwirmal.de\/wp-content\/uploads\/2015\/03\/IMG_3297.jpg?fit=652%2C652\" loading=\"lazy\" class=\"alignnone size-full wp-image-891\" src=\"https:\/\/i1.wp.com\/www.dannwollenwirmal.de\/wp-content\/uploads\/2015\/03\/IMG_3297.jpg?resize=652%2C652\" alt=\"IMG_3297\" width=\"652\" height=\"652\" srcset=\"https:\/\/i1.wp.com\/www.dannwollenwirmal.de\/wp-content\/uploads\/2015\/03\/IMG_3297.jpg?w=652 652w, https:\/\/i1.wp.com\/www.dannwollenwirmal.de\/wp-content\/uploads\/2015\/03\/IMG_3297.jpg?resize=150%2C150 150w, https:\/\/i1.wp.com\/www.dannwollenwirmal.de\/wp-content\/uploads\/2015\/03\/IMG_3297.jpg?resize=300%2C300 300w\" sizes=\"(max-width: 652px) 100vw, 652px\" data-recalc-dims=\"1\" \/><\/a><br \/>\n<em>Befestigungswinkel UA-Profil<\/em><\/p>\n<p>Bevor ich die Beplankung gemacht habe, wurde dann erstmal die Decke abgeh\u00e4ngt. UW-50-Profile mit D\u00e4mmstreifen wurden umlaufend direkt unter der Decke befestigt. Leider stellte sich sp\u00e4ter heraus, dass die Decke leicht schr\u00e4g l\u00e4uft (och n\u00f6), andererseits h\u00e4tte ich beim H\u00f6henausgleich ja noch mehr Deckenh\u00f6he verloren (Prima Argument). Beim sp\u00e4teren Fliesen muss man allerdings schon ein wenig tricksen, um eine schiefe Decke zu kaschieren. Okay, die Decke war auch die letzten 60 Jahre schief und es hat keinen gest\u00f6rt, aber nun habe ich mir gemerkt, dass man auch Bestandsdecken einmal messen sollte und so zumindest die M\u00f6glichkeit eines Ausgleichs in Betracht ziehen kann.<\/p>\n<p><a href=\"https:\/\/i2.wp.com\/www.dannwollenwirmal.de\/wp-content\/uploads\/2015\/03\/IMG_3301.jpg\"><img data-attachment-id=\"889\" data-permalink=\"http:\/\/www.dannwollenwirmal.de\/?attachment_id=889#main\" data-orig-file=\"https:\/\/i2.wp.com\/www.dannwollenwirmal.de\/wp-content\/uploads\/2015\/03\/IMG_3301.jpg?fit=652%2C652\" data-orig-size=\"652,652\" data-comments-opened=\"1\" data-image-meta=\"{&quot;aperture&quot;:&quot;2.2&quot;,&quot;credit&quot;:&quot;&quot;,&quot;camera&quot;:&quot;iPhone 6&quot;,&quot;caption&quot;:&quot;&quot;,&quot;created_timestamp&quot;:&quot;1423844541&quot;,&quot;copyright&quot;:&quot;&quot;,&quot;focal_length&quot;:&quot;4.15&quot;,&quot;iso&quot;:&quot;320&quot;,&quot;shutter_speed&quot;:&quot;0.03030303030303&quot;,&quot;title&quot;:&quot;&quot;,&quot;orientation&quot;:&quot;1&quot;}\" data-image-title=\"IMG_3301\" data-image-description=\"&lt;p&gt;CD-Profile Decke&lt;\/p&gt;\n\" data-image-caption=\"\" data-medium-file=\"https:\/\/i2.wp.com\/www.dannwollenwirmal.de\/wp-content\/uploads\/2015\/03\/IMG_3301.jpg?fit=300%2C300\" data-large-file=\"https:\/\/i2.wp.com\/www.dannwollenwirmal.de\/wp-content\/uploads\/2015\/03\/IMG_3301.jpg?fit=652%2C652\" loading=\"lazy\" class=\"alignnone size-full wp-image-889\" src=\"https:\/\/i2.wp.com\/www.dannwollenwirmal.de\/wp-content\/uploads\/2015\/03\/IMG_3301.jpg?resize=652%2C652\" alt=\"IMG_3301\" width=\"652\" height=\"652\" srcset=\"https:\/\/i2.wp.com\/www.dannwollenwirmal.de\/wp-content\/uploads\/2015\/03\/IMG_3301.jpg?w=652 652w, https:\/\/i2.wp.com\/www.dannwollenwirmal.de\/wp-content\/uploads\/2015\/03\/IMG_3301.jpg?resize=150%2C150 150w, https:\/\/i2.wp.com\/www.dannwollenwirmal.de\/wp-content\/uploads\/2015\/03\/IMG_3301.jpg?resize=300%2C300 300w\" sizes=\"(max-width: 652px) 100vw, 652px\" data-recalc-dims=\"1\" \/><\/a><br \/>\n<em>Befestigung der CD-Profile im UW-Profil<br \/>\n<\/em><\/p>\n<p>In die UW50 wurden nun CD-Profile eingelegt, die zwischen den UWs mit Direktabh\u00e4ngern befestigt wurden, um ein Durchh\u00e4ngen zu vermeiden. Direktabh\u00e4nger k\u00f6nnen wirklich alles, auch die ein oder andere Bastelstelle l\u00e4sst sich damit bewerkstelligen. Die Ausrichtung der einzelnen CD-Profile erfolgt dann mit dem Richtscheit (auch da w\u00e4re ja der Laser wieder&#8230;) und die Befestigung mit den guten W\u00fcrth-St\u00e4nderverbindungsschrauben.<\/p>\n<p><a href=\"https:\/\/i2.wp.com\/www.dannwollenwirmal.de\/wp-content\/uploads\/2015\/03\/IMG_3300.jpg\"><img data-attachment-id=\"890\" data-permalink=\"http:\/\/www.dannwollenwirmal.de\/?attachment_id=890#main\" data-orig-file=\"https:\/\/i2.wp.com\/www.dannwollenwirmal.de\/wp-content\/uploads\/2015\/03\/IMG_3300.jpg?fit=652%2C652\" data-orig-size=\"652,652\" data-comments-opened=\"1\" data-image-meta=\"{&quot;aperture&quot;:&quot;2.2&quot;,&quot;credit&quot;:&quot;&quot;,&quot;camera&quot;:&quot;iPhone 6&quot;,&quot;caption&quot;:&quot;&quot;,&quot;created_timestamp&quot;:&quot;1423844528&quot;,&quot;copyright&quot;:&quot;&quot;,&quot;focal_length&quot;:&quot;4.15&quot;,&quot;iso&quot;:&quot;125&quot;,&quot;shutter_speed&quot;:&quot;0.03030303030303&quot;,&quot;title&quot;:&quot;&quot;,&quot;orientation&quot;:&quot;1&quot;}\" data-image-title=\"IMG_3300\" data-image-description=\"&lt;p&gt;CD-Profile Direktabh\u00e4nger&lt;\/p&gt;\n\" data-image-caption=\"\" data-medium-file=\"https:\/\/i2.wp.com\/www.dannwollenwirmal.de\/wp-content\/uploads\/2015\/03\/IMG_3300.jpg?fit=300%2C300\" data-large-file=\"https:\/\/i2.wp.com\/www.dannwollenwirmal.de\/wp-content\/uploads\/2015\/03\/IMG_3300.jpg?fit=652%2C652\" loading=\"lazy\" class=\"alignnone size-full wp-image-890\" src=\"https:\/\/i2.wp.com\/www.dannwollenwirmal.de\/wp-content\/uploads\/2015\/03\/IMG_3300.jpg?resize=652%2C652\" alt=\"IMG_3300\" width=\"652\" height=\"652\" srcset=\"https:\/\/i2.wp.com\/www.dannwollenwirmal.de\/wp-content\/uploads\/2015\/03\/IMG_3300.jpg?w=652 652w, https:\/\/i2.wp.com\/www.dannwollenwirmal.de\/wp-content\/uploads\/2015\/03\/IMG_3300.jpg?resize=150%2C150 150w, https:\/\/i2.wp.com\/www.dannwollenwirmal.de\/wp-content\/uploads\/2015\/03\/IMG_3300.jpg?resize=300%2C300 300w\" sizes=\"(max-width: 652px) 100vw, 652px\" data-recalc-dims=\"1\" \/><\/a><br \/>\n<em>Direktabh\u00e4nger zur zus\u00e4tzlichren Befestigung<\/em><\/p>\n<p>Die Beplankung erfolgte mit Rigips-Gr\u00fcn f\u00fcr Feuchtr\u00e4ume einfach (Au\u00dfenseite) und Doppelt (Innen\/Fliesenseite). Wenn gefliest wird, sollte man immer doppelt beplanken. Wobei ich das bei meinem eigenen Bad damals nicht wusste, und das h\u00e4lt auch immer noch. (Moment, was war das wieder f\u00fcr ein Ger\u00e4usch?)<\/p>\n<p>F\u00fcr die Beplankung von Decken habe ich mir jetzt dieses sch\u00f6ne Ding gebastelt:<\/p>\n<p><a href=\"https:\/\/i1.wp.com\/www.dannwollenwirmal.de\/wp-content\/uploads\/2015\/03\/IMG_3293.jpg\"><img data-attachment-id=\"895\" data-permalink=\"http:\/\/www.dannwollenwirmal.de\/?attachment_id=895#main\" data-orig-file=\"https:\/\/i1.wp.com\/www.dannwollenwirmal.de\/wp-content\/uploads\/2015\/03\/IMG_3293.jpg?fit=652%2C652\" data-orig-size=\"652,652\" data-comments-opened=\"1\" data-image-meta=\"{&quot;aperture&quot;:&quot;2.2&quot;,&quot;credit&quot;:&quot;&quot;,&quot;camera&quot;:&quot;iPhone 6&quot;,&quot;caption&quot;:&quot;&quot;,&quot;created_timestamp&quot;:&quot;1423758883&quot;,&quot;copyright&quot;:&quot;&quot;,&quot;focal_length&quot;:&quot;4.15&quot;,&quot;iso&quot;:&quot;200&quot;,&quot;shutter_speed&quot;:&quot;0.03030303030303&quot;,&quot;title&quot;:&quot;&quot;,&quot;orientation&quot;:&quot;1&quot;}\" data-image-title=\"IMG_3293\" data-image-description=\"&lt;p&gt;Plattenhalter Selbstbau&lt;\/p&gt;\n\" data-image-caption=\"\" data-medium-file=\"https:\/\/i1.wp.com\/www.dannwollenwirmal.de\/wp-content\/uploads\/2015\/03\/IMG_3293.jpg?fit=300%2C300\" data-large-file=\"https:\/\/i1.wp.com\/www.dannwollenwirmal.de\/wp-content\/uploads\/2015\/03\/IMG_3293.jpg?fit=652%2C652\" loading=\"lazy\" class=\"alignnone size-full wp-image-895\" src=\"https:\/\/i1.wp.com\/www.dannwollenwirmal.de\/wp-content\/uploads\/2015\/03\/IMG_3293.jpg?resize=652%2C652\" alt=\"IMG_3293\" width=\"652\" height=\"652\" srcset=\"https:\/\/i1.wp.com\/www.dannwollenwirmal.de\/wp-content\/uploads\/2015\/03\/IMG_3293.jpg?w=652 652w, https:\/\/i1.wp.com\/www.dannwollenwirmal.de\/wp-content\/uploads\/2015\/03\/IMG_3293.jpg?resize=150%2C150 150w, https:\/\/i1.wp.com\/www.dannwollenwirmal.de\/wp-content\/uploads\/2015\/03\/IMG_3293.jpg?resize=300%2C300 300w\" sizes=\"(max-width: 652px) 100vw, 652px\" data-recalc-dims=\"1\" \/><\/a><br \/>\n<em>Selbstbau-Plattenhalter<\/em><\/p>\n<p>Ein Kurbelstativ aus meinem Hauptberuf und eine schicke Halterung f\u00fcr die Platten. Man kann die Platte bis kurz unter die Decke kurbeln und dann millimetergenau ausrichten. Das geht tats\u00e4chlich ganz fabelhaft (auch f\u00fcr Profile!), finde ich sogar fast besser als den klassischen Plattenheber. Nur die Rollfunktion fehlt.<\/p>\n<p><a href=\"https:\/\/i0.wp.com\/www.dannwollenwirmal.de\/wp-content\/uploads\/2015\/03\/IMG_3294.jpg\"><img data-attachment-id=\"893\" data-permalink=\"http:\/\/www.dannwollenwirmal.de\/?attachment_id=893#main\" data-orig-file=\"https:\/\/i0.wp.com\/www.dannwollenwirmal.de\/wp-content\/uploads\/2015\/03\/IMG_3294.jpg?fit=652%2C652\" data-orig-size=\"652,652\" data-comments-opened=\"1\" data-image-meta=\"{&quot;aperture&quot;:&quot;2.2&quot;,&quot;credit&quot;:&quot;&quot;,&quot;camera&quot;:&quot;iPhone 6&quot;,&quot;caption&quot;:&quot;&quot;,&quot;created_timestamp&quot;:&quot;1423762973&quot;,&quot;copyright&quot;:&quot;&quot;,&quot;focal_length&quot;:&quot;4.15&quot;,&quot;iso&quot;:&quot;400&quot;,&quot;shutter_speed&quot;:&quot;0.066666666666667&quot;,&quot;title&quot;:&quot;&quot;,&quot;orientation&quot;:&quot;1&quot;}\" data-image-title=\"IMG_3294\" data-image-description=\"&lt;p&gt;Vorwandelement&lt;\/p&gt;\n\" data-image-caption=\"\" data-medium-file=\"https:\/\/i0.wp.com\/www.dannwollenwirmal.de\/wp-content\/uploads\/2015\/03\/IMG_3294.jpg?fit=300%2C300\" data-large-file=\"https:\/\/i0.wp.com\/www.dannwollenwirmal.de\/wp-content\/uploads\/2015\/03\/IMG_3294.jpg?fit=652%2C652\" loading=\"lazy\" class=\"alignnone size-full wp-image-893\" src=\"https:\/\/i0.wp.com\/www.dannwollenwirmal.de\/wp-content\/uploads\/2015\/03\/IMG_3294.jpg?resize=652%2C652\" alt=\"IMG_3294\" width=\"652\" height=\"652\" srcset=\"https:\/\/i0.wp.com\/www.dannwollenwirmal.de\/wp-content\/uploads\/2015\/03\/IMG_3294.jpg?w=652 652w, https:\/\/i0.wp.com\/www.dannwollenwirmal.de\/wp-content\/uploads\/2015\/03\/IMG_3294.jpg?resize=150%2C150 150w, https:\/\/i0.wp.com\/www.dannwollenwirmal.de\/wp-content\/uploads\/2015\/03\/IMG_3294.jpg?resize=300%2C300 300w\" sizes=\"(max-width: 652px) 100vw, 652px\" data-recalc-dims=\"1\" \/><\/a><br \/>\n<em>Vorwandelement<\/em><\/p>\n<p>\u00c4rgern tu ich mich immer \u00fcber das Verkleiden der Vorwandelemente. Immerhin habe ich mittlerweile die richtigen Schrauben gefunden, um die Platten direkt am Element zu befestigen (Trockenbauschrauben mir Bohrkopf), aber sobald das Element mit Profilen erweitert werden soll (wie hier bis zur Wand verbreitert), ist das mehr Gebastel als Routine. Aber auch das Ding habe ich dicht gekriegt. Wichtig ist hier im Bereich des H\u00e4nge-WCs, dass die Platten tats\u00e4chlich direkt auf das Gestell geschraubt werden, und dass doppelt beplankt wird. Denn wenn man sich richtig aufs \u00d6rtchen schwingt, sollen ja die Fliesen darunter nicht knacken!<\/p>\n<p><a href=\"https:\/\/i1.wp.com\/www.dannwollenwirmal.de\/wp-content\/uploads\/2015\/03\/IMG_3296.jpg\"><img data-attachment-id=\"894\" data-permalink=\"http:\/\/www.dannwollenwirmal.de\/?attachment_id=894#main\" data-orig-file=\"https:\/\/i1.wp.com\/www.dannwollenwirmal.de\/wp-content\/uploads\/2015\/03\/IMG_3296.jpg?fit=652%2C652\" data-orig-size=\"652,652\" data-comments-opened=\"1\" data-image-meta=\"{&quot;aperture&quot;:&quot;2.2&quot;,&quot;credit&quot;:&quot;&quot;,&quot;camera&quot;:&quot;iPhone 6&quot;,&quot;caption&quot;:&quot;&quot;,&quot;created_timestamp&quot;:&quot;1423844495&quot;,&quot;copyright&quot;:&quot;&quot;,&quot;focal_length&quot;:&quot;4.15&quot;,&quot;iso&quot;:&quot;160&quot;,&quot;shutter_speed&quot;:&quot;0.033333333333333&quot;,&quot;title&quot;:&quot;&quot;,&quot;orientation&quot;:&quot;1&quot;}\" data-image-title=\"IMG_3296\" data-image-description=\"&lt;p&gt;Vorwandelement Profile&lt;\/p&gt;\n\" data-image-caption=\"\" data-medium-file=\"https:\/\/i1.wp.com\/www.dannwollenwirmal.de\/wp-content\/uploads\/2015\/03\/IMG_3296.jpg?fit=300%2C300\" data-large-file=\"https:\/\/i1.wp.com\/www.dannwollenwirmal.de\/wp-content\/uploads\/2015\/03\/IMG_3296.jpg?fit=652%2C652\" loading=\"lazy\" class=\"alignnone size-full wp-image-894\" src=\"https:\/\/i1.wp.com\/www.dannwollenwirmal.de\/wp-content\/uploads\/2015\/03\/IMG_3296.jpg?resize=652%2C652\" alt=\"IMG_3296\" width=\"652\" height=\"652\" srcset=\"https:\/\/i1.wp.com\/www.dannwollenwirmal.de\/wp-content\/uploads\/2015\/03\/IMG_3296.jpg?w=652 652w, https:\/\/i1.wp.com\/www.dannwollenwirmal.de\/wp-content\/uploads\/2015\/03\/IMG_3296.jpg?resize=150%2C150 150w, https:\/\/i1.wp.com\/www.dannwollenwirmal.de\/wp-content\/uploads\/2015\/03\/IMG_3296.jpg?resize=300%2C300 300w\" sizes=\"(max-width: 652px) 100vw, 652px\" data-recalc-dims=\"1\" \/><\/a><br \/>\n<em>&#8230;und hier erweitert<\/em><\/p>\n<p>Gespachtelt wurde nach der <a href=\"http:\/\/www.dannwollenwirmal.de\/?p=641\"><strong>Ohlemeyerschen Spachtelschule<\/strong><\/a>, und schlie\u00dflich wurden alle Wandfl\u00e4chen noch grundiert (Tiefgrund dranpinseln), erstens damit die Tiefgrundfirma was verkaufen kann, und zweitens, damit das Saugverhalten der W\u00e4nde reguliert wird. Auch die neu verputzten W\u00e4nde habe ich grundiert. Wenn die Grundierung weggelassen wird, kann die Wand wie ein Schwamm das Wasser aus dem Fliesenkleber (oder Tapetenkleister oder was auch immer) saugen und das ganze Schlamassel f\u00e4llt im ung\u00fcnstigsten Fall wieder von der Wand ab.<\/p>\n<p>Am Schluss habe ich die Decke noch kosmetisch behandelt, sprich Reibeputz aufgebracht. Wegen der niedrigen H\u00f6he dieses mal nur mit 1mm K\u00f6rnung (alles andere wirkt wie eine Raspel f\u00fcr die Kopfhaut) und zum ersten mal Sackware; bisher hatte ich immer die Fertigmischung aus dem Eimer. Aber tats\u00e4chlich geht Sackware genau so gut und kostet weniger. Den Reibeputz habe ich nachher stellenweise wieder durch den Fliesenkleber der oberen Reihe versaut, also da kann man tats\u00e4chlich mal die Reihenfolge \u00fcberdenken und die Decke nach den Wand- und vor den Bodenfliesen machen. Oder, wie in diesem Fall, den Maler einfach nochmal die Decke \u00fcberstreichen lassen, wenn er sowieso gerade in der N\u00e4he zugange ist.<\/p>\n<p>N\u00e4chste Woche folgt der letzte (oder vorletzte?) Teil der Badgeschichte, und da geht es um Fliesen. Was habe ich neulich im Obi-Prospekt gesehen? Selbstklebendes Fliesen-Mosaik. Selbst-klebendes-Fliesen-Mosaik! HALLO!<\/p>\n<p>Wann gibt es eigentlich selbstklebende Fenster und Haust\u00fcren? Oder den neuen T\u00fcrsturz f\u00fcr Wand-Durchbr\u00fcche mit einfachem Clip-Verschluss? Au\u00dfenputz-Elemente mit Klettverschluss? Fliesen zum an-die-Wand-nageln? Oh, du sch\u00f6ne Baumarktwelt.<\/p>\n<p>Ach, \u00fcbrigens war ich heute tats\u00e4chlich im Baumarkt (heimlich! Es ging nicht anders!) und habe <em>ALLE, wirklich ALLE<\/em> Charaktere aus meiner <a href=\"http:\/\/www.dannwollenwirmal.de\/?p=860\"><strong>K\u00e4uferanalyse<\/strong> <\/a>wiederentdeckt. Plus noch ein paar Neue.<\/p>\n<div class=\"sharedaddy sd-sharing-enabled\"><div class=\"robots-nocontent sd-block sd-social sd-social-icon-text sd-sharing\"><h3 class=\"sd-title\">Teilen mit:<\/h3><div class=\"sd-content\"><ul><li class=\"share-email\"><a rel=\"nofollow noopener noreferrer\" data-shared=\"\" class=\"share-email sd-button share-icon\" href=\"http:\/\/www.dannwollenwirmal.de\/?p=885&amp;share=email\" target=\"_blank\" title=\"Klick, um dies einem Freund per E-Mail zu senden\"><span>E-Mail<\/span><\/a><\/li><li class=\"share-print\"><a rel=\"nofollow noopener noreferrer\" data-shared=\"\" class=\"share-print sd-button share-icon\" href=\"http:\/\/www.dannwollenwirmal.de\/?p=885\" target=\"_blank\" title=\"Klicken zum Ausdrucken\"><span>Drucken<\/span><\/a><\/li><li class=\"share-facebook\"><a rel=\"nofollow noopener noreferrer\" data-shared=\"sharing-facebook-885\" class=\"share-facebook sd-button share-icon\" href=\"http:\/\/www.dannwollenwirmal.de\/?p=885&amp;share=facebook\" target=\"_blank\" title=\"Klick, um auf Facebook zu teilen\"><span>Facebook<\/span><\/a><\/li><li class=\"share-twitter\"><a rel=\"nofollow noopener noreferrer\" data-shared=\"sharing-twitter-885\" class=\"share-twitter sd-button share-icon\" href=\"http:\/\/www.dannwollenwirmal.de\/?p=885&amp;share=twitter\" target=\"_blank\" title=\"Klick, um \u00fcber Twitter zu teilen\"><span>Twitter<\/span><\/a><\/li><li class=\"share-pinterest\"><a rel=\"nofollow noopener noreferrer\" data-shared=\"sharing-pinterest-885\" class=\"share-pinterest sd-button share-icon\" href=\"http:\/\/www.dannwollenwirmal.de\/?p=885&amp;share=pinterest\" target=\"_blank\" title=\"Klick, um auf Pinterest zu teilen\"><span>Pinterest<\/span><\/a><\/li><li class=\"share-linkedin\"><a rel=\"nofollow noopener noreferrer\" data-shared=\"sharing-linkedin-885\" class=\"share-linkedin sd-button share-icon\" href=\"http:\/\/www.dannwollenwirmal.de\/?p=885&amp;share=linkedin\" target=\"_blank\" title=\"Klick, um auf LinkedIn zu teilen\"><span>LinkedIn<\/span><\/a><\/li><li class=\"share-end\"><\/li><\/ul><\/div><\/div><\/div>","protected":false},"excerpt":{"rendered":"<p>Heiter geht es weiter im Badezimmer der Tr\u00e4ume. Nachdem beim letzten mal die W\u00e4nde und Fliesen entfernt und die Au\u00dfenw\u00e4nde verputzt wurden, geht es nun an den Trockenbau. Es sollte eine neue Trennwand mit T\u00fcr\u00f6ffnung installiert werden, au\u00dferdem hat man sich entschlossen, die Decke abzuh\u00e4ngen. Die Decke h\u00e4tte ich ehrlicherweise nicht abgeh\u00e4ngt, denn die Deckenh\u00f6he [&hellip;]<\/p>\n<div class=\"sharedaddy sd-sharing-enabled\"><div class=\"robots-nocontent sd-block sd-social sd-social-icon-text sd-sharing\"><h3 class=\"sd-title\">Teilen mit:<\/h3><div class=\"sd-content\"><ul><li class=\"share-email\"><a rel=\"nofollow noopener noreferrer\" data-shared=\"\" class=\"share-email sd-button share-icon\" href=\"http:\/\/www.dannwollenwirmal.de\/?p=885&amp;share=email\" target=\"_blank\" title=\"Klick, um dies einem Freund per E-Mail zu senden\"><span>E-Mail<\/span><\/a><\/li><li class=\"share-print\"><a rel=\"nofollow noopener noreferrer\" data-shared=\"\" class=\"share-print sd-button share-icon\" href=\"http:\/\/www.dannwollenwirmal.de\/?p=885\" target=\"_blank\" title=\"Klicken zum Ausdrucken\"><span>Drucken<\/span><\/a><\/li><li class=\"share-facebook\"><a rel=\"nofollow noopener noreferrer\" data-shared=\"sharing-facebook-885\" class=\"share-facebook sd-button share-icon\" href=\"http:\/\/www.dannwollenwirmal.de\/?p=885&amp;share=facebook\" target=\"_blank\" title=\"Klick, um auf Facebook zu teilen\"><span>Facebook<\/span><\/a><\/li><li class=\"share-twitter\"><a rel=\"nofollow noopener noreferrer\" data-shared=\"sharing-twitter-885\" class=\"share-twitter sd-button share-icon\" href=\"http:\/\/www.dannwollenwirmal.de\/?p=885&amp;share=twitter\" target=\"_blank\" title=\"Klick, um \u00fcber Twitter zu teilen\"><span>Twitter<\/span><\/a><\/li><li class=\"share-pinterest\"><a rel=\"nofollow noopener noreferrer\" data-shared=\"sharing-pinterest-885\" class=\"share-pinterest sd-button share-icon\" href=\"http:\/\/www.dannwollenwirmal.de\/?p=885&amp;share=pinterest\" target=\"_blank\" title=\"Klick, um auf Pinterest zu teilen\"><span>Pinterest<\/span><\/a><\/li><li class=\"share-linkedin\"><a rel=\"nofollow noopener noreferrer\" data-shared=\"sharing-linkedin-885\" class=\"share-linkedin sd-button share-icon\" href=\"http:\/\/www.dannwollenwirmal.de\/?p=885&amp;share=linkedin\" target=\"_blank\" title=\"Klick, um auf LinkedIn zu teilen\"><span>LinkedIn<\/span><\/a><\/li><li class=\"share-end\"><\/li><\/ul><\/div><\/div><\/div>","protected":false},"author":1,"featured_media":0,"comment_status":"open","ping_status":"open","sticky":false,"template":"","format":"standard","meta":{"advanced_seo_description":"","spay_email":"","jetpack_publicize_message":"","jetpack_is_tweetstorm":false,"jetpack_publicize_feature_enabled":true},"categories":[1,321,62],"tags":[112,217,218,219],"jetpack_featured_media_url":"","jetpack_publicize_connections":[],"jetpack_shortlink":"https:\/\/wp.me\/p3WtlO-eh","jetpack_sharing_enabled":true,"jetpack-related-posts":[{"id":218,"url":"http:\/\/www.dannwollenwirmal.de\/?p=218","url_meta":{"origin":885,"position":0},"title":"Badrenovierung, Teil 1","date":"26. November 2013","format":false,"excerpt":"Wie versprochen starte ich heute mit meinem Ausflug in die B\u00e4derwelt. Die Arbeiten liegen nun schon zwei Jahre zur\u00fcck und meine Erinnerungen sind etwas l\u00fcckenhaft, aber ich glaube anhand der Fotos kriege ich es noch zusammen. Damit alle wissen, worum es geht, hier erstmal der klassische vorher-nachher-Vergleich: vorher... nachher. Vergr\u00f6\u00dferung\u2026","rel":"","context":"In &quot;Allgemein&quot;","img":{"alt_text":"","src":"https:\/\/i0.wp.com\/www.dannwollenwirmal.de\/wp-content\/uploads\/2013\/11\/trockenb.jpg?resize=350%2C200","width":350,"height":200},"classes":[]},{"id":416,"url":"http:\/\/www.dannwollenwirmal.de\/?p=416","url_meta":{"origin":885,"position":1},"title":"Wie es wirklich war","date":"8. April 2014","format":false,"excerpt":"Also, die dramatische Geschichte vom letzten Mal ging wie folgt zuende: Auf der Suche nach dem Lampenanschluss unter der abgeh\u00e4ngten Decke wurden auf der gesamten Decke 30 cm breite Schlitze gefr\u00e4st, und zwar zwei Schlitze pro Meter, und zwar in beide Richtungen. Die so schachbrettartig umgestaltete Decke wurde daraufhin nach\u2026","rel":"","context":"In &quot;Allgemein&quot;","img":{"alt_text":"Trockenbau Balken","src":"https:\/\/i2.wp.com\/www.dannwollenwirmal.de\/wp-content\/uploads\/2014\/04\/balken2.jpeg?resize=350%2C200","width":350,"height":200},"classes":[]},{"id":376,"url":"http:\/\/www.dannwollenwirmal.de\/?p=376","url_meta":{"origin":885,"position":2},"title":"Die Wand","date":"8. M\u00e4rz 2014","format":false,"excerpt":"Da sich sicherlich viele fragen wie die Geschichte vom letzten mal ausgegangen ist: nach wenigen Minuten erhielt ich einen R\u00fcckruf, und am n\u00e4chsten morgen war ein Leymann-Mitarbeiter bei mir, der mir half, die falschen Profile runter- und die neuen hochzutragen. Das nenne ich Service! Man stelle sich das Ganze an\u2026","rel":"","context":"In &quot;Allgemein&quot;","img":{"alt_text":"T\u00fcrsturz Trockenbau","src":"https:\/\/i2.wp.com\/www.dannwollenwirmal.de\/wp-content\/uploads\/2014\/03\/wand4.jpg?resize=350%2C200","width":350,"height":200},"classes":[]},{"id":2164,"url":"http:\/\/www.dannwollenwirmal.de\/?p=2164","url_meta":{"origin":885,"position":3},"title":"Wellnesstips","date":"28. Januar 2018","format":false,"excerpt":"Neulich stie\u00df ich auf Facebook \u00fcber einen Artikel der Sauna- und Wellnesswelt Goldenstedt. Da ich meine Lehrzeit in Vechta (Goldenstedt geh\u00f6rt zum Landkreis Vechta) verbracht und viele sch\u00f6ne Erinnerungen an die Metropole der Schweine- und Gefl\u00fcgelzucht habe, musste ich nat\u00fcrlich genauer hinschauen. Die Firmenseiten sind so oder so einen Blick\u2026","rel":"","context":"In &quot;Allgemein&quot;","img":{"alt_text":"","src":"https:\/\/i1.wp.com\/www.dannwollenwirmal.de\/wp-content\/uploads\/2018\/01\/26733990_2070914339805454_5566268982771610125_n.jpg?resize=350%2C200","width":350,"height":200},"classes":[]},{"id":1803,"url":"http:\/\/www.dannwollenwirmal.de\/?p=1803","url_meta":{"origin":885,"position":4},"title":"Wand- und Bodenturnen","date":"19. Februar 2017","format":false,"excerpt":"Munter geht es weiter auf dem Gro\u00dfprojekt \"Umbau einer Lagerhalle\". Diese Woche standen als Bauabschnitte unter anderem die Einhausung des Gasanschlusses an. Aus dem Boden neben der zuk\u00fcnftigen Werkstatt-Ecke kommt n\u00e4mlich ein grotesk gro\u00dfes Gasrohr aus dem Boden, das in allerlei Schiebern, R\u00e4dern und Gasz\u00e4hlern endet. Der Gedanke, dass jemand\u2026","rel":"","context":"In &quot;Allgemein&quot;","img":{"alt_text":"","src":"https:\/\/i0.wp.com\/www.dannwollenwirmal.de\/wp-content\/uploads\/2017\/02\/IMG_5140.jpg?resize=350%2C200","width":350,"height":200},"classes":[]},{"id":2056,"url":"http:\/\/www.dannwollenwirmal.de\/?p=2056","url_meta":{"origin":885,"position":5},"title":"Gute Vors\u00e4tze","date":"22. Oktober 2017","format":false,"excerpt":"Allm\u00e4hlich beginnt der Herbst und ich habe wieder mehr Zeit f\u00fcr bauliche Projekte. Nicht am eigenen Haus (obwohl ich da sicherlich auch das ein oder andere auf dem Zettel h\u00e4tte), eher f\u00fcr Freunde und Bekannte, denn die stehen Schlange und es gibt schon eine regelrechte Warteliste. Denn auch wenn es\u2026","rel":"","context":"In &quot;Allgemein&quot;","img":{"alt_text":"Trennwand Trockenbau","src":"https:\/\/i0.wp.com\/www.dannwollenwirmal.de\/wp-content\/uploads\/2014\/03\/wand2.jpg?resize=350%2C200","width":350,"height":200},"classes":[]}],"_links":{"self":[{"href":"http:\/\/www.dannwollenwirmal.de\/index.php?rest_route=\/wp\/v2\/posts\/885"}],"collection":[{"href":"http:\/\/www.dannwollenwirmal.de\/index.php?rest_route=\/wp\/v2\/posts"}],"about":[{"href":"http:\/\/www.dannwollenwirmal.de\/index.php?rest_route=\/wp\/v2\/types\/post"}],"author":[{"embeddable":true,"href":"http:\/\/www.dannwollenwirmal.de\/index.php?rest_route=\/wp\/v2\/users\/1"}],"replies":[{"embeddable":true,"href":"http:\/\/www.dannwollenwirmal.de\/index.php?rest_route=%2Fwp%2Fv2%2Fcomments&post=885"}],"version-history":[{"count":4,"href":"http:\/\/www.dannwollenwirmal.de\/index.php?rest_route=\/wp\/v2\/posts\/885\/revisions"}],"predecessor-version":[{"id":896,"href":"http:\/\/www.dannwollenwirmal.de\/index.php?rest_route=\/wp\/v2\/posts\/885\/revisions\/896"}],"wp:attachment":[{"href":"http:\/\/www.dannwollenwirmal.de\/index.php?rest_route=%2Fwp%2Fv2%2Fmedia&parent=885"}],"wp:term":[{"taxonomy":"category","embeddable":true,"href":"http:\/\/www.dannwollenwirmal.de\/index.php?rest_route=%2Fwp%2Fv2%2Fcategories&post=885"},{"taxonomy":"post_tag","embeddable":true,"href":"http:\/\/www.dannwollenwirmal.de\/index.php?rest_route=%2Fwp%2Fv2%2Ftags&post=885"}],"curies":[{"name":"wp","href":"https:\/\/api.w.org\/{rel}","templated":true}]}}