{"id":860,"date":"2015-02-22T09:28:08","date_gmt":"2015-02-22T07:28:08","guid":{"rendered":"http:\/\/www.dannwollenwirmal.de\/?p=860"},"modified":"2015-02-22T09:28:08","modified_gmt":"2015-02-22T07:28:08","slug":"baumarkt-kunden","status":"publish","type":"post","link":"http:\/\/www.dannwollenwirmal.de\/?p=860","title":{"rendered":"Baumarkt-Kunden"},"content":{"rendered":"<p><span style=\"text-decoration: underline;\"><strong>Der Rentner<\/strong><\/span><br \/>\n<strong>Typ:<\/strong> Anfang\/Mitte 70, Brille, klein und etwas rundlich<br \/>\n<strong>Kleidung:<\/strong> Beige Hose, Karo-Hemd, Schieberm\u00fctze<br \/>\n<strong>Auto:<\/strong> Opel Kadett mit Wackeldackel und umh\u00e4kelter Klorolle auf der Hutablage<br \/>\n<strong>Nimmt mit in den Markt:<\/strong> Eine uralte, mehrpolige Wandsteckdose<br \/>\n<strong>Anlass des Besuches:<\/strong> Opa f\u00e4hrt gerne mit einem Muster-Artikel in den Baumarkt. Dieses ist im Idealfall ein etwa 50-60 Jahre altes, verrostetes Teil, das h\u00f6chstwahrscheinlich nicht mehr hergestellt wird. Beispiele sind eine vierpolige Waschmaschinen-Anschlussdose, ein Heizungsschiebehahn in Doppelzoll oder eine Schraube mit Schlitz-Linsenkopf. Er sucht dann in der Abteilung einen Berater, der nat\u00fcrlich v\u00f6llig anhnungslos ist, aber angesichts des hohen Alters des Musterst\u00fccks die Backen aufbl\u00e4st und verzweifelt den Kopf sch\u00fcttelt.<br \/>\n<strong>Kauft:<\/strong> F\u00fcnf Liter Scheibenklar<\/p>\n<p><span style=\"text-decoration: underline;\"><strong>Der Fatzke<\/strong><\/span><br \/>\n<strong>Typ:<\/strong> Mitte 40, gro\u00df, schlank<br \/>\n<strong>Kleidung:<\/strong> Lackschuhe, Sakko, Rollkragenpullover, Schal von Gucchi<br \/>\n<strong>Auto:<\/strong> Porsche Cayenne<br \/>\n<strong>Nimmt mit in den Markt:<\/strong> iPad<br \/>\n<strong>Anlass des Besuches:<\/strong> Er muss ein Regal anbringen. Einerseits, weil die Frau dr\u00e4ngelt, andererseits, um die eigene M\u00e4nnlichkeit unter Beweis zu stellen. Steht verwirrt in der Schraubenabteilung und sucht die passenden Beschl\u00e4ge und D\u00fcbel. Habe ich eigentlich eine Bohrmaschine?<br \/>\n<strong>Kauft:<\/strong> Bohrmaschine der Hausmarke, 6er Hohlwandd\u00fcbel, Schlo\u00dfschrauben M12x180, Set &#8222;Kleben statt Bohren&#8220;<\/p>\n<p><span style=\"text-decoration: underline;\"><strong>Die Hausfrau<\/strong><\/span><br \/>\n<strong>Typ:<\/strong> Ende 40, blondierte Dauerwelle<br \/>\n<strong>Kleidung:<\/strong> Schuhe mit Absatz, Karrottenjeans, Bluse<br \/>\n<strong>Auto:<\/strong> Fiat Punto<br \/>\n<strong>Nimmt mit in den Markt:<\/strong> alte Gl\u00fchbirne<br \/>\n<strong>Anlass des Besuches:<\/strong> M\u00f6chte genau die gleiche Gl\u00fchbirne (nicht Leuchtmittel, Gl\u00fchBIRNE) in neu haben und sucht daher einen &#8222;Fachberater&#8220;. Ja, die k\u00f6nnen wir bestellen. Dauert 3 Wochen, wenn wir&#8217;s nicht vergessen.<br \/>\n<strong>Kauft:<\/strong> Zwei Orchideen, ein Wandtattoo, neue Vorh\u00e4nge, ein Bastelbuch, Holzperlen<\/p>\n<p><span style=\"text-decoration: underline;\"><strong>Das Gelegenheits-Handwerker-Duo<\/strong><\/span><br \/>\n<strong>Typ:<\/strong> Zwei Herren um die 40, klein, dick, quirlig<br \/>\n<strong>Kleidung 1:<\/strong> blauer Wollpullover, pottendreckige Latzhose, Sandalen<br \/>\n<strong>Kleidung 2:<\/strong> grauer Wollpullover, Cordhose mit Maurerdekollet\u00e9, Clogs<br \/>\n<strong>Auto:<\/strong> Kastenwagen<br \/>\n<strong>Nehmen mit in den Markt:<\/strong> Zettel, Zollstock, Prospekt, Platten-Einkaufswagen<br \/>\n<strong>Anlass des Besuches:<\/strong> Der Erweb s\u00e4mtlicher Baumaterialien, deren Zusammenstellung sp\u00e4testens auf den zweiten Blick h\u00f6chst zweifelhaft erscheint. Dabei gestikulieren Sie und unterhalten sich lautstark, gerne mit italienischem Akzent. Sind grunds\u00e4tzlich auf der Suche nach billigster Paneele oder einfachstem <del>Kack<\/del> Klick-Laminat<br \/>\n<strong>Kaufen:<\/strong> Dachlatten, Pressspan-Paneele, Rigips, Glaswolle, Silikon, Abflussrohr-Adapterst\u00fccke, Bauschaum<\/p>\n<p><span style=\"text-decoration: underline;\"><strong>Das P\u00e4rchen<\/strong><\/span><br \/>\n<strong>Typ:<\/strong> Er und Sie, um die 20, erste gemeinsame Wohnung<br \/>\n<strong>Kleidung Er:<\/strong> Nickelbrille, grauer Mantel, Jeans, braune Halbschuhe<br \/>\n<strong>Kleidung Sie:<\/strong> Daunenjacke<br \/>\n<strong>Auto:<\/strong> von Papa<br \/>\n<strong>Nehmen mit in den Markt:<\/strong> ganz viel Liebe<br \/>\n<strong>Anlass des Besuches:<\/strong> Das P\u00e4rchen geht h\u00e4ndchenhaltend von Abteilung zu Abteilung, kichert, sch\u00e4kert und k\u00fcsst sich immer wieder. Allerdings kommen irgendwann die ersten Diskussionen. So will er eine Spannungs\u00fcberwachungssteckdosenleiste f\u00fcr den PC, sie den rosa Badteppich. Sie ist zickig, er bem\u00fcht verst\u00e4ndnisvoll und dackelt hinterher.<br \/>\n<strong>Kaufen:<\/strong> Farbe und den falschen Pinsel, keine Steckdosenleiste und keinen Badteppich.<\/p>\n<p><span style=\"text-decoration: underline;\"><strong>Der Heimwerkerblogger<\/strong><\/span><br \/>\n<strong>Typ:<\/strong> Mitte 30, gef\u00fchlt Mitte 40, Ausdruck der Verzweiflung im Gesicht<br \/>\n<strong>Kleidung:<\/strong> Dreckig<br \/>\n<strong>Auto:<\/strong> H\u00e4nger<br \/>\n<strong>Nimmt mit in den Markt:<\/strong> Qualit\u00e4tszweifel<br \/>\n<strong>Anlass des Besuches:<\/strong> Wenn nicht Schreibinspiration, dann der Erwerb von etwas, was es wirklich nur im Baumarkt gibt. Die Betrachtung der anderen, oben klassifzierten Besucher, treiben ihm die Tr\u00e4nen in die Augen, \u00e4hnlich wie gewisse Angebote, die ihm f\u00f6rmlich entgegenschreien: &#8222;Kauf mich! Ich bin zum Pfuschen da! Schmier mich in die Ritze! Verkleide mit mir die doofe Stelle! Es wird schon die n\u00e4chsten Jahre halten! Das sieht doch nachher keiner mehr! In ein paar Wochen hat sich das weggeguckt! Guckt doch keiner hinter! Und wenn erstmal Farbe drauf ist!&#8220;<br \/>\n<strong>Kauft:<\/strong> Einen Nervenzusammenbruch, zwei Schreianf\u00e4lle, Stoff f\u00fcr vier bis f\u00fcnf neue Artikel, eine Bratwurst beim Imbisswagen auf dem Parkplatz.<\/p>\n<p>Mahlzeit.<\/p>\n<div class=\"sharedaddy sd-sharing-enabled\"><div class=\"robots-nocontent sd-block sd-social sd-social-icon-text sd-sharing\"><h3 class=\"sd-title\">Teilen mit:<\/h3><div class=\"sd-content\"><ul><li class=\"share-email\"><a rel=\"nofollow noopener noreferrer\" data-shared=\"\" class=\"share-email sd-button share-icon\" href=\"http:\/\/www.dannwollenwirmal.de\/?p=860&amp;share=email\" target=\"_blank\" title=\"Klick, um dies einem Freund per E-Mail zu senden\"><span>E-Mail<\/span><\/a><\/li><li class=\"share-print\"><a rel=\"nofollow noopener noreferrer\" data-shared=\"\" class=\"share-print sd-button share-icon\" href=\"http:\/\/www.dannwollenwirmal.de\/?p=860\" target=\"_blank\" title=\"Klicken zum Ausdrucken\"><span>Drucken<\/span><\/a><\/li><li class=\"share-facebook\"><a rel=\"nofollow noopener noreferrer\" data-shared=\"sharing-facebook-860\" class=\"share-facebook sd-button share-icon\" href=\"http:\/\/www.dannwollenwirmal.de\/?p=860&amp;share=facebook\" target=\"_blank\" title=\"Klick, um auf Facebook zu teilen\"><span>Facebook<\/span><\/a><\/li><li class=\"share-twitter\"><a rel=\"nofollow noopener noreferrer\" data-shared=\"sharing-twitter-860\" class=\"share-twitter sd-button share-icon\" href=\"http:\/\/www.dannwollenwirmal.de\/?p=860&amp;share=twitter\" target=\"_blank\" title=\"Klick, um \u00fcber Twitter zu teilen\"><span>Twitter<\/span><\/a><\/li><li class=\"share-pinterest\"><a rel=\"nofollow noopener noreferrer\" data-shared=\"sharing-pinterest-860\" class=\"share-pinterest sd-button share-icon\" href=\"http:\/\/www.dannwollenwirmal.de\/?p=860&amp;share=pinterest\" target=\"_blank\" title=\"Klick, um auf Pinterest zu teilen\"><span>Pinterest<\/span><\/a><\/li><li class=\"share-linkedin\"><a rel=\"nofollow noopener noreferrer\" data-shared=\"sharing-linkedin-860\" class=\"share-linkedin sd-button share-icon\" href=\"http:\/\/www.dannwollenwirmal.de\/?p=860&amp;share=linkedin\" target=\"_blank\" title=\"Klick, um auf LinkedIn zu teilen\"><span>LinkedIn<\/span><\/a><\/li><li class=\"share-end\"><\/li><\/ul><\/div><\/div><\/div>","protected":false},"excerpt":{"rendered":"<p>Der Rentner Typ: Anfang\/Mitte 70, Brille, klein und etwas rundlich Kleidung: Beige Hose, Karo-Hemd, Schieberm\u00fctze Auto: Opel Kadett mit Wackeldackel und umh\u00e4kelter Klorolle auf der Hutablage Nimmt mit in den Markt: Eine uralte, mehrpolige Wandsteckdose Anlass des Besuches: Opa f\u00e4hrt gerne mit einem Muster-Artikel in den Baumarkt. Dieses ist im Idealfall ein etwa 50-60 Jahre [&hellip;]<\/p>\n<div class=\"sharedaddy sd-sharing-enabled\"><div class=\"robots-nocontent sd-block sd-social sd-social-icon-text sd-sharing\"><h3 class=\"sd-title\">Teilen mit:<\/h3><div class=\"sd-content\"><ul><li class=\"share-email\"><a rel=\"nofollow noopener noreferrer\" data-shared=\"\" class=\"share-email sd-button share-icon\" href=\"http:\/\/www.dannwollenwirmal.de\/?p=860&amp;share=email\" target=\"_blank\" title=\"Klick, um dies einem Freund per E-Mail zu senden\"><span>E-Mail<\/span><\/a><\/li><li class=\"share-print\"><a rel=\"nofollow noopener noreferrer\" data-shared=\"\" class=\"share-print sd-button share-icon\" href=\"http:\/\/www.dannwollenwirmal.de\/?p=860\" target=\"_blank\" title=\"Klicken zum Ausdrucken\"><span>Drucken<\/span><\/a><\/li><li class=\"share-facebook\"><a rel=\"nofollow noopener noreferrer\" data-shared=\"sharing-facebook-860\" class=\"share-facebook sd-button share-icon\" href=\"http:\/\/www.dannwollenwirmal.de\/?p=860&amp;share=facebook\" target=\"_blank\" title=\"Klick, um auf Facebook zu teilen\"><span>Facebook<\/span><\/a><\/li><li class=\"share-twitter\"><a rel=\"nofollow noopener noreferrer\" data-shared=\"sharing-twitter-860\" class=\"share-twitter sd-button share-icon\" href=\"http:\/\/www.dannwollenwirmal.de\/?p=860&amp;share=twitter\" target=\"_blank\" title=\"Klick, um \u00fcber Twitter zu teilen\"><span>Twitter<\/span><\/a><\/li><li class=\"share-pinterest\"><a rel=\"nofollow noopener noreferrer\" data-shared=\"sharing-pinterest-860\" class=\"share-pinterest sd-button share-icon\" href=\"http:\/\/www.dannwollenwirmal.de\/?p=860&amp;share=pinterest\" target=\"_blank\" title=\"Klick, um auf Pinterest zu teilen\"><span>Pinterest<\/span><\/a><\/li><li class=\"share-linkedin\"><a rel=\"nofollow noopener noreferrer\" data-shared=\"sharing-linkedin-860\" class=\"share-linkedin sd-button share-icon\" href=\"http:\/\/www.dannwollenwirmal.de\/?p=860&amp;share=linkedin\" target=\"_blank\" title=\"Klick, um auf LinkedIn zu teilen\"><span>LinkedIn<\/span><\/a><\/li><li class=\"share-end\"><\/li><\/ul><\/div><\/div><\/div>","protected":false},"author":1,"featured_media":0,"comment_status":"open","ping_status":"open","sticky":false,"template":"","format":"standard","meta":{"advanced_seo_description":"","spay_email":"","jetpack_publicize_message":"","jetpack_is_tweetstorm":false,"jetpack_publicize_feature_enabled":true},"categories":[1,35,72],"tags":[189,213],"jetpack_featured_media_url":"","jetpack_publicize_connections":[],"jetpack_shortlink":"https:\/\/wp.me\/p3WtlO-dS","jetpack_sharing_enabled":true,"jetpack-related-posts":[{"id":1773,"url":"http:\/\/www.dannwollenwirmal.de\/?p=1773","url_meta":{"origin":860,"position":0},"title":"Baumarktklatsche","date":"29. Januar 2017","format":false,"excerpt":"Habe ich schon erw\u00e4hnt, dass ich n\u00e4chstes Jahr gerne mal zur BAU nach M\u00fcnchen m\u00f6chte? Eine Fachmesse, auf der quasi alle namhaften Hersteller von Werkzeug und Zubeh\u00f6r vertreten sind und Menschen mit einer gewissen Werkzeugliebe vermutlich aus dem Staunen nicht mehr rauskommen. Ich suche daher auf diesem Wege einen Sponsor\u2026","rel":"","context":"In &quot;Allgemein&quot;","img":{"alt_text":"","src":"https:\/\/i2.wp.com\/www.dannwollenwirmal.de\/wp-content\/uploads\/2017\/01\/IMG_5064.jpg?resize=350%2C200","width":350,"height":200},"classes":[]},{"id":190,"url":"http:\/\/www.dannwollenwirmal.de\/?p=190","url_meta":{"origin":860,"position":1},"title":"Eine kurze Einsch\u00e4tzung zum Thema: Baum\u00e4rkte","date":"16. November 2013","format":false,"excerpt":"Im heimatlichen Minden (rund 80.000 Einwohner) bzw. Porta Westfalica (37.000 Einwohner) gibt es, grob durchgez\u00e4hlt, immerhin f\u00fcnf Baum\u00e4rkte. Einer wird zwar jetzt geschlossen, aber zwei(!) neue Riesen-M\u00e4rkte sind geplant oder zumindest angedacht. Diesen Boom nehme ich zum Anlass, ein paar Gedanken zum Thema Baum\u00e4rkte niederzulegen: Fr\u00fcher war ich ein wahrer\u2026","rel":"","context":"In &quot;Allgemein&quot;","img":{"alt_text":"","src":"https:\/\/i0.wp.com\/www.dannwollenwirmal.de\/wp-content\/uploads\/2013\/11\/kleben.jpg?resize=350%2C200","width":350,"height":200},"classes":[]},{"id":1525,"url":"http:\/\/www.dannwollenwirmal.de\/?p=1525","url_meta":{"origin":860,"position":2},"title":"Powers\u00e4tze f\u00fcr Heimwerker","date":"12. Juni 2016","format":false,"excerpt":"Regentag und schlechte Laune? Einfach mal die folgenden Powers\u00e4tze ausprobieren und lauter verdutzte Gesichter zur\u00fccklassen. Im Baumarkt, Sanit\u00e4rabteilung \"Ich h\u00e4tte gern einen doppelt gekr\u00f6pften Flanschmuffenbogen. Aber nicht wieder den Halbzoll! Diesmal brauch ich Feingewinde!\" In der Autowerkstatt \"Ach, hier vorne ist der Motor? Ich dachte immer hinten. Witzig, oder?\" Im\u2026","rel":"","context":"In &quot;Allgemein&quot;","img":{"alt_text":"","src":"","width":0,"height":0},"classes":[]},{"id":714,"url":"http:\/\/www.dannwollenwirmal.de\/?p=714","url_meta":{"origin":860,"position":3},"title":"Neulich im Baumarkt","date":"14. Dezember 2014","format":false,"excerpt":"Auch wenn ich Baum\u00e4rkte mittlerweile eher vermeide - manchmal bleibt keine Wahl, und in diesem Fall wollte ich gemischte Farbe f\u00fcr meine Holzbalken, da hat der Baumarkt T. dann doch die gr\u00f6\u00dfte Auswahl und so bin ich eben hingefahren. Bereits im Eingangsbereich fiel mir ein Verk\u00e4ufer auf, der mich schon\u2026","rel":"","context":"In &quot;Allgemein&quot;","img":{"alt_text":"","src":"","width":0,"height":0},"classes":[]},{"id":1026,"url":"http:\/\/www.dannwollenwirmal.de\/?p=1026","url_meta":{"origin":860,"position":4},"title":"Sommerpause V","date":"2. August 2015","format":false,"excerpt":"Was Sie schon immer \u00fcber Farben wissen wollten, im Baumarkt nebenan: Neulich im Baumarkt 14. Dezember 2014 Auch wenn ich Baum\u00e4rkte mittlerweile eher vermeide \u2013 manchmal bleibt keine Wahl, und in diesem Fall wollte ich gemischte Farbe f\u00fcr meine Holzbalken, da hat der Baumarkt T. dann doch die gr\u00f6\u00dfte Auswahl\u2026","rel":"","context":"In &quot;Allgemein&quot;","img":{"alt_text":"","src":"","width":0,"height":0},"classes":[]},{"id":2125,"url":"http:\/\/www.dannwollenwirmal.de\/?p=2125","url_meta":{"origin":860,"position":5},"title":"Die Ausschreibung","date":"17. Dezember 2017","format":false,"excerpt":"Montag, 4. November Durch eine Verkettung von kuriosen Umst\u00e4nden geht der Zuschlag der europaweiten Ausschreibung zur Errichtung der Neubausiedlung\u00a0Weserwerft an den Haus- Garten- und Hausmeisterservice Wolfgang Kottm\u00fcller aus Lehrte. Es handelt sich um die Errichtung von 34 Ein- bis Zweifamilienh\u00e4usern als Generalunternehmer. Dienstag, 5. November Herr Kottm\u00fcller geht direkt ans\u2026","rel":"","context":"In &quot;Allgemein&quot;","img":{"alt_text":"","src":"","width":0,"height":0},"classes":[]}],"_links":{"self":[{"href":"http:\/\/www.dannwollenwirmal.de\/index.php?rest_route=\/wp\/v2\/posts\/860"}],"collection":[{"href":"http:\/\/www.dannwollenwirmal.de\/index.php?rest_route=\/wp\/v2\/posts"}],"about":[{"href":"http:\/\/www.dannwollenwirmal.de\/index.php?rest_route=\/wp\/v2\/types\/post"}],"author":[{"embeddable":true,"href":"http:\/\/www.dannwollenwirmal.de\/index.php?rest_route=\/wp\/v2\/users\/1"}],"replies":[{"embeddable":true,"href":"http:\/\/www.dannwollenwirmal.de\/index.php?rest_route=%2Fwp%2Fv2%2Fcomments&post=860"}],"version-history":[{"count":10,"href":"http:\/\/www.dannwollenwirmal.de\/index.php?rest_route=\/wp\/v2\/posts\/860\/revisions"}],"predecessor-version":[{"id":871,"href":"http:\/\/www.dannwollenwirmal.de\/index.php?rest_route=\/wp\/v2\/posts\/860\/revisions\/871"}],"wp:attachment":[{"href":"http:\/\/www.dannwollenwirmal.de\/index.php?rest_route=%2Fwp%2Fv2%2Fmedia&parent=860"}],"wp:term":[{"taxonomy":"category","embeddable":true,"href":"http:\/\/www.dannwollenwirmal.de\/index.php?rest_route=%2Fwp%2Fv2%2Fcategories&post=860"},{"taxonomy":"post_tag","embeddable":true,"href":"http:\/\/www.dannwollenwirmal.de\/index.php?rest_route=%2Fwp%2Fv2%2Ftags&post=860"}],"curies":[{"name":"wp","href":"https:\/\/api.w.org\/{rel}","templated":true}]}}