{"id":845,"date":"2015-02-15T10:01:18","date_gmt":"2015-02-15T09:01:18","guid":{"rendered":"http:\/\/www.dannwollenwirmal.de\/?p=845"},"modified":"2016-01-15T20:05:14","modified_gmt":"2016-01-15T19:05:14","slug":"maennertraeume","status":"publish","type":"post","link":"http:\/\/www.dannwollenwirmal.de\/?p=845","title":{"rendered":"M\u00e4nnertr\u00e4ume"},"content":{"rendered":"<p>W\u00e4hrend mich der Winter mit seinem nasskalten Wetter und nun auch noch einer Erkl\u00e4tung allm\u00e4hlich nervt, feiert mein Gaumen schon Fr\u00fchling, denn an dem Haribo-Oster-Mix (500g) konnte ich einfach nicht vorbeigehen und ich bin bereits am Boden der Dose angekomen&#8230; Apropos Fr\u00fchling: Da hab ich doch glatt Fr\u00fchlingsgef\u00fchle, ich habe mich mal wieder verliebt: <a href=\"http:\/\/www.stabila.de\/cms\/front_content.php?idart=310\"><strong>Stabila LAX 400<\/strong><\/a> hei\u00dft das attraktive Ger\u00e4t, ein neuer Multifuntionslaser, und was der alles kann&#8230;Holla die Waldfee, Baby!<\/p>\n<p>Erstmal ein Rotationslaser f\u00fcr Meterrisse oder Deckenabh\u00e4ngungen und nat\u00fcrlich auch f\u00fcr den B\u00fchnenbau&#8230; da w\u00e4re es noch interessant, ob man den fixieren und kippen kann (Dachschr\u00e4gen), das wei\u00df ich leider nicht ABER VIELLEICHT SCHICKT MIR STABILA JA EIN TESTGER\u00c4T DANN K\u00d6NNTE ICH JA HIER DAVON BERICHTEN<br \/>\n(<a href=\"www.dannwollenwirmal.de\"><strong>total erfolgreicher Heimwerkerblog\u00a0 Handwerkerblog Werkzeugblog Werkzeugtest Testger\u00e4te kommen immer super weg Traumhafte Zugriffszahlen<\/strong><\/a>)<br \/>\nDann gibt es einen Lotpunkt unter dem Ger\u00e4t und ein Lot-Kreuz \u00fcber dem Ger\u00e4t; zwei Vertikallinien, die einen 90\u00b0-Winkel bilden, dazu noch verstellbar ohne den Lotpunkt zu verlieren-das ist das eigentlich Neue, und es erlaubt Trennw\u00e4nde im 90\u00b0-Winkel aufzustellen ohne Pythagoras zu googeln \ud83d\ude09<\/p>\n<p>Des Weiteren m\u00f6chte ich nochmal den Blick auf die Seitenleiste lenken, dort findet sich <a href=\"http:\/\/michael-hild.blogspot.de\/\"><strong>Michas Holzblog<\/strong><\/a>, auf den ich neulich stie\u00df, als ich nach Bauanleitungen f\u00fcr Fensterl\u00e4den suchte. Wenn wir mal die Fassade machen, w\u00fcrde ich gerne Fensterl\u00e4den anbringen (deren Position ich dann vom Nachbarort mit dem Lax 400 bretthell auf das Gem\u00e4uer projiziere, die ganze Nacht!) und Michael Hild hat daf\u00fcr letztes Jahr eine <a href=\"http:\/\/michael-hild.blogspot.de\/2014\/05\/projektvorstellung-fensterladen-teil-1_1.html\"><strong>Anleitung<\/strong> <\/a>geschrieben, bei der mir die Ohren wackeln. Um eine solche Qualit\u00e4t zu erreichen, muss ich allerdings wohl f\u00fcnf Jahre Holzbau studieren und den Wert meines Hauses in Festool-Werkzeuge umsetzen, aber vielleicht kann man ja zumindest mit dieser Anleitung als Basis, sagen wir mal, ein befriedigendes Niveau erzielen (&#8222;H\u00f6mma, wenn die Dinger da oben h\u00e4ngen sieht dat sowieso kein Mensch mehr! Und warte ab wenn erstmal Farbe drauf is!&#8220;) Auf jeden Fall meine Hochachtung vor dem Holzk\u00fcnstler! Ich mache ja eigentlich nicht so viel mit Holz, und mit Metall noch weniger, bei mir ist irgendwie immer nur Staub und Dreck und alles was schmiert und matscht.<\/p>\n<p>Achja, und da gehts nun auch weiter:<\/p>\n<p><a href=\"https:\/\/i0.wp.com\/www.dannwollenwirmal.de\/wp-content\/uploads\/2015\/02\/IMG_3255.jpg\"><img data-attachment-id=\"846\" data-permalink=\"http:\/\/www.dannwollenwirmal.de\/?attachment_id=846#main\" data-orig-file=\"https:\/\/i0.wp.com\/www.dannwollenwirmal.de\/wp-content\/uploads\/2015\/02\/IMG_3255.jpg?fit=652%2C652\" data-orig-size=\"652,652\" data-comments-opened=\"1\" data-image-meta=\"{&quot;aperture&quot;:&quot;2.2&quot;,&quot;credit&quot;:&quot;&quot;,&quot;camera&quot;:&quot;iPhone 6&quot;,&quot;caption&quot;:&quot;&quot;,&quot;created_timestamp&quot;:&quot;1422023831&quot;,&quot;copyright&quot;:&quot;&quot;,&quot;focal_length&quot;:&quot;4.15&quot;,&quot;iso&quot;:&quot;32&quot;,&quot;shutter_speed&quot;:&quot;0.025&quot;,&quot;title&quot;:&quot;&quot;,&quot;orientation&quot;:&quot;1&quot;}\" data-image-title=\"IMG_3255\" data-image-description=\"&lt;p&gt;Risse ausbessern M\u00f6rtel&lt;\/p&gt;\n\" data-image-caption=\"\" data-medium-file=\"https:\/\/i0.wp.com\/www.dannwollenwirmal.de\/wp-content\/uploads\/2015\/02\/IMG_3255.jpg?fit=300%2C300\" data-large-file=\"https:\/\/i0.wp.com\/www.dannwollenwirmal.de\/wp-content\/uploads\/2015\/02\/IMG_3255.jpg?fit=652%2C652\" loading=\"lazy\" class=\"alignnone size-full wp-image-846\" src=\"https:\/\/i0.wp.com\/www.dannwollenwirmal.de\/wp-content\/uploads\/2015\/02\/IMG_3255.jpg?resize=652%2C652\" alt=\"IMG_3255\" width=\"652\" height=\"652\" srcset=\"https:\/\/i0.wp.com\/www.dannwollenwirmal.de\/wp-content\/uploads\/2015\/02\/IMG_3255.jpg?w=652 652w, https:\/\/i0.wp.com\/www.dannwollenwirmal.de\/wp-content\/uploads\/2015\/02\/IMG_3255.jpg?resize=150%2C150 150w, https:\/\/i0.wp.com\/www.dannwollenwirmal.de\/wp-content\/uploads\/2015\/02\/IMG_3255.jpg?resize=300%2C300 300w\" sizes=\"(max-width: 652px) 100vw, 652px\" data-recalc-dims=\"1\" \/><\/a><br \/>\n<em>Risse ausbessern<\/em><\/p>\n<p>Beim letzten Mal habe ich ja den Aufbau des Hilfs-Fundaments beschrieben, jetzt, da die Wand hoffentlich gefestigt ist, m\u00fcssen die Risse ausgebessert werden. Die Vorgehensweise ist auch bei Fassadenrissen \u00e4hnlich.<br \/>\nEs sind Risse &#8222;breit&#8220; und &#8222;schmal&#8220; zu unterscheiden. Die schmalen Risse habe ich mit Beko Strukturdicht gef\u00fcllt. Das ist ein Acryl mit Marmorgranulat, hat dadurch eine k\u00f6rnige Konsistenz, ist dehnf\u00e4hig und schwundarm (also alles Eigenschaften, die das Billig-Acryl aus dem Baumarkt nicht hat). Von anderer Stelle wurde mir auch mal Henkel Sista F134 empfohlen. Geht wahrscheinlich genauso gut.<\/p>\n<p>Die gr\u00f6\u00dferen Risse habe ich mit M\u00f6rtel gef\u00fcllt. Das setzt immer voraus, dass der Riss einigerma\u00dfen sauber ist; als Haftbr\u00fccke wird der Riss mit Wasser und Quast reichlich vorgen\u00e4sst. Der M\u00f6rtel wird dann auf die Traufel gegeben und mit einer Fugenkelle tief in den Riss hineingeschoben.<\/p>\n<p>Nun ging&#8217;s ans Verputzen. Ich habe mich diesmal daf\u00fcr entschieden, Armierungsgewebe einzuarbeiten, damit der Putz mehr Stabilit\u00e4t und keine Risse bekommt.<\/p>\n<p><a href=\"https:\/\/i0.wp.com\/www.dannwollenwirmal.de\/wp-content\/uploads\/2015\/02\/IMG_3256.jpg\"><img data-attachment-id=\"848\" data-permalink=\"http:\/\/www.dannwollenwirmal.de\/?attachment_id=848#main\" data-orig-file=\"https:\/\/i0.wp.com\/www.dannwollenwirmal.de\/wp-content\/uploads\/2015\/02\/IMG_3256.jpg?fit=652%2C652\" data-orig-size=\"652,652\" data-comments-opened=\"1\" data-image-meta=\"{&quot;aperture&quot;:&quot;2.2&quot;,&quot;credit&quot;:&quot;&quot;,&quot;camera&quot;:&quot;iPhone 6&quot;,&quot;caption&quot;:&quot;&quot;,&quot;created_timestamp&quot;:&quot;1422023845&quot;,&quot;copyright&quot;:&quot;&quot;,&quot;focal_length&quot;:&quot;4.15&quot;,&quot;iso&quot;:&quot;50&quot;,&quot;shutter_speed&quot;:&quot;0.033333333333333&quot;,&quot;title&quot;:&quot;&quot;,&quot;orientation&quot;:&quot;1&quot;}\" data-image-title=\"IMG_3256\" data-image-description=\"&lt;p&gt;Unterputz&lt;\/p&gt;\n\" data-image-caption=\"\" data-medium-file=\"https:\/\/i0.wp.com\/www.dannwollenwirmal.de\/wp-content\/uploads\/2015\/02\/IMG_3256.jpg?fit=300%2C300\" data-large-file=\"https:\/\/i0.wp.com\/www.dannwollenwirmal.de\/wp-content\/uploads\/2015\/02\/IMG_3256.jpg?fit=652%2C652\" loading=\"lazy\" class=\"alignnone size-full wp-image-848\" src=\"https:\/\/i0.wp.com\/www.dannwollenwirmal.de\/wp-content\/uploads\/2015\/02\/IMG_3256.jpg?resize=652%2C652\" alt=\"IMG_3256\" width=\"652\" height=\"652\" srcset=\"https:\/\/i0.wp.com\/www.dannwollenwirmal.de\/wp-content\/uploads\/2015\/02\/IMG_3256.jpg?w=652 652w, https:\/\/i0.wp.com\/www.dannwollenwirmal.de\/wp-content\/uploads\/2015\/02\/IMG_3256.jpg?resize=150%2C150 150w, https:\/\/i0.wp.com\/www.dannwollenwirmal.de\/wp-content\/uploads\/2015\/02\/IMG_3256.jpg?resize=300%2C300 300w\" sizes=\"(max-width: 652px) 100vw, 652px\" data-recalc-dims=\"1\" \/><\/a><br \/>\n<em>Unterputz auftragen<\/em><\/p>\n<p>Zun\u00e4chst wird der Unterputz mit der Traufel aufgezogen. Ist genau das gleiche Zeug wie der Oberputz; der Unterputz ist einfach die erste Schicht, nur auf Kellendicke abgezogen, die das Bett f\u00fcr das Armierungsgewebe bildet. Auch beim Verputzen muss loser Fl\u00e4dderkram von der Wand abgemacht und diese dann gut gen\u00e4sst werden.<\/p>\n<p><a href=\"https:\/\/i0.wp.com\/www.dannwollenwirmal.de\/wp-content\/uploads\/2015\/02\/IMG_3258.jpg\"><img data-attachment-id=\"850\" data-permalink=\"http:\/\/www.dannwollenwirmal.de\/?attachment_id=850#main\" data-orig-file=\"https:\/\/i0.wp.com\/www.dannwollenwirmal.de\/wp-content\/uploads\/2015\/02\/IMG_3258.jpg?fit=652%2C652\" data-orig-size=\"652,652\" data-comments-opened=\"1\" data-image-meta=\"{&quot;aperture&quot;:&quot;2.2&quot;,&quot;credit&quot;:&quot;&quot;,&quot;camera&quot;:&quot;iPhone 6&quot;,&quot;caption&quot;:&quot;&quot;,&quot;created_timestamp&quot;:&quot;1422024580&quot;,&quot;copyright&quot;:&quot;&quot;,&quot;focal_length&quot;:&quot;4.15&quot;,&quot;iso&quot;:&quot;32&quot;,&quot;shutter_speed&quot;:&quot;0.033333333333333&quot;,&quot;title&quot;:&quot;&quot;,&quot;orientation&quot;:&quot;1&quot;}\" data-image-title=\"IMG_3258\" data-image-description=\"&lt;p&gt;Putz Armierungsgewebe&lt;\/p&gt;\n\" data-image-caption=\"\" data-medium-file=\"https:\/\/i0.wp.com\/www.dannwollenwirmal.de\/wp-content\/uploads\/2015\/02\/IMG_3258.jpg?fit=300%2C300\" data-large-file=\"https:\/\/i0.wp.com\/www.dannwollenwirmal.de\/wp-content\/uploads\/2015\/02\/IMG_3258.jpg?fit=652%2C652\" loading=\"lazy\" class=\"alignnone size-full wp-image-850\" src=\"https:\/\/i0.wp.com\/www.dannwollenwirmal.de\/wp-content\/uploads\/2015\/02\/IMG_3258.jpg?resize=652%2C652\" alt=\"IMG_3258\" width=\"652\" height=\"652\" srcset=\"https:\/\/i0.wp.com\/www.dannwollenwirmal.de\/wp-content\/uploads\/2015\/02\/IMG_3258.jpg?w=652 652w, https:\/\/i0.wp.com\/www.dannwollenwirmal.de\/wp-content\/uploads\/2015\/02\/IMG_3258.jpg?resize=150%2C150 150w, https:\/\/i0.wp.com\/www.dannwollenwirmal.de\/wp-content\/uploads\/2015\/02\/IMG_3258.jpg?resize=300%2C300 300w\" sizes=\"(max-width: 652px) 100vw, 652px\" data-recalc-dims=\"1\" \/><\/a><br \/>\n<em>Armierungsgewebe<\/em><\/p>\n<p>In den noch feuchten Unterputz wird nun das Armierungsgewebe mit der Traufel sch\u00f6n eingebettet. So wird jetzt Bahn f\u00fcr Bahn vorgegangen, wobei die Bahnen sich immer etwa 20cm \u00fcberlappen m\u00fcssen.<\/p>\n<p><a href=\"https:\/\/i1.wp.com\/www.dannwollenwirmal.de\/wp-content\/uploads\/2015\/02\/IMG_3257.jpg\"><img data-attachment-id=\"849\" data-permalink=\"http:\/\/www.dannwollenwirmal.de\/?attachment_id=849#main\" data-orig-file=\"https:\/\/i1.wp.com\/www.dannwollenwirmal.de\/wp-content\/uploads\/2015\/02\/IMG_3257.jpg?fit=1280%2C1280\" data-orig-size=\"1280,1280\" data-comments-opened=\"1\" data-image-meta=\"{&quot;aperture&quot;:&quot;2.2&quot;,&quot;credit&quot;:&quot;&quot;,&quot;camera&quot;:&quot;iPhone 6&quot;,&quot;caption&quot;:&quot;&quot;,&quot;created_timestamp&quot;:&quot;1422023855&quot;,&quot;copyright&quot;:&quot;&quot;,&quot;focal_length&quot;:&quot;4.15&quot;,&quot;iso&quot;:&quot;40&quot;,&quot;shutter_speed&quot;:&quot;0.033333333333333&quot;,&quot;title&quot;:&quot;&quot;,&quot;orientation&quot;:&quot;1&quot;}\" data-image-title=\"IMG_3257\" data-image-description=\"&lt;p&gt;Armierungsgewebe&lt;\/p&gt;\n\" data-image-caption=\"\" data-medium-file=\"https:\/\/i1.wp.com\/www.dannwollenwirmal.de\/wp-content\/uploads\/2015\/02\/IMG_3257.jpg?fit=300%2C300\" data-large-file=\"https:\/\/i1.wp.com\/www.dannwollenwirmal.de\/wp-content\/uploads\/2015\/02\/IMG_3257.jpg?fit=652%2C652\" loading=\"lazy\" class=\"alignnone size-large wp-image-849\" src=\"https:\/\/i1.wp.com\/www.dannwollenwirmal.de\/wp-content\/uploads\/2015\/02\/IMG_3257.jpg?resize=652%2C652\" alt=\"IMG_3257\" width=\"652\" height=\"652\" srcset=\"https:\/\/i1.wp.com\/www.dannwollenwirmal.de\/wp-content\/uploads\/2015\/02\/IMG_3257.jpg?resize=1024%2C1024 1024w, https:\/\/i1.wp.com\/www.dannwollenwirmal.de\/wp-content\/uploads\/2015\/02\/IMG_3257.jpg?resize=150%2C150 150w, https:\/\/i1.wp.com\/www.dannwollenwirmal.de\/wp-content\/uploads\/2015\/02\/IMG_3257.jpg?resize=300%2C300 300w, https:\/\/i1.wp.com\/www.dannwollenwirmal.de\/wp-content\/uploads\/2015\/02\/IMG_3257.jpg?w=1280 1280w\" sizes=\"(max-width: 652px) 100vw, 652px\" data-recalc-dims=\"1\" \/><\/a><br \/>\n<em>Armierung einbetten<\/em><\/p>\n<p>Wenn der Unterputz trocken ist, kommt der Oberputz dran. Ich habe nun endlich mal meinen Abziehschlitten ausprobiert, den ich <a href=\"http:\/\/www.dannwollenwirmal.de\/?p=489\"><strong>hier<\/strong> <\/a>schonmal vorgestellt habe. Im Abstand von 1-1,5 Meter habe ich also M\u00f6rtelb\u00e4nder erstellt und diese auf 2cm Putzst\u00e4rke abgezogen.<\/p>\n<p><a href=\"https:\/\/i0.wp.com\/www.dannwollenwirmal.de\/wp-content\/uploads\/2015\/02\/IMG_3259.jpg\"><img data-attachment-id=\"851\" data-permalink=\"http:\/\/www.dannwollenwirmal.de\/?attachment_id=851#main\" data-orig-file=\"https:\/\/i0.wp.com\/www.dannwollenwirmal.de\/wp-content\/uploads\/2015\/02\/IMG_3259.jpg?fit=652%2C652\" data-orig-size=\"652,652\" data-comments-opened=\"1\" data-image-meta=\"{&quot;aperture&quot;:&quot;2.2&quot;,&quot;credit&quot;:&quot;&quot;,&quot;camera&quot;:&quot;iPhone 6&quot;,&quot;caption&quot;:&quot;&quot;,&quot;created_timestamp&quot;:&quot;1422025771&quot;,&quot;copyright&quot;:&quot;&quot;,&quot;focal_length&quot;:&quot;4.15&quot;,&quot;iso&quot;:&quot;50&quot;,&quot;shutter_speed&quot;:&quot;0.033333333333333&quot;,&quot;title&quot;:&quot;&quot;,&quot;orientation&quot;:&quot;1&quot;}\" data-image-title=\"IMG_3259\" data-image-description=\"&lt;p&gt;M\u00f6rtelb\u00e4nder&lt;\/p&gt;\n\" data-image-caption=\"\" data-medium-file=\"https:\/\/i0.wp.com\/www.dannwollenwirmal.de\/wp-content\/uploads\/2015\/02\/IMG_3259.jpg?fit=300%2C300\" data-large-file=\"https:\/\/i0.wp.com\/www.dannwollenwirmal.de\/wp-content\/uploads\/2015\/02\/IMG_3259.jpg?fit=652%2C652\" loading=\"lazy\" class=\"alignnone size-full wp-image-851\" src=\"https:\/\/i0.wp.com\/www.dannwollenwirmal.de\/wp-content\/uploads\/2015\/02\/IMG_3259.jpg?resize=652%2C652\" alt=\"IMG_3259\" width=\"652\" height=\"652\" srcset=\"https:\/\/i0.wp.com\/www.dannwollenwirmal.de\/wp-content\/uploads\/2015\/02\/IMG_3259.jpg?w=652 652w, https:\/\/i0.wp.com\/www.dannwollenwirmal.de\/wp-content\/uploads\/2015\/02\/IMG_3259.jpg?resize=150%2C150 150w, https:\/\/i0.wp.com\/www.dannwollenwirmal.de\/wp-content\/uploads\/2015\/02\/IMG_3259.jpg?resize=300%2C300 300w\" sizes=\"(max-width: 652px) 100vw, 652px\" data-recalc-dims=\"1\" \/><\/a><br \/>\n<em>Latte (oder Wasserwaage) anstellen, festkeilen, mit dem Schlitten abziehen und zack:<\/em><\/p>\n<p><a href=\"https:\/\/i1.wp.com\/www.dannwollenwirmal.de\/wp-content\/uploads\/2015\/02\/IMG_3261.jpg\"><img data-attachment-id=\"852\" data-permalink=\"http:\/\/www.dannwollenwirmal.de\/?attachment_id=852#main\" data-orig-file=\"https:\/\/i1.wp.com\/www.dannwollenwirmal.de\/wp-content\/uploads\/2015\/02\/IMG_3261.jpg?fit=652%2C652\" data-orig-size=\"652,652\" data-comments-opened=\"1\" data-image-meta=\"{&quot;aperture&quot;:&quot;2.2&quot;,&quot;credit&quot;:&quot;&quot;,&quot;camera&quot;:&quot;iPhone 6&quot;,&quot;caption&quot;:&quot;&quot;,&quot;created_timestamp&quot;:&quot;1422265191&quot;,&quot;copyright&quot;:&quot;&quot;,&quot;focal_length&quot;:&quot;4.15&quot;,&quot;iso&quot;:&quot;100&quot;,&quot;shutter_speed&quot;:&quot;0.033333333333333&quot;,&quot;title&quot;:&quot;&quot;,&quot;orientation&quot;:&quot;1&quot;}\" data-image-title=\"IMG_3261\" data-image-description=\"&lt;p&gt;M\u00f6rtelb\u00e4nder&lt;\/p&gt;\n\" data-image-caption=\"\" data-medium-file=\"https:\/\/i1.wp.com\/www.dannwollenwirmal.de\/wp-content\/uploads\/2015\/02\/IMG_3261.jpg?fit=300%2C300\" data-large-file=\"https:\/\/i1.wp.com\/www.dannwollenwirmal.de\/wp-content\/uploads\/2015\/02\/IMG_3261.jpg?fit=652%2C652\" loading=\"lazy\" class=\"alignnone size-full wp-image-852\" src=\"https:\/\/i1.wp.com\/www.dannwollenwirmal.de\/wp-content\/uploads\/2015\/02\/IMG_3261.jpg?resize=652%2C652\" alt=\"IMG_3261\" width=\"652\" height=\"652\" srcset=\"https:\/\/i1.wp.com\/www.dannwollenwirmal.de\/wp-content\/uploads\/2015\/02\/IMG_3261.jpg?w=652 652w, https:\/\/i1.wp.com\/www.dannwollenwirmal.de\/wp-content\/uploads\/2015\/02\/IMG_3261.jpg?resize=150%2C150 150w, https:\/\/i1.wp.com\/www.dannwollenwirmal.de\/wp-content\/uploads\/2015\/02\/IMG_3261.jpg?resize=300%2C300 300w\" sizes=\"(max-width: 652px) 100vw, 652px\" data-recalc-dims=\"1\" \/><\/a><br \/>\n<em>fertig sind die M\u00f6rtelb\u00e4nder!<\/em><\/p>\n<p>Der Unterptz sollte nun etwas trocknen, und dann wird zwischen den B\u00e4ndern der Oberputz aufgetragen. Wenn die Schichtdicke mehr als 10mm betr\u00e4gt, muss man in mehreren G\u00e4ngen arbeiten. Mehr als 20mm macht der Putz nicht mit, dann gibt es feine Risse. Zumindest bei diesem Putz (Hagalith Haftputz) war das so.<\/p>\n<p>Mit einem Richtscheit (kann auch ein Brett sein) wird nun der Putz auf die St\u00e4rke der M\u00f6rtelb\u00e4nder abgezogen. \u00dcbersch\u00fcssiges Material f\u00e4llt automatisch runter, und Dellen muss man dann halt etwas auff\u00fcttern. Das Prozedere wird so oft durchgef\u00fchrt, bis das Ganze sch\u00f6n eben ist.<\/p>\n<p>Nun muss die oberste Lage etwa drei bis vier Stunden antrocknen, wird dann <em>gefilzt <\/em>(mit einem Filzbrett, das ist kein Schwammbrett, und Wasser abgerieben) und dann mit einem Reibebrett nachgegl\u00e4ttet.<\/p>\n<p><a href=\"https:\/\/i2.wp.com\/www.dannwollenwirmal.de\/wp-content\/uploads\/2015\/02\/IMG_3262.jpg\"><img data-attachment-id=\"853\" data-permalink=\"http:\/\/www.dannwollenwirmal.de\/?attachment_id=853#main\" data-orig-file=\"https:\/\/i2.wp.com\/www.dannwollenwirmal.de\/wp-content\/uploads\/2015\/02\/IMG_3262.jpg?fit=652%2C652\" data-orig-size=\"652,652\" data-comments-opened=\"1\" data-image-meta=\"{&quot;aperture&quot;:&quot;2.2&quot;,&quot;credit&quot;:&quot;&quot;,&quot;camera&quot;:&quot;iPhone 6&quot;,&quot;caption&quot;:&quot;&quot;,&quot;created_timestamp&quot;:&quot;1422300056&quot;,&quot;copyright&quot;:&quot;&quot;,&quot;focal_length&quot;:&quot;4.15&quot;,&quot;iso&quot;:&quot;500&quot;,&quot;shutter_speed&quot;:&quot;0.058823529411765&quot;,&quot;title&quot;:&quot;&quot;,&quot;orientation&quot;:&quot;1&quot;}\" data-image-title=\"IMG_3262\" data-image-description=\"&lt;p&gt;Putz fertig&lt;\/p&gt;\n\" data-image-caption=\"\" data-medium-file=\"https:\/\/i2.wp.com\/www.dannwollenwirmal.de\/wp-content\/uploads\/2015\/02\/IMG_3262.jpg?fit=300%2C300\" data-large-file=\"https:\/\/i2.wp.com\/www.dannwollenwirmal.de\/wp-content\/uploads\/2015\/02\/IMG_3262.jpg?fit=652%2C652\" loading=\"lazy\" class=\"alignnone size-full wp-image-853\" src=\"https:\/\/i2.wp.com\/www.dannwollenwirmal.de\/wp-content\/uploads\/2015\/02\/IMG_3262.jpg?resize=652%2C652\" alt=\"IMG_3262\" width=\"652\" height=\"652\" srcset=\"https:\/\/i2.wp.com\/www.dannwollenwirmal.de\/wp-content\/uploads\/2015\/02\/IMG_3262.jpg?w=652 652w, https:\/\/i2.wp.com\/www.dannwollenwirmal.de\/wp-content\/uploads\/2015\/02\/IMG_3262.jpg?resize=150%2C150 150w, https:\/\/i2.wp.com\/www.dannwollenwirmal.de\/wp-content\/uploads\/2015\/02\/IMG_3262.jpg?resize=300%2C300 300w\" sizes=\"(max-width: 652px) 100vw, 652px\" data-recalc-dims=\"1\" \/><\/a><br \/>\n<em>Fertig!<\/em><\/p>\n<p>Der Abziehschlitten macht nat\u00fcrlich nur bei einer gewissen Putzst\u00e4rke (1-2 cm) Sinn. Wenn eine glatte Wand nur nachgespachtelt werden soll, kann man einfach auf Kellenst\u00e4rke abziehen und dann glatt reiben. So w\u00e4re auch der Gedenke bei meiner Fassade: Ein d\u00fcnner Unterputz mit Armierungsgewebe, und obendrauf ein Reibeputz. Aber der Gedanke muss noch ein wenig reifen und ich w\u00fcrde dann vielleicht erstmal an einer unauff\u00e4lligen Schuppenwand probieren gehen.<\/p>\n<p>Oder ich mache es so: \u00dcberall, wo dann mal mal eine Delle oder Macke im Putz ist, wird einfach ein Fensterladen dr\u00fcbergenagelt!<\/p>\n<p>Wobei, wenn erstmal Farbe drauf ist&#8230;<\/p>\n<div class=\"sharedaddy sd-sharing-enabled\"><div class=\"robots-nocontent sd-block sd-social sd-social-icon-text sd-sharing\"><h3 class=\"sd-title\">Teilen mit:<\/h3><div class=\"sd-content\"><ul><li class=\"share-email\"><a rel=\"nofollow noopener noreferrer\" data-shared=\"\" class=\"share-email sd-button share-icon\" href=\"http:\/\/www.dannwollenwirmal.de\/?p=845&amp;share=email\" target=\"_blank\" title=\"Klick, um dies einem Freund per E-Mail zu senden\"><span>E-Mail<\/span><\/a><\/li><li class=\"share-print\"><a rel=\"nofollow noopener noreferrer\" data-shared=\"\" class=\"share-print sd-button share-icon\" href=\"http:\/\/www.dannwollenwirmal.de\/?p=845\" target=\"_blank\" title=\"Klicken zum Ausdrucken\"><span>Drucken<\/span><\/a><\/li><li class=\"share-facebook\"><a rel=\"nofollow noopener noreferrer\" data-shared=\"sharing-facebook-845\" class=\"share-facebook sd-button share-icon\" href=\"http:\/\/www.dannwollenwirmal.de\/?p=845&amp;share=facebook\" target=\"_blank\" title=\"Klick, um auf Facebook zu teilen\"><span>Facebook<\/span><\/a><\/li><li class=\"share-twitter\"><a rel=\"nofollow noopener noreferrer\" data-shared=\"sharing-twitter-845\" class=\"share-twitter sd-button share-icon\" href=\"http:\/\/www.dannwollenwirmal.de\/?p=845&amp;share=twitter\" target=\"_blank\" title=\"Klick, um \u00fcber Twitter zu teilen\"><span>Twitter<\/span><\/a><\/li><li class=\"share-pinterest\"><a rel=\"nofollow noopener noreferrer\" data-shared=\"sharing-pinterest-845\" class=\"share-pinterest sd-button share-icon\" href=\"http:\/\/www.dannwollenwirmal.de\/?p=845&amp;share=pinterest\" target=\"_blank\" title=\"Klick, um auf Pinterest zu teilen\"><span>Pinterest<\/span><\/a><\/li><li class=\"share-linkedin\"><a rel=\"nofollow noopener noreferrer\" data-shared=\"sharing-linkedin-845\" class=\"share-linkedin sd-button share-icon\" href=\"http:\/\/www.dannwollenwirmal.de\/?p=845&amp;share=linkedin\" target=\"_blank\" title=\"Klick, um auf LinkedIn zu teilen\"><span>LinkedIn<\/span><\/a><\/li><li class=\"share-end\"><\/li><\/ul><\/div><\/div><\/div>","protected":false},"excerpt":{"rendered":"<p>W\u00e4hrend mich der Winter mit seinem nasskalten Wetter und nun auch noch einer Erkl\u00e4tung allm\u00e4hlich nervt, feiert mein Gaumen schon Fr\u00fchling, denn an dem Haribo-Oster-Mix (500g) konnte ich einfach nicht vorbeigehen und ich bin bereits am Boden der Dose angekomen&#8230; Apropos Fr\u00fchling: Da hab ich doch glatt Fr\u00fchlingsgef\u00fchle, ich habe mich mal wieder verliebt: Stabila [&hellip;]<\/p>\n<div class=\"sharedaddy sd-sharing-enabled\"><div class=\"robots-nocontent sd-block sd-social sd-social-icon-text sd-sharing\"><h3 class=\"sd-title\">Teilen mit:<\/h3><div class=\"sd-content\"><ul><li class=\"share-email\"><a rel=\"nofollow noopener noreferrer\" data-shared=\"\" class=\"share-email sd-button share-icon\" href=\"http:\/\/www.dannwollenwirmal.de\/?p=845&amp;share=email\" target=\"_blank\" title=\"Klick, um dies einem Freund per E-Mail zu senden\"><span>E-Mail<\/span><\/a><\/li><li class=\"share-print\"><a rel=\"nofollow noopener noreferrer\" data-shared=\"\" class=\"share-print sd-button share-icon\" href=\"http:\/\/www.dannwollenwirmal.de\/?p=845\" target=\"_blank\" title=\"Klicken zum Ausdrucken\"><span>Drucken<\/span><\/a><\/li><li class=\"share-facebook\"><a rel=\"nofollow noopener noreferrer\" data-shared=\"sharing-facebook-845\" class=\"share-facebook sd-button share-icon\" href=\"http:\/\/www.dannwollenwirmal.de\/?p=845&amp;share=facebook\" target=\"_blank\" title=\"Klick, um auf Facebook zu teilen\"><span>Facebook<\/span><\/a><\/li><li class=\"share-twitter\"><a rel=\"nofollow noopener noreferrer\" data-shared=\"sharing-twitter-845\" class=\"share-twitter sd-button share-icon\" href=\"http:\/\/www.dannwollenwirmal.de\/?p=845&amp;share=twitter\" target=\"_blank\" title=\"Klick, um \u00fcber Twitter zu teilen\"><span>Twitter<\/span><\/a><\/li><li class=\"share-pinterest\"><a rel=\"nofollow noopener noreferrer\" data-shared=\"sharing-pinterest-845\" class=\"share-pinterest sd-button share-icon\" href=\"http:\/\/www.dannwollenwirmal.de\/?p=845&amp;share=pinterest\" target=\"_blank\" title=\"Klick, um auf Pinterest zu teilen\"><span>Pinterest<\/span><\/a><\/li><li class=\"share-linkedin\"><a rel=\"nofollow noopener noreferrer\" data-shared=\"sharing-linkedin-845\" class=\"share-linkedin sd-button share-icon\" href=\"http:\/\/www.dannwollenwirmal.de\/?p=845&amp;share=linkedin\" target=\"_blank\" title=\"Klick, um auf LinkedIn zu teilen\"><span>LinkedIn<\/span><\/a><\/li><li class=\"share-end\"><\/li><\/ul><\/div><\/div><\/div>","protected":false},"author":1,"featured_media":0,"comment_status":"open","ping_status":"open","sticky":false,"template":"","format":"standard","meta":{"advanced_seo_description":"","spay_email":"","jetpack_publicize_message":"","jetpack_is_tweetstorm":false,"jetpack_publicize_feature_enabled":true},"categories":[1,76,322,26],"tags":[133,211,210,212],"jetpack_featured_media_url":"","jetpack_publicize_connections":[],"jetpack_shortlink":"https:\/\/wp.me\/p3WtlO-dD","jetpack_sharing_enabled":true,"jetpack-related-posts":[{"id":960,"url":"http:\/\/www.dannwollenwirmal.de\/?p=960","url_meta":{"origin":845,"position":0},"title":"Keine Zeit zum Bloggen!","date":"3. Mai 2015","format":false,"excerpt":"Ich finde es \u00e4u\u00dferst be\u00e4ngstigend, aber diese Woche hatte ich keine(!) Zeit zum Bauen, und in der Folge habe ich leider auch keine Zeit zum bloggen. Sonst h\u00e4tte ich ja zum Beispiel die Geschichte mit der Flex erz\u00e4hlen k\u00f6nnen. Naja, eigentlich habe ich sie ja auch nur erz\u00e4hlt bekommen. Aber\u2026","rel":"","context":"In &quot;Allgemein&quot;","img":{"alt_text":"","src":"https:\/\/i1.wp.com\/www.dannwollenwirmal.de\/wp-content\/uploads\/2015\/05\/IMG_3430.jpg?resize=350%2C200","width":350,"height":200},"classes":[]},{"id":272,"url":"http:\/\/www.dannwollenwirmal.de\/?p=272","url_meta":{"origin":845,"position":1},"title":"Dosenfix 2000","date":"18. Dezember 2013","format":false,"excerpt":"Als wenig besinnlich empfindet die Ehefrau s\u00e4mtliche Bohr- Stemm- und Abbrucharbeiten in der Vorweihnachtszeit. Der wohlige Baugeruch nach Holz und Asbest D\u00e4mmstoffen weicht allm\u00e4hlich dem zarten Duft von Tannenzweigen und Kerzen. Zum Gl\u00fcck darf ich im Moment auf andere Orte ausweichen und konnte mich bei einem Kollegen mit Maurer- und\u2026","rel":"","context":"In &quot;Allgemein&quot;","img":{"alt_text":"","src":"https:\/\/i1.wp.com\/www.dannwollenwirmal.de\/wp-content\/uploads\/2013\/12\/ww.jpg?resize=350%2C200","width":350,"height":200},"classes":[]},{"id":2044,"url":"http:\/\/www.dannwollenwirmal.de\/?p=2044","url_meta":{"origin":845,"position":2},"title":"Lala gut, Bau gut.","date":"1. Oktober 2017","format":false,"excerpt":"Zwischen all den baulichen Erl\u00e4uterungen hier muss ich zwischendurch mal eine Lanze f\u00fcrs Baustellen-Radio brechen. Eigentlich hasse ich das landl\u00e4ufige Musikradio. Angefangen bei den unertr\u00e4glichen Morning-Shows, in denen sich gutgelaunte Moderatoren vor Freude gegenseitig \u00fcberschlagen (dabei sind die Moderatorinnen oft noch unertr\u00e4glicher als das m\u00e4nnliche Pendant), \u00fcber die st\u00e4ndige Eigenwerbung\u2026","rel":"","context":"In &quot;Allgemein&quot;","img":{"alt_text":"","src":"https:\/\/i2.wp.com\/www.dannwollenwirmal.de\/wp-content\/uploads\/2015\/05\/IMG_3475-1024x1024.jpg?resize=350%2C200","width":350,"height":200},"classes":[]},{"id":450,"url":"http:\/\/www.dannwollenwirmal.de\/?p=450","url_meta":{"origin":845,"position":3},"title":"Drei Sachen wollte ich erz\u00e4hlen:","date":"3. Mai 2014","format":false,"excerpt":"Mein lieber Herr Gesangsverein, da habe ich aber einiges geschafft heute! Da werd ich mir aber mal auf die Schulter klopfen. Zuerst habe ich den Drempel in Raum 1 fertiggestellt. Der wollte mich ein bi\u00dfchen \u00e4rgern und einfach nicht senkrecht werden. Ich habe mir dann zur Hilfe eine passende Dachlatte\u2026","rel":"","context":"In &quot;Allgemein&quot;","img":{"alt_text":"Trockenbau Decke Balken","src":"https:\/\/i1.wp.com\/www.dannwollenwirmal.de\/wp-content\/uploads\/2014\/05\/deckezwei.jpg?resize=350%2C200","width":350,"height":200},"classes":[]},{"id":873,"url":"http:\/\/www.dannwollenwirmal.de\/?p=873","url_meta":{"origin":845,"position":4},"title":"Zipperlein &#038; Wehwehchen","date":"1. M\u00e4rz 2015","format":false,"excerpt":"Jetzt habe ich diesen Monat so viel gewerkelt und gebaut, dass ich fast, also man k\u00f6nnte sagen beinahe, also zumindest heute mal, so wirklich die Schnauze voll habe. Alle Knochen tun mir weh, Knie und R\u00fccken sowieso, Reizhusten vom Staub und ausklingender Erk\u00e4ltung, Fliesenkleber auf den Fingern\u00e4geln. W\u00fcrde ich diese\u2026","rel":"","context":"In &quot;Allgemein&quot;","img":{"alt_text":"","src":"https:\/\/i1.wp.com\/www.dannwollenwirmal.de\/wp-content\/uploads\/2015\/02\/IMG_3287.jpg?resize=350%2C200","width":350,"height":200},"classes":[]},{"id":981,"url":"http:\/\/www.dannwollenwirmal.de\/?p=981","url_meta":{"origin":845,"position":5},"title":"Knusper, knasper! &#8211; wie zwei M\u00e4use&#8230;","date":"17. Mai 2015","format":false,"excerpt":"Regelm\u00e4\u00dfig erhalte ich ja irgendwelche Anfragen zur Kooperation dieses Blogs mit irgendwelchen Firmen und Marketing-Agenturen. Meist ist es das Angebot, vorgefertigte (Werbe)texte hier zu ver\u00f6ffentlichen und Geld daf\u00fcr zu bekommen. Solche Anfragen strafe ich nat\u00fcrlich mit Ignoranz und Verachtung. Ab und zu bekommt man aber auch n\u00fctzliche Sachen, manchmal auch\u2026","rel":"","context":"In &quot;Allgemein&quot;","img":{"alt_text":"","src":"https:\/\/i1.wp.com\/www.dannwollenwirmal.de\/wp-content\/uploads\/2015\/05\/450px-Max_und_Moritz_Busch_078.png?resize=350%2C200","width":350,"height":200},"classes":[]}],"_links":{"self":[{"href":"http:\/\/www.dannwollenwirmal.de\/index.php?rest_route=\/wp\/v2\/posts\/845"}],"collection":[{"href":"http:\/\/www.dannwollenwirmal.de\/index.php?rest_route=\/wp\/v2\/posts"}],"about":[{"href":"http:\/\/www.dannwollenwirmal.de\/index.php?rest_route=\/wp\/v2\/types\/post"}],"author":[{"embeddable":true,"href":"http:\/\/www.dannwollenwirmal.de\/index.php?rest_route=\/wp\/v2\/users\/1"}],"replies":[{"embeddable":true,"href":"http:\/\/www.dannwollenwirmal.de\/index.php?rest_route=%2Fwp%2Fv2%2Fcomments&post=845"}],"version-history":[{"count":6,"href":"http:\/\/www.dannwollenwirmal.de\/index.php?rest_route=\/wp\/v2\/posts\/845\/revisions"}],"predecessor-version":[{"id":858,"href":"http:\/\/www.dannwollenwirmal.de\/index.php?rest_route=\/wp\/v2\/posts\/845\/revisions\/858"}],"wp:attachment":[{"href":"http:\/\/www.dannwollenwirmal.de\/index.php?rest_route=%2Fwp%2Fv2%2Fmedia&parent=845"}],"wp:term":[{"taxonomy":"category","embeddable":true,"href":"http:\/\/www.dannwollenwirmal.de\/index.php?rest_route=%2Fwp%2Fv2%2Fcategories&post=845"},{"taxonomy":"post_tag","embeddable":true,"href":"http:\/\/www.dannwollenwirmal.de\/index.php?rest_route=%2Fwp%2Fv2%2Ftags&post=845"}],"curies":[{"name":"wp","href":"https:\/\/api.w.org\/{rel}","templated":true}]}}