{"id":830,"date":"2015-02-08T11:52:59","date_gmt":"2015-02-08T10:52:59","guid":{"rendered":"http:\/\/www.dannwollenwirmal.de\/?p=830"},"modified":"2016-01-15T20:05:29","modified_gmt":"2016-01-15T19:05:29","slug":"die-sache-mit-dem-fundament","status":"publish","type":"post","link":"http:\/\/www.dannwollenwirmal.de\/?p=830","title":{"rendered":"Die Sache mit dem Fundament"},"content":{"rendered":"<p>Wenn jemand anruft, der sagt, seine Wand ist kaputt, dann suche ich erstmal eine Telefonzelle. (Oh, das wird schwierig&#8230;) Ich ziehe mich blitzartig um, werfe mein Cape \u00fcber und schon bin ich&#8230;der Wand-Retter!<\/p>\n<p>Elegant wie Superman in seinen besten Jahren inspizierte ich diese Wand:<\/p>\n<p><a href=\"https:\/\/i1.wp.com\/www.dannwollenwirmal.de\/wp-content\/uploads\/2015\/02\/IMG_3236.jpg\"><img data-attachment-id=\"831\" data-permalink=\"http:\/\/www.dannwollenwirmal.de\/?attachment_id=831#main\" data-orig-file=\"https:\/\/i1.wp.com\/www.dannwollenwirmal.de\/wp-content\/uploads\/2015\/02\/IMG_3236.jpg?fit=652%2C652\" data-orig-size=\"652,652\" data-comments-opened=\"1\" data-image-meta=\"{&quot;aperture&quot;:&quot;2.2&quot;,&quot;credit&quot;:&quot;&quot;,&quot;camera&quot;:&quot;iPhone 6&quot;,&quot;caption&quot;:&quot;&quot;,&quot;created_timestamp&quot;:&quot;1421751649&quot;,&quot;copyright&quot;:&quot;&quot;,&quot;focal_length&quot;:&quot;4.15&quot;,&quot;iso&quot;:&quot;32&quot;,&quot;shutter_speed&quot;:&quot;0.033333333333333&quot;,&quot;title&quot;:&quot;&quot;,&quot;orientation&quot;:&quot;1&quot;}\" data-image-title=\"IMG_3236\" data-image-description=\"&lt;p&gt;Wand Risse&lt;\/p&gt;\n\" data-image-caption=\"\" data-medium-file=\"https:\/\/i1.wp.com\/www.dannwollenwirmal.de\/wp-content\/uploads\/2015\/02\/IMG_3236.jpg?fit=300%2C300\" data-large-file=\"https:\/\/i1.wp.com\/www.dannwollenwirmal.de\/wp-content\/uploads\/2015\/02\/IMG_3236.jpg?fit=652%2C652\" loading=\"lazy\" class=\"alignnone size-full wp-image-831\" src=\"https:\/\/i1.wp.com\/www.dannwollenwirmal.de\/wp-content\/uploads\/2015\/02\/IMG_3236.jpg?resize=652%2C652\" alt=\"IMG_3236\" width=\"652\" height=\"652\" srcset=\"https:\/\/i1.wp.com\/www.dannwollenwirmal.de\/wp-content\/uploads\/2015\/02\/IMG_3236.jpg?w=652 652w, https:\/\/i1.wp.com\/www.dannwollenwirmal.de\/wp-content\/uploads\/2015\/02\/IMG_3236.jpg?resize=150%2C150 150w, https:\/\/i1.wp.com\/www.dannwollenwirmal.de\/wp-content\/uploads\/2015\/02\/IMG_3236.jpg?resize=300%2C300 300w\" sizes=\"(max-width: 652px) 100vw, 652px\" data-recalc-dims=\"1\" \/><\/a><br \/>\n<em>Treppenf\u00f6rmige Risse in der Wand<\/em><\/p>\n<p>Risse, \u00fcberall Risse. In der Wand, in der Wand des Nebenraums, auf der anderen Seite, in einem weiteren Raum. Was war hier los?<\/p>\n<p><a href=\"https:\/\/i1.wp.com\/www.dannwollenwirmal.de\/wp-content\/uploads\/2015\/02\/IMG_3239.jpg\"><img data-attachment-id=\"832\" data-permalink=\"http:\/\/www.dannwollenwirmal.de\/?attachment_id=832#main\" data-orig-file=\"https:\/\/i1.wp.com\/www.dannwollenwirmal.de\/wp-content\/uploads\/2015\/02\/IMG_3239.jpg?fit=652%2C652\" data-orig-size=\"652,652\" data-comments-opened=\"1\" data-image-meta=\"{&quot;aperture&quot;:&quot;2.2&quot;,&quot;credit&quot;:&quot;&quot;,&quot;camera&quot;:&quot;iPhone 6&quot;,&quot;caption&quot;:&quot;&quot;,&quot;created_timestamp&quot;:&quot;1421751683&quot;,&quot;copyright&quot;:&quot;&quot;,&quot;focal_length&quot;:&quot;4.15&quot;,&quot;iso&quot;:&quot;100&quot;,&quot;shutter_speed&quot;:&quot;0.033333333333333&quot;,&quot;title&quot;:&quot;&quot;,&quot;orientation&quot;:&quot;1&quot;}\" data-image-title=\"IMG_3239\" data-image-description=\"&lt;p&gt;Risse Wand Setzrisse&lt;\/p&gt;\n\" data-image-caption=\"\" data-medium-file=\"https:\/\/i1.wp.com\/www.dannwollenwirmal.de\/wp-content\/uploads\/2015\/02\/IMG_3239.jpg?fit=300%2C300\" data-large-file=\"https:\/\/i1.wp.com\/www.dannwollenwirmal.de\/wp-content\/uploads\/2015\/02\/IMG_3239.jpg?fit=652%2C652\" loading=\"lazy\" class=\"alignnone size-full wp-image-832\" src=\"https:\/\/i1.wp.com\/www.dannwollenwirmal.de\/wp-content\/uploads\/2015\/02\/IMG_3239.jpg?resize=652%2C652\" alt=\"IMG_3239\" width=\"652\" height=\"652\" srcset=\"https:\/\/i1.wp.com\/www.dannwollenwirmal.de\/wp-content\/uploads\/2015\/02\/IMG_3239.jpg?w=652 652w, https:\/\/i1.wp.com\/www.dannwollenwirmal.de\/wp-content\/uploads\/2015\/02\/IMG_3239.jpg?resize=150%2C150 150w, https:\/\/i1.wp.com\/www.dannwollenwirmal.de\/wp-content\/uploads\/2015\/02\/IMG_3239.jpg?resize=300%2C300 300w\" sizes=\"(max-width: 652px) 100vw, 652px\" data-recalc-dims=\"1\" \/><\/a><br \/>\n<em>Risse im Nebenraum<\/em><\/p>\n<p>Bei sowas sind Schnellsch\u00fcsse und voreilige Vemutungen meistens falsch. Man muss erstmal \u00fcber die Dinge nachdenken. Ich habe tats\u00e4chlich ein paar Tage nachgedacht, nochmal geschaut, ein bi\u00dfchen geforscht, wieder nachgedacht, mir einen Plan zurechtgelegt und bin dann ans Werk gegangen. Alles im Wandretter-Cape, nat\u00fcrlich.<\/p>\n<p>Die hier zu sehende Mauer ist ein Bauwerk mit einem Alter von wenigstens 100 Jahren, das in letzter Zeit merkliche Risse bekommen hat. Es ist keine tragende Wand, weil die Betondecke auf einem Tr\u00e4ger aufliegt, der die Wand \u00fcberspannt. Trotzdem sollte man solch massiver Rissbildung auf den Grund gehen. Die Ursache ist, dass jahrelanges \u00dcberlaufen und Wegsickern von Wasser aus einer Regentonne das Fundament an dieser Stelle untersp\u00fclt hat und ein Teil der Wand daher rund drei Zentimeter abgesackt ist.<\/p>\n<p>Wobei, <em>Fundament<\/em> ist \u00fcbertrieben, die Wand wurde etwa 60 Zentimeter ins Erdreich gemauert und gr\u00fcndert auf einem Streifen aus Schutt und kleinen Betonanteilen. Ich denke, dass die Regentonne einem modernen Fundament nicht so viel ausgemacht h\u00e4tte.<\/p>\n<p><a href=\"https:\/\/i2.wp.com\/www.dannwollenwirmal.de\/wp-content\/uploads\/2015\/02\/IMG_3240.jpg\"><img data-attachment-id=\"833\" data-permalink=\"http:\/\/www.dannwollenwirmal.de\/?attachment_id=833#main\" data-orig-file=\"https:\/\/i1.wp.com\/www.dannwollenwirmal.de\/wp-content\/uploads\/2015\/02\/IMG_3240-e1423256955783.jpg?fit=1280%2C1280\" data-orig-size=\"1280,1280\" data-comments-opened=\"1\" data-image-meta=\"{&quot;aperture&quot;:&quot;2.2&quot;,&quot;credit&quot;:&quot;&quot;,&quot;camera&quot;:&quot;iPhone 6&quot;,&quot;caption&quot;:&quot;&quot;,&quot;created_timestamp&quot;:&quot;1421751693&quot;,&quot;copyright&quot;:&quot;&quot;,&quot;focal_length&quot;:&quot;4.15&quot;,&quot;iso&quot;:&quot;250&quot;,&quot;shutter_speed&quot;:&quot;0.05&quot;,&quot;title&quot;:&quot;&quot;,&quot;orientation&quot;:&quot;6&quot;}\" data-image-title=\"IMG_3240\" data-image-description=\"\" data-image-caption=\"\" data-medium-file=\"https:\/\/i1.wp.com\/www.dannwollenwirmal.de\/wp-content\/uploads\/2015\/02\/IMG_3240-e1423256955783.jpg?fit=300%2C300\" data-large-file=\"https:\/\/i1.wp.com\/www.dannwollenwirmal.de\/wp-content\/uploads\/2015\/02\/IMG_3240-e1423256955783.jpg?fit=652%2C652\" loading=\"lazy\" class=\"alignnone wp-image-833 size-large\" src=\"https:\/\/i1.wp.com\/www.dannwollenwirmal.de\/wp-content\/uploads\/2015\/02\/IMG_3240-e1423256955783-1024x1024.jpg?resize=652%2C652\" alt=\"IMG_3240\" width=\"652\" height=\"652\" srcset=\"https:\/\/i1.wp.com\/www.dannwollenwirmal.de\/wp-content\/uploads\/2015\/02\/IMG_3240-e1423256955783.jpg?resize=1024%2C1024 1024w, https:\/\/i1.wp.com\/www.dannwollenwirmal.de\/wp-content\/uploads\/2015\/02\/IMG_3240-e1423256955783.jpg?resize=150%2C150 150w, https:\/\/i1.wp.com\/www.dannwollenwirmal.de\/wp-content\/uploads\/2015\/02\/IMG_3240-e1423256955783.jpg?resize=300%2C300 300w, https:\/\/i1.wp.com\/www.dannwollenwirmal.de\/wp-content\/uploads\/2015\/02\/IMG_3240-e1423256955783.jpg?w=1280 1280w\" sizes=\"(max-width: 652px) 100vw, 652px\" data-recalc-dims=\"1\" \/><\/a><br \/>\n<em>Erstmal graben!<\/em><\/p>\n<p>Mein Plan war, nicht nur die Risse auszubessern, sondern das Fundament zu stabilisieren. Dazu muss man unter das bestehende Fundament kommen; wenn man dieses aber komplett untergr\u00e4bt, sackt die Mauer ja erst recht ab. Klassich wird dann von beiden Seiten neben der Wand bis zur Sohle und halb unter das Fundament gegraben und dann dort Verst\u00e4rkungsma\u00dfnahmen eingeleitet.<\/p>\n<p><a href=\"https:\/\/i2.wp.com\/www.dannwollenwirmal.de\/wp-content\/uploads\/2015\/02\/IMG_3238.jpg\"><img data-attachment-id=\"834\" data-permalink=\"http:\/\/www.dannwollenwirmal.de\/?attachment_id=834#main\" data-orig-file=\"https:\/\/i2.wp.com\/www.dannwollenwirmal.de\/wp-content\/uploads\/2015\/02\/IMG_3238.jpg?fit=652%2C652\" data-orig-size=\"652,652\" data-comments-opened=\"1\" data-image-meta=\"{&quot;aperture&quot;:&quot;2.2&quot;,&quot;credit&quot;:&quot;&quot;,&quot;camera&quot;:&quot;iPhone 6&quot;,&quot;caption&quot;:&quot;&quot;,&quot;created_timestamp&quot;:&quot;1421751670&quot;,&quot;copyright&quot;:&quot;&quot;,&quot;focal_length&quot;:&quot;4.15&quot;,&quot;iso&quot;:&quot;200&quot;,&quot;shutter_speed&quot;:&quot;0.033333333333333&quot;,&quot;title&quot;:&quot;&quot;,&quot;orientation&quot;:&quot;1&quot;}\" data-image-title=\"IMG_3238\" data-image-description=\"\" data-image-caption=\"\" data-medium-file=\"https:\/\/i2.wp.com\/www.dannwollenwirmal.de\/wp-content\/uploads\/2015\/02\/IMG_3238.jpg?fit=300%2C300\" data-large-file=\"https:\/\/i2.wp.com\/www.dannwollenwirmal.de\/wp-content\/uploads\/2015\/02\/IMG_3238.jpg?fit=652%2C652\" loading=\"lazy\" class=\"alignnone size-full wp-image-834\" src=\"https:\/\/i2.wp.com\/www.dannwollenwirmal.de\/wp-content\/uploads\/2015\/02\/IMG_3238.jpg?resize=652%2C652\" alt=\"IMG_3238\" width=\"652\" height=\"652\" srcset=\"https:\/\/i2.wp.com\/www.dannwollenwirmal.de\/wp-content\/uploads\/2015\/02\/IMG_3238.jpg?w=652 652w, https:\/\/i2.wp.com\/www.dannwollenwirmal.de\/wp-content\/uploads\/2015\/02\/IMG_3238.jpg?resize=150%2C150 150w, https:\/\/i2.wp.com\/www.dannwollenwirmal.de\/wp-content\/uploads\/2015\/02\/IMG_3238.jpg?resize=300%2C300 300w\" sizes=\"(max-width: 652px) 100vw, 652px\" data-recalc-dims=\"1\" \/><\/a><br \/>\n<em>Sohle unter dem Fundament erreichen<\/em><\/p>\n<p>Da auf der einen Seite aber ein gefliestes Ladengesch\u00e4ft ist und die Wand ja nicht tragend ist, entschied ich mich f\u00fcr eine einseitige Variante. Und bis jetzt hat es gehalten! (ok, ist erst ein paar Wochen her&#8230;)<\/p>\n<p><a href=\"https:\/\/i0.wp.com\/www.dannwollenwirmal.de\/wp-content\/uploads\/2015\/02\/IMG_3237.jpg\"><img data-attachment-id=\"837\" data-permalink=\"http:\/\/www.dannwollenwirmal.de\/?attachment_id=837#main\" data-orig-file=\"https:\/\/i0.wp.com\/www.dannwollenwirmal.de\/wp-content\/uploads\/2015\/02\/IMG_3237.jpg?fit=652%2C652\" data-orig-size=\"652,652\" data-comments-opened=\"1\" data-image-meta=\"{&quot;aperture&quot;:&quot;2.2&quot;,&quot;credit&quot;:&quot;&quot;,&quot;camera&quot;:&quot;iPhone 6&quot;,&quot;caption&quot;:&quot;&quot;,&quot;created_timestamp&quot;:&quot;1421751661&quot;,&quot;copyright&quot;:&quot;&quot;,&quot;focal_length&quot;:&quot;4.15&quot;,&quot;iso&quot;:&quot;80&quot;,&quot;shutter_speed&quot;:&quot;0.033333333333333&quot;,&quot;title&quot;:&quot;&quot;,&quot;orientation&quot;:&quot;1&quot;}\" data-image-title=\"IMG_3237\" data-image-description=\"&lt;p&gt;Fundament stabilisieren&lt;\/p&gt;\n\" data-image-caption=\"\" data-medium-file=\"https:\/\/i0.wp.com\/www.dannwollenwirmal.de\/wp-content\/uploads\/2015\/02\/IMG_3237.jpg?fit=300%2C300\" data-large-file=\"https:\/\/i0.wp.com\/www.dannwollenwirmal.de\/wp-content\/uploads\/2015\/02\/IMG_3237.jpg?fit=652%2C652\" loading=\"lazy\" class=\"alignnone size-full wp-image-837\" src=\"https:\/\/i0.wp.com\/www.dannwollenwirmal.de\/wp-content\/uploads\/2015\/02\/IMG_3237.jpg?resize=652%2C652\" alt=\"IMG_3237\" width=\"652\" height=\"652\" srcset=\"https:\/\/i0.wp.com\/www.dannwollenwirmal.de\/wp-content\/uploads\/2015\/02\/IMG_3237.jpg?w=652 652w, https:\/\/i0.wp.com\/www.dannwollenwirmal.de\/wp-content\/uploads\/2015\/02\/IMG_3237.jpg?resize=150%2C150 150w, https:\/\/i0.wp.com\/www.dannwollenwirmal.de\/wp-content\/uploads\/2015\/02\/IMG_3237.jpg?resize=300%2C300 300w\" sizes=\"(max-width: 652px) 100vw, 652px\" data-recalc-dims=\"1\" \/><\/a><br \/>\n<em>Graben<\/em><\/p>\n<p>Ich grub also neben der Wand einen etwa 30 cm breiten Graben, der so tief wie die Wand war, und grub auch etwas unter das Fundament. Nun habe ich in jedem Ziegelstein einen Anker eingebracht. Die gibt es in professionell <a href=\"http:\/\/www.dywidag-systems.de\/produkte\/geotechnik\/gewir-system-anschlussbewehrung.html\"><strong>(hier zum Beispiel)<\/strong><\/a>, ich habe alleredings die Variante do-it-yourself gew\u00e4hlt, bedeutet: Einen Baustahl von 10mm St\u00e4rke genommen, ihn in 30 cm lange St\u00fccke geschnitten und nun jeden Ziegelstein mit einem 12mm-Bohrer mit einem Loch versehen. In das ges\u00e4uberte Loch kommt Montagekleber von der guten Sorte, und der Anker wird eingesetzt.<\/p>\n<p><a href=\"https:\/\/i1.wp.com\/www.dannwollenwirmal.de\/wp-content\/uploads\/2015\/02\/IMG_3244.jpg\"><img data-attachment-id=\"838\" data-permalink=\"http:\/\/www.dannwollenwirmal.de\/?attachment_id=838#main\" data-orig-file=\"https:\/\/i1.wp.com\/www.dannwollenwirmal.de\/wp-content\/uploads\/2015\/02\/IMG_3244.jpg?fit=652%2C652\" data-orig-size=\"652,652\" data-comments-opened=\"1\" data-image-meta=\"{&quot;aperture&quot;:&quot;2.2&quot;,&quot;credit&quot;:&quot;&quot;,&quot;camera&quot;:&quot;iPhone 6&quot;,&quot;caption&quot;:&quot;&quot;,&quot;created_timestamp&quot;:&quot;1421850984&quot;,&quot;copyright&quot;:&quot;&quot;,&quot;focal_length&quot;:&quot;4.15&quot;,&quot;iso&quot;:&quot;32&quot;,&quot;shutter_speed&quot;:&quot;0.025&quot;,&quot;title&quot;:&quot;&quot;,&quot;orientation&quot;:&quot;1&quot;}\" data-image-title=\"IMG_3244\" data-image-description=\"&lt;p&gt;Anker und Bewehrung&lt;\/p&gt;\n\" data-image-caption=\"\" data-medium-file=\"https:\/\/i1.wp.com\/www.dannwollenwirmal.de\/wp-content\/uploads\/2015\/02\/IMG_3244.jpg?fit=300%2C300\" data-large-file=\"https:\/\/i1.wp.com\/www.dannwollenwirmal.de\/wp-content\/uploads\/2015\/02\/IMG_3244.jpg?fit=652%2C652\" loading=\"lazy\" class=\"alignnone size-full wp-image-838\" src=\"https:\/\/i1.wp.com\/www.dannwollenwirmal.de\/wp-content\/uploads\/2015\/02\/IMG_3244.jpg?resize=652%2C652\" alt=\"IMG_3244\" width=\"652\" height=\"652\" srcset=\"https:\/\/i1.wp.com\/www.dannwollenwirmal.de\/wp-content\/uploads\/2015\/02\/IMG_3244.jpg?w=652 652w, https:\/\/i1.wp.com\/www.dannwollenwirmal.de\/wp-content\/uploads\/2015\/02\/IMG_3244.jpg?resize=150%2C150 150w, https:\/\/i1.wp.com\/www.dannwollenwirmal.de\/wp-content\/uploads\/2015\/02\/IMG_3244.jpg?resize=300%2C300 300w\" sizes=\"(max-width: 652px) 100vw, 652px\" data-recalc-dims=\"1\" \/><\/a><br \/>\n<em>Anker und Bewehrung<\/em><\/p>\n<p>Unter die Anker habe ich noch eine Stahlbewehrung angebracht und diese mit Draht mit den Ankern verbunden.<\/p>\n<p>Ob man das so macht? Keine Ahnung! Aber ich finde es sehr stimmig, au\u00dferdem ist die Wand (erw\u00e4hnte ich das schon?) nicht tragend und ich werde es schon die n\u00e4chsten Monate bis Jahre beobachten und dann hier Bericht erstatten.<\/p>\n<p>Das Ganze wurde dann mit Beton aufgef\u00fcllt:<\/p>\n<p><a href=\"https:\/\/i1.wp.com\/www.dannwollenwirmal.de\/wp-content\/uploads\/2015\/02\/IMG_3245.jpg\"><img data-attachment-id=\"840\" data-permalink=\"http:\/\/www.dannwollenwirmal.de\/?attachment_id=840#main\" data-orig-file=\"https:\/\/i1.wp.com\/www.dannwollenwirmal.de\/wp-content\/uploads\/2015\/02\/IMG_3245.jpg?fit=652%2C652\" data-orig-size=\"652,652\" data-comments-opened=\"1\" data-image-meta=\"{&quot;aperture&quot;:&quot;2.2&quot;,&quot;credit&quot;:&quot;&quot;,&quot;camera&quot;:&quot;iPhone 6&quot;,&quot;caption&quot;:&quot;&quot;,&quot;created_timestamp&quot;:&quot;1421855301&quot;,&quot;copyright&quot;:&quot;&quot;,&quot;focal_length&quot;:&quot;4.15&quot;,&quot;iso&quot;:&quot;200&quot;,&quot;shutter_speed&quot;:&quot;0.033333333333333&quot;,&quot;title&quot;:&quot;&quot;,&quot;orientation&quot;:&quot;1&quot;}\" data-image-title=\"IMG_3245\" data-image-description=\"\" data-image-caption=\"\" data-medium-file=\"https:\/\/i1.wp.com\/www.dannwollenwirmal.de\/wp-content\/uploads\/2015\/02\/IMG_3245.jpg?fit=300%2C300\" data-large-file=\"https:\/\/i1.wp.com\/www.dannwollenwirmal.de\/wp-content\/uploads\/2015\/02\/IMG_3245.jpg?fit=652%2C652\" loading=\"lazy\" class=\"alignnone size-large wp-image-840\" src=\"https:\/\/i1.wp.com\/www.dannwollenwirmal.de\/wp-content\/uploads\/2015\/02\/IMG_3245.jpg?resize=652%2C652\" alt=\"IMG_3245\" width=\"652\" height=\"652\" srcset=\"https:\/\/i1.wp.com\/www.dannwollenwirmal.de\/wp-content\/uploads\/2015\/02\/IMG_3245.jpg?w=652 652w, https:\/\/i1.wp.com\/www.dannwollenwirmal.de\/wp-content\/uploads\/2015\/02\/IMG_3245.jpg?resize=150%2C150 150w, https:\/\/i1.wp.com\/www.dannwollenwirmal.de\/wp-content\/uploads\/2015\/02\/IMG_3245.jpg?resize=300%2C300 300w\" sizes=\"(max-width: 652px) 100vw, 652px\" data-recalc-dims=\"1\" \/><\/a><br \/>\n<em>Beton!<\/em><\/p>\n<p>Wichtig dabei ist, dass der Beton gut verdichtet wird, also kr\u00e4ftig drin rumstochern, damit er \u00fcberall hinkommt und sch\u00f6n dicht ist. Das muss jetzt erstmal ein wenig trocknen und beim n\u00e4chten Mal geht es dann darum, wie die Risse verschlossen werden und eine Wandseite neu verputzt wird.<\/p>\n<p>Bis dahin bleibe ich einfach in dieser Telefonzelle.<\/p>\n<p>&nbsp;<\/p>\n<div class=\"sharedaddy sd-sharing-enabled\"><div class=\"robots-nocontent sd-block sd-social sd-social-icon-text sd-sharing\"><h3 class=\"sd-title\">Teilen mit:<\/h3><div class=\"sd-content\"><ul><li class=\"share-email\"><a rel=\"nofollow noopener noreferrer\" data-shared=\"\" class=\"share-email sd-button share-icon\" href=\"http:\/\/www.dannwollenwirmal.de\/?p=830&amp;share=email\" target=\"_blank\" title=\"Klick, um dies einem Freund per E-Mail zu senden\"><span>E-Mail<\/span><\/a><\/li><li class=\"share-print\"><a rel=\"nofollow noopener noreferrer\" data-shared=\"\" class=\"share-print sd-button share-icon\" href=\"http:\/\/www.dannwollenwirmal.de\/?p=830\" target=\"_blank\" title=\"Klicken zum Ausdrucken\"><span>Drucken<\/span><\/a><\/li><li class=\"share-facebook\"><a rel=\"nofollow noopener noreferrer\" data-shared=\"sharing-facebook-830\" class=\"share-facebook sd-button share-icon\" href=\"http:\/\/www.dannwollenwirmal.de\/?p=830&amp;share=facebook\" target=\"_blank\" title=\"Klick, um auf Facebook zu teilen\"><span>Facebook<\/span><\/a><\/li><li class=\"share-twitter\"><a rel=\"nofollow noopener noreferrer\" data-shared=\"sharing-twitter-830\" class=\"share-twitter sd-button share-icon\" href=\"http:\/\/www.dannwollenwirmal.de\/?p=830&amp;share=twitter\" target=\"_blank\" title=\"Klick, um \u00fcber Twitter zu teilen\"><span>Twitter<\/span><\/a><\/li><li class=\"share-pinterest\"><a rel=\"nofollow noopener noreferrer\" data-shared=\"sharing-pinterest-830\" class=\"share-pinterest sd-button share-icon\" href=\"http:\/\/www.dannwollenwirmal.de\/?p=830&amp;share=pinterest\" target=\"_blank\" title=\"Klick, um auf Pinterest zu teilen\"><span>Pinterest<\/span><\/a><\/li><li class=\"share-linkedin\"><a rel=\"nofollow noopener noreferrer\" data-shared=\"sharing-linkedin-830\" class=\"share-linkedin sd-button share-icon\" href=\"http:\/\/www.dannwollenwirmal.de\/?p=830&amp;share=linkedin\" target=\"_blank\" title=\"Klick, um auf LinkedIn zu teilen\"><span>LinkedIn<\/span><\/a><\/li><li class=\"share-end\"><\/li><\/ul><\/div><\/div><\/div>","protected":false},"excerpt":{"rendered":"<p>Wenn jemand anruft, der sagt, seine Wand ist kaputt, dann suche ich erstmal eine Telefonzelle. (Oh, das wird schwierig&#8230;) Ich ziehe mich blitzartig um, werfe mein Cape \u00fcber und schon bin ich&#8230;der Wand-Retter! Elegant wie Superman in seinen besten Jahren inspizierte ich diese Wand: Treppenf\u00f6rmige Risse in der Wand Risse, \u00fcberall Risse. In der Wand, [&hellip;]<\/p>\n<div class=\"sharedaddy sd-sharing-enabled\"><div class=\"robots-nocontent sd-block sd-social sd-social-icon-text sd-sharing\"><h3 class=\"sd-title\">Teilen mit:<\/h3><div class=\"sd-content\"><ul><li class=\"share-email\"><a rel=\"nofollow noopener noreferrer\" data-shared=\"\" class=\"share-email sd-button share-icon\" href=\"http:\/\/www.dannwollenwirmal.de\/?p=830&amp;share=email\" target=\"_blank\" title=\"Klick, um dies einem Freund per E-Mail zu senden\"><span>E-Mail<\/span><\/a><\/li><li class=\"share-print\"><a rel=\"nofollow noopener noreferrer\" data-shared=\"\" class=\"share-print sd-button share-icon\" href=\"http:\/\/www.dannwollenwirmal.de\/?p=830\" target=\"_blank\" title=\"Klicken zum Ausdrucken\"><span>Drucken<\/span><\/a><\/li><li class=\"share-facebook\"><a rel=\"nofollow noopener noreferrer\" data-shared=\"sharing-facebook-830\" class=\"share-facebook sd-button share-icon\" href=\"http:\/\/www.dannwollenwirmal.de\/?p=830&amp;share=facebook\" target=\"_blank\" title=\"Klick, um auf Facebook zu teilen\"><span>Facebook<\/span><\/a><\/li><li class=\"share-twitter\"><a rel=\"nofollow noopener noreferrer\" data-shared=\"sharing-twitter-830\" class=\"share-twitter sd-button share-icon\" href=\"http:\/\/www.dannwollenwirmal.de\/?p=830&amp;share=twitter\" target=\"_blank\" title=\"Klick, um \u00fcber Twitter zu teilen\"><span>Twitter<\/span><\/a><\/li><li class=\"share-pinterest\"><a rel=\"nofollow noopener noreferrer\" data-shared=\"sharing-pinterest-830\" class=\"share-pinterest sd-button share-icon\" href=\"http:\/\/www.dannwollenwirmal.de\/?p=830&amp;share=pinterest\" target=\"_blank\" title=\"Klick, um auf Pinterest zu teilen\"><span>Pinterest<\/span><\/a><\/li><li class=\"share-linkedin\"><a rel=\"nofollow noopener noreferrer\" data-shared=\"sharing-linkedin-830\" class=\"share-linkedin sd-button share-icon\" href=\"http:\/\/www.dannwollenwirmal.de\/?p=830&amp;share=linkedin\" target=\"_blank\" title=\"Klick, um auf LinkedIn zu teilen\"><span>LinkedIn<\/span><\/a><\/li><li class=\"share-end\"><\/li><\/ul><\/div><\/div><\/div>","protected":false},"author":1,"featured_media":0,"comment_status":"open","ping_status":"open","sticky":false,"template":"","format":"standard","meta":{"advanced_seo_description":"","spay_email":"","jetpack_publicize_message":"","jetpack_is_tweetstorm":false,"jetpack_publicize_feature_enabled":true},"categories":[1,76,322],"tags":[209,206,208,207],"jetpack_featured_media_url":"","jetpack_publicize_connections":[],"jetpack_shortlink":"https:\/\/wp.me\/p3WtlO-do","jetpack_sharing_enabled":true,"jetpack-related-posts":[{"id":1260,"url":"http:\/\/www.dannwollenwirmal.de\/?p=1260","url_meta":{"origin":830,"position":0},"title":"Rebellion!","date":"10. Januar 2016","format":false,"excerpt":"Vielen Dank, liebste Leser, f\u00fcr die gro\u00dfe Resonanz auf den M\u00fcllbeitrag von letzter Woche! Kaum schreibe ich mal nicht \u00fcber Staub und Dreck, werden alle wieder wach! Viele Leute teilten mir in reichlichen Zuschriften ihre pers\u00f6nlichen M\u00fclltonnengr\u00f6\u00dfen mit, hier im Blog wird noch eifrig \u00fcber Katzenstreu diskutiert (Danke f\u00fcr den\u2026","rel":"","context":"In &quot;Allgemein&quot;","img":{"alt_text":"","src":"https:\/\/i0.wp.com\/www.dannwollenwirmal.de\/wp-content\/uploads\/2016\/01\/IMG_4015.jpg?resize=350%2C200","width":350,"height":200},"classes":[]},{"id":845,"url":"http:\/\/www.dannwollenwirmal.de\/?p=845","url_meta":{"origin":830,"position":1},"title":"M\u00e4nnertr\u00e4ume","date":"15. Februar 2015","format":false,"excerpt":"W\u00e4hrend mich der Winter mit seinem nasskalten Wetter und nun auch noch einer Erkl\u00e4tung allm\u00e4hlich nervt, feiert mein Gaumen schon Fr\u00fchling, denn an dem Haribo-Oster-Mix (500g) konnte ich einfach nicht vorbeigehen und ich bin bereits am Boden der Dose angekomen... Apropos Fr\u00fchling: Da hab ich doch glatt Fr\u00fchlingsgef\u00fchle, ich habe\u2026","rel":"","context":"In &quot;Allgemein&quot;","img":{"alt_text":"","src":"https:\/\/i2.wp.com\/www.dannwollenwirmal.de\/wp-content\/uploads\/2015\/02\/IMG_3262.jpg?resize=350%2C200","width":350,"height":200},"classes":[]},{"id":813,"url":"http:\/\/www.dannwollenwirmal.de\/?p=813","url_meta":{"origin":830,"position":2},"title":"Schluss, Aus, Ende!","date":"25. Januar 2015","format":false,"excerpt":"Wie sch\u00f6n, wie sch\u00f6n, es ist vollbracht-und ich ziehe einen dicken Schlu\u00dfstrich unter das Kapitel \u201eDachboden-Ausbau\u201c! Wenn ich vorher geahnt h\u00e4tte, wie viel Arbeit das Ganze wird, h\u00e4tte ich es mir sicher dreimal \u00fcberlegt. Es ist ja einiges abgearbeitet worden, um aus einem Dachboden mit \u201enackten Pfannen\u201c einen isolierten Wohnraum\u2026","rel":"","context":"In &quot;Allgemein&quot;","img":{"alt_text":"","src":"https:\/\/i1.wp.com\/www.dannwollenwirmal.de\/wp-content\/uploads\/2015\/01\/IMG_3159.jpg?resize=350%2C200","width":350,"height":200},"classes":[]},{"id":1699,"url":"http:\/\/www.dannwollenwirmal.de\/?p=1699","url_meta":{"origin":830,"position":3},"title":"Leser fragen &#8211; dannwollenwirmal antwortet","date":"13. November 2016","format":false,"excerpt":"In regelm\u00e4\u00dfigen Abst\u00e4nden w\u00e4hle ich Suchbegriffe aus, mit denen Menschen (warum auch immer) auf meinem Blog landen, um hier gewohnt fachkompetent Antworten auf die dringendsten Fragen des Lebens zu geben. \"kann man steinwolle streichen?\" Mal wieder eine Spitzen-Idee! Das ich da noch gar nicht drauf gekommen bin?! Nat\u00fcrlich kann man\u2026","rel":"","context":"In &quot;Allgemein&quot;","img":{"alt_text":"","src":"","width":0,"height":0},"classes":[]},{"id":1715,"url":"http:\/\/www.dannwollenwirmal.de\/?p=1715","url_meta":{"origin":830,"position":4},"title":"Festhalten","date":"27. November 2016","format":false,"excerpt":"Advent ist an sich recht besinnlich Die Kerze brennt, es duftet himmlisch Doch hat die Ruhe oft gelitten, wird laut der T\u00fcrsturz eingeschnitten. In diesem Sinne, werte Leser, allen einen sch\u00f6nen ersten Advent; das mit dem Gedicht hatten wir schon besser, aber sei's drum - der gute Wille z\u00e4hlt und\u2026","rel":"","context":"In &quot;Allgemein&quot;","img":{"alt_text":"","src":"https:\/\/i2.wp.com\/www.dannwollenwirmal.de\/wp-content\/uploads\/2016\/11\/IMG_4995.jpg?resize=350%2C200","width":350,"height":200},"classes":[]},{"id":873,"url":"http:\/\/www.dannwollenwirmal.de\/?p=873","url_meta":{"origin":830,"position":5},"title":"Zipperlein &#038; Wehwehchen","date":"1. M\u00e4rz 2015","format":false,"excerpt":"Jetzt habe ich diesen Monat so viel gewerkelt und gebaut, dass ich fast, also man k\u00f6nnte sagen beinahe, also zumindest heute mal, so wirklich die Schnauze voll habe. Alle Knochen tun mir weh, Knie und R\u00fccken sowieso, Reizhusten vom Staub und ausklingender Erk\u00e4ltung, Fliesenkleber auf den Fingern\u00e4geln. W\u00fcrde ich diese\u2026","rel":"","context":"In &quot;Allgemein&quot;","img":{"alt_text":"","src":"https:\/\/i1.wp.com\/www.dannwollenwirmal.de\/wp-content\/uploads\/2015\/02\/IMG_3287.jpg?resize=350%2C200","width":350,"height":200},"classes":[]}],"_links":{"self":[{"href":"http:\/\/www.dannwollenwirmal.de\/index.php?rest_route=\/wp\/v2\/posts\/830"}],"collection":[{"href":"http:\/\/www.dannwollenwirmal.de\/index.php?rest_route=\/wp\/v2\/posts"}],"about":[{"href":"http:\/\/www.dannwollenwirmal.de\/index.php?rest_route=\/wp\/v2\/types\/post"}],"author":[{"embeddable":true,"href":"http:\/\/www.dannwollenwirmal.de\/index.php?rest_route=\/wp\/v2\/users\/1"}],"replies":[{"embeddable":true,"href":"http:\/\/www.dannwollenwirmal.de\/index.php?rest_route=%2Fwp%2Fv2%2Fcomments&post=830"}],"version-history":[{"count":4,"href":"http:\/\/www.dannwollenwirmal.de\/index.php?rest_route=\/wp\/v2\/posts\/830\/revisions"}],"predecessor-version":[{"id":843,"href":"http:\/\/www.dannwollenwirmal.de\/index.php?rest_route=\/wp\/v2\/posts\/830\/revisions\/843"}],"wp:attachment":[{"href":"http:\/\/www.dannwollenwirmal.de\/index.php?rest_route=%2Fwp%2Fv2%2Fmedia&parent=830"}],"wp:term":[{"taxonomy":"category","embeddable":true,"href":"http:\/\/www.dannwollenwirmal.de\/index.php?rest_route=%2Fwp%2Fv2%2Fcategories&post=830"},{"taxonomy":"post_tag","embeddable":true,"href":"http:\/\/www.dannwollenwirmal.de\/index.php?rest_route=%2Fwp%2Fv2%2Ftags&post=830"}],"curies":[{"name":"wp","href":"https:\/\/api.w.org\/{rel}","templated":true}]}}