{"id":813,"date":"2015-01-25T13:34:30","date_gmt":"2015-01-25T12:34:30","guid":{"rendered":"http:\/\/www.dannwollenwirmal.de\/?p=813"},"modified":"2016-01-15T20:05:50","modified_gmt":"2016-01-15T19:05:50","slug":"schluss-aus-ende","status":"publish","type":"post","link":"http:\/\/www.dannwollenwirmal.de\/?p=813","title":{"rendered":"Schluss, Aus, Ende!"},"content":{"rendered":"<p>Wie sch\u00f6n, wie sch\u00f6n, es ist vollbracht-und ich ziehe einen dicken Schlu\u00dfstrich unter das Kapitel \u201eDachboden-Ausbau\u201c! Wenn ich vorher geahnt h\u00e4tte, wie viel Arbeit das Ganze wird, h\u00e4tte ich es mir sicher dreimal \u00fcberlegt. Es ist ja einiges abgearbeitet worden, um aus einem Dachboden mit \u201enackten Pfannen\u201c einen isolierten Wohnraum zu machen:<\/p>\n<p>-Verschmierung der Dachziegel nachgebessert und erneuert<br \/>\n-Verschmierung der Dachziegel in der Traufe entfernt und letzte Reihe Ziegel zus\u00e4tzlich befestigt<br \/>\n-Decke zum Spitzboden verschlossen und isoliert<br \/>\n-DWD-Platten in den Sparrenfeldern angebracht<br \/>\n-Traufbleche zum Wasserablauf an den DWD-Platten montiert<br \/>\n-Sparren aufgedoppelt<br \/>\n-Elektroinstallation<br \/>\n-Heizungsinstallation<br \/>\n-Isolierung eingebracht<br \/>\n-Dampfbremse montiert<br \/>\n-Trockenbauprofile mit Direktabh\u00e4ngern angebracht<br \/>\n-Kopf aufgeschlitzt<br \/>\n-Trockenbauwand mit T\u00fcr\u00f6ffnung aufgestellt<br \/>\n-Wand, Decke, Schr\u00e4gen beplankt<br \/>\n-Drempel aufgestellt und beplankt<br \/>\n-Klappe zum Spitzboden eingebaut<br \/>\n-Gespachtelt und geschlifen<br \/>\n-Reibeputz an Decke, Wand und Schr\u00e4gen<br \/>\n-Holzdielen verlegt, ge\u00f6lt, poliert, ge\u00f6lt, poliert<br \/>\n-T\u00fcr eingesetzt<br \/>\n&#8211; Fu\u00dfleisten montiert<\/p>\n<p>Das war\u2019s auch schon \ud83d\ude42<\/p>\n<p><a href=\"https:\/\/i2.wp.com\/www.dannwollenwirmal.de\/wp-content\/uploads\/2013\/09\/img_2197.jpg\"><img data-attachment-id=\"27\" data-permalink=\"http:\/\/www.dannwollenwirmal.de\/?attachment_id=27#main\" data-orig-file=\"https:\/\/i2.wp.com\/www.dannwollenwirmal.de\/wp-content\/uploads\/2013\/09\/img_2197.jpg?fit=3264%2C2448\" data-orig-size=\"3264,2448\" data-comments-opened=\"1\" data-image-meta=\"{&quot;aperture&quot;:&quot;2.4&quot;,&quot;credit&quot;:&quot;&quot;,&quot;camera&quot;:&quot;iPhone 5&quot;,&quot;caption&quot;:&quot;&quot;,&quot;created_timestamp&quot;:&quot;1379406480&quot;,&quot;copyright&quot;:&quot;&quot;,&quot;focal_length&quot;:&quot;4.13&quot;,&quot;iso&quot;:&quot;200&quot;,&quot;shutter_speed&quot;:&quot;0.05&quot;,&quot;title&quot;:&quot;&quot;}\" data-image-title=\"IMG_2197\" data-image-description=\"\" data-image-caption=\"\" data-medium-file=\"https:\/\/i2.wp.com\/www.dannwollenwirmal.de\/wp-content\/uploads\/2013\/09\/img_2197.jpg?fit=300%2C225\" data-large-file=\"https:\/\/i2.wp.com\/www.dannwollenwirmal.de\/wp-content\/uploads\/2013\/09\/img_2197.jpg?fit=652%2C489\" loading=\"lazy\" class=\"alignnone size-large wp-image-27\" src=\"https:\/\/i2.wp.com\/www.dannwollenwirmal.de\/wp-content\/uploads\/2013\/09\/img_2197.jpg?resize=652%2C489\" alt=\"IMG_2197\" width=\"652\" height=\"489\" srcset=\"https:\/\/i2.wp.com\/www.dannwollenwirmal.de\/wp-content\/uploads\/2013\/09\/img_2197.jpg?resize=1024%2C768 1024w, https:\/\/i2.wp.com\/www.dannwollenwirmal.de\/wp-content\/uploads\/2013\/09\/img_2197.jpg?resize=300%2C225 300w, https:\/\/i2.wp.com\/www.dannwollenwirmal.de\/wp-content\/uploads\/2013\/09\/img_2197.jpg?w=1304 1304w, https:\/\/i2.wp.com\/www.dannwollenwirmal.de\/wp-content\/uploads\/2013\/09\/img_2197.jpg?w=1956 1956w\" sizes=\"(max-width: 652px) 100vw, 652px\" data-recalc-dims=\"1\" \/><\/a><br \/>\n<em>vorher&#8230;<\/em><\/p>\n<p><a href=\"https:\/\/i1.wp.com\/www.dannwollenwirmal.de\/wp-content\/uploads\/2015\/01\/IMG_31571.jpg\"><img data-attachment-id=\"819\" data-permalink=\"http:\/\/www.dannwollenwirmal.de\/?attachment_id=819#main\" data-orig-file=\"https:\/\/i1.wp.com\/www.dannwollenwirmal.de\/wp-content\/uploads\/2015\/01\/IMG_31571.jpg?fit=652%2C489\" data-orig-size=\"652,489\" data-comments-opened=\"1\" data-image-meta=\"{&quot;aperture&quot;:&quot;2.2&quot;,&quot;credit&quot;:&quot;&quot;,&quot;camera&quot;:&quot;iPhone 6&quot;,&quot;caption&quot;:&quot;&quot;,&quot;created_timestamp&quot;:&quot;1418403374&quot;,&quot;copyright&quot;:&quot;&quot;,&quot;focal_length&quot;:&quot;4.15&quot;,&quot;iso&quot;:&quot;320&quot;,&quot;shutter_speed&quot;:&quot;0.058823529411765&quot;,&quot;title&quot;:&quot;&quot;,&quot;orientation&quot;:&quot;1&quot;}\" data-image-title=\"IMG_3157\" data-image-description=\"&lt;p&gt;Dachboden Ausbau nachher&lt;\/p&gt;\n\" data-image-caption=\"\" data-medium-file=\"https:\/\/i1.wp.com\/www.dannwollenwirmal.de\/wp-content\/uploads\/2015\/01\/IMG_31571.jpg?fit=300%2C225\" data-large-file=\"https:\/\/i1.wp.com\/www.dannwollenwirmal.de\/wp-content\/uploads\/2015\/01\/IMG_31571.jpg?fit=652%2C489\" loading=\"lazy\" class=\"alignnone size-full wp-image-819\" src=\"https:\/\/i1.wp.com\/www.dannwollenwirmal.de\/wp-content\/uploads\/2015\/01\/IMG_31571.jpg?resize=652%2C489\" alt=\"IMG_3157\" width=\"652\" height=\"489\" srcset=\"https:\/\/i1.wp.com\/www.dannwollenwirmal.de\/wp-content\/uploads\/2015\/01\/IMG_31571.jpg?w=652 652w, https:\/\/i1.wp.com\/www.dannwollenwirmal.de\/wp-content\/uploads\/2015\/01\/IMG_31571.jpg?resize=300%2C225 300w\" sizes=\"(max-width: 652px) 100vw, 652px\" data-recalc-dims=\"1\" \/><\/a><br \/>\n<em>&#8230;nachher!<\/em><br \/>\nGedauert hat das Ganze \u201ezwischendurch\u201c und \u201enach Feierabend\u201c seit September 2013 also ungef\u00e4hr 15 Monate, wobei ich etwa 3 Monate gar nichts gemacht habe. Also ist es etwa in einem Jahr zu schaffen. Wenn man es Vollzeit macht, w\u00fcrde ich f\u00fcr einen Heimwerker etwa drei Monate sch\u00e4tzen, wenn alles rund l\u00e4uft.<\/p>\n<p><a href=\"https:\/\/i1.wp.com\/www.dannwollenwirmal.de\/wp-content\/uploads\/2015\/01\/IMG_3159.jpg\"><img data-attachment-id=\"820\" data-permalink=\"http:\/\/www.dannwollenwirmal.de\/?attachment_id=820#main\" data-orig-file=\"https:\/\/i1.wp.com\/www.dannwollenwirmal.de\/wp-content\/uploads\/2015\/01\/IMG_3159.jpg?fit=652%2C489\" data-orig-size=\"652,489\" data-comments-opened=\"1\" data-image-meta=\"{&quot;aperture&quot;:&quot;2.2&quot;,&quot;credit&quot;:&quot;&quot;,&quot;camera&quot;:&quot;iPhone 6&quot;,&quot;caption&quot;:&quot;&quot;,&quot;created_timestamp&quot;:&quot;1418403423&quot;,&quot;copyright&quot;:&quot;&quot;,&quot;focal_length&quot;:&quot;4.15&quot;,&quot;iso&quot;:&quot;250&quot;,&quot;shutter_speed&quot;:&quot;0.03030303030303&quot;,&quot;title&quot;:&quot;&quot;,&quot;orientation&quot;:&quot;1&quot;}\" data-image-title=\"IMG_3159\" data-image-description=\"&lt;p&gt;Dachboden Ausbau nachher&lt;\/p&gt;\n\" data-image-caption=\"\" data-medium-file=\"https:\/\/i1.wp.com\/www.dannwollenwirmal.de\/wp-content\/uploads\/2015\/01\/IMG_3159.jpg?fit=300%2C225\" data-large-file=\"https:\/\/i1.wp.com\/www.dannwollenwirmal.de\/wp-content\/uploads\/2015\/01\/IMG_3159.jpg?fit=652%2C489\" loading=\"lazy\" class=\"alignnone size-full wp-image-820\" src=\"https:\/\/i1.wp.com\/www.dannwollenwirmal.de\/wp-content\/uploads\/2015\/01\/IMG_3159.jpg?resize=652%2C489\" alt=\"IMG_3159\" width=\"652\" height=\"489\" srcset=\"https:\/\/i1.wp.com\/www.dannwollenwirmal.de\/wp-content\/uploads\/2015\/01\/IMG_3159.jpg?w=652 652w, https:\/\/i1.wp.com\/www.dannwollenwirmal.de\/wp-content\/uploads\/2015\/01\/IMG_3159.jpg?resize=300%2C225 300w\" sizes=\"(max-width: 652px) 100vw, 652px\" data-recalc-dims=\"1\" \/><\/a><br \/>\n<em>Vorderer Raum &#8222;nachher&#8220; mit Eingangsbereich<\/em><\/p>\n<p>Kostenm\u00e4\u00dfig, denn danach haben viele gefragt, liegt das Ganze bei 4000-5000 Euro f\u00fcr die Materialien. Geschaffen wurde eine Wohnfl\u00e4che von insgesamt 35 m\u00b2, also kann man etwa mit 120 Euro pro m\u00b2 rechnen.<\/p>\n<p>Als n\u00e4chstes Heim-Projekt folgt sicher noch das Treppenhaus. Da aber mein Drehbuch von letzter Woche \u00fcberraschenderweise von SAT1 abgelehnt wurde, muss ich jetzt mal wieder mit meiner nebengewerblichen Baut\u00e4tigkeit Br\u00f6tchen verdienen und habe da noch zwei interssante Projekte, \u00fcber die ich sicher auch hier berichten werde, nat\u00fcrlich ganz anonym:<\/p>\n<p>Einmal habe ich bei einer abgesackten Mauer das Fundament stabilisert und erneuert, die Risse aufgef\u00fcllt und das Ganze verputzt. Das zweite Projekt macht aus zwei alten kleinen Badezimmern ein gro\u00dfes Bad. Da gibt es sicher wieder viel Staub und Dreck zu sehen.<\/p>\n<p>Also, nach der Baustelle ist vor der Baustelle! Heureka!<\/p>\n<p>&nbsp;<\/p>\n<p>&nbsp;<\/p>\n<div class=\"sharedaddy sd-sharing-enabled\"><div class=\"robots-nocontent sd-block sd-social sd-social-icon-text sd-sharing\"><h3 class=\"sd-title\">Teilen mit:<\/h3><div class=\"sd-content\"><ul><li class=\"share-email\"><a rel=\"nofollow noopener noreferrer\" data-shared=\"\" class=\"share-email sd-button share-icon\" href=\"http:\/\/www.dannwollenwirmal.de\/?p=813&amp;share=email\" target=\"_blank\" title=\"Klick, um dies einem Freund per E-Mail zu senden\"><span>E-Mail<\/span><\/a><\/li><li class=\"share-print\"><a rel=\"nofollow noopener noreferrer\" data-shared=\"\" class=\"share-print sd-button share-icon\" href=\"http:\/\/www.dannwollenwirmal.de\/?p=813\" target=\"_blank\" title=\"Klicken zum Ausdrucken\"><span>Drucken<\/span><\/a><\/li><li class=\"share-facebook\"><a rel=\"nofollow noopener noreferrer\" data-shared=\"sharing-facebook-813\" class=\"share-facebook sd-button share-icon\" href=\"http:\/\/www.dannwollenwirmal.de\/?p=813&amp;share=facebook\" target=\"_blank\" title=\"Klick, um auf Facebook zu teilen\"><span>Facebook<\/span><\/a><\/li><li class=\"share-twitter\"><a rel=\"nofollow noopener noreferrer\" data-shared=\"sharing-twitter-813\" class=\"share-twitter sd-button share-icon\" href=\"http:\/\/www.dannwollenwirmal.de\/?p=813&amp;share=twitter\" target=\"_blank\" title=\"Klick, um \u00fcber Twitter zu teilen\"><span>Twitter<\/span><\/a><\/li><li class=\"share-pinterest\"><a rel=\"nofollow noopener noreferrer\" data-shared=\"sharing-pinterest-813\" class=\"share-pinterest sd-button share-icon\" href=\"http:\/\/www.dannwollenwirmal.de\/?p=813&amp;share=pinterest\" target=\"_blank\" title=\"Klick, um auf Pinterest zu teilen\"><span>Pinterest<\/span><\/a><\/li><li class=\"share-linkedin\"><a rel=\"nofollow noopener noreferrer\" data-shared=\"sharing-linkedin-813\" class=\"share-linkedin sd-button share-icon\" href=\"http:\/\/www.dannwollenwirmal.de\/?p=813&amp;share=linkedin\" target=\"_blank\" title=\"Klick, um auf LinkedIn zu teilen\"><span>LinkedIn<\/span><\/a><\/li><li class=\"share-end\"><\/li><\/ul><\/div><\/div><\/div>","protected":false},"excerpt":{"rendered":"<p>Wie sch\u00f6n, wie sch\u00f6n, es ist vollbracht-und ich ziehe einen dicken Schlu\u00dfstrich unter das Kapitel \u201eDachboden-Ausbau\u201c! Wenn ich vorher geahnt h\u00e4tte, wie viel Arbeit das Ganze wird, h\u00e4tte ich es mir sicher dreimal \u00fcberlegt. Es ist ja einiges abgearbeitet worden, um aus einem Dachboden mit \u201enackten Pfannen\u201c einen isolierten Wohnraum zu machen: -Verschmierung der Dachziegel [&hellip;]<\/p>\n<div class=\"sharedaddy sd-sharing-enabled\"><div class=\"robots-nocontent sd-block sd-social sd-social-icon-text sd-sharing\"><h3 class=\"sd-title\">Teilen mit:<\/h3><div class=\"sd-content\"><ul><li class=\"share-email\"><a rel=\"nofollow noopener noreferrer\" data-shared=\"\" class=\"share-email sd-button share-icon\" href=\"http:\/\/www.dannwollenwirmal.de\/?p=813&amp;share=email\" target=\"_blank\" title=\"Klick, um dies einem Freund per E-Mail zu senden\"><span>E-Mail<\/span><\/a><\/li><li class=\"share-print\"><a rel=\"nofollow noopener noreferrer\" data-shared=\"\" class=\"share-print sd-button share-icon\" href=\"http:\/\/www.dannwollenwirmal.de\/?p=813\" target=\"_blank\" title=\"Klicken zum Ausdrucken\"><span>Drucken<\/span><\/a><\/li><li class=\"share-facebook\"><a rel=\"nofollow noopener noreferrer\" data-shared=\"sharing-facebook-813\" class=\"share-facebook sd-button share-icon\" href=\"http:\/\/www.dannwollenwirmal.de\/?p=813&amp;share=facebook\" target=\"_blank\" title=\"Klick, um auf Facebook zu teilen\"><span>Facebook<\/span><\/a><\/li><li class=\"share-twitter\"><a rel=\"nofollow noopener noreferrer\" data-shared=\"sharing-twitter-813\" class=\"share-twitter sd-button share-icon\" href=\"http:\/\/www.dannwollenwirmal.de\/?p=813&amp;share=twitter\" target=\"_blank\" title=\"Klick, um \u00fcber Twitter zu teilen\"><span>Twitter<\/span><\/a><\/li><li class=\"share-pinterest\"><a rel=\"nofollow noopener noreferrer\" data-shared=\"sharing-pinterest-813\" class=\"share-pinterest sd-button share-icon\" href=\"http:\/\/www.dannwollenwirmal.de\/?p=813&amp;share=pinterest\" target=\"_blank\" title=\"Klick, um auf Pinterest zu teilen\"><span>Pinterest<\/span><\/a><\/li><li class=\"share-linkedin\"><a rel=\"nofollow noopener noreferrer\" data-shared=\"sharing-linkedin-813\" class=\"share-linkedin sd-button share-icon\" href=\"http:\/\/www.dannwollenwirmal.de\/?p=813&amp;share=linkedin\" target=\"_blank\" title=\"Klick, um auf LinkedIn zu teilen\"><span>LinkedIn<\/span><\/a><\/li><li class=\"share-end\"><\/li><\/ul><\/div><\/div><\/div>","protected":false},"author":1,"featured_media":0,"comment_status":"open","ping_status":"open","sticky":false,"template":"","format":"standard","meta":{"advanced_seo_description":"","spay_email":"","jetpack_publicize_message":"","jetpack_is_tweetstorm":false,"jetpack_publicize_feature_enabled":true},"categories":[1,323],"tags":[204,203],"jetpack_featured_media_url":"","jetpack_publicize_connections":[],"jetpack_shortlink":"https:\/\/wp.me\/p3WtlO-d7","jetpack_sharing_enabled":true,"jetpack-related-posts":[{"id":36,"url":"http:\/\/www.dannwollenwirmal.de\/?p=36","url_meta":{"origin":813,"position":0},"title":"Immer mit der Ruhe","date":"18. September 2013","format":false,"excerpt":"Beruhigt Euch, Leute! Ich renne nicht ins Verderben. Heute vier (!) Anrufe von besorgten Leuten, ob ich mir das wirklich gut \u00fcberlegt h\u00e4tte und die Isolation einfach so \"unters Dach proppen\" m\u00f6chte. Nein, nein! Ich habe mich mit dem Thema \u00e4u\u00dfest lange besch\u00e4ftigt und nun eine f\u00fcr mich gute L\u00f6sung\u2026","rel":"","context":"In &quot;Allgemeines&quot;","img":{"alt_text":"Sch\u00fcrhaken-Werkzeug","src":"https:\/\/i1.wp.com\/www.dannwollenwirmal.de\/wp-content\/uploads\/2013\/09\/img_2203.jpg?resize=350%2C200","width":350,"height":200},"classes":[]},{"id":89,"url":"http:\/\/www.dannwollenwirmal.de\/?p=89","url_meta":{"origin":813,"position":1},"title":"nix geschafft!","date":"27. September 2013","format":false,"excerpt":"Also doch, eigentlich schon was geschafft. Immerhin zwei Sparrenfelder mit DWD-Platten und angeschlossenem Traufblech ausgestattet in etwa vier Stunden. Aber aller Anfang ist schwer und ich denke, wenn sich erst einmal ein gewisser \"Workflow\" eingependelt hat, wird es bei den n\u00e4chsten Feldern auch deutlich schneller gehen. Lattung und erste Platte\u2026","rel":"","context":"In &quot;Dach&quot;","img":{"alt_text":"Holzfaser-D\u00e4mmplatten im Dachknick","src":"https:\/\/i2.wp.com\/www.dannwollenwirmal.de\/wp-content\/uploads\/2013\/09\/es2.jpg?resize=350%2C200","width":350,"height":200},"classes":[]},{"id":6,"url":"http:\/\/www.dannwollenwirmal.de\/?p=6","url_meta":{"origin":813,"position":2},"title":"Dann wollen wir mal&#8230;","date":"17. September 2013","format":false,"excerpt":"Unser H\u00e4uschen haben wir 2011 gekauft. Ein 20er Jahre-Stadthaus im sch\u00f6nen Porta Westfalica. Rund 140 m\u00b2 Wohnfl\u00e4che in solider Substanz bewohnen wir mit vier Personen. Beim Kauf im Oktober 2011 konnte ich mich dank Selbstst\u00e4ndigkeit und tolerantem Compagnon und Mitarbeitern ein Vierteljahr handwerklich austoben und das ganze Haus einzugsfertig renovieren\u2026","rel":"","context":"In &quot;Allgemeines&quot;","img":{"alt_text":"","src":"https:\/\/i2.wp.com\/www.dannwollenwirmal.de\/wp-content\/uploads\/2013\/09\/img_2197.jpg?resize=350%2C200","width":350,"height":200},"classes":[]},{"id":138,"url":"http:\/\/www.dannwollenwirmal.de\/?p=138","url_meta":{"origin":813,"position":3},"title":"Zwischenstand","date":"17. Oktober 2013","format":false,"excerpt":"Die gute Nachricht: Es geht voran! Die schlechte Nachricht: zum Bloggen sind die momentanen Arbeitsschritte nicht besonders abwechslungsreich. Ein Sparrenfeld nach dem anderen wird liebevoll ausgekleidet, und die einzigen \"Highlights\", die diese Routine unterbrechen sind ab und zu mal eine Schr\u00e4ge, ein Dachfensteranschluss oder die Verwendung des Chuck-Norris-Klebebands Tuscon No.\u2026","rel":"","context":"In &quot;Allgemein&quot;","img":{"alt_text":"Schrauben-Sortiment zum Dachboden-Ausbau","src":"https:\/\/i2.wp.com\/www.dannwollenwirmal.de\/wp-content\/uploads\/2013\/10\/schrauben.jpg?resize=350%2C200","width":350,"height":200},"classes":[]},{"id":179,"url":"http:\/\/www.dannwollenwirmal.de\/?p=179","url_meta":{"origin":813,"position":4},"title":"Tu Schaum hinein, wird auch zu Stein","date":"13. November 2013","format":false,"excerpt":"Materialien wie Bauschaum, Silikon, Hei\u00dfkleber, Draht und Knetgummi umweht seit jeher der Nebel des Pfuschs. Pampe irgendwo reinschmieren ist nach wie vor popul\u00e4r bei Heimwerkern und gestandenen Handwerkern. Aber alle diese Dinge haben auch ihre Berechtigung. Nehmen wir den Bauschaum, korrekterweise \"Montageschaum\". Der ist gedacht zur punktuellen(!) Anwendung bei der\u2026","rel":"","context":"In &quot;Allgemein&quot;","img":{"alt_text":"","src":"https:\/\/i1.wp.com\/www.dannwollenwirmal.de\/wp-content\/uploads\/2013\/11\/iso.jpg?resize=350%2C200","width":350,"height":200},"classes":[]},{"id":2079,"url":"http:\/\/www.dannwollenwirmal.de\/?p=2079","url_meta":{"origin":813,"position":5},"title":"U-40-Party","date":"5. November 2017","format":false,"excerpt":"W\u00e4hrend wir letzte Woche noch die Vorarbeiten zum Dachschr\u00e4gen-Ausbau betrachtet haben (bekannterma\u00dfen macht die Arbeit, die man hinterher\u00a0nicht sieht, ja den L\u00f6wenanteil aus), geht es diese Woche nahtlos weiter und wir best\u00fccken Dachschr\u00e4ge und Decke mit Profilen und Gipskartonplatten. Zur Erinnerung: Das Ganze in Ausf\u00fchrlich hatten wir 2014 hier im\u2026","rel":"","context":"In &quot;Allgemein&quot;","img":{"alt_text":"","src":"https:\/\/i2.wp.com\/www.dannwollenwirmal.de\/wp-content\/uploads\/2017\/11\/IMG_5860.jpg?resize=350%2C200","width":350,"height":200},"classes":[]}],"_links":{"self":[{"href":"http:\/\/www.dannwollenwirmal.de\/index.php?rest_route=\/wp\/v2\/posts\/813"}],"collection":[{"href":"http:\/\/www.dannwollenwirmal.de\/index.php?rest_route=\/wp\/v2\/posts"}],"about":[{"href":"http:\/\/www.dannwollenwirmal.de\/index.php?rest_route=\/wp\/v2\/types\/post"}],"author":[{"embeddable":true,"href":"http:\/\/www.dannwollenwirmal.de\/index.php?rest_route=\/wp\/v2\/users\/1"}],"replies":[{"embeddable":true,"href":"http:\/\/www.dannwollenwirmal.de\/index.php?rest_route=%2Fwp%2Fv2%2Fcomments&post=813"}],"version-history":[{"count":4,"href":"http:\/\/www.dannwollenwirmal.de\/index.php?rest_route=\/wp\/v2\/posts\/813\/revisions"}],"predecessor-version":[{"id":822,"href":"http:\/\/www.dannwollenwirmal.de\/index.php?rest_route=\/wp\/v2\/posts\/813\/revisions\/822"}],"wp:attachment":[{"href":"http:\/\/www.dannwollenwirmal.de\/index.php?rest_route=%2Fwp%2Fv2%2Fmedia&parent=813"}],"wp:term":[{"taxonomy":"category","embeddable":true,"href":"http:\/\/www.dannwollenwirmal.de\/index.php?rest_route=%2Fwp%2Fv2%2Fcategories&post=813"},{"taxonomy":"post_tag","embeddable":true,"href":"http:\/\/www.dannwollenwirmal.de\/index.php?rest_route=%2Fwp%2Fv2%2Ftags&post=813"}],"curies":[{"name":"wp","href":"https:\/\/api.w.org\/{rel}","templated":true}]}}