{"id":71,"date":"2013-09-24T08:24:19","date_gmt":"2013-09-24T06:24:19","guid":{"rendered":"http:\/\/www.dannwollenwirmal.de\/?p=71"},"modified":"2016-01-15T20:18:21","modified_gmt":"2016-01-15T19:18:21","slug":"planung-ist-alles","status":"publish","type":"post","link":"http:\/\/www.dannwollenwirmal.de\/?p=71","title":{"rendered":"Planung ist alles&#8230;"},"content":{"rendered":"<p>&#8230;und je mehr man vorher plant, desto weniger muss man vor Ort herumprobieren.<\/p>\n<p>So habe ich meinen &#8222;Dachaufbau&#8220; unter anderem mit dem gro\u00dfartigen Online-Tool <a href=\"http:\/\/www.u-wert.net\/berechnung\/u-wert-rechner\/\u200e\">U-Wert-Rechner<\/a> gemacht. Der U-Wert oder W\u00e4rmedurchgangskoeffizient ist das Ma\u00df f\u00fcr den W\u00e4rmestrom, z.B. von Luft durch ein Bauteil. Je geringer der U-Wert, desto\u00a0 besser die Isoliereigenschaften.\u00a0 So hat beispielsweise ein Einfachglas einen U-Wert von \u00fcber 5, moderne Dreifachverglasung kommt auf 0,8.<\/p>\n<p><a href=\"https:\/\/i2.wp.com\/www.dannwollenwirmal.de\/wp-content\/uploads\/2013\/09\/uwertrechner.jpg\"><img data-attachment-id=\"73\" data-permalink=\"http:\/\/www.dannwollenwirmal.de\/?attachment_id=73#main\" data-orig-file=\"https:\/\/i2.wp.com\/www.dannwollenwirmal.de\/wp-content\/uploads\/2013\/09\/uwertrechner.jpg?fit=652%2C367\" data-orig-size=\"652,367\" data-comments-opened=\"1\" data-image-meta=\"{&quot;aperture&quot;:&quot;0&quot;,&quot;credit&quot;:&quot;&quot;,&quot;camera&quot;:&quot;&quot;,&quot;caption&quot;:&quot;&quot;,&quot;created_timestamp&quot;:&quot;0&quot;,&quot;copyright&quot;:&quot;&quot;,&quot;focal_length&quot;:&quot;0&quot;,&quot;iso&quot;:&quot;0&quot;,&quot;shutter_speed&quot;:&quot;0&quot;,&quot;title&quot;:&quot;&quot;}\" data-image-title=\"uwertrechner\" data-image-description=\"&lt;p&gt;U-Wert-Rechner&lt;\/p&gt;\n\" data-image-caption=\"&lt;p&gt;U-Wert-Rechner&lt;\/p&gt;\n\" data-medium-file=\"https:\/\/i2.wp.com\/www.dannwollenwirmal.de\/wp-content\/uploads\/2013\/09\/uwertrechner.jpg?fit=300%2C168\" data-large-file=\"https:\/\/i2.wp.com\/www.dannwollenwirmal.de\/wp-content\/uploads\/2013\/09\/uwertrechner.jpg?fit=652%2C367\" loading=\"lazy\" class=\"alignnone size-full wp-image-73\" alt=\"uwertrechner\" src=\"https:\/\/i2.wp.com\/www.dannwollenwirmal.de\/wp-content\/uploads\/2013\/09\/uwertrechner.jpg?resize=652%2C367\" width=\"652\" height=\"367\" srcset=\"https:\/\/i2.wp.com\/www.dannwollenwirmal.de\/wp-content\/uploads\/2013\/09\/uwertrechner.jpg?w=652 652w, https:\/\/i2.wp.com\/www.dannwollenwirmal.de\/wp-content\/uploads\/2013\/09\/uwertrechner.jpg?resize=300%2C168 300w\" sizes=\"(max-width: 652px) 100vw, 652px\" data-recalc-dims=\"1\" \/><\/a><\/p>\n<p><em>Dachaufbau im U-Wert-Rechner<\/em><\/p>\n<p>Wie das Bild vom U-Wert-Rechner zeigt, liege ich mit meiner geplanten D\u00e4mmung etwa bei den Anforderungen der enEv 07. Ob das wirklich so ist, wird sich zeigen, aber es gibt erstmal ein gutes Gef\u00fchl \ud83d\ude42 Weiterhin gibt das Tool noch praktische bauphysikalische Hinweise wie Feuchtigkeits. und Temparaturverl\u00e4ufe.<\/p>\n<p><a href=\"https:\/\/i2.wp.com\/www.dannwollenwirmal.de\/wp-content\/uploads\/2013\/09\/aufdoppelung.jpg\"><img data-attachment-id=\"74\" data-permalink=\"http:\/\/www.dannwollenwirmal.de\/?attachment_id=74#main\" data-orig-file=\"https:\/\/i2.wp.com\/www.dannwollenwirmal.de\/wp-content\/uploads\/2013\/09\/aufdoppelung.jpg?fit=652%2C489\" data-orig-size=\"652,489\" data-comments-opened=\"1\" data-image-meta=\"{&quot;aperture&quot;:&quot;0&quot;,&quot;credit&quot;:&quot;&quot;,&quot;camera&quot;:&quot;&quot;,&quot;caption&quot;:&quot;&quot;,&quot;created_timestamp&quot;:&quot;0&quot;,&quot;copyright&quot;:&quot;&quot;,&quot;focal_length&quot;:&quot;0&quot;,&quot;iso&quot;:&quot;0&quot;,&quot;shutter_speed&quot;:&quot;0&quot;,&quot;title&quot;:&quot;&quot;}\" data-image-title=\"aufdoppelung\" data-image-description=\"&lt;p&gt;Sparren-Aufdoppelung&lt;\/p&gt;\n\" data-image-caption=\"&lt;p&gt;Sparren-Aufdoppelung&lt;\/p&gt;\n\" data-medium-file=\"https:\/\/i2.wp.com\/www.dannwollenwirmal.de\/wp-content\/uploads\/2013\/09\/aufdoppelung.jpg?fit=300%2C225\" data-large-file=\"https:\/\/i2.wp.com\/www.dannwollenwirmal.de\/wp-content\/uploads\/2013\/09\/aufdoppelung.jpg?fit=652%2C489\" loading=\"lazy\" class=\"alignnone size-full wp-image-74\" alt=\"aufdoppelung\" src=\"https:\/\/i2.wp.com\/www.dannwollenwirmal.de\/wp-content\/uploads\/2013\/09\/aufdoppelung.jpg?resize=652%2C489\" width=\"652\" height=\"489\" srcset=\"https:\/\/i2.wp.com\/www.dannwollenwirmal.de\/wp-content\/uploads\/2013\/09\/aufdoppelung.jpg?w=652 652w, https:\/\/i2.wp.com\/www.dannwollenwirmal.de\/wp-content\/uploads\/2013\/09\/aufdoppelung.jpg?resize=300%2C225 300w\" sizes=\"(max-width: 652px) 100vw, 652px\" data-recalc-dims=\"1\" \/><\/a><\/p>\n<p><em>Sparren-Aufdoppelung<\/em><\/p>\n<p>W\u00e4hrenddessen geht es nicht nur theoretisch, sondern auch praktisch weiter. Da die Isolation von 160mm nicht zwischen die Sparren passt, m\u00fcssen diese &#8222;aufgedoppelt&#8220; werden. Ich habe mir dazu vom Holzh\u00e4ndler Latten 38\/78 mm besorgt, die nun mit langen Schrauben an den Sparren angebracht werden. Dadurch erreiche ich eine Sparrentiefe von etwa 210 mm. Da passt dann alles rein: 30mm Konterlattung und Hinterl\u00fcftungsebene, 22mm DWD-Platte, 160mm Isolation.<\/p>\n<div class=\"sharedaddy sd-sharing-enabled\"><div class=\"robots-nocontent sd-block sd-social sd-social-icon-text sd-sharing\"><h3 class=\"sd-title\">Teilen mit:<\/h3><div class=\"sd-content\"><ul><li class=\"share-email\"><a rel=\"nofollow noopener noreferrer\" data-shared=\"\" class=\"share-email sd-button share-icon\" href=\"http:\/\/www.dannwollenwirmal.de\/?p=71&amp;share=email\" target=\"_blank\" title=\"Klick, um dies einem Freund per E-Mail zu senden\"><span>E-Mail<\/span><\/a><\/li><li class=\"share-print\"><a rel=\"nofollow noopener noreferrer\" data-shared=\"\" class=\"share-print sd-button share-icon\" href=\"http:\/\/www.dannwollenwirmal.de\/?p=71\" target=\"_blank\" title=\"Klicken zum Ausdrucken\"><span>Drucken<\/span><\/a><\/li><li class=\"share-facebook\"><a rel=\"nofollow noopener noreferrer\" data-shared=\"sharing-facebook-71\" class=\"share-facebook sd-button share-icon\" href=\"http:\/\/www.dannwollenwirmal.de\/?p=71&amp;share=facebook\" target=\"_blank\" title=\"Klick, um auf Facebook zu teilen\"><span>Facebook<\/span><\/a><\/li><li class=\"share-twitter\"><a rel=\"nofollow noopener noreferrer\" data-shared=\"sharing-twitter-71\" class=\"share-twitter sd-button share-icon\" href=\"http:\/\/www.dannwollenwirmal.de\/?p=71&amp;share=twitter\" target=\"_blank\" title=\"Klick, um \u00fcber Twitter zu teilen\"><span>Twitter<\/span><\/a><\/li><li class=\"share-pinterest\"><a rel=\"nofollow noopener noreferrer\" data-shared=\"sharing-pinterest-71\" class=\"share-pinterest sd-button share-icon\" href=\"http:\/\/www.dannwollenwirmal.de\/?p=71&amp;share=pinterest\" target=\"_blank\" title=\"Klick, um auf Pinterest zu teilen\"><span>Pinterest<\/span><\/a><\/li><li class=\"share-linkedin\"><a rel=\"nofollow noopener noreferrer\" data-shared=\"sharing-linkedin-71\" class=\"share-linkedin sd-button share-icon\" href=\"http:\/\/www.dannwollenwirmal.de\/?p=71&amp;share=linkedin\" target=\"_blank\" title=\"Klick, um auf LinkedIn zu teilen\"><span>LinkedIn<\/span><\/a><\/li><li class=\"share-end\"><\/li><\/ul><\/div><\/div><\/div>","protected":false},"excerpt":{"rendered":"<p>&#8230;und je mehr man vorher plant, desto weniger muss man vor Ort herumprobieren. So habe ich meinen &#8222;Dachaufbau&#8220; unter anderem mit dem gro\u00dfartigen Online-Tool U-Wert-Rechner gemacht. Der U-Wert oder W\u00e4rmedurchgangskoeffizient ist das Ma\u00df f\u00fcr den W\u00e4rmestrom, z.B. von Luft durch ein Bauteil. Je geringer der U-Wert, desto\u00a0 besser die Isoliereigenschaften.\u00a0 So hat beispielsweise ein Einfachglas [&hellip;]<\/p>\n<div class=\"sharedaddy sd-sharing-enabled\"><div class=\"robots-nocontent sd-block sd-social sd-social-icon-text sd-sharing\"><h3 class=\"sd-title\">Teilen mit:<\/h3><div class=\"sd-content\"><ul><li class=\"share-email\"><a rel=\"nofollow noopener noreferrer\" data-shared=\"\" class=\"share-email sd-button share-icon\" href=\"http:\/\/www.dannwollenwirmal.de\/?p=71&amp;share=email\" target=\"_blank\" title=\"Klick, um dies einem Freund per E-Mail zu senden\"><span>E-Mail<\/span><\/a><\/li><li class=\"share-print\"><a rel=\"nofollow noopener noreferrer\" data-shared=\"\" class=\"share-print sd-button share-icon\" href=\"http:\/\/www.dannwollenwirmal.de\/?p=71\" target=\"_blank\" title=\"Klicken zum Ausdrucken\"><span>Drucken<\/span><\/a><\/li><li class=\"share-facebook\"><a rel=\"nofollow noopener noreferrer\" data-shared=\"sharing-facebook-71\" class=\"share-facebook sd-button share-icon\" href=\"http:\/\/www.dannwollenwirmal.de\/?p=71&amp;share=facebook\" target=\"_blank\" title=\"Klick, um auf Facebook zu teilen\"><span>Facebook<\/span><\/a><\/li><li class=\"share-twitter\"><a rel=\"nofollow noopener noreferrer\" data-shared=\"sharing-twitter-71\" class=\"share-twitter sd-button share-icon\" href=\"http:\/\/www.dannwollenwirmal.de\/?p=71&amp;share=twitter\" target=\"_blank\" title=\"Klick, um \u00fcber Twitter zu teilen\"><span>Twitter<\/span><\/a><\/li><li class=\"share-pinterest\"><a rel=\"nofollow noopener noreferrer\" data-shared=\"sharing-pinterest-71\" class=\"share-pinterest sd-button share-icon\" href=\"http:\/\/www.dannwollenwirmal.de\/?p=71&amp;share=pinterest\" target=\"_blank\" title=\"Klick, um auf Pinterest zu teilen\"><span>Pinterest<\/span><\/a><\/li><li class=\"share-linkedin\"><a rel=\"nofollow noopener noreferrer\" data-shared=\"sharing-linkedin-71\" class=\"share-linkedin sd-button share-icon\" href=\"http:\/\/www.dannwollenwirmal.de\/?p=71&amp;share=linkedin\" target=\"_blank\" title=\"Klick, um auf LinkedIn zu teilen\"><span>LinkedIn<\/span><\/a><\/li><li class=\"share-end\"><\/li><\/ul><\/div><\/div><\/div>","protected":false},"author":1,"featured_media":0,"comment_status":"open","ping_status":"open","sticky":false,"template":"","format":"standard","meta":{"advanced_seo_description":"","spay_email":"","jetpack_publicize_message":"","jetpack_is_tweetstorm":false,"jetpack_publicize_feature_enabled":true},"categories":[1,3,331,334],"tags":[22,507,23,20],"jetpack_featured_media_url":"","jetpack_publicize_connections":[],"jetpack_shortlink":"https:\/\/wp.me\/p3WtlO-19","jetpack_sharing_enabled":true,"jetpack-related-posts":[{"id":1342,"url":"http:\/\/www.dannwollenwirmal.de\/?p=1342","url_meta":{"origin":71,"position":0},"title":"Lieber Dr. Sommer&#8230;","date":"21. Februar 2016","format":false,"excerpt":"Manchmal f\u00fchle ich mich ja wie der Dr. Sommer der Heimwerkerei, erreichen mich doch regelm\u00e4\u00dfig Mails mit Fragen rund ums Bauen und Renovieren. Ich appeliere ja immer, die Fragen gern hier im Blog in den Kommentaren zu stellen, dann haben alle was davon. Aber hin und wieder picke ich mir\u2026","rel":"","context":"In &quot;Allgemein&quot;","img":{"alt_text":"","src":"https:\/\/i1.wp.com\/www.dannwollenwirmal.de\/wp-content\/uploads\/2016\/02\/uwert4.jpg?resize=350%2C200","width":350,"height":200},"classes":[]},{"id":79,"url":"http:\/\/www.dannwollenwirmal.de\/?p=79","url_meta":{"origin":71,"position":1},"title":"Tobezimmer","date":"25. September 2013","format":false,"excerpt":"Sch\u00f6ne Idee eigentlich mit dem Tobezimmer oder der Pension \"unterm Dach\". Alles verworfen, der Spitzboden ist jetzt isoliert. Oder besser gesagt: Der Spitzboden-Boden ist isoliert. Der eigentliche Spitzboden bleibt unged\u00e4mmt. Klingt zun\u00e4chst vielleicht unlogisch (\"viel D\u00e4mmung hilft viel\"), aber es gibt ein paar gute Gr\u00fcnde: Bauphysikalisch ist es eigentlich das\u2026","rel":"","context":"In &quot;Allgemein&quot;","img":{"alt_text":"Selbstklebender Schutzbelag f\u00fcr die Treppe","src":"https:\/\/i1.wp.com\/www.dannwollenwirmal.de\/wp-content\/uploads\/2013\/09\/tv.jpg?resize=350%2C200","width":350,"height":200},"classes":[]},{"id":2056,"url":"http:\/\/www.dannwollenwirmal.de\/?p=2056","url_meta":{"origin":71,"position":2},"title":"Gute Vors\u00e4tze","date":"22. Oktober 2017","format":false,"excerpt":"Allm\u00e4hlich beginnt der Herbst und ich habe wieder mehr Zeit f\u00fcr bauliche Projekte. Nicht am eigenen Haus (obwohl ich da sicherlich auch das ein oder andere auf dem Zettel h\u00e4tte), eher f\u00fcr Freunde und Bekannte, denn die stehen Schlange und es gibt schon eine regelrechte Warteliste. Denn auch wenn es\u2026","rel":"","context":"In &quot;Allgemein&quot;","img":{"alt_text":"Trennwand Trockenbau","src":"https:\/\/i0.wp.com\/www.dannwollenwirmal.de\/wp-content\/uploads\/2014\/03\/wand2.jpg?resize=350%2C200","width":350,"height":200},"classes":[]},{"id":388,"url":"http:\/\/www.dannwollenwirmal.de\/?p=388","url_meta":{"origin":71,"position":3},"title":"Einen am Kopp.","date":"18. M\u00e4rz 2014","format":false,"excerpt":"Beim Sehtest zum LKW-F\u00fchrerschein steckt man den Kopf in eine runde Schale, auf die Lichtpunkte projiziert werden (meine Mutter schl\u00e4ft dabei immer ein, stelle ich mir auch lustig vor). Dabei ist bereits vor einiger Zeit herausgekommen, dass mein oberes Gesichtsfeld eingeschr\u00e4nkt ist. Ich sehe dann vieles nicht, was \u00fcber mir\u2026","rel":"","context":"In &quot;Allgemein&quot;","img":{"alt_text":"Rigips Profil","src":"https:\/\/i1.wp.com\/www.dannwollenwirmal.de\/wp-content\/uploads\/2014\/03\/iso2.jpg?resize=350%2C200","width":350,"height":200},"classes":[]},{"id":2070,"url":"http:\/\/www.dannwollenwirmal.de\/?p=2070","url_meta":{"origin":71,"position":4},"title":"Lernerfolgskontrolle","date":"29. Oktober 2017","format":false,"excerpt":"Ein Projekt, das eigentlich schon l\u00e4ngst h\u00e4tte begonnen vollendet werden sollen, ist die Bekleidung eines vollst\u00e4ndig entkernten Badraumes, und nein, es ist wieder nicht bei mir zuhause. Ich lebe in Frieden und momentan bauschuttfrei! :) Das R\u00e4umchen war mal ein Bad, allerdings ein ziemlich vermurkstes (Spanplatten haben, auch unter Fliesen,\u2026","rel":"","context":"In &quot;Allgemein&quot;","img":{"alt_text":"","src":"https:\/\/i1.wp.com\/www.dannwollenwirmal.de\/wp-content\/uploads\/2017\/10\/IMG_5851-e1509208520400-1024x1024.jpg?resize=350%2C200","width":350,"height":200},"classes":[]},{"id":6,"url":"http:\/\/www.dannwollenwirmal.de\/?p=6","url_meta":{"origin":71,"position":5},"title":"Dann wollen wir mal&#8230;","date":"17. September 2013","format":false,"excerpt":"Unser H\u00e4uschen haben wir 2011 gekauft. Ein 20er Jahre-Stadthaus im sch\u00f6nen Porta Westfalica. Rund 140 m\u00b2 Wohnfl\u00e4che in solider Substanz bewohnen wir mit vier Personen. Beim Kauf im Oktober 2011 konnte ich mich dank Selbstst\u00e4ndigkeit und tolerantem Compagnon und Mitarbeitern ein Vierteljahr handwerklich austoben und das ganze Haus einzugsfertig renovieren\u2026","rel":"","context":"In &quot;Allgemeines&quot;","img":{"alt_text":"","src":"https:\/\/i2.wp.com\/www.dannwollenwirmal.de\/wp-content\/uploads\/2013\/09\/img_2197.jpg?resize=350%2C200","width":350,"height":200},"classes":[]}],"_links":{"self":[{"href":"http:\/\/www.dannwollenwirmal.de\/index.php?rest_route=\/wp\/v2\/posts\/71"}],"collection":[{"href":"http:\/\/www.dannwollenwirmal.de\/index.php?rest_route=\/wp\/v2\/posts"}],"about":[{"href":"http:\/\/www.dannwollenwirmal.de\/index.php?rest_route=\/wp\/v2\/types\/post"}],"author":[{"embeddable":true,"href":"http:\/\/www.dannwollenwirmal.de\/index.php?rest_route=\/wp\/v2\/users\/1"}],"replies":[{"embeddable":true,"href":"http:\/\/www.dannwollenwirmal.de\/index.php?rest_route=%2Fwp%2Fv2%2Fcomments&post=71"}],"version-history":[{"count":4,"href":"http:\/\/www.dannwollenwirmal.de\/index.php?rest_route=\/wp\/v2\/posts\/71\/revisions"}],"predecessor-version":[{"id":91,"href":"http:\/\/www.dannwollenwirmal.de\/index.php?rest_route=\/wp\/v2\/posts\/71\/revisions\/91"}],"wp:attachment":[{"href":"http:\/\/www.dannwollenwirmal.de\/index.php?rest_route=%2Fwp%2Fv2%2Fmedia&parent=71"}],"wp:term":[{"taxonomy":"category","embeddable":true,"href":"http:\/\/www.dannwollenwirmal.de\/index.php?rest_route=%2Fwp%2Fv2%2Fcategories&post=71"},{"taxonomy":"post_tag","embeddable":true,"href":"http:\/\/www.dannwollenwirmal.de\/index.php?rest_route=%2Fwp%2Fv2%2Ftags&post=71"}],"curies":[{"name":"wp","href":"https:\/\/api.w.org\/{rel}","templated":true}]}}