{"id":692,"date":"2014-12-07T16:18:49","date_gmt":"2014-12-07T14:18:49","guid":{"rendered":"http:\/\/www.dannwollenwirmal.de\/?p=692"},"modified":"2014-12-07T16:33:29","modified_gmt":"2014-12-07T14:33:29","slug":"nicht-lesen-gefahr","status":"publish","type":"post","link":"http:\/\/www.dannwollenwirmal.de\/?p=692","title":{"rendered":"Nicht lesen! Gefahr!"},"content":{"rendered":"<p>Die Adventszeit ist gekommen und das Haus riecht nicht nach Tannenduft und Kerzen, sondern &#8211; und das ist auch sch\u00f6n &#8211; nach Holz und S\u00e4gemehl. Die Holzdielen werden im Moment verlegt und ich werde dem Thema in den n\u00e4chsten Wochen noch einige Posts widmen. Im Moment eilt der Baufortschritt ja dem Blog etwas voraus.<\/p>\n<p>Bis es soweit kommen konnte, musste nat\u00fcrlich der Putz fertig (ist auch fertig! War nett, aber jetzt reicht&#8217;s auch) und auch das Gewerk &#8222;Elektro&#8220; vollendet werden. Ich bin zwar offiziell Elektrofachkraft, aber kein gelernter Hausinstallateur und so habe ich das Ganze in &#8218;Zusammenarbeit&#8216; mit einem befreundeten Elektriker gemacht. Weiterhin soll dieser Bericht nat\u00fcrlich keine Anleitung zum Nachmachen sein, sondern nur eine Beschreibung, wie ich es gemacht habe.<\/p>\n<p>Der Vorbesitzer hatte bereits eine Leitung von der Hauptverteilung im Keller bis hoch zum Dachboden legen lassen. Diese Leitung war in der Hauptverteilung an einem Sicherungsblock mit Schraubsicherungen (NEOZED) angeschlossen. Es fehlte allerdings noch die eigentliche Zuleitung zu diesem Sicherungsblock. Bevor man sich an sowas zu schaffen macht, muss die Spannung allpolig abgestellt und gegen Wiedereinschalten gesichert sein. Der stromlose Zustand ist zu messen. Die <a href=\"http:\/\/de.wikipedia.org\/wiki\/F%C3%BCnf_Sicherheitsregeln\"><strong>f\u00fcnf Sicherheitsregeln<\/strong><\/a> sind auf jeden Fall zu beachten und davon abgesehen sind solche Arbeiten nat\u00fcrlich nur von Elektrikern mit Jodeldiplom und Mofaf\u00fchrerschein auszuf\u00fchren.<\/p>\n<p>Die Hauptsicherungen (NH) wurden mit einem speziellen Handschuh (Aufsteckgriff) entfernt und die Abdeckung wieder verschlossen. Nun konnte die neue Zuleitung hergestellt werden. Ich habe mit Hilfe einer Hauptleitungs-Anschlussklemme die Leitung hinter dem Z\u00e4hler aufgesplittet. Wichtig ist, dass alle Kontakte fest verschraubt werden und dass in einer Klemme keine verschieden gro\u00dfen Querschnitte verwendet werden. Wenn irgendwas nicht richtig fest sitzt, kann es durch Kontaktschwierigkeiten zum Schmoren und schlie\u00dflich zum Brand kommen.<\/p>\n<p>Ein paar Stockwerke h\u00f6her kommt dann die Leitung oben an, wo ich eine kleine Verteilung (in einem zu gro\u00dfen Kasten) aufgebaut habe. Sie besteht aus FI(RCD)-Schutzschalter und drei Automaten (Leitungsschutzschalter). Diese Elemente werden gerne verwechselt: Der Fehlerstromschutzschalter (FI\/RCD) sch\u00fctzt den Mensch, der Leitungsschutzschalter die Leitung (vereinfacht gesagt \ud83d\ude42 )<\/p>\n<p>Von der ankommenden Zuleitung werden die drei Au\u00dfenleiter (Phasen) und der Neutralleiter (&#8222;Null&#8220;) am FI an der Oberseite angebracht:<\/p>\n<p><a href=\"https:\/\/i1.wp.com\/www.dannwollenwirmal.de\/wp-content\/uploads\/2014\/12\/elektro1.jpg\"><img data-attachment-id=\"693\" data-permalink=\"http:\/\/www.dannwollenwirmal.de\/?attachment_id=693#main\" data-orig-file=\"https:\/\/i1.wp.com\/www.dannwollenwirmal.de\/wp-content\/uploads\/2014\/12\/elektro1.jpg?fit=652%2C652\" data-orig-size=\"652,652\" data-comments-opened=\"1\" data-image-meta=\"{&quot;aperture&quot;:&quot;0&quot;,&quot;credit&quot;:&quot;&quot;,&quot;camera&quot;:&quot;&quot;,&quot;caption&quot;:&quot;&quot;,&quot;created_timestamp&quot;:&quot;0&quot;,&quot;copyright&quot;:&quot;&quot;,&quot;focal_length&quot;:&quot;0&quot;,&quot;iso&quot;:&quot;0&quot;,&quot;shutter_speed&quot;:&quot;0&quot;,&quot;title&quot;:&quot;&quot;,&quot;orientation&quot;:&quot;0&quot;}\" data-image-title=\"elektro1\" data-image-description=\"&lt;p&gt;FI\/RCD einspeisen&lt;\/p&gt;\n\" data-image-caption=\"\" data-medium-file=\"https:\/\/i1.wp.com\/www.dannwollenwirmal.de\/wp-content\/uploads\/2014\/12\/elektro1.jpg?fit=300%2C300\" data-large-file=\"https:\/\/i1.wp.com\/www.dannwollenwirmal.de\/wp-content\/uploads\/2014\/12\/elektro1.jpg?fit=652%2C652\" loading=\"lazy\" class=\"alignnone size-full wp-image-693\" src=\"https:\/\/i1.wp.com\/www.dannwollenwirmal.de\/wp-content\/uploads\/2014\/12\/elektro1.jpg?resize=652%2C652\" alt=\"elektro1\" width=\"652\" height=\"652\" srcset=\"https:\/\/i1.wp.com\/www.dannwollenwirmal.de\/wp-content\/uploads\/2014\/12\/elektro1.jpg?w=652 652w, https:\/\/i1.wp.com\/www.dannwollenwirmal.de\/wp-content\/uploads\/2014\/12\/elektro1.jpg?resize=150%2C150 150w, https:\/\/i1.wp.com\/www.dannwollenwirmal.de\/wp-content\/uploads\/2014\/12\/elektro1.jpg?resize=300%2C300 300w\" sizes=\"(max-width: 652px) 100vw, 652px\" data-recalc-dims=\"1\" \/><\/a><br \/>\n<em>Einspeisung FI\/RCD\/Fehlerstromschutzschaltere<\/em><\/p>\n<p>Strenggenommen ist der Farbcode im Bild nicht ganz richtig. Braun macht eigentlich L2, und der eine schwarze (der in der Leitung zwischen N und PE liegt) ist L1, und der verbleibende schwarze L2. Aber so wie im Bild war es am NEOZED-Block angschlossen, und da habe ich es so gelassen. Deutlich wichtiger ist auch die richtige farbliche Kennzeichnung von N (blau) und PE (gr\u00fcn-gelb). Der Schutzleiter\/PE gr\u00fcn-gelb wird \u00fcbrigens nicht am FI, ,sondern an der Schutzleiter-Verteilerklemme der neuen Verteilung angeschlossen.<\/p>\n<p><a href=\"https:\/\/i1.wp.com\/www.dannwollenwirmal.de\/wp-content\/uploads\/2014\/12\/elektro2.jpg\"><img data-attachment-id=\"694\" data-permalink=\"http:\/\/www.dannwollenwirmal.de\/?attachment_id=694#main\" data-orig-file=\"https:\/\/i1.wp.com\/www.dannwollenwirmal.de\/wp-content\/uploads\/2014\/12\/elektro2.jpg?fit=652%2C652\" data-orig-size=\"652,652\" data-comments-opened=\"1\" data-image-meta=\"{&quot;aperture&quot;:&quot;0&quot;,&quot;credit&quot;:&quot;&quot;,&quot;camera&quot;:&quot;&quot;,&quot;caption&quot;:&quot;&quot;,&quot;created_timestamp&quot;:&quot;0&quot;,&quot;copyright&quot;:&quot;&quot;,&quot;focal_length&quot;:&quot;0&quot;,&quot;iso&quot;:&quot;0&quot;,&quot;shutter_speed&quot;:&quot;0&quot;,&quot;title&quot;:&quot;&quot;,&quot;orientation&quot;:&quot;0&quot;}\" data-image-title=\"elektro2\" data-image-description=\"\" data-image-caption=\"\" data-medium-file=\"https:\/\/i1.wp.com\/www.dannwollenwirmal.de\/wp-content\/uploads\/2014\/12\/elektro2.jpg?fit=300%2C300\" data-large-file=\"https:\/\/i1.wp.com\/www.dannwollenwirmal.de\/wp-content\/uploads\/2014\/12\/elektro2.jpg?fit=652%2C652\" loading=\"lazy\" class=\"alignnone size-full wp-image-694\" src=\"https:\/\/i1.wp.com\/www.dannwollenwirmal.de\/wp-content\/uploads\/2014\/12\/elektro2.jpg?resize=652%2C652\" alt=\"elektro2\" width=\"652\" height=\"652\" srcset=\"https:\/\/i1.wp.com\/www.dannwollenwirmal.de\/wp-content\/uploads\/2014\/12\/elektro2.jpg?w=652 652w, https:\/\/i1.wp.com\/www.dannwollenwirmal.de\/wp-content\/uploads\/2014\/12\/elektro2.jpg?resize=150%2C150 150w, https:\/\/i1.wp.com\/www.dannwollenwirmal.de\/wp-content\/uploads\/2014\/12\/elektro2.jpg?resize=300%2C300 300w\" sizes=\"(max-width: 652px) 100vw, 652px\" data-recalc-dims=\"1\" \/><\/a><br \/>\n<em>Dreiphasen-Weiterleitung zu den LS-Schaltern<\/em><\/p>\n<p>Der FI ist also das erste Glied in der Kette und gibt nun seine drei Phasen an die danebenliegenden LS-Schalter weiter. An jeden LS-Schalter wird nachher ein Stromkreis angeschlossen. Zur Weitergabe der drei Phasen gibt es auch Dreiphasenschienen, gerade bei mehreren LS-Schaltern ist das eine schnelle Verdrahtungshilfe. Geht aber auch in &#8222;Handarbeit&#8220; mit Br\u00fccken, wie oben im Bild zu sehen. Auch hier wichtig: Alles muss fest verschraubt sein. Lieber nochmal dran wackeln und nachziehen.<\/p>\n<p>Der &#8222;N&#8220;, der &#8218;unten&#8216; aus dem FI kommt, wird dann an der Neutralleiter-Verteilerschiene angeschlossen. Und nun kann der erste Sicherungsautomat mit einem Stromkreis verbunden werden:<\/p>\n<p><a href=\"https:\/\/i2.wp.com\/www.dannwollenwirmal.de\/wp-content\/uploads\/2014\/12\/elektro3.jpg\"><img data-attachment-id=\"695\" data-permalink=\"http:\/\/www.dannwollenwirmal.de\/?attachment_id=695#main\" data-orig-file=\"https:\/\/i2.wp.com\/www.dannwollenwirmal.de\/wp-content\/uploads\/2014\/12\/elektro3.jpg?fit=652%2C652\" data-orig-size=\"652,652\" data-comments-opened=\"1\" data-image-meta=\"{&quot;aperture&quot;:&quot;0&quot;,&quot;credit&quot;:&quot;&quot;,&quot;camera&quot;:&quot;&quot;,&quot;caption&quot;:&quot;&quot;,&quot;created_timestamp&quot;:&quot;0&quot;,&quot;copyright&quot;:&quot;&quot;,&quot;focal_length&quot;:&quot;0&quot;,&quot;iso&quot;:&quot;0&quot;,&quot;shutter_speed&quot;:&quot;0&quot;,&quot;title&quot;:&quot;&quot;,&quot;orientation&quot;:&quot;0&quot;}\" data-image-title=\"elektro3\" data-image-description=\"&lt;p&gt;LS-Anschluss&lt;\/p&gt;\n\" data-image-caption=\"\" data-medium-file=\"https:\/\/i2.wp.com\/www.dannwollenwirmal.de\/wp-content\/uploads\/2014\/12\/elektro3.jpg?fit=300%2C300\" data-large-file=\"https:\/\/i2.wp.com\/www.dannwollenwirmal.de\/wp-content\/uploads\/2014\/12\/elektro3.jpg?fit=652%2C652\" loading=\"lazy\" class=\"alignnone size-full wp-image-695\" src=\"https:\/\/i2.wp.com\/www.dannwollenwirmal.de\/wp-content\/uploads\/2014\/12\/elektro3.jpg?resize=652%2C652\" alt=\"elektro3\" width=\"652\" height=\"652\" srcset=\"https:\/\/i2.wp.com\/www.dannwollenwirmal.de\/wp-content\/uploads\/2014\/12\/elektro3.jpg?w=652 652w, https:\/\/i2.wp.com\/www.dannwollenwirmal.de\/wp-content\/uploads\/2014\/12\/elektro3.jpg?resize=150%2C150 150w, https:\/\/i2.wp.com\/www.dannwollenwirmal.de\/wp-content\/uploads\/2014\/12\/elektro3.jpg?resize=300%2C300 300w\" sizes=\"(max-width: 652px) 100vw, 652px\" data-recalc-dims=\"1\" \/><\/a><br \/>\n<em>Anschluss eines Stromkreises an den LS-Schalter<\/em><\/p>\n<p>Wie oben im Bild zu sehen,<del> sitzt der Kasten schief anne Wand<\/del> <del>hat die eingebaute Libelle einen Fehler<\/del> wird ein ankommender Stromkreis mit dem Au\u00dfenleiter (Phase) an den passenden Automaten angeschlossen (braun). Der Schutzleiter (gr\u00fcn-gelb) wird an der Schutzleiterverteilerschiene und der Neutralleiter (blau) an der N-Schiene angschlossen. Ganz links sieht man die N-Einspeisung vom FI. Auf diese Weise werden nun alle LS-Schalter mit den ankommenden Leitungen verbunden.<\/p>\n<p>Wenn alles sch\u00f6n ist, wird die Frontblende angebracht und die Spannung kann nun wieder eingeschaltet werden. Jede Steckdose wird jetzt gemessen (L-&gt;N 230V, L-&gt;PE 230V, N-&gt;PE ca. 0V) und nat\u00fcrlich wird auch noch eine Installationsmessung vorgenommen.<\/p>\n<p>Also, es funktioniert alles und ich konnte endlich das Bau-Elektro-Provisorium mit 28 Dreierdosen abbauen. Und Licht geht mit Schalter an, juchhuu \ud83d\ude42<\/p>\n<p>\u00c4hnlich wie beim Thema &#8222;T\u00fcrsturz einbauen&#8220; sage ich nat\u00fcrlich auch hier: Nicht nachmachen. (Aber meine Blogstatistik zeigt mir, dass gerade die &#8218;verbotenen&#8216; Themen die popul\u00e4rsten sind&#8230;)<\/p>\n<p>In den n\u00e4chsten Wochen lesen Sie hier:<\/p>\n<p>&#8211; Alufolie &#8211; der kleine Helfer bei Hochvoltanlagen<\/p>\n<p>&#8211; Plutonium &#8211; der untersch\u00e4tzte Allesk\u00f6nner f\u00fcr den Heimwerker<\/p>\n<p>&#8211; Kartoffelschnaps 2.0<\/p>\n<p>&#8211; Schwei\u00dfger\u00e4te selbst gebaut<\/p>\n<p>&#8211; Tim Taylor-seine besten Ideen im Praxisversuch<\/p>\n<p>und<\/p>\n<p>&#8211; Mein Freund, die L\u00f6schdecke!<\/p>\n<p>&nbsp;<\/p>\n<p>&nbsp;<\/p>\n<div class=\"sharedaddy sd-sharing-enabled\"><div class=\"robots-nocontent sd-block sd-social sd-social-icon-text sd-sharing\"><h3 class=\"sd-title\">Teilen mit:<\/h3><div class=\"sd-content\"><ul><li class=\"share-email\"><a rel=\"nofollow noopener noreferrer\" data-shared=\"\" class=\"share-email sd-button share-icon\" href=\"http:\/\/www.dannwollenwirmal.de\/?p=692&amp;share=email\" target=\"_blank\" title=\"Klick, um dies einem Freund per E-Mail zu senden\"><span>E-Mail<\/span><\/a><\/li><li class=\"share-print\"><a rel=\"nofollow noopener noreferrer\" data-shared=\"\" class=\"share-print sd-button share-icon\" href=\"http:\/\/www.dannwollenwirmal.de\/?p=692\" target=\"_blank\" title=\"Klicken zum Ausdrucken\"><span>Drucken<\/span><\/a><\/li><li class=\"share-facebook\"><a rel=\"nofollow noopener noreferrer\" data-shared=\"sharing-facebook-692\" class=\"share-facebook sd-button share-icon\" href=\"http:\/\/www.dannwollenwirmal.de\/?p=692&amp;share=facebook\" target=\"_blank\" title=\"Klick, um auf Facebook zu teilen\"><span>Facebook<\/span><\/a><\/li><li class=\"share-twitter\"><a rel=\"nofollow noopener noreferrer\" data-shared=\"sharing-twitter-692\" class=\"share-twitter sd-button share-icon\" href=\"http:\/\/www.dannwollenwirmal.de\/?p=692&amp;share=twitter\" target=\"_blank\" title=\"Klick, um \u00fcber Twitter zu teilen\"><span>Twitter<\/span><\/a><\/li><li class=\"share-pinterest\"><a rel=\"nofollow noopener noreferrer\" data-shared=\"sharing-pinterest-692\" class=\"share-pinterest sd-button share-icon\" href=\"http:\/\/www.dannwollenwirmal.de\/?p=692&amp;share=pinterest\" target=\"_blank\" title=\"Klick, um auf Pinterest zu teilen\"><span>Pinterest<\/span><\/a><\/li><li class=\"share-linkedin\"><a rel=\"nofollow noopener noreferrer\" data-shared=\"sharing-linkedin-692\" class=\"share-linkedin sd-button share-icon\" href=\"http:\/\/www.dannwollenwirmal.de\/?p=692&amp;share=linkedin\" target=\"_blank\" title=\"Klick, um auf LinkedIn zu teilen\"><span>LinkedIn<\/span><\/a><\/li><li class=\"share-end\"><\/li><\/ul><\/div><\/div><\/div>","protected":false},"excerpt":{"rendered":"<p>Die Adventszeit ist gekommen und das Haus riecht nicht nach Tannenduft und Kerzen, sondern &#8211; und das ist auch sch\u00f6n &#8211; nach Holz und S\u00e4gemehl. Die Holzdielen werden im Moment verlegt und ich werde dem Thema in den n\u00e4chsten Wochen noch einige Posts widmen. Im Moment eilt der Baufortschritt ja dem Blog etwas voraus. Bis [&hellip;]<\/p>\n<div class=\"sharedaddy sd-sharing-enabled\"><div class=\"robots-nocontent sd-block sd-social sd-social-icon-text sd-sharing\"><h3 class=\"sd-title\">Teilen mit:<\/h3><div class=\"sd-content\"><ul><li class=\"share-email\"><a rel=\"nofollow noopener noreferrer\" data-shared=\"\" class=\"share-email sd-button share-icon\" href=\"http:\/\/www.dannwollenwirmal.de\/?p=692&amp;share=email\" target=\"_blank\" title=\"Klick, um dies einem Freund per E-Mail zu senden\"><span>E-Mail<\/span><\/a><\/li><li class=\"share-print\"><a rel=\"nofollow noopener noreferrer\" data-shared=\"\" class=\"share-print sd-button share-icon\" href=\"http:\/\/www.dannwollenwirmal.de\/?p=692\" target=\"_blank\" title=\"Klicken zum Ausdrucken\"><span>Drucken<\/span><\/a><\/li><li class=\"share-facebook\"><a rel=\"nofollow noopener noreferrer\" data-shared=\"sharing-facebook-692\" class=\"share-facebook sd-button share-icon\" href=\"http:\/\/www.dannwollenwirmal.de\/?p=692&amp;share=facebook\" target=\"_blank\" title=\"Klick, um auf Facebook zu teilen\"><span>Facebook<\/span><\/a><\/li><li class=\"share-twitter\"><a rel=\"nofollow noopener noreferrer\" data-shared=\"sharing-twitter-692\" class=\"share-twitter sd-button share-icon\" href=\"http:\/\/www.dannwollenwirmal.de\/?p=692&amp;share=twitter\" target=\"_blank\" title=\"Klick, um \u00fcber Twitter zu teilen\"><span>Twitter<\/span><\/a><\/li><li class=\"share-pinterest\"><a rel=\"nofollow noopener noreferrer\" data-shared=\"sharing-pinterest-692\" class=\"share-pinterest sd-button share-icon\" href=\"http:\/\/www.dannwollenwirmal.de\/?p=692&amp;share=pinterest\" target=\"_blank\" title=\"Klick, um auf Pinterest zu teilen\"><span>Pinterest<\/span><\/a><\/li><li class=\"share-linkedin\"><a rel=\"nofollow noopener noreferrer\" data-shared=\"sharing-linkedin-692\" class=\"share-linkedin sd-button share-icon\" href=\"http:\/\/www.dannwollenwirmal.de\/?p=692&amp;share=linkedin\" target=\"_blank\" title=\"Klick, um auf LinkedIn zu teilen\"><span>LinkedIn<\/span><\/a><\/li><li class=\"share-end\"><\/li><\/ul><\/div><\/div><\/div>","protected":false},"author":1,"featured_media":0,"comment_status":"open","ping_status":"open","sticky":false,"template":"","format":"standard","meta":{"advanced_seo_description":"","spay_email":"","jetpack_publicize_message":"","jetpack_is_tweetstorm":false,"jetpack_publicize_feature_enabled":true},"categories":[1,179],"tags":[182,509,180,181],"jetpack_featured_media_url":"","jetpack_publicize_connections":[],"jetpack_shortlink":"https:\/\/wp.me\/p3WtlO-ba","jetpack_sharing_enabled":true,"jetpack-related-posts":[{"id":285,"url":"http:\/\/www.dannwollenwirmal.de\/?p=285","url_meta":{"origin":692,"position":0},"title":"Sturzhausen","date":"4. Januar 2014","format":false,"excerpt":"Die D\u00fcmpelphase des Jahreswechsels neigt sich langsam dem Ende zu und es wird Zeit, mal wieder was zu tun! Ich bin im Moment nicht daheim, sondern bei einem befreundeten sich-den-Stall-zur-Wohnung-Ausbauer auf der Baustelle und verrichte dort nach dem Motto 'Eine Hand w\u00e4scht die Andere' Fliesen- Elektro- Tapzier- und eben auch\u2026","rel":"","context":"In &quot;Allgemein&quot;","img":{"alt_text":"","src":"https:\/\/i1.wp.com\/www.dannwollenwirmal.de\/wp-content\/uploads\/2014\/01\/ts.jpg?resize=350%2C200","width":350,"height":200},"classes":[]},{"id":1726,"url":"http:\/\/www.dannwollenwirmal.de\/?p=1726","url_meta":{"origin":692,"position":1},"title":"Bakelit","date":"11. Dezember 2016","format":false,"excerpt":"So, ich hoffe, alle hatten viel Spa\u00df und Freude mit dem Basteltip von letzter Woche? Ich werde auch noch ein bi\u00dfchen basteln, ich habe n\u00e4mlich noch das Au\u00dfenlichtschalter-Projekt vor der Brust. Was es damit auf sich hat? Nun, als ich das Haus im Fr\u00fchjahr verputzt habe, musste ich eine alte\u2026","rel":"","context":"In &quot;Allgemein&quot;","img":{"alt_text":"","src":"https:\/\/i1.wp.com\/www.dannwollenwirmal.de\/wp-content\/uploads\/2016\/12\/IMG_5009.jpg?resize=350%2C200","width":350,"height":200},"classes":[]},{"id":903,"url":"http:\/\/www.dannwollenwirmal.de\/?p=903","url_meta":{"origin":692,"position":2},"title":"Das wird ja immer sch\u00f6ner!","date":"22. M\u00e4rz 2015","format":false,"excerpt":"Es wird spannend, Trommelwirbel und Tusch: Der Gewinner des Dyson-AM05 Heizl\u00fcfters ist: Tanja Hermann! Herzlichen Gl\u00fcckwunsch. Das Ger\u00e4t wird direkt von Dyson verschickt, ich schreibe Dir eine eMail wegen der Adresse. Allen anderen Danke f\u00fcrs Mitmachen und nicht traurig sein, sicher gibt es demn\u00e4chst wieder ein Gewinnspiel. W\u00e4hrend schon wieder\u2026","rel":"","context":"In &quot;Allgemein&quot;","img":{"alt_text":"","src":"https:\/\/i1.wp.com\/www.dannwollenwirmal.de\/wp-content\/uploads\/2015\/03\/IMG_3319.jpg?resize=350%2C200","width":350,"height":200},"classes":[]},{"id":2012,"url":"http:\/\/www.dannwollenwirmal.de\/?p=2012","url_meta":{"origin":692,"position":3},"title":"Sommerpause VI: Fertig?","date":"27. August 2017","format":false,"excerpt":"Fertig sein ist was f\u00fcr Spie\u00dfer! Habe ich schon 2015 gesagt, gilt immer noch. Nebenbei erf\u00e4hrt der geneigte Leser noch, wie man eine Treppe verteppicht: Fertig? 6. September 2015 von mohlemeyer Im letzten Teil des Treppenhaus-Projekts zeige ich heute, wie man den ganzen Mist wieder abrei\u00dft die Treppe mit Teppich\u2026","rel":"","context":"In &quot;Allgemein&quot;","img":{"alt_text":"IMG_3647","src":"https:\/\/i2.wp.com\/www.dannwollenwirmal.de\/wp-content\/uploads\/2015\/09\/IMG_3647.jpg?w=652&resize=350%2C200","width":350,"height":200},"classes":[]},{"id":1042,"url":"http:\/\/www.dannwollenwirmal.de\/?p=1042","url_meta":{"origin":692,"position":4},"title":"Freigelegt!","date":"23. August 2015","format":false,"excerpt":"Endlich herrscht im Haus wieder ein Klima nach meinem Geschmack! Staub, Dreck, Baul\u00e4rm und der liebliche Geruch von 89 Jahre altem Schutt l\u00e4sst doch jedes Heimwerkerherz h\u00f6her schlagen? Nun, ehrlich gesagt finde ich es auch netter, wenn alles fertig und das traute Heim keine Baustelle ist. Ein Grund mehr, schnell\u2026","rel":"","context":"In &quot;Allgemein&quot;","img":{"alt_text":"","src":"https:\/\/i2.wp.com\/www.dannwollenwirmal.de\/wp-content\/uploads\/2015\/08\/IMG_3617.jpg?resize=350%2C200","width":350,"height":200},"classes":[]},{"id":1247,"url":"http:\/\/www.dannwollenwirmal.de\/?p=1247","url_meta":{"origin":692,"position":5},"title":"Der dannwollenwirmal-Jahresr\u00fcckblick","date":"27. Dezember 2015","format":false,"excerpt":"Statistisch gesehen sind die Zugriffszahlen auf diesen kleinen Anti-Besinnlichkeits-Blog zu Weihnachten immer am niedrigsten. Besonders der Heiligabend sticht hier negativ hervor. Scheinbar brauchen an diesem Tag nur wenige Menschen Ratschl\u00e4ge hinsichtlich Mauerdurchbr\u00fcchen und kleinen Sprengarbeiten (wobei das auch sehr sch\u00f6n sein kann, siehe diese Geschichte!) Also, lieber Leser, wir sind\u2026","rel":"","context":"In &quot;Allgemein&quot;","img":{"alt_text":"","src":"https:\/\/i0.wp.com\/www.dannwollenwirmal.de\/wp-content\/uploads\/2015\/12\/IMG_3955.jpg?resize=350%2C200","width":350,"height":200},"classes":[]}],"_links":{"self":[{"href":"http:\/\/www.dannwollenwirmal.de\/index.php?rest_route=\/wp\/v2\/posts\/692"}],"collection":[{"href":"http:\/\/www.dannwollenwirmal.de\/index.php?rest_route=\/wp\/v2\/posts"}],"about":[{"href":"http:\/\/www.dannwollenwirmal.de\/index.php?rest_route=\/wp\/v2\/types\/post"}],"author":[{"embeddable":true,"href":"http:\/\/www.dannwollenwirmal.de\/index.php?rest_route=\/wp\/v2\/users\/1"}],"replies":[{"embeddable":true,"href":"http:\/\/www.dannwollenwirmal.de\/index.php?rest_route=%2Fwp%2Fv2%2Fcomments&post=692"}],"version-history":[{"count":5,"href":"http:\/\/www.dannwollenwirmal.de\/index.php?rest_route=\/wp\/v2\/posts\/692\/revisions"}],"predecessor-version":[{"id":700,"href":"http:\/\/www.dannwollenwirmal.de\/index.php?rest_route=\/wp\/v2\/posts\/692\/revisions\/700"}],"wp:attachment":[{"href":"http:\/\/www.dannwollenwirmal.de\/index.php?rest_route=%2Fwp%2Fv2%2Fmedia&parent=692"}],"wp:term":[{"taxonomy":"category","embeddable":true,"href":"http:\/\/www.dannwollenwirmal.de\/index.php?rest_route=%2Fwp%2Fv2%2Fcategories&post=692"},{"taxonomy":"post_tag","embeddable":true,"href":"http:\/\/www.dannwollenwirmal.de\/index.php?rest_route=%2Fwp%2Fv2%2Ftags&post=692"}],"curies":[{"name":"wp","href":"https:\/\/api.w.org\/{rel}","templated":true}]}}