{"id":539,"date":"2014-08-24T20:27:41","date_gmt":"2014-08-24T18:27:41","guid":{"rendered":"http:\/\/www.dannwollenwirmal.de\/?p=539"},"modified":"2016-01-15T20:09:15","modified_gmt":"2016-01-15T19:09:15","slug":"nicht-alle-latten-am-zaun","status":"publish","type":"post","link":"http:\/\/www.dannwollenwirmal.de\/?p=539","title":{"rendered":"Nicht alle Latten am Zaun"},"content":{"rendered":"<p>Es wird Zeit, mal wieder eine gewisse Regelm\u00e4\u00dfigkeit hier reinzubringen und auch mal wieder etwas handwerkliches zu berichten (wobei, statistisch betrachtet sind die humoristischen Beitr\u00e4ge die erfolgreichsten), also nehme ich Euch mit in den Keller.<\/p>\n<p><a href=\"https:\/\/i0.wp.com\/www.dannwollenwirmal.de\/wp-content\/uploads\/2014\/08\/cid_10320F24-8FFE-4854-95FC-FFDA2783A606.jpg\"><img data-attachment-id=\"540\" data-permalink=\"http:\/\/www.dannwollenwirmal.de\/?attachment_id=540#main\" data-orig-file=\"https:\/\/i0.wp.com\/www.dannwollenwirmal.de\/wp-content\/uploads\/2014\/08\/cid_10320F24-8FFE-4854-95FC-FFDA2783A606.jpg?fit=652%2C489\" data-orig-size=\"652,489\" data-comments-opened=\"1\" data-image-meta=\"{&quot;aperture&quot;:&quot;2.4&quot;,&quot;credit&quot;:&quot;&quot;,&quot;camera&quot;:&quot;iPhone 5&quot;,&quot;caption&quot;:&quot;&quot;,&quot;created_timestamp&quot;:&quot;1408630316&quot;,&quot;copyright&quot;:&quot;&quot;,&quot;focal_length&quot;:&quot;4.12&quot;,&quot;iso&quot;:&quot;50&quot;,&quot;shutter_speed&quot;:&quot;0.0057142857142857&quot;,&quot;title&quot;:&quot;&quot;}\" data-image-title=\"!cid_10320F24-8FFE-4854-95FC-FFDA2783A606\" data-image-description=\"&lt;p&gt;Kellertreppe&lt;\/p&gt;\n\" data-image-caption=\"\" data-medium-file=\"https:\/\/i0.wp.com\/www.dannwollenwirmal.de\/wp-content\/uploads\/2014\/08\/cid_10320F24-8FFE-4854-95FC-FFDA2783A606.jpg?fit=300%2C225\" data-large-file=\"https:\/\/i0.wp.com\/www.dannwollenwirmal.de\/wp-content\/uploads\/2014\/08\/cid_10320F24-8FFE-4854-95FC-FFDA2783A606.jpg?fit=652%2C489\" loading=\"lazy\" class=\"alignnone size-full wp-image-540\" src=\"https:\/\/i0.wp.com\/www.dannwollenwirmal.de\/wp-content\/uploads\/2014\/08\/cid_10320F24-8FFE-4854-95FC-FFDA2783A606.jpg?resize=652%2C489\" alt=\"Kellertreppe\" width=\"652\" height=\"489\" srcset=\"https:\/\/i0.wp.com\/www.dannwollenwirmal.de\/wp-content\/uploads\/2014\/08\/cid_10320F24-8FFE-4854-95FC-FFDA2783A606.jpg?w=652 652w, https:\/\/i0.wp.com\/www.dannwollenwirmal.de\/wp-content\/uploads\/2014\/08\/cid_10320F24-8FFE-4854-95FC-FFDA2783A606.jpg?resize=300%2C225 300w\" sizes=\"(max-width: 652px) 100vw, 652px\" data-recalc-dims=\"1\" \/><\/a><br \/>\n<em>Kellertreppe<\/em><\/p>\n<p>Als kleines Zwischenprojekt habe ich den Au\u00dfenzugang zum Keller eingeschoben. Durch die Aktion mit dem Ger\u00fcst musste ja die alte Abtrennung teilweise entfernt werden (eine Art Holzmatte) und es ist auch einiges an Schutt ins Loch gefallen. Der Zugang wurde bisher nicht genutzt; einmal um es kindersicher zu halten, vor allem aber geht die T\u00fcr nicht auf weil kein Schl\u00fcssel so richtig passt (das Problem habe ich \u00fcbrigens bisher noch nicht gel\u00f6st&#8230;)<\/p>\n<p>Die Holzmatte habe ich entfernt, sie soll durch eine h\u00fcbsche wei\u00dfe Holzverleidung ersetzt werden (auf dem Dachboden hatte ich einige Latten 70&#215;20 oder so \u00fcbrig, die ich nun nicht runterschleppen brauche, sondern die zu Zaunlatten ges\u00e4gt wurden), wobei ich das &#8222;alte&#8220; Grundger\u00fcst stehen gelassen und nur wei\u00df gestrichen habe. Die Latten wurden an den oberen Enden mit 45\u00b0 Gehrung abgeschr\u00e4gt.<\/p>\n<p><a href=\"https:\/\/i0.wp.com\/www.dannwollenwirmal.de\/wp-content\/uploads\/2014\/08\/cid_622437A4-11A9-4374-AD58-D041B019BB52.jpg\"><img data-attachment-id=\"541\" data-permalink=\"http:\/\/www.dannwollenwirmal.de\/?attachment_id=541#main\" data-orig-file=\"https:\/\/i0.wp.com\/www.dannwollenwirmal.de\/wp-content\/uploads\/2014\/08\/cid_622437A4-11A9-4374-AD58-D041B019BB52.jpg?fit=652%2C489\" data-orig-size=\"652,489\" data-comments-opened=\"1\" data-image-meta=\"{&quot;aperture&quot;:&quot;2.4&quot;,&quot;credit&quot;:&quot;&quot;,&quot;camera&quot;:&quot;iPhone 5&quot;,&quot;caption&quot;:&quot;&quot;,&quot;created_timestamp&quot;:&quot;1408633740&quot;,&quot;copyright&quot;:&quot;&quot;,&quot;focal_length&quot;:&quot;4.12&quot;,&quot;iso&quot;:&quot;50&quot;,&quot;shutter_speed&quot;:&quot;0.033333333333333&quot;,&quot;title&quot;:&quot;&quot;}\" data-image-title=\"!cid_622437A4-11A9-4374-AD58-D041B019BB52\" data-image-description=\"&lt;p&gt;Vorstreichen&lt;\/p&gt;\n\" data-image-caption=\"\" data-medium-file=\"https:\/\/i0.wp.com\/www.dannwollenwirmal.de\/wp-content\/uploads\/2014\/08\/cid_622437A4-11A9-4374-AD58-D041B019BB52.jpg?fit=300%2C225\" data-large-file=\"https:\/\/i0.wp.com\/www.dannwollenwirmal.de\/wp-content\/uploads\/2014\/08\/cid_622437A4-11A9-4374-AD58-D041B019BB52.jpg?fit=652%2C489\" loading=\"lazy\" class=\"alignnone size-full wp-image-541\" src=\"https:\/\/i0.wp.com\/www.dannwollenwirmal.de\/wp-content\/uploads\/2014\/08\/cid_622437A4-11A9-4374-AD58-D041B019BB52.jpg?resize=652%2C489\" alt=\"!cid_622437A4-11A9-4374-AD58-D041B019BB52\" width=\"652\" height=\"489\" srcset=\"https:\/\/i0.wp.com\/www.dannwollenwirmal.de\/wp-content\/uploads\/2014\/08\/cid_622437A4-11A9-4374-AD58-D041B019BB52.jpg?w=652 652w, https:\/\/i0.wp.com\/www.dannwollenwirmal.de\/wp-content\/uploads\/2014\/08\/cid_622437A4-11A9-4374-AD58-D041B019BB52.jpg?resize=300%2C225 300w\" sizes=\"(max-width: 652px) 100vw, 652px\" data-recalc-dims=\"1\" \/><\/a><br \/>\n<em>Voranstrich!<\/em><\/p>\n<p>Damit die Bretter von allen Seiten gestrichen werden k\u00f6nnen, habe ich das vorher gemacht; so ist ein Witterungsschutz rundherum gew\u00e4hrleistet. Wenn sie schon montiert sind kann man die Bretter ja schlecht \u00fcberall streichen, da gibt es dann nur noch das &#8222;Finnish&#8220;. Gestrichen wurde mit 2-in-1-Lack matt wei\u00df von tooom (ja, Baumarkt, aber das Zeug ist wirklich ganz gut), anstatt zu Pinseln arbeite ich lieber mit einer Schaumstoffrolle. Nach einem Tag Pause erfolgt dann der zweite Anstrich.<\/p>\n<p>&nbsp;<\/p>\n<p><a href=\"https:\/\/i2.wp.com\/www.dannwollenwirmal.de\/wp-content\/uploads\/2014\/08\/cid_598A3E87-0315-4C07-A05E-4A2ADC0B4AE8.jpg\"><img data-attachment-id=\"543\" data-permalink=\"http:\/\/www.dannwollenwirmal.de\/?attachment_id=543#main\" data-orig-file=\"https:\/\/i2.wp.com\/www.dannwollenwirmal.de\/wp-content\/uploads\/2014\/08\/cid_598A3E87-0315-4C07-A05E-4A2ADC0B4AE8.jpg?fit=652%2C489\" data-orig-size=\"652,489\" data-comments-opened=\"1\" data-image-meta=\"{&quot;aperture&quot;:&quot;2.4&quot;,&quot;credit&quot;:&quot;&quot;,&quot;camera&quot;:&quot;iPhone 5&quot;,&quot;caption&quot;:&quot;&quot;,&quot;created_timestamp&quot;:&quot;1408631151&quot;,&quot;copyright&quot;:&quot;&quot;,&quot;focal_length&quot;:&quot;4.12&quot;,&quot;iso&quot;:&quot;80&quot;,&quot;shutter_speed&quot;:&quot;0.0083333333333333&quot;,&quot;title&quot;:&quot;&quot;}\" data-image-title=\"!cid_598A3E87-0315-4C07-A05E-4A2ADC0B4AE8\" data-image-description=\"&lt;p&gt;Aufgeplatzte Treppenstufen&lt;\/p&gt;\n\" data-image-caption=\"\" data-medium-file=\"https:\/\/i2.wp.com\/www.dannwollenwirmal.de\/wp-content\/uploads\/2014\/08\/cid_598A3E87-0315-4C07-A05E-4A2ADC0B4AE8.jpg?fit=300%2C225\" data-large-file=\"https:\/\/i2.wp.com\/www.dannwollenwirmal.de\/wp-content\/uploads\/2014\/08\/cid_598A3E87-0315-4C07-A05E-4A2ADC0B4AE8.jpg?fit=652%2C489\" loading=\"lazy\" class=\"alignnone size-full wp-image-543\" src=\"https:\/\/i2.wp.com\/www.dannwollenwirmal.de\/wp-content\/uploads\/2014\/08\/cid_598A3E87-0315-4C07-A05E-4A2ADC0B4AE8.jpg?resize=652%2C489\" alt=\"Aufgeplatzte Treppenstufen\" width=\"652\" height=\"489\" srcset=\"https:\/\/i2.wp.com\/www.dannwollenwirmal.de\/wp-content\/uploads\/2014\/08\/cid_598A3E87-0315-4C07-A05E-4A2ADC0B4AE8.jpg?w=652 652w, https:\/\/i2.wp.com\/www.dannwollenwirmal.de\/wp-content\/uploads\/2014\/08\/cid_598A3E87-0315-4C07-A05E-4A2ADC0B4AE8.jpg?resize=300%2C225 300w\" sizes=\"(max-width: 652px) 100vw, 652px\" data-recalc-dims=\"1\" \/><\/a><br \/>\n<em>Aufgeplatzte Treppenstufen<\/em><\/p>\n<p>Etwas Sorgen machen mir noch die Treppenstufen, die durch die lange Nichtbenutzung und Feuchtigkeits-\/Frosteinwirkung an den Kanten aufgeplatzt sind. Ich hatte erst \u00fcberlegt die Treppe neu zu fliesen, werde es aber erstmal mit Beton-Ausbesserung versuchen, vielleicht mit Metallverst\u00e4rkung?<\/p>\n<p><a href=\"https:\/\/i0.wp.com\/www.dannwollenwirmal.de\/wp-content\/uploads\/2014\/08\/cid_6C4E5664-B673-4891-96B6-EDED8DBFC7A7.jpg\"><img data-attachment-id=\"544\" data-permalink=\"http:\/\/www.dannwollenwirmal.de\/?attachment_id=544#main\" data-orig-file=\"https:\/\/i0.wp.com\/www.dannwollenwirmal.de\/wp-content\/uploads\/2014\/08\/cid_6C4E5664-B673-4891-96B6-EDED8DBFC7A7.jpg?fit=489%2C652\" data-orig-size=\"489,652\" data-comments-opened=\"1\" data-image-meta=\"{&quot;aperture&quot;:&quot;2.4&quot;,&quot;credit&quot;:&quot;&quot;,&quot;camera&quot;:&quot;iPhone 5&quot;,&quot;caption&quot;:&quot;&quot;,&quot;created_timestamp&quot;:&quot;1408793440&quot;,&quot;copyright&quot;:&quot;&quot;,&quot;focal_length&quot;:&quot;4.12&quot;,&quot;iso&quot;:&quot;50&quot;,&quot;shutter_speed&quot;:&quot;0.0068493150684932&quot;,&quot;title&quot;:&quot;&quot;}\" data-image-title=\"!cid_6C4E5664-B673-4891-96B6-EDED8DBFC7A7\" data-image-description=\"&lt;p&gt;Nicht alle Latten am Zaun&lt;\/p&gt;\n\" data-image-caption=\"\" data-medium-file=\"https:\/\/i0.wp.com\/www.dannwollenwirmal.de\/wp-content\/uploads\/2014\/08\/cid_6C4E5664-B673-4891-96B6-EDED8DBFC7A7.jpg?fit=225%2C300\" data-large-file=\"https:\/\/i0.wp.com\/www.dannwollenwirmal.de\/wp-content\/uploads\/2014\/08\/cid_6C4E5664-B673-4891-96B6-EDED8DBFC7A7.jpg?fit=489%2C652\" loading=\"lazy\" class=\"alignnone size-full wp-image-544\" src=\"https:\/\/i0.wp.com\/www.dannwollenwirmal.de\/wp-content\/uploads\/2014\/08\/cid_6C4E5664-B673-4891-96B6-EDED8DBFC7A7.jpg?resize=489%2C652\" alt=\"Nicht alle Latten am Zaun\" width=\"489\" height=\"652\" srcset=\"https:\/\/i0.wp.com\/www.dannwollenwirmal.de\/wp-content\/uploads\/2014\/08\/cid_6C4E5664-B673-4891-96B6-EDED8DBFC7A7.jpg?w=489 489w, https:\/\/i0.wp.com\/www.dannwollenwirmal.de\/wp-content\/uploads\/2014\/08\/cid_6C4E5664-B673-4891-96B6-EDED8DBFC7A7.jpg?resize=225%2C300 225w\" sizes=\"(max-width: 489px) 100vw, 489px\" data-recalc-dims=\"1\" \/><\/a><br \/>\n<em>Nicht alle Latten am Zaun<\/em><\/p>\n<p>Wie oben zu sehen, sind zwei Fliesen kaputt, da versuche ich mal, solche nochmal zu bekommen.<\/p>\n<p>Nun werden nach und nach die Latten angeschraubt. Als Abstandhalter zwischen den Latten und untendrunter (Platz zum Boden wegen Feuchtigkeit) habe ich Fliesenreste benutzt, die 1 cm stark sind (geht nat\u00fcrlich auch mit Holzst\u00fccken, nur hatte ich da nichts passendes zur Hand). Mit Schraubzwingen wurde dann die jeweilige Latte fixiert und mit der Wasserwaage ausgerichtet.<br \/>\nJetzt sollte man die Schrauben nicht einfach irgendwie reinballern, sondern mittig der Latte und auf einer waagerechten Linie halten, damit die Schraubenk\u00f6pfe eine gleichm\u00e4\u00dfige Linie ergeben und man sp\u00e4ter beim Anschauen keinen W\u00fcrgereiz bekommt. Zur Vermeidung von Rostproblemem werde hier keine &#8222;Spax&#8220; sondern Edelstahlschrauben benutzt.<\/p>\n<p>Als Eingang wird es dann noch ein kleines Tor geben, die Keller-Au\u00dfenw\u00e4nde an der Treppe werden noch farblich angepasst und wenn ich diese T\u00fcr irgendwann mal aufbekommen sollte, wird die noch gestrichen und wieder g\u00e4ngig gemacht.<\/p>\n<p>Alle Baufortschritte wie immer brandhei\u00df und exklusiv auf diesem Sender. Wohl bekomm&#8217;s!<\/p>\n<div class=\"sharedaddy sd-sharing-enabled\"><div class=\"robots-nocontent sd-block sd-social sd-social-icon-text sd-sharing\"><h3 class=\"sd-title\">Teilen mit:<\/h3><div class=\"sd-content\"><ul><li class=\"share-email\"><a rel=\"nofollow noopener noreferrer\" data-shared=\"\" class=\"share-email sd-button share-icon\" href=\"http:\/\/www.dannwollenwirmal.de\/?p=539&amp;share=email\" target=\"_blank\" title=\"Klick, um dies einem Freund per E-Mail zu senden\"><span>E-Mail<\/span><\/a><\/li><li class=\"share-print\"><a rel=\"nofollow noopener noreferrer\" data-shared=\"\" class=\"share-print sd-button share-icon\" href=\"http:\/\/www.dannwollenwirmal.de\/?p=539\" target=\"_blank\" title=\"Klicken zum Ausdrucken\"><span>Drucken<\/span><\/a><\/li><li class=\"share-facebook\"><a rel=\"nofollow noopener noreferrer\" data-shared=\"sharing-facebook-539\" class=\"share-facebook sd-button share-icon\" href=\"http:\/\/www.dannwollenwirmal.de\/?p=539&amp;share=facebook\" target=\"_blank\" title=\"Klick, um auf Facebook zu teilen\"><span>Facebook<\/span><\/a><\/li><li class=\"share-twitter\"><a rel=\"nofollow noopener noreferrer\" data-shared=\"sharing-twitter-539\" class=\"share-twitter sd-button share-icon\" href=\"http:\/\/www.dannwollenwirmal.de\/?p=539&amp;share=twitter\" target=\"_blank\" title=\"Klick, um \u00fcber Twitter zu teilen\"><span>Twitter<\/span><\/a><\/li><li class=\"share-pinterest\"><a rel=\"nofollow noopener noreferrer\" data-shared=\"sharing-pinterest-539\" class=\"share-pinterest sd-button share-icon\" href=\"http:\/\/www.dannwollenwirmal.de\/?p=539&amp;share=pinterest\" target=\"_blank\" title=\"Klick, um auf Pinterest zu teilen\"><span>Pinterest<\/span><\/a><\/li><li class=\"share-linkedin\"><a rel=\"nofollow noopener noreferrer\" data-shared=\"sharing-linkedin-539\" class=\"share-linkedin sd-button share-icon\" href=\"http:\/\/www.dannwollenwirmal.de\/?p=539&amp;share=linkedin\" target=\"_blank\" title=\"Klick, um auf LinkedIn zu teilen\"><span>LinkedIn<\/span><\/a><\/li><li class=\"share-end\"><\/li><\/ul><\/div><\/div><\/div>","protected":false},"excerpt":{"rendered":"<p>Es wird Zeit, mal wieder eine gewisse Regelm\u00e4\u00dfigkeit hier reinzubringen und auch mal wieder etwas handwerkliches zu berichten (wobei, statistisch betrachtet sind die humoristischen Beitr\u00e4ge die erfolgreichsten), also nehme ich Euch mit in den Keller. Kellertreppe Als kleines Zwischenprojekt habe ich den Au\u00dfenzugang zum Keller eingeschoben. Durch die Aktion mit dem Ger\u00fcst musste ja die [&hellip;]<\/p>\n<div class=\"sharedaddy sd-sharing-enabled\"><div class=\"robots-nocontent sd-block sd-social sd-social-icon-text sd-sharing\"><h3 class=\"sd-title\">Teilen mit:<\/h3><div class=\"sd-content\"><ul><li class=\"share-email\"><a rel=\"nofollow noopener noreferrer\" data-shared=\"\" class=\"share-email sd-button share-icon\" href=\"http:\/\/www.dannwollenwirmal.de\/?p=539&amp;share=email\" target=\"_blank\" title=\"Klick, um dies einem Freund per E-Mail zu senden\"><span>E-Mail<\/span><\/a><\/li><li class=\"share-print\"><a rel=\"nofollow noopener noreferrer\" data-shared=\"\" class=\"share-print sd-button share-icon\" href=\"http:\/\/www.dannwollenwirmal.de\/?p=539\" target=\"_blank\" title=\"Klicken zum Ausdrucken\"><span>Drucken<\/span><\/a><\/li><li class=\"share-facebook\"><a rel=\"nofollow noopener noreferrer\" data-shared=\"sharing-facebook-539\" class=\"share-facebook sd-button share-icon\" href=\"http:\/\/www.dannwollenwirmal.de\/?p=539&amp;share=facebook\" target=\"_blank\" title=\"Klick, um auf Facebook zu teilen\"><span>Facebook<\/span><\/a><\/li><li class=\"share-twitter\"><a rel=\"nofollow noopener noreferrer\" data-shared=\"sharing-twitter-539\" class=\"share-twitter sd-button share-icon\" href=\"http:\/\/www.dannwollenwirmal.de\/?p=539&amp;share=twitter\" target=\"_blank\" title=\"Klick, um \u00fcber Twitter zu teilen\"><span>Twitter<\/span><\/a><\/li><li class=\"share-pinterest\"><a rel=\"nofollow noopener noreferrer\" data-shared=\"sharing-pinterest-539\" class=\"share-pinterest sd-button share-icon\" href=\"http:\/\/www.dannwollenwirmal.de\/?p=539&amp;share=pinterest\" target=\"_blank\" title=\"Klick, um auf Pinterest zu teilen\"><span>Pinterest<\/span><\/a><\/li><li class=\"share-linkedin\"><a rel=\"nofollow noopener noreferrer\" data-shared=\"sharing-linkedin-539\" class=\"share-linkedin sd-button share-icon\" href=\"http:\/\/www.dannwollenwirmal.de\/?p=539&amp;share=linkedin\" target=\"_blank\" title=\"Klick, um auf LinkedIn zu teilen\"><span>LinkedIn<\/span><\/a><\/li><li class=\"share-end\"><\/li><\/ul><\/div><\/div><\/div>","protected":false},"author":1,"featured_media":0,"comment_status":"open","ping_status":"open","sticky":false,"template":"","format":"standard","meta":{"advanced_seo_description":"","spay_email":"","jetpack_publicize_message":"","jetpack_is_tweetstorm":false,"jetpack_publicize_feature_enabled":true},"categories":[1,120,121,329],"tags":[144,145,146,147],"jetpack_featured_media_url":"","jetpack_publicize_connections":[],"jetpack_shortlink":"https:\/\/wp.me\/p3WtlO-8H","jetpack_sharing_enabled":true,"jetpack-related-posts":[{"id":551,"url":"http:\/\/www.dannwollenwirmal.de\/?p=551","url_meta":{"origin":539,"position":0},"title":"Festgespaxt und Drauflosgew\u00fcrthet","date":"31. August 2014","format":false,"excerpt":"W\u00e4hrend mir die gestrige Suchanfrage \"Dachboden mit Bauschaum demmen\" (warum f\u00fchrt das zu meinem Blog?) ein dauerhaftes L\u00e4cheln aufs Gesicht zaubert, kann ich mein schlechtes Gewissen nicht v\u00f6llig verdr\u00e4ngen, denn ich habe im letzten Artikel der SPAX Unrecht getan. Tats\u00e4chlich ist ja Spax immer noch ein Synonym f\u00fcr die bekannte\u2026","rel":"","context":"In &quot;Allgemein&quot;","img":{"alt_text":"","src":"https:\/\/i0.wp.com\/www.dannwollenwirmal.de\/wp-content\/uploads\/2014\/08\/zaun2.jpg?resize=350%2C200","width":350,"height":200},"classes":[]},{"id":563,"url":"http:\/\/www.dannwollenwirmal.de\/?p=563","url_meta":{"origin":539,"position":1},"title":"H\u00e4tte H\u00e4tte&#8230;","date":"16. September 2014","format":false,"excerpt":"Langeweile? Der Tag geht einfach nicht rum? Schon die dritte Runde Mikado gegen sich selbst verloren? Hier eine kleine Anleitung, wie man locker vier Stunden rumkriegt: Projekt: Bau einer Holzterrasse im Rahmen meiner nebengewerblichen Handwerkert\u00e4tigkeit, Plan f\u00fcr Tag 1: Dielen \u00f6len und Punktfundamente setzen - Aufstehen, Anziehen, Fr\u00fchst\u00fccken etc. -\u2026","rel":"","context":"In &quot;Allgemein&quot;","img":{"alt_text":"","src":"https:\/\/i2.wp.com\/www.dannwollenwirmal.de\/wp-content\/uploads\/2014\/09\/4.jpg?resize=350%2C200","width":350,"height":200},"classes":[]},{"id":507,"url":"http:\/\/www.dannwollenwirmal.de\/?p=507","url_meta":{"origin":539,"position":2},"title":"Bodenturnen","date":"10. Juli 2014","format":false,"excerpt":"Unter dem Motto \"Lief jetzt mal nicht so\" k\u00f6nnte man das heutige Projekt zu den Akten legen. Irgendwie auch klar, wenn man etwas \"mal eben schnell\" machen will...doch von Anfang an: Ich habe schon l\u00e4nger eine reparaturbed\u00fcrftige Stelle am Haus: der r\u00fcckseitige Traufkasten war bereits beim Hauskauf an einigen Stellen\u2026","rel":"","context":"In &quot;Allgemein&quot;","img":{"alt_text":"","src":"https:\/\/i0.wp.com\/www.dannwollenwirmal.de\/wp-content\/uploads\/2014\/07\/Foto-2.jpg?resize=350%2C200","width":350,"height":200},"classes":[]},{"id":1019,"url":"http:\/\/www.dannwollenwirmal.de\/?p=1019","url_meta":{"origin":539,"position":3},"title":"Sommerpause III","date":"5. Juli 2015","format":false,"excerpt":"Heute vor einem Jahr, als ich den Hubsteiger im Vorgarten versenkte: Bodenturnen 10. Juli 2014 by mohlemeyer Unter dem Motto \u201eLief jetzt mal nicht so\u201c k\u00f6nnte man das heutige Projekt zu den Akten legen. Irgendwie auch klar, wenn man etwas \u201emal eben schnell\u201c machen will\u2026doch von Anfang an: Ich habe\u2026","rel":"","context":"In &quot;Allgemein&quot;","img":{"alt_text":"Foto 1","src":"https:\/\/i1.wp.com\/www.dannwollenwirmal.de\/wp-content\/uploads\/2014\/07\/Foto-1.jpg?resize=350%2C200","width":350,"height":200},"classes":[]},{"id":1773,"url":"http:\/\/www.dannwollenwirmal.de\/?p=1773","url_meta":{"origin":539,"position":4},"title":"Baumarktklatsche","date":"29. Januar 2017","format":false,"excerpt":"Habe ich schon erw\u00e4hnt, dass ich n\u00e4chstes Jahr gerne mal zur BAU nach M\u00fcnchen m\u00f6chte? Eine Fachmesse, auf der quasi alle namhaften Hersteller von Werkzeug und Zubeh\u00f6r vertreten sind und Menschen mit einer gewissen Werkzeugliebe vermutlich aus dem Staunen nicht mehr rauskommen. Ich suche daher auf diesem Wege einen Sponsor\u2026","rel":"","context":"In &quot;Allgemein&quot;","img":{"alt_text":"","src":"https:\/\/i2.wp.com\/www.dannwollenwirmal.de\/wp-content\/uploads\/2017\/01\/IMG_5064.jpg?resize=350%2C200","width":350,"height":200},"classes":[]},{"id":2256,"url":"http:\/\/www.dannwollenwirmal.de\/?p=2256","url_meta":{"origin":539,"position":5},"title":"Volles Programm","date":"6. Mai 2018","format":false,"excerpt":"Gestern, also am Samstag, habe ich dann tats\u00e4chlich mal richtig was geschafft rund um Heim und Garten. Von den Dingen, die ich mir vorgenommen habe, kann ich die meisten als erledigt abhaken. So habe ich beispielsweise die Fensterl\u00e4den neu gestrichen. Vor etwa zwei Jahren habe ich die Dinger gebaut (siehe\u2026","rel":"","context":"In &quot;Allgemein&quot;","img":{"alt_text":"","src":"https:\/\/i1.wp.com\/www.dannwollenwirmal.de\/wp-content\/uploads\/2018\/05\/IMG_6398.jpg?resize=350%2C200","width":350,"height":200},"classes":[]}],"_links":{"self":[{"href":"http:\/\/www.dannwollenwirmal.de\/index.php?rest_route=\/wp\/v2\/posts\/539"}],"collection":[{"href":"http:\/\/www.dannwollenwirmal.de\/index.php?rest_route=\/wp\/v2\/posts"}],"about":[{"href":"http:\/\/www.dannwollenwirmal.de\/index.php?rest_route=\/wp\/v2\/types\/post"}],"author":[{"embeddable":true,"href":"http:\/\/www.dannwollenwirmal.de\/index.php?rest_route=\/wp\/v2\/users\/1"}],"replies":[{"embeddable":true,"href":"http:\/\/www.dannwollenwirmal.de\/index.php?rest_route=%2Fwp%2Fv2%2Fcomments&post=539"}],"version-history":[{"count":6,"href":"http:\/\/www.dannwollenwirmal.de\/index.php?rest_route=\/wp\/v2\/posts\/539\/revisions"}],"predecessor-version":[{"id":549,"href":"http:\/\/www.dannwollenwirmal.de\/index.php?rest_route=\/wp\/v2\/posts\/539\/revisions\/549"}],"wp:attachment":[{"href":"http:\/\/www.dannwollenwirmal.de\/index.php?rest_route=%2Fwp%2Fv2%2Fmedia&parent=539"}],"wp:term":[{"taxonomy":"category","embeddable":true,"href":"http:\/\/www.dannwollenwirmal.de\/index.php?rest_route=%2Fwp%2Fv2%2Fcategories&post=539"},{"taxonomy":"post_tag","embeddable":true,"href":"http:\/\/www.dannwollenwirmal.de\/index.php?rest_route=%2Fwp%2Fv2%2Ftags&post=539"}],"curies":[{"name":"wp","href":"https:\/\/api.w.org\/{rel}","templated":true}]}}