{"id":515,"date":"2014-08-01T22:52:22","date_gmt":"2014-08-01T20:52:22","guid":{"rendered":"http:\/\/www.dannwollenwirmal.de\/?p=515"},"modified":"2016-01-15T20:09:33","modified_gmt":"2016-01-15T19:09:33","slug":"haekchen-dran","status":"publish","type":"post","link":"http:\/\/www.dannwollenwirmal.de\/?p=515","title":{"rendered":"H\u00e4kchen dran!"},"content":{"rendered":"<p>Ich habe tats\u00e4chlich mal ein paar Minuten Zeit zu bloggen, wenn mich auch der Hauptberuf im Moment 24\/7 einnimmt (andererseits hat<strong><a href=\"http:\/\/www.spiegel.de\/karriere\/berufsleben\/blog-camp-sebastian-canaves-erklaert-wie-man-bloggen-zum-job-macht-a-981798.html\"> Spiegel online<\/a><\/strong> gerade ein Feature &#8222;Geld verdienen mit Blogs&#8220;, wer wei\u00df&#8230;? \ud83d\ude42 ). Das Ger\u00fcst ist schon wieder weg, aber es war \u00e4u\u00dferst n\u00fctzlich und der Traufenkasten erstrahlt auf immerhin rund sechs Metern in neuem Glanz.<\/p>\n<p>&nbsp;<\/p>\n<p><a href=\"https:\/\/i2.wp.com\/www.dannwollenwirmal.de\/wp-content\/uploads\/2014\/08\/Foto-1.jpg\"><img data-attachment-id=\"516\" data-permalink=\"http:\/\/www.dannwollenwirmal.de\/?attachment_id=516#main\" data-orig-file=\"https:\/\/i2.wp.com\/www.dannwollenwirmal.de\/wp-content\/uploads\/2014\/08\/Foto-1.jpg?fit=652%2C489\" data-orig-size=\"652,489\" data-comments-opened=\"1\" data-image-meta=\"{&quot;aperture&quot;:&quot;2.4&quot;,&quot;credit&quot;:&quot;&quot;,&quot;camera&quot;:&quot;iPhone 5&quot;,&quot;caption&quot;:&quot;&quot;,&quot;created_timestamp&quot;:&quot;1405179503&quot;,&quot;copyright&quot;:&quot;&quot;,&quot;focal_length&quot;:&quot;4.12&quot;,&quot;iso&quot;:&quot;50&quot;,&quot;shutter_speed&quot;:&quot;0.0028248587570621&quot;,&quot;title&quot;:&quot;&quot;}\" data-image-title=\"Foto 1\" data-image-description=\"&lt;p&gt;Traufenkasten sackt ab&lt;\/p&gt;\n\" data-image-caption=\"\" data-medium-file=\"https:\/\/i2.wp.com\/www.dannwollenwirmal.de\/wp-content\/uploads\/2014\/08\/Foto-1.jpg?fit=300%2C225\" data-large-file=\"https:\/\/i2.wp.com\/www.dannwollenwirmal.de\/wp-content\/uploads\/2014\/08\/Foto-1.jpg?fit=652%2C489\" loading=\"lazy\" class=\"alignnone size-full wp-image-516\" src=\"https:\/\/i2.wp.com\/www.dannwollenwirmal.de\/wp-content\/uploads\/2014\/08\/Foto-1.jpg?resize=652%2C489\" alt=\"Foto 1\" width=\"652\" height=\"489\" srcset=\"https:\/\/i2.wp.com\/www.dannwollenwirmal.de\/wp-content\/uploads\/2014\/08\/Foto-1.jpg?w=652 652w, https:\/\/i2.wp.com\/www.dannwollenwirmal.de\/wp-content\/uploads\/2014\/08\/Foto-1.jpg?resize=300%2C225 300w\" sizes=\"(max-width: 652px) 100vw, 652px\" data-recalc-dims=\"1\" \/><\/a><br \/>\n<em>Vorher<\/em><\/p>\n<p>Der Traufenkasten (oder hei\u00dft es Traufkasten?) auf der Nordseite war schon beim Kauf des Hauses an einigen Stellen morsch und hing stellenweise durch (auf dem Bild noch eine der besseren Stellen). Weiterhin habe ich bei <strong><a href=\"http:\/\/www.dannwollenwirmal.de\/?p=46\">dieser Aktion<\/a> <\/strong>zwei Dachziegel angeknackst; dort ist zwar ein Traufblech untergeschoben, aber es ragt dummerweise dort nicht ganz in die Dachrinne hinein:<\/p>\n<p><a href=\"https:\/\/i0.wp.com\/www.dannwollenwirmal.de\/wp-content\/uploads\/2014\/08\/Foto-2.jpg\"><img data-attachment-id=\"517\" data-permalink=\"http:\/\/www.dannwollenwirmal.de\/?attachment_id=517#main\" data-orig-file=\"https:\/\/i0.wp.com\/www.dannwollenwirmal.de\/wp-content\/uploads\/2014\/08\/Foto-2.jpg?fit=652%2C489\" data-orig-size=\"652,489\" data-comments-opened=\"1\" data-image-meta=\"{&quot;aperture&quot;:&quot;2.4&quot;,&quot;credit&quot;:&quot;&quot;,&quot;camera&quot;:&quot;iPhone 5&quot;,&quot;caption&quot;:&quot;&quot;,&quot;created_timestamp&quot;:&quot;1405179347&quot;,&quot;copyright&quot;:&quot;&quot;,&quot;focal_length&quot;:&quot;4.12&quot;,&quot;iso&quot;:&quot;50&quot;,&quot;shutter_speed&quot;:&quot;0.0015128593040847&quot;,&quot;title&quot;:&quot;&quot;}\" data-image-title=\"Foto 2\" data-image-description=\"&lt;p&gt;Traufblech&lt;\/p&gt;\n\" data-image-caption=\"\" data-medium-file=\"https:\/\/i0.wp.com\/www.dannwollenwirmal.de\/wp-content\/uploads\/2014\/08\/Foto-2.jpg?fit=300%2C225\" data-large-file=\"https:\/\/i0.wp.com\/www.dannwollenwirmal.de\/wp-content\/uploads\/2014\/08\/Foto-2.jpg?fit=652%2C489\" loading=\"lazy\" class=\"alignnone size-full wp-image-517\" src=\"https:\/\/i0.wp.com\/www.dannwollenwirmal.de\/wp-content\/uploads\/2014\/08\/Foto-2.jpg?resize=652%2C489\" alt=\"Foto 2\" width=\"652\" height=\"489\" srcset=\"https:\/\/i0.wp.com\/www.dannwollenwirmal.de\/wp-content\/uploads\/2014\/08\/Foto-2.jpg?w=652 652w, https:\/\/i0.wp.com\/www.dannwollenwirmal.de\/wp-content\/uploads\/2014\/08\/Foto-2.jpg?resize=300%2C225 300w\" sizes=\"(max-width: 652px) 100vw, 652px\" data-recalc-dims=\"1\" \/><\/a><br \/>\n<em>Ach, Mist&#8230;<\/em><\/p>\n<p>Und es ist wie so oft im Leben: Wenn man Mist baut und sich irgendwie durchmogelt, bekommt man sp\u00e4ter mal die Quittung und so pl\u00e4ddert das Regenwasser neben der Dachrinne her. Habe ich das alles schon erz\u00e4hlt? Naja wenn, ist es lange her.<\/p>\n<p>F\u00fcr das Dachziegelproblem habe ich zwei noch vorhandene Traufbleche eingesetzt und sch\u00f6n in der Regenrinne enden lassen. Die Sache mit dem Traufkasten war etwas komplizierter. Zun\u00e4chst wurden die schadhaften Stellen entfernt:<\/p>\n<p><a href=\"https:\/\/i2.wp.com\/www.dannwollenwirmal.de\/wp-content\/uploads\/2014\/08\/8.jpg\"><img data-attachment-id=\"518\" data-permalink=\"http:\/\/www.dannwollenwirmal.de\/?attachment_id=518#main\" data-orig-file=\"https:\/\/i2.wp.com\/www.dannwollenwirmal.de\/wp-content\/uploads\/2014\/08\/8.jpg?fit=652%2C489\" data-orig-size=\"652,489\" data-comments-opened=\"1\" data-image-meta=\"{&quot;aperture&quot;:&quot;2.4&quot;,&quot;credit&quot;:&quot;&quot;,&quot;camera&quot;:&quot;iPhone 5&quot;,&quot;caption&quot;:&quot;&quot;,&quot;created_timestamp&quot;:&quot;1405179513&quot;,&quot;copyright&quot;:&quot;&quot;,&quot;focal_length&quot;:&quot;4.12&quot;,&quot;iso&quot;:&quot;50&quot;,&quot;shutter_speed&quot;:&quot;0.0024752475247525&quot;,&quot;title&quot;:&quot;&quot;}\" data-image-title=\"8\" data-image-description=\"\" data-image-caption=\"\" data-medium-file=\"https:\/\/i2.wp.com\/www.dannwollenwirmal.de\/wp-content\/uploads\/2014\/08\/8.jpg?fit=300%2C225\" data-large-file=\"https:\/\/i2.wp.com\/www.dannwollenwirmal.de\/wp-content\/uploads\/2014\/08\/8.jpg?fit=652%2C489\" loading=\"lazy\" class=\"alignnone size-full wp-image-518\" src=\"https:\/\/i2.wp.com\/www.dannwollenwirmal.de\/wp-content\/uploads\/2014\/08\/8.jpg?resize=652%2C489\" alt=\"8\" width=\"652\" height=\"489\" srcset=\"https:\/\/i2.wp.com\/www.dannwollenwirmal.de\/wp-content\/uploads\/2014\/08\/8.jpg?w=652 652w, https:\/\/i2.wp.com\/www.dannwollenwirmal.de\/wp-content\/uploads\/2014\/08\/8.jpg?resize=300%2C225 300w\" sizes=\"(max-width: 652px) 100vw, 652px\" data-recalc-dims=\"1\" \/><\/a><br \/>\n<em>Traufkasten im Abbau und vom Vorbesitzer fachgerecht zugem\u00f6rtelte Dunstabzugs\u00f6ffnung<\/em><\/p>\n<p><a href=\"https:\/\/i2.wp.com\/www.dannwollenwirmal.de\/wp-content\/uploads\/2014\/08\/9.jpg\"><img data-attachment-id=\"519\" data-permalink=\"http:\/\/www.dannwollenwirmal.de\/?attachment_id=519#main\" data-orig-file=\"https:\/\/i2.wp.com\/www.dannwollenwirmal.de\/wp-content\/uploads\/2014\/08\/9.jpg?fit=652%2C489\" data-orig-size=\"652,489\" data-comments-opened=\"1\" data-image-meta=\"{&quot;aperture&quot;:&quot;2.4&quot;,&quot;credit&quot;:&quot;&quot;,&quot;camera&quot;:&quot;iPhone 5&quot;,&quot;caption&quot;:&quot;&quot;,&quot;created_timestamp&quot;:&quot;1405180925&quot;,&quot;copyright&quot;:&quot;&quot;,&quot;focal_length&quot;:&quot;4.12&quot;,&quot;iso&quot;:&quot;50&quot;,&quot;shutter_speed&quot;:&quot;0.0083333333333333&quot;,&quot;title&quot;:&quot;&quot;}\" data-image-title=\"9\" data-image-description=\"\" data-image-caption=\"\" data-medium-file=\"https:\/\/i2.wp.com\/www.dannwollenwirmal.de\/wp-content\/uploads\/2014\/08\/9.jpg?fit=300%2C225\" data-large-file=\"https:\/\/i2.wp.com\/www.dannwollenwirmal.de\/wp-content\/uploads\/2014\/08\/9.jpg?fit=652%2C489\" loading=\"lazy\" class=\"alignnone size-full wp-image-519\" src=\"https:\/\/i2.wp.com\/www.dannwollenwirmal.de\/wp-content\/uploads\/2014\/08\/9.jpg?resize=652%2C489\" alt=\"9\" width=\"652\" height=\"489\" srcset=\"https:\/\/i2.wp.com\/www.dannwollenwirmal.de\/wp-content\/uploads\/2014\/08\/9.jpg?w=652 652w, https:\/\/i2.wp.com\/www.dannwollenwirmal.de\/wp-content\/uploads\/2014\/08\/9.jpg?resize=300%2C225 300w\" sizes=\"(max-width: 652px) 100vw, 652px\" data-recalc-dims=\"1\" \/><\/a><br \/>\n<em>Traufkasten mit Putztr\u00e4ger<\/em><\/p>\n<p>Der Kasten ist untendrunter tats\u00e4chlich nicht mit Holz gebaut, sondern mit einer Holzmatte als Putztr\u00e4ger. Den losen Putz habe ich nun allerdings entfernt und passende Holzbretter eingesetzt.<\/p>\n<p><a href=\"https:\/\/i2.wp.com\/www.dannwollenwirmal.de\/wp-content\/uploads\/2014\/08\/Foto-3.jpg\"><img data-attachment-id=\"520\" data-permalink=\"http:\/\/www.dannwollenwirmal.de\/?attachment_id=520#main\" data-orig-file=\"https:\/\/i2.wp.com\/www.dannwollenwirmal.de\/wp-content\/uploads\/2014\/08\/Foto-3.jpg?fit=652%2C489\" data-orig-size=\"652,489\" data-comments-opened=\"1\" data-image-meta=\"{&quot;aperture&quot;:&quot;2.4&quot;,&quot;credit&quot;:&quot;&quot;,&quot;camera&quot;:&quot;iPhone 5&quot;,&quot;caption&quot;:&quot;&quot;,&quot;created_timestamp&quot;:&quot;1405159171&quot;,&quot;copyright&quot;:&quot;&quot;,&quot;focal_length&quot;:&quot;4.12&quot;,&quot;iso&quot;:&quot;50&quot;,&quot;shutter_speed&quot;:&quot;0.0062893081761006&quot;,&quot;title&quot;:&quot;&quot;}\" data-image-title=\"Foto 3\" data-image-description=\"\" data-image-caption=\"\" data-medium-file=\"https:\/\/i2.wp.com\/www.dannwollenwirmal.de\/wp-content\/uploads\/2014\/08\/Foto-3.jpg?fit=300%2C225\" data-large-file=\"https:\/\/i2.wp.com\/www.dannwollenwirmal.de\/wp-content\/uploads\/2014\/08\/Foto-3.jpg?fit=652%2C489\" loading=\"lazy\" class=\"alignnone size-full wp-image-520\" src=\"https:\/\/i2.wp.com\/www.dannwollenwirmal.de\/wp-content\/uploads\/2014\/08\/Foto-3.jpg?resize=652%2C489\" alt=\"Foto 3\" width=\"652\" height=\"489\" srcset=\"https:\/\/i2.wp.com\/www.dannwollenwirmal.de\/wp-content\/uploads\/2014\/08\/Foto-3.jpg?w=652 652w, https:\/\/i2.wp.com\/www.dannwollenwirmal.de\/wp-content\/uploads\/2014\/08\/Foto-3.jpg?resize=300%2C225 300w\" sizes=\"(max-width: 652px) 100vw, 652px\" data-recalc-dims=\"1\" \/><\/a><br \/>\n<em>Assistenz mit Material<\/em><\/p>\n<p>Das neue Material musste T\u00f6chterchen nat\u00fcrlich zu Fu\u00df vom Holzhandel holen, um schon in jungen Jahren an die H\u00e4rten des Lebens herangef\u00fchrt zu werden.<\/p>\n<p><a href=\"https:\/\/i2.wp.com\/www.dannwollenwirmal.de\/wp-content\/uploads\/2014\/08\/10.jpg\"><img data-attachment-id=\"521\" data-permalink=\"http:\/\/www.dannwollenwirmal.de\/?attachment_id=521#main\" data-orig-file=\"https:\/\/i2.wp.com\/www.dannwollenwirmal.de\/wp-content\/uploads\/2014\/08\/10.jpg?fit=652%2C489\" data-orig-size=\"652,489\" data-comments-opened=\"1\" data-image-meta=\"{&quot;aperture&quot;:&quot;2.4&quot;,&quot;credit&quot;:&quot;&quot;,&quot;camera&quot;:&quot;iPhone 5&quot;,&quot;caption&quot;:&quot;&quot;,&quot;created_timestamp&quot;:&quot;1405187372&quot;,&quot;copyright&quot;:&quot;&quot;,&quot;focal_length&quot;:&quot;4.12&quot;,&quot;iso&quot;:&quot;50&quot;,&quot;shutter_speed&quot;:&quot;0.0025641025641026&quot;,&quot;title&quot;:&quot;&quot;}\" data-image-title=\"10\" data-image-description=\"&lt;p&gt;Neues Brett!&lt;\/p&gt;\n\" data-image-caption=\"\" data-medium-file=\"https:\/\/i2.wp.com\/www.dannwollenwirmal.de\/wp-content\/uploads\/2014\/08\/10.jpg?fit=300%2C225\" data-large-file=\"https:\/\/i2.wp.com\/www.dannwollenwirmal.de\/wp-content\/uploads\/2014\/08\/10.jpg?fit=652%2C489\" loading=\"lazy\" class=\"alignnone size-full wp-image-521\" src=\"https:\/\/i2.wp.com\/www.dannwollenwirmal.de\/wp-content\/uploads\/2014\/08\/10.jpg?resize=652%2C489\" alt=\"10\" width=\"652\" height=\"489\" srcset=\"https:\/\/i2.wp.com\/www.dannwollenwirmal.de\/wp-content\/uploads\/2014\/08\/10.jpg?w=652 652w, https:\/\/i2.wp.com\/www.dannwollenwirmal.de\/wp-content\/uploads\/2014\/08\/10.jpg?resize=300%2C225 300w\" sizes=\"(max-width: 652px) 100vw, 652px\" data-recalc-dims=\"1\" \/><\/a><em>Neues Brett! <\/em><\/p>\n<p>Ich habe geb\u00e4udeseitig eine Auflagekante weggemei\u00dfelt, auf der das neue Brett aufliegt und regenrinnenseitig durch das Seitenteil des Traufenkastens alle 10 cm vorgebohrt und verschraubt. Die Auflagekante wurde dann wieder angeputzt:<\/p>\n<p><a href=\"https:\/\/i0.wp.com\/www.dannwollenwirmal.de\/wp-content\/uploads\/2014\/08\/11.jpg\"><img data-attachment-id=\"522\" data-permalink=\"http:\/\/www.dannwollenwirmal.de\/?attachment_id=522#main\" data-orig-file=\"https:\/\/i0.wp.com\/www.dannwollenwirmal.de\/wp-content\/uploads\/2014\/08\/11.jpg?fit=652%2C489\" data-orig-size=\"652,489\" data-comments-opened=\"1\" data-image-meta=\"{&quot;aperture&quot;:&quot;2.4&quot;,&quot;credit&quot;:&quot;&quot;,&quot;camera&quot;:&quot;iPhone 5&quot;,&quot;caption&quot;:&quot;&quot;,&quot;created_timestamp&quot;:&quot;1405191149&quot;,&quot;copyright&quot;:&quot;&quot;,&quot;focal_length&quot;:&quot;4.12&quot;,&quot;iso&quot;:&quot;50&quot;,&quot;shutter_speed&quot;:&quot;0.0030959752321981&quot;,&quot;title&quot;:&quot;&quot;}\" data-image-title=\"11\" data-image-description=\"\" data-image-caption=\"\" data-medium-file=\"https:\/\/i0.wp.com\/www.dannwollenwirmal.de\/wp-content\/uploads\/2014\/08\/11.jpg?fit=300%2C225\" data-large-file=\"https:\/\/i0.wp.com\/www.dannwollenwirmal.de\/wp-content\/uploads\/2014\/08\/11.jpg?fit=652%2C489\" loading=\"lazy\" class=\"alignnone size-full wp-image-522\" src=\"https:\/\/i0.wp.com\/www.dannwollenwirmal.de\/wp-content\/uploads\/2014\/08\/11.jpg?resize=652%2C489\" alt=\"11\" width=\"652\" height=\"489\" srcset=\"https:\/\/i0.wp.com\/www.dannwollenwirmal.de\/wp-content\/uploads\/2014\/08\/11.jpg?w=652 652w, https:\/\/i0.wp.com\/www.dannwollenwirmal.de\/wp-content\/uploads\/2014\/08\/11.jpg?resize=300%2C225 300w\" sizes=\"(max-width: 652px) 100vw, 652px\" data-recalc-dims=\"1\" \/><\/a><br \/>\n<em>Putz geht ja immer&#8230;<\/em><\/p>\n<p>Wenn man zwei Materialien aufeinander sto\u00dfen l\u00e4sst, muss man zur Vermeidung von Rissen eine Dehnungsfuge einbauen; den Putz w\u00fcrde man hier mit einem Kellenstich unterbrechen, bei der kleinen Fl\u00e4che habe ich es mit<del> meiner Visa-Gold<\/del> einer Plastikkarte gemacht:<\/p>\n<p><a href=\"https:\/\/i0.wp.com\/www.dannwollenwirmal.de\/wp-content\/uploads\/2014\/08\/6.jpg\"><img data-attachment-id=\"523\" data-permalink=\"http:\/\/www.dannwollenwirmal.de\/?attachment_id=523#main\" data-orig-file=\"https:\/\/i0.wp.com\/www.dannwollenwirmal.de\/wp-content\/uploads\/2014\/08\/6.jpg?fit=652%2C489\" data-orig-size=\"652,489\" data-comments-opened=\"1\" data-image-meta=\"{&quot;aperture&quot;:&quot;2.4&quot;,&quot;credit&quot;:&quot;&quot;,&quot;camera&quot;:&quot;iPhone 5&quot;,&quot;caption&quot;:&quot;&quot;,&quot;created_timestamp&quot;:&quot;1405192303&quot;,&quot;copyright&quot;:&quot;&quot;,&quot;focal_length&quot;:&quot;4.12&quot;,&quot;iso&quot;:&quot;50&quot;,&quot;shutter_speed&quot;:&quot;0.0057803468208092&quot;,&quot;title&quot;:&quot;&quot;}\" data-image-title=\"6\" data-image-description=\"&lt;p&gt;Kellenstich mit Karte&lt;\/p&gt;\n\" data-image-caption=\"\" data-medium-file=\"https:\/\/i0.wp.com\/www.dannwollenwirmal.de\/wp-content\/uploads\/2014\/08\/6.jpg?fit=300%2C225\" data-large-file=\"https:\/\/i0.wp.com\/www.dannwollenwirmal.de\/wp-content\/uploads\/2014\/08\/6.jpg?fit=652%2C489\" loading=\"lazy\" class=\"alignnone size-full wp-image-523\" src=\"https:\/\/i0.wp.com\/www.dannwollenwirmal.de\/wp-content\/uploads\/2014\/08\/6.jpg?resize=652%2C489\" alt=\"6\" width=\"652\" height=\"489\" srcset=\"https:\/\/i0.wp.com\/www.dannwollenwirmal.de\/wp-content\/uploads\/2014\/08\/6.jpg?w=652 652w, https:\/\/i0.wp.com\/www.dannwollenwirmal.de\/wp-content\/uploads\/2014\/08\/6.jpg?resize=300%2C225 300w\" sizes=\"(max-width: 652px) 100vw, 652px\" data-recalc-dims=\"1\" \/><\/a><br \/>\n<em>Kellenstich mit Plastikkarte<\/em><\/p>\n<p>Diese Dehnungsfuge, die Schraubenl\u00f6cher und auch die \u00dcberg\u00e4nge der einzelnen Holzplatten habe ich mit Acryl ausgef\u00fchrt, das nachher \u00fcberstreichbar ist.<\/p>\n<p><a href=\"https:\/\/i0.wp.com\/www.dannwollenwirmal.de\/wp-content\/uploads\/2014\/08\/5.jpg\"><img data-attachment-id=\"524\" data-permalink=\"http:\/\/www.dannwollenwirmal.de\/?attachment_id=524#main\" data-orig-file=\"https:\/\/i0.wp.com\/www.dannwollenwirmal.de\/wp-content\/uploads\/2014\/08\/5.jpg?fit=652%2C489\" data-orig-size=\"652,489\" data-comments-opened=\"1\" data-image-meta=\"{&quot;aperture&quot;:&quot;2.4&quot;,&quot;credit&quot;:&quot;&quot;,&quot;camera&quot;:&quot;iPhone 5&quot;,&quot;caption&quot;:&quot;&quot;,&quot;created_timestamp&quot;:&quot;1405544089&quot;,&quot;copyright&quot;:&quot;&quot;,&quot;focal_length&quot;:&quot;4.12&quot;,&quot;iso&quot;:&quot;50&quot;,&quot;shutter_speed&quot;:&quot;0.0029498525073746&quot;,&quot;title&quot;:&quot;&quot;}\" data-image-title=\"5\" data-image-description=\"&lt;p&gt;Fertig!&lt;\/p&gt;\n\" data-image-caption=\"\" data-medium-file=\"https:\/\/i0.wp.com\/www.dannwollenwirmal.de\/wp-content\/uploads\/2014\/08\/5.jpg?fit=300%2C225\" data-large-file=\"https:\/\/i0.wp.com\/www.dannwollenwirmal.de\/wp-content\/uploads\/2014\/08\/5.jpg?fit=652%2C489\" loading=\"lazy\" class=\"alignnone size-full wp-image-524\" src=\"https:\/\/i0.wp.com\/www.dannwollenwirmal.de\/wp-content\/uploads\/2014\/08\/5.jpg?resize=652%2C489\" alt=\"5\" width=\"652\" height=\"489\" srcset=\"https:\/\/i0.wp.com\/www.dannwollenwirmal.de\/wp-content\/uploads\/2014\/08\/5.jpg?w=652 652w, https:\/\/i0.wp.com\/www.dannwollenwirmal.de\/wp-content\/uploads\/2014\/08\/5.jpg?resize=300%2C225 300w\" sizes=\"(max-width: 652px) 100vw, 652px\" data-recalc-dims=\"1\" \/><\/a><br \/>\n<em>Baustelle im Abendlicht<\/em><\/p>\n<p>Nach Verputzen, Verf\u00fcllen der Fugen und Abtrocknen lassen habe ich das Ganze dann wei\u00df gestrichen. Die \u00dcberg\u00e4nge alter auf neuer Kasten wurden \u00fcbrigens auch angeputzt und dann mit Fassadenfarbe gestrichen.<\/p>\n<p>Das Rollger\u00fcst ist \u00fcbrigens sehr flexibel und auch f\u00fcr Treppen geeignet:<\/p>\n<p><a href=\"https:\/\/i1.wp.com\/www.dannwollenwirmal.de\/wp-content\/uploads\/2014\/08\/4.jpg\"><img data-attachment-id=\"525\" data-permalink=\"http:\/\/www.dannwollenwirmal.de\/?attachment_id=525#main\" data-orig-file=\"https:\/\/i1.wp.com\/www.dannwollenwirmal.de\/wp-content\/uploads\/2014\/08\/4.jpg?fit=652%2C489\" data-orig-size=\"652,489\" data-comments-opened=\"1\" data-image-meta=\"{&quot;aperture&quot;:&quot;2.4&quot;,&quot;credit&quot;:&quot;&quot;,&quot;camera&quot;:&quot;iPhone 5&quot;,&quot;caption&quot;:&quot;&quot;,&quot;created_timestamp&quot;:&quot;1405531400&quot;,&quot;copyright&quot;:&quot;&quot;,&quot;focal_length&quot;:&quot;4.12&quot;,&quot;iso&quot;:&quot;64&quot;,&quot;shutter_speed&quot;:&quot;0.0083333333333333&quot;,&quot;title&quot;:&quot;&quot;}\" data-image-title=\"4\" data-image-description=\"&lt;p&gt;Rollger\u00fcst auf Treppe&lt;\/p&gt;\n\" data-image-caption=\"\" data-medium-file=\"https:\/\/i1.wp.com\/www.dannwollenwirmal.de\/wp-content\/uploads\/2014\/08\/4.jpg?fit=300%2C225\" data-large-file=\"https:\/\/i1.wp.com\/www.dannwollenwirmal.de\/wp-content\/uploads\/2014\/08\/4.jpg?fit=652%2C489\" loading=\"lazy\" class=\"alignnone size-full wp-image-525\" src=\"https:\/\/i1.wp.com\/www.dannwollenwirmal.de\/wp-content\/uploads\/2014\/08\/4.jpg?resize=652%2C489\" alt=\"4\" width=\"652\" height=\"489\" srcset=\"https:\/\/i1.wp.com\/www.dannwollenwirmal.de\/wp-content\/uploads\/2014\/08\/4.jpg?w=652 652w, https:\/\/i1.wp.com\/www.dannwollenwirmal.de\/wp-content\/uploads\/2014\/08\/4.jpg?resize=300%2C225 300w\" sizes=\"(max-width: 652px) 100vw, 652px\" data-recalc-dims=\"1\" \/><\/a><br \/>\n<em>Rollf\u00fc\u00dfe, ausspindelbar<\/em><\/p>\n<p>Ich habe leider kein sch\u00f6nes &#8222;Nachher&#8220;-Bild gemacht. Aber nur f\u00fcr ein Foto nochmal das Rollger\u00fcst ausleihen?<\/p>\n<p>Vielleicht probiere ich nochmal diesen Hubsteiger&#8230;?<\/p>\n<p>&nbsp;<\/p>\n<div class=\"sharedaddy sd-sharing-enabled\"><div class=\"robots-nocontent sd-block sd-social sd-social-icon-text sd-sharing\"><h3 class=\"sd-title\">Teilen mit:<\/h3><div class=\"sd-content\"><ul><li class=\"share-email\"><a rel=\"nofollow noopener noreferrer\" data-shared=\"\" class=\"share-email sd-button share-icon\" href=\"http:\/\/www.dannwollenwirmal.de\/?p=515&amp;share=email\" target=\"_blank\" title=\"Klick, um dies einem Freund per E-Mail zu senden\"><span>E-Mail<\/span><\/a><\/li><li class=\"share-print\"><a rel=\"nofollow noopener noreferrer\" data-shared=\"\" class=\"share-print sd-button share-icon\" href=\"http:\/\/www.dannwollenwirmal.de\/?p=515\" target=\"_blank\" title=\"Klicken zum Ausdrucken\"><span>Drucken<\/span><\/a><\/li><li class=\"share-facebook\"><a rel=\"nofollow noopener noreferrer\" data-shared=\"sharing-facebook-515\" class=\"share-facebook sd-button share-icon\" href=\"http:\/\/www.dannwollenwirmal.de\/?p=515&amp;share=facebook\" target=\"_blank\" title=\"Klick, um auf Facebook zu teilen\"><span>Facebook<\/span><\/a><\/li><li class=\"share-twitter\"><a rel=\"nofollow noopener noreferrer\" data-shared=\"sharing-twitter-515\" class=\"share-twitter sd-button share-icon\" href=\"http:\/\/www.dannwollenwirmal.de\/?p=515&amp;share=twitter\" target=\"_blank\" title=\"Klick, um \u00fcber Twitter zu teilen\"><span>Twitter<\/span><\/a><\/li><li class=\"share-pinterest\"><a rel=\"nofollow noopener noreferrer\" data-shared=\"sharing-pinterest-515\" class=\"share-pinterest sd-button share-icon\" href=\"http:\/\/www.dannwollenwirmal.de\/?p=515&amp;share=pinterest\" target=\"_blank\" title=\"Klick, um auf Pinterest zu teilen\"><span>Pinterest<\/span><\/a><\/li><li class=\"share-linkedin\"><a rel=\"nofollow noopener noreferrer\" data-shared=\"sharing-linkedin-515\" class=\"share-linkedin sd-button share-icon\" href=\"http:\/\/www.dannwollenwirmal.de\/?p=515&amp;share=linkedin\" target=\"_blank\" title=\"Klick, um auf LinkedIn zu teilen\"><span>LinkedIn<\/span><\/a><\/li><li class=\"share-end\"><\/li><\/ul><\/div><\/div><\/div>","protected":false},"excerpt":{"rendered":"<p>Ich habe tats\u00e4chlich mal ein paar Minuten Zeit zu bloggen, wenn mich auch der Hauptberuf im Moment 24\/7 einnimmt (andererseits hat Spiegel online gerade ein Feature &#8222;Geld verdienen mit Blogs&#8220;, wer wei\u00df&#8230;? \ud83d\ude42 ). Das Ger\u00fcst ist schon wieder weg, aber es war \u00e4u\u00dferst n\u00fctzlich und der Traufenkasten erstrahlt auf immerhin rund sechs Metern in [&hellip;]<\/p>\n<div class=\"sharedaddy sd-sharing-enabled\"><div class=\"robots-nocontent sd-block sd-social sd-social-icon-text sd-sharing\"><h3 class=\"sd-title\">Teilen mit:<\/h3><div class=\"sd-content\"><ul><li class=\"share-email\"><a rel=\"nofollow noopener noreferrer\" data-shared=\"\" class=\"share-email sd-button share-icon\" href=\"http:\/\/www.dannwollenwirmal.de\/?p=515&amp;share=email\" target=\"_blank\" title=\"Klick, um dies einem Freund per E-Mail zu senden\"><span>E-Mail<\/span><\/a><\/li><li class=\"share-print\"><a rel=\"nofollow noopener noreferrer\" data-shared=\"\" class=\"share-print sd-button share-icon\" href=\"http:\/\/www.dannwollenwirmal.de\/?p=515\" target=\"_blank\" title=\"Klicken zum Ausdrucken\"><span>Drucken<\/span><\/a><\/li><li class=\"share-facebook\"><a rel=\"nofollow noopener noreferrer\" data-shared=\"sharing-facebook-515\" class=\"share-facebook sd-button share-icon\" href=\"http:\/\/www.dannwollenwirmal.de\/?p=515&amp;share=facebook\" target=\"_blank\" title=\"Klick, um auf Facebook zu teilen\"><span>Facebook<\/span><\/a><\/li><li class=\"share-twitter\"><a rel=\"nofollow noopener noreferrer\" data-shared=\"sharing-twitter-515\" class=\"share-twitter sd-button share-icon\" href=\"http:\/\/www.dannwollenwirmal.de\/?p=515&amp;share=twitter\" target=\"_blank\" title=\"Klick, um \u00fcber Twitter zu teilen\"><span>Twitter<\/span><\/a><\/li><li class=\"share-pinterest\"><a rel=\"nofollow noopener noreferrer\" data-shared=\"sharing-pinterest-515\" class=\"share-pinterest sd-button share-icon\" href=\"http:\/\/www.dannwollenwirmal.de\/?p=515&amp;share=pinterest\" target=\"_blank\" title=\"Klick, um auf Pinterest zu teilen\"><span>Pinterest<\/span><\/a><\/li><li class=\"share-linkedin\"><a rel=\"nofollow noopener noreferrer\" data-shared=\"sharing-linkedin-515\" class=\"share-linkedin sd-button share-icon\" href=\"http:\/\/www.dannwollenwirmal.de\/?p=515&amp;share=linkedin\" target=\"_blank\" title=\"Klick, um auf LinkedIn zu teilen\"><span>LinkedIn<\/span><\/a><\/li><li class=\"share-end\"><\/li><\/ul><\/div><\/div><\/div>","protected":false},"author":1,"featured_media":0,"comment_status":"open","ping_status":"open","sticky":false,"template":"","format":"standard","meta":{"advanced_seo_description":"","spay_email":"","jetpack_publicize_message":"","jetpack_is_tweetstorm":false,"jetpack_publicize_feature_enabled":true},"categories":[1,3,330],"tags":[141,140,25,36,37],"jetpack_featured_media_url":"","jetpack_publicize_connections":[],"jetpack_shortlink":"https:\/\/wp.me\/p3WtlO-8j","jetpack_sharing_enabled":true,"jetpack-related-posts":[{"id":507,"url":"http:\/\/www.dannwollenwirmal.de\/?p=507","url_meta":{"origin":515,"position":0},"title":"Bodenturnen","date":"10. Juli 2014","format":false,"excerpt":"Unter dem Motto \"Lief jetzt mal nicht so\" k\u00f6nnte man das heutige Projekt zu den Akten legen. Irgendwie auch klar, wenn man etwas \"mal eben schnell\" machen will...doch von Anfang an: Ich habe schon l\u00e4nger eine reparaturbed\u00fcrftige Stelle am Haus: der r\u00fcckseitige Traufkasten war bereits beim Hauskauf an einigen Stellen\u2026","rel":"","context":"In &quot;Allgemein&quot;","img":{"alt_text":"","src":"https:\/\/i0.wp.com\/www.dannwollenwirmal.de\/wp-content\/uploads\/2014\/07\/Foto-2.jpg?resize=350%2C200","width":350,"height":200},"classes":[]},{"id":1019,"url":"http:\/\/www.dannwollenwirmal.de\/?p=1019","url_meta":{"origin":515,"position":1},"title":"Sommerpause III","date":"5. Juli 2015","format":false,"excerpt":"Heute vor einem Jahr, als ich den Hubsteiger im Vorgarten versenkte: Bodenturnen 10. Juli 2014 by mohlemeyer Unter dem Motto \u201eLief jetzt mal nicht so\u201c k\u00f6nnte man das heutige Projekt zu den Akten legen. Irgendwie auch klar, wenn man etwas \u201emal eben schnell\u201c machen will\u2026doch von Anfang an: Ich habe\u2026","rel":"","context":"In &quot;Allgemein&quot;","img":{"alt_text":"Foto 1","src":"https:\/\/i1.wp.com\/www.dannwollenwirmal.de\/wp-content\/uploads\/2014\/07\/Foto-1.jpg?resize=350%2C200","width":350,"height":200},"classes":[]},{"id":1409,"url":"http:\/\/www.dannwollenwirmal.de\/?p=1409","url_meta":{"origin":515,"position":2},"title":"Sichtseitige Bimsverk\u00f6tterung","date":"3. April 2016","format":false,"excerpt":"W\u00e4hrend ich nur marginal \u00fcber den Suchbegriff der Woche \"braucht man silikon oder schaum sprai fur den dach boden ausbauen\" (sowas kann ich mir nichtmal ausdenken! Achja, nat\u00fcrlich schaum sprai. Ausschlie\u00dflich schaum sprai.) gestolpert bin, geht es mit der Fassade gut voran und auch die Dachdecker haben schon einiges geschafft.\u2026","rel":"","context":"In &quot;Allgemein&quot;","img":{"alt_text":"","src":"https:\/\/i0.wp.com\/www.dannwollenwirmal.de\/wp-content\/uploads\/2016\/04\/IMG_4193.jpg?resize=350%2C200","width":350,"height":200},"classes":[]},{"id":120,"url":"http:\/\/www.dannwollenwirmal.de\/?p=120","url_meta":{"origin":515,"position":3},"title":"Traufenkasten-Kasten","date":"9. Oktober 2013","format":false,"excerpt":"In den letzten Tagen war ich wenig zuhause und konnte daher auch wenig Produktives dort leisten. Heute habe ich dann das erste Dach-Viertel fertig verholzt (also der Norden ist dicht! Da kann mir keiner mehr was!) und k\u00fcmmerte mich um die kleinen Ecken. Man ist ja geneigt, in den Winkeln\u2026","rel":"","context":"In &quot;Allgemein&quot;","img":{"alt_text":"","src":"https:\/\/i0.wp.com\/www.dannwollenwirmal.de\/wp-content\/uploads\/2013\/10\/kas2.jpeg?resize=350%2C200","width":350,"height":200},"classes":[]},{"id":1423,"url":"http:\/\/www.dannwollenwirmal.de\/?p=1423","url_meta":{"origin":515,"position":4},"title":"Sanostol","date":"10. April 2016","format":false,"excerpt":"Das Fassadenprojekt geht in die hei\u00dfe Phase! Nach einer Woche Trocknungszeit (wenn's nicht fertig wird, ich kann nix daf\u00fcr! Muss ja alles immer ewig trocknen! Ach, w\u00e4ren wir doch bei Zuhause im Gl\u00fcck!) hat der gute M. aus B. mir Anfang der Woche unter die Arme gegriffen und das ganze\u2026","rel":"","context":"In &quot;Allgemein&quot;","img":{"alt_text":"","src":"https:\/\/i1.wp.com\/www.dannwollenwirmal.de\/wp-content\/uploads\/2016\/04\/IMG_4252.jpg?resize=350%2C200","width":350,"height":200},"classes":[]},{"id":2256,"url":"http:\/\/www.dannwollenwirmal.de\/?p=2256","url_meta":{"origin":515,"position":5},"title":"Volles Programm","date":"6. Mai 2018","format":false,"excerpt":"Gestern, also am Samstag, habe ich dann tats\u00e4chlich mal richtig was geschafft rund um Heim und Garten. Von den Dingen, die ich mir vorgenommen habe, kann ich die meisten als erledigt abhaken. So habe ich beispielsweise die Fensterl\u00e4den neu gestrichen. Vor etwa zwei Jahren habe ich die Dinger gebaut (siehe\u2026","rel":"","context":"In &quot;Allgemein&quot;","img":{"alt_text":"","src":"https:\/\/i1.wp.com\/www.dannwollenwirmal.de\/wp-content\/uploads\/2018\/05\/IMG_6398.jpg?resize=350%2C200","width":350,"height":200},"classes":[]}],"_links":{"self":[{"href":"http:\/\/www.dannwollenwirmal.de\/index.php?rest_route=\/wp\/v2\/posts\/515"}],"collection":[{"href":"http:\/\/www.dannwollenwirmal.de\/index.php?rest_route=\/wp\/v2\/posts"}],"about":[{"href":"http:\/\/www.dannwollenwirmal.de\/index.php?rest_route=\/wp\/v2\/types\/post"}],"author":[{"embeddable":true,"href":"http:\/\/www.dannwollenwirmal.de\/index.php?rest_route=\/wp\/v2\/users\/1"}],"replies":[{"embeddable":true,"href":"http:\/\/www.dannwollenwirmal.de\/index.php?rest_route=%2Fwp%2Fv2%2Fcomments&post=515"}],"version-history":[{"count":4,"href":"http:\/\/www.dannwollenwirmal.de\/index.php?rest_route=\/wp\/v2\/posts\/515\/revisions"}],"predecessor-version":[{"id":529,"href":"http:\/\/www.dannwollenwirmal.de\/index.php?rest_route=\/wp\/v2\/posts\/515\/revisions\/529"}],"wp:attachment":[{"href":"http:\/\/www.dannwollenwirmal.de\/index.php?rest_route=%2Fwp%2Fv2%2Fmedia&parent=515"}],"wp:term":[{"taxonomy":"category","embeddable":true,"href":"http:\/\/www.dannwollenwirmal.de\/index.php?rest_route=%2Fwp%2Fv2%2Fcategories&post=515"},{"taxonomy":"post_tag","embeddable":true,"href":"http:\/\/www.dannwollenwirmal.de\/index.php?rest_route=%2Fwp%2Fv2%2Ftags&post=515"}],"curies":[{"name":"wp","href":"https:\/\/api.w.org\/{rel}","templated":true}]}}