{"id":507,"date":"2014-07-10T18:36:48","date_gmt":"2014-07-10T16:36:48","guid":{"rendered":"http:\/\/www.dannwollenwirmal.de\/?p=507"},"modified":"2014-07-10T18:36:48","modified_gmt":"2014-07-10T16:36:48","slug":"bodenturnen","status":"publish","type":"post","link":"http:\/\/www.dannwollenwirmal.de\/?p=507","title":{"rendered":"Bodenturnen"},"content":{"rendered":"<p>Unter dem Motto &#8222;Lief jetzt mal nicht so&#8220; k\u00f6nnte man das heutige Projekt zu den Akten legen. Irgendwie auch klar, wenn man etwas &#8222;mal eben schnell&#8220; machen will&#8230;doch von Anfang an:<\/p>\n<p>Ich habe schon l\u00e4nger eine reparaturbed\u00fcrftige Stelle am Haus: der r\u00fcckseitige Traufkasten war bereits beim Hauskauf an einigen Stellen marode und ich plante nun, diesen zu erneuern. Weiterhin gibt es dort an der Dachrinne zwei Stellen, an denen ich das Traufblech der Unterdeckung nicht weit genug in die Rinne geschoben habe (<a href=\"http:\/\/www.dannwollenwirmal.de\/?p=120\"><strong>so war das damals<\/strong><\/a>) und gleichzeitig ein St\u00fcck Dachziegel fehlt, so dass es bei starkem Regen nun zwischen Rinne und Dachziegel durchpl\u00e4ddert.<\/p>\n<p>Von einem gro\u00dfen niederl\u00e4ndischen Verleiher hatte ich mir eine Hubarbeitsb\u00fchne ausgeliehen, die von der Breite her durch die T\u00fcr zum Garten passte und mit der ich die schadhafte Stelle erreichen wollte.<\/p>\n<p>Es kam, wie es kommen musste: die Breite des Ger\u00e4tes hatte ich mehrfach mit der T\u00fcr abgeglichen, es stellte sich dann aber heraus, dass das Mistvieh 5 cm zu hoch war und damit nicht durch die Gartent\u00fcr passt. Beim zur\u00fccksetzen machte ich eine falsche Bewegung mit dem Achtwegejoystick und versenkte den gesamten Apparat im Blumenbeet. Das (Indoor!)-Ger\u00e4t ist so gel\u00e4ndeg\u00e4ngig wie eine Modelleisenbahn und ich ben\u00f6tigte Holzst\u00fccke, Keile, Steine, einen Hubwagen und einen Gurt sowie etwa zwei Stunden Schwei\u00df und Tr\u00e4nen, um das Vehikel wieder aus dem Beet zu bekommen.<\/p>\n<p>Plan B: Der andere Weg ums Haus. Zwei Bretter auf den Rasen gelegt, damit das 1,1 Tonnen schwere Maschinchen dort etlangfahren m\u00f6ge. Nach etwa 60 cm Wegstrecke rutschte das Ger\u00e4t vom Brett und steckte nun dekorativ im Vorgarten fest. Wenn man die Arbeitsplattform nett bepflanzt und am Mast einen wilden Wein hochranken l\u00e4sst, macht es sich vielleicht auch ganz gut da.<\/p>\n<p><a href=\"https:\/\/i1.wp.com\/www.dannwollenwirmal.de\/wp-content\/uploads\/2014\/07\/Foto-1.jpg\"><img data-attachment-id=\"510\" data-permalink=\"http:\/\/www.dannwollenwirmal.de\/?attachment_id=510#main\" data-orig-file=\"https:\/\/i1.wp.com\/www.dannwollenwirmal.de\/wp-content\/uploads\/2014\/07\/Foto-1.jpg?fit=652%2C489\" data-orig-size=\"652,489\" data-comments-opened=\"1\" data-image-meta=\"{&quot;aperture&quot;:&quot;2.4&quot;,&quot;credit&quot;:&quot;&quot;,&quot;camera&quot;:&quot;iPhone 5&quot;,&quot;caption&quot;:&quot;&quot;,&quot;created_timestamp&quot;:&quot;1404995393&quot;,&quot;copyright&quot;:&quot;&quot;,&quot;focal_length&quot;:&quot;4.12&quot;,&quot;iso&quot;:&quot;50&quot;,&quot;shutter_speed&quot;:&quot;0.0039840637450199&quot;,&quot;title&quot;:&quot;&quot;}\" data-image-title=\"Foto 1\" data-image-description=\"\" data-image-caption=\"\" data-medium-file=\"https:\/\/i1.wp.com\/www.dannwollenwirmal.de\/wp-content\/uploads\/2014\/07\/Foto-1.jpg?fit=300%2C225\" data-large-file=\"https:\/\/i1.wp.com\/www.dannwollenwirmal.de\/wp-content\/uploads\/2014\/07\/Foto-1.jpg?fit=652%2C489\" loading=\"lazy\" class=\"alignnone size-full wp-image-510\" src=\"https:\/\/i1.wp.com\/www.dannwollenwirmal.de\/wp-content\/uploads\/2014\/07\/Foto-1.jpg?resize=652%2C489\" alt=\"Foto 1\" width=\"652\" height=\"489\" srcset=\"https:\/\/i1.wp.com\/www.dannwollenwirmal.de\/wp-content\/uploads\/2014\/07\/Foto-1.jpg?w=652 652w, https:\/\/i1.wp.com\/www.dannwollenwirmal.de\/wp-content\/uploads\/2014\/07\/Foto-1.jpg?resize=300%2C225 300w\" sizes=\"(max-width: 652px) 100vw, 652px\" data-recalc-dims=\"1\" \/><\/a><br \/>\n<em>Doof!<\/em><\/p>\n<p>&nbsp;<\/p>\n<p>Nach einer weiteren Stunde ziehen, keilen und zerren gab ich auf und wartete auf einen Kollegen, der das Ger\u00e4t mit seinem Bulli im Freundschaftsdienst per Abschleppseil aus der misslichen Lage befreite.<\/p>\n<p>Fazit: 80 Euro, halber Tag Fahrerei und Qu\u00e4lerei f\u00fcr &#8230; nix.<\/p>\n<p>Plan C: H\u00f6llenmaschine weggebracht und gegen ein Rollger\u00fcst getauscht. Arbeitsplattformh\u00f6he 6,20m und dabei gut aufzubauen. Der einzige Nachteil: Die eine Reparaturstelle ist \u00fcber der Kellertreppe. Mal sehen wie ich da trickse. Zur Kr\u00f6nung des Tages braute sich nach f\u00fcnf Minuten Arbeit auf dem fertigen Ger\u00fcst ein Gewitter zusammen.<\/p>\n<p><a href=\"https:\/\/i0.wp.com\/www.dannwollenwirmal.de\/wp-content\/uploads\/2014\/07\/Foto-2.jpg\"><img data-attachment-id=\"511\" data-permalink=\"http:\/\/www.dannwollenwirmal.de\/?attachment_id=511#main\" data-orig-file=\"https:\/\/i0.wp.com\/www.dannwollenwirmal.de\/wp-content\/uploads\/2014\/07\/Foto-2.jpg?fit=489%2C652\" data-orig-size=\"489,652\" data-comments-opened=\"1\" data-image-meta=\"{&quot;aperture&quot;:&quot;2.4&quot;,&quot;credit&quot;:&quot;&quot;,&quot;camera&quot;:&quot;iPhone 5&quot;,&quot;caption&quot;:&quot;&quot;,&quot;created_timestamp&quot;:&quot;1405008422&quot;,&quot;copyright&quot;:&quot;&quot;,&quot;focal_length&quot;:&quot;4.12&quot;,&quot;iso&quot;:&quot;50&quot;,&quot;shutter_speed&quot;:&quot;0.00079302141157811&quot;,&quot;title&quot;:&quot;&quot;}\" data-image-title=\"Foto 2\" data-image-description=\"&lt;p&gt;Rollger\u00fcst&lt;\/p&gt;\n\" data-image-caption=\"\" data-medium-file=\"https:\/\/i0.wp.com\/www.dannwollenwirmal.de\/wp-content\/uploads\/2014\/07\/Foto-2.jpg?fit=225%2C300\" data-large-file=\"https:\/\/i0.wp.com\/www.dannwollenwirmal.de\/wp-content\/uploads\/2014\/07\/Foto-2.jpg?fit=489%2C652\" loading=\"lazy\" class=\"alignnone size-full wp-image-511\" src=\"https:\/\/i0.wp.com\/www.dannwollenwirmal.de\/wp-content\/uploads\/2014\/07\/Foto-2.jpg?resize=489%2C652\" alt=\"Foto 2\" width=\"489\" height=\"652\" srcset=\"https:\/\/i0.wp.com\/www.dannwollenwirmal.de\/wp-content\/uploads\/2014\/07\/Foto-2.jpg?w=489 489w, https:\/\/i0.wp.com\/www.dannwollenwirmal.de\/wp-content\/uploads\/2014\/07\/Foto-2.jpg?resize=225%2C300 225w\" sizes=\"(max-width: 489px) 100vw, 489px\" data-recalc-dims=\"1\" \/><\/a><br \/>\n<em>Besser!<\/em><\/p>\n<p>Also, nicht unbedingt mein Gl\u00fcckstag. Immerhin habe ich nun das (hoffentlich) richtige Holz zur Ausbesserung bestellt und werde mich nun in den n\u00e4chsten Tagen mal in luftigen H\u00f6hen bewegen. Wie gewohnt wird hier Bericht erstattet. Petri Heil!<\/p>\n<p>&nbsp;<\/p>\n<div class=\"sharedaddy sd-sharing-enabled\"><div class=\"robots-nocontent sd-block sd-social sd-social-icon-text sd-sharing\"><h3 class=\"sd-title\">Teilen mit:<\/h3><div class=\"sd-content\"><ul><li class=\"share-email\"><a rel=\"nofollow noopener noreferrer\" data-shared=\"\" class=\"share-email sd-button share-icon\" href=\"http:\/\/www.dannwollenwirmal.de\/?p=507&amp;share=email\" target=\"_blank\" title=\"Klick, um dies einem Freund per E-Mail zu senden\"><span>E-Mail<\/span><\/a><\/li><li class=\"share-print\"><a rel=\"nofollow noopener noreferrer\" data-shared=\"\" class=\"share-print sd-button share-icon\" href=\"http:\/\/www.dannwollenwirmal.de\/?p=507\" target=\"_blank\" title=\"Klicken zum Ausdrucken\"><span>Drucken<\/span><\/a><\/li><li class=\"share-facebook\"><a rel=\"nofollow noopener noreferrer\" data-shared=\"sharing-facebook-507\" class=\"share-facebook sd-button share-icon\" href=\"http:\/\/www.dannwollenwirmal.de\/?p=507&amp;share=facebook\" target=\"_blank\" title=\"Klick, um auf Facebook zu teilen\"><span>Facebook<\/span><\/a><\/li><li class=\"share-twitter\"><a rel=\"nofollow noopener noreferrer\" data-shared=\"sharing-twitter-507\" class=\"share-twitter sd-button share-icon\" href=\"http:\/\/www.dannwollenwirmal.de\/?p=507&amp;share=twitter\" target=\"_blank\" title=\"Klick, um \u00fcber Twitter zu teilen\"><span>Twitter<\/span><\/a><\/li><li class=\"share-pinterest\"><a rel=\"nofollow noopener noreferrer\" data-shared=\"sharing-pinterest-507\" class=\"share-pinterest sd-button share-icon\" href=\"http:\/\/www.dannwollenwirmal.de\/?p=507&amp;share=pinterest\" target=\"_blank\" title=\"Klick, um auf Pinterest zu teilen\"><span>Pinterest<\/span><\/a><\/li><li class=\"share-linkedin\"><a rel=\"nofollow noopener noreferrer\" data-shared=\"sharing-linkedin-507\" class=\"share-linkedin sd-button share-icon\" href=\"http:\/\/www.dannwollenwirmal.de\/?p=507&amp;share=linkedin\" target=\"_blank\" title=\"Klick, um auf LinkedIn zu teilen\"><span>LinkedIn<\/span><\/a><\/li><li class=\"share-end\"><\/li><\/ul><\/div><\/div><\/div>","protected":false},"excerpt":{"rendered":"<p>Unter dem Motto &#8222;Lief jetzt mal nicht so&#8220; k\u00f6nnte man das heutige Projekt zu den Akten legen. Irgendwie auch klar, wenn man etwas &#8222;mal eben schnell&#8220; machen will&#8230;doch von Anfang an: Ich habe schon l\u00e4nger eine reparaturbed\u00fcrftige Stelle am Haus: der r\u00fcckseitige Traufkasten war bereits beim Hauskauf an einigen Stellen marode und ich plante nun, [&hellip;]<\/p>\n<div class=\"sharedaddy sd-sharing-enabled\"><div class=\"robots-nocontent sd-block sd-social sd-social-icon-text sd-sharing\"><h3 class=\"sd-title\">Teilen mit:<\/h3><div class=\"sd-content\"><ul><li class=\"share-email\"><a rel=\"nofollow noopener noreferrer\" data-shared=\"\" class=\"share-email sd-button share-icon\" href=\"http:\/\/www.dannwollenwirmal.de\/?p=507&amp;share=email\" target=\"_blank\" title=\"Klick, um dies einem Freund per E-Mail zu senden\"><span>E-Mail<\/span><\/a><\/li><li class=\"share-print\"><a rel=\"nofollow noopener noreferrer\" data-shared=\"\" class=\"share-print sd-button share-icon\" href=\"http:\/\/www.dannwollenwirmal.de\/?p=507\" target=\"_blank\" title=\"Klicken zum Ausdrucken\"><span>Drucken<\/span><\/a><\/li><li class=\"share-facebook\"><a rel=\"nofollow noopener noreferrer\" data-shared=\"sharing-facebook-507\" class=\"share-facebook sd-button share-icon\" href=\"http:\/\/www.dannwollenwirmal.de\/?p=507&amp;share=facebook\" target=\"_blank\" title=\"Klick, um auf Facebook zu teilen\"><span>Facebook<\/span><\/a><\/li><li class=\"share-twitter\"><a rel=\"nofollow noopener noreferrer\" data-shared=\"sharing-twitter-507\" class=\"share-twitter sd-button share-icon\" href=\"http:\/\/www.dannwollenwirmal.de\/?p=507&amp;share=twitter\" target=\"_blank\" title=\"Klick, um \u00fcber Twitter zu teilen\"><span>Twitter<\/span><\/a><\/li><li class=\"share-pinterest\"><a rel=\"nofollow noopener noreferrer\" data-shared=\"sharing-pinterest-507\" class=\"share-pinterest sd-button share-icon\" href=\"http:\/\/www.dannwollenwirmal.de\/?p=507&amp;share=pinterest\" target=\"_blank\" title=\"Klick, um auf Pinterest zu teilen\"><span>Pinterest<\/span><\/a><\/li><li class=\"share-linkedin\"><a rel=\"nofollow noopener noreferrer\" data-shared=\"sharing-linkedin-507\" class=\"share-linkedin sd-button share-icon\" href=\"http:\/\/www.dannwollenwirmal.de\/?p=507&amp;share=linkedin\" target=\"_blank\" title=\"Klick, um auf LinkedIn zu teilen\"><span>LinkedIn<\/span><\/a><\/li><li class=\"share-end\"><\/li><\/ul><\/div><\/div><\/div>","protected":false},"author":1,"featured_media":0,"comment_status":"open","ping_status":"open","sticky":false,"template":"","format":"standard","meta":{"advanced_seo_description":"","spay_email":"","jetpack_publicize_message":"","jetpack_is_tweetstorm":false,"jetpack_publicize_feature_enabled":true},"categories":[1,3,15],"tags":[],"jetpack_featured_media_url":"","jetpack_publicize_connections":[],"jetpack_shortlink":"https:\/\/wp.me\/p3WtlO-8b","jetpack_sharing_enabled":true,"jetpack-related-posts":[{"id":1019,"url":"http:\/\/www.dannwollenwirmal.de\/?p=1019","url_meta":{"origin":507,"position":0},"title":"Sommerpause III","date":"5. Juli 2015","format":false,"excerpt":"Heute vor einem Jahr, als ich den Hubsteiger im Vorgarten versenkte: Bodenturnen 10. Juli 2014 by mohlemeyer Unter dem Motto \u201eLief jetzt mal nicht so\u201c k\u00f6nnte man das heutige Projekt zu den Akten legen. Irgendwie auch klar, wenn man etwas \u201emal eben schnell\u201c machen will\u2026doch von Anfang an: Ich habe\u2026","rel":"","context":"In &quot;Allgemein&quot;","img":{"alt_text":"Foto 1","src":"https:\/\/i1.wp.com\/www.dannwollenwirmal.de\/wp-content\/uploads\/2014\/07\/Foto-1.jpg?resize=350%2C200","width":350,"height":200},"classes":[]},{"id":46,"url":"http:\/\/www.dannwollenwirmal.de\/?p=46","url_meta":{"origin":507,"position":1},"title":"Nicht in die Erdbeertorte!","date":"19. September 2013","format":"aside","excerpt":"Durch das Entfernen des M\u00f6rtels in der Traufe (siehe voriger Post) habe ich der ersten Ziegelreihe ja nun doch etwas Halt genommen und die Vorstellung, dass beim sommerlichen auf-der-Terrasse-verweilen die Dachziegel in die Erdbeertorte krachen, hat mich etwas beunruhigt. Halterung f\u00fcr die erste Reihe Dachziegel Einige Ziegel waren bereits mit\u2026","rel":"","context":"In &quot;Projekt: Dachbodenausbau - Nachtr\u00e4gliche Unterpannbahn&quot;","img":{"alt_text":"","src":"","width":0,"height":0},"classes":[]},{"id":113,"url":"http:\/\/www.dannwollenwirmal.de\/?p=113","url_meta":{"origin":507,"position":2},"title":"Das teuerste Klebeband der Welt","date":"4. Oktober 2013","format":false,"excerpt":"Ich wollte ja noch etwas berichten von Anschl\u00fcssen an nervige St\u00f6renfriede wie Dachfenster, Rohre, Schr\u00e4gen...nun also erstmal das Dachfenster. Neben dem neu eingebauten gibt es bereits drei weitere Dachfenster (sowie ein Fenster in einem Erker, das wird bestimmt auch nochmal Fummelei...), die nun auch in meine Unterdeckung eingebunden werden m\u00fcssen.\u2026","rel":"","context":"In &quot;Allgemein&quot;","img":{"alt_text":"Tescon No 1 Klebeband","src":"https:\/\/i1.wp.com\/www.dannwollenwirmal.de\/wp-content\/uploads\/2013\/10\/rinne2.jpg?resize=350%2C200","width":350,"height":200},"classes":[]},{"id":99,"url":"http:\/\/www.dannwollenwirmal.de\/?p=99","url_meta":{"origin":507,"position":3},"title":"Einbau eines Dachfensters","date":"2. Oktober 2013","format":false,"excerpt":"Wenn man schon in einer sch\u00f6nen Gegend wohnt, sollte man diese auch sehen, und daher w\u00fcnschte ich mir ein Fenster in Richtung Westen, um den Ausblick auf die Porta Westfalica und das Kaiser-Wilhelm-Denkmal zu haben. Da ich mich selbst nicht so ganz allein an die Sache herantraute, holte ich mir\u2026","rel":"","context":"In &quot;Allgemein&quot;","img":{"alt_text":"Dachfenster, Befestigung","src":"https:\/\/i1.wp.com\/www.dannwollenwirmal.de\/wp-content\/uploads\/2013\/10\/df7.jpg?resize=350%2C200","width":350,"height":200},"classes":[]},{"id":515,"url":"http:\/\/www.dannwollenwirmal.de\/?p=515","url_meta":{"origin":507,"position":4},"title":"H\u00e4kchen dran!","date":"1. August 2014","format":false,"excerpt":"Ich habe tats\u00e4chlich mal ein paar Minuten Zeit zu bloggen, wenn mich auch der Hauptberuf im Moment 24\/7 einnimmt (andererseits hat Spiegel online gerade ein Feature \"Geld verdienen mit Blogs\", wer wei\u00df...? :) ). Das Ger\u00fcst ist schon wieder weg, aber es war \u00e4u\u00dferst n\u00fctzlich und der Traufenkasten erstrahlt auf\u2026","rel":"","context":"In &quot;Allgemein&quot;","img":{"alt_text":"","src":"https:\/\/i1.wp.com\/www.dannwollenwirmal.de\/wp-content\/uploads\/2014\/08\/4.jpg?resize=350%2C200","width":350,"height":200},"classes":[]},{"id":36,"url":"http:\/\/www.dannwollenwirmal.de\/?p=36","url_meta":{"origin":507,"position":5},"title":"Immer mit der Ruhe","date":"18. September 2013","format":false,"excerpt":"Beruhigt Euch, Leute! Ich renne nicht ins Verderben. Heute vier (!) Anrufe von besorgten Leuten, ob ich mir das wirklich gut \u00fcberlegt h\u00e4tte und die Isolation einfach so \"unters Dach proppen\" m\u00f6chte. Nein, nein! Ich habe mich mit dem Thema \u00e4u\u00dfest lange besch\u00e4ftigt und nun eine f\u00fcr mich gute L\u00f6sung\u2026","rel":"","context":"In &quot;Allgemeines&quot;","img":{"alt_text":"Sch\u00fcrhaken-Werkzeug","src":"https:\/\/i1.wp.com\/www.dannwollenwirmal.de\/wp-content\/uploads\/2013\/09\/img_2203.jpg?resize=350%2C200","width":350,"height":200},"classes":[]}],"_links":{"self":[{"href":"http:\/\/www.dannwollenwirmal.de\/index.php?rest_route=\/wp\/v2\/posts\/507"}],"collection":[{"href":"http:\/\/www.dannwollenwirmal.de\/index.php?rest_route=\/wp\/v2\/posts"}],"about":[{"href":"http:\/\/www.dannwollenwirmal.de\/index.php?rest_route=\/wp\/v2\/types\/post"}],"author":[{"embeddable":true,"href":"http:\/\/www.dannwollenwirmal.de\/index.php?rest_route=\/wp\/v2\/users\/1"}],"replies":[{"embeddable":true,"href":"http:\/\/www.dannwollenwirmal.de\/index.php?rest_route=%2Fwp%2Fv2%2Fcomments&post=507"}],"version-history":[{"count":4,"href":"http:\/\/www.dannwollenwirmal.de\/index.php?rest_route=\/wp\/v2\/posts\/507\/revisions"}],"predecessor-version":[{"id":513,"href":"http:\/\/www.dannwollenwirmal.de\/index.php?rest_route=\/wp\/v2\/posts\/507\/revisions\/513"}],"wp:attachment":[{"href":"http:\/\/www.dannwollenwirmal.de\/index.php?rest_route=%2Fwp%2Fv2%2Fmedia&parent=507"}],"wp:term":[{"taxonomy":"category","embeddable":true,"href":"http:\/\/www.dannwollenwirmal.de\/index.php?rest_route=%2Fwp%2Fv2%2Fcategories&post=507"},{"taxonomy":"post_tag","embeddable":true,"href":"http:\/\/www.dannwollenwirmal.de\/index.php?rest_route=%2Fwp%2Fv2%2Ftags&post=507"}],"curies":[{"name":"wp","href":"https:\/\/api.w.org\/{rel}","templated":true}]}}