{"id":472,"date":"2014-05-20T21:47:03","date_gmt":"2014-05-20T19:47:03","guid":{"rendered":"http:\/\/www.dannwollenwirmal.de\/?p=472"},"modified":"2016-01-15T20:10:26","modified_gmt":"2016-01-15T19:10:26","slug":"holzterrassenprojekt-22-und-estrichtips-fuer-eilige","status":"publish","type":"post","link":"http:\/\/www.dannwollenwirmal.de\/?p=472","title":{"rendered":"Holzterrassenprojekt 2\/2 und Estrichtips f\u00fcr Eilige"},"content":{"rendered":"<p>Bevor es morgen mit \u00fcber 30\u00b0 traumhaftes Grillwetter gibt, wollen wir mal schnell die Terrasse <a href=\"http:\/\/www.dannwollenwirmal.de\/?p=459\"><strong>vom letzten mal<\/strong> <\/a>fertig bauen \ud83d\ude42<\/p>\n<p><a href=\"https:\/\/i1.wp.com\/www.dannwollenwirmal.de\/wp-content\/uploads\/2014\/05\/ter3.jpg\"><img data-attachment-id=\"463\" data-permalink=\"http:\/\/www.dannwollenwirmal.de\/?attachment_id=463#main\" data-orig-file=\"https:\/\/i1.wp.com\/www.dannwollenwirmal.de\/wp-content\/uploads\/2014\/05\/ter3.jpg?fit=652%2C487\" data-orig-size=\"652,487\" data-comments-opened=\"1\" data-image-meta=\"{&quot;aperture&quot;:&quot;2.8&quot;,&quot;credit&quot;:&quot;&quot;,&quot;camera&quot;:&quot;iPhone 4&quot;,&quot;caption&quot;:&quot;&quot;,&quot;created_timestamp&quot;:&quot;1333392244&quot;,&quot;copyright&quot;:&quot;&quot;,&quot;focal_length&quot;:&quot;3.85&quot;,&quot;iso&quot;:&quot;80&quot;,&quot;shutter_speed&quot;:&quot;0.058823529411765&quot;,&quot;title&quot;:&quot;&quot;}\" data-image-title=\"ter3\" data-image-description=\"&lt;p&gt;Holzterrasse&lt;\/p&gt;\n\" data-image-caption=\"\" data-medium-file=\"https:\/\/i1.wp.com\/www.dannwollenwirmal.de\/wp-content\/uploads\/2014\/05\/ter3.jpg?fit=300%2C224\" data-large-file=\"https:\/\/i1.wp.com\/www.dannwollenwirmal.de\/wp-content\/uploads\/2014\/05\/ter3.jpg?fit=652%2C487\" loading=\"lazy\" class=\"alignnone size-full wp-image-463\" src=\"https:\/\/i1.wp.com\/www.dannwollenwirmal.de\/wp-content\/uploads\/2014\/05\/ter3.jpg?resize=652%2C487\" alt=\"Holzterrasse\" width=\"652\" height=\"487\" srcset=\"https:\/\/i1.wp.com\/www.dannwollenwirmal.de\/wp-content\/uploads\/2014\/05\/ter3.jpg?w=652 652w, https:\/\/i1.wp.com\/www.dannwollenwirmal.de\/wp-content\/uploads\/2014\/05\/ter3.jpg?resize=300%2C224 300w\" sizes=\"(max-width: 652px) 100vw, 652px\" data-recalc-dims=\"1\" \/><\/a><br \/>\n<em>Hier waren wir stehen geblieben&#8230;<\/em><\/p>\n<p>Die Dielen kann man in verschiedenen L\u00e4ngen kaufen, aber eben nicht in jeder L\u00e4nge und so habe ich mich f\u00fcr eine verschnittarme Verlegeart entschieden: Ein Brett wird durchgehend verlegt, und die n\u00e4chste Reihe aus zwei Brettern mit einer Fuge. Diese ist hier \u00fcbrigens nicht mittig, ich hatte erst Bedenken dass das sp\u00e4ter doof aussieht, aber es f\u00e4llt \u00fcberhaupt nicht auf.<\/p>\n<p><a href=\"https:\/\/i0.wp.com\/www.dannwollenwirmal.de\/wp-content\/uploads\/2014\/05\/ter4.jpg\"><img data-attachment-id=\"473\" data-permalink=\"http:\/\/www.dannwollenwirmal.de\/?attachment_id=473#main\" data-orig-file=\"https:\/\/i0.wp.com\/www.dannwollenwirmal.de\/wp-content\/uploads\/2014\/05\/ter4.jpg?fit=1296%2C968\" data-orig-size=\"1296,968\" data-comments-opened=\"1\" data-image-meta=\"{&quot;aperture&quot;:&quot;2.8&quot;,&quot;credit&quot;:&quot;&quot;,&quot;camera&quot;:&quot;iPhone 4&quot;,&quot;caption&quot;:&quot;&quot;,&quot;created_timestamp&quot;:&quot;1333483466&quot;,&quot;copyright&quot;:&quot;&quot;,&quot;focal_length&quot;:&quot;3.85&quot;,&quot;iso&quot;:&quot;640&quot;,&quot;shutter_speed&quot;:&quot;0.066666666666667&quot;,&quot;title&quot;:&quot;&quot;}\" data-image-title=\"ter4\" data-image-description=\"&lt;p&gt;Holzterrasse&lt;\/p&gt;\n\" data-image-caption=\"\" data-medium-file=\"https:\/\/i0.wp.com\/www.dannwollenwirmal.de\/wp-content\/uploads\/2014\/05\/ter4.jpg?fit=300%2C224\" data-large-file=\"https:\/\/i0.wp.com\/www.dannwollenwirmal.de\/wp-content\/uploads\/2014\/05\/ter4.jpg?fit=652%2C486\" loading=\"lazy\" class=\"alignnone size-large wp-image-473\" src=\"https:\/\/i0.wp.com\/www.dannwollenwirmal.de\/wp-content\/uploads\/2014\/05\/ter4.jpg?resize=652%2C486\" alt=\"ter4\" width=\"652\" height=\"486\" srcset=\"https:\/\/i0.wp.com\/www.dannwollenwirmal.de\/wp-content\/uploads\/2014\/05\/ter4.jpg?resize=1024%2C764 1024w, https:\/\/i0.wp.com\/www.dannwollenwirmal.de\/wp-content\/uploads\/2014\/05\/ter4.jpg?resize=300%2C224 300w, https:\/\/i0.wp.com\/www.dannwollenwirmal.de\/wp-content\/uploads\/2014\/05\/ter4.jpg?w=1296 1296w\" sizes=\"(max-width: 652px) 100vw, 652px\" data-recalc-dims=\"1\" \/><\/a><br \/>\n<em>St\u00fcck f\u00fcr St\u00fcck<\/em><\/p>\n<p>Wie man im Bild sieht, werden die Enden einfach \u00fcberstehen gelassen. Hier habe ich dann am Schluss mit einer Handkreiss\u00e4ge plus Schiene einen sauberen Abschlussschnitt gemacht.<br \/>\nDie Dielen werden \u00fcbrigens immer mit Abstand zu W\u00e4nden und sonstigen angrenzenden Bauteilen verlegt. Wenn sich das Holz n\u00e4mlich ausdehnt, ist so eine kleine Mauer schnell mal umgeschmissen.<\/p>\n<p>Verschraubt wurden die Dielen mit Terrassenschrauben aus K\u00fcnzelsau (da haben wir&#8217;s wieder&#8230;), die sind zwar nicht ganz billig, aber gehen durch den Bohrkopf rein wie Butter, man muss nicht vorbohren, das Holz wird nicht gespalten usw.<br \/>\nWenn man genau hinschaut, sieht man im Bild oben, dass die Dielen nicht direkt auf die Unterkonstruktion geschraubt werden (Hinterl\u00fcftung gegen N\u00e4sse), sondern Kunststoffteile untergelegt sind, sogenannte Distanzhalter (z.B. ferax Terrassenmeister). Sie bilden einmal eine Unterlage zwischen Diele und Kantholz, durch den mittigen Dorn geben sie aber auch einen Fugenabstand vor. Die Dielen werden dann an den Dorn angelegt und verschraubt. Die Halter kann man auch nochmal verschrauben, habe ich aber nicht gemacht.<\/p>\n<p>Um gleichm\u00e4\u00dfige Fugen und gerade Dielen zu bekommen, muss man die ein oder andere Diele etwas &#8218;in Form bringen&#8216;. Dazu habe ich als Start-Diele ein sehr gerades Holz gew\u00e4hlt und dann mit einem kleinen Ratschengurt die nachfolgenden Bretter zum Fugendorn herangezogen. Dann wurde die Stelle verschraubt und der Gurt auf die n\u00e4chste Biegung gesetzt. Das geht freilich nicht, wenn die Dielen allzu krumm sind.<\/p>\n<p><a href=\"https:\/\/i2.wp.com\/www.dannwollenwirmal.de\/wp-content\/uploads\/2014\/05\/ter5a.jpg\"><img data-attachment-id=\"474\" data-permalink=\"http:\/\/www.dannwollenwirmal.de\/?attachment_id=474#main\" data-orig-file=\"https:\/\/i2.wp.com\/www.dannwollenwirmal.de\/wp-content\/uploads\/2014\/05\/ter5a.jpg?fit=1296%2C968\" data-orig-size=\"1296,968\" data-comments-opened=\"1\" data-image-meta=\"{&quot;aperture&quot;:&quot;2.8&quot;,&quot;credit&quot;:&quot;&quot;,&quot;camera&quot;:&quot;iPhone 4&quot;,&quot;caption&quot;:&quot;&quot;,&quot;created_timestamp&quot;:&quot;1334405433&quot;,&quot;copyright&quot;:&quot;&quot;,&quot;focal_length&quot;:&quot;3.85&quot;,&quot;iso&quot;:&quot;80&quot;,&quot;shutter_speed&quot;:&quot;0.0036101083032491&quot;,&quot;title&quot;:&quot;&quot;}\" data-image-title=\"ter5a\" data-image-description=\"\" data-image-caption=\"\" data-medium-file=\"https:\/\/i2.wp.com\/www.dannwollenwirmal.de\/wp-content\/uploads\/2014\/05\/ter5a.jpg?fit=300%2C224\" data-large-file=\"https:\/\/i2.wp.com\/www.dannwollenwirmal.de\/wp-content\/uploads\/2014\/05\/ter5a.jpg?fit=652%2C486\" loading=\"lazy\" class=\"alignnone size-large wp-image-474\" src=\"https:\/\/i2.wp.com\/www.dannwollenwirmal.de\/wp-content\/uploads\/2014\/05\/ter5a.jpg?resize=652%2C486\" alt=\"ter5a\" width=\"652\" height=\"486\" srcset=\"https:\/\/i2.wp.com\/www.dannwollenwirmal.de\/wp-content\/uploads\/2014\/05\/ter5a.jpg?resize=1024%2C764 1024w, https:\/\/i2.wp.com\/www.dannwollenwirmal.de\/wp-content\/uploads\/2014\/05\/ter5a.jpg?resize=300%2C224 300w, https:\/\/i2.wp.com\/www.dannwollenwirmal.de\/wp-content\/uploads\/2014\/05\/ter5a.jpg?w=1296 1296w\" sizes=\"(max-width: 652px) 100vw, 652px\" data-recalc-dims=\"1\" \/><\/a><br \/>\n<em>Fertig belegt!<\/em><\/p>\n<p>Reihe f\u00fcr Reihe wurde nun auf diese Weise belegt. Damit man sich sp\u00e4ter nicht an Kleinigkeiten st\u00f6rt, sollte man darauf achten, dass die Fuge gerade durchl\u00e4uft und nicht &#8217;springt&#8216;; au\u00dferdem die Schrauben immer auf einer Linie setzen.<\/p>\n<p>Nachdem dann die Kanten mit der Handkreiss\u00e4ge (wichtig: mit Schiene!) begradigt wurden, habe ich die Schnittstellen nochmal mit Hirnholzschutz versiegelt und dann die gesamte Fl\u00e4che wieder einge\u00f6lt. Das habe ich \u00fcbrigens jetzt,\u00a0 nach zwei Jahren, wiederholt. Ein nach\u00f6len sollte man alle 2-3 Jahre einplanen. Geht aber gut mit einem breiten Pinsel\/Quast und einer Stielverl\u00e4ngerung.<\/p>\n<p>Als Umrandung habe ich mir aus dem Baumarkt(!) helle Granitsteine geholt, die ich zuf\u00e4llig gefunden habe und die genau die passende H\u00f6he hatten. Sie sind mit dem \u00fcblichen Werkzeug kaum zu bearbeiten und man nimmt sie daher am Besten so, wie sie sind. Bei zweien musste ich eine Ecke abschneiden und es war eine schwere Geburt&#8230;<\/p>\n<p><a href=\"https:\/\/i2.wp.com\/www.dannwollenwirmal.de\/wp-content\/uploads\/2014\/05\/ter6.jpg\"><img data-attachment-id=\"475\" data-permalink=\"http:\/\/www.dannwollenwirmal.de\/?attachment_id=475#main\" data-orig-file=\"https:\/\/i2.wp.com\/www.dannwollenwirmal.de\/wp-content\/uploads\/2014\/05\/ter6.jpg?fit=1296%2C968\" data-orig-size=\"1296,968\" data-comments-opened=\"1\" data-image-meta=\"{&quot;aperture&quot;:&quot;2.8&quot;,&quot;credit&quot;:&quot;&quot;,&quot;camera&quot;:&quot;iPhone 4&quot;,&quot;caption&quot;:&quot;&quot;,&quot;created_timestamp&quot;:&quot;1334952947&quot;,&quot;copyright&quot;:&quot;&quot;,&quot;focal_length&quot;:&quot;3.85&quot;,&quot;iso&quot;:&quot;80&quot;,&quot;shutter_speed&quot;:&quot;0.058823529411765&quot;,&quot;title&quot;:&quot;&quot;}\" data-image-title=\"ter6\" data-image-description=\"\" data-image-caption=\"\" data-medium-file=\"https:\/\/i2.wp.com\/www.dannwollenwirmal.de\/wp-content\/uploads\/2014\/05\/ter6.jpg?fit=300%2C224\" data-large-file=\"https:\/\/i2.wp.com\/www.dannwollenwirmal.de\/wp-content\/uploads\/2014\/05\/ter6.jpg?fit=652%2C486\" loading=\"lazy\" class=\"alignnone size-large wp-image-475\" src=\"https:\/\/i2.wp.com\/www.dannwollenwirmal.de\/wp-content\/uploads\/2014\/05\/ter6.jpg?resize=652%2C486\" alt=\"ter6\" width=\"652\" height=\"486\" srcset=\"https:\/\/i2.wp.com\/www.dannwollenwirmal.de\/wp-content\/uploads\/2014\/05\/ter6.jpg?resize=1024%2C764 1024w, https:\/\/i2.wp.com\/www.dannwollenwirmal.de\/wp-content\/uploads\/2014\/05\/ter6.jpg?resize=300%2C224 300w, https:\/\/i2.wp.com\/www.dannwollenwirmal.de\/wp-content\/uploads\/2014\/05\/ter6.jpg?w=1296 1296w\" sizes=\"(max-width: 652px) 100vw, 652px\" data-recalc-dims=\"1\" \/><\/a><br \/>\n<em>Fertig!<\/em><\/p>\n<p>Ich habe diese Steine dann in ein Bett aus Garten-M\u00f6rtel (ja, gibt&#8217;s wirklich) gesetzt und auch untereinander verm\u00f6rtelt. Zun\u00e4chst hatte ich Bedenken, dass die Steine umkippen, wenn man von der Terrassenseite aus dagegen tritt, aber sie halten wirklich bombenfest und ich musste au\u00dfer diesem Wunderzement keine Befestigungsma\u00dfnahmen ergreifen.<\/p>\n<p>Apropos Wunderzement, und das noch als kurzen Gedanken f\u00fcr die Nacht: Morgen werde ich in einem Raum Estrich machen (bietet sich ja an bei 30\u00b0 im Schatten); bisher gab es immer das Problem, dass ein Estrich 4-6 Wochen zu trocknen hatte, bevor man fliesen kann (bzw. Messung der Restfeuchte). Auf Nachfrage im Lieblingsbaustoffhandel erkl\u00e4rte man mir, dass es Alternativen gibt: Von Sopro gibt es beispielsweise die Estrich-Fertigmischungen Rapidur M5 und M1.<\/p>\n<p>Rapidur M5 ist schon nach 24 Stunden mit Fliesen belegbar. Er ist etwas teurer als &#8217;normaler&#8216; Estrich, aber mal ehrlich-wer will denn, gerade beim Renovieren im Bestandsbau, sechs Wochen auf die Bodenfliesen warten? Bei einem 3cm-Estrich kostet der Spa\u00df rund 35,- pro m\u00b2 (reiner Materialpreis).<\/p>\n<p>Das M1-Zeug ist nach unglaublichen vier Stunden belegbar. Da kostet aber ein Sack schon 60 Euro und man kann pro m\u00b2 mit etwa 150,-\u20ac rechnen. Aber: jetzt wei\u00df ich wie das bei den <a href=\"http:\/\/www.dannwollenwirmal.de\/?p=440\"><strong>Fernsehsendungen<\/strong> <\/a>geht! Bei Zuhause im Gl\u00fcck trocknet ja auch nix! Da wird die Tapete direkt in den feuchten Putz geklebt-wahrscheinlich alles mit Blitz- und Superschnell- Mischungen gemacht.<\/p>\n<p>Also, ich werde bald Bericht erstatten, mal sehen wie sich der Wunderestrich so macht. Bis dahin-schnell die letzten Terrassendielen verschrauben und dann den Grill an-viel Spa\u00df!<\/p>\n<div class=\"sharedaddy sd-sharing-enabled\"><div class=\"robots-nocontent sd-block sd-social sd-social-icon-text sd-sharing\"><h3 class=\"sd-title\">Teilen mit:<\/h3><div class=\"sd-content\"><ul><li class=\"share-email\"><a rel=\"nofollow noopener noreferrer\" data-shared=\"\" class=\"share-email sd-button share-icon\" href=\"http:\/\/www.dannwollenwirmal.de\/?p=472&amp;share=email\" target=\"_blank\" title=\"Klick, um dies einem Freund per E-Mail zu senden\"><span>E-Mail<\/span><\/a><\/li><li class=\"share-print\"><a rel=\"nofollow noopener noreferrer\" data-shared=\"\" class=\"share-print sd-button share-icon\" href=\"http:\/\/www.dannwollenwirmal.de\/?p=472\" target=\"_blank\" title=\"Klicken zum Ausdrucken\"><span>Drucken<\/span><\/a><\/li><li class=\"share-facebook\"><a rel=\"nofollow noopener noreferrer\" data-shared=\"sharing-facebook-472\" class=\"share-facebook sd-button share-icon\" href=\"http:\/\/www.dannwollenwirmal.de\/?p=472&amp;share=facebook\" target=\"_blank\" title=\"Klick, um auf Facebook zu teilen\"><span>Facebook<\/span><\/a><\/li><li class=\"share-twitter\"><a rel=\"nofollow noopener noreferrer\" data-shared=\"sharing-twitter-472\" class=\"share-twitter sd-button share-icon\" href=\"http:\/\/www.dannwollenwirmal.de\/?p=472&amp;share=twitter\" target=\"_blank\" title=\"Klick, um \u00fcber Twitter zu teilen\"><span>Twitter<\/span><\/a><\/li><li class=\"share-pinterest\"><a rel=\"nofollow noopener noreferrer\" data-shared=\"sharing-pinterest-472\" class=\"share-pinterest sd-button share-icon\" href=\"http:\/\/www.dannwollenwirmal.de\/?p=472&amp;share=pinterest\" target=\"_blank\" title=\"Klick, um auf Pinterest zu teilen\"><span>Pinterest<\/span><\/a><\/li><li class=\"share-linkedin\"><a rel=\"nofollow noopener noreferrer\" data-shared=\"sharing-linkedin-472\" class=\"share-linkedin sd-button share-icon\" href=\"http:\/\/www.dannwollenwirmal.de\/?p=472&amp;share=linkedin\" target=\"_blank\" title=\"Klick, um auf LinkedIn zu teilen\"><span>LinkedIn<\/span><\/a><\/li><li class=\"share-end\"><\/li><\/ul><\/div><\/div><\/div>","protected":false},"excerpt":{"rendered":"<p>Bevor es morgen mit \u00fcber 30\u00b0 traumhaftes Grillwetter gibt, wollen wir mal schnell die Terrasse vom letzten mal fertig bauen \ud83d\ude42 Hier waren wir stehen geblieben&#8230; Die Dielen kann man in verschiedenen L\u00e4ngen kaufen, aber eben nicht in jeder L\u00e4nge und so habe ich mich f\u00fcr eine verschnittarme Verlegeart entschieden: Ein Brett wird durchgehend verlegt, [&hellip;]<\/p>\n<div class=\"sharedaddy sd-sharing-enabled\"><div class=\"robots-nocontent sd-block sd-social sd-social-icon-text sd-sharing\"><h3 class=\"sd-title\">Teilen mit:<\/h3><div class=\"sd-content\"><ul><li class=\"share-email\"><a rel=\"nofollow noopener noreferrer\" data-shared=\"\" class=\"share-email sd-button share-icon\" href=\"http:\/\/www.dannwollenwirmal.de\/?p=472&amp;share=email\" target=\"_blank\" title=\"Klick, um dies einem Freund per E-Mail zu senden\"><span>E-Mail<\/span><\/a><\/li><li class=\"share-print\"><a rel=\"nofollow noopener noreferrer\" data-shared=\"\" class=\"share-print sd-button share-icon\" href=\"http:\/\/www.dannwollenwirmal.de\/?p=472\" target=\"_blank\" title=\"Klicken zum Ausdrucken\"><span>Drucken<\/span><\/a><\/li><li class=\"share-facebook\"><a rel=\"nofollow noopener noreferrer\" data-shared=\"sharing-facebook-472\" class=\"share-facebook sd-button share-icon\" href=\"http:\/\/www.dannwollenwirmal.de\/?p=472&amp;share=facebook\" target=\"_blank\" title=\"Klick, um auf Facebook zu teilen\"><span>Facebook<\/span><\/a><\/li><li class=\"share-twitter\"><a rel=\"nofollow noopener noreferrer\" data-shared=\"sharing-twitter-472\" class=\"share-twitter sd-button share-icon\" href=\"http:\/\/www.dannwollenwirmal.de\/?p=472&amp;share=twitter\" target=\"_blank\" title=\"Klick, um \u00fcber Twitter zu teilen\"><span>Twitter<\/span><\/a><\/li><li class=\"share-pinterest\"><a rel=\"nofollow noopener noreferrer\" data-shared=\"sharing-pinterest-472\" class=\"share-pinterest sd-button share-icon\" href=\"http:\/\/www.dannwollenwirmal.de\/?p=472&amp;share=pinterest\" target=\"_blank\" title=\"Klick, um auf Pinterest zu teilen\"><span>Pinterest<\/span><\/a><\/li><li class=\"share-linkedin\"><a rel=\"nofollow noopener noreferrer\" data-shared=\"sharing-linkedin-472\" class=\"share-linkedin sd-button share-icon\" href=\"http:\/\/www.dannwollenwirmal.de\/?p=472&amp;share=linkedin\" target=\"_blank\" title=\"Klick, um auf LinkedIn zu teilen\"><span>LinkedIn<\/span><\/a><\/li><li class=\"share-end\"><\/li><\/ul><\/div><\/div><\/div>","protected":false},"author":1,"featured_media":0,"comment_status":"open","ping_status":"open","sticky":false,"template":"","format":"standard","meta":{"advanced_seo_description":"","spay_email":"","jetpack_publicize_message":"","jetpack_is_tweetstorm":false,"jetpack_publicize_feature_enabled":true},"categories":[1,125,120,121,76,336],"tags":[128,122,126,129,127],"jetpack_featured_media_url":"","jetpack_publicize_connections":[],"jetpack_shortlink":"https:\/\/wp.me\/p3WtlO-7C","jetpack_sharing_enabled":true,"jetpack-related-posts":[{"id":459,"url":"http:\/\/www.dannwollenwirmal.de\/?p=459","url_meta":{"origin":472,"position":0},"title":"Holzterrassenprojekt 1\/2","date":"11. Mai 2014","format":false,"excerpt":"Wenn Bloggerei und Real-Life aufeinandertreffen - T\u00e4glich fragen mich Leute \"Und, was macht der Hausbau?\" - \"Na, immer noch am umbauen?\"... Leute Leute, ich bin v\u00f6llig entspannt. Das Haus ist seit zweieinhalb Jahren fertig. Alles, was ich jetzt so mache, ist optional, ein Hobby, so wie Kegeln oder Briefmarken sammeln.\u2026","rel":"","context":"In &quot;Allgemein&quot;","img":{"alt_text":"Holzterrasse","src":"https:\/\/i1.wp.com\/www.dannwollenwirmal.de\/wp-content\/uploads\/2014\/05\/ter3.jpg?resize=350%2C200","width":350,"height":200},"classes":[]},{"id":563,"url":"http:\/\/www.dannwollenwirmal.de\/?p=563","url_meta":{"origin":472,"position":1},"title":"H\u00e4tte H\u00e4tte&#8230;","date":"16. September 2014","format":false,"excerpt":"Langeweile? Der Tag geht einfach nicht rum? Schon die dritte Runde Mikado gegen sich selbst verloren? Hier eine kleine Anleitung, wie man locker vier Stunden rumkriegt: Projekt: Bau einer Holzterrasse im Rahmen meiner nebengewerblichen Handwerkert\u00e4tigkeit, Plan f\u00fcr Tag 1: Dielen \u00f6len und Punktfundamente setzen - Aufstehen, Anziehen, Fr\u00fchst\u00fccken etc. -\u2026","rel":"","context":"In &quot;Allgemein&quot;","img":{"alt_text":"","src":"https:\/\/i2.wp.com\/www.dannwollenwirmal.de\/wp-content\/uploads\/2014\/09\/4.jpg?resize=350%2C200","width":350,"height":200},"classes":[]},{"id":2256,"url":"http:\/\/www.dannwollenwirmal.de\/?p=2256","url_meta":{"origin":472,"position":2},"title":"Volles Programm","date":"6. Mai 2018","format":false,"excerpt":"Gestern, also am Samstag, habe ich dann tats\u00e4chlich mal richtig was geschafft rund um Heim und Garten. Von den Dingen, die ich mir vorgenommen habe, kann ich die meisten als erledigt abhaken. So habe ich beispielsweise die Fensterl\u00e4den neu gestrichen. Vor etwa zwei Jahren habe ich die Dinger gebaut (siehe\u2026","rel":"","context":"In &quot;Allgemein&quot;","img":{"alt_text":"","src":"https:\/\/i1.wp.com\/www.dannwollenwirmal.de\/wp-content\/uploads\/2018\/05\/IMG_6398.jpg?resize=350%2C200","width":350,"height":200},"classes":[]},{"id":574,"url":"http:\/\/www.dannwollenwirmal.de\/?p=574","url_meta":{"origin":472,"position":3},"title":"und noch ne Terrasse!","date":"21. September 2014","format":false,"excerpt":"Auch wenn mich der Suchbegriff der Woche \"nicht tragende wand entfernt alle zargen verzogen\" kurz nachdenklich stimmte, habe ich Gutes zu vermelden: das Projekt \"Holzterrasse\" (das war die Nummer mit 20 Sack Betonmischung hin und zur\u00fcck) ist vollendet! Der Kunde und ich sind gl\u00fccklich und zufrieden; hier erstmal das nachher-Bild:\u2026","rel":"","context":"In &quot;Allgemein&quot;","img":{"alt_text":"","src":"https:\/\/i1.wp.com\/www.dannwollenwirmal.de\/wp-content\/uploads\/2014\/09\/IMG_2897.jpg?resize=350%2C200","width":350,"height":200},"classes":[]},{"id":2351,"url":"http:\/\/www.dannwollenwirmal.de\/?p=2351","url_meta":{"origin":472,"position":4},"title":"R\u00fcckenwind","date":"9. September 2018","format":false,"excerpt":"So, allm\u00e4hlich wollen wir mal aufr\u00e4umen hier. Was? Ich wei\u00df, ich wei\u00df, f\u00fcnf Jahre ist schon ganz sch\u00f6n lang f\u00fcr ne Baustelle. Aber ich hatte ja auch mit einigen Problemen zu k\u00e4mpfen. Damals, die falsch gemischte Farbe? Oder die Sache mit der Bauschaumdose? Na, also. Das da hinten? Jaaaa, ist\u2026","rel":"","context":"In &quot;Allgemein&quot;","img":{"alt_text":"","src":"","width":0,"height":0},"classes":[]},{"id":1485,"url":"http:\/\/www.dannwollenwirmal.de\/?p=1485","url_meta":{"origin":472,"position":5},"title":"Was ich noch erz\u00e4hlen wollte&#8230;","date":"15. Mai 2016","format":false,"excerpt":"Mal sehen, was wollte ich denn noch erz\u00e4hlen? Heute bin ich auf jeden Fall wieder p\u00fcnktlich. Was war denn letzte Woche los? Irgendwie sp\u00e4t dran. Egal. Mit dem gro\u00dfen Bauprojekt bin ich ja augenscheinlich fertig, dennoch gibt es noch so Ecken hier und da, wo man mal ran muss. So\u2026","rel":"","context":"In &quot;Allgemein&quot;","img":{"alt_text":"","src":"https:\/\/i0.wp.com\/www.dannwollenwirmal.de\/wp-content\/uploads\/2016\/05\/IMG_4321.jpg?resize=350%2C200","width":350,"height":200},"classes":[]}],"_links":{"self":[{"href":"http:\/\/www.dannwollenwirmal.de\/index.php?rest_route=\/wp\/v2\/posts\/472"}],"collection":[{"href":"http:\/\/www.dannwollenwirmal.de\/index.php?rest_route=\/wp\/v2\/posts"}],"about":[{"href":"http:\/\/www.dannwollenwirmal.de\/index.php?rest_route=\/wp\/v2\/types\/post"}],"author":[{"embeddable":true,"href":"http:\/\/www.dannwollenwirmal.de\/index.php?rest_route=\/wp\/v2\/users\/1"}],"replies":[{"embeddable":true,"href":"http:\/\/www.dannwollenwirmal.de\/index.php?rest_route=%2Fwp%2Fv2%2Fcomments&post=472"}],"version-history":[{"count":3,"href":"http:\/\/www.dannwollenwirmal.de\/index.php?rest_route=\/wp\/v2\/posts\/472\/revisions"}],"predecessor-version":[{"id":478,"href":"http:\/\/www.dannwollenwirmal.de\/index.php?rest_route=\/wp\/v2\/posts\/472\/revisions\/478"}],"wp:attachment":[{"href":"http:\/\/www.dannwollenwirmal.de\/index.php?rest_route=%2Fwp%2Fv2%2Fmedia&parent=472"}],"wp:term":[{"taxonomy":"category","embeddable":true,"href":"http:\/\/www.dannwollenwirmal.de\/index.php?rest_route=%2Fwp%2Fv2%2Fcategories&post=472"},{"taxonomy":"post_tag","embeddable":true,"href":"http:\/\/www.dannwollenwirmal.de\/index.php?rest_route=%2Fwp%2Fv2%2Ftags&post=472"}],"curies":[{"name":"wp","href":"https:\/\/api.w.org\/{rel}","templated":true}]}}