{"id":450,"date":"2014-05-03T21:12:04","date_gmt":"2014-05-03T19:12:04","guid":{"rendered":"http:\/\/www.dannwollenwirmal.de\/?p=450"},"modified":"2016-01-15T20:11:26","modified_gmt":"2016-01-15T19:11:26","slug":"drei-sachen-wollte-ich-erzaehlen","status":"publish","type":"post","link":"http:\/\/www.dannwollenwirmal.de\/?p=450","title":{"rendered":"Drei Sachen wollte ich erz\u00e4hlen:"},"content":{"rendered":"<p>Mein lieber Herr Gesangsverein, da habe ich aber einiges geschafft heute! Da werd ich mir aber mal auf die Schulter klopfen. Zuerst habe ich den Drempel in Raum 1 fertiggestellt. Der wollte mich ein bi\u00dfchen \u00e4rgern und einfach nicht senkrecht werden. Ich habe mir dann zur Hilfe eine passende Dachlatte in Drempelh\u00f6he ges\u00e4gt, und wenn das Boden-U-Profil richtig montiert ist und die Latte die korrekte L\u00e4nge hat, ist sie zwischen Vorderkante U-Profil und Schr\u00e4ge automatisch senkrecht, daran kann man dann sch\u00f6n das obere U-Profil und die St\u00e4nder ausrichten. Verstanden? Egal.<\/p>\n<p><a href=\"https:\/\/i1.wp.com\/www.dannwollenwirmal.de\/wp-content\/uploads\/2014\/05\/deckezwei.jpg\"><img data-attachment-id=\"451\" data-permalink=\"http:\/\/www.dannwollenwirmal.de\/?attachment_id=451#main\" data-orig-file=\"https:\/\/i1.wp.com\/www.dannwollenwirmal.de\/wp-content\/uploads\/2014\/05\/deckezwei.jpg?fit=489%2C652\" data-orig-size=\"489,652\" data-comments-opened=\"1\" data-image-meta=\"{&quot;aperture&quot;:&quot;2.4&quot;,&quot;credit&quot;:&quot;&quot;,&quot;camera&quot;:&quot;iPhone 5&quot;,&quot;caption&quot;:&quot;&quot;,&quot;created_timestamp&quot;:&quot;1399146446&quot;,&quot;copyright&quot;:&quot;&quot;,&quot;focal_length&quot;:&quot;4.12&quot;,&quot;iso&quot;:&quot;500&quot;,&quot;shutter_speed&quot;:&quot;0.066666666666667&quot;,&quot;title&quot;:&quot;&quot;}\" data-image-title=\"deckezwei\" data-image-description=\"&lt;p&gt;Trockenbau Decke Balken&lt;\/p&gt;\n\" data-image-caption=\"\" data-medium-file=\"https:\/\/i1.wp.com\/www.dannwollenwirmal.de\/wp-content\/uploads\/2014\/05\/deckezwei.jpg?fit=225%2C300\" data-large-file=\"https:\/\/i1.wp.com\/www.dannwollenwirmal.de\/wp-content\/uploads\/2014\/05\/deckezwei.jpg?fit=489%2C652\" loading=\"lazy\" class=\"alignnone size-full wp-image-451\" alt=\"Trockenbau Decke Balken\" src=\"https:\/\/i1.wp.com\/www.dannwollenwirmal.de\/wp-content\/uploads\/2014\/05\/deckezwei.jpg?resize=489%2C652\" width=\"489\" height=\"652\" srcset=\"https:\/\/i1.wp.com\/www.dannwollenwirmal.de\/wp-content\/uploads\/2014\/05\/deckezwei.jpg?w=489 489w, https:\/\/i1.wp.com\/www.dannwollenwirmal.de\/wp-content\/uploads\/2014\/05\/deckezwei.jpg?resize=225%2C300 225w\" sizes=\"(max-width: 489px) 100vw, 489px\" data-recalc-dims=\"1\" \/><\/a><\/p>\n<p><em>Zweiter Raum!<\/em><\/p>\n<p>Dann konnte ich im zweiten Raum anfangen und habe schnell, elegant und pr\u00e4zise die Decke, ein Dachfenster und fast eine Schr\u00e4ge geschafft.<\/p>\n<p>Die zweite Sache, die ich noch erz\u00e4hlen wollte: Ich sage ja immer, Know-How kommt (auch) vom Abgucken. Und wenn einer wei\u00df, wie was geht, tut man gut daran, sich das genau anzugucken und nachzufragen. So war ich heute bei unseren Nachbarn, die einen Altbau gekauft haben. Ich wurde gefragt, ob ich kommen k\u00f6nne um <del>schlau rumzulabern<\/del> zu helfen, den Stahltr\u00e4ger f\u00fcr einen Sturz mit hochzuheben und einzusetzen.<\/p>\n<p>Man muss sagen, es war ein amtlicher Tr\u00e4ger (160 kg) und ein gro\u00dfer Sturz. Im Gegensatz zu dem<strong> <a href=\"http:\/\/www.dannwollenwirmal.de\/?p=285\">Durchbruch bei uns damals<\/a><\/strong> gab es hier folgende Unterschiede: Der Durchbruch war raumhoch und nicht nur t\u00fcrhoch, und die zu durchbrechende Wand war tragend, und darauf stand noch eine tragende Wand. Respekt!<\/p>\n<p><strong>Hier nochmal der Warnhinweis: Die folgenden Zeilen dienen nur zur Unterhaltung und stellen keine Empfehlung dar! Nicht nachmachen! Statiker fragen! Im Zweifel jemanden von der NASA dazuholen!<\/strong><\/p>\n<p>Die Abst\u00fctzung kann bei einem raumhohen Durchbruch nicht auf die Weise gemacht werden, wie ich es beim t\u00fcrhohen Sturz beschrieben hatte. Hier wurde vor und hinter der zu durchbrechenden Wand auf voller Breite ein Holztr\u00e4ger gesetzt und mit vier Baust\u00fctzen gest\u00fctzt. Die St\u00fctzen wurden im Keller nochmal wiederholt, um die Gew\u00f6lbedecke nicht zu sehr zu belasten und das Gewicht direkt in die Bodenplatte zu leiten. Nun wurde das Mauerwerk weggenommen.<\/p>\n<p>In der Decke zwischen den W\u00e4nden verlief ein Holzbalken, so dass nicht direkt Wand auf Wand steht (das h\u00e4tte auch wohl ein paar Ziegel abst\u00fcrzen lassen). Der neue Tr\u00e4ger wurde vom Statiker gerechnet und entsprechend dimensioniert, es handelte sich um einen verst\u00e4rkten Doppel-T-Tr\u00e4ger, der pro Seite 15cm aufgelegt wurde.<\/p>\n<p>Wir haben dann das Biest St\u00fcck f\u00fcr St\u00fcck mit vier Leuten in die \u00d6ffnung bugsiert (alternativ k\u00f6nnte man das auch mit mechanischen Hilfsmitteln wie Gabellift\/Genie machen; es ging aber tats\u00e4chlich recht problemlos), dann wurde der Tr\u00e4ger mit Baust\u00fctzen bis unter den Holz-Deckenbalken geschraubt und die beiden Auflager werden nun eingeschalt und mit Beton ausgegossen (&#8217;scharfe&#8216; Mischung mit etwas mehr Zement als gew\u00f6hnlich). W\u00e4hrend dieser Prozedur sollte das Haus nicht durch weitere Abrissarbeiten ersch\u00fcttert werden sondern 1-2 Tage &#8218;ruhen&#8216;.<\/p>\n<p>Das Ausmauern des Stahltr\u00e4gers habe ich mir dann noch so erkl\u00e4ren lassen: Mit Porenbetonsteinen werden die seitlichen \u00d6ffnungen gef\u00fcllt, Befestigung beispielsweise tats\u00e4chlich mit Fliesenkleber(!). Als Putztr\u00e4ger wird ein Drahtgeflecht um den Tr\u00e4ger gelegt, es konnte am dar\u00fcberliegenden Holzbalken befestigt werden. Die St\u00fctzen sollten dann erst nach 3 Wochen rausgenommen werden. Da ist sicherlich &#8222;Nummer sicher&#8220;, aber ich gebe ja nur weiter was ich geh\u00f6rt habe. Das alles war sehr lehrreich f\u00fcr mich, da ich ja bisher nur etwas kleinere Durchbr\u00fcche gemacht und dabei auch Betonst\u00fcrze verwendet habe. Mit diesem neuen Wissen werde ich also demn\u00e4chst mal ein paar hallenartige Gew\u00f6lbe bauen. \ud83d\ude42<\/p>\n<p>Drittens freue ich mich sehr, dass die Sache mit den Suchbegriffen hier im Blog allm\u00e4hlich l\u00e4uft. Die Suche nach &#8222;Trockenbauschrauben gehen nicht rein&#8220; f\u00fchrt tats\u00e4chlich zu dem <strong><a href=\"http:\/\/www.dannwollenwirmal.de\/?p=366\">Artikel<\/a><\/strong>, von dem ich mir auch gew\u00fcnscht hatte, dass er genau bei diesem Problem gefunden wird.<br \/>\nDie Top-Suchphrase bei <em>dannwollenwirmal<\/em> ist \u00fcbrigens &#8222;T\u00fcrsturz nachtr\u00e4glich einbauen&#8220; ( von daher passt das ja heute hier ganz gut) und der kurioseste &#8222;www klebeband trick macht schluss mit nerviger fummelei com&#8220;. Aber der Blog ist ja noch relativ jung und ich bin gespannt, was da noch so kommt! An dieser Stelle auch mal ein Danksch\u00f6n an die wirklich st\u00e4ndig wachsende Leserschaft und alle Leute die mitfiebern, kommentieren, nachbauen, hinterherklicken oder einfach nur mit dem Kopf sch\u00fctteln \ud83d\ude09<\/p>\n<div class=\"sharedaddy sd-sharing-enabled\"><div class=\"robots-nocontent sd-block sd-social sd-social-icon-text sd-sharing\"><h3 class=\"sd-title\">Teilen mit:<\/h3><div class=\"sd-content\"><ul><li class=\"share-email\"><a rel=\"nofollow noopener noreferrer\" data-shared=\"\" class=\"share-email sd-button share-icon\" href=\"http:\/\/www.dannwollenwirmal.de\/?p=450&amp;share=email\" target=\"_blank\" title=\"Klick, um dies einem Freund per E-Mail zu senden\"><span>E-Mail<\/span><\/a><\/li><li class=\"share-print\"><a rel=\"nofollow noopener noreferrer\" data-shared=\"\" class=\"share-print sd-button share-icon\" href=\"http:\/\/www.dannwollenwirmal.de\/?p=450\" target=\"_blank\" title=\"Klicken zum Ausdrucken\"><span>Drucken<\/span><\/a><\/li><li class=\"share-facebook\"><a rel=\"nofollow noopener noreferrer\" data-shared=\"sharing-facebook-450\" class=\"share-facebook sd-button share-icon\" href=\"http:\/\/www.dannwollenwirmal.de\/?p=450&amp;share=facebook\" target=\"_blank\" title=\"Klick, um auf Facebook zu teilen\"><span>Facebook<\/span><\/a><\/li><li class=\"share-twitter\"><a rel=\"nofollow noopener noreferrer\" data-shared=\"sharing-twitter-450\" class=\"share-twitter sd-button share-icon\" href=\"http:\/\/www.dannwollenwirmal.de\/?p=450&amp;share=twitter\" target=\"_blank\" title=\"Klick, um \u00fcber Twitter zu teilen\"><span>Twitter<\/span><\/a><\/li><li class=\"share-pinterest\"><a rel=\"nofollow noopener noreferrer\" data-shared=\"sharing-pinterest-450\" class=\"share-pinterest sd-button share-icon\" href=\"http:\/\/www.dannwollenwirmal.de\/?p=450&amp;share=pinterest\" target=\"_blank\" title=\"Klick, um auf Pinterest zu teilen\"><span>Pinterest<\/span><\/a><\/li><li class=\"share-linkedin\"><a rel=\"nofollow noopener noreferrer\" data-shared=\"sharing-linkedin-450\" class=\"share-linkedin sd-button share-icon\" href=\"http:\/\/www.dannwollenwirmal.de\/?p=450&amp;share=linkedin\" target=\"_blank\" title=\"Klick, um auf LinkedIn zu teilen\"><span>LinkedIn<\/span><\/a><\/li><li class=\"share-end\"><\/li><\/ul><\/div><\/div><\/div>","protected":false},"excerpt":{"rendered":"<p>Mein lieber Herr Gesangsverein, da habe ich aber einiges geschafft heute! Da werd ich mir aber mal auf die Schulter klopfen. Zuerst habe ich den Drempel in Raum 1 fertiggestellt. Der wollte mich ein bi\u00dfchen \u00e4rgern und einfach nicht senkrecht werden. Ich habe mir dann zur Hilfe eine passende Dachlatte in Drempelh\u00f6he ges\u00e4gt, und wenn [&hellip;]<\/p>\n<div class=\"sharedaddy sd-sharing-enabled\"><div class=\"robots-nocontent sd-block sd-social sd-social-icon-text sd-sharing\"><h3 class=\"sd-title\">Teilen mit:<\/h3><div class=\"sd-content\"><ul><li class=\"share-email\"><a rel=\"nofollow noopener noreferrer\" data-shared=\"\" class=\"share-email sd-button share-icon\" href=\"http:\/\/www.dannwollenwirmal.de\/?p=450&amp;share=email\" target=\"_blank\" title=\"Klick, um dies einem Freund per E-Mail zu senden\"><span>E-Mail<\/span><\/a><\/li><li class=\"share-print\"><a rel=\"nofollow noopener noreferrer\" data-shared=\"\" class=\"share-print sd-button share-icon\" href=\"http:\/\/www.dannwollenwirmal.de\/?p=450\" target=\"_blank\" title=\"Klicken zum Ausdrucken\"><span>Drucken<\/span><\/a><\/li><li class=\"share-facebook\"><a rel=\"nofollow noopener noreferrer\" data-shared=\"sharing-facebook-450\" class=\"share-facebook sd-button share-icon\" href=\"http:\/\/www.dannwollenwirmal.de\/?p=450&amp;share=facebook\" target=\"_blank\" title=\"Klick, um auf Facebook zu teilen\"><span>Facebook<\/span><\/a><\/li><li class=\"share-twitter\"><a rel=\"nofollow noopener noreferrer\" data-shared=\"sharing-twitter-450\" class=\"share-twitter sd-button share-icon\" href=\"http:\/\/www.dannwollenwirmal.de\/?p=450&amp;share=twitter\" target=\"_blank\" title=\"Klick, um \u00fcber Twitter zu teilen\"><span>Twitter<\/span><\/a><\/li><li class=\"share-pinterest\"><a rel=\"nofollow noopener noreferrer\" data-shared=\"sharing-pinterest-450\" class=\"share-pinterest sd-button share-icon\" href=\"http:\/\/www.dannwollenwirmal.de\/?p=450&amp;share=pinterest\" target=\"_blank\" title=\"Klick, um auf Pinterest zu teilen\"><span>Pinterest<\/span><\/a><\/li><li class=\"share-linkedin\"><a rel=\"nofollow noopener noreferrer\" data-shared=\"sharing-linkedin-450\" class=\"share-linkedin sd-button share-icon\" href=\"http:\/\/www.dannwollenwirmal.de\/?p=450&amp;share=linkedin\" target=\"_blank\" title=\"Klick, um auf LinkedIn zu teilen\"><span>LinkedIn<\/span><\/a><\/li><li class=\"share-end\"><\/li><\/ul><\/div><\/div><\/div>","protected":false},"author":1,"featured_media":0,"comment_status":"open","ping_status":"open","sticky":false,"template":"","format":"standard","meta":{"advanced_seo_description":"","spay_email":"","jetpack_publicize_message":"","jetpack_is_tweetstorm":false,"jetpack_publicize_feature_enabled":true},"categories":[1,76,332,26,62],"tags":[119,117,118],"jetpack_featured_media_url":"","jetpack_publicize_connections":[],"jetpack_shortlink":"https:\/\/wp.me\/p3WtlO-7g","jetpack_sharing_enabled":true,"jetpack-related-posts":[{"id":2079,"url":"http:\/\/www.dannwollenwirmal.de\/?p=2079","url_meta":{"origin":450,"position":0},"title":"U-40-Party","date":"5. November 2017","format":false,"excerpt":"W\u00e4hrend wir letzte Woche noch die Vorarbeiten zum Dachschr\u00e4gen-Ausbau betrachtet haben (bekannterma\u00dfen macht die Arbeit, die man hinterher\u00a0nicht sieht, ja den L\u00f6wenanteil aus), geht es diese Woche nahtlos weiter und wir best\u00fccken Dachschr\u00e4ge und Decke mit Profilen und Gipskartonplatten. Zur Erinnerung: Das Ganze in Ausf\u00fchrlich hatten wir 2014 hier im\u2026","rel":"","context":"In &quot;Allgemein&quot;","img":{"alt_text":"","src":"https:\/\/i2.wp.com\/www.dannwollenwirmal.de\/wp-content\/uploads\/2017\/11\/IMG_5860.jpg?resize=350%2C200","width":350,"height":200},"classes":[]},{"id":426,"url":"http:\/\/www.dannwollenwirmal.de\/?p=426","url_meta":{"origin":450,"position":1},"title":"Gl\u00fchbirnebirnebirne!","date":"16. April 2014","format":false,"excerpt":"Lieber Leser, da wir ja neulich gemeinsam \u00fcber verschiedene Deckeneinbaustrahler sinniert und zusammen das Drehbuch zum Deckeneinbauthriller durchlebt haben kommt jetzt hier, etwas Off-Topic aber daf\u00fcr sowas von lebensnah, der Tip f\u00fcr die Dimensionierung von LED-Strahlern: Gl\u00fchbirnen-Watt mal 10 gleich Lumen der LED! Nicht verstanden? Wenn man fr\u00fcher eine 40W-Gl\u00fchbirne\u2026","rel":"","context":"In &quot;Allgemein&quot;","img":{"alt_text":"Drempel","src":"https:\/\/i1.wp.com\/www.dannwollenwirmal.de\/wp-content\/uploads\/2014\/04\/drempel4.jpeg?resize=350%2C200","width":350,"height":200},"classes":[]},{"id":348,"url":"http:\/\/www.dannwollenwirmal.de\/?p=348","url_meta":{"origin":450,"position":2},"title":"Zahnputzbecher","date":"24. Februar 2014","format":false,"excerpt":"Die H\u00e4lfte der Dachschr\u00e4gen ist nun schon beplankt und es geht nach einigen Startschwierigkeiten nun auch ganz gut von der Hand; wobei da ist noch Luft nach oben, gerade was die Schrauben angeht. Na, wird doch? Um mal einen Vergleich zu haben: Es gibt nich vieles, was mich nervt. Aber\u2026","rel":"","context":"In &quot;Allgemein&quot;","img":{"alt_text":"","src":"https:\/\/i2.wp.com\/www.dannwollenwirmal.de\/wp-content\/uploads\/2014\/02\/blechs.jpg?resize=350%2C200","width":350,"height":200},"classes":[]},{"id":622,"url":"http:\/\/www.dannwollenwirmal.de\/?p=622","url_meta":{"origin":450,"position":3},"title":"Immer \u00c4rger mit dem Erker","date":"26. Oktober 2014","format":false,"excerpt":"Nachdem das halbst\u00fcndige Zucken der rechten Gesichtsh\u00e4lfte nach Lesen des Suchbegriffs \"Streichrauhfaser direkt auf Fliesen\" nachgelassen hatte, lege ich meine Blogstatistiken zur Seite und berichte \u00fcber das Fortkommen auf dem Dachboden der Tr\u00e4ume, den wir alle so ins Herz geschlossen haben. Zun\u00e4chst mal habe ich einiges an Emp\u00f6rung durch den\u2026","rel":"","context":"In &quot;Allgemein&quot;","img":{"alt_text":"","src":"https:\/\/i2.wp.com\/www.dannwollenwirmal.de\/wp-content\/uploads\/2014\/10\/erkF1.jpg?resize=350%2C200","width":350,"height":200},"classes":[]},{"id":633,"url":"http:\/\/www.dannwollenwirmal.de\/?p=633","url_meta":{"origin":450,"position":4},"title":"Gest\u00e4ndnisse eines Schaumschl\u00e4gers","date":"9. November 2014","format":false,"excerpt":"Das \"Grobe\" ist tats\u00e4chlich geschafft und ich kann das Kapitel \"Beplanken\" nun erstmal zu den Akten legen. Den Drempel der S\u00fcdseite habe ich als letzte Etappe fertiggestellt; an der Westseite mit dem gro\u00dfen Dachfenster gibt es ja keinen Drempel und die Dachschr\u00e4ge geht bis zum Boden. Das Sch\u00f6nste aber war\u2026","rel":"","context":"In &quot;Allgemein&quot;","img":{"alt_text":"","src":"https:\/\/i2.wp.com\/www.dannwollenwirmal.de\/wp-content\/uploads\/2014\/11\/IMG_3009.jpg?resize=350%2C200","width":350,"height":200},"classes":[]},{"id":376,"url":"http:\/\/www.dannwollenwirmal.de\/?p=376","url_meta":{"origin":450,"position":5},"title":"Die Wand","date":"8. M\u00e4rz 2014","format":false,"excerpt":"Da sich sicherlich viele fragen wie die Geschichte vom letzten mal ausgegangen ist: nach wenigen Minuten erhielt ich einen R\u00fcckruf, und am n\u00e4chsten morgen war ein Leymann-Mitarbeiter bei mir, der mir half, die falschen Profile runter- und die neuen hochzutragen. Das nenne ich Service! Man stelle sich das Ganze an\u2026","rel":"","context":"In &quot;Allgemein&quot;","img":{"alt_text":"T\u00fcrsturz Trockenbau","src":"https:\/\/i2.wp.com\/www.dannwollenwirmal.de\/wp-content\/uploads\/2014\/03\/wand4.jpg?resize=350%2C200","width":350,"height":200},"classes":[]}],"_links":{"self":[{"href":"http:\/\/www.dannwollenwirmal.de\/index.php?rest_route=\/wp\/v2\/posts\/450"}],"collection":[{"href":"http:\/\/www.dannwollenwirmal.de\/index.php?rest_route=\/wp\/v2\/posts"}],"about":[{"href":"http:\/\/www.dannwollenwirmal.de\/index.php?rest_route=\/wp\/v2\/types\/post"}],"author":[{"embeddable":true,"href":"http:\/\/www.dannwollenwirmal.de\/index.php?rest_route=\/wp\/v2\/users\/1"}],"replies":[{"embeddable":true,"href":"http:\/\/www.dannwollenwirmal.de\/index.php?rest_route=%2Fwp%2Fv2%2Fcomments&post=450"}],"version-history":[{"count":6,"href":"http:\/\/www.dannwollenwirmal.de\/index.php?rest_route=\/wp\/v2\/posts\/450\/revisions"}],"predecessor-version":[{"id":457,"href":"http:\/\/www.dannwollenwirmal.de\/index.php?rest_route=\/wp\/v2\/posts\/450\/revisions\/457"}],"wp:attachment":[{"href":"http:\/\/www.dannwollenwirmal.de\/index.php?rest_route=%2Fwp%2Fv2%2Fmedia&parent=450"}],"wp:term":[{"taxonomy":"category","embeddable":true,"href":"http:\/\/www.dannwollenwirmal.de\/index.php?rest_route=%2Fwp%2Fv2%2Fcategories&post=450"},{"taxonomy":"post_tag","embeddable":true,"href":"http:\/\/www.dannwollenwirmal.de\/index.php?rest_route=%2Fwp%2Fv2%2Ftags&post=450"}],"curies":[{"name":"wp","href":"https:\/\/api.w.org\/{rel}","templated":true}]}}