{"id":416,"date":"2014-04-08T21:20:54","date_gmt":"2014-04-08T19:20:54","guid":{"rendered":"http:\/\/www.dannwollenwirmal.de\/?p=416"},"modified":"2016-01-15T20:11:57","modified_gmt":"2016-01-15T19:11:57","slug":"wie-es-wirklich-war","status":"publish","type":"post","link":"http:\/\/www.dannwollenwirmal.de\/?p=416","title":{"rendered":"Wie es wirklich war"},"content":{"rendered":"<p>Also, die dramatische Geschichte vom <a href=\"http:\/\/www.dannwollenwirmal.de\/?p=404\"><strong>letzten Mal<\/strong><\/a> ging wie folgt zuende: Auf der Suche nach dem Lampenanschluss unter der abgeh\u00e4ngten Decke wurden auf der gesamten Decke 30 cm breite Schlitze gefr\u00e4st, und zwar zwei Schlitze pro Meter, und zwar in beide Richtungen. Die so schachbrettartig umgestaltete Decke wurde daraufhin nach dem Lampenanschluss abgesucht, dieser konnte jedoch nicht gefunden werden.<\/p>\n<p>Aus dem Stockwerk dar\u00fcber wurden nun im Abstand von 75 cm Kernbohrungen durch die Zwischendecke vorgenommen, um den Lampenanschluss erreichen zu k\u00f6nnen. Ung\u00fcnstigerweise wurde zwei mal das falsche Zimmer durchl\u00f6chert. Beim dritten Versuch dann wurde zwar das richtige Zimmer gefunden, aber der Lampenanschluss konnte abermals nicht entdeckt werden.<\/p>\n<p>Ein eilig herbeigerufener Klempner (Jack Nicholson) sowie zwei Trockenbauer (Cameron Diaz, Jan Fedder) und ein Elektriker (John Goodman) waren ebenfalls nicht erfolgreich und erst als die Bundesregierung sich einschaltete und Angela Merkel (Gerard Depardieu) mit EU-Sanktionen gegen den Lampenanschluss drohte und der ehemalige Innenminister Friedrich (Schlagzeuger der Flippers) eine weitere Aff\u00e4re witterte&#8230;<\/p>\n<p>&#8230;wachte ich schwei\u00dfgebadet auf! Alles war nur ein Traum. Mir fiel wieder ein, wie es wirklich war:<\/p>\n<p>Durch das Loch eines Einbauspots machte ich mit dem Handy einen Film von \u00fcber-der-Decke und entdeckte dabei die Klappdeckelsteckdose in der Mitte des Raumes. An dieser Stelle wurde mit einer Lochs\u00e4ge ein dekoratives Loch ges\u00e4gt (60mm) und dann mit einem Zugdraht die neue Trafo-Zuleitung von der Lampe zu diesem Loch gezogen. Mit einer <del>Spitzzange<\/del> Grillzange wurde der Schuko-Stecker in die Steckdose gesteckt, der Trafo und die Lampen angeschlossen und siehe da: es ward Licht. Und jetzt kommt der hei\u00dfe Tip: Auf das Loch kommt sp\u00e4ter ein Rauchmelder \ud83d\ude42<\/p>\n<p><a href=\"https:\/\/i1.wp.com\/www.dannwollenwirmal.de\/wp-content\/uploads\/2014\/04\/balken3.jpg\"><img data-attachment-id=\"419\" data-permalink=\"http:\/\/www.dannwollenwirmal.de\/?attachment_id=419#main\" data-orig-file=\"https:\/\/i1.wp.com\/www.dannwollenwirmal.de\/wp-content\/uploads\/2014\/04\/balken3.jpg?fit=489%2C652\" data-orig-size=\"489,652\" data-comments-opened=\"1\" data-image-meta=\"{&quot;aperture&quot;:&quot;0&quot;,&quot;credit&quot;:&quot;&quot;,&quot;camera&quot;:&quot;&quot;,&quot;caption&quot;:&quot;&quot;,&quot;created_timestamp&quot;:&quot;0&quot;,&quot;copyright&quot;:&quot;&quot;,&quot;focal_length&quot;:&quot;0&quot;,&quot;iso&quot;:&quot;0&quot;,&quot;shutter_speed&quot;:&quot;0&quot;,&quot;title&quot;:&quot;&quot;}\" data-image-title=\"balken3\" data-image-description=\"&lt;p&gt;Baufortschritt Trockenbau&lt;\/p&gt;\n\" data-image-caption=\"\" data-medium-file=\"https:\/\/i1.wp.com\/www.dannwollenwirmal.de\/wp-content\/uploads\/2014\/04\/balken3.jpg?fit=225%2C300\" data-large-file=\"https:\/\/i1.wp.com\/www.dannwollenwirmal.de\/wp-content\/uploads\/2014\/04\/balken3.jpg?fit=489%2C652\" loading=\"lazy\" class=\"alignnone size-full wp-image-419\" alt=\"Baufortschritt\" src=\"https:\/\/i1.wp.com\/www.dannwollenwirmal.de\/wp-content\/uploads\/2014\/04\/balken3.jpg?resize=489%2C652\" width=\"489\" height=\"652\" srcset=\"https:\/\/i1.wp.com\/www.dannwollenwirmal.de\/wp-content\/uploads\/2014\/04\/balken3.jpg?w=489 489w, https:\/\/i1.wp.com\/www.dannwollenwirmal.de\/wp-content\/uploads\/2014\/04\/balken3.jpg?resize=225%2C300 225w\" sizes=\"(max-width: 489px) 100vw, 489px\" data-recalc-dims=\"1\" \/><\/a><br \/>\n<em>So sieht das aus-Baufortschritt<\/em><\/p>\n<p>Ich wei\u00df gar nicht, welche Version des Drehbuchs mir besser gef\u00e4llt&#8230; Oben auf dem Dachboden sieht es jetzt so aus wie im Bild, die Schr\u00e4gen und Dachfenster des ersten Raumes sind beplankt und auch die Decke ist fertig. Heute widmete ich mich meinen &#8218;Problemkind&#8216;, n\u00e4mlich die Einkleidung eines schr\u00e4gen Balkens im Eingangsbereich. Dort m\u00f6chte ich den Balken sichtbar lassen, erstens weil es sicher h\u00fcbsch aussieht und zweitens weil an dieser Eingangs-Schr\u00e4ge ohnehin schon wenig Kopffreiheit herrscht und ich davon nicht noch mehr wegnehmen m\u00f6chte. Die Aufgabe war also nun, eine Rigipsplatte direkt an den Balken anschlie\u00dfen zu lassen, Profile scheiden wegen der Isolierung und mangelndem Unterbau aus.<\/p>\n<p><a href=\"https:\/\/i0.wp.com\/www.dannwollenwirmal.de\/wp-content\/uploads\/2014\/04\/balken1.jpg\"><img data-attachment-id=\"420\" data-permalink=\"http:\/\/www.dannwollenwirmal.de\/?attachment_id=420#main\" data-orig-file=\"https:\/\/i0.wp.com\/www.dannwollenwirmal.de\/wp-content\/uploads\/2014\/04\/balken1.jpg?fit=652%2C489\" data-orig-size=\"652,489\" data-comments-opened=\"1\" data-image-meta=\"{&quot;aperture&quot;:&quot;2.4&quot;,&quot;credit&quot;:&quot;&quot;,&quot;camera&quot;:&quot;iPhone 5&quot;,&quot;caption&quot;:&quot;&quot;,&quot;created_timestamp&quot;:&quot;1396963197&quot;,&quot;copyright&quot;:&quot;&quot;,&quot;focal_length&quot;:&quot;4.13&quot;,&quot;iso&quot;:&quot;320&quot;,&quot;shutter_speed&quot;:&quot;0.05&quot;,&quot;title&quot;:&quot;&quot;}\" data-image-title=\"balken1\" data-image-description=\"&lt;p&gt;Quadratstab&lt;\/p&gt;\n\" data-image-caption=\"\" data-medium-file=\"https:\/\/i0.wp.com\/www.dannwollenwirmal.de\/wp-content\/uploads\/2014\/04\/balken1.jpg?fit=300%2C225\" data-large-file=\"https:\/\/i0.wp.com\/www.dannwollenwirmal.de\/wp-content\/uploads\/2014\/04\/balken1.jpg?fit=652%2C489\" loading=\"lazy\" class=\"alignnone size-full wp-image-420\" alt=\"Quadratstab\" src=\"https:\/\/i0.wp.com\/www.dannwollenwirmal.de\/wp-content\/uploads\/2014\/04\/balken1.jpg?resize=652%2C489\" width=\"652\" height=\"489\" srcset=\"https:\/\/i0.wp.com\/www.dannwollenwirmal.de\/wp-content\/uploads\/2014\/04\/balken1.jpg?w=652 652w, https:\/\/i0.wp.com\/www.dannwollenwirmal.de\/wp-content\/uploads\/2014\/04\/balken1.jpg?resize=300%2C225 300w\" sizes=\"(max-width: 652px) 100vw, 652px\" data-recalc-dims=\"1\" \/><\/a><br \/>\n<em>L\u00f6sung: Quadratstab<\/em><\/p>\n<p>Ich habe mir also einen Quadratstab 14x14mm besorgt und diesen seitlich an den Sichtbalken geschraubt. Wichtig ist dabei vorbohren, weil der Stab sonst sicher schnell durch die Schrauben gespalten wird. Die Gr\u00f6\u00dfe des Vorbohren richtet sich \u00fcbrigens immer nach der &#8218;Seele&#8216; der Schraube, hat mir mal ein Tischler erkl\u00e4rt. Wenn man&#8217;s also genau haben will, misst man mit dem Me\u00dfschieber zwischen zwei Gewindeg\u00e4ngen\u00a0 und hat dann die Gr\u00f6\u00dfe des Bohrers.<br \/>\nDer Quadratstab ist so befestigt, dass die GK-Platte sp\u00e4ter mit dem Balken abschlie\u00dft, also gut 12,5mm von der Balkenkante aus.<\/p>\n<p><a href=\"https:\/\/i2.wp.com\/www.dannwollenwirmal.de\/wp-content\/uploads\/2014\/04\/balken2.jpeg\"><img data-attachment-id=\"421\" data-permalink=\"http:\/\/www.dannwollenwirmal.de\/?attachment_id=421#main\" data-orig-file=\"https:\/\/i2.wp.com\/www.dannwollenwirmal.de\/wp-content\/uploads\/2014\/04\/balken2.jpeg?fit=652%2C489\" data-orig-size=\"652,489\" data-comments-opened=\"1\" data-image-meta=\"{&quot;aperture&quot;:&quot;2.4&quot;,&quot;credit&quot;:&quot;&quot;,&quot;camera&quot;:&quot;iPhone 5&quot;,&quot;caption&quot;:&quot;&quot;,&quot;created_timestamp&quot;:&quot;1396964013&quot;,&quot;copyright&quot;:&quot;&quot;,&quot;focal_length&quot;:&quot;4.13&quot;,&quot;iso&quot;:&quot;400&quot;,&quot;shutter_speed&quot;:&quot;0.066666666666667&quot;,&quot;title&quot;:&quot;&quot;}\" data-image-title=\"balken2\" data-image-description=\"&lt;p&gt;Trockenbau Balken&lt;\/p&gt;\n\" data-image-caption=\"\" data-medium-file=\"https:\/\/i2.wp.com\/www.dannwollenwirmal.de\/wp-content\/uploads\/2014\/04\/balken2.jpeg?fit=300%2C225\" data-large-file=\"https:\/\/i2.wp.com\/www.dannwollenwirmal.de\/wp-content\/uploads\/2014\/04\/balken2.jpeg?fit=652%2C489\" loading=\"lazy\" class=\"alignnone size-full wp-image-421\" alt=\"Trockenbau Balken\" src=\"https:\/\/i2.wp.com\/www.dannwollenwirmal.de\/wp-content\/uploads\/2014\/04\/balken2.jpeg?resize=652%2C489\" width=\"652\" height=\"489\" srcset=\"https:\/\/i2.wp.com\/www.dannwollenwirmal.de\/wp-content\/uploads\/2014\/04\/balken2.jpeg?w=652 652w, https:\/\/i2.wp.com\/www.dannwollenwirmal.de\/wp-content\/uploads\/2014\/04\/balken2.jpeg?resize=300%2C225 300w\" sizes=\"(max-width: 652px) 100vw, 652px\" data-recalc-dims=\"1\" \/><\/a><br \/>\n<em>Fertig aufgeschraubte Platte<\/em><\/p>\n<p>Die zugeschnittene Platte wurde dann am Profil (links) und am Quadratstab (rechts) aufgeschraubt. F\u00fcr das Befestigen auf Holz ben\u00f6tigt man die Trockenbauschrauben mit Grobgewinde. Da hier sehr nah am Rand der Platte verschraubt wird, habe ich den Akkuschrauber nur f\u00fcr&#8217;s &#8218;Grobe&#8216; benutzt und die letzten Drehungen mit der Hand gemacht, damit der Plattenrand nicht ausbricht.<br \/>\nDie verschraubte Platte wurde dann mit der S\u00e4ge und Hobel noch an die Schr\u00e4ge angepasst (also von vornherein etwas breiter lassen) und wird beim Spachteln noch eine Eckschiene erhalten. Da bin ich mal gespannt, wie das nachher wirkt, wenn&#8217;s ganz fertig ist &#8211; &#8222;warte ab, wenn erstmal Farbe drauf ist!&#8220;<\/p>\n<p>Ich gehe jetzt noch ein paar Drehb\u00fccher schreiben&#8230;<\/p>\n<p>&nbsp;<\/p>\n<p>&nbsp;<\/p>\n<div class=\"sharedaddy sd-sharing-enabled\"><div class=\"robots-nocontent sd-block sd-social sd-social-icon-text sd-sharing\"><h3 class=\"sd-title\">Teilen mit:<\/h3><div class=\"sd-content\"><ul><li class=\"share-email\"><a rel=\"nofollow noopener noreferrer\" data-shared=\"\" class=\"share-email sd-button share-icon\" href=\"http:\/\/www.dannwollenwirmal.de\/?p=416&amp;share=email\" target=\"_blank\" title=\"Klick, um dies einem Freund per E-Mail zu senden\"><span>E-Mail<\/span><\/a><\/li><li class=\"share-print\"><a rel=\"nofollow noopener noreferrer\" data-shared=\"\" class=\"share-print sd-button share-icon\" href=\"http:\/\/www.dannwollenwirmal.de\/?p=416\" target=\"_blank\" title=\"Klicken zum Ausdrucken\"><span>Drucken<\/span><\/a><\/li><li class=\"share-facebook\"><a rel=\"nofollow noopener noreferrer\" data-shared=\"sharing-facebook-416\" class=\"share-facebook sd-button share-icon\" href=\"http:\/\/www.dannwollenwirmal.de\/?p=416&amp;share=facebook\" target=\"_blank\" title=\"Klick, um auf Facebook zu teilen\"><span>Facebook<\/span><\/a><\/li><li class=\"share-twitter\"><a rel=\"nofollow noopener noreferrer\" data-shared=\"sharing-twitter-416\" class=\"share-twitter sd-button share-icon\" href=\"http:\/\/www.dannwollenwirmal.de\/?p=416&amp;share=twitter\" target=\"_blank\" title=\"Klick, um \u00fcber Twitter zu teilen\"><span>Twitter<\/span><\/a><\/li><li class=\"share-pinterest\"><a rel=\"nofollow noopener noreferrer\" data-shared=\"sharing-pinterest-416\" class=\"share-pinterest sd-button share-icon\" href=\"http:\/\/www.dannwollenwirmal.de\/?p=416&amp;share=pinterest\" target=\"_blank\" title=\"Klick, um auf Pinterest zu teilen\"><span>Pinterest<\/span><\/a><\/li><li class=\"share-linkedin\"><a rel=\"nofollow noopener noreferrer\" data-shared=\"sharing-linkedin-416\" class=\"share-linkedin sd-button share-icon\" href=\"http:\/\/www.dannwollenwirmal.de\/?p=416&amp;share=linkedin\" target=\"_blank\" title=\"Klick, um auf LinkedIn zu teilen\"><span>LinkedIn<\/span><\/a><\/li><li class=\"share-end\"><\/li><\/ul><\/div><\/div><\/div>","protected":false},"excerpt":{"rendered":"<p>Also, die dramatische Geschichte vom letzten Mal ging wie folgt zuende: Auf der Suche nach dem Lampenanschluss unter der abgeh\u00e4ngten Decke wurden auf der gesamten Decke 30 cm breite Schlitze gefr\u00e4st, und zwar zwei Schlitze pro Meter, und zwar in beide Richtungen. Die so schachbrettartig umgestaltete Decke wurde daraufhin nach dem Lampenanschluss abgesucht, dieser konnte [&hellip;]<\/p>\n<div class=\"sharedaddy sd-sharing-enabled\"><div class=\"robots-nocontent sd-block sd-social sd-social-icon-text sd-sharing\"><h3 class=\"sd-title\">Teilen mit:<\/h3><div class=\"sd-content\"><ul><li class=\"share-email\"><a rel=\"nofollow noopener noreferrer\" data-shared=\"\" class=\"share-email sd-button share-icon\" href=\"http:\/\/www.dannwollenwirmal.de\/?p=416&amp;share=email\" target=\"_blank\" title=\"Klick, um dies einem Freund per E-Mail zu senden\"><span>E-Mail<\/span><\/a><\/li><li class=\"share-print\"><a rel=\"nofollow noopener noreferrer\" data-shared=\"\" class=\"share-print sd-button share-icon\" href=\"http:\/\/www.dannwollenwirmal.de\/?p=416\" target=\"_blank\" title=\"Klicken zum Ausdrucken\"><span>Drucken<\/span><\/a><\/li><li class=\"share-facebook\"><a rel=\"nofollow noopener noreferrer\" data-shared=\"sharing-facebook-416\" class=\"share-facebook sd-button share-icon\" href=\"http:\/\/www.dannwollenwirmal.de\/?p=416&amp;share=facebook\" target=\"_blank\" title=\"Klick, um auf Facebook zu teilen\"><span>Facebook<\/span><\/a><\/li><li class=\"share-twitter\"><a rel=\"nofollow noopener noreferrer\" data-shared=\"sharing-twitter-416\" class=\"share-twitter sd-button share-icon\" href=\"http:\/\/www.dannwollenwirmal.de\/?p=416&amp;share=twitter\" target=\"_blank\" title=\"Klick, um \u00fcber Twitter zu teilen\"><span>Twitter<\/span><\/a><\/li><li class=\"share-pinterest\"><a rel=\"nofollow noopener noreferrer\" data-shared=\"sharing-pinterest-416\" class=\"share-pinterest sd-button share-icon\" href=\"http:\/\/www.dannwollenwirmal.de\/?p=416&amp;share=pinterest\" target=\"_blank\" title=\"Klick, um auf Pinterest zu teilen\"><span>Pinterest<\/span><\/a><\/li><li class=\"share-linkedin\"><a rel=\"nofollow noopener noreferrer\" data-shared=\"sharing-linkedin-416\" class=\"share-linkedin sd-button share-icon\" href=\"http:\/\/www.dannwollenwirmal.de\/?p=416&amp;share=linkedin\" target=\"_blank\" title=\"Klick, um auf LinkedIn zu teilen\"><span>LinkedIn<\/span><\/a><\/li><li class=\"share-end\"><\/li><\/ul><\/div><\/div><\/div>","protected":false},"author":1,"featured_media":0,"comment_status":"open","ping_status":"open","sticky":false,"template":"","format":"standard","meta":{"advanced_seo_description":"","spay_email":"","jetpack_publicize_message":"","jetpack_is_tweetstorm":false,"jetpack_publicize_feature_enabled":true},"categories":[1,327,72,62],"tags":[114,113],"jetpack_featured_media_url":"","jetpack_publicize_connections":[],"jetpack_shortlink":"https:\/\/wp.me\/p3WtlO-6I","jetpack_sharing_enabled":true,"jetpack-related-posts":[{"id":218,"url":"http:\/\/www.dannwollenwirmal.de\/?p=218","url_meta":{"origin":416,"position":0},"title":"Badrenovierung, Teil 1","date":"26. November 2013","format":false,"excerpt":"Wie versprochen starte ich heute mit meinem Ausflug in die B\u00e4derwelt. Die Arbeiten liegen nun schon zwei Jahre zur\u00fcck und meine Erinnerungen sind etwas l\u00fcckenhaft, aber ich glaube anhand der Fotos kriege ich es noch zusammen. Damit alle wissen, worum es geht, hier erstmal der klassische vorher-nachher-Vergleich: vorher... nachher. Vergr\u00f6\u00dferung\u2026","rel":"","context":"In &quot;Allgemein&quot;","img":{"alt_text":"","src":"https:\/\/i0.wp.com\/www.dannwollenwirmal.de\/wp-content\/uploads\/2013\/11\/trockenb.jpg?resize=350%2C200","width":350,"height":200},"classes":[]},{"id":450,"url":"http:\/\/www.dannwollenwirmal.de\/?p=450","url_meta":{"origin":416,"position":1},"title":"Drei Sachen wollte ich erz\u00e4hlen:","date":"3. Mai 2014","format":false,"excerpt":"Mein lieber Herr Gesangsverein, da habe ich aber einiges geschafft heute! Da werd ich mir aber mal auf die Schulter klopfen. Zuerst habe ich den Drempel in Raum 1 fertiggestellt. Der wollte mich ein bi\u00dfchen \u00e4rgern und einfach nicht senkrecht werden. Ich habe mir dann zur Hilfe eine passende Dachlatte\u2026","rel":"","context":"In &quot;Allgemein&quot;","img":{"alt_text":"Trockenbau Decke Balken","src":"https:\/\/i1.wp.com\/www.dannwollenwirmal.de\/wp-content\/uploads\/2014\/05\/deckezwei.jpg?resize=350%2C200","width":350,"height":200},"classes":[]},{"id":404,"url":"http:\/\/www.dannwollenwirmal.de\/?p=404","url_meta":{"origin":416,"position":2},"title":"Ooops&#8230;!","date":"30. M\u00e4rz 2014","format":false,"excerpt":"Aus der Reihe \"Heimwerker-Anekdoten\": Meine n\u00e4heren Verwandten hatten im Wohnzimmer (abgeh\u00e4ngte Decke) drei LED-Einbauspots der ersten Generation, \u00fcber die man sich schon seit Anbeginn \u00e4rgerte (Helligkeitsstufe Gl\u00fchw\u00fcrmchen und Lichtfarbe Leichenhaus) und die nun auch gar nicht mehr funktionierten. Ich habe gro\u00dfspurig angeboten, diese auszutauschen. Wir besorgten Neue und durch das\u2026","rel":"","context":"In &quot;Allgemein&quot;","img":{"alt_text":"","src":"https:\/\/i2.wp.com\/www.dannwollenwirmal.de\/wp-content\/uploads\/2014\/03\/nord6.jpg?resize=350%2C200","width":350,"height":200},"classes":[]},{"id":1637,"url":"http:\/\/www.dannwollenwirmal.de\/?p=1637","url_meta":{"origin":416,"position":3},"title":"Tapeten-Raclette","date":"2. Oktober 2016","format":false,"excerpt":"Munter geht es weiter mit der Deckenabh\u00e4ngung, und auch das n\u00e4chste Deckenprojekt steht schon in den Startl\u00f6chern. Muss wohl irgendwie Mode sein! Die ersten anderthalb R\u00e4ume sind schon beplankt, n\u00e4chste Woche geht es dann mit dem gr\u00f6\u00dften Raum weiter. Ich bin im Moment zeitlich im Hauptberuf etwas eingebunden, daher geht\u2026","rel":"","context":"In &quot;Allgemein&quot;","img":{"alt_text":"","src":"https:\/\/i2.wp.com\/www.dannwollenwirmal.de\/wp-content\/uploads\/2016\/10\/IMG_4832.jpg?resize=350%2C200","width":350,"height":200},"classes":[]},{"id":376,"url":"http:\/\/www.dannwollenwirmal.de\/?p=376","url_meta":{"origin":416,"position":4},"title":"Die Wand","date":"8. M\u00e4rz 2014","format":false,"excerpt":"Da sich sicherlich viele fragen wie die Geschichte vom letzten mal ausgegangen ist: nach wenigen Minuten erhielt ich einen R\u00fcckruf, und am n\u00e4chsten morgen war ein Leymann-Mitarbeiter bei mir, der mir half, die falschen Profile runter- und die neuen hochzutragen. Das nenne ich Service! Man stelle sich das Ganze an\u2026","rel":"","context":"In &quot;Allgemein&quot;","img":{"alt_text":"T\u00fcrsturz Trockenbau","src":"https:\/\/i2.wp.com\/www.dannwollenwirmal.de\/wp-content\/uploads\/2014\/03\/wand4.jpg?resize=350%2C200","width":350,"height":200},"classes":[]},{"id":885,"url":"http:\/\/www.dannwollenwirmal.de\/?p=885","url_meta":{"origin":416,"position":5},"title":"Nasszellentrockenbau","date":"8. M\u00e4rz 2015","format":false,"excerpt":"Heiter geht es weiter im Badezimmer der Tr\u00e4ume. Nachdem beim letzten mal die W\u00e4nde und Fliesen entfernt und die Au\u00dfenw\u00e4nde verputzt wurden, geht es nun an den Trockenbau. Es sollte eine neue Trennwand mit T\u00fcr\u00f6ffnung installiert werden, au\u00dferdem hat man sich entschlossen, die Decke abzuh\u00e4ngen. Die Decke h\u00e4tte ich ehrlicherweise\u2026","rel":"","context":"In &quot;Allgemein&quot;","img":{"alt_text":"","src":"https:\/\/i1.wp.com\/www.dannwollenwirmal.de\/wp-content\/uploads\/2015\/03\/IMG_3293.jpg?resize=350%2C200","width":350,"height":200},"classes":[]}],"_links":{"self":[{"href":"http:\/\/www.dannwollenwirmal.de\/index.php?rest_route=\/wp\/v2\/posts\/416"}],"collection":[{"href":"http:\/\/www.dannwollenwirmal.de\/index.php?rest_route=\/wp\/v2\/posts"}],"about":[{"href":"http:\/\/www.dannwollenwirmal.de\/index.php?rest_route=\/wp\/v2\/types\/post"}],"author":[{"embeddable":true,"href":"http:\/\/www.dannwollenwirmal.de\/index.php?rest_route=\/wp\/v2\/users\/1"}],"replies":[{"embeddable":true,"href":"http:\/\/www.dannwollenwirmal.de\/index.php?rest_route=%2Fwp%2Fv2%2Fcomments&post=416"}],"version-history":[{"count":4,"href":"http:\/\/www.dannwollenwirmal.de\/index.php?rest_route=\/wp\/v2\/posts\/416\/revisions"}],"predecessor-version":[{"id":424,"href":"http:\/\/www.dannwollenwirmal.de\/index.php?rest_route=\/wp\/v2\/posts\/416\/revisions\/424"}],"wp:attachment":[{"href":"http:\/\/www.dannwollenwirmal.de\/index.php?rest_route=%2Fwp%2Fv2%2Fmedia&parent=416"}],"wp:term":[{"taxonomy":"category","embeddable":true,"href":"http:\/\/www.dannwollenwirmal.de\/index.php?rest_route=%2Fwp%2Fv2%2Fcategories&post=416"},{"taxonomy":"post_tag","embeddable":true,"href":"http:\/\/www.dannwollenwirmal.de\/index.php?rest_route=%2Fwp%2Fv2%2Ftags&post=416"}],"curies":[{"name":"wp","href":"https:\/\/api.w.org\/{rel}","templated":true}]}}