{"id":388,"date":"2014-03-18T21:51:28","date_gmt":"2014-03-18T20:51:28","guid":{"rendered":"http:\/\/www.dannwollenwirmal.de\/?p=388"},"modified":"2016-01-15T20:12:47","modified_gmt":"2016-01-15T19:12:47","slug":"einen-am-kopp","status":"publish","type":"post","link":"http:\/\/www.dannwollenwirmal.de\/?p=388","title":{"rendered":"Einen am Kopp."},"content":{"rendered":"<p>Beim Sehtest zum LKW-F\u00fchrerschein steckt man den Kopf in eine runde Schale, auf die Lichtpunkte projiziert werden (meine Mutter schl\u00e4ft dabei immer ein, stelle ich mir auch lustig vor). Dabei ist bereits vor einiger Zeit herausgekommen, dass mein oberes Gesichtsfeld eingeschr\u00e4nkt ist. Ich sehe dann vieles nicht, was \u00fcber mir passiert. Das hat wenig Folgen f\u00fcr den Stra\u00dfenverkehr, aber ich sto\u00dfe mir st\u00e4ndig irgendwo die Birne. Bei meiner Dachbodenbaustelle hat das noch eine andere Qualit\u00e4t, weil dort scharfkantige Profile sind; und siehe da: nach meiner letzten Blessur hat es mich nun wieder mal getroffen und ich trage eine neue, dekorative Narbe und habe nun beschlossen, <del>immer<\/del> <del>fast immer<\/del> <del>meistens<\/del> regelm\u00e4\u00dfig mit Helm dort zu arbeiten.<\/p>\n<p><a href=\"https:\/\/i2.wp.com\/www.dannwollenwirmal.de\/wp-content\/uploads\/2014\/03\/iso1.jpg\"><img data-attachment-id=\"393\" data-permalink=\"http:\/\/www.dannwollenwirmal.de\/?attachment_id=393#main\" data-orig-file=\"https:\/\/i2.wp.com\/www.dannwollenwirmal.de\/wp-content\/uploads\/2014\/03\/iso1.jpg?fit=652%2C489\" data-orig-size=\"652,489\" data-comments-opened=\"1\" data-image-meta=\"{&quot;aperture&quot;:&quot;0&quot;,&quot;credit&quot;:&quot;&quot;,&quot;camera&quot;:&quot;&quot;,&quot;caption&quot;:&quot;&quot;,&quot;created_timestamp&quot;:&quot;0&quot;,&quot;copyright&quot;:&quot;&quot;,&quot;focal_length&quot;:&quot;0&quot;,&quot;iso&quot;:&quot;0&quot;,&quot;shutter_speed&quot;:&quot;0&quot;,&quot;title&quot;:&quot;&quot;}\" data-image-title=\"iso1\" data-image-description=\"&lt;p&gt;Dachboden Isolation 40mm&lt;\/p&gt;\n\" data-image-caption=\"\" data-medium-file=\"https:\/\/i2.wp.com\/www.dannwollenwirmal.de\/wp-content\/uploads\/2014\/03\/iso1.jpg?fit=300%2C225\" data-large-file=\"https:\/\/i2.wp.com\/www.dannwollenwirmal.de\/wp-content\/uploads\/2014\/03\/iso1.jpg?fit=652%2C489\" loading=\"lazy\" class=\"alignnone size-full wp-image-393\" alt=\"Dachboden Isolation 40mm\" src=\"https:\/\/i2.wp.com\/www.dannwollenwirmal.de\/wp-content\/uploads\/2014\/03\/iso1.jpg?resize=652%2C489\" width=\"652\" height=\"489\" srcset=\"https:\/\/i2.wp.com\/www.dannwollenwirmal.de\/wp-content\/uploads\/2014\/03\/iso1.jpg?w=652 652w, https:\/\/i2.wp.com\/www.dannwollenwirmal.de\/wp-content\/uploads\/2014\/03\/iso1.jpg?resize=300%2C225 300w\" sizes=\"(max-width: 652px) 100vw, 652px\" data-recalc-dims=\"1\" \/><\/a><br \/>\n<em>Trotz am Kopp: noch ganz dicht.<\/em><\/p>\n<p>W\u00e4hrenddessen habe ich die letzte Isolierungsschicht abgeschlossen; zwischen bzw. hinter die Metallprofile an der Decke und den Schr\u00e4gen gibt es nun noch eine Schicht Steinwolle &#8222;Trennwandplatte&#8220; in 40mm St\u00e4rke, um auch die letzten K\u00e4ltbr\u00fccken der Sparren abzudecken, im U-Wert noch &#8217;ne Schippe draufzulegen und auch im Winter dort oben zu schwitzen. Ohne Heizung! Die Heizung muss man dank der astronomisch dimensionierten Isolationsschicht nur einschalten, wenn uns ein sibirischer Sturm heimsucht oder das ganze Haus wegen einer Erdplattenverschiebung in Richtung Nordpol abdriftet.<\/p>\n<p><a href=\"https:\/\/i1.wp.com\/www.dannwollenwirmal.de\/wp-content\/uploads\/2014\/03\/iso2.jpg\"><img data-attachment-id=\"394\" data-permalink=\"http:\/\/www.dannwollenwirmal.de\/?attachment_id=394#main\" data-orig-file=\"https:\/\/i1.wp.com\/www.dannwollenwirmal.de\/wp-content\/uploads\/2014\/03\/iso2.jpg?fit=652%2C489\" data-orig-size=\"652,489\" data-comments-opened=\"1\" data-image-meta=\"{&quot;aperture&quot;:&quot;0&quot;,&quot;credit&quot;:&quot;&quot;,&quot;camera&quot;:&quot;&quot;,&quot;caption&quot;:&quot;&quot;,&quot;created_timestamp&quot;:&quot;0&quot;,&quot;copyright&quot;:&quot;&quot;,&quot;focal_length&quot;:&quot;0&quot;,&quot;iso&quot;:&quot;0&quot;,&quot;shutter_speed&quot;:&quot;0&quot;,&quot;title&quot;:&quot;&quot;}\" data-image-title=\"iso2\" data-image-description=\"&lt;p&gt;Rigips Profil&lt;\/p&gt;\n\" data-image-caption=\"\" data-medium-file=\"https:\/\/i1.wp.com\/www.dannwollenwirmal.de\/wp-content\/uploads\/2014\/03\/iso2.jpg?fit=300%2C225\" data-large-file=\"https:\/\/i1.wp.com\/www.dannwollenwirmal.de\/wp-content\/uploads\/2014\/03\/iso2.jpg?fit=652%2C489\" loading=\"lazy\" class=\"alignnone size-full wp-image-394\" alt=\"Rigips Profil\" src=\"https:\/\/i1.wp.com\/www.dannwollenwirmal.de\/wp-content\/uploads\/2014\/03\/iso2.jpg?resize=652%2C489\" width=\"652\" height=\"489\" srcset=\"https:\/\/i1.wp.com\/www.dannwollenwirmal.de\/wp-content\/uploads\/2014\/03\/iso2.jpg?w=652 652w, https:\/\/i1.wp.com\/www.dannwollenwirmal.de\/wp-content\/uploads\/2014\/03\/iso2.jpg?resize=300%2C225 300w\" sizes=\"(max-width: 652px) 100vw, 652px\" data-recalc-dims=\"1\" \/><\/a><br \/>\n<em>Und die ersten Platten sind dran, hurra!<\/em><\/p>\n<p>Ich bin froh, dass ich auch die Steinwolle geschafft habe, wobei sie gef\u00fchlt etwas &#8222;angenehmer&#8220; ist als Glaswolle. Obwohl, eigentlich egal. Pest und Cholera. Hausfrauentip: Nach dem Kontakt mit Glas- bzw. Steinwolle, also wenn alles piekt und juckt, nicht warm duschen, sondern kalt, da sich durch das warme Wasser die Poren der Haut \u00f6ffnen und die stechenden Teilchen erst recht in die Haut kommen. Dort wandern sie dann umher, bauen Nester, legen Eier und schlie\u00dflich besteht man fast nur noch aus Glaswolle, ist aber daf\u00fcr gut isoliert und kommt sch\u00f6n warm \u00fcber&#8217;n Winter.<\/p>\n<p>&nbsp;<\/p>\n<p>&nbsp;<\/p>\n<div class=\"sharedaddy sd-sharing-enabled\"><div class=\"robots-nocontent sd-block sd-social sd-social-icon-text sd-sharing\"><h3 class=\"sd-title\">Teilen mit:<\/h3><div class=\"sd-content\"><ul><li class=\"share-email\"><a rel=\"nofollow noopener noreferrer\" data-shared=\"\" class=\"share-email sd-button share-icon\" href=\"http:\/\/www.dannwollenwirmal.de\/?p=388&amp;share=email\" target=\"_blank\" title=\"Klick, um dies einem Freund per E-Mail zu senden\"><span>E-Mail<\/span><\/a><\/li><li class=\"share-print\"><a rel=\"nofollow noopener noreferrer\" data-shared=\"\" class=\"share-print sd-button share-icon\" href=\"http:\/\/www.dannwollenwirmal.de\/?p=388\" target=\"_blank\" title=\"Klicken zum Ausdrucken\"><span>Drucken<\/span><\/a><\/li><li class=\"share-facebook\"><a rel=\"nofollow noopener noreferrer\" data-shared=\"sharing-facebook-388\" class=\"share-facebook sd-button share-icon\" href=\"http:\/\/www.dannwollenwirmal.de\/?p=388&amp;share=facebook\" target=\"_blank\" title=\"Klick, um auf Facebook zu teilen\"><span>Facebook<\/span><\/a><\/li><li class=\"share-twitter\"><a rel=\"nofollow noopener noreferrer\" data-shared=\"sharing-twitter-388\" class=\"share-twitter sd-button share-icon\" href=\"http:\/\/www.dannwollenwirmal.de\/?p=388&amp;share=twitter\" target=\"_blank\" title=\"Klick, um \u00fcber Twitter zu teilen\"><span>Twitter<\/span><\/a><\/li><li class=\"share-pinterest\"><a rel=\"nofollow noopener noreferrer\" data-shared=\"sharing-pinterest-388\" class=\"share-pinterest sd-button share-icon\" href=\"http:\/\/www.dannwollenwirmal.de\/?p=388&amp;share=pinterest\" target=\"_blank\" title=\"Klick, um auf Pinterest zu teilen\"><span>Pinterest<\/span><\/a><\/li><li class=\"share-linkedin\"><a rel=\"nofollow noopener noreferrer\" data-shared=\"sharing-linkedin-388\" class=\"share-linkedin sd-button share-icon\" href=\"http:\/\/www.dannwollenwirmal.de\/?p=388&amp;share=linkedin\" target=\"_blank\" title=\"Klick, um auf LinkedIn zu teilen\"><span>LinkedIn<\/span><\/a><\/li><li class=\"share-end\"><\/li><\/ul><\/div><\/div><\/div>","protected":false},"excerpt":{"rendered":"<p>Beim Sehtest zum LKW-F\u00fchrerschein steckt man den Kopf in eine runde Schale, auf die Lichtpunkte projiziert werden (meine Mutter schl\u00e4ft dabei immer ein, stelle ich mir auch lustig vor). Dabei ist bereits vor einiger Zeit herausgekommen, dass mein oberes Gesichtsfeld eingeschr\u00e4nkt ist. Ich sehe dann vieles nicht, was \u00fcber mir passiert. Das hat wenig Folgen [&hellip;]<\/p>\n<div class=\"sharedaddy sd-sharing-enabled\"><div class=\"robots-nocontent sd-block sd-social sd-social-icon-text sd-sharing\"><h3 class=\"sd-title\">Teilen mit:<\/h3><div class=\"sd-content\"><ul><li class=\"share-email\"><a rel=\"nofollow noopener noreferrer\" data-shared=\"\" class=\"share-email sd-button share-icon\" href=\"http:\/\/www.dannwollenwirmal.de\/?p=388&amp;share=email\" target=\"_blank\" title=\"Klick, um dies einem Freund per E-Mail zu senden\"><span>E-Mail<\/span><\/a><\/li><li class=\"share-print\"><a rel=\"nofollow noopener noreferrer\" data-shared=\"\" class=\"share-print sd-button share-icon\" href=\"http:\/\/www.dannwollenwirmal.de\/?p=388\" target=\"_blank\" title=\"Klicken zum Ausdrucken\"><span>Drucken<\/span><\/a><\/li><li class=\"share-facebook\"><a rel=\"nofollow noopener noreferrer\" data-shared=\"sharing-facebook-388\" class=\"share-facebook sd-button share-icon\" href=\"http:\/\/www.dannwollenwirmal.de\/?p=388&amp;share=facebook\" target=\"_blank\" title=\"Klick, um auf Facebook zu teilen\"><span>Facebook<\/span><\/a><\/li><li class=\"share-twitter\"><a rel=\"nofollow noopener noreferrer\" data-shared=\"sharing-twitter-388\" class=\"share-twitter sd-button share-icon\" href=\"http:\/\/www.dannwollenwirmal.de\/?p=388&amp;share=twitter\" target=\"_blank\" title=\"Klick, um \u00fcber Twitter zu teilen\"><span>Twitter<\/span><\/a><\/li><li class=\"share-pinterest\"><a rel=\"nofollow noopener noreferrer\" data-shared=\"sharing-pinterest-388\" class=\"share-pinterest sd-button share-icon\" href=\"http:\/\/www.dannwollenwirmal.de\/?p=388&amp;share=pinterest\" target=\"_blank\" title=\"Klick, um auf Pinterest zu teilen\"><span>Pinterest<\/span><\/a><\/li><li class=\"share-linkedin\"><a rel=\"nofollow noopener noreferrer\" data-shared=\"sharing-linkedin-388\" class=\"share-linkedin sd-button share-icon\" href=\"http:\/\/www.dannwollenwirmal.de\/?p=388&amp;share=linkedin\" target=\"_blank\" title=\"Klick, um auf LinkedIn zu teilen\"><span>LinkedIn<\/span><\/a><\/li><li class=\"share-end\"><\/li><\/ul><\/div><\/div><\/div>","protected":false},"author":1,"featured_media":0,"comment_status":"open","ping_status":"open","sticky":false,"template":"","format":"standard","meta":{"advanced_seo_description":"","spay_email":"","jetpack_publicize_message":"","jetpack_is_tweetstorm":false,"jetpack_publicize_feature_enabled":true},"categories":[1,21,331,72,62],"tags":[106,107],"jetpack_featured_media_url":"","jetpack_publicize_connections":[],"jetpack_shortlink":"https:\/\/wp.me\/p3WtlO-6g","jetpack_sharing_enabled":true,"jetpack-related-posts":[{"id":1459,"url":"http:\/\/www.dannwollenwirmal.de\/?p=1459","url_meta":{"origin":388,"position":0},"title":"Finale Grande","date":"24. April 2016","format":false,"excerpt":"Es ist vollbracht! Das Projekt Dach & Fassade ist gestern tats\u00e4chlich fertig gestellt worden. Wobei, so richtig fertig ist man ja nie, und so werde ich mich beispielsweise noch den Dachfenstern widmen m\u00fcssen, die jetzt durch die Konterlattung ein St\u00fcck h\u00f6her gekommen sind: Dachfenster: Spalt durch Konterlattung Aber das hat\u2026","rel":"","context":"In &quot;Allgemein&quot;","img":{"alt_text":"","src":"https:\/\/i2.wp.com\/www.dannwollenwirmal.de\/wp-content\/uploads\/2016\/04\/IMG_42871.jpg?resize=350%2C200","width":350,"height":200},"classes":[]},{"id":1434,"url":"http:\/\/www.dannwollenwirmal.de\/?p=1434","url_meta":{"origin":388,"position":1},"title":"T\u00fcrkis?!","date":"17. April 2016","format":false,"excerpt":"Was f\u00fcr eine Woche! Sanostol ist wohl auch aufputschend? Auf jeden Fall habe ich reichlich geschafft, denn mich ereilte leichte Panik, als die Dachdecker gro\u00dfspurig mitteilten, sie w\u00fcrden diese Woche fertig. Vor meinem inneren Auge sah ich mich schon am letzten Ger\u00fcststiel h\u00e4ngen und irgendwas pinseln, w\u00e4hrend die Ger\u00fcstbauer um\u2026","rel":"","context":"In &quot;Allgemein&quot;","img":{"alt_text":"","src":"https:\/\/i1.wp.com\/www.dannwollenwirmal.de\/wp-content\/uploads\/2016\/04\/IMG_4276.jpg?resize=350%2C200","width":350,"height":200},"classes":[]},{"id":1547,"url":"http:\/\/www.dannwollenwirmal.de\/?p=1547","url_meta":{"origin":388,"position":2},"title":"Boykott!","date":"10. Juli 2016","format":false,"excerpt":"Da gibt es ja wirklich einige Poolexperten in meiner Leserschaft; danke f\u00fcr Eure Tips! Ich habe den von Hans befolgt: Den Algenklitsch in den FP-100-Spr\u00fchvogel f\u00fcllen und dann den Schuppen in algengr\u00fcn t\u00fcnchen. Ja, ich mache dann Bilder. Naja, erstmal habe ich mir aber dann doch eine Tauchpumpe geliehen: Tauchpumpe\u2026","rel":"","context":"In &quot;Allgemein&quot;","img":{"alt_text":"","src":"https:\/\/i1.wp.com\/www.dannwollenwirmal.de\/wp-content\/uploads\/2016\/07\/IMG_4530.jpg?resize=350%2C200","width":350,"height":200},"classes":[]},{"id":1306,"url":"http:\/\/www.dannwollenwirmal.de\/?p=1306","url_meta":{"origin":388,"position":3},"title":"Astrein!","date":"24. Januar 2016","format":false,"excerpt":"Eigentlich w\u00e4re heute die Holzbalkendecke drangekommen. Und warum da eigentlich Nass-Estrich nichts drin zu suchen hat. Gerade, wo ich da neulich bein Bierchen dr\u00fcber diskutiert habe. Erstmal stellt man sich - oder ich mich - ja dann selbst in Frage. Ist das wirklich Gang und G\u00e4be? Habe ich da jetzt\u2026","rel":"","context":"In &quot;Allgemein&quot;","img":{"alt_text":"","src":"https:\/\/i2.wp.com\/www.dannwollenwirmal.de\/wp-content\/uploads\/2016\/01\/decke.jpg?resize=350%2C200","width":350,"height":200},"classes":[]},{"id":1405,"url":"http:\/\/www.dannwollenwirmal.de\/?p=1405","url_meta":{"origin":388,"position":4},"title":"Live vom Bauger\u00fcst","date":"27. M\u00e4rz 2016","format":false,"excerpt":"Ich muss mich heute etwas kurz fassen, denn erstens ist ja Ostersonntag und da hat sowieso kein Mensch Zeit, hier zu lesen vor lauter Eiersucherei (oder doch?), zweitens bin ich immer noch auf dem Bauger\u00fcst und habe die vergangene Nacht hier oben verputzend und reibend quasi durchgemacht. Gegen 1 Uhr\u2026","rel":"","context":"In &quot;Allgemein&quot;","img":{"alt_text":"","src":"https:\/\/i1.wp.com\/www.dannwollenwirmal.de\/wp-content\/uploads\/2016\/03\/IMG_4164.jpg?resize=350%2C200","width":350,"height":200},"classes":[]},{"id":823,"url":"http:\/\/www.dannwollenwirmal.de\/?p=823","url_meta":{"origin":388,"position":5},"title":"Wieder da!","date":"1. Februar 2015","format":false,"excerpt":"Das war aber auch ein Schreck! Der Server, auf dem dieser Blog ruht, hatte ein Datenproblem und daher war hier tagelang NICHTS zu sehen! Zusammen mit der \u00dcberschrift \"Schluss, Aus, Ende\" vom letzten mal dachten nun viele Leser, ich h\u00e4tte das Schreiben drangegeben und es kam zu Protesten vor unserem\u2026","rel":"","context":"In &quot;Allgemein&quot;","img":{"alt_text":"","src":"https:\/\/i1.wp.com\/www.dannwollenwirmal.de\/wp-content\/uploads\/2015\/02\/IMG_3271.jpg?resize=350%2C200","width":350,"height":200},"classes":[]}],"_links":{"self":[{"href":"http:\/\/www.dannwollenwirmal.de\/index.php?rest_route=\/wp\/v2\/posts\/388"}],"collection":[{"href":"http:\/\/www.dannwollenwirmal.de\/index.php?rest_route=\/wp\/v2\/posts"}],"about":[{"href":"http:\/\/www.dannwollenwirmal.de\/index.php?rest_route=\/wp\/v2\/types\/post"}],"author":[{"embeddable":true,"href":"http:\/\/www.dannwollenwirmal.de\/index.php?rest_route=\/wp\/v2\/users\/1"}],"replies":[{"embeddable":true,"href":"http:\/\/www.dannwollenwirmal.de\/index.php?rest_route=%2Fwp%2Fv2%2Fcomments&post=388"}],"version-history":[{"count":6,"href":"http:\/\/www.dannwollenwirmal.de\/index.php?rest_route=\/wp\/v2\/posts\/388\/revisions"}],"predecessor-version":[{"id":397,"href":"http:\/\/www.dannwollenwirmal.de\/index.php?rest_route=\/wp\/v2\/posts\/388\/revisions\/397"}],"wp:attachment":[{"href":"http:\/\/www.dannwollenwirmal.de\/index.php?rest_route=%2Fwp%2Fv2%2Fmedia&parent=388"}],"wp:term":[{"taxonomy":"category","embeddable":true,"href":"http:\/\/www.dannwollenwirmal.de\/index.php?rest_route=%2Fwp%2Fv2%2Fcategories&post=388"},{"taxonomy":"post_tag","embeddable":true,"href":"http:\/\/www.dannwollenwirmal.de\/index.php?rest_route=%2Fwp%2Fv2%2Ftags&post=388"}],"curies":[{"name":"wp","href":"https:\/\/api.w.org\/{rel}","templated":true}]}}