{"id":372,"date":"2014-03-04T16:57:53","date_gmt":"2014-03-04T15:57:53","guid":{"rendered":"http:\/\/www.dannwollenwirmal.de\/?p=372"},"modified":"2016-01-15T20:13:20","modified_gmt":"2016-01-15T19:13:20","slug":"der-kleine-unterschied","status":"publish","type":"post","link":"http:\/\/www.dannwollenwirmal.de\/?p=372","title":{"rendered":"Der kleine Unterschied"},"content":{"rendered":"<p>dannwollenwirmal&#8230;sehen, wie kundenorientiert der Baustoffh\u00e4ndler Leymann so ist. Ich wollte n\u00e4mlich heute mit der Trennwand anfangen und anstatt der daf\u00fcr ben\u00f6tigten UW-Profile zum Verschrauben an Boden und Decke wurden leider CW-Profile geliefert (au\u00dfer zwei St\u00fcck, die waren richtig, aber die restlichen 16 leider falsch). Der Unterschied ist klein, aber entscheidend:<\/p>\n<p><a href=\"https:\/\/i1.wp.com\/www.dannwollenwirmal.de\/wp-content\/uploads\/2014\/03\/uwcw.jpeg\"><img data-attachment-id=\"373\" data-permalink=\"http:\/\/www.dannwollenwirmal.de\/?attachment_id=373#main\" data-orig-file=\"https:\/\/i1.wp.com\/www.dannwollenwirmal.de\/wp-content\/uploads\/2014\/03\/uwcw.jpeg?fit=652%2C489\" data-orig-size=\"652,489\" data-comments-opened=\"1\" data-image-meta=\"{&quot;aperture&quot;:&quot;2.4&quot;,&quot;credit&quot;:&quot;&quot;,&quot;camera&quot;:&quot;iPhone 5&quot;,&quot;caption&quot;:&quot;&quot;,&quot;created_timestamp&quot;:&quot;1393948007&quot;,&quot;copyright&quot;:&quot;&quot;,&quot;focal_length&quot;:&quot;4.13&quot;,&quot;iso&quot;:&quot;64&quot;,&quot;shutter_speed&quot;:&quot;0.05&quot;,&quot;title&quot;:&quot;&quot;}\" data-image-title=\"uwcw\" data-image-description=\"&lt;p&gt;UW Profil, CW Profil&lt;\/p&gt;\n\" data-image-caption=\"\" data-medium-file=\"https:\/\/i1.wp.com\/www.dannwollenwirmal.de\/wp-content\/uploads\/2014\/03\/uwcw.jpeg?fit=300%2C225\" data-large-file=\"https:\/\/i1.wp.com\/www.dannwollenwirmal.de\/wp-content\/uploads\/2014\/03\/uwcw.jpeg?fit=652%2C489\" loading=\"lazy\" class=\"alignnone size-full wp-image-373\" alt=\"uwcw\" src=\"https:\/\/i1.wp.com\/www.dannwollenwirmal.de\/wp-content\/uploads\/2014\/03\/uwcw.jpeg?resize=652%2C489\" width=\"652\" height=\"489\" srcset=\"https:\/\/i1.wp.com\/www.dannwollenwirmal.de\/wp-content\/uploads\/2014\/03\/uwcw.jpeg?w=652 652w, https:\/\/i1.wp.com\/www.dannwollenwirmal.de\/wp-content\/uploads\/2014\/03\/uwcw.jpeg?resize=300%2C225 300w\" sizes=\"(max-width: 652px) 100vw, 652px\" data-recalc-dims=\"1\" \/><\/a><br \/>\n<em>oben: UW, unten: CW<\/em><\/p>\n<p>CW-Profile passen nicht in CW-Profile. Jedenfalls nicht ohne basteln und dr\u00fccken und mit Ausbeulen.<\/p>\n<p>Pikant ist nun, dass ich die beiden 4m langen B\u00fcndel weder alleine die Treppe runtertragen noch im Auto transportieren kann (4m durchs Schiebedach ist auch grenzwertig). Ich habe nun angerufen und man k\u00fcmmert sich-mal sehen was passiert. Die wissen ja nicht, dass ich dar\u00fcber blogge und der Vorgang nun gespannt von Millionen von Lesern verfolgt wird&#8230; \ud83d\ude09<\/p>\n<p>&nbsp;<\/p>\n<div class=\"sharedaddy sd-sharing-enabled\"><div class=\"robots-nocontent sd-block sd-social sd-social-icon-text sd-sharing\"><h3 class=\"sd-title\">Teilen mit:<\/h3><div class=\"sd-content\"><ul><li class=\"share-email\"><a rel=\"nofollow noopener noreferrer\" data-shared=\"\" class=\"share-email sd-button share-icon\" href=\"http:\/\/www.dannwollenwirmal.de\/?p=372&amp;share=email\" target=\"_blank\" title=\"Klick, um dies einem Freund per E-Mail zu senden\"><span>E-Mail<\/span><\/a><\/li><li class=\"share-print\"><a rel=\"nofollow noopener noreferrer\" data-shared=\"\" class=\"share-print sd-button share-icon\" href=\"http:\/\/www.dannwollenwirmal.de\/?p=372\" target=\"_blank\" title=\"Klicken zum Ausdrucken\"><span>Drucken<\/span><\/a><\/li><li class=\"share-facebook\"><a rel=\"nofollow noopener noreferrer\" data-shared=\"sharing-facebook-372\" class=\"share-facebook sd-button share-icon\" href=\"http:\/\/www.dannwollenwirmal.de\/?p=372&amp;share=facebook\" target=\"_blank\" title=\"Klick, um auf Facebook zu teilen\"><span>Facebook<\/span><\/a><\/li><li class=\"share-twitter\"><a rel=\"nofollow noopener noreferrer\" data-shared=\"sharing-twitter-372\" class=\"share-twitter sd-button share-icon\" href=\"http:\/\/www.dannwollenwirmal.de\/?p=372&amp;share=twitter\" target=\"_blank\" title=\"Klick, um \u00fcber Twitter zu teilen\"><span>Twitter<\/span><\/a><\/li><li class=\"share-pinterest\"><a rel=\"nofollow noopener noreferrer\" data-shared=\"sharing-pinterest-372\" class=\"share-pinterest sd-button share-icon\" href=\"http:\/\/www.dannwollenwirmal.de\/?p=372&amp;share=pinterest\" target=\"_blank\" title=\"Klick, um auf Pinterest zu teilen\"><span>Pinterest<\/span><\/a><\/li><li class=\"share-linkedin\"><a rel=\"nofollow noopener noreferrer\" data-shared=\"sharing-linkedin-372\" class=\"share-linkedin sd-button share-icon\" href=\"http:\/\/www.dannwollenwirmal.de\/?p=372&amp;share=linkedin\" target=\"_blank\" title=\"Klick, um auf LinkedIn zu teilen\"><span>LinkedIn<\/span><\/a><\/li><li class=\"share-end\"><\/li><\/ul><\/div><\/div><\/div>","protected":false},"excerpt":{"rendered":"<p>dannwollenwirmal&#8230;sehen, wie kundenorientiert der Baustoffh\u00e4ndler Leymann so ist. Ich wollte n\u00e4mlich heute mit der Trennwand anfangen und anstatt der daf\u00fcr ben\u00f6tigten UW-Profile zum Verschrauben an Boden und Decke wurden leider CW-Profile geliefert (au\u00dfer zwei St\u00fcck, die waren richtig, aber die restlichen 16 leider falsch). Der Unterschied ist klein, aber entscheidend: oben: UW, unten: CW CW-Profile [&hellip;]<\/p>\n<div class=\"sharedaddy sd-sharing-enabled\"><div class=\"robots-nocontent sd-block sd-social sd-social-icon-text sd-sharing\"><h3 class=\"sd-title\">Teilen mit:<\/h3><div class=\"sd-content\"><ul><li class=\"share-email\"><a rel=\"nofollow noopener noreferrer\" data-shared=\"\" class=\"share-email sd-button share-icon\" href=\"http:\/\/www.dannwollenwirmal.de\/?p=372&amp;share=email\" target=\"_blank\" title=\"Klick, um dies einem Freund per E-Mail zu senden\"><span>E-Mail<\/span><\/a><\/li><li class=\"share-print\"><a rel=\"nofollow noopener noreferrer\" data-shared=\"\" class=\"share-print sd-button share-icon\" href=\"http:\/\/www.dannwollenwirmal.de\/?p=372\" target=\"_blank\" title=\"Klicken zum Ausdrucken\"><span>Drucken<\/span><\/a><\/li><li class=\"share-facebook\"><a rel=\"nofollow noopener noreferrer\" data-shared=\"sharing-facebook-372\" class=\"share-facebook sd-button share-icon\" href=\"http:\/\/www.dannwollenwirmal.de\/?p=372&amp;share=facebook\" target=\"_blank\" title=\"Klick, um auf Facebook zu teilen\"><span>Facebook<\/span><\/a><\/li><li class=\"share-twitter\"><a rel=\"nofollow noopener noreferrer\" data-shared=\"sharing-twitter-372\" class=\"share-twitter sd-button share-icon\" href=\"http:\/\/www.dannwollenwirmal.de\/?p=372&amp;share=twitter\" target=\"_blank\" title=\"Klick, um \u00fcber Twitter zu teilen\"><span>Twitter<\/span><\/a><\/li><li class=\"share-pinterest\"><a rel=\"nofollow noopener noreferrer\" data-shared=\"sharing-pinterest-372\" class=\"share-pinterest sd-button share-icon\" href=\"http:\/\/www.dannwollenwirmal.de\/?p=372&amp;share=pinterest\" target=\"_blank\" title=\"Klick, um auf Pinterest zu teilen\"><span>Pinterest<\/span><\/a><\/li><li class=\"share-linkedin\"><a rel=\"nofollow noopener noreferrer\" data-shared=\"sharing-linkedin-372\" class=\"share-linkedin sd-button share-icon\" href=\"http:\/\/www.dannwollenwirmal.de\/?p=372&amp;share=linkedin\" target=\"_blank\" title=\"Klick, um auf LinkedIn zu teilen\"><span>LinkedIn<\/span><\/a><\/li><li class=\"share-end\"><\/li><\/ul><\/div><\/div><\/div>","protected":false},"author":1,"featured_media":0,"comment_status":"open","ping_status":"open","sticky":false,"template":"","format":"standard","meta":{"advanced_seo_description":"","spay_email":"","jetpack_publicize_message":"","jetpack_is_tweetstorm":false,"jetpack_publicize_feature_enabled":true},"categories":[1,327,62],"tags":[],"jetpack_featured_media_url":"","jetpack_publicize_connections":[],"jetpack_shortlink":"https:\/\/wp.me\/p3WtlO-60","jetpack_sharing_enabled":true,"jetpack-related-posts":[{"id":376,"url":"http:\/\/www.dannwollenwirmal.de\/?p=376","url_meta":{"origin":372,"position":0},"title":"Die Wand","date":"8. M\u00e4rz 2014","format":false,"excerpt":"Da sich sicherlich viele fragen wie die Geschichte vom letzten mal ausgegangen ist: nach wenigen Minuten erhielt ich einen R\u00fcckruf, und am n\u00e4chsten morgen war ein Leymann-Mitarbeiter bei mir, der mir half, die falschen Profile runter- und die neuen hochzutragen. Das nenne ich Service! Man stelle sich das Ganze an\u2026","rel":"","context":"In &quot;Allgemein&quot;","img":{"alt_text":"T\u00fcrsturz Trockenbau","src":"https:\/\/i2.wp.com\/www.dannwollenwirmal.de\/wp-content\/uploads\/2014\/03\/wand4.jpg?resize=350%2C200","width":350,"height":200},"classes":[]},{"id":1497,"url":"http:\/\/www.dannwollenwirmal.de\/?p=1497","url_meta":{"origin":372,"position":1},"title":"DaWandDa","date":"29. Mai 2016","format":false,"excerpt":"Vielen Dank f\u00fcr die zahlreichen Beitr\u00e4ge in Kommentaren, Mails und fernm\u00fcndlichen Konferenzen zur Erg\u00e4nzung des Heimwerkerlexikons vom letzten mal. Nach aktuellem Stand muss die Mumpe (oder auch Mompe?) noch etwas genauer definiert werden. Zudem fehlt, gerade mit meinem regionalen Bezug, die ostwestf\u00e4lische Ma\u00dfeinheit \"Tucken\" (\"Muss noch so'n Tucken nach links!\").\u2026","rel":"","context":"In &quot;Allgemein&quot;","img":{"alt_text":"","src":"https:\/\/i2.wp.com\/www.dannwollenwirmal.de\/wp-content\/uploads\/2016\/05\/IMG_4369.jpg?resize=350%2C200","width":350,"height":200},"classes":[]},{"id":1798,"url":"http:\/\/www.dannwollenwirmal.de\/?p=1798","url_meta":{"origin":372,"position":2},"title":"Hei\u00dfe Kurven","date":"12. Februar 2017","format":false,"excerpt":"W\u00e4hrend sich allm\u00e4hlich meine Schockstarre angesichts des Suchbegriffs der Woche \"fenster einfach mit bauschaum eingesetzt und angeputzt\" l\u00f6st, m\u00f6chte ich diese Woche auf vielfachen Wunsch erl\u00e4utern, wie der geschwungene Empfangstresen\u00a0 gebaut wird. Sicherlich gibt es so ein M\u00f6bel auch als Anfertigung vom Tischler, allerdings liegen bei dieser Variante die Kosten\u2026","rel":"","context":"In &quot;Allgemein&quot;","img":{"alt_text":"","src":"https:\/\/i1.wp.com\/www.dannwollenwirmal.de\/wp-content\/uploads\/2017\/02\/IMG_5113.jpg?resize=350%2C200","width":350,"height":200},"classes":[]},{"id":2094,"url":"http:\/\/www.dannwollenwirmal.de\/?p=2094","url_meta":{"origin":372,"position":3},"title":"Von Schalen, W\u00e4nden und Taschen","date":"19. November 2017","format":false,"excerpt":"Der Suchbegriff der Woche \"steinwolle juckt nicht\" hat mich nur ganz kurz gr\u00fcbeln lassen, nein, tut mir leid, daf\u00fcr habe ich jetzt auch keine L\u00f6sung parat. Schon \u00e4rgerlich, wenn die so gar nicht juckt? Da stellt man sich drauf ein und dann passiert nix. Schlimm sowas. Ich habe diese Woche\u2026","rel":"","context":"In &quot;Allgemein&quot;","img":{"alt_text":"","src":"https:\/\/i0.wp.com\/www.dannwollenwirmal.de\/wp-content\/uploads\/2017\/11\/IMG_5916.jpg?resize=350%2C200","width":350,"height":200},"classes":[]},{"id":1803,"url":"http:\/\/www.dannwollenwirmal.de\/?p=1803","url_meta":{"origin":372,"position":4},"title":"Wand- und Bodenturnen","date":"19. Februar 2017","format":false,"excerpt":"Munter geht es weiter auf dem Gro\u00dfprojekt \"Umbau einer Lagerhalle\". Diese Woche standen als Bauabschnitte unter anderem die Einhausung des Gasanschlusses an. Aus dem Boden neben der zuk\u00fcnftigen Werkstatt-Ecke kommt n\u00e4mlich ein grotesk gro\u00dfes Gasrohr aus dem Boden, das in allerlei Schiebern, R\u00e4dern und Gasz\u00e4hlern endet. Der Gedanke, dass jemand\u2026","rel":"","context":"In &quot;Allgemein&quot;","img":{"alt_text":"","src":"https:\/\/i0.wp.com\/www.dannwollenwirmal.de\/wp-content\/uploads\/2017\/02\/IMG_5140.jpg?resize=350%2C200","width":350,"height":200},"classes":[]},{"id":885,"url":"http:\/\/www.dannwollenwirmal.de\/?p=885","url_meta":{"origin":372,"position":5},"title":"Nasszellentrockenbau","date":"8. M\u00e4rz 2015","format":false,"excerpt":"Heiter geht es weiter im Badezimmer der Tr\u00e4ume. Nachdem beim letzten mal die W\u00e4nde und Fliesen entfernt und die Au\u00dfenw\u00e4nde verputzt wurden, geht es nun an den Trockenbau. Es sollte eine neue Trennwand mit T\u00fcr\u00f6ffnung installiert werden, au\u00dferdem hat man sich entschlossen, die Decke abzuh\u00e4ngen. Die Decke h\u00e4tte ich ehrlicherweise\u2026","rel":"","context":"In &quot;Allgemein&quot;","img":{"alt_text":"","src":"https:\/\/i1.wp.com\/www.dannwollenwirmal.de\/wp-content\/uploads\/2015\/03\/IMG_3293.jpg?resize=350%2C200","width":350,"height":200},"classes":[]}],"_links":{"self":[{"href":"http:\/\/www.dannwollenwirmal.de\/index.php?rest_route=\/wp\/v2\/posts\/372"}],"collection":[{"href":"http:\/\/www.dannwollenwirmal.de\/index.php?rest_route=\/wp\/v2\/posts"}],"about":[{"href":"http:\/\/www.dannwollenwirmal.de\/index.php?rest_route=\/wp\/v2\/types\/post"}],"author":[{"embeddable":true,"href":"http:\/\/www.dannwollenwirmal.de\/index.php?rest_route=\/wp\/v2\/users\/1"}],"replies":[{"embeddable":true,"href":"http:\/\/www.dannwollenwirmal.de\/index.php?rest_route=%2Fwp%2Fv2%2Fcomments&post=372"}],"version-history":[{"count":2,"href":"http:\/\/www.dannwollenwirmal.de\/index.php?rest_route=\/wp\/v2\/posts\/372\/revisions"}],"predecessor-version":[{"id":375,"href":"http:\/\/www.dannwollenwirmal.de\/index.php?rest_route=\/wp\/v2\/posts\/372\/revisions\/375"}],"wp:attachment":[{"href":"http:\/\/www.dannwollenwirmal.de\/index.php?rest_route=%2Fwp%2Fv2%2Fmedia&parent=372"}],"wp:term":[{"taxonomy":"category","embeddable":true,"href":"http:\/\/www.dannwollenwirmal.de\/index.php?rest_route=%2Fwp%2Fv2%2Fcategories&post=372"},{"taxonomy":"post_tag","embeddable":true,"href":"http:\/\/www.dannwollenwirmal.de\/index.php?rest_route=%2Fwp%2Fv2%2Ftags&post=372"}],"curies":[{"name":"wp","href":"https:\/\/api.w.org\/{rel}","templated":true}]}}