{"id":348,"date":"2014-02-24T01:38:46","date_gmt":"2014-02-24T00:38:46","guid":{"rendered":"http:\/\/www.dannwollenwirmal.de\/?p=348"},"modified":"2016-01-15T20:13:40","modified_gmt":"2016-01-15T19:13:40","slug":"zahnputzbecher","status":"publish","type":"post","link":"http:\/\/www.dannwollenwirmal.de\/?p=348","title":{"rendered":"Zahnputzbecher"},"content":{"rendered":"<p>Die H\u00e4lfte der Dachschr\u00e4gen ist nun schon beplankt und es geht nach einigen Startschwierigkeiten nun auch ganz gut von der Hand; wobei da ist noch Luft nach oben, gerade was die Schrauben angeht.<\/p>\n<p><a href=\"https:\/\/i1.wp.com\/www.dannwollenwirmal.de\/wp-content\/uploads\/2014\/02\/cdp.jpeg\"><img loading=\"lazy\" alt=\"cdp\" src=\"https:\/\/i1.wp.com\/www.dannwollenwirmal.de\/wp-content\/uploads\/2014\/02\/cdp.jpeg?resize=652%2C489\" width=\"652\" height=\"489\" data-recalc-dims=\"1\" \/><\/a><br \/>\n<em>Na, wird doch?<\/em><\/p>\n<p>Um mal einen Vergleich zu haben: Es gibt nich vieles, was mich nervt. Aber \u00e4u\u00dferst nervig finde ich beispielsweise, wenn morgens beim Z\u00e4hneputzen ein Zahnputzbecher laut klappernd\u00a0 ins Waschbecken f\u00e4llt. Dann ist der Tag gelaufen. Und so \u00e4hnlich ist es mit Schrauben, die nicht rein gehen. Mit welchen Schrauben werden CD-Profile in Direktabh\u00e4nger geschraubt? In Baum\u00e4rkten (ok, das heisst nichts&#8230;), aber auch in manchem Baustoffhandel behaupten die Verk\u00e4ufer, man w\u00fcrde da keinen Unterschied machen und einfach die selben Schrauben nehmen, mit denen man Gipskartonplatten an die Profile schraubt (Trockenbauschrauben mit Senkkopf und Feingewinde). Aber das ist einfach ein Irrtum! Blech und Blech wird erstens nicht mit einem Senkkopf verbunden, das wird jeder Schlosser und sonstige Metaller mir best\u00e4tigen. Es muss ein Linsen- oder Flachkopf sein, damit die Schraube richtig am Blech anliegt und es kein &#8218;Spiel&#8216; mehr hat. Wenn man die Profile so verbindet riskiert man, dass die ganze Bude klappert, wenn man die T\u00fcr zuschl\u00e4gt (und T\u00fcren werden schonmal zugeschlagen bei zwei Kindern-jetzt schon, und ich will gar nicht an die Pubert\u00e4t denken!)<\/p>\n<p><a href=\"https:\/\/i2.wp.com\/www.dannwollenwirmal.de\/wp-content\/uploads\/2014\/02\/trennw.jpeg\"><img data-attachment-id=\"356\" data-permalink=\"http:\/\/www.dannwollenwirmal.de\/?attachment_id=356#main\" data-orig-file=\"https:\/\/i2.wp.com\/www.dannwollenwirmal.de\/wp-content\/uploads\/2014\/02\/trennw.jpeg?fit=1632%2C1224\" data-orig-size=\"1632,1224\" data-comments-opened=\"1\" data-image-meta=\"{&quot;aperture&quot;:&quot;2.4&quot;,&quot;credit&quot;:&quot;&quot;,&quot;camera&quot;:&quot;iPhone 5&quot;,&quot;caption&quot;:&quot;&quot;,&quot;created_timestamp&quot;:&quot;1393195592&quot;,&quot;copyright&quot;:&quot;&quot;,&quot;focal_length&quot;:&quot;4.13&quot;,&quot;iso&quot;:&quot;200&quot;,&quot;shutter_speed&quot;:&quot;0.05&quot;,&quot;title&quot;:&quot;&quot;}\" data-image-title=\"trennw\" data-image-description=\"&lt;p&gt;Trennwand U-Profile&lt;\/p&gt;\n\" data-image-caption=\"\" data-medium-file=\"https:\/\/i2.wp.com\/www.dannwollenwirmal.de\/wp-content\/uploads\/2014\/02\/trennw.jpeg?fit=300%2C225\" data-large-file=\"https:\/\/i2.wp.com\/www.dannwollenwirmal.de\/wp-content\/uploads\/2014\/02\/trennw.jpeg?fit=652%2C489\" loading=\"lazy\" class=\"alignnone size-large wp-image-356\" alt=\"trennw\" src=\"https:\/\/i2.wp.com\/www.dannwollenwirmal.de\/wp-content\/uploads\/2014\/02\/trennw.jpeg?resize=652%2C489\" width=\"652\" height=\"489\" srcset=\"https:\/\/i2.wp.com\/www.dannwollenwirmal.de\/wp-content\/uploads\/2014\/02\/trennw.jpeg?resize=1024%2C768 1024w, https:\/\/i2.wp.com\/www.dannwollenwirmal.de\/wp-content\/uploads\/2014\/02\/trennw.jpeg?resize=300%2C225 300w, https:\/\/i2.wp.com\/www.dannwollenwirmal.de\/wp-content\/uploads\/2014\/02\/trennw.jpeg?w=1632 1632w, https:\/\/i2.wp.com\/www.dannwollenwirmal.de\/wp-content\/uploads\/2014\/02\/trennw.jpeg?w=1304 1304w\" sizes=\"(max-width: 652px) 100vw, 652px\" data-recalc-dims=\"1\" \/><\/a><br \/>\n<em>U-Profile: Hier kommt dann mal die Trennwand hin<br \/>\n<\/em><\/p>\n<p>Noch schlimmer ist aber das Einschrauben. Man muss einen gewissen Druck aufbringen, damit die Schraube sich \u00fcberhaupt ins Blech bohrt, und den kann man in der Dachschr\u00e4ge an <del>besch<\/del> ung\u00fcnstigen Positionen nicht immer aus\u00fcben. Das heisst, das Profil ist im Abh\u00e4nger milimetergenau justiert, man nimmt die Schraube und dr\u00fcckt mit dem Schrauber verkrampft gegen das Konstrukt, minutenlang jackelt die Schraubenspitze an der gew\u00fcnschten Position vorbei und nach 400 Umdrehungen greift die dritte Schraube dann, unsereins schwei\u00dfgebadet, das Profil-naja ungef\u00e4hr da fest, wo es soll. Das ist genau so nervig wie der Zahnputzbecher!<\/p>\n<p>Das kann so nicht sein. Ich habe dann mal vorgebohrt, das war ok, aber ist doppelte Arbeit, und ich habe noch keinen Trockenbauer irgendwas vorbohren sehen. Dann habe ich kleine Blechschrauben mit Bohrkopf benutzt, die ich noch \u00fcber hatte, das war schon besser, und damit habe ich immerhin fast zwei von vier Dachteilen geschafft. Aber richtig toll ist es immer noch nicht, und ich denke, ich werde morgen mal W\u00fcrth aufsuchen und mir die beste, aber auch bezahlbare Schraube f\u00fcr diesen Zweck zeigen lassen. Bericht folgt.<\/p>\n<p>Nun noch die Sache mit dem Laser. Ich habe mir tats\u00e4chlich einen Kreuzlinienlaser gekauft. Das Ding kann ein Kreuz oder eine horizontale oder eine vertikale Linie projizieren, genauso wie ein Lot (Laserpunkt unten und oben). Die Justierung erfolgt, anders als beim Rotationslaser, nicht motorisch, sondern er pendelt sich schwerkraftm\u00e4\u00dfig ein. Mit der LOCK-Funktion kann man das Kreuz dann &#8218;einfrieren&#8216; und den Laser an der Schr\u00e4ge benutzen, so wie es f\u00fcr meine Zwecke ideal w\u00e4re.<\/p>\n<p><a href=\"https:\/\/i0.wp.com\/www.dannwollenwirmal.de\/wp-content\/uploads\/2014\/02\/laserh.jpg\"><img data-attachment-id=\"352\" data-permalink=\"http:\/\/www.dannwollenwirmal.de\/?attachment_id=352#main\" data-orig-file=\"https:\/\/i0.wp.com\/www.dannwollenwirmal.de\/wp-content\/uploads\/2014\/02\/laserh.jpg?fit=652%2C489\" data-orig-size=\"652,489\" data-comments-opened=\"1\" data-image-meta=\"{&quot;aperture&quot;:&quot;0&quot;,&quot;credit&quot;:&quot;&quot;,&quot;camera&quot;:&quot;&quot;,&quot;caption&quot;:&quot;&quot;,&quot;created_timestamp&quot;:&quot;0&quot;,&quot;copyright&quot;:&quot;&quot;,&quot;focal_length&quot;:&quot;0&quot;,&quot;iso&quot;:&quot;0&quot;,&quot;shutter_speed&quot;:&quot;0&quot;,&quot;title&quot;:&quot;&quot;}\" data-image-title=\"laserh\" data-image-description=\"&lt;p&gt;Kreuzlinienlaser Halterung&lt;\/p&gt;\n\" data-image-caption=\"\" data-medium-file=\"https:\/\/i0.wp.com\/www.dannwollenwirmal.de\/wp-content\/uploads\/2014\/02\/laserh.jpg?fit=300%2C225\" data-large-file=\"https:\/\/i0.wp.com\/www.dannwollenwirmal.de\/wp-content\/uploads\/2014\/02\/laserh.jpg?fit=652%2C489\" loading=\"lazy\" class=\"alignnone size-full wp-image-352\" alt=\"laserh\" src=\"https:\/\/i0.wp.com\/www.dannwollenwirmal.de\/wp-content\/uploads\/2014\/02\/laserh.jpg?resize=652%2C489\" width=\"652\" height=\"489\" srcset=\"https:\/\/i0.wp.com\/www.dannwollenwirmal.de\/wp-content\/uploads\/2014\/02\/laserh.jpg?w=652 652w, https:\/\/i0.wp.com\/www.dannwollenwirmal.de\/wp-content\/uploads\/2014\/02\/laserh.jpg?resize=300%2C225 300w\" sizes=\"(max-width: 652px) 100vw, 652px\" data-recalc-dims=\"1\" \/><\/a><br \/>\n<em>Laser in der Wandhalterung<\/em><\/p>\n<p>&nbsp;<\/p>\n<p>Wann ist aber eine Laser-Ebene parallel zur Dach-Ebene? Meine G\u00fcte, das ist ganz sch\u00f6n tricky! Zun\u00e4chst dachte ich, den Dachwinkel kann ich einstellen, indem ich die Laser-Halterung nehme und an einen Sparren schraube. Der Laser h\u00e4lt allerdings nicht den 90\u00b0-Winkel, sondern kippt mechanisch noch etwas weiter. Das hei\u00dft, der Laser auf der Halterung hat einen anderen Winkel als die Halterung selbst. Liebe Bosch-Leute, falls das hier einer liest, das m\u00fcsste man mal optimieren.<\/p>\n<p>Man kann den Laser aber in der Halterung mit ein paar Brettchen ausrichten, und hat dann schonmal den Winkel der Dachschr\u00e4ge. Nun muss der Laserstrahl aber auch parallel mit dem Dach verlaufen, d.h. das Ger\u00e4t darf nicht schr\u00e4g auf der Halterung sitzen. Da habe ich mir nach vielen Experimenten ausgedacht, dass am Boden und an der Decke jeweils eine parallele Laserlinie (parallel zu den Sparren) verlaufen muss. Als letzte \u00dcberpr\u00fcfung noch die Abst\u00e4nde Laserlinie-Sparren ausmessen, die m\u00fcssten dann, wenn die Sparren nicht v\u00f6llig schief sind, alle um den gleichen Wert herum liegen. Wenn sie vom Laser weg immer ansteigen bzw, kleiner werden, steht der Strahl schief.<\/p>\n<p>Eigentlich br\u00e4uchte man einen 3D Laser! Wenn der Strahl endlich ausgerichtet ist, kann man die Profile ausrichten (nicht direkt auf die Profile peilen, sondern z.B. +5cm) und festschrauben. Ich habe diesen Vorgang dann St\u00fcck f\u00fcr St\u00fcck opimiert. So bin ich irgendwann dazu \u00fcbergegangen, das obere und untere Profil zu befestigen und dann mit Schraubzwingen ein Richtscheit daran anzubringen, um alle Zwischenlatten noch besser ausrichten zu k\u00f6nnen. Und schlie\u00dflich kann man die Profile gut vorjustieren, wenn man eine d\u00fcnne, lange Schraube oder einen Inbusschl\u00fcssel davorsteckt (in die L\u00f6cher des Direktabh\u00e4ngers). So hat das Profil einen Anschlag und man kann besser schrauben, ohne dass es sich verschiebt. Aber das mit den Schrauben muss besser werden, morgen schaue ich nach den idealen Schrauben und ich werde es hier verbreiten!<\/p>\n<p>Entschuldigung, wenn ich so viel schreibe, aber diese Informationen findet man nicht im Internet! (oder <em>ich<\/em> nicht).<\/p>\n<p>Apropos Internet: Vor ein paar Blogs habe ich \u00fcber das Schneiden von Metallprofilen sinniert. Tats\u00e4chlich geht das mit einer vern\u00fcnftigen Blechschere doch ziemlich gut. Erst die schmalen, dann die breite Fl\u00e4che einschneiden. Kein L\u00e4rm, keine Hitze, kein Geflexe, hier im Bild:<\/p>\n<p><a href=\"https:\/\/i2.wp.com\/www.dannwollenwirmal.de\/wp-content\/uploads\/2014\/02\/blechs.jpg\"><img data-attachment-id=\"353\" data-permalink=\"http:\/\/www.dannwollenwirmal.de\/?attachment_id=353#main\" data-orig-file=\"https:\/\/i2.wp.com\/www.dannwollenwirmal.de\/wp-content\/uploads\/2014\/02\/blechs.jpg?fit=652%2C289\" data-orig-size=\"652,289\" data-comments-opened=\"1\" data-image-meta=\"{&quot;aperture&quot;:&quot;0&quot;,&quot;credit&quot;:&quot;&quot;,&quot;camera&quot;:&quot;&quot;,&quot;caption&quot;:&quot;&quot;,&quot;created_timestamp&quot;:&quot;0&quot;,&quot;copyright&quot;:&quot;&quot;,&quot;focal_length&quot;:&quot;0&quot;,&quot;iso&quot;:&quot;0&quot;,&quot;shutter_speed&quot;:&quot;0&quot;,&quot;title&quot;:&quot;&quot;}\" data-image-title=\"blechs\" data-image-description=\"&lt;p&gt;Profile Blechschere&lt;\/p&gt;\n\" data-image-caption=\"\" data-medium-file=\"https:\/\/i2.wp.com\/www.dannwollenwirmal.de\/wp-content\/uploads\/2014\/02\/blechs.jpg?fit=300%2C132\" data-large-file=\"https:\/\/i2.wp.com\/www.dannwollenwirmal.de\/wp-content\/uploads\/2014\/02\/blechs.jpg?fit=652%2C289\" loading=\"lazy\" class=\"alignnone size-full wp-image-353\" alt=\"blechs\" src=\"https:\/\/i2.wp.com\/www.dannwollenwirmal.de\/wp-content\/uploads\/2014\/02\/blechs.jpg?resize=652%2C289\" width=\"652\" height=\"289\" srcset=\"https:\/\/i2.wp.com\/www.dannwollenwirmal.de\/wp-content\/uploads\/2014\/02\/blechs.jpg?w=652 652w, https:\/\/i2.wp.com\/www.dannwollenwirmal.de\/wp-content\/uploads\/2014\/02\/blechs.jpg?resize=300%2C132 300w\" sizes=\"(max-width: 652px) 100vw, 652px\" data-recalc-dims=\"1\" \/><\/a><br \/>\n<em>Profile schneiden mit der Blechschere<\/em><\/p>\n<p>&nbsp;<\/p>\n<p>Und noch eine Erkenntnis: Senkrechten mit der Wasserwaage in Dachschr\u00e4gen ausrichten funktioniert nicht! Mein U-Profil f\u00fcr die sp\u00e4tere Trennwand hatte ich mit Richtscheit-Wasserwaage in der Schr\u00e4ge ausgerichtet, und heute habe ich gemerkt dass es eben nicht senkrecht, sondern ordentlich schief war. Irgendwann f\u00e4ngt sich die Wasserwaagenblase wahrscheinlich waagerechte Anteile ein und das Messergebnis ist f\u00fcr die Katz. Also muss man es im Grunde so machen:<\/p>\n<p>F\u00fcr eine Trennwand sucht man sich eine Referenz, zu der die neue Wand rechtwinklig sein soll. Daraus kann man mit Pythagoras den rechten Winkel ermitteln (Beispiel: Eckpunkt festlegen, 1m an der gegebenen Wand abmessen, 1m in Richtung neuer Wand breit markieren, zwischen den Punkten muss -Wurzel c\u00b2= 1,41m liegen.) Trennwandlinie auf dem Boden einzeichnen und dann an der Decke fortf\u00fchren (z.B. per Laser-Linie oder Lotpunkte). Den Wandverlauf idealerweise mit Schlagschnur markieren.<\/p>\n<p>Auf den Linien werden dann die U-Profile, wegen Trittschalld\u00e4mmung mit Dichtungsband beklebt, aufgeschraubt, und sp\u00e4ter C-Profile senkrecht eingestellt. Beplanken, und fertig ist die Trennwand.<\/p>\n<p><a href=\"https:\/\/i0.wp.com\/www.dannwollenwirmal.de\/wp-content\/uploads\/2014\/02\/wws.jpeg\"><img data-attachment-id=\"354\" data-permalink=\"http:\/\/www.dannwollenwirmal.de\/?attachment_id=354#main\" data-orig-file=\"https:\/\/i0.wp.com\/www.dannwollenwirmal.de\/wp-content\/uploads\/2014\/02\/wws.jpeg?fit=1632%2C1224\" data-orig-size=\"1632,1224\" data-comments-opened=\"1\" data-image-meta=\"{&quot;aperture&quot;:&quot;2.4&quot;,&quot;credit&quot;:&quot;&quot;,&quot;camera&quot;:&quot;iPhone 5&quot;,&quot;caption&quot;:&quot;&quot;,&quot;created_timestamp&quot;:&quot;1393195741&quot;,&quot;copyright&quot;:&quot;&quot;,&quot;focal_length&quot;:&quot;4.13&quot;,&quot;iso&quot;:&quot;800&quot;,&quot;shutter_speed&quot;:&quot;0.066666666666667&quot;,&quot;title&quot;:&quot;&quot;}\" data-image-title=\"wws\" data-image-description=\"&lt;p&gt;Wasserwaage Dachschr\u00e4ge&lt;\/p&gt;\n\" data-image-caption=\"\" data-medium-file=\"https:\/\/i0.wp.com\/www.dannwollenwirmal.de\/wp-content\/uploads\/2014\/02\/wws.jpeg?fit=300%2C225\" data-large-file=\"https:\/\/i0.wp.com\/www.dannwollenwirmal.de\/wp-content\/uploads\/2014\/02\/wws.jpeg?fit=652%2C489\" loading=\"lazy\" class=\"alignnone size-large wp-image-354\" alt=\"wws\" src=\"https:\/\/i0.wp.com\/www.dannwollenwirmal.de\/wp-content\/uploads\/2014\/02\/wws.jpeg?resize=652%2C489\" width=\"652\" height=\"489\" srcset=\"https:\/\/i0.wp.com\/www.dannwollenwirmal.de\/wp-content\/uploads\/2014\/02\/wws.jpeg?resize=1024%2C768 1024w, https:\/\/i0.wp.com\/www.dannwollenwirmal.de\/wp-content\/uploads\/2014\/02\/wws.jpeg?resize=300%2C225 300w, https:\/\/i0.wp.com\/www.dannwollenwirmal.de\/wp-content\/uploads\/2014\/02\/wws.jpeg?w=1632 1632w, https:\/\/i0.wp.com\/www.dannwollenwirmal.de\/wp-content\/uploads\/2014\/02\/wws.jpeg?w=1304 1304w\" sizes=\"(max-width: 652px) 100vw, 652px\" data-recalc-dims=\"1\" \/><\/a><br \/>\n<em>Haut nicht hin; Wasserwaage senkrecht in der Schr\u00e4ge<\/em><\/p>\n<p>Apropos Linien: Da habe ich doch gestern meinen Nachbarn getroffen, dessen Gro\u00dfeltern mal in unserem Haus gelebt haben. Er hat noch ein Bild vom Haus im Originalzustand, das will er mir demn\u00e4chst mal zeigen- und erz\u00e4hlte mir dabei, dass unser Haus nur durch einen Gl\u00fccksfall noch steht: Im zweiten Weltkrieg ist eine Bombe ins Dach eingeschlagen (der besagte Nachbar sa\u00df unterm K\u00fcchentisch), die aber ein Blindg\u00e4nger war. Wow! Oben wohnten seine Gro\u00dfeltern, unten zwei taubstumme Br\u00fcder, die Barkhauser Schuster. Die Schusterwerkstatt ist vom Mobiliar her noch Original, dort habe ich jetzt meine Werkstatt. Oben unterm Dach wohnte der Onkel (und auch wohl mal eine gewisse Friderieke, denn das ist in den Dachziegeln eingeritzt) in einem einfachen Verschlag, von dem ich auch die Reste im Zuge der D\u00e4mmung entfernt habe. Ich finde das ziemlich spannend-ein Haus voller Historie! (Ein Neubau wird diesen Flair \u00fcrigens nie haben). <a href=\"http:\/\/de.wikipedia.org\/wiki\/Barkhausen_%28Porta_Westfalica%29\">Barkhausen <\/a>ist \u00fcbrigens generell ein sehr geschichtstr\u00e4chtiger Ort, und nachdem ich den <a href=\"http:\/\/www.barkhausen-porta.de\/Buecher.htm\">Bildband<\/a> nun durch habe, legte ich mir die <a href=\"http:\/\/www.barkhausen-porta.de\/Buecher.htm\">Orts-Chronik <\/a>zu. Aber nirgendwo ein altes Bild von unserem H\u00e4uschen! Ich bin gespannt, wenn ich bald eins zu Gesicht bekomme.<\/p>\n<p>Nun haben wir aber alles besprochen f\u00fcr heute, lieber Leser, Sie und ich, wir werden das schon hinkriegen mit diesem kleinen Projekt.\u00a0 Und wie immer gilt der Grundsatz: Warten Sie ab, wenn erstmal Farbe drauf ist!<\/p>\n<p>&nbsp;<\/p>\n<p>&nbsp;<\/p>\n<div class=\"sharedaddy sd-sharing-enabled\"><div class=\"robots-nocontent sd-block sd-social sd-social-icon-text sd-sharing\"><h3 class=\"sd-title\">Teilen mit:<\/h3><div class=\"sd-content\"><ul><li class=\"share-email\"><a rel=\"nofollow noopener noreferrer\" data-shared=\"\" class=\"share-email sd-button share-icon\" href=\"http:\/\/www.dannwollenwirmal.de\/?p=348&amp;share=email\" target=\"_blank\" title=\"Klick, um dies einem Freund per E-Mail zu senden\"><span>E-Mail<\/span><\/a><\/li><li class=\"share-print\"><a rel=\"nofollow noopener noreferrer\" data-shared=\"\" class=\"share-print sd-button share-icon\" href=\"http:\/\/www.dannwollenwirmal.de\/?p=348\" target=\"_blank\" title=\"Klicken zum Ausdrucken\"><span>Drucken<\/span><\/a><\/li><li class=\"share-facebook\"><a rel=\"nofollow noopener noreferrer\" data-shared=\"sharing-facebook-348\" class=\"share-facebook sd-button share-icon\" href=\"http:\/\/www.dannwollenwirmal.de\/?p=348&amp;share=facebook\" target=\"_blank\" title=\"Klick, um auf Facebook zu teilen\"><span>Facebook<\/span><\/a><\/li><li class=\"share-twitter\"><a rel=\"nofollow noopener noreferrer\" data-shared=\"sharing-twitter-348\" class=\"share-twitter sd-button share-icon\" href=\"http:\/\/www.dannwollenwirmal.de\/?p=348&amp;share=twitter\" target=\"_blank\" title=\"Klick, um \u00fcber Twitter zu teilen\"><span>Twitter<\/span><\/a><\/li><li class=\"share-pinterest\"><a rel=\"nofollow noopener noreferrer\" data-shared=\"sharing-pinterest-348\" class=\"share-pinterest sd-button share-icon\" href=\"http:\/\/www.dannwollenwirmal.de\/?p=348&amp;share=pinterest\" target=\"_blank\" title=\"Klick, um auf Pinterest zu teilen\"><span>Pinterest<\/span><\/a><\/li><li class=\"share-linkedin\"><a rel=\"nofollow noopener noreferrer\" data-shared=\"sharing-linkedin-348\" class=\"share-linkedin sd-button share-icon\" href=\"http:\/\/www.dannwollenwirmal.de\/?p=348&amp;share=linkedin\" target=\"_blank\" title=\"Klick, um auf LinkedIn zu teilen\"><span>LinkedIn<\/span><\/a><\/li><li class=\"share-end\"><\/li><\/ul><\/div><\/div><\/div>","protected":false},"excerpt":{"rendered":"<p>Die H\u00e4lfte der Dachschr\u00e4gen ist nun schon beplankt und es geht nach einigen Startschwierigkeiten nun auch ganz gut von der Hand; wobei da ist noch Luft nach oben, gerade was die Schrauben angeht. Na, wird doch? Um mal einen Vergleich zu haben: Es gibt nich vieles, was mich nervt. Aber \u00e4u\u00dferst nervig finde ich beispielsweise, [&hellip;]<\/p>\n<div class=\"sharedaddy sd-sharing-enabled\"><div class=\"robots-nocontent sd-block sd-social sd-social-icon-text sd-sharing\"><h3 class=\"sd-title\">Teilen mit:<\/h3><div class=\"sd-content\"><ul><li class=\"share-email\"><a rel=\"nofollow noopener noreferrer\" data-shared=\"\" class=\"share-email sd-button share-icon\" href=\"http:\/\/www.dannwollenwirmal.de\/?p=348&amp;share=email\" target=\"_blank\" title=\"Klick, um dies einem Freund per E-Mail zu senden\"><span>E-Mail<\/span><\/a><\/li><li class=\"share-print\"><a rel=\"nofollow noopener noreferrer\" data-shared=\"\" class=\"share-print sd-button share-icon\" href=\"http:\/\/www.dannwollenwirmal.de\/?p=348\" target=\"_blank\" title=\"Klicken zum Ausdrucken\"><span>Drucken<\/span><\/a><\/li><li class=\"share-facebook\"><a rel=\"nofollow noopener noreferrer\" data-shared=\"sharing-facebook-348\" class=\"share-facebook sd-button share-icon\" href=\"http:\/\/www.dannwollenwirmal.de\/?p=348&amp;share=facebook\" target=\"_blank\" title=\"Klick, um auf Facebook zu teilen\"><span>Facebook<\/span><\/a><\/li><li class=\"share-twitter\"><a rel=\"nofollow noopener noreferrer\" data-shared=\"sharing-twitter-348\" class=\"share-twitter sd-button share-icon\" href=\"http:\/\/www.dannwollenwirmal.de\/?p=348&amp;share=twitter\" target=\"_blank\" title=\"Klick, um \u00fcber Twitter zu teilen\"><span>Twitter<\/span><\/a><\/li><li class=\"share-pinterest\"><a rel=\"nofollow noopener noreferrer\" data-shared=\"sharing-pinterest-348\" class=\"share-pinterest sd-button share-icon\" href=\"http:\/\/www.dannwollenwirmal.de\/?p=348&amp;share=pinterest\" target=\"_blank\" title=\"Klick, um auf Pinterest zu teilen\"><span>Pinterest<\/span><\/a><\/li><li class=\"share-linkedin\"><a rel=\"nofollow noopener noreferrer\" data-shared=\"sharing-linkedin-348\" class=\"share-linkedin sd-button share-icon\" href=\"http:\/\/www.dannwollenwirmal.de\/?p=348&amp;share=linkedin\" target=\"_blank\" title=\"Klick, um auf LinkedIn zu teilen\"><span>LinkedIn<\/span><\/a><\/li><li class=\"share-end\"><\/li><\/ul><\/div><\/div><\/div>","protected":false},"author":1,"featured_media":0,"comment_status":"open","ping_status":"open","sticky":false,"template":"","format":"standard","meta":{"advanced_seo_description":"","spay_email":"","jetpack_publicize_message":"","jetpack_is_tweetstorm":false,"jetpack_publicize_feature_enabled":true},"categories":[1,35,327,62],"tags":[100,97,94,96,29,98,101,102,508,99],"jetpack_featured_media_url":"","jetpack_publicize_connections":[],"jetpack_shortlink":"https:\/\/wp.me\/p3WtlO-5C","jetpack_sharing_enabled":true,"jetpack-related-posts":[{"id":366,"url":"http:\/\/www.dannwollenwirmal.de\/?p=366","url_meta":{"origin":348,"position":0},"title":"Gr\u00fc\u00dfe nach K\u00fcnzelsau!","date":"26. Februar 2014","format":false,"excerpt":"Ich gebe zu, dass mein Verh\u00e4ltnis mit dem gro\u00dfen Schraubenmogul aus K\u00fcnzelsau nicht immer unbelastet war. So musste ich mich zuletzt \u00fcber den Preis f\u00fcr einen Karton Bohrschrauben f\u00fcr Siebdruckplatten \u00e4rgern, die deutlich \u00fcber Markniveau lagen (\"ja, Ihre Prozente haben wir ber\u00fccksichtigt!\"). Ich habe mir dann geschworen, nie wieder nur\u2026","rel":"","context":"In &quot;Allgemein&quot;","img":{"alt_text":"","src":"https:\/\/i1.wp.com\/www.dannwollenwirmal.de\/wp-content\/uploads\/2014\/02\/schraubenW.jpg?resize=350%2C200","width":350,"height":200},"classes":[]},{"id":376,"url":"http:\/\/www.dannwollenwirmal.de\/?p=376","url_meta":{"origin":348,"position":1},"title":"Die Wand","date":"8. M\u00e4rz 2014","format":false,"excerpt":"Da sich sicherlich viele fragen wie die Geschichte vom letzten mal ausgegangen ist: nach wenigen Minuten erhielt ich einen R\u00fcckruf, und am n\u00e4chsten morgen war ein Leymann-Mitarbeiter bei mir, der mir half, die falschen Profile runter- und die neuen hochzutragen. Das nenne ich Service! Man stelle sich das Ganze an\u2026","rel":"","context":"In &quot;Allgemein&quot;","img":{"alt_text":"T\u00fcrsturz Trockenbau","src":"https:\/\/i2.wp.com\/www.dannwollenwirmal.de\/wp-content\/uploads\/2014\/03\/wand4.jpg?resize=350%2C200","width":350,"height":200},"classes":[]},{"id":338,"url":"http:\/\/www.dannwollenwirmal.de\/?p=338","url_meta":{"origin":348,"position":2},"title":"Blutige Preisvergleiche","date":"18. Februar 2014","format":false,"excerpt":"Wie angek\u00fcndigt geht es mit gro\u00dfen Schritten weiter unterm Dach! Nachdem der letzte Rest Dampfbremsfolie unter die Decke zum Spitzboden getackert wurde (R\u00e4nder liebevoll verklebt mit dem ebenfalls schn\u00e4ppchenhaften Knauf-blau-Klebeband f\u00fcr knapp 25 Euro), habe ich Reihe f\u00fcr Reihe Direktabh\u00e4nger angebracht: Direktabh\u00e4nger zur Aufnahme der CD-Profile Ich hielt es zun\u00e4chst\u2026","rel":"","context":"In &quot;Allgemein&quot;","img":{"alt_text":"","src":"https:\/\/i1.wp.com\/www.dannwollenwirmal.de\/wp-content\/uploads\/2014\/02\/99ct.jpg?resize=350%2C200","width":350,"height":200},"classes":[]},{"id":1100,"url":"http:\/\/www.dannwollenwirmal.de\/?p=1100","url_meta":{"origin":348,"position":3},"title":"Leser fragen &#8211; dannwollenwirmal antwortet","date":"13. September 2015","format":false,"excerpt":"Aufgrund der gro\u00dfen Beliebtheit und scheinbar auch des Informationsbedarfs im Heimwerkerland ist hier ein neuer Teil der Rubrik \"Leser fragen - dannwollenwirmal antwortet\". Ich habe Suchmaschinenanfragen, mit denen Leute auf meinem Blog landeten, zuf\u00e4llig ausgew\u00e4hlt und werde diese Fachfragen nun gewohnt kompetent erl\u00e4utern. \"fu\u00dfboden hat zuviel gef\u00e4lle jetzt stehen die\u2026","rel":"","context":"In &quot;Allgemein&quot;","img":{"alt_text":"","src":"","width":0,"height":0},"classes":[]},{"id":2094,"url":"http:\/\/www.dannwollenwirmal.de\/?p=2094","url_meta":{"origin":348,"position":4},"title":"Von Schalen, W\u00e4nden und Taschen","date":"19. November 2017","format":false,"excerpt":"Der Suchbegriff der Woche \"steinwolle juckt nicht\" hat mich nur ganz kurz gr\u00fcbeln lassen, nein, tut mir leid, daf\u00fcr habe ich jetzt auch keine L\u00f6sung parat. Schon \u00e4rgerlich, wenn die so gar nicht juckt? Da stellt man sich drauf ein und dann passiert nix. Schlimm sowas. Ich habe diese Woche\u2026","rel":"","context":"In &quot;Allgemein&quot;","img":{"alt_text":"","src":"https:\/\/i0.wp.com\/www.dannwollenwirmal.de\/wp-content\/uploads\/2017\/11\/IMG_5916.jpg?resize=350%2C200","width":350,"height":200},"classes":[]},{"id":885,"url":"http:\/\/www.dannwollenwirmal.de\/?p=885","url_meta":{"origin":348,"position":5},"title":"Nasszellentrockenbau","date":"8. M\u00e4rz 2015","format":false,"excerpt":"Heiter geht es weiter im Badezimmer der Tr\u00e4ume. Nachdem beim letzten mal die W\u00e4nde und Fliesen entfernt und die Au\u00dfenw\u00e4nde verputzt wurden, geht es nun an den Trockenbau. Es sollte eine neue Trennwand mit T\u00fcr\u00f6ffnung installiert werden, au\u00dferdem hat man sich entschlossen, die Decke abzuh\u00e4ngen. Die Decke h\u00e4tte ich ehrlicherweise\u2026","rel":"","context":"In &quot;Allgemein&quot;","img":{"alt_text":"","src":"https:\/\/i1.wp.com\/www.dannwollenwirmal.de\/wp-content\/uploads\/2015\/03\/IMG_3293.jpg?resize=350%2C200","width":350,"height":200},"classes":[]}],"_links":{"self":[{"href":"http:\/\/www.dannwollenwirmal.de\/index.php?rest_route=\/wp\/v2\/posts\/348"}],"collection":[{"href":"http:\/\/www.dannwollenwirmal.de\/index.php?rest_route=\/wp\/v2\/posts"}],"about":[{"href":"http:\/\/www.dannwollenwirmal.de\/index.php?rest_route=\/wp\/v2\/types\/post"}],"author":[{"embeddable":true,"href":"http:\/\/www.dannwollenwirmal.de\/index.php?rest_route=\/wp\/v2\/users\/1"}],"replies":[{"embeddable":true,"href":"http:\/\/www.dannwollenwirmal.de\/index.php?rest_route=%2Fwp%2Fv2%2Fcomments&post=348"}],"version-history":[{"count":12,"href":"http:\/\/www.dannwollenwirmal.de\/index.php?rest_route=\/wp\/v2\/posts\/348\/revisions"}],"predecessor-version":[{"id":365,"href":"http:\/\/www.dannwollenwirmal.de\/index.php?rest_route=\/wp\/v2\/posts\/348\/revisions\/365"}],"wp:attachment":[{"href":"http:\/\/www.dannwollenwirmal.de\/index.php?rest_route=%2Fwp%2Fv2%2Fmedia&parent=348"}],"wp:term":[{"taxonomy":"category","embeddable":true,"href":"http:\/\/www.dannwollenwirmal.de\/index.php?rest_route=%2Fwp%2Fv2%2Fcategories&post=348"},{"taxonomy":"post_tag","embeddable":true,"href":"http:\/\/www.dannwollenwirmal.de\/index.php?rest_route=%2Fwp%2Fv2%2Ftags&post=348"}],"curies":[{"name":"wp","href":"https:\/\/api.w.org\/{rel}","templated":true}]}}