{"id":252,"date":"2013-12-10T08:53:28","date_gmt":"2013-12-10T06:53:28","guid":{"rendered":"http:\/\/www.dannwollenwirmal.de\/?p=252"},"modified":"2013-12-10T08:53:28","modified_gmt":"2013-12-10T06:53:28","slug":"experimente-mit-der-waermebildkamera","status":"publish","type":"post","link":"http:\/\/www.dannwollenwirmal.de\/?p=252","title":{"rendered":"Experimente mit der W\u00e4rmebildkamera"},"content":{"rendered":"<p>Bevor ich meine Dachbodenisolierung endg\u00fcltig abschlie\u00dfe und n\u00e4chstes Jahr an den Ausbau gehe (n\u00e4chstes Jahr klingt noch so unglaublich weit weg, dabei sind es nur noch drei Wochen), wollte ich das Ganze mit einer W\u00e4rmebildkamera auf m\u00f6gliche K\u00e4ltebr\u00fccken hin untersuchen; also irgendwelche Schwachstellen in der Isolierung, die man sp\u00e4ter schlecht beheben kann.<\/p>\n<p>Eine W\u00e4rmebildkamera ist ziemlich teuer und nur dank guter Kontakte konnte ich mir eine g\u00fcnstig ausleihen. W\u00e4rmebildaufnahmen gibt es auch von Fachleuten, z.B. von der Verbraucherzentrale, die dann auch gleich was Schlaues dazu sagen k\u00f6nnen (ich bin da zugegebenerma\u00dfen etwas unbedarft), so ein Paket kostet um die 250 Euro.<\/p>\n<p>Hier nun also eine kleine Bildershow. Rechts am Rand ist eine Temperaturskala (ich will nicht beschw\u00f6ren dass das Ding wirklich richtig kalibriert war), und die Zahl am Fadenkreuz gibt die aktuelle Oberfl\u00e4chentemperatur dort an.<\/p>\n<p><a href=\"https:\/\/i2.wp.com\/www.dannwollenwirmal.de\/wp-content\/uploads\/2013\/12\/IR000136.jpg\"><img data-attachment-id=\"253\" data-permalink=\"http:\/\/www.dannwollenwirmal.de\/?attachment_id=253#main\" data-orig-file=\"https:\/\/i2.wp.com\/www.dannwollenwirmal.de\/wp-content\/uploads\/2013\/12\/IR000136.jpg?fit=640%2C480\" data-orig-size=\"640,480\" data-comments-opened=\"1\" data-image-meta=\"{&quot;aperture&quot;:&quot;0&quot;,&quot;credit&quot;:&quot;&quot;,&quot;camera&quot;:&quot;&quot;,&quot;caption&quot;:&quot;&quot;,&quot;created_timestamp&quot;:&quot;0&quot;,&quot;copyright&quot;:&quot;&quot;,&quot;focal_length&quot;:&quot;0&quot;,&quot;iso&quot;:&quot;0&quot;,&quot;shutter_speed&quot;:&quot;0&quot;,&quot;title&quot;:&quot;&quot;}\" data-image-title=\"IR000136\" data-image-description=\"\" data-image-caption=\"\" data-medium-file=\"https:\/\/i2.wp.com\/www.dannwollenwirmal.de\/wp-content\/uploads\/2013\/12\/IR000136.jpg?fit=300%2C225\" data-large-file=\"https:\/\/i2.wp.com\/www.dannwollenwirmal.de\/wp-content\/uploads\/2013\/12\/IR000136.jpg?fit=640%2C480\" loading=\"lazy\" class=\"alignnone size-full wp-image-253\" alt=\"IR000136\" src=\"https:\/\/i2.wp.com\/www.dannwollenwirmal.de\/wp-content\/uploads\/2013\/12\/IR000136.jpg?resize=640%2C480\" width=\"640\" height=\"480\" srcset=\"https:\/\/i2.wp.com\/www.dannwollenwirmal.de\/wp-content\/uploads\/2013\/12\/IR000136.jpg?w=640 640w, https:\/\/i2.wp.com\/www.dannwollenwirmal.de\/wp-content\/uploads\/2013\/12\/IR000136.jpg?resize=300%2C225 300w\" sizes=\"(max-width: 640px) 100vw, 640px\" data-recalc-dims=\"1\" \/><\/a><br \/>\n<em>Schwachstelle Fenster: in der Fuge des \u00dcbergangs Fensterbank-Rahmen ist die k\u00e4lteste Stelle (schwarz)<\/em><\/p>\n<p><a href=\"https:\/\/i0.wp.com\/www.dannwollenwirmal.de\/wp-content\/uploads\/2013\/12\/IR0001371.jpg\"><img data-attachment-id=\"259\" data-permalink=\"http:\/\/www.dannwollenwirmal.de\/?attachment_id=259#main\" data-orig-file=\"https:\/\/i0.wp.com\/www.dannwollenwirmal.de\/wp-content\/uploads\/2013\/12\/IR0001371.jpg?fit=640%2C480\" data-orig-size=\"640,480\" data-comments-opened=\"1\" data-image-meta=\"{&quot;aperture&quot;:&quot;0&quot;,&quot;credit&quot;:&quot;&quot;,&quot;camera&quot;:&quot;&quot;,&quot;caption&quot;:&quot;&quot;,&quot;created_timestamp&quot;:&quot;0&quot;,&quot;copyright&quot;:&quot;&quot;,&quot;focal_length&quot;:&quot;0&quot;,&quot;iso&quot;:&quot;0&quot;,&quot;shutter_speed&quot;:&quot;0&quot;,&quot;title&quot;:&quot;&quot;}\" data-image-title=\"IR000137\" data-image-description=\"\" data-image-caption=\"\" data-medium-file=\"https:\/\/i0.wp.com\/www.dannwollenwirmal.de\/wp-content\/uploads\/2013\/12\/IR0001371.jpg?fit=300%2C225\" data-large-file=\"https:\/\/i0.wp.com\/www.dannwollenwirmal.de\/wp-content\/uploads\/2013\/12\/IR0001371.jpg?fit=640%2C480\" loading=\"lazy\" class=\"alignnone size-full wp-image-259\" alt=\"IR000137\" src=\"https:\/\/i0.wp.com\/www.dannwollenwirmal.de\/wp-content\/uploads\/2013\/12\/IR0001371.jpg?resize=640%2C480\" width=\"640\" height=\"480\" srcset=\"https:\/\/i0.wp.com\/www.dannwollenwirmal.de\/wp-content\/uploads\/2013\/12\/IR0001371.jpg?w=640 640w, https:\/\/i0.wp.com\/www.dannwollenwirmal.de\/wp-content\/uploads\/2013\/12\/IR0001371.jpg?resize=300%2C225 300w\" sizes=\"(max-width: 640px) 100vw, 640px\" data-recalc-dims=\"1\" \/><\/a><br \/>\n<em>Hier der direkte Vergleich mit einem neuen 3fach-verglasten Fenster. Wie man sieht, ist auch die untere<br \/>\nFuge wesentlich k\u00e4lteundurchl\u00e4ssiger als bei dem \u00e4lteren Fenster<\/em><\/p>\n<p><a href=\"https:\/\/i1.wp.com\/www.dannwollenwirmal.de\/wp-content\/uploads\/2013\/12\/IR000139.jpg\"><img data-attachment-id=\"256\" data-permalink=\"http:\/\/www.dannwollenwirmal.de\/?attachment_id=256#main\" data-orig-file=\"https:\/\/i1.wp.com\/www.dannwollenwirmal.de\/wp-content\/uploads\/2013\/12\/IR000139.jpg?fit=640%2C480\" data-orig-size=\"640,480\" data-comments-opened=\"1\" data-image-meta=\"{&quot;aperture&quot;:&quot;0&quot;,&quot;credit&quot;:&quot;&quot;,&quot;camera&quot;:&quot;&quot;,&quot;caption&quot;:&quot;&quot;,&quot;created_timestamp&quot;:&quot;0&quot;,&quot;copyright&quot;:&quot;&quot;,&quot;focal_length&quot;:&quot;0&quot;,&quot;iso&quot;:&quot;0&quot;,&quot;shutter_speed&quot;:&quot;0&quot;,&quot;title&quot;:&quot;&quot;}\" data-image-title=\"IR000139\" data-image-description=\"\" data-image-caption=\"\" data-medium-file=\"https:\/\/i1.wp.com\/www.dannwollenwirmal.de\/wp-content\/uploads\/2013\/12\/IR000139.jpg?fit=300%2C225\" data-large-file=\"https:\/\/i1.wp.com\/www.dannwollenwirmal.de\/wp-content\/uploads\/2013\/12\/IR000139.jpg?fit=640%2C480\" loading=\"lazy\" class=\"alignnone size-full wp-image-256\" alt=\"IR000139\" src=\"https:\/\/i1.wp.com\/www.dannwollenwirmal.de\/wp-content\/uploads\/2013\/12\/IR000139.jpg?resize=640%2C480\" width=\"640\" height=\"480\" srcset=\"https:\/\/i1.wp.com\/www.dannwollenwirmal.de\/wp-content\/uploads\/2013\/12\/IR000139.jpg?w=640 640w, https:\/\/i1.wp.com\/www.dannwollenwirmal.de\/wp-content\/uploads\/2013\/12\/IR000139.jpg?resize=300%2C225 300w\" sizes=\"(max-width: 640px) 100vw, 640px\" data-recalc-dims=\"1\" \/><\/a><br \/>\n<em>Bei diesem Fenster ist der Fl\u00fcgel etwas verzogen<\/em>. <em>Auf H\u00f6he des Griffs kommt dadurch kalte Luft durch die Dichtung.<\/em><\/p>\n<p><a href=\"https:\/\/i0.wp.com\/www.dannwollenwirmal.de\/wp-content\/uploads\/2013\/12\/IR000140.jpg\"><img data-attachment-id=\"257\" data-permalink=\"http:\/\/www.dannwollenwirmal.de\/?attachment_id=257#main\" data-orig-file=\"https:\/\/i0.wp.com\/www.dannwollenwirmal.de\/wp-content\/uploads\/2013\/12\/IR000140.jpg?fit=640%2C480\" data-orig-size=\"640,480\" data-comments-opened=\"1\" data-image-meta=\"{&quot;aperture&quot;:&quot;0&quot;,&quot;credit&quot;:&quot;&quot;,&quot;camera&quot;:&quot;&quot;,&quot;caption&quot;:&quot;&quot;,&quot;created_timestamp&quot;:&quot;0&quot;,&quot;copyright&quot;:&quot;&quot;,&quot;focal_length&quot;:&quot;0&quot;,&quot;iso&quot;:&quot;0&quot;,&quot;shutter_speed&quot;:&quot;0&quot;,&quot;title&quot;:&quot;&quot;}\" data-image-title=\"IR000140\" data-image-description=\"\" data-image-caption=\"\" data-medium-file=\"https:\/\/i0.wp.com\/www.dannwollenwirmal.de\/wp-content\/uploads\/2013\/12\/IR000140.jpg?fit=300%2C225\" data-large-file=\"https:\/\/i0.wp.com\/www.dannwollenwirmal.de\/wp-content\/uploads\/2013\/12\/IR000140.jpg?fit=640%2C480\" loading=\"lazy\" class=\"alignnone size-full wp-image-257\" alt=\"IR000140\" src=\"https:\/\/i0.wp.com\/www.dannwollenwirmal.de\/wp-content\/uploads\/2013\/12\/IR000140.jpg?resize=640%2C480\" width=\"640\" height=\"480\" srcset=\"https:\/\/i0.wp.com\/www.dannwollenwirmal.de\/wp-content\/uploads\/2013\/12\/IR000140.jpg?w=640 640w, https:\/\/i0.wp.com\/www.dannwollenwirmal.de\/wp-content\/uploads\/2013\/12\/IR000140.jpg?resize=300%2C225 300w\" sizes=\"(max-width: 640px) 100vw, 640px\" data-recalc-dims=\"1\" \/><\/a><br \/>\n<em>Meine liebe Haust\u00fcr (ich <strong><a href=\"http:\/\/www.dannwollenwirmal.de\/?p=167\">berichtete <\/a><\/strong>davon) hat erwartungsgem\u00e4\u00df Defizite an der Dichtung der Schlie\u00dfb\u00e4nder.<\/em><br \/>\n<em>Ob ich reklamieren sollte? Ich wei\u00df nicht, ob ich die Kraft habe, mich nochmal mit dieser Firma rumzu\u00e4rgern&#8230;<\/em><\/p>\n<p><a href=\"https:\/\/i1.wp.com\/www.dannwollenwirmal.de\/wp-content\/uploads\/2013\/12\/IR000142.jpg\"><img data-attachment-id=\"258\" data-permalink=\"http:\/\/www.dannwollenwirmal.de\/?attachment_id=258#main\" data-orig-file=\"https:\/\/i1.wp.com\/www.dannwollenwirmal.de\/wp-content\/uploads\/2013\/12\/IR000142.jpg?fit=640%2C480\" data-orig-size=\"640,480\" data-comments-opened=\"1\" data-image-meta=\"{&quot;aperture&quot;:&quot;0&quot;,&quot;credit&quot;:&quot;&quot;,&quot;camera&quot;:&quot;&quot;,&quot;caption&quot;:&quot;&quot;,&quot;created_timestamp&quot;:&quot;0&quot;,&quot;copyright&quot;:&quot;&quot;,&quot;focal_length&quot;:&quot;0&quot;,&quot;iso&quot;:&quot;0&quot;,&quot;shutter_speed&quot;:&quot;0&quot;,&quot;title&quot;:&quot;&quot;}\" data-image-title=\"IR000142\" data-image-description=\"\" data-image-caption=\"\" data-medium-file=\"https:\/\/i1.wp.com\/www.dannwollenwirmal.de\/wp-content\/uploads\/2013\/12\/IR000142.jpg?fit=300%2C225\" data-large-file=\"https:\/\/i1.wp.com\/www.dannwollenwirmal.de\/wp-content\/uploads\/2013\/12\/IR000142.jpg?fit=640%2C480\" loading=\"lazy\" class=\"alignnone size-full wp-image-258\" alt=\"IR000142\" src=\"https:\/\/i1.wp.com\/www.dannwollenwirmal.de\/wp-content\/uploads\/2013\/12\/IR000142.jpg?resize=640%2C480\" width=\"640\" height=\"480\" srcset=\"https:\/\/i1.wp.com\/www.dannwollenwirmal.de\/wp-content\/uploads\/2013\/12\/IR000142.jpg?w=640 640w, https:\/\/i1.wp.com\/www.dannwollenwirmal.de\/wp-content\/uploads\/2013\/12\/IR000142.jpg?resize=300%2C225 300w\" sizes=\"(max-width: 640px) 100vw, 640px\" data-recalc-dims=\"1\" \/><\/a><br \/>\n<em>Bei der hinteren T\u00fcr hatte sich die eingelegte Dichtung etwas gel\u00f6st. Prompt sieht man, dass hier K\u00e4lte<br \/>\neindringen kann. Lie\u00df sich zum Gl\u00fcck durch nachdr\u00fccken der Dichtung beheben.<\/em><\/p>\n<p><a href=\"https:\/\/i0.wp.com\/www.dannwollenwirmal.de\/wp-content\/uploads\/2013\/12\/IR000147.jpg\"><img data-attachment-id=\"260\" data-permalink=\"http:\/\/www.dannwollenwirmal.de\/?attachment_id=260#main\" data-orig-file=\"https:\/\/i0.wp.com\/www.dannwollenwirmal.de\/wp-content\/uploads\/2013\/12\/IR000147.jpg?fit=640%2C480\" data-orig-size=\"640,480\" data-comments-opened=\"1\" data-image-meta=\"{&quot;aperture&quot;:&quot;0&quot;,&quot;credit&quot;:&quot;&quot;,&quot;camera&quot;:&quot;&quot;,&quot;caption&quot;:&quot;&quot;,&quot;created_timestamp&quot;:&quot;0&quot;,&quot;copyright&quot;:&quot;&quot;,&quot;focal_length&quot;:&quot;0&quot;,&quot;iso&quot;:&quot;0&quot;,&quot;shutter_speed&quot;:&quot;0&quot;,&quot;title&quot;:&quot;&quot;}\" data-image-title=\"IR000147\" data-image-description=\"\" data-image-caption=\"\" data-medium-file=\"https:\/\/i0.wp.com\/www.dannwollenwirmal.de\/wp-content\/uploads\/2013\/12\/IR000147.jpg?fit=300%2C225\" data-large-file=\"https:\/\/i0.wp.com\/www.dannwollenwirmal.de\/wp-content\/uploads\/2013\/12\/IR000147.jpg?fit=640%2C480\" loading=\"lazy\" class=\"alignnone size-full wp-image-260\" alt=\"IR000147\" src=\"https:\/\/i0.wp.com\/www.dannwollenwirmal.de\/wp-content\/uploads\/2013\/12\/IR000147.jpg?resize=640%2C480\" width=\"640\" height=\"480\" srcset=\"https:\/\/i0.wp.com\/www.dannwollenwirmal.de\/wp-content\/uploads\/2013\/12\/IR000147.jpg?w=640 640w, https:\/\/i0.wp.com\/www.dannwollenwirmal.de\/wp-content\/uploads\/2013\/12\/IR000147.jpg?resize=300%2C225 300w\" sizes=\"(max-width: 640px) 100vw, 640px\" data-recalc-dims=\"1\" \/><\/a><br \/>\n<em>Dachfenster: K\u00e4ltezone rund um den Rahmen, aber auch an der Glaseinfassung<\/em><\/p>\n<p><a href=\"https:\/\/i0.wp.com\/www.dannwollenwirmal.de\/wp-content\/uploads\/2013\/12\/IR000149.jpg\"><img data-attachment-id=\"261\" data-permalink=\"http:\/\/www.dannwollenwirmal.de\/?attachment_id=261#main\" data-orig-file=\"https:\/\/i0.wp.com\/www.dannwollenwirmal.de\/wp-content\/uploads\/2013\/12\/IR000149.jpg?fit=640%2C480\" data-orig-size=\"640,480\" data-comments-opened=\"1\" data-image-meta=\"{&quot;aperture&quot;:&quot;0&quot;,&quot;credit&quot;:&quot;&quot;,&quot;camera&quot;:&quot;&quot;,&quot;caption&quot;:&quot;&quot;,&quot;created_timestamp&quot;:&quot;0&quot;,&quot;copyright&quot;:&quot;&quot;,&quot;focal_length&quot;:&quot;0&quot;,&quot;iso&quot;:&quot;0&quot;,&quot;shutter_speed&quot;:&quot;0&quot;,&quot;title&quot;:&quot;&quot;}\" data-image-title=\"IR000149\" data-image-description=\"\" data-image-caption=\"\" data-medium-file=\"https:\/\/i0.wp.com\/www.dannwollenwirmal.de\/wp-content\/uploads\/2013\/12\/IR000149.jpg?fit=300%2C225\" data-large-file=\"https:\/\/i0.wp.com\/www.dannwollenwirmal.de\/wp-content\/uploads\/2013\/12\/IR000149.jpg?fit=640%2C480\" loading=\"lazy\" class=\"alignnone size-full wp-image-261\" alt=\"IR000149\" src=\"https:\/\/i0.wp.com\/www.dannwollenwirmal.de\/wp-content\/uploads\/2013\/12\/IR000149.jpg?resize=640%2C480\" width=\"640\" height=\"480\" srcset=\"https:\/\/i0.wp.com\/www.dannwollenwirmal.de\/wp-content\/uploads\/2013\/12\/IR000149.jpg?w=640 640w, https:\/\/i0.wp.com\/www.dannwollenwirmal.de\/wp-content\/uploads\/2013\/12\/IR000149.jpg?resize=300%2C225 300w\" sizes=\"(max-width: 640px) 100vw, 640px\" data-recalc-dims=\"1\" \/><\/a><br \/>\n<em>Blick durch den Dachbodenausgang auf die Schr\u00e4ge im Treppenhaus. Wurde fr\u00fcher so aufgebaut: Dachziegel,<br \/>\nRohrmatte, Putz, Tapete. Dementsprechend viel W\u00e4rme geht hier fl\u00f6ten. F\u00fcr die Stelle suche ich noch eine platzsparende<br \/>\nInnend\u00e4mmung, z.B. Rigitherm.<\/em><\/p>\n<p><a href=\"https:\/\/i0.wp.com\/www.dannwollenwirmal.de\/wp-content\/uploads\/2013\/12\/IR000150.jpg\"><img data-attachment-id=\"262\" data-permalink=\"http:\/\/www.dannwollenwirmal.de\/?attachment_id=262#main\" data-orig-file=\"https:\/\/i0.wp.com\/www.dannwollenwirmal.de\/wp-content\/uploads\/2013\/12\/IR000150.jpg?fit=640%2C480\" data-orig-size=\"640,480\" data-comments-opened=\"1\" data-image-meta=\"{&quot;aperture&quot;:&quot;0&quot;,&quot;credit&quot;:&quot;&quot;,&quot;camera&quot;:&quot;&quot;,&quot;caption&quot;:&quot;&quot;,&quot;created_timestamp&quot;:&quot;0&quot;,&quot;copyright&quot;:&quot;&quot;,&quot;focal_length&quot;:&quot;0&quot;,&quot;iso&quot;:&quot;0&quot;,&quot;shutter_speed&quot;:&quot;0&quot;,&quot;title&quot;:&quot;&quot;}\" data-image-title=\"IR000150\" data-image-description=\"\" data-image-caption=\"\" data-medium-file=\"https:\/\/i0.wp.com\/www.dannwollenwirmal.de\/wp-content\/uploads\/2013\/12\/IR000150.jpg?fit=300%2C225\" data-large-file=\"https:\/\/i0.wp.com\/www.dannwollenwirmal.de\/wp-content\/uploads\/2013\/12\/IR000150.jpg?fit=640%2C480\" loading=\"lazy\" class=\"alignnone size-full wp-image-262\" alt=\"IR000150\" src=\"https:\/\/i0.wp.com\/www.dannwollenwirmal.de\/wp-content\/uploads\/2013\/12\/IR000150.jpg?resize=640%2C480\" width=\"640\" height=\"480\" srcset=\"https:\/\/i0.wp.com\/www.dannwollenwirmal.de\/wp-content\/uploads\/2013\/12\/IR000150.jpg?w=640 640w, https:\/\/i0.wp.com\/www.dannwollenwirmal.de\/wp-content\/uploads\/2013\/12\/IR000150.jpg?resize=300%2C225 300w\" sizes=\"(max-width: 640px) 100vw, 640px\" data-recalc-dims=\"1\" \/><\/a><br \/>\n<em>Dieser Balken (Bildmitte) bleibt aus optischen und funktionalen Gr\u00fcnden frei und wird nicht verkleidet.<br \/>\nDie Sparrenfelder sind links und rechts ged\u00e4mmt, leichte K\u00e4ltezonen jedoch auch hier an den \u00dcberg\u00e4ngen.<\/em><\/p>\n<p><a href=\"https:\/\/i1.wp.com\/www.dannwollenwirmal.de\/wp-content\/uploads\/2013\/12\/IR000153.jpg\"><img data-attachment-id=\"263\" data-permalink=\"http:\/\/www.dannwollenwirmal.de\/?attachment_id=263#main\" data-orig-file=\"https:\/\/i1.wp.com\/www.dannwollenwirmal.de\/wp-content\/uploads\/2013\/12\/IR000153.jpg?fit=640%2C480\" data-orig-size=\"640,480\" data-comments-opened=\"1\" data-image-meta=\"{&quot;aperture&quot;:&quot;0&quot;,&quot;credit&quot;:&quot;&quot;,&quot;camera&quot;:&quot;&quot;,&quot;caption&quot;:&quot;&quot;,&quot;created_timestamp&quot;:&quot;0&quot;,&quot;copyright&quot;:&quot;&quot;,&quot;focal_length&quot;:&quot;0&quot;,&quot;iso&quot;:&quot;0&quot;,&quot;shutter_speed&quot;:&quot;0&quot;,&quot;title&quot;:&quot;&quot;}\" data-image-title=\"IR000153\" data-image-description=\"\" data-image-caption=\"\" data-medium-file=\"https:\/\/i1.wp.com\/www.dannwollenwirmal.de\/wp-content\/uploads\/2013\/12\/IR000153.jpg?fit=300%2C225\" data-large-file=\"https:\/\/i1.wp.com\/www.dannwollenwirmal.de\/wp-content\/uploads\/2013\/12\/IR000153.jpg?fit=640%2C480\" loading=\"lazy\" class=\"alignnone size-full wp-image-263\" alt=\"IR000153\" src=\"https:\/\/i1.wp.com\/www.dannwollenwirmal.de\/wp-content\/uploads\/2013\/12\/IR000153.jpg?resize=640%2C480\" width=\"640\" height=\"480\" srcset=\"https:\/\/i1.wp.com\/www.dannwollenwirmal.de\/wp-content\/uploads\/2013\/12\/IR000153.jpg?w=640 640w, https:\/\/i1.wp.com\/www.dannwollenwirmal.de\/wp-content\/uploads\/2013\/12\/IR000153.jpg?resize=300%2C225 300w\" sizes=\"(max-width: 640px) 100vw, 640px\" data-recalc-dims=\"1\" \/><\/a><br \/>\n<em>Jetzt von Au\u00dfen: die Oberfl\u00e4che der Haust\u00fcr ist deutlich w\u00e4rmer als die Au\u00dfenw\u00e4nde&#8230;<\/em><\/p>\n<p><a href=\"https:\/\/i1.wp.com\/www.dannwollenwirmal.de\/wp-content\/uploads\/2013\/12\/IR000156.jpg\"><img data-attachment-id=\"264\" data-permalink=\"http:\/\/www.dannwollenwirmal.de\/?attachment_id=264#main\" data-orig-file=\"https:\/\/i1.wp.com\/www.dannwollenwirmal.de\/wp-content\/uploads\/2013\/12\/IR000156.jpg?fit=640%2C480\" data-orig-size=\"640,480\" data-comments-opened=\"1\" data-image-meta=\"{&quot;aperture&quot;:&quot;0&quot;,&quot;credit&quot;:&quot;&quot;,&quot;camera&quot;:&quot;&quot;,&quot;caption&quot;:&quot;&quot;,&quot;created_timestamp&quot;:&quot;0&quot;,&quot;copyright&quot;:&quot;&quot;,&quot;focal_length&quot;:&quot;0&quot;,&quot;iso&quot;:&quot;0&quot;,&quot;shutter_speed&quot;:&quot;0&quot;,&quot;title&quot;:&quot;&quot;}\" data-image-title=\"IR000156\" data-image-description=\"\" data-image-caption=\"\" data-medium-file=\"https:\/\/i1.wp.com\/www.dannwollenwirmal.de\/wp-content\/uploads\/2013\/12\/IR000156.jpg?fit=300%2C225\" data-large-file=\"https:\/\/i1.wp.com\/www.dannwollenwirmal.de\/wp-content\/uploads\/2013\/12\/IR000156.jpg?fit=640%2C480\" loading=\"lazy\" class=\"alignnone size-full wp-image-264\" alt=\"IR000156\" src=\"https:\/\/i1.wp.com\/www.dannwollenwirmal.de\/wp-content\/uploads\/2013\/12\/IR000156.jpg?resize=640%2C480\" width=\"640\" height=\"480\" srcset=\"https:\/\/i1.wp.com\/www.dannwollenwirmal.de\/wp-content\/uploads\/2013\/12\/IR000156.jpg?w=640 640w, https:\/\/i1.wp.com\/www.dannwollenwirmal.de\/wp-content\/uploads\/2013\/12\/IR000156.jpg?resize=300%2C225 300w\" sizes=\"(max-width: 640px) 100vw, 640px\" data-recalc-dims=\"1\" \/><\/a><br \/>\n<em>Hauswand mit Fenstern. Die Wand wurde ja im anderen Bild gelb dargestellt, von daher kann man unterschiedliche<br \/>\nBilder nicht unbedingt anhand der Farben vergleichen.<\/em><\/p>\n<p><a href=\"https:\/\/i0.wp.com\/www.dannwollenwirmal.de\/wp-content\/uploads\/2013\/12\/IR000158.jpg\"><img data-attachment-id=\"265\" data-permalink=\"http:\/\/www.dannwollenwirmal.de\/?attachment_id=265#main\" data-orig-file=\"https:\/\/i0.wp.com\/www.dannwollenwirmal.de\/wp-content\/uploads\/2013\/12\/IR000158.jpg?fit=640%2C480\" data-orig-size=\"640,480\" data-comments-opened=\"1\" data-image-meta=\"{&quot;aperture&quot;:&quot;0&quot;,&quot;credit&quot;:&quot;&quot;,&quot;camera&quot;:&quot;&quot;,&quot;caption&quot;:&quot;&quot;,&quot;created_timestamp&quot;:&quot;0&quot;,&quot;copyright&quot;:&quot;&quot;,&quot;focal_length&quot;:&quot;0&quot;,&quot;iso&quot;:&quot;0&quot;,&quot;shutter_speed&quot;:&quot;0&quot;,&quot;title&quot;:&quot;&quot;}\" data-image-title=\"IR000158\" data-image-description=\"\" data-image-caption=\"\" data-medium-file=\"https:\/\/i0.wp.com\/www.dannwollenwirmal.de\/wp-content\/uploads\/2013\/12\/IR000158.jpg?fit=300%2C225\" data-large-file=\"https:\/\/i0.wp.com\/www.dannwollenwirmal.de\/wp-content\/uploads\/2013\/12\/IR000158.jpg?fit=640%2C480\" loading=\"lazy\" class=\"alignnone size-full wp-image-265\" alt=\"IR000158\" src=\"https:\/\/i0.wp.com\/www.dannwollenwirmal.de\/wp-content\/uploads\/2013\/12\/IR000158.jpg?resize=640%2C480\" width=\"640\" height=\"480\" srcset=\"https:\/\/i0.wp.com\/www.dannwollenwirmal.de\/wp-content\/uploads\/2013\/12\/IR000158.jpg?w=640 640w, https:\/\/i0.wp.com\/www.dannwollenwirmal.de\/wp-content\/uploads\/2013\/12\/IR000158.jpg?resize=300%2C225 300w\" sizes=\"(max-width: 640px) 100vw, 640px\" data-recalc-dims=\"1\" \/><\/a><br \/>\n<em>H\u00e4uschen von hinten. Linkes Fenster K\u00fcche (warm), rechtes Fenster Abstellkammer (nicht so warm), und<br \/>\nbei der Hinert\u00fcr ist die Schwachstelle auch die untere Dichtung.<\/em><\/p>\n<p>Nun, habe ich Kenntnisse daraus gewonnen? Vielleicht diese:<\/p>\n<p>&#8211; Bei modernen Fenstern ist nicht nur die Verglasung besser, sondern scheinbar auch die Dichtb\u00e4nder bzw. allgemein die<br \/>\nAbdichtung zum Geb\u00e4ude hin<\/p>\n<p>&#8211; Mangelhafte Dichtungen sind erstaunliche K\u00e4ltebr\u00fccken<\/p>\n<p>&#8211; die Treppenhaus-Schr\u00e4ge muss ged\u00e4mmt werden. Da habe ich nicht viel Platz (Kopffreiheit&#8230;), von daher wird&#8217;s wohl eine d\u00fcnne und daf\u00fcr ergiebige Platte werden<\/p>\n<p>&#8211; die Haust\u00fcr \u00e4rgert mich immer noch<\/p>\n<p>&#8211; letztendlich war es aber eine kleine Spielerei, wirklich gravierendes habe ich eher nicht gefunden<\/p>\n<p>Vielleicht gibt es auch Kameras, die etwas objektivere Farbskalen haben. Eigentlich kann es ja nicht sein, dass die selbe Wand auf einem Bild gelb und auf dem n\u00e4chsten blau dargestellt wird. Oder es war eine Einstellungssache&#8230;<\/p>\n<p>Auf jeden Fall ein spannendes Feld, die W\u00e4rmebildfotografie. Ich werde mich sicher eingehender damit besch\u00e4ftigen, wenn ich irgendwann vor Langeweile gar nicht mehr wei\u00df was ich tun soll. Bis es soweit ist (vielleicht noch so 30, 40 Jahre?) habe ich die Kamera brav zur\u00fcckgebracht und wei\u00df jetzt, wo&#8217;s zieht &#8211; oder eben nicht.<\/p>\n<div class=\"sharedaddy sd-sharing-enabled\"><div class=\"robots-nocontent sd-block sd-social sd-social-icon-text sd-sharing\"><h3 class=\"sd-title\">Teilen mit:<\/h3><div class=\"sd-content\"><ul><li class=\"share-email\"><a rel=\"nofollow noopener noreferrer\" data-shared=\"\" class=\"share-email sd-button share-icon\" href=\"http:\/\/www.dannwollenwirmal.de\/?p=252&amp;share=email\" target=\"_blank\" title=\"Klick, um dies einem Freund per E-Mail zu senden\"><span>E-Mail<\/span><\/a><\/li><li class=\"share-print\"><a rel=\"nofollow noopener noreferrer\" data-shared=\"\" class=\"share-print sd-button share-icon\" href=\"http:\/\/www.dannwollenwirmal.de\/?p=252\" target=\"_blank\" title=\"Klicken zum Ausdrucken\"><span>Drucken<\/span><\/a><\/li><li class=\"share-facebook\"><a rel=\"nofollow noopener noreferrer\" data-shared=\"sharing-facebook-252\" class=\"share-facebook sd-button share-icon\" href=\"http:\/\/www.dannwollenwirmal.de\/?p=252&amp;share=facebook\" target=\"_blank\" title=\"Klick, um auf Facebook zu teilen\"><span>Facebook<\/span><\/a><\/li><li class=\"share-twitter\"><a rel=\"nofollow noopener noreferrer\" data-shared=\"sharing-twitter-252\" class=\"share-twitter sd-button share-icon\" href=\"http:\/\/www.dannwollenwirmal.de\/?p=252&amp;share=twitter\" target=\"_blank\" title=\"Klick, um \u00fcber Twitter zu teilen\"><span>Twitter<\/span><\/a><\/li><li class=\"share-pinterest\"><a rel=\"nofollow noopener noreferrer\" data-shared=\"sharing-pinterest-252\" class=\"share-pinterest sd-button share-icon\" href=\"http:\/\/www.dannwollenwirmal.de\/?p=252&amp;share=pinterest\" target=\"_blank\" title=\"Klick, um auf Pinterest zu teilen\"><span>Pinterest<\/span><\/a><\/li><li class=\"share-linkedin\"><a rel=\"nofollow noopener noreferrer\" data-shared=\"sharing-linkedin-252\" class=\"share-linkedin sd-button share-icon\" href=\"http:\/\/www.dannwollenwirmal.de\/?p=252&amp;share=linkedin\" target=\"_blank\" title=\"Klick, um auf LinkedIn zu teilen\"><span>LinkedIn<\/span><\/a><\/li><li class=\"share-end\"><\/li><\/ul><\/div><\/div><\/div>","protected":false},"excerpt":{"rendered":"<p>Bevor ich meine Dachbodenisolierung endg\u00fcltig abschlie\u00dfe und n\u00e4chstes Jahr an den Ausbau gehe (n\u00e4chstes Jahr klingt noch so unglaublich weit weg, dabei sind es nur noch drei Wochen), wollte ich das Ganze mit einer W\u00e4rmebildkamera auf m\u00f6gliche K\u00e4ltebr\u00fccken hin untersuchen; also irgendwelche Schwachstellen in der Isolierung, die man sp\u00e4ter schlecht beheben kann. Eine W\u00e4rmebildkamera ist [&hellip;]<\/p>\n<div class=\"sharedaddy sd-sharing-enabled\"><div class=\"robots-nocontent sd-block sd-social sd-social-icon-text sd-sharing\"><h3 class=\"sd-title\">Teilen mit:<\/h3><div class=\"sd-content\"><ul><li class=\"share-email\"><a rel=\"nofollow noopener noreferrer\" data-shared=\"\" class=\"share-email sd-button share-icon\" href=\"http:\/\/www.dannwollenwirmal.de\/?p=252&amp;share=email\" target=\"_blank\" title=\"Klick, um dies einem Freund per E-Mail zu senden\"><span>E-Mail<\/span><\/a><\/li><li class=\"share-print\"><a rel=\"nofollow noopener noreferrer\" data-shared=\"\" class=\"share-print sd-button share-icon\" href=\"http:\/\/www.dannwollenwirmal.de\/?p=252\" target=\"_blank\" title=\"Klicken zum Ausdrucken\"><span>Drucken<\/span><\/a><\/li><li class=\"share-facebook\"><a rel=\"nofollow noopener noreferrer\" data-shared=\"sharing-facebook-252\" class=\"share-facebook sd-button share-icon\" href=\"http:\/\/www.dannwollenwirmal.de\/?p=252&amp;share=facebook\" target=\"_blank\" title=\"Klick, um auf Facebook zu teilen\"><span>Facebook<\/span><\/a><\/li><li class=\"share-twitter\"><a rel=\"nofollow noopener noreferrer\" data-shared=\"sharing-twitter-252\" class=\"share-twitter sd-button share-icon\" href=\"http:\/\/www.dannwollenwirmal.de\/?p=252&amp;share=twitter\" target=\"_blank\" title=\"Klick, um \u00fcber Twitter zu teilen\"><span>Twitter<\/span><\/a><\/li><li class=\"share-pinterest\"><a rel=\"nofollow noopener noreferrer\" data-shared=\"sharing-pinterest-252\" class=\"share-pinterest sd-button share-icon\" href=\"http:\/\/www.dannwollenwirmal.de\/?p=252&amp;share=pinterest\" target=\"_blank\" title=\"Klick, um auf Pinterest zu teilen\"><span>Pinterest<\/span><\/a><\/li><li class=\"share-linkedin\"><a rel=\"nofollow noopener noreferrer\" data-shared=\"sharing-linkedin-252\" class=\"share-linkedin sd-button share-icon\" href=\"http:\/\/www.dannwollenwirmal.de\/?p=252&amp;share=linkedin\" target=\"_blank\" title=\"Klick, um auf LinkedIn zu teilen\"><span>LinkedIn<\/span><\/a><\/li><li class=\"share-end\"><\/li><\/ul><\/div><\/div><\/div>","protected":false},"author":1,"featured_media":0,"comment_status":"open","ping_status":"open","sticky":false,"template":"","format":"standard","meta":{"advanced_seo_description":"","spay_email":"","jetpack_publicize_message":"","jetpack_is_tweetstorm":false,"jetpack_publicize_feature_enabled":true},"categories":[1,15],"tags":[74,75,73],"jetpack_featured_media_url":"","jetpack_publicize_connections":[],"jetpack_shortlink":"https:\/\/wp.me\/p3WtlO-44","jetpack_sharing_enabled":true,"jetpack-related-posts":[{"id":1737,"url":"http:\/\/www.dannwollenwirmal.de\/?p=1737","url_meta":{"origin":252,"position":0},"title":"Leuchtende Augen","date":"18. Dezember 2016","format":false,"excerpt":"Um kurz vor Weihnachten noch etwas Besinnlichkeit in die H\u00e4user der Menschen zu tragen, habe ich mein T\u00fcrsturz-Erh\u00f6hungs-Projekt nun beinahe fertiggestellt (lediglich die besonders lauten und stauberzeugenden Arbeiten werde ich erst an Heiligabend durchf\u00fchren). Zur Erinnerung: Es handelt sich um einige T\u00fcrst\u00fcrze, die ich neu gesetzt habe (es ist nicht\u2026","rel":"","context":"In &quot;Allgemein&quot;","img":{"alt_text":"","src":"https:\/\/i2.wp.com\/www.dannwollenwirmal.de\/wp-content\/uploads\/2016\/12\/IMG_5016.jpg?resize=350%2C200","width":350,"height":200},"classes":[]},{"id":1247,"url":"http:\/\/www.dannwollenwirmal.de\/?p=1247","url_meta":{"origin":252,"position":1},"title":"Der dannwollenwirmal-Jahresr\u00fcckblick","date":"27. Dezember 2015","format":false,"excerpt":"Statistisch gesehen sind die Zugriffszahlen auf diesen kleinen Anti-Besinnlichkeits-Blog zu Weihnachten immer am niedrigsten. Besonders der Heiligabend sticht hier negativ hervor. Scheinbar brauchen an diesem Tag nur wenige Menschen Ratschl\u00e4ge hinsichtlich Mauerdurchbr\u00fcchen und kleinen Sprengarbeiten (wobei das auch sehr sch\u00f6n sein kann, siehe diese Geschichte!) Also, lieber Leser, wir sind\u2026","rel":"","context":"In &quot;Allgemein&quot;","img":{"alt_text":"","src":"https:\/\/i0.wp.com\/www.dannwollenwirmal.de\/wp-content\/uploads\/2015\/12\/IMG_3955.jpg?resize=350%2C200","width":350,"height":200},"classes":[]},{"id":2134,"url":"http:\/\/www.dannwollenwirmal.de\/?p=2134","url_meta":{"origin":252,"position":2},"title":"Der dannwollenwirmal-Jahresr\u00fcckblick","date":"31. Dezember 2017","format":false,"excerpt":"Wenn der letzte Blogsonntag in diesem Jahr schon auf den 31.12. f\u00e4llt, werde ich nat\u00fcrlich die Gelegenheit nutzen, den traditionellen dannwollenwirmal-Jahresr\u00fcckblick heute abzuhandeln. Und was war da nicht alles los! Im\u00a0Januar habe ich das T\u00fcrsturz-Projekt fertiggestellt, bei dem einige T\u00fcr\u00f6ffnungen wegen ver\u00e4nderter Fu\u00dfbodensituation ein\u00a0Upsizing erfahren haben, sprich: es wurden die\u2026","rel":"","context":"In &quot;Allgemein&quot;","img":{"alt_text":"","src":"https:\/\/i0.wp.com\/www.dannwollenwirmal.de\/wp-content\/uploads\/2017\/01\/IMG_5049.jpg?resize=350%2C200","width":350,"height":200},"classes":[]},{"id":531,"url":"http:\/\/www.dannwollenwirmal.de\/?p=531","url_meta":{"origin":252,"position":3},"title":"Do-it-yourself im Urlaub","date":"19. August 2014","format":false,"excerpt":"Die gestrige Top-Suchanfrage \"feuerfester Bauschaum\" hat mich nur kurz irritiert - ich bin maximal entspannt, habe ich doch gerade eine Woche Urlaub(!) hinter mir. Die ersten vier, f\u00fcnf Ferientage verbringe ich immer damit, die Ferienwohnung handwerklich genauestens zu analysieren. Ein paar Probebohrungen in den Au\u00dfenw\u00e4nden bringen beispielsweise Aufschluss dar\u00fcber, ob\u2026","rel":"","context":"In &quot;Allgemein&quot;","img":{"alt_text":"","src":"https:\/\/i2.wp.com\/www.dannwollenwirmal.de\/wp-content\/uploads\/2014\/08\/ferien1.jpg?resize=350%2C200","width":350,"height":200},"classes":[]},{"id":1204,"url":"http:\/\/www.dannwollenwirmal.de\/?p=1204","url_meta":{"origin":252,"position":4},"title":"84 Jahre","date":"29. November 2015","format":false,"excerpt":"Daraus, dass ich kein gro\u00dfer Fassaden-D\u00e4mm-Freund bin, habe ich ja hier nie einen Hehl gemacht. Und doch muss ich mich unweigerlich mit der Thematik besch\u00e4ftigen, wenn bei uns n\u00e4chstes Jahr die Dacherneuerung ansteht. Denn nat\u00fcrlich kann ich nicht einfach im Liegestuhl liegen und den Dachdeckern zuprosten, ich nutze nat\u00fcrlich die\u2026","rel":"","context":"In &quot;Allgemein&quot;","img":{"alt_text":"","src":"","width":0,"height":0},"classes":[]},{"id":1773,"url":"http:\/\/www.dannwollenwirmal.de\/?p=1773","url_meta":{"origin":252,"position":5},"title":"Baumarktklatsche","date":"29. Januar 2017","format":false,"excerpt":"Habe ich schon erw\u00e4hnt, dass ich n\u00e4chstes Jahr gerne mal zur BAU nach M\u00fcnchen m\u00f6chte? Eine Fachmesse, auf der quasi alle namhaften Hersteller von Werkzeug und Zubeh\u00f6r vertreten sind und Menschen mit einer gewissen Werkzeugliebe vermutlich aus dem Staunen nicht mehr rauskommen. Ich suche daher auf diesem Wege einen Sponsor\u2026","rel":"","context":"In &quot;Allgemein&quot;","img":{"alt_text":"","src":"https:\/\/i2.wp.com\/www.dannwollenwirmal.de\/wp-content\/uploads\/2017\/01\/IMG_5064.jpg?resize=350%2C200","width":350,"height":200},"classes":[]}],"_links":{"self":[{"href":"http:\/\/www.dannwollenwirmal.de\/index.php?rest_route=\/wp\/v2\/posts\/252"}],"collection":[{"href":"http:\/\/www.dannwollenwirmal.de\/index.php?rest_route=\/wp\/v2\/posts"}],"about":[{"href":"http:\/\/www.dannwollenwirmal.de\/index.php?rest_route=\/wp\/v2\/types\/post"}],"author":[{"embeddable":true,"href":"http:\/\/www.dannwollenwirmal.de\/index.php?rest_route=\/wp\/v2\/users\/1"}],"replies":[{"embeddable":true,"href":"http:\/\/www.dannwollenwirmal.de\/index.php?rest_route=%2Fwp%2Fv2%2Fcomments&post=252"}],"version-history":[{"count":5,"href":"http:\/\/www.dannwollenwirmal.de\/index.php?rest_route=\/wp\/v2\/posts\/252\/revisions"}],"predecessor-version":[{"id":270,"href":"http:\/\/www.dannwollenwirmal.de\/index.php?rest_route=\/wp\/v2\/posts\/252\/revisions\/270"}],"wp:attachment":[{"href":"http:\/\/www.dannwollenwirmal.de\/index.php?rest_route=%2Fwp%2Fv2%2Fmedia&parent=252"}],"wp:term":[{"taxonomy":"category","embeddable":true,"href":"http:\/\/www.dannwollenwirmal.de\/index.php?rest_route=%2Fwp%2Fv2%2Fcategories&post=252"},{"taxonomy":"post_tag","embeddable":true,"href":"http:\/\/www.dannwollenwirmal.de\/index.php?rest_route=%2Fwp%2Fv2%2Ftags&post=252"}],"curies":[{"name":"wp","href":"https:\/\/api.w.org\/{rel}","templated":true}]}}