{"id":2351,"date":"2018-09-09T06:51:54","date_gmt":"2018-09-09T04:51:54","guid":{"rendered":"http:\/\/www.dannwollenwirmal.de\/?p=2351"},"modified":"2018-09-09T06:51:54","modified_gmt":"2018-09-09T04:51:54","slug":"rueckenwind","status":"publish","type":"post","link":"http:\/\/www.dannwollenwirmal.de\/?p=2351","title":{"rendered":"R\u00fcckenwind"},"content":{"rendered":"<p>So, allm\u00e4hlich wollen wir mal aufr\u00e4umen hier. Was? Ich wei\u00df, ich wei\u00df, f\u00fcnf Jahre ist schon ganz sch\u00f6n lang f\u00fcr ne Baustelle. Aber ich hatte ja auch mit einigen Problemen zu k\u00e4mpfen. Damals, die falsch gemischte Farbe? Oder die Sache mit der Bauschaumdose? Na, also.<\/p>\n<p>Das da hinten? Jaaaa, ist halt nicht ganz fertig geworden. Und das Loch da auch nicht. Und hier vorn wollte ich ja eigentlich auch noch&#8230; ich denke man gew\u00f6hnt sich daran. Man kann ja auch ne Blume davor stellen. An die Wand da \u00fcber das Dings h\u00e4ngen wir einfach ein Bild. Und soooo schief ist das hier vorne ja nun auch wieder nicht.<\/p>\n<p>Das Werkzeug r\u00e4um ich schon mal in den Anh\u00e4nger. Bitte? Klar werkel ich weiter. Nein, wird nix verkauft. Die n\u00e4chsten Projekte kommen bestimmt. Nur nicht hier.  Hier ist ja fast alles fertig. Okay, wenig Substanz, jaja. Alles nur Bits und Bytes. Hoffentlich l\u00f6scht das keiner, dann bleibt ja gar nichts mehr! Nochmal von vorne geht nicht.<\/p>\n<p>Ob das noch tropft dahinten? Nein, kann eigentlich nicht&#8230; obwohl doch, ein wenig. Ja, gucke ich nochmal, jaja. Und da hinten spachtel ich noch mal nach, ist ja gut.<\/p>\n<p>Hier hab ich noch ein paar Reste, die kann ich ja hier lassen? Nee, okay, nehm ich mit. Ja, auch hier, das sperrige Ding. Wenigstens den alten Heizk\u00f6rper? Ach, schade. Vielleicht vergesse ich ja was.<\/p>\n<p>Hier, das ist die Liste mit den Sachen, die nicht fertig geworden sind. Ja, ganz sch\u00f6n viele Seiten. Aber die Fertig-Liste ist noch l\u00e4nger! Na, also!<\/p>\n<p>Ich komme n\u00e4chste Woche noch mal wieder und fege durch. Gucke noch mal die Ecken durch und sammle meine Reste ein. Muss ja alles sauber und besenrein hinterlassen werden. Und alles was fertig ist, kannst du nat\u00fcrlich behalten. Die andere Liste nehm ich mit, ein St\u00fcck, in meinem Windschatten.<\/p>\n<div class=\"sharedaddy sd-sharing-enabled\"><div class=\"robots-nocontent sd-block sd-social sd-social-icon-text sd-sharing\"><h3 class=\"sd-title\">Teilen mit:<\/h3><div class=\"sd-content\"><ul><li class=\"share-email\"><a rel=\"nofollow noopener noreferrer\" data-shared=\"\" class=\"share-email sd-button share-icon\" href=\"http:\/\/www.dannwollenwirmal.de\/?p=2351&amp;share=email\" target=\"_blank\" title=\"Klick, um dies einem Freund per E-Mail zu senden\"><span>E-Mail<\/span><\/a><\/li><li class=\"share-print\"><a rel=\"nofollow noopener noreferrer\" data-shared=\"\" class=\"share-print sd-button share-icon\" href=\"http:\/\/www.dannwollenwirmal.de\/?p=2351\" target=\"_blank\" title=\"Klicken zum Ausdrucken\"><span>Drucken<\/span><\/a><\/li><li class=\"share-facebook\"><a rel=\"nofollow noopener noreferrer\" data-shared=\"sharing-facebook-2351\" class=\"share-facebook sd-button share-icon\" href=\"http:\/\/www.dannwollenwirmal.de\/?p=2351&amp;share=facebook\" target=\"_blank\" title=\"Klick, um auf Facebook zu teilen\"><span>Facebook<\/span><\/a><\/li><li class=\"share-twitter\"><a rel=\"nofollow noopener noreferrer\" data-shared=\"sharing-twitter-2351\" class=\"share-twitter sd-button share-icon\" href=\"http:\/\/www.dannwollenwirmal.de\/?p=2351&amp;share=twitter\" target=\"_blank\" title=\"Klick, um \u00fcber Twitter zu teilen\"><span>Twitter<\/span><\/a><\/li><li class=\"share-pinterest\"><a rel=\"nofollow noopener noreferrer\" data-shared=\"sharing-pinterest-2351\" class=\"share-pinterest sd-button share-icon\" href=\"http:\/\/www.dannwollenwirmal.de\/?p=2351&amp;share=pinterest\" target=\"_blank\" title=\"Klick, um auf Pinterest zu teilen\"><span>Pinterest<\/span><\/a><\/li><li class=\"share-linkedin\"><a rel=\"nofollow noopener noreferrer\" data-shared=\"sharing-linkedin-2351\" class=\"share-linkedin sd-button share-icon\" href=\"http:\/\/www.dannwollenwirmal.de\/?p=2351&amp;share=linkedin\" target=\"_blank\" title=\"Klick, um auf LinkedIn zu teilen\"><span>LinkedIn<\/span><\/a><\/li><li class=\"share-end\"><\/li><\/ul><\/div><\/div><\/div>","protected":false},"excerpt":{"rendered":"<p>So, allm\u00e4hlich wollen wir mal aufr\u00e4umen hier. Was? Ich wei\u00df, ich wei\u00df, f\u00fcnf Jahre ist schon ganz sch\u00f6n lang f\u00fcr ne Baustelle. Aber ich hatte ja auch mit einigen Problemen zu k\u00e4mpfen. Damals, die falsch gemischte Farbe? Oder die Sache mit der Bauschaumdose? Na, also. Das da hinten? Jaaaa, ist halt nicht ganz fertig geworden. [&hellip;]<\/p>\n<div class=\"sharedaddy sd-sharing-enabled\"><div class=\"robots-nocontent sd-block sd-social sd-social-icon-text sd-sharing\"><h3 class=\"sd-title\">Teilen mit:<\/h3><div class=\"sd-content\"><ul><li class=\"share-email\"><a rel=\"nofollow noopener noreferrer\" data-shared=\"\" class=\"share-email sd-button share-icon\" href=\"http:\/\/www.dannwollenwirmal.de\/?p=2351&amp;share=email\" target=\"_blank\" title=\"Klick, um dies einem Freund per E-Mail zu senden\"><span>E-Mail<\/span><\/a><\/li><li class=\"share-print\"><a rel=\"nofollow noopener noreferrer\" data-shared=\"\" class=\"share-print sd-button share-icon\" href=\"http:\/\/www.dannwollenwirmal.de\/?p=2351\" target=\"_blank\" title=\"Klicken zum Ausdrucken\"><span>Drucken<\/span><\/a><\/li><li class=\"share-facebook\"><a rel=\"nofollow noopener noreferrer\" data-shared=\"sharing-facebook-2351\" class=\"share-facebook sd-button share-icon\" href=\"http:\/\/www.dannwollenwirmal.de\/?p=2351&amp;share=facebook\" target=\"_blank\" title=\"Klick, um auf Facebook zu teilen\"><span>Facebook<\/span><\/a><\/li><li class=\"share-twitter\"><a rel=\"nofollow noopener noreferrer\" data-shared=\"sharing-twitter-2351\" class=\"share-twitter sd-button share-icon\" href=\"http:\/\/www.dannwollenwirmal.de\/?p=2351&amp;share=twitter\" target=\"_blank\" title=\"Klick, um \u00fcber Twitter zu teilen\"><span>Twitter<\/span><\/a><\/li><li class=\"share-pinterest\"><a rel=\"nofollow noopener noreferrer\" data-shared=\"sharing-pinterest-2351\" class=\"share-pinterest sd-button share-icon\" href=\"http:\/\/www.dannwollenwirmal.de\/?p=2351&amp;share=pinterest\" target=\"_blank\" title=\"Klick, um auf Pinterest zu teilen\"><span>Pinterest<\/span><\/a><\/li><li class=\"share-linkedin\"><a rel=\"nofollow noopener noreferrer\" data-shared=\"sharing-linkedin-2351\" class=\"share-linkedin sd-button share-icon\" href=\"http:\/\/www.dannwollenwirmal.de\/?p=2351&amp;share=linkedin\" target=\"_blank\" title=\"Klick, um auf LinkedIn zu teilen\"><span>LinkedIn<\/span><\/a><\/li><li class=\"share-end\"><\/li><\/ul><\/div><\/div><\/div>","protected":false},"author":1,"featured_media":0,"comment_status":"open","ping_status":"open","sticky":false,"template":"","format":"standard","meta":{"advanced_seo_description":"","spay_email":"","jetpack_publicize_message":"","jetpack_is_tweetstorm":false,"jetpack_publicize_feature_enabled":true},"categories":[1],"tags":[],"jetpack_featured_media_url":"","jetpack_publicize_connections":[],"jetpack_shortlink":"https:\/\/wp.me\/p3WtlO-BV","jetpack_sharing_enabled":true,"jetpack-related-posts":[{"id":1328,"url":"http:\/\/www.dannwollenwirmal.de\/?p=1328","url_meta":{"origin":2351,"position":0},"title":"Happy Birthday","date":"7. Februar 2016","format":false,"excerpt":"Nun ist es doch tats\u00e4chlich das erste mal, dass der Blogtag (also Sonntag) auf meinen Geburtstag f\u00e4llt. Oder andersrum. Aber was kann es sch\u00f6neres geben, als mit Euch zu feiern, liebe Leser? Kommt doch schonmal rein, bitte Schuhe ausziehen, weil der Estrich da vorne an der Ecke noch nicht ganz\u2026","rel":"","context":"In &quot;Allgemein&quot;","img":{"alt_text":"","src":"","width":0,"height":0},"classes":[]},{"id":1917,"url":"http:\/\/www.dannwollenwirmal.de\/?p=1917","url_meta":{"origin":2351,"position":1},"title":"Die Horrorwohnung, Teil II","date":"18. Juni 2017","format":false,"excerpt":"Willkommen zum zweiten Teil der Horrorwohnung, in der er so viel Pfusch gab, dass hier tats\u00e4chlich zwei Teile n\u00f6tig sind. Dabei habe ich das Ungemach zu Umzugsbeginn noch gar nicht erw\u00e4hnt, vielen Dank Herrn B. f\u00fcr das freundliche Erinnerungskommentar! Wir haben vorher in Hannover gewohnt, und in Innenst\u00e4dten ist es\u2026","rel":"","context":"In &quot;Allgemein&quot;","img":{"alt_text":"","src":"https:\/\/i2.wp.com\/www.dannwollenwirmal.de\/wp-content\/uploads\/2017\/06\/IMG_4700.jpg?resize=350%2C200","width":350,"height":200},"classes":[]},{"id":1306,"url":"http:\/\/www.dannwollenwirmal.de\/?p=1306","url_meta":{"origin":2351,"position":2},"title":"Astrein!","date":"24. Januar 2016","format":false,"excerpt":"Eigentlich w\u00e4re heute die Holzbalkendecke drangekommen. Und warum da eigentlich Nass-Estrich nichts drin zu suchen hat. Gerade, wo ich da neulich bein Bierchen dr\u00fcber diskutiert habe. Erstmal stellt man sich - oder ich mich - ja dann selbst in Frage. Ist das wirklich Gang und G\u00e4be? Habe ich da jetzt\u2026","rel":"","context":"In &quot;Allgemein&quot;","img":{"alt_text":"","src":"https:\/\/i2.wp.com\/www.dannwollenwirmal.de\/wp-content\/uploads\/2016\/01\/decke.jpg?resize=350%2C200","width":350,"height":200},"classes":[]},{"id":1669,"url":"http:\/\/www.dannwollenwirmal.de\/?p=1669","url_meta":{"origin":2351,"position":3},"title":"WKD","date":"23. Oktober 2016","format":false,"excerpt":"Diese Woche habe ich ein m\u00f6gliches Heilmittel gegen Werkzeugkaufdrang gefunden. Werkzeugkaufdrang, oder kurz WKD, bezeichnet die Begierde nach einem Werkzeug, die erst gestillt ist, wenn man es sein eigen nennt. So berichtete ich ja letzte Woche von einem kurzzeitigem Schleifgiraffen-WKD. Das Objekt der Beigierde w\u00e4re der Festool Planex LHS-255, kostet\u2026","rel":"","context":"In &quot;Allgemein&quot;","img":{"alt_text":"","src":"https:\/\/i0.wp.com\/www.dannwollenwirmal.de\/wp-content\/uploads\/2016\/10\/IMG_4907.jpg?resize=350%2C200","width":350,"height":200},"classes":[]},{"id":1434,"url":"http:\/\/www.dannwollenwirmal.de\/?p=1434","url_meta":{"origin":2351,"position":4},"title":"T\u00fcrkis?!","date":"17. April 2016","format":false,"excerpt":"Was f\u00fcr eine Woche! Sanostol ist wohl auch aufputschend? Auf jeden Fall habe ich reichlich geschafft, denn mich ereilte leichte Panik, als die Dachdecker gro\u00dfspurig mitteilten, sie w\u00fcrden diese Woche fertig. Vor meinem inneren Auge sah ich mich schon am letzten Ger\u00fcststiel h\u00e4ngen und irgendwas pinseln, w\u00e4hrend die Ger\u00fcstbauer um\u2026","rel":"","context":"In &quot;Allgemein&quot;","img":{"alt_text":"","src":"https:\/\/i1.wp.com\/www.dannwollenwirmal.de\/wp-content\/uploads\/2016\/04\/IMG_4276.jpg?resize=350%2C200","width":350,"height":200},"classes":[]},{"id":1837,"url":"http:\/\/www.dannwollenwirmal.de\/?p=1837","url_meta":{"origin":2351,"position":5},"title":"Baumarkt-Er\u00f6ffnung","date":"26. M\u00e4rz 2017","format":false,"excerpt":"Daraus, dass ich kein gro\u00dfer Baumarkt-Fan bin, habe ich ja noch nie einen Hehl gemacht. Eigentlich untypisch f\u00fcr einen Heimwerker, aber nach diversestestestesten Qualit\u00e4tsentt\u00e4uschungen bin ich ja mittlerweile bekennender Baustoffh\u00e4ndlerfreund. Doch manche Sachen ben\u00f6tigen eben doch den Baumarkt, beispielsweise ein Holzzuschnitt f\u00fcr eine Schrankwand (Nachbarschaftshilfe!), und zuf\u00e4llig traf es sich,\u2026","rel":"","context":"In &quot;Allgemein&quot;","img":{"alt_text":"","src":"","width":0,"height":0},"classes":[]}],"_links":{"self":[{"href":"http:\/\/www.dannwollenwirmal.de\/index.php?rest_route=\/wp\/v2\/posts\/2351"}],"collection":[{"href":"http:\/\/www.dannwollenwirmal.de\/index.php?rest_route=\/wp\/v2\/posts"}],"about":[{"href":"http:\/\/www.dannwollenwirmal.de\/index.php?rest_route=\/wp\/v2\/types\/post"}],"author":[{"embeddable":true,"href":"http:\/\/www.dannwollenwirmal.de\/index.php?rest_route=\/wp\/v2\/users\/1"}],"replies":[{"embeddable":true,"href":"http:\/\/www.dannwollenwirmal.de\/index.php?rest_route=%2Fwp%2Fv2%2Fcomments&post=2351"}],"version-history":[{"count":0,"href":"http:\/\/www.dannwollenwirmal.de\/index.php?rest_route=\/wp\/v2\/posts\/2351\/revisions"}],"wp:attachment":[{"href":"http:\/\/www.dannwollenwirmal.de\/index.php?rest_route=%2Fwp%2Fv2%2Fmedia&parent=2351"}],"wp:term":[{"taxonomy":"category","embeddable":true,"href":"http:\/\/www.dannwollenwirmal.de\/index.php?rest_route=%2Fwp%2Fv2%2Fcategories&post=2351"},{"taxonomy":"post_tag","embeddable":true,"href":"http:\/\/www.dannwollenwirmal.de\/index.php?rest_route=%2Fwp%2Fv2%2Ftags&post=2351"}],"curies":[{"name":"wp","href":"https:\/\/api.w.org\/{rel}","templated":true}]}}