{"id":2327,"date":"2018-07-15T08:00:13","date_gmt":"2018-07-15T06:00:13","guid":{"rendered":"http:\/\/www.dannwollenwirmal.de\/?p=2327"},"modified":"2018-07-27T19:07:14","modified_gmt":"2018-07-27T17:07:14","slug":"begehbarer-werkzeugschrank","status":"publish","type":"post","link":"http:\/\/www.dannwollenwirmal.de\/?p=2327","title":{"rendered":"Begehbarer Werkzeugschrank"},"content":{"rendered":"<p>Sch\u00f6n, dass ihr Euch alle so \u00fcber die Geschichte vom M\u00e4hroboter gefreut habt. Das ist aber auch ein kleiner Schlingel! Familie P. hat ihn mittlerweile auf einem Kleinanzeigenportal ver\u00e4u\u00dfert, dem neuen Besitzer ist er allerdings auch schon wieder abgehauen und befindet sich jetzt auf dem Weg nach Wei\u00dfrussland.<\/p>\n<p>Apropos weise: Wer sich regalm\u00e4\u00dfig nicht immer nur die Ikea-Standards ins Haus stellen m\u00f6chte, dem sei an dieser Stelle die Seite <a href=\"https:\/\/www.regalraum.com\/\"><strong>regalraum.com<\/strong><\/a> ans Herz gelegt. Hier gibt es schicke L\u00f6sungen f\u00fcr Wandregale und freistehende Varianten (das eine oder andere Bild ist auch eine Inspiration zum selber machen \ud83d\ude09 und selbst konfigurierbare Systeme f\u00fcr begehbare Kleiderschr\u00e4nke. Und wer keinen begehbaren Kleiderschrank braucht, kann ja einen begehbaren Werkzeugschrank daraus machen. Die \u00fcbliche Kleidung bekommt man locker auf 1-2 Klappst\u00fchlen unter, w\u00e4hrend das Werkzeug hochglanzpoliert im 24 m\u00b2-Werkzeugraum mit <em>regalraum<\/em>-Ausstattung aufgereiht ist. Aber tats\u00e4chlich ist auch was f\u00fcr Heimwerker dabei: Das <a href=\"https:\/\/www.regalraum.com\/de\/regale\/regalsysteme\/p-slot-wandregalsysteme\/p-slot-werkzeugwand.html\"><strong>Wer<\/strong><strong>kzeugwand-System<\/strong> <strong>von Regalraum<\/strong> <\/a>macht auf jeden Fall einen guten Eindruck!<\/p>\n<p>Viel mehr habe ich heute gar nicht zu berichten. Die Sonne scheint, das Wetter ist herrlich, also weg mit Euch vom Computer und raus an die frische Luft! Vielleicht was Sch\u00f6nes im Garten basteln? Man kann zum Beispiel, wo wir bei M\u00e4hroboter waren, ein Schaf aus Bauschaum modellieren, wei\u00df anmalen, Augen aufkleben und auf den Roboter setzen. Dann sieht es aus, als w\u00fcrde ein Schaf auf der Wiese grasen. Nicht meine Idee, aber bekloppt genug, um von mir sein zu k\u00f6nnen. Irgendwo habe ich doch noch&#8230;? Ach, leider habe ich keinen M\u00e4hroboter. K\u00f6nnte ich mir ja mal kaufen, im Kleinanzeigenportal habe ich da was G\u00fcnstiges entdeckt&#8230;<\/p>\n<p>&nbsp;<\/p>\n<div class=\"sharedaddy sd-sharing-enabled\"><div class=\"robots-nocontent sd-block sd-social sd-social-icon-text sd-sharing\"><h3 class=\"sd-title\">Teilen mit:<\/h3><div class=\"sd-content\"><ul><li class=\"share-email\"><a rel=\"nofollow noopener noreferrer\" data-shared=\"\" class=\"share-email sd-button share-icon\" href=\"http:\/\/www.dannwollenwirmal.de\/?p=2327&amp;share=email\" target=\"_blank\" title=\"Klick, um dies einem Freund per E-Mail zu senden\"><span>E-Mail<\/span><\/a><\/li><li class=\"share-print\"><a rel=\"nofollow noopener noreferrer\" data-shared=\"\" class=\"share-print sd-button share-icon\" href=\"http:\/\/www.dannwollenwirmal.de\/?p=2327\" target=\"_blank\" title=\"Klicken zum Ausdrucken\"><span>Drucken<\/span><\/a><\/li><li class=\"share-facebook\"><a rel=\"nofollow noopener noreferrer\" data-shared=\"sharing-facebook-2327\" class=\"share-facebook sd-button share-icon\" href=\"http:\/\/www.dannwollenwirmal.de\/?p=2327&amp;share=facebook\" target=\"_blank\" title=\"Klick, um auf Facebook zu teilen\"><span>Facebook<\/span><\/a><\/li><li class=\"share-twitter\"><a rel=\"nofollow noopener noreferrer\" data-shared=\"sharing-twitter-2327\" class=\"share-twitter sd-button share-icon\" href=\"http:\/\/www.dannwollenwirmal.de\/?p=2327&amp;share=twitter\" target=\"_blank\" title=\"Klick, um \u00fcber Twitter zu teilen\"><span>Twitter<\/span><\/a><\/li><li class=\"share-pinterest\"><a rel=\"nofollow noopener noreferrer\" data-shared=\"sharing-pinterest-2327\" class=\"share-pinterest sd-button share-icon\" href=\"http:\/\/www.dannwollenwirmal.de\/?p=2327&amp;share=pinterest\" target=\"_blank\" title=\"Klick, um auf Pinterest zu teilen\"><span>Pinterest<\/span><\/a><\/li><li class=\"share-linkedin\"><a rel=\"nofollow noopener noreferrer\" data-shared=\"sharing-linkedin-2327\" class=\"share-linkedin sd-button share-icon\" href=\"http:\/\/www.dannwollenwirmal.de\/?p=2327&amp;share=linkedin\" target=\"_blank\" title=\"Klick, um auf LinkedIn zu teilen\"><span>LinkedIn<\/span><\/a><\/li><li class=\"share-end\"><\/li><\/ul><\/div><\/div><\/div>","protected":false},"excerpt":{"rendered":"<p>Sch\u00f6n, dass ihr Euch alle so \u00fcber die Geschichte vom M\u00e4hroboter gefreut habt. Das ist aber auch ein kleiner Schlingel! Familie P. hat ihn mittlerweile auf einem Kleinanzeigenportal ver\u00e4u\u00dfert, dem neuen Besitzer ist er allerdings auch schon wieder abgehauen und befindet sich jetzt auf dem Weg nach Wei\u00dfrussland. Apropos weise: Wer sich regalm\u00e4\u00dfig nicht immer [&hellip;]<\/p>\n<div class=\"sharedaddy sd-sharing-enabled\"><div class=\"robots-nocontent sd-block sd-social sd-social-icon-text sd-sharing\"><h3 class=\"sd-title\">Teilen mit:<\/h3><div class=\"sd-content\"><ul><li class=\"share-email\"><a rel=\"nofollow noopener noreferrer\" data-shared=\"\" class=\"share-email sd-button share-icon\" href=\"http:\/\/www.dannwollenwirmal.de\/?p=2327&amp;share=email\" target=\"_blank\" title=\"Klick, um dies einem Freund per E-Mail zu senden\"><span>E-Mail<\/span><\/a><\/li><li class=\"share-print\"><a rel=\"nofollow noopener noreferrer\" data-shared=\"\" class=\"share-print sd-button share-icon\" href=\"http:\/\/www.dannwollenwirmal.de\/?p=2327\" target=\"_blank\" title=\"Klicken zum Ausdrucken\"><span>Drucken<\/span><\/a><\/li><li class=\"share-facebook\"><a rel=\"nofollow noopener noreferrer\" data-shared=\"sharing-facebook-2327\" class=\"share-facebook sd-button share-icon\" href=\"http:\/\/www.dannwollenwirmal.de\/?p=2327&amp;share=facebook\" target=\"_blank\" title=\"Klick, um auf Facebook zu teilen\"><span>Facebook<\/span><\/a><\/li><li class=\"share-twitter\"><a rel=\"nofollow noopener noreferrer\" data-shared=\"sharing-twitter-2327\" class=\"share-twitter sd-button share-icon\" href=\"http:\/\/www.dannwollenwirmal.de\/?p=2327&amp;share=twitter\" target=\"_blank\" title=\"Klick, um \u00fcber Twitter zu teilen\"><span>Twitter<\/span><\/a><\/li><li class=\"share-pinterest\"><a rel=\"nofollow noopener noreferrer\" data-shared=\"sharing-pinterest-2327\" class=\"share-pinterest sd-button share-icon\" href=\"http:\/\/www.dannwollenwirmal.de\/?p=2327&amp;share=pinterest\" target=\"_blank\" title=\"Klick, um auf Pinterest zu teilen\"><span>Pinterest<\/span><\/a><\/li><li class=\"share-linkedin\"><a rel=\"nofollow noopener noreferrer\" data-shared=\"sharing-linkedin-2327\" class=\"share-linkedin sd-button share-icon\" href=\"http:\/\/www.dannwollenwirmal.de\/?p=2327&amp;share=linkedin\" target=\"_blank\" title=\"Klick, um auf LinkedIn zu teilen\"><span>LinkedIn<\/span><\/a><\/li><li class=\"share-end\"><\/li><\/ul><\/div><\/div><\/div>","protected":false},"author":1,"featured_media":0,"comment_status":"open","ping_status":"open","sticky":false,"template":"","format":"standard","meta":{"advanced_seo_description":"","spay_email":"","jetpack_publicize_message":"","jetpack_is_tweetstorm":false,"jetpack_publicize_feature_enabled":true},"categories":[1,120,15],"tags":[641,642,640,639],"jetpack_featured_media_url":"","jetpack_publicize_connections":[],"jetpack_shortlink":"https:\/\/wp.me\/p3WtlO-Bx","jetpack_sharing_enabled":true,"jetpack-related-posts":[{"id":641,"url":"http:\/\/www.dannwollenwirmal.de\/?p=641","url_meta":{"origin":2327,"position":0},"title":"Die kleine Spachtelschule","date":"16. November 2014","format":false,"excerpt":"Ja, aber Holla die Waldfee, Baby! Da hab ich Teufelskerl doch in netto zwei Tagen quasi die ganze Spachtelei geschafft. Der Reibeputz ist bestellt und kommt Anfang n\u00e4chster Woche (K\u00f6rnung 1,5! Die muss bestellt werden. 2mm war mir - zumindest von diesem Hersteller -\u00a0 zu grob) und bis dahin will\u2026","rel":"","context":"In &quot;Allgemein&quot;","img":{"alt_text":"","src":"https:\/\/i1.wp.com\/www.dannwollenwirmal.de\/wp-content\/uploads\/2014\/11\/Schleifen.jpg?resize=350%2C200","width":350,"height":200},"classes":[]},{"id":1917,"url":"http:\/\/www.dannwollenwirmal.de\/?p=1917","url_meta":{"origin":2327,"position":1},"title":"Die Horrorwohnung, Teil II","date":"18. Juni 2017","format":false,"excerpt":"Willkommen zum zweiten Teil der Horrorwohnung, in der er so viel Pfusch gab, dass hier tats\u00e4chlich zwei Teile n\u00f6tig sind. Dabei habe ich das Ungemach zu Umzugsbeginn noch gar nicht erw\u00e4hnt, vielen Dank Herrn B. f\u00fcr das freundliche Erinnerungskommentar! Wir haben vorher in Hannover gewohnt, und in Innenst\u00e4dten ist es\u2026","rel":"","context":"In &quot;Allgemein&quot;","img":{"alt_text":"","src":"https:\/\/i2.wp.com\/www.dannwollenwirmal.de\/wp-content\/uploads\/2017\/06\/IMG_4700.jpg?resize=350%2C200","width":350,"height":200},"classes":[]},{"id":2050,"url":"http:\/\/www.dannwollenwirmal.de\/?p=2050","url_meta":{"origin":2327,"position":2},"title":"Leser fragen &#8211; dannwollenwirmal antwortet","date":"8. Oktober 2017","format":false,"excerpt":"Mein Beitrag \u00fcber die Radiokultur von letzter Woche hat ja scheinbar einen Nerv getroffen; ich habe viel Zuspruch erhalten und bin nun gewiss, nicht der einzige zu sein, dem es so geht. Von Nord bis S\u00fcd und Ost und West, \u00fcberalll das gleiche! Bremen eins hat sich bei mir gemeldet\u2026","rel":"","context":"In &quot;Allgemein&quot;","img":{"alt_text":"","src":"","width":0,"height":0},"classes":[]},{"id":2186,"url":"http:\/\/www.dannwollenwirmal.de\/?p=2186","url_meta":{"origin":2327,"position":3},"title":"Saunieren statt Sanieren","date":"18. Februar 2018","format":false,"excerpt":"Man kann ja nun nicht immer nur werken, kl\u00f6ppeln, s\u00e4gen und sch\u00e4umen, ab und zu darf man auch mal ein paar Tage entspannen und so ergab es sich, dass es mich nebst der holden Gemahlin am vergangenen Wochenende in den Harz, genauer gesagt, ins sch\u00f6ne Blankenburg, verschlug. Wir schenkten uns\u2026","rel":"","context":"In &quot;Allgemein&quot;","img":{"alt_text":"","src":"https:\/\/i2.wp.com\/www.dannwollenwirmal.de\/wp-content\/uploads\/2018\/02\/IMG_6162.jpg?resize=350%2C200","width":350,"height":200},"classes":[]},{"id":1737,"url":"http:\/\/www.dannwollenwirmal.de\/?p=1737","url_meta":{"origin":2327,"position":4},"title":"Leuchtende Augen","date":"18. Dezember 2016","format":false,"excerpt":"Um kurz vor Weihnachten noch etwas Besinnlichkeit in die H\u00e4user der Menschen zu tragen, habe ich mein T\u00fcrsturz-Erh\u00f6hungs-Projekt nun beinahe fertiggestellt (lediglich die besonders lauten und stauberzeugenden Arbeiten werde ich erst an Heiligabend durchf\u00fchren). Zur Erinnerung: Es handelt sich um einige T\u00fcrst\u00fcrze, die ich neu gesetzt habe (es ist nicht\u2026","rel":"","context":"In &quot;Allgemein&quot;","img":{"alt_text":"","src":"https:\/\/i2.wp.com\/www.dannwollenwirmal.de\/wp-content\/uploads\/2016\/12\/IMG_5016.jpg?resize=350%2C200","width":350,"height":200},"classes":[]},{"id":2128,"url":"http:\/\/www.dannwollenwirmal.de\/?p=2128","url_meta":{"origin":2327,"position":5},"title":"Das 24. T\u00fcrchen","date":"24. Dezember 2017","format":false,"excerpt":"Nun f\u00e4llt der Heiligabend tats\u00e4chlich auf einen Blogsonntag, oder eben umgekehrt. Davon lasse ich mich nat\u00fcrlich nicht irritieren. Der einzige Unterschied ist, dass an Heiligabend kaum jemand Zeit haben wird, diesen Post zu lesen. Ich selber mache ja am 24. traditionell die jeweils n\u00f6tigen Stemm- Maurer- und Abrissarbeiten und habe\u2026","rel":"","context":"In &quot;Allgemein&quot;","img":{"alt_text":"","src":"https:\/\/i0.wp.com\/www.dannwollenwirmal.de\/wp-content\/uploads\/2017\/12\/IMG_5982.jpg?resize=350%2C200","width":350,"height":200},"classes":[]}],"_links":{"self":[{"href":"http:\/\/www.dannwollenwirmal.de\/index.php?rest_route=\/wp\/v2\/posts\/2327"}],"collection":[{"href":"http:\/\/www.dannwollenwirmal.de\/index.php?rest_route=\/wp\/v2\/posts"}],"about":[{"href":"http:\/\/www.dannwollenwirmal.de\/index.php?rest_route=\/wp\/v2\/types\/post"}],"author":[{"embeddable":true,"href":"http:\/\/www.dannwollenwirmal.de\/index.php?rest_route=\/wp\/v2\/users\/1"}],"replies":[{"embeddable":true,"href":"http:\/\/www.dannwollenwirmal.de\/index.php?rest_route=%2Fwp%2Fv2%2Fcomments&post=2327"}],"version-history":[{"count":3,"href":"http:\/\/www.dannwollenwirmal.de\/index.php?rest_route=\/wp\/v2\/posts\/2327\/revisions"}],"predecessor-version":[{"id":2334,"href":"http:\/\/www.dannwollenwirmal.de\/index.php?rest_route=\/wp\/v2\/posts\/2327\/revisions\/2334"}],"wp:attachment":[{"href":"http:\/\/www.dannwollenwirmal.de\/index.php?rest_route=%2Fwp%2Fv2%2Fmedia&parent=2327"}],"wp:term":[{"taxonomy":"category","embeddable":true,"href":"http:\/\/www.dannwollenwirmal.de\/index.php?rest_route=%2Fwp%2Fv2%2Fcategories&post=2327"},{"taxonomy":"post_tag","embeddable":true,"href":"http:\/\/www.dannwollenwirmal.de\/index.php?rest_route=%2Fwp%2Fv2%2Ftags&post=2327"}],"curies":[{"name":"wp","href":"https:\/\/api.w.org\/{rel}","templated":true}]}}