{"id":2256,"date":"2018-05-06T10:24:14","date_gmt":"2018-05-06T08:24:14","guid":{"rendered":"http:\/\/www.dannwollenwirmal.de\/?p=2256"},"modified":"2018-05-06T10:24:14","modified_gmt":"2018-05-06T08:24:14","slug":"volles-programm","status":"publish","type":"post","link":"http:\/\/www.dannwollenwirmal.de\/?p=2256","title":{"rendered":"Volles Programm"},"content":{"rendered":"<p>Gestern, also am Samstag, habe ich dann tats\u00e4chlich mal richtig was geschafft rund um Heim und Garten. Von den Dingen, die ich mir vorgenommen habe, kann ich die meisten als erledigt abhaken. So habe ich beispielsweise die Fensterl\u00e4den neu gestrichen.<\/p>\n<p>Vor etwa zwei Jahren habe ich die Dinger gebaut (siehe <a href=\"http:\/\/www.dannwollenwirmal.de\/?cat=358\"><strong>hier<\/strong><\/a>!), und nun sehen die unteren allm\u00e4hlich unsch\u00f6n aus und vertragen einen neuen Anstrich. Ist die Zeit okay f\u00fcr Holz im Au\u00dfenbereich? Mir fehlt da bisher die Erfahrung, ich denke aber zwei Jahre sind schon in Ordnung. Gl\u00fccklicherweise sind die L\u00e4den im ersten Stock noch nicht dran (komischerweise sehen die noch gut aus), ich w\u00fcsste auch gar nicht, wie ich die abnehmen sollte, schwer und sperrig wie sie sind. Mit der Leiter oder aus dem Fenster? Keine gute Idee. Und ohne sie abzunehmen, direkt an der Fassade streichen&#8230;da h\u00e4tte ich angst, dass mir ein dicker Tropfen gr\u00fcner Farbe quer \u00fcber die Fassade weht und nie mehr ab geht.<\/p>\n<p><a href=\"https:\/\/i0.wp.com\/www.dannwollenwirmal.de\/wp-content\/uploads\/2018\/05\/IMG_6393.jpg\"><img data-attachment-id=\"2257\" data-permalink=\"http:\/\/www.dannwollenwirmal.de\/?attachment_id=2257#main\" data-orig-file=\"https:\/\/i0.wp.com\/www.dannwollenwirmal.de\/wp-content\/uploads\/2018\/05\/IMG_6393.jpg?fit=652%2C652\" data-orig-size=\"652,652\" data-comments-opened=\"1\" data-image-meta=\"{&quot;aperture&quot;:&quot;2.2&quot;,&quot;credit&quot;:&quot;&quot;,&quot;camera&quot;:&quot;iPhone 6s&quot;,&quot;caption&quot;:&quot;&quot;,&quot;created_timestamp&quot;:&quot;1525518375&quot;,&quot;copyright&quot;:&quot;&quot;,&quot;focal_length&quot;:&quot;4.15&quot;,&quot;iso&quot;:&quot;25&quot;,&quot;shutter_speed&quot;:&quot;0.01&quot;,&quot;title&quot;:&quot;&quot;,&quot;orientation&quot;:&quot;1&quot;}\" data-image-title=\"IMG_6393\" data-image-description=\"&lt;p&gt;Fensterl\u00e4den streichen&lt;\/p&gt;\n\" data-image-caption=\"\" data-medium-file=\"https:\/\/i0.wp.com\/www.dannwollenwirmal.de\/wp-content\/uploads\/2018\/05\/IMG_6393.jpg?fit=300%2C300\" data-large-file=\"https:\/\/i0.wp.com\/www.dannwollenwirmal.de\/wp-content\/uploads\/2018\/05\/IMG_6393.jpg?fit=652%2C652\" loading=\"lazy\" class=\"alignnone size-full wp-image-2257\" src=\"https:\/\/i0.wp.com\/www.dannwollenwirmal.de\/wp-content\/uploads\/2018\/05\/IMG_6393.jpg?resize=652%2C652\" alt=\"\" width=\"652\" height=\"652\" srcset=\"https:\/\/i0.wp.com\/www.dannwollenwirmal.de\/wp-content\/uploads\/2018\/05\/IMG_6393.jpg?w=652 652w, https:\/\/i0.wp.com\/www.dannwollenwirmal.de\/wp-content\/uploads\/2018\/05\/IMG_6393.jpg?resize=150%2C150 150w, https:\/\/i0.wp.com\/www.dannwollenwirmal.de\/wp-content\/uploads\/2018\/05\/IMG_6393.jpg?resize=300%2C300 300w\" sizes=\"(max-width: 652px) 100vw, 652px\" data-recalc-dims=\"1\" \/><\/a><br \/>\n<em>Neubegr\u00fcnung<\/em><\/p>\n<p>Auch wurde ich damals gewarnt, die verwendete Holzart sei nicht ma\u00dfhaltig (was war denn das nochmal? Kiefer? Wei\u00df das noch einer? \ud83d\ude42 ); hier und da hat es sich ein bi\u00dfchen verzogen, aber f\u00fcr Fensterl\u00e4den allemal akzeptabel. Beim Fenster- oder T\u00fcrenbau, wo es auf den Millimeter ankommt, w\u00fcrde ich allerdings ein ma\u00dfhaltiges Holz verwenden.<\/p>\n<p>Vor dem Anstrich wurde einem\u00a0<em>angeschliffen<\/em> und dann mit Pinsel und schmaler Schaumstoffrolle die neue Farbe aufgetragen. Das muss ich nun wohl etwa alle zwei Jahre machen, aber das werde ich wohl schaffen.<\/p>\n<p><a href=\"https:\/\/i2.wp.com\/www.dannwollenwirmal.de\/wp-content\/uploads\/2018\/05\/IMG_6395.jpg\"><img data-attachment-id=\"2258\" data-permalink=\"http:\/\/www.dannwollenwirmal.de\/?attachment_id=2258#main\" data-orig-file=\"https:\/\/i2.wp.com\/www.dannwollenwirmal.de\/wp-content\/uploads\/2018\/05\/IMG_6395.jpg?fit=652%2C652\" data-orig-size=\"652,652\" data-comments-opened=\"1\" data-image-meta=\"{&quot;aperture&quot;:&quot;2.2&quot;,&quot;credit&quot;:&quot;&quot;,&quot;camera&quot;:&quot;iPhone 6s&quot;,&quot;caption&quot;:&quot;&quot;,&quot;created_timestamp&quot;:&quot;1525531135&quot;,&quot;copyright&quot;:&quot;&quot;,&quot;focal_length&quot;:&quot;4.15&quot;,&quot;iso&quot;:&quot;25&quot;,&quot;shutter_speed&quot;:&quot;0.01&quot;,&quot;title&quot;:&quot;&quot;,&quot;orientation&quot;:&quot;1&quot;}\" data-image-title=\"IMG_6395\" data-image-description=\"\" data-image-caption=\"\" data-medium-file=\"https:\/\/i2.wp.com\/www.dannwollenwirmal.de\/wp-content\/uploads\/2018\/05\/IMG_6395.jpg?fit=300%2C300\" data-large-file=\"https:\/\/i2.wp.com\/www.dannwollenwirmal.de\/wp-content\/uploads\/2018\/05\/IMG_6395.jpg?fit=652%2C652\" loading=\"lazy\" class=\"alignnone size-full wp-image-2258\" src=\"https:\/\/i2.wp.com\/www.dannwollenwirmal.de\/wp-content\/uploads\/2018\/05\/IMG_6395.jpg?resize=652%2C652\" alt=\"\" width=\"652\" height=\"652\" srcset=\"https:\/\/i2.wp.com\/www.dannwollenwirmal.de\/wp-content\/uploads\/2018\/05\/IMG_6395.jpg?w=652 652w, https:\/\/i2.wp.com\/www.dannwollenwirmal.de\/wp-content\/uploads\/2018\/05\/IMG_6395.jpg?resize=150%2C150 150w, https:\/\/i2.wp.com\/www.dannwollenwirmal.de\/wp-content\/uploads\/2018\/05\/IMG_6395.jpg?resize=300%2C300 300w\" sizes=\"(max-width: 652px) 100vw, 652px\" data-recalc-dims=\"1\" \/><br \/>\n<\/a><em>Auch der Zaun kommt dran!<\/em><\/p>\n<p>Und wo ich schon grad beim Pinseln bin, erh\u00e4lt auch meine Kellertreppenumrandung (die ich vor vier Jahren gebaut habe, sie <a href=\"http:\/\/www.dannwollenwirmal.de\/?cat=329\"><strong>hier<\/strong><\/a>) einen neuen Anstrich. Der Lack hat hier also deutlich l\u00e4nger gehalten, das kann einerseits daran liegen, dass der kleine Zaun direkt am Haus nicht so der Witterung ausgesetzt ist wie die Fensterl\u00e4den an der Fassade, oder vielleicht auch ein wenig daran, dass die L\u00e4den gespritzt und der Zaun gerollt wurde? Beim Spritzen dringt die Farbe wohl einfach nicht so tief ins Holz wie beim Rollen oder Pinseln. Wenn die Fensterl\u00e4den jetzt (nach dem Rollen) auch vier Jahre halten, stimmt die Theorie.<\/p>\n<p><a href=\"https:\/\/i2.wp.com\/www.dannwollenwirmal.de\/wp-content\/uploads\/2018\/05\/IMG_6389.jpg\"><img data-attachment-id=\"2259\" data-permalink=\"http:\/\/www.dannwollenwirmal.de\/?attachment_id=2259#main\" data-orig-file=\"https:\/\/i2.wp.com\/www.dannwollenwirmal.de\/wp-content\/uploads\/2018\/05\/IMG_6389.jpg?fit=652%2C652\" data-orig-size=\"652,652\" data-comments-opened=\"1\" data-image-meta=\"{&quot;aperture&quot;:&quot;2.2&quot;,&quot;credit&quot;:&quot;&quot;,&quot;camera&quot;:&quot;iPhone 6s&quot;,&quot;caption&quot;:&quot;&quot;,&quot;created_timestamp&quot;:&quot;1525514280&quot;,&quot;copyright&quot;:&quot;&quot;,&quot;focal_length&quot;:&quot;4.15&quot;,&quot;iso&quot;:&quot;25&quot;,&quot;shutter_speed&quot;:&quot;0.0017035775127768&quot;,&quot;title&quot;:&quot;&quot;,&quot;orientation&quot;:&quot;1&quot;}\" data-image-title=\"IMG_6389\" data-image-description=\"&lt;p&gt;Holzterasse reinigen&lt;\/p&gt;\n\" data-image-caption=\"\" data-medium-file=\"https:\/\/i2.wp.com\/www.dannwollenwirmal.de\/wp-content\/uploads\/2018\/05\/IMG_6389.jpg?fit=300%2C300\" data-large-file=\"https:\/\/i2.wp.com\/www.dannwollenwirmal.de\/wp-content\/uploads\/2018\/05\/IMG_6389.jpg?fit=652%2C652\" loading=\"lazy\" class=\"alignnone size-full wp-image-2259\" src=\"https:\/\/i2.wp.com\/www.dannwollenwirmal.de\/wp-content\/uploads\/2018\/05\/IMG_6389.jpg?resize=652%2C652\" alt=\"\" width=\"652\" height=\"652\" srcset=\"https:\/\/i2.wp.com\/www.dannwollenwirmal.de\/wp-content\/uploads\/2018\/05\/IMG_6389.jpg?w=652 652w, https:\/\/i2.wp.com\/www.dannwollenwirmal.de\/wp-content\/uploads\/2018\/05\/IMG_6389.jpg?resize=150%2C150 150w, https:\/\/i2.wp.com\/www.dannwollenwirmal.de\/wp-content\/uploads\/2018\/05\/IMG_6389.jpg?resize=300%2C300 300w\" sizes=\"(max-width: 652px) 100vw, 652px\" data-recalc-dims=\"1\" \/><\/a><br \/>\n<em>Holzterrasse pimpen<\/em><\/p>\n<p>Ebenfalls vor vier Jahren habe ich die Holzterrasse gebaut (siehe <a href=\"http:\/\/www.dannwollenwirmal.de\/?cat=336\"><strong>hier<\/strong><\/a>), die wurde nach zwei Jahren bereits nachge\u00f6lt und war nun dementsprechend wieder dran. Nach dem groben Abfegen bin ich mit Hochdruckreiniger und Dreckfr\u00e4se ans Werk gegangen; die Dreckfr\u00e4se, f\u00fcr alle die es nicht kennen, ist ein Aufsatz f\u00fcr den Hochdruckreiniger, durch den der Strahl rotiert und die sehr effizient reinigt. Und so wurden die Rillen in den Dielen auch richtig sch\u00f6n sauber.<\/p>\n<p>Nach dem Trocknen habe ich dann rundherum Pappstreifen zwischen Dielen und Steinkante gesteckt, damit ich nicht das Umfeld mit\u00f6le, und mit einem Quast am Malerstiel wurde dann das \u00d6l (hier: Osmo L\u00e4rchen\u00f6l) gleichm\u00e4\u00dfig aufgetragen.<\/p>\n<p><a href=\"https:\/\/i0.wp.com\/www.dannwollenwirmal.de\/wp-content\/uploads\/2018\/05\/IMG_6396.jpg\"><img data-attachment-id=\"2260\" data-permalink=\"http:\/\/www.dannwollenwirmal.de\/?attachment_id=2260#main\" data-orig-file=\"https:\/\/i0.wp.com\/www.dannwollenwirmal.de\/wp-content\/uploads\/2018\/05\/IMG_6396.jpg?fit=652%2C652\" data-orig-size=\"652,652\" data-comments-opened=\"1\" data-image-meta=\"{&quot;aperture&quot;:&quot;2.2&quot;,&quot;credit&quot;:&quot;&quot;,&quot;camera&quot;:&quot;iPhone 6s&quot;,&quot;caption&quot;:&quot;&quot;,&quot;created_timestamp&quot;:&quot;1525537307&quot;,&quot;copyright&quot;:&quot;&quot;,&quot;focal_length&quot;:&quot;4.15&quot;,&quot;iso&quot;:&quot;40&quot;,&quot;shutter_speed&quot;:&quot;0.01&quot;,&quot;title&quot;:&quot;&quot;,&quot;orientation&quot;:&quot;1&quot;}\" data-image-title=\"IMG_6396\" data-image-description=\"&lt;p&gt;Terrasse \u00f6len&lt;\/p&gt;\n\" data-image-caption=\"\" data-medium-file=\"https:\/\/i0.wp.com\/www.dannwollenwirmal.de\/wp-content\/uploads\/2018\/05\/IMG_6396.jpg?fit=300%2C300\" data-large-file=\"https:\/\/i0.wp.com\/www.dannwollenwirmal.de\/wp-content\/uploads\/2018\/05\/IMG_6396.jpg?fit=652%2C652\" loading=\"lazy\" class=\"alignnone size-full wp-image-2260\" src=\"https:\/\/i0.wp.com\/www.dannwollenwirmal.de\/wp-content\/uploads\/2018\/05\/IMG_6396.jpg?resize=652%2C652\" alt=\"\" width=\"652\" height=\"652\" srcset=\"https:\/\/i0.wp.com\/www.dannwollenwirmal.de\/wp-content\/uploads\/2018\/05\/IMG_6396.jpg?w=652 652w, https:\/\/i0.wp.com\/www.dannwollenwirmal.de\/wp-content\/uploads\/2018\/05\/IMG_6396.jpg?resize=150%2C150 150w, https:\/\/i0.wp.com\/www.dannwollenwirmal.de\/wp-content\/uploads\/2018\/05\/IMG_6396.jpg?resize=300%2C300 300w\" sizes=\"(max-width: 652px) 100vw, 652px\" data-recalc-dims=\"1\" \/><\/a><br \/>\n<em>Terrasse \u00f6len<\/em><\/p>\n<p>Beim Kauf des \u00d6ls im Holzfachhandel entspann sich \u00fcbrigens folgender Dialog:<\/p>\n<p>&#8222;Zu dem \u00d6l nehme ich dann noch den Fl\u00e4chenstreicher. Oh, Moment, kostet der wirklich 25 Euro?&#8220;<br \/>\n&#8222;Ja, der ist leider so teuer&#8230;&#8220;<br \/>\n&#8222;Und wenn ich jetzt einen einfachen Tapezierquast nehme?&#8220;<br \/>\n&#8222;Ganz ehrlich? Ich denke, das geht genau so gut.&#8220;<\/p>\n<p>Und so war es dann auch. Letztes mal habe ich mir tats\u00e4chlich den teurer &#8222;Fl\u00e4chenstreicher&#8220; gekauft (der ist nat\u00fcrlich mittlerweile hart geworden, wie alle meine Pinsel). Diesmal der einfache Quast f\u00fcr ein F\u00fcnftel des Preises.<\/p>\n<p><a href=\"https:\/\/i1.wp.com\/www.dannwollenwirmal.de\/wp-content\/uploads\/2018\/05\/IMG_6397.jpg\"><img data-attachment-id=\"2261\" data-permalink=\"http:\/\/www.dannwollenwirmal.de\/?attachment_id=2261#main\" data-orig-file=\"https:\/\/i1.wp.com\/www.dannwollenwirmal.de\/wp-content\/uploads\/2018\/05\/IMG_6397.jpg?fit=652%2C652\" data-orig-size=\"652,652\" data-comments-opened=\"1\" data-image-meta=\"{&quot;aperture&quot;:&quot;2.2&quot;,&quot;credit&quot;:&quot;&quot;,&quot;camera&quot;:&quot;iPhone 6s&quot;,&quot;caption&quot;:&quot;&quot;,&quot;created_timestamp&quot;:&quot;1525537972&quot;,&quot;copyright&quot;:&quot;&quot;,&quot;focal_length&quot;:&quot;4.15&quot;,&quot;iso&quot;:&quot;25&quot;,&quot;shutter_speed&quot;:&quot;0.02&quot;,&quot;title&quot;:&quot;&quot;,&quot;orientation&quot;:&quot;1&quot;}\" data-image-title=\"IMG_6397\" data-image-description=\"&lt;p&gt;Terrasse vorher nachher&lt;\/p&gt;\n\" data-image-caption=\"\" data-medium-file=\"https:\/\/i1.wp.com\/www.dannwollenwirmal.de\/wp-content\/uploads\/2018\/05\/IMG_6397.jpg?fit=300%2C300\" data-large-file=\"https:\/\/i1.wp.com\/www.dannwollenwirmal.de\/wp-content\/uploads\/2018\/05\/IMG_6397.jpg?fit=652%2C652\" loading=\"lazy\" class=\"alignnone size-full wp-image-2261\" src=\"https:\/\/i1.wp.com\/www.dannwollenwirmal.de\/wp-content\/uploads\/2018\/05\/IMG_6397.jpg?resize=652%2C652\" alt=\"\" width=\"652\" height=\"652\" srcset=\"https:\/\/i1.wp.com\/www.dannwollenwirmal.de\/wp-content\/uploads\/2018\/05\/IMG_6397.jpg?w=652 652w, https:\/\/i1.wp.com\/www.dannwollenwirmal.de\/wp-content\/uploads\/2018\/05\/IMG_6397.jpg?resize=150%2C150 150w, https:\/\/i1.wp.com\/www.dannwollenwirmal.de\/wp-content\/uploads\/2018\/05\/IMG_6397.jpg?resize=300%2C300 300w\" sizes=\"(max-width: 652px) 100vw, 652px\" data-recalc-dims=\"1\" \/><\/a><br \/>\n<em>Vorher &#8211; nachher<\/em><\/p>\n<p>Hier noch der Vergleich mit und ohne \u00d6l. Ein paar dunkle Stellen hat das Holz mittlerweile, die fallen aber in real weniger auf als hier auf dem Foto.<\/p>\n<p><a href=\"https:\/\/i1.wp.com\/www.dannwollenwirmal.de\/wp-content\/uploads\/2018\/05\/IMG_6398.jpg\"><img data-attachment-id=\"2262\" data-permalink=\"http:\/\/www.dannwollenwirmal.de\/?attachment_id=2262#main\" data-orig-file=\"https:\/\/i1.wp.com\/www.dannwollenwirmal.de\/wp-content\/uploads\/2018\/05\/IMG_6398.jpg?fit=652%2C652\" data-orig-size=\"652,652\" data-comments-opened=\"1\" data-image-meta=\"{&quot;aperture&quot;:&quot;2.2&quot;,&quot;credit&quot;:&quot;&quot;,&quot;camera&quot;:&quot;iPhone 6s&quot;,&quot;caption&quot;:&quot;&quot;,&quot;created_timestamp&quot;:&quot;1525540470&quot;,&quot;copyright&quot;:&quot;&quot;,&quot;focal_length&quot;:&quot;4.15&quot;,&quot;iso&quot;:&quot;25&quot;,&quot;shutter_speed&quot;:&quot;0.0012870012870013&quot;,&quot;title&quot;:&quot;&quot;,&quot;orientation&quot;:&quot;1&quot;}\" data-image-title=\"IMG_6398\" data-image-description=\"&lt;p&gt;Zaun streichen&lt;\/p&gt;\n\" data-image-caption=\"\" data-medium-file=\"https:\/\/i1.wp.com\/www.dannwollenwirmal.de\/wp-content\/uploads\/2018\/05\/IMG_6398.jpg?fit=300%2C300\" data-large-file=\"https:\/\/i1.wp.com\/www.dannwollenwirmal.de\/wp-content\/uploads\/2018\/05\/IMG_6398.jpg?fit=652%2C652\" loading=\"lazy\" class=\"alignnone size-full wp-image-2262\" src=\"https:\/\/i1.wp.com\/www.dannwollenwirmal.de\/wp-content\/uploads\/2018\/05\/IMG_6398.jpg?resize=652%2C652\" alt=\"\" width=\"652\" height=\"652\" srcset=\"https:\/\/i1.wp.com\/www.dannwollenwirmal.de\/wp-content\/uploads\/2018\/05\/IMG_6398.jpg?w=652 652w, https:\/\/i1.wp.com\/www.dannwollenwirmal.de\/wp-content\/uploads\/2018\/05\/IMG_6398.jpg?resize=150%2C150 150w, https:\/\/i1.wp.com\/www.dannwollenwirmal.de\/wp-content\/uploads\/2018\/05\/IMG_6398.jpg?resize=300%2C300 300w\" sizes=\"(max-width: 652px) 100vw, 652px\" data-recalc-dims=\"1\" \/><\/a><br \/>\n<em>Zaun streichen<\/em><\/p>\n<p>Zuguterletzt habe ich sogar noch den Zaun an der Stra\u00dfe gestrichen. Der war vorher braun, bekommt aber jetzt auch ein Schwedenrot.\u00a0 Somit habe ich nun s\u00e4mtliches Holz im Au\u00dfenbereich auf drei Farben reduziert: wei\u00df, moosgr\u00fcn, schwedenrot. Das spart mir das Kaufen von 78 verschiedenen Farbt\u00f6pfen, die \u00fcber die Jahre vor sich hin trocknen.<\/p>\n<p>Au\u00dferdem habe ich gestern noch die Hecke geschnitten, eine kleine Buche gekappt, Unkraut gej\u00e4tet, gefegt und gek\u00e4rchert. Und abends, p\u00fcnktlich, zum zw\u00f6lften Hochzeitstag, die Holdeste zum Spargelessen ausgef\u00fchrt.<\/p>\n<p>Danach dann aber auch todm\u00fcde ins Bett gefallen.<\/p>\n<p>&nbsp;<\/p>\n<div class=\"sharedaddy sd-sharing-enabled\"><div class=\"robots-nocontent sd-block sd-social sd-social-icon-text sd-sharing\"><h3 class=\"sd-title\">Teilen mit:<\/h3><div class=\"sd-content\"><ul><li class=\"share-email\"><a rel=\"nofollow noopener noreferrer\" data-shared=\"\" class=\"share-email sd-button share-icon\" href=\"http:\/\/www.dannwollenwirmal.de\/?p=2256&amp;share=email\" target=\"_blank\" title=\"Klick, um dies einem Freund per E-Mail zu senden\"><span>E-Mail<\/span><\/a><\/li><li class=\"share-print\"><a rel=\"nofollow noopener noreferrer\" data-shared=\"\" class=\"share-print sd-button share-icon\" href=\"http:\/\/www.dannwollenwirmal.de\/?p=2256\" target=\"_blank\" title=\"Klicken zum Ausdrucken\"><span>Drucken<\/span><\/a><\/li><li class=\"share-facebook\"><a rel=\"nofollow noopener noreferrer\" data-shared=\"sharing-facebook-2256\" class=\"share-facebook sd-button share-icon\" href=\"http:\/\/www.dannwollenwirmal.de\/?p=2256&amp;share=facebook\" target=\"_blank\" title=\"Klick, um auf Facebook zu teilen\"><span>Facebook<\/span><\/a><\/li><li class=\"share-twitter\"><a rel=\"nofollow noopener noreferrer\" data-shared=\"sharing-twitter-2256\" class=\"share-twitter sd-button share-icon\" href=\"http:\/\/www.dannwollenwirmal.de\/?p=2256&amp;share=twitter\" target=\"_blank\" title=\"Klick, um \u00fcber Twitter zu teilen\"><span>Twitter<\/span><\/a><\/li><li class=\"share-pinterest\"><a rel=\"nofollow noopener noreferrer\" data-shared=\"sharing-pinterest-2256\" class=\"share-pinterest sd-button share-icon\" href=\"http:\/\/www.dannwollenwirmal.de\/?p=2256&amp;share=pinterest\" target=\"_blank\" title=\"Klick, um auf Pinterest zu teilen\"><span>Pinterest<\/span><\/a><\/li><li class=\"share-linkedin\"><a rel=\"nofollow noopener noreferrer\" data-shared=\"sharing-linkedin-2256\" class=\"share-linkedin sd-button share-icon\" href=\"http:\/\/www.dannwollenwirmal.de\/?p=2256&amp;share=linkedin\" target=\"_blank\" title=\"Klick, um auf LinkedIn zu teilen\"><span>LinkedIn<\/span><\/a><\/li><li class=\"share-end\"><\/li><\/ul><\/div><\/div><\/div>","protected":false},"excerpt":{"rendered":"<p>Gestern, also am Samstag, habe ich dann tats\u00e4chlich mal richtig was geschafft rund um Heim und Garten. Von den Dingen, die ich mir vorgenommen habe, kann ich die meisten als erledigt abhaken. So habe ich beispielsweise die Fensterl\u00e4den neu gestrichen. Vor etwa zwei Jahren habe ich die Dinger gebaut (siehe hier!), und nun sehen die [&hellip;]<\/p>\n<div class=\"sharedaddy sd-sharing-enabled\"><div class=\"robots-nocontent sd-block sd-social sd-social-icon-text sd-sharing\"><h3 class=\"sd-title\">Teilen mit:<\/h3><div class=\"sd-content\"><ul><li class=\"share-email\"><a rel=\"nofollow noopener noreferrer\" data-shared=\"\" class=\"share-email sd-button share-icon\" href=\"http:\/\/www.dannwollenwirmal.de\/?p=2256&amp;share=email\" target=\"_blank\" title=\"Klick, um dies einem Freund per E-Mail zu senden\"><span>E-Mail<\/span><\/a><\/li><li class=\"share-print\"><a rel=\"nofollow noopener noreferrer\" data-shared=\"\" class=\"share-print sd-button share-icon\" href=\"http:\/\/www.dannwollenwirmal.de\/?p=2256\" target=\"_blank\" title=\"Klicken zum Ausdrucken\"><span>Drucken<\/span><\/a><\/li><li class=\"share-facebook\"><a rel=\"nofollow noopener noreferrer\" data-shared=\"sharing-facebook-2256\" class=\"share-facebook sd-button share-icon\" href=\"http:\/\/www.dannwollenwirmal.de\/?p=2256&amp;share=facebook\" target=\"_blank\" title=\"Klick, um auf Facebook zu teilen\"><span>Facebook<\/span><\/a><\/li><li class=\"share-twitter\"><a rel=\"nofollow noopener noreferrer\" data-shared=\"sharing-twitter-2256\" class=\"share-twitter sd-button share-icon\" href=\"http:\/\/www.dannwollenwirmal.de\/?p=2256&amp;share=twitter\" target=\"_blank\" title=\"Klick, um \u00fcber Twitter zu teilen\"><span>Twitter<\/span><\/a><\/li><li class=\"share-pinterest\"><a rel=\"nofollow noopener noreferrer\" data-shared=\"sharing-pinterest-2256\" class=\"share-pinterest sd-button share-icon\" href=\"http:\/\/www.dannwollenwirmal.de\/?p=2256&amp;share=pinterest\" target=\"_blank\" title=\"Klick, um auf Pinterest zu teilen\"><span>Pinterest<\/span><\/a><\/li><li class=\"share-linkedin\"><a rel=\"nofollow noopener noreferrer\" data-shared=\"sharing-linkedin-2256\" class=\"share-linkedin sd-button share-icon\" href=\"http:\/\/www.dannwollenwirmal.de\/?p=2256&amp;share=linkedin\" target=\"_blank\" title=\"Klick, um auf LinkedIn zu teilen\"><span>LinkedIn<\/span><\/a><\/li><li class=\"share-end\"><\/li><\/ul><\/div><\/div><\/div>","protected":false},"author":1,"featured_media":0,"comment_status":"open","ping_status":"open","sticky":false,"template":"","format":"standard","meta":{"advanced_seo_description":"","spay_email":"","jetpack_publicize_message":"","jetpack_is_tweetstorm":false,"jetpack_publicize_feature_enabled":true},"categories":[1,120,121,175],"tags":[616,617,147],"jetpack_featured_media_url":"","jetpack_publicize_connections":[],"jetpack_shortlink":"https:\/\/wp.me\/p3WtlO-Ao","jetpack_sharing_enabled":true,"jetpack-related-posts":[{"id":1306,"url":"http:\/\/www.dannwollenwirmal.de\/?p=1306","url_meta":{"origin":2256,"position":0},"title":"Astrein!","date":"24. Januar 2016","format":false,"excerpt":"Eigentlich w\u00e4re heute die Holzbalkendecke drangekommen. Und warum da eigentlich Nass-Estrich nichts drin zu suchen hat. Gerade, wo ich da neulich bein Bierchen dr\u00fcber diskutiert habe. Erstmal stellt man sich - oder ich mich - ja dann selbst in Frage. Ist das wirklich Gang und G\u00e4be? Habe ich da jetzt\u2026","rel":"","context":"In &quot;Allgemein&quot;","img":{"alt_text":"","src":"https:\/\/i2.wp.com\/www.dannwollenwirmal.de\/wp-content\/uploads\/2016\/01\/decke.jpg?resize=350%2C200","width":350,"height":200},"classes":[]},{"id":1434,"url":"http:\/\/www.dannwollenwirmal.de\/?p=1434","url_meta":{"origin":2256,"position":1},"title":"T\u00fcrkis?!","date":"17. April 2016","format":false,"excerpt":"Was f\u00fcr eine Woche! Sanostol ist wohl auch aufputschend? Auf jeden Fall habe ich reichlich geschafft, denn mich ereilte leichte Panik, als die Dachdecker gro\u00dfspurig mitteilten, sie w\u00fcrden diese Woche fertig. Vor meinem inneren Auge sah ich mich schon am letzten Ger\u00fcststiel h\u00e4ngen und irgendwas pinseln, w\u00e4hrend die Ger\u00fcstbauer um\u2026","rel":"","context":"In &quot;Allgemein&quot;","img":{"alt_text":"","src":"https:\/\/i1.wp.com\/www.dannwollenwirmal.de\/wp-content\/uploads\/2016\/04\/IMG_4276.jpg?resize=350%2C200","width":350,"height":200},"classes":[]},{"id":1377,"url":"http:\/\/www.dannwollenwirmal.de\/?p=1377","url_meta":{"origin":2256,"position":2},"title":"Der Binford-Laden","date":"13. M\u00e4rz 2016","format":false,"excerpt":"In der Serie \"H\u00f6r' mal wer da h\u00e4mmert\" (im Original Home Improvement) gibt es einen Werkzeugladen namens Harrys Eisenwaren (Harry's Hardware), in dem es neben diversen Eisenwaren auch jede Menge Werkzeug von Binford zu kaufen gibt. Und was soll ich sagen, ich habe exakt diesen Laden bei uns in Ostwestfalen\u2026","rel":"","context":"In &quot;Allgemein&quot;","img":{"alt_text":"","src":"https:\/\/i1.wp.com\/www.dannwollenwirmal.de\/wp-content\/uploads\/2016\/03\/IMG_4137.jpg?resize=350%2C200","width":350,"height":200},"classes":[]},{"id":472,"url":"http:\/\/www.dannwollenwirmal.de\/?p=472","url_meta":{"origin":2256,"position":3},"title":"Holzterrassenprojekt 2\/2 und Estrichtips f\u00fcr Eilige","date":"20. Mai 2014","format":false,"excerpt":"Bevor es morgen mit \u00fcber 30\u00b0 traumhaftes Grillwetter gibt, wollen wir mal schnell die Terrasse vom letzten mal fertig bauen :) Hier waren wir stehen geblieben... Die Dielen kann man in verschiedenen L\u00e4ngen kaufen, aber eben nicht in jeder L\u00e4nge und so habe ich mich f\u00fcr eine verschnittarme Verlegeart entschieden:\u2026","rel":"","context":"In &quot;Allgemein&quot;","img":{"alt_text":"Holzterrasse","src":"https:\/\/i1.wp.com\/www.dannwollenwirmal.de\/wp-content\/uploads\/2014\/05\/ter3.jpg?resize=350%2C200","width":350,"height":200},"classes":[]},{"id":539,"url":"http:\/\/www.dannwollenwirmal.de\/?p=539","url_meta":{"origin":2256,"position":4},"title":"Nicht alle Latten am Zaun","date":"24. August 2014","format":false,"excerpt":"Es wird Zeit, mal wieder eine gewisse Regelm\u00e4\u00dfigkeit hier reinzubringen und auch mal wieder etwas handwerkliches zu berichten (wobei, statistisch betrachtet sind die humoristischen Beitr\u00e4ge die erfolgreichsten), also nehme ich Euch mit in den Keller. Kellertreppe Als kleines Zwischenprojekt habe ich den Au\u00dfenzugang zum Keller eingeschoben. Durch die Aktion mit\u2026","rel":"","context":"In &quot;Allgemein&quot;","img":{"alt_text":"Nicht alle Latten am Zaun","src":"https:\/\/i0.wp.com\/www.dannwollenwirmal.de\/wp-content\/uploads\/2014\/08\/cid_6C4E5664-B673-4891-96B6-EDED8DBFC7A7.jpg?resize=350%2C200","width":350,"height":200},"classes":[]},{"id":459,"url":"http:\/\/www.dannwollenwirmal.de\/?p=459","url_meta":{"origin":2256,"position":5},"title":"Holzterrassenprojekt 1\/2","date":"11. Mai 2014","format":false,"excerpt":"Wenn Bloggerei und Real-Life aufeinandertreffen - T\u00e4glich fragen mich Leute \"Und, was macht der Hausbau?\" - \"Na, immer noch am umbauen?\"... Leute Leute, ich bin v\u00f6llig entspannt. Das Haus ist seit zweieinhalb Jahren fertig. Alles, was ich jetzt so mache, ist optional, ein Hobby, so wie Kegeln oder Briefmarken sammeln.\u2026","rel":"","context":"In &quot;Allgemein&quot;","img":{"alt_text":"Holzterrasse","src":"https:\/\/i1.wp.com\/www.dannwollenwirmal.de\/wp-content\/uploads\/2014\/05\/ter3.jpg?resize=350%2C200","width":350,"height":200},"classes":[]}],"_links":{"self":[{"href":"http:\/\/www.dannwollenwirmal.de\/index.php?rest_route=\/wp\/v2\/posts\/2256"}],"collection":[{"href":"http:\/\/www.dannwollenwirmal.de\/index.php?rest_route=\/wp\/v2\/posts"}],"about":[{"href":"http:\/\/www.dannwollenwirmal.de\/index.php?rest_route=\/wp\/v2\/types\/post"}],"author":[{"embeddable":true,"href":"http:\/\/www.dannwollenwirmal.de\/index.php?rest_route=\/wp\/v2\/users\/1"}],"replies":[{"embeddable":true,"href":"http:\/\/www.dannwollenwirmal.de\/index.php?rest_route=%2Fwp%2Fv2%2Fcomments&post=2256"}],"version-history":[{"count":1,"href":"http:\/\/www.dannwollenwirmal.de\/index.php?rest_route=\/wp\/v2\/posts\/2256\/revisions"}],"predecessor-version":[{"id":2263,"href":"http:\/\/www.dannwollenwirmal.de\/index.php?rest_route=\/wp\/v2\/posts\/2256\/revisions\/2263"}],"wp:attachment":[{"href":"http:\/\/www.dannwollenwirmal.de\/index.php?rest_route=%2Fwp%2Fv2%2Fmedia&parent=2256"}],"wp:term":[{"taxonomy":"category","embeddable":true,"href":"http:\/\/www.dannwollenwirmal.de\/index.php?rest_route=%2Fwp%2Fv2%2Fcategories&post=2256"},{"taxonomy":"post_tag","embeddable":true,"href":"http:\/\/www.dannwollenwirmal.de\/index.php?rest_route=%2Fwp%2Fv2%2Ftags&post=2256"}],"curies":[{"name":"wp","href":"https:\/\/api.w.org\/{rel}","templated":true}]}}