{"id":2239,"date":"2018-04-08T08:00:47","date_gmt":"2018-04-08T06:00:47","guid":{"rendered":"http:\/\/www.dannwollenwirmal.de\/?p=2239"},"modified":"2018-04-07T11:26:57","modified_gmt":"2018-04-07T09:26:57","slug":"schaufenster","status":"publish","type":"post","link":"http:\/\/www.dannwollenwirmal.de\/?p=2239","title":{"rendered":"Schaufenster"},"content":{"rendered":"<p>Nachdem das gro\u00dfe Fassadenprojekt und auch die gro\u00dfen Ostereiersuchen nun abgeschlossen sind, kehrt wieder etwas Ruhe ein und man kann sich zur\u00fccklehnen und beispielsweise mal wieder schauen, was es Neues in der bunten Produktwelt des Heim- und Handwerks gibt.<\/p>\n<p>M\u00e4chtig aufgestockt in Sachen Werkzeug hat die Firma <a href=\"https:\/\/de.trotec.com\/\"><strong>Trotec<\/strong><\/a>, die ich bisher nur von meinem Feuchtigkeitsmesser kannte. Neben Akkuschraubern, Bohrh\u00e4mmern, Kompressoren usw. gibt es auch eine h\u00fcbsche Auswahl an g\u00fcnstigen und <a href=\"https:\/\/de.trotec.com\/produkte\/werkzeuge\/winkelschleifer\/\"><strong>zuverl\u00e4ssigen Winkelschleifern<\/strong><\/a> mit vielen Erkl\u00e4rungen und Tips zur passenden Produktwahl. Eine Seite, die es sich lohnt, mal durchzust\u00f6bern.<\/p>\n<p>Festool hat auf der HOLZ HANDWERK-Messe in N\u00fcrnberg seine neue <a href=\"https:\/\/www.festool.de\/produkte\/neuheiten\/neuheiten\/574821---isc-240-li-eb-basic\" rel=\"nofollow\"><strong>Akku-D\u00e4mmstoffs\u00e4ge<\/strong><\/a> vorgestellt. Seht Euch ruhig mal das Video dazu an &#8211; das Teil ist wirklich beeindruckend. Die Schnitte sind deutlich schneller und auch staub\u00e4rmer als beim \u00fcblichen Messer. Preislich lohnt es sich mit knapp 500 Euro UVP wohl aber nur f\u00fcr den, der t\u00e4glich viel D\u00e4mmstoff schneidet.<\/p>\n<p>Rigips bietet eine ganz fabelhafte Zusammenstellung von <a href=\"https:\/\/www.rigips.de\/downloads\/videos-animationen\" rel=\"nofollow\"><strong>animierten Anwendungsvideos<\/strong><\/a>, unter anderem f\u00fcr die Themen Tr\u00e4ger- und St\u00fctzenbekleidung, freitragende Decken, Innend\u00e4mmung usw. Die Filme sind gut gemacht und erkl\u00e4ren einige Dinge leicht verst\u00e4ndlich und weniger trocken als in den dicken Montagerichtlinien&#8230;:)<\/p>\n<p>Bosch Professional hat einen neuen <a href=\"https:\/\/www.bosch-professional.com\/de\/de\/products\/gll-3-80-cg-0601063T00\" rel=\"nofollow\"><strong>Linienlaser<\/strong> <\/a>im Programm. Das Ger\u00e4t projiziert gleichzeitig drei 360\u00b0-Linien, ist dank gr\u00fcner Laserfarbe sehr gut sichtbar und kann sogar per Bluetooth mit der dazugeh\u00f6rigen App verbunden werden, was eine kontaktlose Justierung m\u00f6glich macht. Macht bestimmt Spa\u00df, der Ger\u00e4t!<\/p>\n<p>Hilti hat eine mit der <a href=\"https:\/\/www.hilti.de\/brandschutzsysteme\/brandschutzsteine-und--stopfen\/r978938\" rel=\"nofollow\"><strong>CFS-CC<\/strong> <\/a>eine Brandschutzmanschette im Programm, die auch bei schon vorhandenen Kabeldurchf\u00fchrungen und auch bei Wandverlegung oder in Ecken nachtr\u00e4glich aufgesetzt werden kann. So steht der F90-Wand auch bei Durchf\u00fchrungen nichts mehr im Wege. Auch hier gibt es eine Reihe von Youtube-Videos, die die verschiedenen Manschetten und Brandschutz-Bausteine sch\u00f6n veranschaulichen.<\/p>\n<p>Also, liebe Leser, nun habt ihr erstmal ein paar Surf-Anregungen f\u00fcr den Sonntag. Viel Spa\u00df beim St\u00f6bern und bis n\u00e4chste Woche!<\/p>\n<p>&nbsp;<\/p>\n<p>&nbsp;<\/p>\n<p>&nbsp;<\/p>\n<div class=\"sharedaddy sd-sharing-enabled\"><div class=\"robots-nocontent sd-block sd-social sd-social-icon-text sd-sharing\"><h3 class=\"sd-title\">Teilen mit:<\/h3><div class=\"sd-content\"><ul><li class=\"share-email\"><a rel=\"nofollow noopener noreferrer\" data-shared=\"\" class=\"share-email sd-button share-icon\" href=\"http:\/\/www.dannwollenwirmal.de\/?p=2239&amp;share=email\" target=\"_blank\" title=\"Klick, um dies einem Freund per E-Mail zu senden\"><span>E-Mail<\/span><\/a><\/li><li class=\"share-print\"><a rel=\"nofollow noopener noreferrer\" data-shared=\"\" class=\"share-print sd-button share-icon\" href=\"http:\/\/www.dannwollenwirmal.de\/?p=2239\" target=\"_blank\" title=\"Klicken zum Ausdrucken\"><span>Drucken<\/span><\/a><\/li><li class=\"share-facebook\"><a rel=\"nofollow noopener noreferrer\" data-shared=\"sharing-facebook-2239\" class=\"share-facebook sd-button share-icon\" href=\"http:\/\/www.dannwollenwirmal.de\/?p=2239&amp;share=facebook\" target=\"_blank\" title=\"Klick, um auf Facebook zu teilen\"><span>Facebook<\/span><\/a><\/li><li class=\"share-twitter\"><a rel=\"nofollow noopener noreferrer\" data-shared=\"sharing-twitter-2239\" class=\"share-twitter sd-button share-icon\" href=\"http:\/\/www.dannwollenwirmal.de\/?p=2239&amp;share=twitter\" target=\"_blank\" title=\"Klick, um \u00fcber Twitter zu teilen\"><span>Twitter<\/span><\/a><\/li><li class=\"share-pinterest\"><a rel=\"nofollow noopener noreferrer\" data-shared=\"sharing-pinterest-2239\" class=\"share-pinterest sd-button share-icon\" href=\"http:\/\/www.dannwollenwirmal.de\/?p=2239&amp;share=pinterest\" target=\"_blank\" title=\"Klick, um auf Pinterest zu teilen\"><span>Pinterest<\/span><\/a><\/li><li class=\"share-linkedin\"><a rel=\"nofollow noopener noreferrer\" data-shared=\"sharing-linkedin-2239\" class=\"share-linkedin sd-button share-icon\" href=\"http:\/\/www.dannwollenwirmal.de\/?p=2239&amp;share=linkedin\" target=\"_blank\" title=\"Klick, um auf LinkedIn zu teilen\"><span>LinkedIn<\/span><\/a><\/li><li class=\"share-end\"><\/li><\/ul><\/div><\/div><\/div>","protected":false},"excerpt":{"rendered":"<p>Nachdem das gro\u00dfe Fassadenprojekt und auch die gro\u00dfen Ostereiersuchen nun abgeschlossen sind, kehrt wieder etwas Ruhe ein und man kann sich zur\u00fccklehnen und beispielsweise mal wieder schauen, was es Neues in der bunten Produktwelt des Heim- und Handwerks gibt. M\u00e4chtig aufgestockt in Sachen Werkzeug hat die Firma Trotec, die ich bisher nur von meinem Feuchtigkeitsmesser [&hellip;]<\/p>\n<div class=\"sharedaddy sd-sharing-enabled\"><div class=\"robots-nocontent sd-block sd-social sd-social-icon-text sd-sharing\"><h3 class=\"sd-title\">Teilen mit:<\/h3><div class=\"sd-content\"><ul><li class=\"share-email\"><a rel=\"nofollow noopener noreferrer\" data-shared=\"\" class=\"share-email sd-button share-icon\" href=\"http:\/\/www.dannwollenwirmal.de\/?p=2239&amp;share=email\" target=\"_blank\" title=\"Klick, um dies einem Freund per E-Mail zu senden\"><span>E-Mail<\/span><\/a><\/li><li class=\"share-print\"><a rel=\"nofollow noopener noreferrer\" data-shared=\"\" class=\"share-print sd-button share-icon\" href=\"http:\/\/www.dannwollenwirmal.de\/?p=2239\" target=\"_blank\" title=\"Klicken zum Ausdrucken\"><span>Drucken<\/span><\/a><\/li><li class=\"share-facebook\"><a rel=\"nofollow noopener noreferrer\" data-shared=\"sharing-facebook-2239\" class=\"share-facebook sd-button share-icon\" href=\"http:\/\/www.dannwollenwirmal.de\/?p=2239&amp;share=facebook\" target=\"_blank\" title=\"Klick, um auf Facebook zu teilen\"><span>Facebook<\/span><\/a><\/li><li class=\"share-twitter\"><a rel=\"nofollow noopener noreferrer\" data-shared=\"sharing-twitter-2239\" class=\"share-twitter sd-button share-icon\" href=\"http:\/\/www.dannwollenwirmal.de\/?p=2239&amp;share=twitter\" target=\"_blank\" title=\"Klick, um \u00fcber Twitter zu teilen\"><span>Twitter<\/span><\/a><\/li><li class=\"share-pinterest\"><a rel=\"nofollow noopener noreferrer\" data-shared=\"sharing-pinterest-2239\" class=\"share-pinterest sd-button share-icon\" href=\"http:\/\/www.dannwollenwirmal.de\/?p=2239&amp;share=pinterest\" target=\"_blank\" title=\"Klick, um auf Pinterest zu teilen\"><span>Pinterest<\/span><\/a><\/li><li class=\"share-linkedin\"><a rel=\"nofollow noopener noreferrer\" data-shared=\"sharing-linkedin-2239\" class=\"share-linkedin sd-button share-icon\" href=\"http:\/\/www.dannwollenwirmal.de\/?p=2239&amp;share=linkedin\" target=\"_blank\" title=\"Klick, um auf LinkedIn zu teilen\"><span>LinkedIn<\/span><\/a><\/li><li class=\"share-end\"><\/li><\/ul><\/div><\/div><\/div>","protected":false},"author":1,"featured_media":0,"comment_status":"open","ping_status":"open","sticky":false,"template":"","format":"standard","meta":{"advanced_seo_description":"","spay_email":"","jetpack_publicize_message":"","jetpack_is_tweetstorm":false,"jetpack_publicize_feature_enabled":true},"categories":[1,15],"tags":[614],"jetpack_featured_media_url":"","jetpack_publicize_connections":[],"jetpack_shortlink":"https:\/\/wp.me\/p3WtlO-A7","jetpack_sharing_enabled":true,"jetpack-related-posts":[{"id":641,"url":"http:\/\/www.dannwollenwirmal.de\/?p=641","url_meta":{"origin":2239,"position":0},"title":"Die kleine Spachtelschule","date":"16. November 2014","format":false,"excerpt":"Ja, aber Holla die Waldfee, Baby! Da hab ich Teufelskerl doch in netto zwei Tagen quasi die ganze Spachtelei geschafft. Der Reibeputz ist bestellt und kommt Anfang n\u00e4chster Woche (K\u00f6rnung 1,5! Die muss bestellt werden. 2mm war mir - zumindest von diesem Hersteller -\u00a0 zu grob) und bis dahin will\u2026","rel":"","context":"In &quot;Allgemein&quot;","img":{"alt_text":"","src":"https:\/\/i1.wp.com\/www.dannwollenwirmal.de\/wp-content\/uploads\/2014\/11\/Schleifen.jpg?resize=350%2C200","width":350,"height":200},"classes":[]},{"id":1773,"url":"http:\/\/www.dannwollenwirmal.de\/?p=1773","url_meta":{"origin":2239,"position":1},"title":"Baumarktklatsche","date":"29. Januar 2017","format":false,"excerpt":"Habe ich schon erw\u00e4hnt, dass ich n\u00e4chstes Jahr gerne mal zur BAU nach M\u00fcnchen m\u00f6chte? Eine Fachmesse, auf der quasi alle namhaften Hersteller von Werkzeug und Zubeh\u00f6r vertreten sind und Menschen mit einer gewissen Werkzeugliebe vermutlich aus dem Staunen nicht mehr rauskommen. Ich suche daher auf diesem Wege einen Sponsor\u2026","rel":"","context":"In &quot;Allgemein&quot;","img":{"alt_text":"","src":"https:\/\/i2.wp.com\/www.dannwollenwirmal.de\/wp-content\/uploads\/2017\/01\/IMG_5064.jpg?resize=350%2C200","width":350,"height":200},"classes":[]},{"id":502,"url":"http:\/\/www.dannwollenwirmal.de\/?p=502","url_meta":{"origin":2239,"position":2},"title":"Yeah, Baby!","date":"29. Juni 2014","format":false,"excerpt":"Eines Tages, Baby, werden wir alt sein und an all das Werkzeug denken, das wir h\u00e4tten benutzen k\u00f6nnen. Ich bin ein Meister des Schraubens, wenn's um Schrauben geht. Bin ein Gipser vom Feinsten, wenn ich vor Spalten steh. Zers\u00e4ge gern Teilchen, kann mit der Nadel anrei\u00dfen. Lass mich begeistern f\u00fcr\u2026","rel":"","context":"In &quot;Allgemein&quot;","img":{"alt_text":"","src":"https:\/\/i2.wp.com\/www.dannwollenwirmal.de\/wp-content\/uploads\/2014\/06\/plattenhalter.jpg?resize=350%2C200","width":350,"height":200},"classes":[]},{"id":1602,"url":"http:\/\/www.dannwollenwirmal.de\/?p=1602","url_meta":{"origin":2239,"position":3},"title":"Wer guckt drauf?","date":"11. September 2016","format":false,"excerpt":"W\u00e4hrend mich der Suchbegriff der Woche \"Risse in den W\u00e4nden wer guckt drauf?\" nur kurz hat aufhorchen lassen (Platz 2: \"mit acryl teppich kleben\", Platz 3: \"geht das fermacell Platte kleben auf wandfliesen?\") habe ich mein bereits letzte Woche angedrohtes Projekt \"Werkstatt-Hinterseite erneuern\" gestartet. Besagte Hinterseite ist tats\u00e4chlich relativ marode,\u2026","rel":"","context":"In &quot;Allgemein&quot;","img":{"alt_text":"","src":"https:\/\/i1.wp.com\/www.dannwollenwirmal.de\/wp-content\/uploads\/2016\/09\/IMG_47881.jpg?resize=350%2C200","width":350,"height":200},"classes":[]},{"id":1547,"url":"http:\/\/www.dannwollenwirmal.de\/?p=1547","url_meta":{"origin":2239,"position":4},"title":"Boykott!","date":"10. Juli 2016","format":false,"excerpt":"Da gibt es ja wirklich einige Poolexperten in meiner Leserschaft; danke f\u00fcr Eure Tips! Ich habe den von Hans befolgt: Den Algenklitsch in den FP-100-Spr\u00fchvogel f\u00fcllen und dann den Schuppen in algengr\u00fcn t\u00fcnchen. Ja, ich mache dann Bilder. Naja, erstmal habe ich mir aber dann doch eine Tauchpumpe geliehen: Tauchpumpe\u2026","rel":"","context":"In &quot;Allgemein&quot;","img":{"alt_text":"","src":"https:\/\/i1.wp.com\/www.dannwollenwirmal.de\/wp-content\/uploads\/2016\/07\/IMG_4530.jpg?resize=350%2C200","width":350,"height":200},"classes":[]},{"id":1811,"url":"http:\/\/www.dannwollenwirmal.de\/?p=1811","url_meta":{"origin":2239,"position":5},"title":"Das dannwollenwirmal-Gewinnspiel: &#8222;Meine Heimwerkers\u00fcnde&#8220;","date":"26. Februar 2017","format":false,"excerpt":"Was ist denn eigentlich mit dem Februar los? W\u00e4hrend der Januar meine Zugriffszahlen-Statistik hat explodieren lassen, d\u00fcmpelt der Februar da nur so vor sich hin. Es schalten ziemlich genau nur halb so viele Leute dannwollenwirmal ein wie im Februar. Auch wenn mir diese Zahlen na\u00fcrlich eigentlich v\u00f6llig egal sein k\u00f6nnten,\u2026","rel":"","context":"In &quot;Allgemein&quot;","img":{"alt_text":"","src":"https:\/\/i1.wp.com\/www.dannwollenwirmal.de\/wp-content\/uploads\/2017\/02\/IMG_5139.jpg?resize=350%2C200","width":350,"height":200},"classes":[]}],"_links":{"self":[{"href":"http:\/\/www.dannwollenwirmal.de\/index.php?rest_route=\/wp\/v2\/posts\/2239"}],"collection":[{"href":"http:\/\/www.dannwollenwirmal.de\/index.php?rest_route=\/wp\/v2\/posts"}],"about":[{"href":"http:\/\/www.dannwollenwirmal.de\/index.php?rest_route=\/wp\/v2\/types\/post"}],"author":[{"embeddable":true,"href":"http:\/\/www.dannwollenwirmal.de\/index.php?rest_route=\/wp\/v2\/users\/1"}],"replies":[{"embeddable":true,"href":"http:\/\/www.dannwollenwirmal.de\/index.php?rest_route=%2Fwp%2Fv2%2Fcomments&post=2239"}],"version-history":[{"count":4,"href":"http:\/\/www.dannwollenwirmal.de\/index.php?rest_route=\/wp\/v2\/posts\/2239\/revisions"}],"predecessor-version":[{"id":2244,"href":"http:\/\/www.dannwollenwirmal.de\/index.php?rest_route=\/wp\/v2\/posts\/2239\/revisions\/2244"}],"wp:attachment":[{"href":"http:\/\/www.dannwollenwirmal.de\/index.php?rest_route=%2Fwp%2Fv2%2Fmedia&parent=2239"}],"wp:term":[{"taxonomy":"category","embeddable":true,"href":"http:\/\/www.dannwollenwirmal.de\/index.php?rest_route=%2Fwp%2Fv2%2Fcategories&post=2239"},{"taxonomy":"post_tag","embeddable":true,"href":"http:\/\/www.dannwollenwirmal.de\/index.php?rest_route=%2Fwp%2Fv2%2Ftags&post=2239"}],"curies":[{"name":"wp","href":"https:\/\/api.w.org\/{rel}","templated":true}]}}