{"id":218,"date":"2013-11-26T08:03:56","date_gmt":"2013-11-26T07:03:56","guid":{"rendered":"http:\/\/www.dannwollenwirmal.de\/?p=218"},"modified":"2016-01-15T20:15:30","modified_gmt":"2016-01-15T19:15:30","slug":"badrenovierung-teil-1","status":"publish","type":"post","link":"http:\/\/www.dannwollenwirmal.de\/?p=218","title":{"rendered":"Badrenovierung, Teil 1"},"content":{"rendered":"<p>Wie versprochen starte ich heute mit meinem Ausflug in die B\u00e4derwelt. Die Arbeiten liegen nun schon zwei Jahre zur\u00fcck und meine Erinnerungen sind etwas l\u00fcckenhaft, aber ich glaube anhand der Fotos kriege ich es noch zusammen. Damit alle wissen, worum es geht, hier erstmal der klassische vorher-nachher-Vergleich:<\/p>\n<p><a href=\"https:\/\/i2.wp.com\/www.dannwollenwirmal.de\/wp-content\/uploads\/2013\/11\/vorher.jpg\"><img data-attachment-id=\"219\" data-permalink=\"http:\/\/www.dannwollenwirmal.de\/?attachment_id=219#main\" data-orig-file=\"https:\/\/i2.wp.com\/www.dannwollenwirmal.de\/wp-content\/uploads\/2013\/11\/vorher.jpg?fit=652%2C435\" data-orig-size=\"652,435\" data-comments-opened=\"1\" data-image-meta=\"{&quot;aperture&quot;:&quot;0&quot;,&quot;credit&quot;:&quot;&quot;,&quot;camera&quot;:&quot;&quot;,&quot;caption&quot;:&quot;&quot;,&quot;created_timestamp&quot;:&quot;0&quot;,&quot;copyright&quot;:&quot;&quot;,&quot;focal_length&quot;:&quot;0&quot;,&quot;iso&quot;:&quot;0&quot;,&quot;shutter_speed&quot;:&quot;0&quot;,&quot;title&quot;:&quot;&quot;}\" data-image-title=\"vorher\" data-image-description=\"&lt;p&gt;Bad  vorher&lt;\/p&gt;\n\" data-image-caption=\"\" data-medium-file=\"https:\/\/i2.wp.com\/www.dannwollenwirmal.de\/wp-content\/uploads\/2013\/11\/vorher.jpg?fit=300%2C200\" data-large-file=\"https:\/\/i2.wp.com\/www.dannwollenwirmal.de\/wp-content\/uploads\/2013\/11\/vorher.jpg?fit=652%2C435\" loading=\"lazy\" class=\"alignnone size-full wp-image-219\" alt=\"vorher\" src=\"https:\/\/i2.wp.com\/www.dannwollenwirmal.de\/wp-content\/uploads\/2013\/11\/vorher.jpg?resize=652%2C435\" width=\"652\" height=\"435\" srcset=\"https:\/\/i2.wp.com\/www.dannwollenwirmal.de\/wp-content\/uploads\/2013\/11\/vorher.jpg?w=652 652w, https:\/\/i2.wp.com\/www.dannwollenwirmal.de\/wp-content\/uploads\/2013\/11\/vorher.jpg?resize=300%2C200 300w\" sizes=\"(max-width: 652px) 100vw, 652px\" data-recalc-dims=\"1\" \/><\/a><br \/>\n<em>vorher&#8230;<\/em><\/p>\n<p><a href=\"https:\/\/i1.wp.com\/www.dannwollenwirmal.de\/wp-content\/uploads\/2013\/11\/nachher.jpg\"><img data-attachment-id=\"220\" data-permalink=\"http:\/\/www.dannwollenwirmal.de\/?attachment_id=220#main\" data-orig-file=\"https:\/\/i1.wp.com\/www.dannwollenwirmal.de\/wp-content\/uploads\/2013\/11\/nachher.jpg?fit=435%2C652\" data-orig-size=\"435,652\" data-comments-opened=\"1\" data-image-meta=\"{&quot;aperture&quot;:&quot;0&quot;,&quot;credit&quot;:&quot;&quot;,&quot;camera&quot;:&quot;&quot;,&quot;caption&quot;:&quot;&quot;,&quot;created_timestamp&quot;:&quot;0&quot;,&quot;copyright&quot;:&quot;&quot;,&quot;focal_length&quot;:&quot;0&quot;,&quot;iso&quot;:&quot;0&quot;,&quot;shutter_speed&quot;:&quot;0&quot;,&quot;title&quot;:&quot;&quot;}\" data-image-title=\"nachher\" data-image-description=\"&lt;p&gt;Bad nachher&lt;\/p&gt;\n\" data-image-caption=\"\" data-medium-file=\"https:\/\/i1.wp.com\/www.dannwollenwirmal.de\/wp-content\/uploads\/2013\/11\/nachher.jpg?fit=200%2C300\" data-large-file=\"https:\/\/i1.wp.com\/www.dannwollenwirmal.de\/wp-content\/uploads\/2013\/11\/nachher.jpg?fit=435%2C652\" loading=\"lazy\" class=\"alignnone size-full wp-image-220\" alt=\"nachher\" src=\"https:\/\/i1.wp.com\/www.dannwollenwirmal.de\/wp-content\/uploads\/2013\/11\/nachher.jpg?resize=435%2C652\" width=\"435\" height=\"652\" srcset=\"https:\/\/i1.wp.com\/www.dannwollenwirmal.de\/wp-content\/uploads\/2013\/11\/nachher.jpg?w=435 435w, https:\/\/i1.wp.com\/www.dannwollenwirmal.de\/wp-content\/uploads\/2013\/11\/nachher.jpg?resize=200%2C300 200w\" sizes=\"(max-width: 435px) 100vw, 435px\" data-recalc-dims=\"1\" \/><\/a><br \/>\n<em>nachher.<\/em><\/p>\n<p><strong>Vergr\u00f6\u00dferung<\/strong><\/p>\n<p>Im wesentlichen wurde das alte Bad vergr\u00f6\u00dfert, in dem eine Wand herausgenommen und mit Trockenbau erweitert wurde. Zun\u00e4chst mal ist festzustellen, ob die Wand eine tragende Funktion im Haus hat. Zwar haben wir nur einen Teil entfernt, aber man sollte schon wissen was man tut. Offiziell rate ich dazu, hier immer einen Statiker zu beauftragen. Inoffiziell habe ich mir ein Stockwerk h\u00f6her (Dachboden, Brett hochnehmen, reinschauen) die Laufrichtung der Holzbalken angeschaut und da diese mit der Wand laufen und kein Auflager bilden, konnte ich mich dann trauen und wir haben an einem Sonntag(!)nachmittag zu zweit mit dicken Vorschlagh\u00e4mmern die Wand herausgedonnert. Raus geht immer schnell!<\/p>\n<p><a href=\"https:\/\/i1.wp.com\/www.dannwollenwirmal.de\/wp-content\/uploads\/2013\/11\/abbruch.jpg\"><img data-attachment-id=\"221\" data-permalink=\"http:\/\/www.dannwollenwirmal.de\/?attachment_id=221#main\" data-orig-file=\"https:\/\/i1.wp.com\/www.dannwollenwirmal.de\/wp-content\/uploads\/2013\/11\/abbruch.jpg?fit=652%2C487\" data-orig-size=\"652,487\" data-comments-opened=\"1\" data-image-meta=\"{&quot;aperture&quot;:&quot;0&quot;,&quot;credit&quot;:&quot;&quot;,&quot;camera&quot;:&quot;&quot;,&quot;caption&quot;:&quot;&quot;,&quot;created_timestamp&quot;:&quot;0&quot;,&quot;copyright&quot;:&quot;&quot;,&quot;focal_length&quot;:&quot;0&quot;,&quot;iso&quot;:&quot;0&quot;,&quot;shutter_speed&quot;:&quot;0&quot;,&quot;title&quot;:&quot;&quot;}\" data-image-title=\"abbruch\" data-image-description=\"&lt;p&gt;Wand raus&lt;\/p&gt;\n\" data-image-caption=\"\" data-medium-file=\"https:\/\/i1.wp.com\/www.dannwollenwirmal.de\/wp-content\/uploads\/2013\/11\/abbruch.jpg?fit=300%2C224\" data-large-file=\"https:\/\/i1.wp.com\/www.dannwollenwirmal.de\/wp-content\/uploads\/2013\/11\/abbruch.jpg?fit=652%2C487\" loading=\"lazy\" class=\"alignnone size-full wp-image-221\" alt=\"abbruch\" src=\"https:\/\/i1.wp.com\/www.dannwollenwirmal.de\/wp-content\/uploads\/2013\/11\/abbruch.jpg?resize=652%2C487\" width=\"652\" height=\"487\" srcset=\"https:\/\/i1.wp.com\/www.dannwollenwirmal.de\/wp-content\/uploads\/2013\/11\/abbruch.jpg?w=652 652w, https:\/\/i1.wp.com\/www.dannwollenwirmal.de\/wp-content\/uploads\/2013\/11\/abbruch.jpg?resize=300%2C224 300w\" sizes=\"(max-width: 652px) 100vw, 652px\" data-recalc-dims=\"1\" \/><\/a><br \/>\n<em>Destruktive Phase<\/em><\/p>\n<p>Nun habe ich eine neue Wand mit Trockenbau-Profilen errichtet. Nach rechtwinkliger Vermessung (Pythagoras l\u00e4sst gr\u00fc\u00dfen) wurden an Boden und Decke 100mm U-Profile angeschraubt (zur Vermeidung von Schall\u00fcbertragung vorher mit D\u00e4mmstreifen beklebt), und dort die C-Profile eingestellt und verschraubt:<\/p>\n<p><a href=\"https:\/\/i0.wp.com\/www.dannwollenwirmal.de\/wp-content\/uploads\/2013\/11\/trockenb.jpg\"><img data-attachment-id=\"223\" data-permalink=\"http:\/\/www.dannwollenwirmal.de\/?attachment_id=223#main\" data-orig-file=\"https:\/\/i0.wp.com\/www.dannwollenwirmal.de\/wp-content\/uploads\/2013\/11\/trockenb.jpg?fit=652%2C487\" data-orig-size=\"652,487\" data-comments-opened=\"1\" data-image-meta=\"{&quot;aperture&quot;:&quot;0&quot;,&quot;credit&quot;:&quot;&quot;,&quot;camera&quot;:&quot;&quot;,&quot;caption&quot;:&quot;&quot;,&quot;created_timestamp&quot;:&quot;0&quot;,&quot;copyright&quot;:&quot;&quot;,&quot;focal_length&quot;:&quot;0&quot;,&quot;iso&quot;:&quot;0&quot;,&quot;shutter_speed&quot;:&quot;0&quot;,&quot;title&quot;:&quot;&quot;}\" data-image-title=\"trockenb\" data-image-description=\"&lt;p&gt;C-Profile&lt;\/p&gt;\n\" data-image-caption=\"\" data-medium-file=\"https:\/\/i0.wp.com\/www.dannwollenwirmal.de\/wp-content\/uploads\/2013\/11\/trockenb.jpg?fit=300%2C224\" data-large-file=\"https:\/\/i0.wp.com\/www.dannwollenwirmal.de\/wp-content\/uploads\/2013\/11\/trockenb.jpg?fit=652%2C487\" loading=\"lazy\" class=\"alignnone size-full wp-image-223\" alt=\"trockenb\" src=\"https:\/\/i0.wp.com\/www.dannwollenwirmal.de\/wp-content\/uploads\/2013\/11\/trockenb.jpg?resize=652%2C487\" width=\"652\" height=\"487\" srcset=\"https:\/\/i0.wp.com\/www.dannwollenwirmal.de\/wp-content\/uploads\/2013\/11\/trockenb.jpg?w=652 652w, https:\/\/i0.wp.com\/www.dannwollenwirmal.de\/wp-content\/uploads\/2013\/11\/trockenb.jpg?resize=300%2C224 300w\" sizes=\"(max-width: 652px) 100vw, 652px\" data-recalc-dims=\"1\" \/><\/a><\/p>\n<p>Beplankt wurde das Ganze mit 12,5mm-Gipskartonplatten in gr\u00fcn (=impr\u00e4gniert und damit feuchtraumgeeignet). Wichtig ist dabei eine Dehnungsfuge zwischen &#8218;alter&#8216; und &#8217;neuer&#8216; Wand, die Spannungen der verschiedenen Baumaterialien aufnimmt. Diese Fuge setzt sich bis ins Fliesenbild fort. In die Wand habe ich noch D\u00e4mmplatten eingelegt (ebenfalls Schallschutz), und auch f\u00fcr die Elektroversorgung vom Nebenraum konnte ich bequem die neue Wand nutzen.<\/p>\n<p><strong>Decke<\/strong><\/p>\n<p>Renoviert wird von oben nach unten! Daher erst ein Blick auf die Decke. Hier habe ich die alten Holzpaneelen belassen und mit Gipskarton-Gr\u00fcn beplankt. Als Einbauleuchten gab es f\u00fcnf Deckenspots, die in halbrunder Formation in diese Decke versenkt wurden. Also vorher L\u00f6cher bohren, verkabeln, Trafo einbauen, <em>testen<\/em>. Die beplankte Rigips-Decke habe ich dann mit Fertig-Reibeputz angeh\u00fcbscht. Holla die Waldfee! So einfach ist der gar nicht zu verarbeiten. Man kriegt auf jeden Fall lahme Arme davon und damit es auch wirklich gleichm\u00e4\u00dfig aussieht muss man schon einiges Geschick aufwenden. Aber \u00dcbung macht bekanntlich den Meister&#8230;<\/p>\n<p><strong>Aufteilung<\/strong><\/p>\n<p>Auch mit der Ost-Erweiterung ist das Bad immer noch nicht riesig gro\u00df. Am Computer haben wir dann Badewanne, Dusche, Waschbecken und WC so lange hin und her geschoben, bis das Ganze Sinn gemacht hat. Unser Traum war die bodengleiche Dusche ohne Duschtasse und Einstieg. Ich habe ewig \u00fcberlegt und konstruiert, wie ich das bei der vorhandenen Holzbalkendecke realisieren k\u00f6nnte, bis mich mein Schwiegervater auf folgende goldene Idee brachte: Wenn die Dusche nicht tiefer geht, muss der Boden halt h\u00f6her kommen. Und so gibt es im Bad eine Stufe auf ein Podest mit Dusche. Die Duschzone ist funktional und optisch abgeteilt, die zweite Zone wertet das Bad auf und die Installationen lassen sich problemlos unter dem Podest verlegen. Ein Podest ist aus meiner Sicht f\u00fcr B\u00e4der die nicht gerade mikroskopisch klein sind eine Empfehlung wert.<\/p>\n<p>Erleben Sie im n\u00e4chten Blogbericht, wie das Podest konstruiert wurde, wie die Abdichtung erfolgt ist, wie viele Steuergelder daf\u00fcr verschwendet wurden und was die Illuminaten damit zu tun haben!<\/p>\n<p>&nbsp;<\/p>\n<div class=\"sharedaddy sd-sharing-enabled\"><div class=\"robots-nocontent sd-block sd-social sd-social-icon-text sd-sharing\"><h3 class=\"sd-title\">Teilen mit:<\/h3><div class=\"sd-content\"><ul><li class=\"share-email\"><a rel=\"nofollow noopener noreferrer\" data-shared=\"\" class=\"share-email sd-button share-icon\" href=\"http:\/\/www.dannwollenwirmal.de\/?p=218&amp;share=email\" target=\"_blank\" title=\"Klick, um dies einem Freund per E-Mail zu senden\"><span>E-Mail<\/span><\/a><\/li><li class=\"share-print\"><a rel=\"nofollow noopener noreferrer\" data-shared=\"\" class=\"share-print sd-button share-icon\" href=\"http:\/\/www.dannwollenwirmal.de\/?p=218\" target=\"_blank\" title=\"Klicken zum Ausdrucken\"><span>Drucken<\/span><\/a><\/li><li class=\"share-facebook\"><a rel=\"nofollow noopener noreferrer\" data-shared=\"sharing-facebook-218\" class=\"share-facebook sd-button share-icon\" href=\"http:\/\/www.dannwollenwirmal.de\/?p=218&amp;share=facebook\" target=\"_blank\" title=\"Klick, um auf Facebook zu teilen\"><span>Facebook<\/span><\/a><\/li><li class=\"share-twitter\"><a rel=\"nofollow noopener noreferrer\" data-shared=\"sharing-twitter-218\" class=\"share-twitter sd-button share-icon\" href=\"http:\/\/www.dannwollenwirmal.de\/?p=218&amp;share=twitter\" target=\"_blank\" title=\"Klick, um \u00fcber Twitter zu teilen\"><span>Twitter<\/span><\/a><\/li><li class=\"share-pinterest\"><a rel=\"nofollow noopener noreferrer\" data-shared=\"sharing-pinterest-218\" class=\"share-pinterest sd-button share-icon\" href=\"http:\/\/www.dannwollenwirmal.de\/?p=218&amp;share=pinterest\" target=\"_blank\" title=\"Klick, um auf Pinterest zu teilen\"><span>Pinterest<\/span><\/a><\/li><li class=\"share-linkedin\"><a rel=\"nofollow noopener noreferrer\" data-shared=\"sharing-linkedin-218\" class=\"share-linkedin sd-button share-icon\" href=\"http:\/\/www.dannwollenwirmal.de\/?p=218&amp;share=linkedin\" target=\"_blank\" title=\"Klick, um auf LinkedIn zu teilen\"><span>LinkedIn<\/span><\/a><\/li><li class=\"share-end\"><\/li><\/ul><\/div><\/div><\/div>","protected":false},"excerpt":{"rendered":"<p>Wie versprochen starte ich heute mit meinem Ausflug in die B\u00e4derwelt. Die Arbeiten liegen nun schon zwei Jahre zur\u00fcck und meine Erinnerungen sind etwas l\u00fcckenhaft, aber ich glaube anhand der Fotos kriege ich es noch zusammen. Damit alle wissen, worum es geht, hier erstmal der klassische vorher-nachher-Vergleich: vorher&#8230; nachher. Vergr\u00f6\u00dferung Im wesentlichen wurde das alte [&hellip;]<\/p>\n<div class=\"sharedaddy sd-sharing-enabled\"><div class=\"robots-nocontent sd-block sd-social sd-social-icon-text sd-sharing\"><h3 class=\"sd-title\">Teilen mit:<\/h3><div class=\"sd-content\"><ul><li class=\"share-email\"><a rel=\"nofollow noopener noreferrer\" data-shared=\"\" class=\"share-email sd-button share-icon\" href=\"http:\/\/www.dannwollenwirmal.de\/?p=218&amp;share=email\" target=\"_blank\" title=\"Klick, um dies einem Freund per E-Mail zu senden\"><span>E-Mail<\/span><\/a><\/li><li class=\"share-print\"><a rel=\"nofollow noopener noreferrer\" data-shared=\"\" class=\"share-print sd-button share-icon\" href=\"http:\/\/www.dannwollenwirmal.de\/?p=218\" target=\"_blank\" title=\"Klicken zum Ausdrucken\"><span>Drucken<\/span><\/a><\/li><li class=\"share-facebook\"><a rel=\"nofollow noopener noreferrer\" data-shared=\"sharing-facebook-218\" class=\"share-facebook sd-button share-icon\" href=\"http:\/\/www.dannwollenwirmal.de\/?p=218&amp;share=facebook\" target=\"_blank\" title=\"Klick, um auf Facebook zu teilen\"><span>Facebook<\/span><\/a><\/li><li class=\"share-twitter\"><a rel=\"nofollow noopener noreferrer\" data-shared=\"sharing-twitter-218\" class=\"share-twitter sd-button share-icon\" href=\"http:\/\/www.dannwollenwirmal.de\/?p=218&amp;share=twitter\" target=\"_blank\" title=\"Klick, um \u00fcber Twitter zu teilen\"><span>Twitter<\/span><\/a><\/li><li class=\"share-pinterest\"><a rel=\"nofollow noopener noreferrer\" data-shared=\"sharing-pinterest-218\" class=\"share-pinterest sd-button share-icon\" href=\"http:\/\/www.dannwollenwirmal.de\/?p=218&amp;share=pinterest\" target=\"_blank\" title=\"Klick, um auf Pinterest zu teilen\"><span>Pinterest<\/span><\/a><\/li><li class=\"share-linkedin\"><a rel=\"nofollow noopener noreferrer\" data-shared=\"sharing-linkedin-218\" class=\"share-linkedin sd-button share-icon\" href=\"http:\/\/www.dannwollenwirmal.de\/?p=218&amp;share=linkedin\" target=\"_blank\" title=\"Klick, um auf LinkedIn zu teilen\"><span>LinkedIn<\/span><\/a><\/li><li class=\"share-end\"><\/li><\/ul><\/div><\/div><\/div>","protected":false},"author":1,"featured_media":0,"comment_status":"open","ping_status":"open","sticky":false,"template":"","format":"standard","meta":{"advanced_seo_description":"","spay_email":"","jetpack_publicize_message":"","jetpack_is_tweetstorm":false,"jetpack_publicize_feature_enabled":true},"categories":[1,61,333,62],"tags":[64,65,63,508],"jetpack_featured_media_url":"","jetpack_publicize_connections":[],"jetpack_shortlink":"https:\/\/wp.me\/p3WtlO-3w","jetpack_sharing_enabled":true,"jetpack-related-posts":[{"id":2164,"url":"http:\/\/www.dannwollenwirmal.de\/?p=2164","url_meta":{"origin":218,"position":0},"title":"Wellnesstips","date":"28. Januar 2018","format":false,"excerpt":"Neulich stie\u00df ich auf Facebook \u00fcber einen Artikel der Sauna- und Wellnesswelt Goldenstedt. Da ich meine Lehrzeit in Vechta (Goldenstedt geh\u00f6rt zum Landkreis Vechta) verbracht und viele sch\u00f6ne Erinnerungen an die Metropole der Schweine- und Gefl\u00fcgelzucht habe, musste ich nat\u00fcrlich genauer hinschauen. Die Firmenseiten sind so oder so einen Blick\u2026","rel":"","context":"In &quot;Allgemein&quot;","img":{"alt_text":"","src":"https:\/\/i1.wp.com\/www.dannwollenwirmal.de\/wp-content\/uploads\/2018\/01\/26733990_2070914339805454_5566268982771610125_n.jpg?resize=350%2C200","width":350,"height":200},"classes":[]},{"id":328,"url":"http:\/\/www.dannwollenwirmal.de\/?p=328","url_meta":{"origin":218,"position":1},"title":"Kapitel abgeschlossen","date":"15. Februar 2014","format":false,"excerpt":"Die Baustelle beim Kollegen ist -zumindest f\u00fcr mich- beendet. Morgen ist Einzug und seit Anfang des Jahres haben wir alles gegeben um aus einem alten Schweinestall eine schicke, kleine Wohnung zu machen! Es ist wirklich nicht wiederzuerkennen, und man kann allenfalls erahnen, welche Arbeit drinsteckt. vorher - Rohbauzustand, Boden aber\u2026","rel":"","context":"In &quot;Allgemein&quot;","img":{"alt_text":"","src":"https:\/\/i2.wp.com\/www.dannwollenwirmal.de\/wp-content\/uploads\/2014\/02\/erik1.jpg?resize=350%2C200","width":350,"height":200},"classes":[]},{"id":2056,"url":"http:\/\/www.dannwollenwirmal.de\/?p=2056","url_meta":{"origin":218,"position":2},"title":"Gute Vors\u00e4tze","date":"22. Oktober 2017","format":false,"excerpt":"Allm\u00e4hlich beginnt der Herbst und ich habe wieder mehr Zeit f\u00fcr bauliche Projekte. Nicht am eigenen Haus (obwohl ich da sicherlich auch das ein oder andere auf dem Zettel h\u00e4tte), eher f\u00fcr Freunde und Bekannte, denn die stehen Schlange und es gibt schon eine regelrechte Warteliste. Denn auch wenn es\u2026","rel":"","context":"In &quot;Allgemein&quot;","img":{"alt_text":"Trennwand Trockenbau","src":"https:\/\/i0.wp.com\/www.dannwollenwirmal.de\/wp-content\/uploads\/2014\/03\/wand2.jpg?resize=350%2C200","width":350,"height":200},"classes":[]},{"id":1150,"url":"http:\/\/www.dannwollenwirmal.de\/?p=1150","url_meta":{"origin":218,"position":3},"title":"Das zwei-Wochen-Bad, Teil 1","date":"25. Oktober 2015","format":false,"excerpt":"Das Sch\u00f6ne an meinen drei bis vier Bad-Umbauten pro Jahr ist ja, dass es jedes mal etwas Neues ist, weil immer irgendwelche Besonderheiten lauern (ist das wirklich das Sch\u00f6ne? Hmmm...) Bei meinem jetzigen Projekt, das ich Anfang dieser Woche begonnen habe, gibt es gleich zwei Besonderheiten: Erstens muss der gesamte\u2026","rel":"","context":"In &quot;Allgemein&quot;","img":{"alt_text":"","src":"https:\/\/i2.wp.com\/www.dannwollenwirmal.de\/wp-content\/uploads\/2015\/10\/IMG_3798.jpg?resize=350%2C200","width":350,"height":200},"classes":[]},{"id":873,"url":"http:\/\/www.dannwollenwirmal.de\/?p=873","url_meta":{"origin":218,"position":4},"title":"Zipperlein &#038; Wehwehchen","date":"1. M\u00e4rz 2015","format":false,"excerpt":"Jetzt habe ich diesen Monat so viel gewerkelt und gebaut, dass ich fast, also man k\u00f6nnte sagen beinahe, also zumindest heute mal, so wirklich die Schnauze voll habe. Alle Knochen tun mir weh, Knie und R\u00fccken sowieso, Reizhusten vom Staub und ausklingender Erk\u00e4ltung, Fliesenkleber auf den Fingern\u00e4geln. W\u00fcrde ich diese\u2026","rel":"","context":"In &quot;Allgemein&quot;","img":{"alt_text":"","src":"https:\/\/i1.wp.com\/www.dannwollenwirmal.de\/wp-content\/uploads\/2015\/02\/IMG_3287.jpg?resize=350%2C200","width":350,"height":200},"classes":[]},{"id":1166,"url":"http:\/\/www.dannwollenwirmal.de\/?p=1166","url_meta":{"origin":218,"position":5},"title":"Das zwei-Wochen-Bad, Teil 2","date":"1. November 2015","format":false,"excerpt":"Geschafft! Auf den Punkt nach zwei Wochen ist das Badprojekt fertiggestellt und man kann drauflosplanschen. Lediglich die Klempnerabteilung muss Montag nochmal ran, einen Heizk\u00f6rper und die Duschabtrennung anbringen, aber ich pers\u00f6nlich habe es p\u00fcnktlich (okay, mit einer \"Nachtschicht\") geschafft und werde nun die f\u00fcnfstellige Bonuszahlung einstreichen. Leider f\u00fchle ich mich\u2026","rel":"","context":"In &quot;Allgemein&quot;","img":{"alt_text":"","src":"https:\/\/i2.wp.com\/www.dannwollenwirmal.de\/wp-content\/uploads\/2015\/10\/IMG_3824.jpg?resize=350%2C200","width":350,"height":200},"classes":[]}],"_links":{"self":[{"href":"http:\/\/www.dannwollenwirmal.de\/index.php?rest_route=\/wp\/v2\/posts\/218"}],"collection":[{"href":"http:\/\/www.dannwollenwirmal.de\/index.php?rest_route=\/wp\/v2\/posts"}],"about":[{"href":"http:\/\/www.dannwollenwirmal.de\/index.php?rest_route=\/wp\/v2\/types\/post"}],"author":[{"embeddable":true,"href":"http:\/\/www.dannwollenwirmal.de\/index.php?rest_route=\/wp\/v2\/users\/1"}],"replies":[{"embeddable":true,"href":"http:\/\/www.dannwollenwirmal.de\/index.php?rest_route=%2Fwp%2Fv2%2Fcomments&post=218"}],"version-history":[{"count":4,"href":"http:\/\/www.dannwollenwirmal.de\/index.php?rest_route=\/wp\/v2\/posts\/218\/revisions"}],"predecessor-version":[{"id":226,"href":"http:\/\/www.dannwollenwirmal.de\/index.php?rest_route=\/wp\/v2\/posts\/218\/revisions\/226"}],"wp:attachment":[{"href":"http:\/\/www.dannwollenwirmal.de\/index.php?rest_route=%2Fwp%2Fv2%2Fmedia&parent=218"}],"wp:term":[{"taxonomy":"category","embeddable":true,"href":"http:\/\/www.dannwollenwirmal.de\/index.php?rest_route=%2Fwp%2Fv2%2Fcategories&post=218"},{"taxonomy":"post_tag","embeddable":true,"href":"http:\/\/www.dannwollenwirmal.de\/index.php?rest_route=%2Fwp%2Fv2%2Ftags&post=218"}],"curies":[{"name":"wp","href":"https:\/\/api.w.org\/{rel}","templated":true}]}}