{"id":2134,"date":"2017-12-31T08:00:57","date_gmt":"2017-12-31T07:00:57","guid":{"rendered":"http:\/\/www.dannwollenwirmal.de\/?p=2134"},"modified":"2017-12-30T22:00:07","modified_gmt":"2017-12-30T21:00:07","slug":"der-dannwollenwirmal-jahresrueckblick-3","status":"publish","type":"post","link":"http:\/\/www.dannwollenwirmal.de\/?p=2134","title":{"rendered":"Der dannwollenwirmal-Jahresr\u00fcckblick"},"content":{"rendered":"<p>Wenn der letzte Blogsonntag in diesem Jahr schon auf den 31.12. f\u00e4llt, werde ich nat\u00fcrlich die Gelegenheit nutzen, den traditionellen dannwollenwirmal-Jahresr\u00fcckblick heute abzuhandeln. Und was war da nicht alles los!<\/p>\n<p>Im\u00a0<strong>Januar<\/strong> habe ich das T\u00fcrsturz-Projekt fertiggestellt, bei dem einige T\u00fcr\u00f6ffnungen wegen ver\u00e4nderter Fu\u00dfbodensituation ein\u00a0<em>Upsizing<\/em> erfahren haben, sprich: es wurden die St\u00fcrze h\u00f6her gesetzt und schick verputzt. Zwei Tricks waren dabei: Erstens, die Schnitte nicht mit der Flex, sondern mit dem Multicutter zu machen, macht nur ein Zehntel so viel Schweinerei (geht aber auch nur bei den \u00fcblichen weichen Altbauw\u00e4nden und nicht in Stahlbeton), und zweitens, gehobelte Dachlatten in die Laibung schrauben (fix gemacht mit Nageld\u00fcbeln), dann hat man eine Putzlehre und kann die neuen T\u00fcrst\u00fcrze sch\u00f6n auf dem Niveau der Bestandswand anputzen. Nach einem Jahr R\u00fcckblick bin ich selbst ganz beeindruckt vom Ergebnis:<\/p>\n<p><a href=\"https:\/\/i0.wp.com\/www.dannwollenwirmal.de\/wp-content\/uploads\/2017\/01\/IMG_5049.jpg\"><img data-attachment-id=\"1752\" data-permalink=\"http:\/\/www.dannwollenwirmal.de\/?attachment_id=1752#main\" data-orig-file=\"https:\/\/i0.wp.com\/www.dannwollenwirmal.de\/wp-content\/uploads\/2017\/01\/IMG_5049.jpg?fit=652%2C652\" data-orig-size=\"652,652\" data-comments-opened=\"1\" data-image-meta=\"{&quot;aperture&quot;:&quot;2.2&quot;,&quot;credit&quot;:&quot;&quot;,&quot;camera&quot;:&quot;iPhone 6s&quot;,&quot;caption&quot;:&quot;&quot;,&quot;created_timestamp&quot;:&quot;1483787812&quot;,&quot;copyright&quot;:&quot;&quot;,&quot;focal_length&quot;:&quot;4.15&quot;,&quot;iso&quot;:&quot;200&quot;,&quot;shutter_speed&quot;:&quot;0.05&quot;,&quot;title&quot;:&quot;&quot;,&quot;orientation&quot;:&quot;1&quot;}\" data-image-title=\"img_5049\" data-image-description=\"&lt;p&gt;T\u00fcrsturz verputzen&lt;\/p&gt;\n\" data-image-caption=\"\" data-medium-file=\"https:\/\/i0.wp.com\/www.dannwollenwirmal.de\/wp-content\/uploads\/2017\/01\/IMG_5049.jpg?fit=300%2C300\" data-large-file=\"https:\/\/i0.wp.com\/www.dannwollenwirmal.de\/wp-content\/uploads\/2017\/01\/IMG_5049.jpg?fit=652%2C652\" loading=\"lazy\" class=\"alignnone size-full wp-image-1752\" src=\"https:\/\/i0.wp.com\/www.dannwollenwirmal.de\/wp-content\/uploads\/2017\/01\/IMG_5049.jpg?resize=652%2C652\" alt=\"\" width=\"652\" height=\"652\" srcset=\"https:\/\/i0.wp.com\/www.dannwollenwirmal.de\/wp-content\/uploads\/2017\/01\/IMG_5049.jpg?w=652 652w, https:\/\/i0.wp.com\/www.dannwollenwirmal.de\/wp-content\/uploads\/2017\/01\/IMG_5049.jpg?resize=150%2C150 150w, https:\/\/i0.wp.com\/www.dannwollenwirmal.de\/wp-content\/uploads\/2017\/01\/IMG_5049.jpg?resize=300%2C300 300w\" sizes=\"(max-width: 652px) 100vw, 652px\" data-recalc-dims=\"1\" \/><\/a><br \/>\n<em>T\u00fcrsturz neu gesetzt und verputzt<\/em><\/p>\n<p>Weiter ging es noch mit einem Gro\u00dfprojekt &#8222;Hallenrenovierung&#8220;, da habe ich zum ersten mal ein Airless-Ger\u00e4t in den Fingern gehabt. Das hat Spa\u00df gemacht und die Farbe h\u00e4lt auch nach einem Jahr immer noch, wer h\u00e4tte das gedacht.<\/p>\n<p>Auch die h\u00e4sslichen Spalten an meinen Dachfenstern habe ich endlich verschlossen:<\/p>\n<p><a href=\"https:\/\/i2.wp.com\/www.dannwollenwirmal.de\/wp-content\/uploads\/2017\/01\/IMG_5060.jpg\"><img data-attachment-id=\"1766\" data-permalink=\"http:\/\/www.dannwollenwirmal.de\/?attachment_id=1766#main\" data-orig-file=\"https:\/\/i2.wp.com\/www.dannwollenwirmal.de\/wp-content\/uploads\/2017\/01\/IMG_5060.jpg?fit=652%2C652\" data-orig-size=\"652,652\" data-comments-opened=\"1\" data-image-meta=\"{&quot;aperture&quot;:&quot;2.2&quot;,&quot;credit&quot;:&quot;&quot;,&quot;camera&quot;:&quot;iPhone 6s&quot;,&quot;caption&quot;:&quot;&quot;,&quot;created_timestamp&quot;:&quot;1484496526&quot;,&quot;copyright&quot;:&quot;&quot;,&quot;focal_length&quot;:&quot;4.15&quot;,&quot;iso&quot;:&quot;25&quot;,&quot;shutter_speed&quot;:&quot;0.03030303030303&quot;,&quot;title&quot;:&quot;&quot;,&quot;orientation&quot;:&quot;1&quot;}\" data-image-title=\"IMG_5060\" data-image-description=\"&lt;p&gt;Dachfenster Leiste fixieren&lt;\/p&gt;\n\" data-image-caption=\"\" data-medium-file=\"https:\/\/i2.wp.com\/www.dannwollenwirmal.de\/wp-content\/uploads\/2017\/01\/IMG_5060.jpg?fit=300%2C300\" data-large-file=\"https:\/\/i2.wp.com\/www.dannwollenwirmal.de\/wp-content\/uploads\/2017\/01\/IMG_5060.jpg?fit=652%2C652\" loading=\"lazy\" class=\"alignnone size-full wp-image-1766\" src=\"https:\/\/i2.wp.com\/www.dannwollenwirmal.de\/wp-content\/uploads\/2017\/01\/IMG_5060.jpg?resize=652%2C652\" alt=\"\" width=\"652\" height=\"652\" srcset=\"https:\/\/i2.wp.com\/www.dannwollenwirmal.de\/wp-content\/uploads\/2017\/01\/IMG_5060.jpg?w=652 652w, https:\/\/i2.wp.com\/www.dannwollenwirmal.de\/wp-content\/uploads\/2017\/01\/IMG_5060.jpg?resize=150%2C150 150w, https:\/\/i2.wp.com\/www.dannwollenwirmal.de\/wp-content\/uploads\/2017\/01\/IMG_5060.jpg?resize=300%2C300 300w\" sizes=\"(max-width: 652px) 100vw, 652px\" data-recalc-dims=\"1\" \/><\/a><br \/>\n<em>Zugemacht!<\/em><\/p>\n<p>Zu guter Letzt gab es noch eine geh\u00f6rige <a href=\"http:\/\/www.dannwollenwirmal.de\/?p=1773\"><strong>Baumarktklatsche<\/strong> <\/a>f\u00fcr die Frechheit von einer Silikonspritze, die der Laden wahrscheinlich immer noch genau so verkauft. \u00dcbrigens habe ich mittlerweile eine teure Kartuschenspritze aus dem Baustoffhandel und tats\u00e4chlich, die Fugen werden deutlich besser als mit den billigen Schmierpressen.<\/p>\n<p>Im\u00a0<strong>Februar<\/strong> nahm das Projekt Hallenrenovierung an Fahrt auf. Es wurden meterweise Trockenbauw\u00e4nde gezogen, viel mit Airless gespritzt und es entstand ein <a href=\"http:\/\/www.dannwollenwirmal.de\/?cat=457\"><strong>runder Empfangstresen<\/strong><\/a>.<\/p>\n<p><a href=\"https:\/\/i0.wp.com\/www.dannwollenwirmal.de\/wp-content\/uploads\/2017\/02\/IMG_5089.jpg\"><img data-attachment-id=\"1791\" data-permalink=\"http:\/\/www.dannwollenwirmal.de\/?attachment_id=1791#main\" data-orig-file=\"https:\/\/i0.wp.com\/www.dannwollenwirmal.de\/wp-content\/uploads\/2017\/02\/IMG_5089.jpg?fit=652%2C652\" data-orig-size=\"652,652\" data-comments-opened=\"1\" data-image-meta=\"{&quot;aperture&quot;:&quot;2.2&quot;,&quot;credit&quot;:&quot;&quot;,&quot;camera&quot;:&quot;iPhone 6s&quot;,&quot;caption&quot;:&quot;&quot;,&quot;created_timestamp&quot;:&quot;1485791110&quot;,&quot;copyright&quot;:&quot;&quot;,&quot;focal_length&quot;:&quot;4.15&quot;,&quot;iso&quot;:&quot;200&quot;,&quot;shutter_speed&quot;:&quot;0.058823529411765&quot;,&quot;title&quot;:&quot;&quot;,&quot;orientation&quot;:&quot;1&quot;}\" data-image-title=\"IMG_5089\" data-image-description=\"&lt;p&gt;Trennwand D\u00e4mmung&lt;\/p&gt;\n\" data-image-caption=\"\" data-medium-file=\"https:\/\/i0.wp.com\/www.dannwollenwirmal.de\/wp-content\/uploads\/2017\/02\/IMG_5089.jpg?fit=300%2C300\" data-large-file=\"https:\/\/i0.wp.com\/www.dannwollenwirmal.de\/wp-content\/uploads\/2017\/02\/IMG_5089.jpg?fit=652%2C652\" loading=\"lazy\" class=\"alignnone size-full wp-image-1791\" src=\"https:\/\/i0.wp.com\/www.dannwollenwirmal.de\/wp-content\/uploads\/2017\/02\/IMG_5089.jpg?resize=652%2C652\" alt=\"\" width=\"652\" height=\"652\" srcset=\"https:\/\/i0.wp.com\/www.dannwollenwirmal.de\/wp-content\/uploads\/2017\/02\/IMG_5089.jpg?w=652 652w, https:\/\/i0.wp.com\/www.dannwollenwirmal.de\/wp-content\/uploads\/2017\/02\/IMG_5089.jpg?resize=150%2C150 150w, https:\/\/i0.wp.com\/www.dannwollenwirmal.de\/wp-content\/uploads\/2017\/02\/IMG_5089.jpg?resize=300%2C300 300w\" sizes=\"(max-width: 652px) 100vw, 652px\" data-recalc-dims=\"1\" \/><\/a><br \/>\n<em>Trockenbau-Power<\/em><\/p>\n<p>Zu dieser Zeit erwarb ich auch meinen Akku-Bohrhammer, den ich absolut nicht mehr missen m\u00f6chte. Meine nachhaltige Empfehlung f\u00fcr dieses Ger\u00e4t!<\/p>\n<p><a href=\"https:\/\/i1.wp.com\/www.dannwollenwirmal.de\/wp-content\/uploads\/2017\/02\/IMG_5083.jpg\"><img data-attachment-id=\"1785\" data-permalink=\"http:\/\/www.dannwollenwirmal.de\/?attachment_id=1785#main\" data-orig-file=\"https:\/\/i1.wp.com\/www.dannwollenwirmal.de\/wp-content\/uploads\/2017\/02\/IMG_5083.jpg?fit=652%2C652\" data-orig-size=\"652,652\" data-comments-opened=\"1\" data-image-meta=\"{&quot;aperture&quot;:&quot;2.2&quot;,&quot;credit&quot;:&quot;&quot;,&quot;camera&quot;:&quot;iPhone 6s&quot;,&quot;caption&quot;:&quot;&quot;,&quot;created_timestamp&quot;:&quot;1485444400&quot;,&quot;copyright&quot;:&quot;&quot;,&quot;focal_length&quot;:&quot;4.15&quot;,&quot;iso&quot;:&quot;250&quot;,&quot;shutter_speed&quot;:&quot;0.03030303030303&quot;,&quot;title&quot;:&quot;&quot;,&quot;orientation&quot;:&quot;1&quot;}\" data-image-title=\"IMG_5083\" data-image-description=\"&lt;p&gt;Makita DHR243Y1J Akku-Kombihammer 18 V&lt;\/p&gt;\n\" data-image-caption=\"\" data-medium-file=\"https:\/\/i1.wp.com\/www.dannwollenwirmal.de\/wp-content\/uploads\/2017\/02\/IMG_5083.jpg?fit=300%2C300\" data-large-file=\"https:\/\/i1.wp.com\/www.dannwollenwirmal.de\/wp-content\/uploads\/2017\/02\/IMG_5083.jpg?fit=652%2C652\" loading=\"lazy\" class=\"alignnone size-full wp-image-1785\" src=\"https:\/\/i1.wp.com\/www.dannwollenwirmal.de\/wp-content\/uploads\/2017\/02\/IMG_5083.jpg?resize=652%2C652\" alt=\"\" width=\"652\" height=\"652\" srcset=\"https:\/\/i1.wp.com\/www.dannwollenwirmal.de\/wp-content\/uploads\/2017\/02\/IMG_5083.jpg?w=652 652w, https:\/\/i1.wp.com\/www.dannwollenwirmal.de\/wp-content\/uploads\/2017\/02\/IMG_5083.jpg?resize=150%2C150 150w, https:\/\/i1.wp.com\/www.dannwollenwirmal.de\/wp-content\/uploads\/2017\/02\/IMG_5083.jpg?resize=300%2C300 300w\" sizes=\"(max-width: 652px) 100vw, 652px\" data-recalc-dims=\"1\" \/><\/a><br \/>\n<i>Binford DHR243Y1J 18V<\/i><\/p>\n<p>Dann gab es noch einen ausf\u00fchrlichen Post \u00fcber freistehende R\u00e4ume aus Systemprofilen und zuguterletzt das dannwollenwirmal-Gewinnspiel, bei dem ihr entz\u00fcckende Baus\u00fcnden gebeichtet habt.<\/p>\n<p>Im\u00a0<strong>M\u00e4rz<\/strong> ging der Hallenumbau mit gro\u00dfen Schritten ins Finale, es wurde Wandputz aufgetragen und Teppich verlegt. Ich habe meine <a href=\"http:\/\/www.dannwollenwirmal.de\/?p=1833\"><strong>Werkzeugsammlung<\/strong> <\/a>vorgestellt und es gab rege Diskussionen, ob ich die armen <a href=\"http:\/\/www.dannwollenwirmal.de\/?p=1837\"><strong>Baumarkt-Mitarbeiter<\/strong> <\/a>wirklich so verschaukelt habe oder nicht.<\/p>\n<p><a href=\"https:\/\/i1.wp.com\/www.dannwollenwirmal.de\/wp-content\/uploads\/2017\/03\/IMG_5177.jpg\"><img data-attachment-id=\"1823\" data-permalink=\"http:\/\/www.dannwollenwirmal.de\/?attachment_id=1823#main\" data-orig-file=\"https:\/\/i1.wp.com\/www.dannwollenwirmal.de\/wp-content\/uploads\/2017\/03\/IMG_5177.jpg?fit=652%2C652\" data-orig-size=\"652,652\" data-comments-opened=\"1\" data-image-meta=\"{&quot;aperture&quot;:&quot;2.2&quot;,&quot;credit&quot;:&quot;&quot;,&quot;camera&quot;:&quot;iPhone 6s&quot;,&quot;caption&quot;:&quot;&quot;,&quot;created_timestamp&quot;:&quot;1488647826&quot;,&quot;copyright&quot;:&quot;&quot;,&quot;focal_length&quot;:&quot;4.15&quot;,&quot;iso&quot;:&quot;80&quot;,&quot;shutter_speed&quot;:&quot;0.03030303030303&quot;,&quot;title&quot;:&quot;&quot;,&quot;orientation&quot;:&quot;1&quot;}\" data-image-title=\"IMG_5177\" data-image-description=\"&lt;p&gt;Tresen DIY&lt;\/p&gt;\n\" data-image-caption=\"\" data-medium-file=\"https:\/\/i1.wp.com\/www.dannwollenwirmal.de\/wp-content\/uploads\/2017\/03\/IMG_5177.jpg?fit=300%2C300\" data-large-file=\"https:\/\/i1.wp.com\/www.dannwollenwirmal.de\/wp-content\/uploads\/2017\/03\/IMG_5177.jpg?fit=652%2C652\" loading=\"lazy\" class=\"alignnone size-full wp-image-1823\" src=\"https:\/\/i1.wp.com\/www.dannwollenwirmal.de\/wp-content\/uploads\/2017\/03\/IMG_5177.jpg?resize=652%2C652\" alt=\"\" width=\"652\" height=\"652\" srcset=\"https:\/\/i1.wp.com\/www.dannwollenwirmal.de\/wp-content\/uploads\/2017\/03\/IMG_5177.jpg?w=652 652w, https:\/\/i1.wp.com\/www.dannwollenwirmal.de\/wp-content\/uploads\/2017\/03\/IMG_5177.jpg?resize=150%2C150 150w, https:\/\/i1.wp.com\/www.dannwollenwirmal.de\/wp-content\/uploads\/2017\/03\/IMG_5177.jpg?resize=300%2C300 300w\" sizes=\"(max-width: 652px) 100vw, 652px\" data-recalc-dims=\"1\" \/><\/a><br \/>\n<em>Fertig: Tresen und Teppich<\/em><\/p>\n<p>Und schwupps, war&#8217;s schon <strong>April<\/strong>. Hier ging es viel um Wellbleche. Erste Schnittversuche mit einem Knabber waren weniger erfolgreich. Die besagten Vord\u00e4cher haben aber mittlerweile ihre Blech-Beplankung:<\/p>\n<p><img data-attachment-id=\"1956\" data-permalink=\"http:\/\/www.dannwollenwirmal.de\/?attachment_id=1956#main\" data-orig-file=\"https:\/\/i0.wp.com\/www.dannwollenwirmal.de\/wp-content\/uploads\/2017\/06\/IMG_5473-e1498334106780.jpg?fit=1512%2C1512\" data-orig-size=\"1512,1512\" data-comments-opened=\"1\" data-image-meta=\"{&quot;aperture&quot;:&quot;2.2&quot;,&quot;credit&quot;:&quot;&quot;,&quot;camera&quot;:&quot;iPhone 6s&quot;,&quot;caption&quot;:&quot;&quot;,&quot;created_timestamp&quot;:&quot;1497456131&quot;,&quot;copyright&quot;:&quot;&quot;,&quot;focal_length&quot;:&quot;4.15&quot;,&quot;iso&quot;:&quot;25&quot;,&quot;shutter_speed&quot;:&quot;0.0012484394506866&quot;,&quot;title&quot;:&quot;&quot;,&quot;orientation&quot;:&quot;6&quot;}\" data-image-title=\"IMG_5473\" data-image-description=\"&lt;p&gt;Vordach Wellblech&lt;\/p&gt;\n\" data-image-caption=\"\" data-medium-file=\"https:\/\/i0.wp.com\/www.dannwollenwirmal.de\/wp-content\/uploads\/2017\/06\/IMG_5473-e1498334106780.jpg?fit=300%2C300\" data-large-file=\"https:\/\/i0.wp.com\/www.dannwollenwirmal.de\/wp-content\/uploads\/2017\/06\/IMG_5473-e1498334106780.jpg?fit=652%2C652\" loading=\"lazy\" class=\"alignnone size-large wp-image-1956\" src=\"https:\/\/i2.wp.com\/www.dannwollenwirmal.de\/wp-content\/uploads\/2017\/06\/IMG_5473-e1498334106780-1024x1024.jpg?resize=652%2C652\" alt=\"\" width=\"652\" height=\"652\" srcset=\"https:\/\/i0.wp.com\/www.dannwollenwirmal.de\/wp-content\/uploads\/2017\/06\/IMG_5473-e1498334106780.jpg?resize=1024%2C1024 1024w, https:\/\/i0.wp.com\/www.dannwollenwirmal.de\/wp-content\/uploads\/2017\/06\/IMG_5473-e1498334106780.jpg?resize=150%2C150 150w, https:\/\/i0.wp.com\/www.dannwollenwirmal.de\/wp-content\/uploads\/2017\/06\/IMG_5473-e1498334106780.jpg?resize=300%2C300 300w, https:\/\/i0.wp.com\/www.dannwollenwirmal.de\/wp-content\/uploads\/2017\/06\/IMG_5473-e1498334106780.jpg?w=1512 1512w, https:\/\/i0.wp.com\/www.dannwollenwirmal.de\/wp-content\/uploads\/2017\/06\/IMG_5473-e1498334106780.jpg?w=1304 1304w\" sizes=\"(max-width: 652px) 100vw, 652px\" data-recalc-dims=\"1\" \/><br \/>\n<em>Heiligs Blechle<\/em><\/p>\n<p>Und auch die Werkzeugsammlung hat Nachwuchs bekommen, n\u00e4mlich der gro\u00dfe Makita-Bit- und Bohrersatz.<\/p>\n<p><a href=\"https:\/\/i1.wp.com\/www.dannwollenwirmal.de\/wp-content\/uploads\/2017\/04\/2.jpg\"><img data-attachment-id=\"1862\" data-permalink=\"http:\/\/www.dannwollenwirmal.de\/?attachment_id=1862#main\" data-orig-file=\"https:\/\/i1.wp.com\/www.dannwollenwirmal.de\/wp-content\/uploads\/2017\/04\/2.jpg?fit=652%2C652\" data-orig-size=\"652,652\" data-comments-opened=\"1\" data-image-meta=\"{&quot;aperture&quot;:&quot;0&quot;,&quot;credit&quot;:&quot;&quot;,&quot;camera&quot;:&quot;&quot;,&quot;caption&quot;:&quot;&quot;,&quot;created_timestamp&quot;:&quot;0&quot;,&quot;copyright&quot;:&quot;&quot;,&quot;focal_length&quot;:&quot;0&quot;,&quot;iso&quot;:&quot;0&quot;,&quot;shutter_speed&quot;:&quot;0&quot;,&quot;title&quot;:&quot;&quot;,&quot;orientation&quot;:&quot;0&quot;}\" data-image-title=\"2\" data-image-description=\"&lt;p&gt;B-49638&lt;\/p&gt;\n\" data-image-caption=\"\" data-medium-file=\"https:\/\/i1.wp.com\/www.dannwollenwirmal.de\/wp-content\/uploads\/2017\/04\/2.jpg?fit=300%2C300\" data-large-file=\"https:\/\/i1.wp.com\/www.dannwollenwirmal.de\/wp-content\/uploads\/2017\/04\/2.jpg?fit=652%2C652\" loading=\"lazy\" class=\"alignnone size-full wp-image-1862\" src=\"https:\/\/i1.wp.com\/www.dannwollenwirmal.de\/wp-content\/uploads\/2017\/04\/2.jpg?resize=652%2C652\" alt=\"\" width=\"652\" height=\"652\" srcset=\"https:\/\/i1.wp.com\/www.dannwollenwirmal.de\/wp-content\/uploads\/2017\/04\/2.jpg?w=652 652w, https:\/\/i1.wp.com\/www.dannwollenwirmal.de\/wp-content\/uploads\/2017\/04\/2.jpg?resize=150%2C150 150w, https:\/\/i1.wp.com\/www.dannwollenwirmal.de\/wp-content\/uploads\/2017\/04\/2.jpg?resize=300%2C300 300w\" sizes=\"(max-width: 652px) 100vw, 652px\" data-recalc-dims=\"1\" \/><\/a><br \/>\n<em>Gutes Werkzeug, halbe Arbeit<\/em><\/p>\n<p>Er ist mittlerweile nicht mehr ganz so sauber, aber noch fast vollst\u00e4ndig. Als Nachteil hat sich herausgestellt, dass die Bits in dem Halter nicht gut halten und gerne im Schraubenkopf steckenbleiben oder runterfallen. Wer da einen Trick wei\u00df, immer her damit.<\/p>\n<p>Der <strong>Mai<\/strong> startete mit einem Malheur, n\u00e4mlich der Trockenbauschraube im Heizungsrohr:<\/p>\n<p><a href=\"https:\/\/i1.wp.com\/www.dannwollenwirmal.de\/wp-content\/uploads\/2017\/05\/IMG_5295.jpg\"><img data-attachment-id=\"1886\" data-permalink=\"http:\/\/www.dannwollenwirmal.de\/?attachment_id=1886#main\" data-orig-file=\"https:\/\/i1.wp.com\/www.dannwollenwirmal.de\/wp-content\/uploads\/2017\/05\/IMG_5295.jpg?fit=652%2C652\" data-orig-size=\"652,652\" data-comments-opened=\"1\" data-image-meta=\"{&quot;aperture&quot;:&quot;2.2&quot;,&quot;credit&quot;:&quot;&quot;,&quot;camera&quot;:&quot;iPhone 6s&quot;,&quot;caption&quot;:&quot;&quot;,&quot;created_timestamp&quot;:&quot;1493145296&quot;,&quot;copyright&quot;:&quot;&quot;,&quot;focal_length&quot;:&quot;4.15&quot;,&quot;iso&quot;:&quot;400&quot;,&quot;shutter_speed&quot;:&quot;0.058823529411765&quot;,&quot;title&quot;:&quot;&quot;,&quot;orientation&quot;:&quot;1&quot;}\" data-image-title=\"IMG_5295\" data-image-description=\"&lt;p&gt;Heizungsrohr Schraube&lt;\/p&gt;\n\" data-image-caption=\"\" data-medium-file=\"https:\/\/i1.wp.com\/www.dannwollenwirmal.de\/wp-content\/uploads\/2017\/05\/IMG_5295.jpg?fit=300%2C300\" data-large-file=\"https:\/\/i1.wp.com\/www.dannwollenwirmal.de\/wp-content\/uploads\/2017\/05\/IMG_5295.jpg?fit=652%2C652\" loading=\"lazy\" class=\"alignnone size-full wp-image-1886\" src=\"https:\/\/i1.wp.com\/www.dannwollenwirmal.de\/wp-content\/uploads\/2017\/05\/IMG_5295.jpg?resize=652%2C652\" alt=\"\" width=\"652\" height=\"652\" srcset=\"https:\/\/i1.wp.com\/www.dannwollenwirmal.de\/wp-content\/uploads\/2017\/05\/IMG_5295.jpg?w=652 652w, https:\/\/i1.wp.com\/www.dannwollenwirmal.de\/wp-content\/uploads\/2017\/05\/IMG_5295.jpg?resize=150%2C150 150w, https:\/\/i1.wp.com\/www.dannwollenwirmal.de\/wp-content\/uploads\/2017\/05\/IMG_5295.jpg?resize=300%2C300 300w\" sizes=\"(max-width: 652px) 100vw, 652px\" data-recalc-dims=\"1\" \/><\/a><br \/>\n<em>Oooops!<\/em><\/p>\n<p>Die <a href=\"http:\/\/www.dannwollenwirmal.de\/?p=1890\"><strong>Muttertagstips<\/strong> <\/a>sollte man sich zur Vorbereitung auf den n\u00e4chsten Muttertag auf jeden Fall nochmal durchlesen.<\/p>\n<p>Zwischendurch wurde mal wieder eine Decke verkleidet:<\/p>\n<p><a href=\"https:\/\/i1.wp.com\/www.dannwollenwirmal.de\/wp-content\/uploads\/2017\/05\/IMG_5341.jpg\"><img data-attachment-id=\"1896\" data-permalink=\"http:\/\/www.dannwollenwirmal.de\/?attachment_id=1896#main\" data-orig-file=\"https:\/\/i1.wp.com\/www.dannwollenwirmal.de\/wp-content\/uploads\/2017\/05\/IMG_5341.jpg?fit=652%2C652\" data-orig-size=\"652,652\" data-comments-opened=\"1\" data-image-meta=\"{&quot;aperture&quot;:&quot;2.2&quot;,&quot;credit&quot;:&quot;&quot;,&quot;camera&quot;:&quot;iPhone 6s&quot;,&quot;caption&quot;:&quot;&quot;,&quot;created_timestamp&quot;:&quot;1494070386&quot;,&quot;copyright&quot;:&quot;&quot;,&quot;focal_length&quot;:&quot;4.15&quot;,&quot;iso&quot;:&quot;25&quot;,&quot;shutter_speed&quot;:&quot;0.02&quot;,&quot;title&quot;:&quot;&quot;,&quot;orientation&quot;:&quot;1&quot;}\" data-image-title=\"IMG_5341\" data-image-description=\"&lt;p&gt;Abgeh\u00e4ngte Decke&lt;\/p&gt;\n\" data-image-caption=\"\" data-medium-file=\"https:\/\/i1.wp.com\/www.dannwollenwirmal.de\/wp-content\/uploads\/2017\/05\/IMG_5341.jpg?fit=300%2C300\" data-large-file=\"https:\/\/i1.wp.com\/www.dannwollenwirmal.de\/wp-content\/uploads\/2017\/05\/IMG_5341.jpg?fit=652%2C652\" loading=\"lazy\" class=\"alignnone size-full wp-image-1896\" src=\"https:\/\/i1.wp.com\/www.dannwollenwirmal.de\/wp-content\/uploads\/2017\/05\/IMG_5341.jpg?resize=652%2C652\" alt=\"\" width=\"652\" height=\"652\" srcset=\"https:\/\/i1.wp.com\/www.dannwollenwirmal.de\/wp-content\/uploads\/2017\/05\/IMG_5341.jpg?w=652 652w, https:\/\/i1.wp.com\/www.dannwollenwirmal.de\/wp-content\/uploads\/2017\/05\/IMG_5341.jpg?resize=150%2C150 150w, https:\/\/i1.wp.com\/www.dannwollenwirmal.de\/wp-content\/uploads\/2017\/05\/IMG_5341.jpg?resize=300%2C300 300w\" sizes=\"(max-width: 652px) 100vw, 652px\" data-recalc-dims=\"1\" \/><\/a><br \/>\n<em>Abgeh\u00e4ngte Decke<\/em><\/p>\n<p>Im <strong>Juni<\/strong> habe ich ausf\u00fchrlich \u00fcber meine Erlebnisse mit der <a href=\"http:\/\/www.dannwollenwirmal.de\/?p=1910\"><strong>Horrorwohnung<\/strong><\/a> berichtet. Auch hier empfehle ich dem geneigten Leser die nochmalige Lekt\u00fcre! Es wird immer sch\u00f6ner, je \u00f6fter man es betrachtet.<\/p>\n<p>Der Juli gestaltete sich warm und arbeitsreich, aber zwischendurch habe ich nette Sachen gemacht, beispielsweise diese Holzbank mit Einbrennung versehen:<\/p>\n<p><a href=\"https:\/\/i0.wp.com\/www.dannwollenwirmal.de\/wp-content\/uploads\/2017\/07\/7.jpg\"><img data-attachment-id=\"1991\" data-permalink=\"http:\/\/www.dannwollenwirmal.de\/?attachment_id=1991#main\" data-orig-file=\"https:\/\/i0.wp.com\/www.dannwollenwirmal.de\/wp-content\/uploads\/2017\/07\/7.jpg?fit=652%2C652\" data-orig-size=\"652,652\" data-comments-opened=\"1\" data-image-meta=\"{&quot;aperture&quot;:&quot;0&quot;,&quot;credit&quot;:&quot;&quot;,&quot;camera&quot;:&quot;&quot;,&quot;caption&quot;:&quot;&quot;,&quot;created_timestamp&quot;:&quot;0&quot;,&quot;copyright&quot;:&quot;&quot;,&quot;focal_length&quot;:&quot;0&quot;,&quot;iso&quot;:&quot;0&quot;,&quot;shutter_speed&quot;:&quot;0&quot;,&quot;title&quot;:&quot;&quot;,&quot;orientation&quot;:&quot;1&quot;}\" data-image-title=\"7\" data-image-description=\"&lt;p&gt;Brandmalerei Bank&lt;\/p&gt;\n\" data-image-caption=\"\" data-medium-file=\"https:\/\/i0.wp.com\/www.dannwollenwirmal.de\/wp-content\/uploads\/2017\/07\/7.jpg?fit=300%2C300\" data-large-file=\"https:\/\/i0.wp.com\/www.dannwollenwirmal.de\/wp-content\/uploads\/2017\/07\/7.jpg?fit=652%2C652\" loading=\"lazy\" class=\"alignnone size-full wp-image-1991\" src=\"https:\/\/i0.wp.com\/www.dannwollenwirmal.de\/wp-content\/uploads\/2017\/07\/7.jpg?resize=652%2C652\" alt=\"\" width=\"652\" height=\"652\" srcset=\"https:\/\/i0.wp.com\/www.dannwollenwirmal.de\/wp-content\/uploads\/2017\/07\/7.jpg?w=652 652w, https:\/\/i0.wp.com\/www.dannwollenwirmal.de\/wp-content\/uploads\/2017\/07\/7.jpg?resize=150%2C150 150w, https:\/\/i0.wp.com\/www.dannwollenwirmal.de\/wp-content\/uploads\/2017\/07\/7.jpg?resize=300%2C300 300w\" sizes=\"(max-width: 652px) 100vw, 652px\" data-recalc-dims=\"1\" \/><br \/>\n<\/a><em>Holzbank<\/em><\/p>\n<p>Auch die <a href=\"http:\/\/www.dannwollenwirmal.de\/?p=1994\"><strong>zw\u00f6lf S\u00e4tze<\/strong><\/a>, die Heimwerker niemals sagen w\u00fcrden, kann ich an dieser Stelle nochmals empfehlen. In den Kommentaren finden sich passende Erg\u00e4nzungen, danke daf\u00fcr!<\/p>\n<p>Nach der Sommerpause im\u00a0<strong>August<\/strong> ging es dann im\u00a0<strong>September<\/strong> mit der \u00fcblichen Ferienwohnungs-Analyse weiter. Zwischendurch war dann noch der Blog kaputt, aber an gro\u00dfen Projekten gab&#8217;s dann nichts mehr.<\/p>\n<p><a href=\"https:\/\/i1.wp.com\/www.dannwollenwirmal.de\/wp-content\/uploads\/2017\/09\/image-2.jpg\"><img data-attachment-id=\"2023\" data-permalink=\"http:\/\/www.dannwollenwirmal.de\/?attachment_id=2023#main\" data-orig-file=\"https:\/\/i1.wp.com\/www.dannwollenwirmal.de\/wp-content\/uploads\/2017\/09\/image-2.jpg?fit=3000%2C3000\" data-orig-size=\"3000,3000\" data-comments-opened=\"1\" data-image-meta=\"{&quot;aperture&quot;:&quot;0&quot;,&quot;credit&quot;:&quot;&quot;,&quot;camera&quot;:&quot;&quot;,&quot;caption&quot;:&quot;&quot;,&quot;created_timestamp&quot;:&quot;0&quot;,&quot;copyright&quot;:&quot;&quot;,&quot;focal_length&quot;:&quot;0&quot;,&quot;iso&quot;:&quot;0&quot;,&quot;shutter_speed&quot;:&quot;0&quot;,&quot;title&quot;:&quot;&quot;,&quot;orientation&quot;:&quot;1&quot;}\" data-image-title=\"image\" data-image-description=\"&lt;p&gt;Spalt Dusche Trennwand&lt;\/p&gt;\n\" data-image-caption=\"\" data-medium-file=\"https:\/\/i1.wp.com\/www.dannwollenwirmal.de\/wp-content\/uploads\/2017\/09\/image-2.jpg?fit=300%2C300\" data-large-file=\"https:\/\/i1.wp.com\/www.dannwollenwirmal.de\/wp-content\/uploads\/2017\/09\/image-2.jpg?fit=652%2C652\" loading=\"lazy\" class=\"alignnone size-large wp-image-2023\" src=\"https:\/\/i1.wp.com\/www.dannwollenwirmal.de\/wp-content\/uploads\/2017\/09\/image-2.jpg?resize=652%2C652\" alt=\"\" width=\"652\" height=\"652\" srcset=\"https:\/\/i1.wp.com\/www.dannwollenwirmal.de\/wp-content\/uploads\/2017\/09\/image-2.jpg?resize=1024%2C1024 1024w, https:\/\/i1.wp.com\/www.dannwollenwirmal.de\/wp-content\/uploads\/2017\/09\/image-2.jpg?resize=150%2C150 150w, https:\/\/i1.wp.com\/www.dannwollenwirmal.de\/wp-content\/uploads\/2017\/09\/image-2.jpg?resize=300%2C300 300w, https:\/\/i1.wp.com\/www.dannwollenwirmal.de\/wp-content\/uploads\/2017\/09\/image-2.jpg?resize=768%2C768 768w, https:\/\/i1.wp.com\/www.dannwollenwirmal.de\/wp-content\/uploads\/2017\/09\/image-2.jpg?w=1304 1304w, https:\/\/i1.wp.com\/www.dannwollenwirmal.de\/wp-content\/uploads\/2017\/09\/image-2.jpg?w=1956 1956w\" sizes=\"(max-width: 652px) 100vw, 652px\" data-recalc-dims=\"1\" \/><\/a><br \/>\n<em>Fewo-Analyse<\/em><\/p>\n<p>Der\u00a0<strong>Oktober<\/strong> begann mit einer <a href=\"http:\/\/www.dannwollenwirmal.de\/?p=2044\"><strong>Hommage an meinen Lieblingssender<\/strong><\/a>, der mir viel Feedback einbrachte. Es gab noch Tips zur optimalen, oder auch nicht, Fliesenh\u00f6he und schlie\u00dflich eine ausf\u00fchrliche Betrachtung vom Sinn und Unsinn der Innend\u00e4mmung sowie eine Vorstellung von frei stehenden und direkt befestigten Vorsatzschalen:<\/p>\n<p><a href=\"https:\/\/i1.wp.com\/www.dannwollenwirmal.de\/wp-content\/uploads\/2017\/11\/IMG_5915.jpg\"><img data-attachment-id=\"2100\" data-permalink=\"http:\/\/www.dannwollenwirmal.de\/?attachment_id=2100#main\" data-orig-file=\"https:\/\/i1.wp.com\/www.dannwollenwirmal.de\/wp-content\/uploads\/2017\/11\/IMG_5915.jpg?fit=652%2C652\" data-orig-size=\"652,652\" data-comments-opened=\"1\" data-image-meta=\"{&quot;aperture&quot;:&quot;2.2&quot;,&quot;credit&quot;:&quot;&quot;,&quot;camera&quot;:&quot;iPhone 6s&quot;,&quot;caption&quot;:&quot;&quot;,&quot;created_timestamp&quot;:&quot;1510847079&quot;,&quot;copyright&quot;:&quot;&quot;,&quot;focal_length&quot;:&quot;4.15&quot;,&quot;iso&quot;:&quot;200&quot;,&quot;shutter_speed&quot;:&quot;0.058823529411765&quot;,&quot;title&quot;:&quot;&quot;,&quot;orientation&quot;:&quot;1&quot;}\" data-image-title=\"IMG_5915\" data-image-description=\"&lt;p&gt;Direkt befestigte Vorsatzschale&lt;\/p&gt;\n\" data-image-caption=\"\" data-medium-file=\"https:\/\/i1.wp.com\/www.dannwollenwirmal.de\/wp-content\/uploads\/2017\/11\/IMG_5915.jpg?fit=300%2C300\" data-large-file=\"https:\/\/i1.wp.com\/www.dannwollenwirmal.de\/wp-content\/uploads\/2017\/11\/IMG_5915.jpg?fit=652%2C652\" loading=\"lazy\" class=\"alignnone size-full wp-image-2100\" src=\"https:\/\/i1.wp.com\/www.dannwollenwirmal.de\/wp-content\/uploads\/2017\/11\/IMG_5915.jpg?resize=652%2C652\" alt=\"\" width=\"652\" height=\"652\" srcset=\"https:\/\/i1.wp.com\/www.dannwollenwirmal.de\/wp-content\/uploads\/2017\/11\/IMG_5915.jpg?w=652 652w, https:\/\/i1.wp.com\/www.dannwollenwirmal.de\/wp-content\/uploads\/2017\/11\/IMG_5915.jpg?resize=150%2C150 150w, https:\/\/i1.wp.com\/www.dannwollenwirmal.de\/wp-content\/uploads\/2017\/11\/IMG_5915.jpg?resize=300%2C300 300w\" sizes=\"(max-width: 652px) 100vw, 652px\" data-recalc-dims=\"1\" \/><\/a><br \/>\n<em>Vorsatzschalen<\/em><\/p>\n<p>Dann gings nochmal richtig ans Eingemachte in punkto Dampfbremsfolie mit korrektem Wandanschluss und Zwischensparrend\u00e4mmung mit nachtr\u00e4glicher Unterdeckung anstatt Unterspannbahn. Ein bisschen was f\u00fcr die Handwerksnerds halt. Aber das muss ja auch mal sein.<\/p>\n<p>Im <strong>November<\/strong> wurden dann Dachschr\u00e4gen beplankt und Blechscheren verloren (nein, immer noch nicht wieder aufgetaucht. Vielen Dank f\u00fcr Eure Anteilnahme, aber ich habe jetzt eine neue!). Als Jahresabschluss-Baustelle habe ich einen ehemaligen Stallraum mit Vorsatzschalen, Trennwand und abgeh\u00e4ngter Decke ausgestattet. Eine ausf\u00fchrliche Abhandlung gab es noch \u00fcber das Thema &#8222;<a href=\"http:\/\/www.dannwollenwirmal.de\/?p=2106\"><strong>Rigips auf OSB<\/strong><\/a>&#8222;.<\/p>\n<p>Der <a href=\"http:\/\/www.dannwollenwirmal.de\/?p=2106\"><strong>Dezember<\/strong> <\/a>brachte dann noch die Vollendung der besagten Baustelle (kurz vor Weihnachten fertig geworden! Punktlandung!) sowie eines meiner pers\u00f6nlichen Highlights im Bereich <a href=\"http:\/\/www.dannwollenwirmal.de\/?p=2125\"><strong>Heimwerkercomedy<\/strong><\/a>, n\u00e4mlich die Ausschreibung zur Errichtung von 34 Ein- bis Zweifamilienh\u00e4usern an den Hausmeister- und Renovierungsservice Kottm\u00fcller aus Lehrte. Wie ich aus vielen Nachrichten und pers\u00f6nlichen Ansprachen erfahren habe, hattet ihr beim Lesen mindestens genau so viel Spa\u00df wie ich beim Schreiben.<\/p>\n<p>So, und nun ist bald schon 2018, der Blog geht tats\u00e4chlich in sein f\u00fcnftes Jahr. Habe ich damals geplant, das so lange zu machen? Irgendwie habe ich das alles gar nicht geplant, aber nun ist es so gekommen, und erstmal geht&#8217;s auch so weiter. Viele spannende Projekte warten auf die Binford-Maschinen, die \u00fcber Weihnachten und Silvester einen klitzekleinen Winterschlaf gemacht haben und im Januar sofort wieder anspringen, wenn es wieder hei\u00dft: Tu Schaum hinein, wird auch zu Stein; Silikon macht das schon; \u00dcbel wird dem Eckventil, schmierst du drumherum Acryl. Oder so \u00e4hnlich.<\/p>\n<p>Euch, lieben Lesern, einen guten Rutsch und alles Beste f\u00fcr 2018! Bis n\u00e4chstes Jahr!<\/p>\n<p>&nbsp;<\/p>\n<div class=\"sharedaddy sd-sharing-enabled\"><div class=\"robots-nocontent sd-block sd-social sd-social-icon-text sd-sharing\"><h3 class=\"sd-title\">Teilen mit:<\/h3><div class=\"sd-content\"><ul><li class=\"share-email\"><a rel=\"nofollow noopener noreferrer\" data-shared=\"\" class=\"share-email sd-button share-icon\" href=\"http:\/\/www.dannwollenwirmal.de\/?p=2134&amp;share=email\" target=\"_blank\" title=\"Klick, um dies einem Freund per E-Mail zu senden\"><span>E-Mail<\/span><\/a><\/li><li class=\"share-print\"><a rel=\"nofollow noopener noreferrer\" data-shared=\"\" class=\"share-print sd-button share-icon\" href=\"http:\/\/www.dannwollenwirmal.de\/?p=2134\" target=\"_blank\" title=\"Klicken zum Ausdrucken\"><span>Drucken<\/span><\/a><\/li><li class=\"share-facebook\"><a rel=\"nofollow noopener noreferrer\" data-shared=\"sharing-facebook-2134\" class=\"share-facebook sd-button share-icon\" href=\"http:\/\/www.dannwollenwirmal.de\/?p=2134&amp;share=facebook\" target=\"_blank\" title=\"Klick, um auf Facebook zu teilen\"><span>Facebook<\/span><\/a><\/li><li class=\"share-twitter\"><a rel=\"nofollow noopener noreferrer\" data-shared=\"sharing-twitter-2134\" class=\"share-twitter sd-button share-icon\" href=\"http:\/\/www.dannwollenwirmal.de\/?p=2134&amp;share=twitter\" target=\"_blank\" title=\"Klick, um \u00fcber Twitter zu teilen\"><span>Twitter<\/span><\/a><\/li><li class=\"share-pinterest\"><a rel=\"nofollow noopener noreferrer\" data-shared=\"sharing-pinterest-2134\" class=\"share-pinterest sd-button share-icon\" href=\"http:\/\/www.dannwollenwirmal.de\/?p=2134&amp;share=pinterest\" target=\"_blank\" title=\"Klick, um auf Pinterest zu teilen\"><span>Pinterest<\/span><\/a><\/li><li class=\"share-linkedin\"><a rel=\"nofollow noopener noreferrer\" data-shared=\"sharing-linkedin-2134\" class=\"share-linkedin sd-button share-icon\" href=\"http:\/\/www.dannwollenwirmal.de\/?p=2134&amp;share=linkedin\" target=\"_blank\" title=\"Klick, um auf LinkedIn zu teilen\"><span>LinkedIn<\/span><\/a><\/li><li class=\"share-end\"><\/li><\/ul><\/div><\/div><\/div>","protected":false},"excerpt":{"rendered":"<p>Wenn der letzte Blogsonntag in diesem Jahr schon auf den 31.12. f\u00e4llt, werde ich nat\u00fcrlich die Gelegenheit nutzen, den traditionellen dannwollenwirmal-Jahresr\u00fcckblick heute abzuhandeln. Und was war da nicht alles los! Im\u00a0Januar habe ich das T\u00fcrsturz-Projekt fertiggestellt, bei dem einige T\u00fcr\u00f6ffnungen wegen ver\u00e4nderter Fu\u00dfbodensituation ein\u00a0Upsizing erfahren haben, sprich: es wurden die St\u00fcrze h\u00f6her gesetzt und schick [&hellip;]<\/p>\n<div class=\"sharedaddy sd-sharing-enabled\"><div class=\"robots-nocontent sd-block sd-social sd-social-icon-text sd-sharing\"><h3 class=\"sd-title\">Teilen mit:<\/h3><div class=\"sd-content\"><ul><li class=\"share-email\"><a rel=\"nofollow noopener noreferrer\" data-shared=\"\" class=\"share-email sd-button share-icon\" href=\"http:\/\/www.dannwollenwirmal.de\/?p=2134&amp;share=email\" target=\"_blank\" title=\"Klick, um dies einem Freund per E-Mail zu senden\"><span>E-Mail<\/span><\/a><\/li><li class=\"share-print\"><a rel=\"nofollow noopener noreferrer\" data-shared=\"\" class=\"share-print sd-button share-icon\" href=\"http:\/\/www.dannwollenwirmal.de\/?p=2134\" target=\"_blank\" title=\"Klicken zum Ausdrucken\"><span>Drucken<\/span><\/a><\/li><li class=\"share-facebook\"><a rel=\"nofollow noopener noreferrer\" data-shared=\"sharing-facebook-2134\" class=\"share-facebook sd-button share-icon\" href=\"http:\/\/www.dannwollenwirmal.de\/?p=2134&amp;share=facebook\" target=\"_blank\" title=\"Klick, um auf Facebook zu teilen\"><span>Facebook<\/span><\/a><\/li><li class=\"share-twitter\"><a rel=\"nofollow noopener noreferrer\" data-shared=\"sharing-twitter-2134\" class=\"share-twitter sd-button share-icon\" href=\"http:\/\/www.dannwollenwirmal.de\/?p=2134&amp;share=twitter\" target=\"_blank\" title=\"Klick, um \u00fcber Twitter zu teilen\"><span>Twitter<\/span><\/a><\/li><li class=\"share-pinterest\"><a rel=\"nofollow noopener noreferrer\" data-shared=\"sharing-pinterest-2134\" class=\"share-pinterest sd-button share-icon\" href=\"http:\/\/www.dannwollenwirmal.de\/?p=2134&amp;share=pinterest\" target=\"_blank\" title=\"Klick, um auf Pinterest zu teilen\"><span>Pinterest<\/span><\/a><\/li><li class=\"share-linkedin\"><a rel=\"nofollow noopener noreferrer\" data-shared=\"sharing-linkedin-2134\" class=\"share-linkedin sd-button share-icon\" href=\"http:\/\/www.dannwollenwirmal.de\/?p=2134&amp;share=linkedin\" target=\"_blank\" title=\"Klick, um auf LinkedIn zu teilen\"><span>LinkedIn<\/span><\/a><\/li><li class=\"share-end\"><\/li><\/ul><\/div><\/div><\/div>","protected":false},"author":1,"featured_media":0,"comment_status":"open","ping_status":"open","sticky":false,"template":"","format":"standard","meta":{"advanced_seo_description":"","spay_email":"","jetpack_publicize_message":"","jetpack_is_tweetstorm":false,"jetpack_publicize_feature_enabled":true},"categories":[1],"tags":[305],"jetpack_featured_media_url":"","jetpack_publicize_connections":[],"jetpack_shortlink":"https:\/\/wp.me\/p3WtlO-yq","jetpack_sharing_enabled":true,"jetpack-related-posts":[{"id":1746,"url":"http:\/\/www.dannwollenwirmal.de\/?p=1746","url_meta":{"origin":2134,"position":0},"title":"Der dannwollenwirmal-Jahresr\u00fcckblick","date":"1. Januar 2017","format":false,"excerpt":"Da sind wir wieder, und selbst an Neujahr bin ich mir nicht zu schade, mich zum Rechner zu schleppen und der werten Leserschaft ein paar Zeilen zu hinterlassen, wenn auch etwas sp\u00e4ter als sonst, aber irgendwann muss man ja auch mal schlafen! Oder so. Wir schalten die schw\u00fclstige Geigenmusik an\u2026","rel":"","context":"In &quot;Allgemein&quot;","img":{"alt_text":"IMG_4016","src":"https:\/\/i1.wp.com\/www.dannwollenwirmal.de\/wp-content\/uploads\/2016\/01\/IMG_4016.jpg?resize=350%2C200","width":350,"height":200},"classes":[]},{"id":1247,"url":"http:\/\/www.dannwollenwirmal.de\/?p=1247","url_meta":{"origin":2134,"position":1},"title":"Der dannwollenwirmal-Jahresr\u00fcckblick","date":"27. Dezember 2015","format":false,"excerpt":"Statistisch gesehen sind die Zugriffszahlen auf diesen kleinen Anti-Besinnlichkeits-Blog zu Weihnachten immer am niedrigsten. Besonders der Heiligabend sticht hier negativ hervor. Scheinbar brauchen an diesem Tag nur wenige Menschen Ratschl\u00e4ge hinsichtlich Mauerdurchbr\u00fcchen und kleinen Sprengarbeiten (wobei das auch sehr sch\u00f6n sein kann, siehe diese Geschichte!) Also, lieber Leser, wir sind\u2026","rel":"","context":"In &quot;Allgemein&quot;","img":{"alt_text":"","src":"https:\/\/i0.wp.com\/www.dannwollenwirmal.de\/wp-content\/uploads\/2015\/12\/IMG_3955.jpg?resize=350%2C200","width":350,"height":200},"classes":[]},{"id":590,"url":"http:\/\/www.dannwollenwirmal.de\/?p=590","url_meta":{"origin":2134,"position":2},"title":"Jahresr\u00fcckschau oder warum ich nie einen Preis gewinnen werde","date":"1. Oktober 2014","format":false,"excerpt":"Es muss unter uns bleiben, aber ab und zu google ich mich selbst. Ich finde mich dann immer total gut (das war jetzt zweideutig?) und wenn ich meinen Blog google (etwas gesundes Selbstbewusstsein hat noch niemandem geschadet) finde ich auch immer wieder Bloggerkollegen, die hier auch ab und an kommentieren\u2026","rel":"","context":"In &quot;Allgemein&quot;","img":{"alt_text":"","src":"","width":0,"height":0},"classes":[]},{"id":1737,"url":"http:\/\/www.dannwollenwirmal.de\/?p=1737","url_meta":{"origin":2134,"position":3},"title":"Leuchtende Augen","date":"18. Dezember 2016","format":false,"excerpt":"Um kurz vor Weihnachten noch etwas Besinnlichkeit in die H\u00e4user der Menschen zu tragen, habe ich mein T\u00fcrsturz-Erh\u00f6hungs-Projekt nun beinahe fertiggestellt (lediglich die besonders lauten und stauberzeugenden Arbeiten werde ich erst an Heiligabend durchf\u00fchren). Zur Erinnerung: Es handelt sich um einige T\u00fcrst\u00fcrze, die ich neu gesetzt habe (es ist nicht\u2026","rel":"","context":"In &quot;Allgemein&quot;","img":{"alt_text":"","src":"https:\/\/i2.wp.com\/www.dannwollenwirmal.de\/wp-content\/uploads\/2016\/12\/IMG_5016.jpg?resize=350%2C200","width":350,"height":200},"classes":[]},{"id":608,"url":"http:\/\/www.dannwollenwirmal.de\/?p=608","url_meta":{"origin":2134,"position":4},"title":"ganz sch\u00f6n schr\u00e4g&#8230;","date":"19. Oktober 2014","format":false,"excerpt":"Ich bin wieder voll beim Dachbodenausbau eingestiegen und plane, die \"Schlagzahl\" etwas zu erh\u00f6hen, denn eigentlich h\u00e4tte ich das Projekt gerne dieses Jahr fertig. Also eigentlich-eigentlich h\u00e4tte ich es gerne bis Anfang\/Mitte Dezember fertig. In der Vorweihnachtszeit haben wir doch etwas mehr \u00dcbernachtungen von Verwandten und Freunden und da w\u00fcrde\u2026","rel":"","context":"In &quot;Allgemein&quot;","img":{"alt_text":"erker2","src":"https:\/\/i1.wp.com\/www.dannwollenwirmal.de\/wp-content\/uploads\/2014\/10\/erker2-1024x768.jpg?resize=350%2C200","width":350,"height":200},"classes":[]},{"id":450,"url":"http:\/\/www.dannwollenwirmal.de\/?p=450","url_meta":{"origin":2134,"position":5},"title":"Drei Sachen wollte ich erz\u00e4hlen:","date":"3. Mai 2014","format":false,"excerpt":"Mein lieber Herr Gesangsverein, da habe ich aber einiges geschafft heute! Da werd ich mir aber mal auf die Schulter klopfen. Zuerst habe ich den Drempel in Raum 1 fertiggestellt. Der wollte mich ein bi\u00dfchen \u00e4rgern und einfach nicht senkrecht werden. Ich habe mir dann zur Hilfe eine passende Dachlatte\u2026","rel":"","context":"In &quot;Allgemein&quot;","img":{"alt_text":"Trockenbau Decke Balken","src":"https:\/\/i1.wp.com\/www.dannwollenwirmal.de\/wp-content\/uploads\/2014\/05\/deckezwei.jpg?resize=350%2C200","width":350,"height":200},"classes":[]}],"_links":{"self":[{"href":"http:\/\/www.dannwollenwirmal.de\/index.php?rest_route=\/wp\/v2\/posts\/2134"}],"collection":[{"href":"http:\/\/www.dannwollenwirmal.de\/index.php?rest_route=\/wp\/v2\/posts"}],"about":[{"href":"http:\/\/www.dannwollenwirmal.de\/index.php?rest_route=\/wp\/v2\/types\/post"}],"author":[{"embeddable":true,"href":"http:\/\/www.dannwollenwirmal.de\/index.php?rest_route=\/wp\/v2\/users\/1"}],"replies":[{"embeddable":true,"href":"http:\/\/www.dannwollenwirmal.de\/index.php?rest_route=%2Fwp%2Fv2%2Fcomments&post=2134"}],"version-history":[{"count":1,"href":"http:\/\/www.dannwollenwirmal.de\/index.php?rest_route=\/wp\/v2\/posts\/2134\/revisions"}],"predecessor-version":[{"id":2135,"href":"http:\/\/www.dannwollenwirmal.de\/index.php?rest_route=\/wp\/v2\/posts\/2134\/revisions\/2135"}],"wp:attachment":[{"href":"http:\/\/www.dannwollenwirmal.de\/index.php?rest_route=%2Fwp%2Fv2%2Fmedia&parent=2134"}],"wp:term":[{"taxonomy":"category","embeddable":true,"href":"http:\/\/www.dannwollenwirmal.de\/index.php?rest_route=%2Fwp%2Fv2%2Fcategories&post=2134"},{"taxonomy":"post_tag","embeddable":true,"href":"http:\/\/www.dannwollenwirmal.de\/index.php?rest_route=%2Fwp%2Fv2%2Ftags&post=2134"}],"curies":[{"name":"wp","href":"https:\/\/api.w.org\/{rel}","templated":true}]}}