{"id":2106,"date":"2017-11-26T11:19:25","date_gmt":"2017-11-26T10:19:25","guid":{"rendered":"http:\/\/www.dannwollenwirmal.de\/?p=2106"},"modified":"2018-02-04T12:11:14","modified_gmt":"2018-02-04T11:11:14","slug":"osb-tut-rigips-weh","status":"publish","type":"post","link":"http:\/\/www.dannwollenwirmal.de\/?p=2106","title":{"rendered":"OSB tut Rigips weh"},"content":{"rendered":"<p>Daraus, dass ich kein besonders gro\u00dfes Freund von OSB-Platten bin, habe ich ja hier nie einen Hehl gemacht. Sicherlich haben sie hier und da ihre Berechtigung, oftmals werden sie aber in den H\u00e4nden von Heimerkern zur t\u00f6dlichen Waffe gegen eine durchdachte Bauphysik. In der Pfuschabteilung des Baumarkts stehen OSB-Platten neben Bauschaum, Kleben-statt-Bohren-Sets und dem L\u00fcgenstift. Aber dass nur als meine gef\u00fchlte und v\u00f6llig Subjektive Einsch\u00e4tzung \ud83d\ude42<\/p>\n<p>Ich musste mich nun wohl oder \u00fcbel mit OSB besch\u00e4ftigen, denn auf der aktuellen Baustelle war es der ausdr\u00fcckliche Kundenwunsch, die erste Lage der Doppelbeplankung mit OSB auszuf\u00fchren, um sp\u00e4ter Regale oder Halterungen besser anbringen zu k\u00f6nnen. Also: &#8222;Rigips auf OSB&#8220;.<\/p>\n<p>S\u00e4mtliche Verarbeitungsrichtlinien schweigen sich \u00fcber diese Kombination aus, denn fachgerecht ist sie eigentlich nicht. Holz und Gipskarton haben unterschiedliche Ausdehnungseigenschaften und reagieren verschieden auf sich ver\u00e4nderndes Raumklima, Luftfeuchtigkeit etc., mit der Folge, dass es zur Rissbildung in der Gipskartonfl\u00e4che kommen kann.<\/p>\n<p>Da es sich hier &#8222;nur&#8220; um einen Lager- und Werkstattraum handelt, habe ich zwar versucht, Alternativen aufzuzeigen (die erkl\u00e4re ich gleich noch), bin schlussendlich aber seufzenderweise die Kombibeplankung angegangen, nicht ohne aber folgendes zu beachten:<\/p>\n<ul>\n<li>Die Fugen der OSB-Platten gro\u00dfz\u00fcgig belassen, der Plattenabstand sollte etwa 4mm betragen<\/li>\n<li>Alle Anschl\u00fcsse der GK-Fl\u00e4che entkoppelt (mit Trennfix) ausf\u00fchren, nicht nur zur Decke, sondern auch die zwischen zwei W\u00e4nden<\/li>\n<li>GK-Fugen mit Gewebe oder Papierdeckstreifen spachteln<\/li>\n<\/ul>\n<p><a href=\"https:\/\/i2.wp.com\/www.dannwollenwirmal.de\/wp-content\/uploads\/2017\/11\/IMG_5944.jpg\"><img data-attachment-id=\"2107\" data-permalink=\"http:\/\/www.dannwollenwirmal.de\/?attachment_id=2107#main\" data-orig-file=\"https:\/\/i2.wp.com\/www.dannwollenwirmal.de\/wp-content\/uploads\/2017\/11\/IMG_5944.jpg?fit=625%2C625\" data-orig-size=\"625,625\" data-comments-opened=\"1\" data-image-meta=\"{&quot;aperture&quot;:&quot;2.2&quot;,&quot;credit&quot;:&quot;&quot;,&quot;camera&quot;:&quot;iPhone 6s&quot;,&quot;caption&quot;:&quot;&quot;,&quot;created_timestamp&quot;:&quot;1511629542&quot;,&quot;copyright&quot;:&quot;&quot;,&quot;focal_length&quot;:&quot;4.15&quot;,&quot;iso&quot;:&quot;250&quot;,&quot;shutter_speed&quot;:&quot;0.058823529411765&quot;,&quot;title&quot;:&quot;&quot;,&quot;orientation&quot;:&quot;1&quot;}\" data-image-title=\"IMG_5944\" data-image-description=\"&lt;p&gt;Rigips auf OSB&lt;\/p&gt;\n\" data-image-caption=\"\" data-medium-file=\"https:\/\/i2.wp.com\/www.dannwollenwirmal.de\/wp-content\/uploads\/2017\/11\/IMG_5944.jpg?fit=300%2C300\" data-large-file=\"https:\/\/i2.wp.com\/www.dannwollenwirmal.de\/wp-content\/uploads\/2017\/11\/IMG_5944.jpg?fit=625%2C625\" loading=\"lazy\" class=\"alignnone size-full wp-image-2107\" src=\"https:\/\/i2.wp.com\/www.dannwollenwirmal.de\/wp-content\/uploads\/2017\/11\/IMG_5944.jpg?resize=625%2C625\" alt=\"\" width=\"625\" height=\"625\" srcset=\"https:\/\/i2.wp.com\/www.dannwollenwirmal.de\/wp-content\/uploads\/2017\/11\/IMG_5944.jpg?w=625 625w, https:\/\/i2.wp.com\/www.dannwollenwirmal.de\/wp-content\/uploads\/2017\/11\/IMG_5944.jpg?resize=150%2C150 150w, https:\/\/i2.wp.com\/www.dannwollenwirmal.de\/wp-content\/uploads\/2017\/11\/IMG_5944.jpg?resize=300%2C300 300w\" sizes=\"(max-width: 625px) 100vw, 625px\" data-recalc-dims=\"1\" \/><\/a><br \/>\n<em>OSB-Beplankung: Fugen nicht komplett schlie\u00dfen!<\/em><\/p>\n<p>Gelegentlich findet man noch den Hinweis, dass man zwischen OSB und GK eine Trennschicht (Folie) anbringen sollte und die GK-Platten anstatt zu schrauben klammern muss. Die letzte Quelle daf\u00fcr ist aber aus 2001 und ich behaupte einfach mal, dass man mit den oben genannten Punkten schon auf der sicheren Seite ist, zumindest f\u00fcr untergeordnete R\u00e4ume, wo ein kleiner Riss mal nicht so st\u00f6ren d\u00fcrfte. F\u00fcr den Wohnbereich h\u00e4tte ich das mit der OSB-Platte allerdings abgelehnt.<\/p>\n<p>Was sind die Alternativen? Erstens gibt es mittlerweile ganz vorz\u00fcgliche Hohlwandd\u00fcbel (wie <a href=\"http:\/\/www.dannwollenwirmal.de\/?p=764\"><strong>den<\/strong> <\/a>hier), zweitens schafft eine doppelte GK-Beplankung mit entsprechenden D\u00fcbeln auch eine Menge Tragkraft. An neuralgischen Punkten (H\u00e4ngeschr\u00e4nke K\u00fcche, TV-Wandhalterung) kann man ja durchaus eine Holzplatte hinter dem GK mit einarbeiten. Wenn nur punktuell und nicht fl\u00e4chig, sind auch die Probleme der Ausdehnung nicht so gro\u00df.<\/p>\n<p>Meine favorisierte Alternative sind Systemplatte, die f\u00fcr Lasten gemacht sind, z.B. die <a href=\"https:\/\/www.rigips-habito.de\/?gclid=EAIaIQobChMIssuEnvzb1wIVQkAbCh3OHASREAAYASAAEgI1qfD_BwE\"><strong>Rigips Habito<\/strong><\/a>. Hier kann man einfach d\u00fcbelfrei Lasten befestigen und erreicht mit einer normalen Schraube 30 kg (bzw. 60 kg bei Doppelbeplankung) Lastenbefestigung. Die Platten sind etwas teurer als normale GK-Bauplatten, allerdings spart man sich OSB und ggf. die doppelte Beplankung. Die Verarbeitung (ritzen und brechen) funktioniert so wie bei der herk\u00f6mmlichen Bauplatte, doch Achtung: f\u00fcr die Verschraubung wird ein Impulsschrauber angeraten, da die Oberfl\u00e4che h\u00e4rter ist. Geht auch mit normalem Akkuschrauber, kann aber zur Qual werden und die Schraubenk\u00f6pfe werden oftmals nicht ausreichend versenkt. Und ein Impulschrauber geht so bei 300-350 Euro los. Muss man sich also auch \u00fcberlegen (ist ja bald Weihnachten, hihi)<\/p>\n<p>Beim Thema Risse in der Kombi Rigips-OSB kann ich hier exklusiv einen Langzeittest pr\u00e4sentieren: Bei <a href=\"http:\/\/www.dannwollenwirmal.de\/?p=328\"><strong>diesem<\/strong> <\/a>Projekt hier wurden vor drei Jahren Vorsatzschalen mit OSB und GK beplankt (allerdings au\u00dferhalb meiner Verantwortung, h\u00f6h\u00f6), allerdings, soweit ich mich erinnere, ohne Fugenabstand beim OSB und auch ohne entkoppelte Anschl\u00fcsse.<\/p>\n<p><a href=\"https:\/\/i1.wp.com\/www.dannwollenwirmal.de\/wp-content\/uploads\/2017\/11\/IMG_5948.jpg\"><img data-attachment-id=\"2108\" data-permalink=\"http:\/\/www.dannwollenwirmal.de\/?attachment_id=2108#main\" data-orig-file=\"https:\/\/i1.wp.com\/www.dannwollenwirmal.de\/wp-content\/uploads\/2017\/11\/IMG_5948.jpg?fit=720%2C720\" data-orig-size=\"720,720\" data-comments-opened=\"1\" data-image-meta=\"{&quot;aperture&quot;:&quot;0&quot;,&quot;credit&quot;:&quot;&quot;,&quot;camera&quot;:&quot;&quot;,&quot;caption&quot;:&quot;&quot;,&quot;created_timestamp&quot;:&quot;0&quot;,&quot;copyright&quot;:&quot;&quot;,&quot;focal_length&quot;:&quot;0&quot;,&quot;iso&quot;:&quot;0&quot;,&quot;shutter_speed&quot;:&quot;0&quot;,&quot;title&quot;:&quot;&quot;,&quot;orientation&quot;:&quot;1&quot;}\" data-image-title=\"IMG_5948\" data-image-description=\"&lt;p&gt;Rigips auf OSB Risse&lt;\/p&gt;\n\" data-image-caption=\"\" data-medium-file=\"https:\/\/i1.wp.com\/www.dannwollenwirmal.de\/wp-content\/uploads\/2017\/11\/IMG_5948.jpg?fit=300%2C300\" data-large-file=\"https:\/\/i1.wp.com\/www.dannwollenwirmal.de\/wp-content\/uploads\/2017\/11\/IMG_5948.jpg?fit=652%2C652\" loading=\"lazy\" class=\"alignnone wp-image-2108\" src=\"https:\/\/i1.wp.com\/www.dannwollenwirmal.de\/wp-content\/uploads\/2017\/11\/IMG_5948.jpg?resize=652%2C652\" alt=\"\" width=\"652\" height=\"652\" srcset=\"https:\/\/i1.wp.com\/www.dannwollenwirmal.de\/wp-content\/uploads\/2017\/11\/IMG_5948.jpg?w=720 720w, https:\/\/i1.wp.com\/www.dannwollenwirmal.de\/wp-content\/uploads\/2017\/11\/IMG_5948.jpg?resize=150%2C150 150w, https:\/\/i1.wp.com\/www.dannwollenwirmal.de\/wp-content\/uploads\/2017\/11\/IMG_5948.jpg?resize=300%2C300 300w\" sizes=\"(max-width: 652px) 100vw, 652px\" data-recalc-dims=\"1\" \/><\/a><br \/>\n<em>Gipskarton auf OSB: Rissgefahr<\/em><\/p>\n<p>Wie im Bild zu sehen, gibt es vereinzelte Risse an den Anschl\u00fcssen und an den Fugen des Gipskartons. Ist also was dran!<\/p>\n<p>Zusammengefasst: Gipskarton auf Holzfl\u00e4che nur mit den oben beschriebenen Ma\u00dfnahmen; im Wohnbereich lieber auf Alternativen ausweichen. \u00dcbrigens auch ein Grund, warum ich Unterkonstruktionen generell aus Metallprofilen mache: verminderte Rissbildung. Und ich habe ja wenig Lust und Zeit, st\u00e4ndig durch die Gegend zu fahren und bei W\u00e4nden und Decken, die ich irgendwo gebaut habe, die Risse wieder zuzuschmieren. Mit stolzgeschwellter Brust kann ich behaupten, dass alle meine Trockenbauprojekte bis heute rissfrei sind (zumindest hat sich noch nie jemand gemeldet&#8230;), ich hoffe, das wird jetzt auch was mit der uns\u00e4glichen OSB-Platte. Durch die man \u00fcbrigens auch st\u00e4ndig Splitter in den Fingern hat. Baumarktschei\u00df! Ab aufs Osterfeuer damit. Hurra!<\/p>\n<div class=\"sharedaddy sd-sharing-enabled\"><div class=\"robots-nocontent sd-block sd-social sd-social-icon-text sd-sharing\"><h3 class=\"sd-title\">Teilen mit:<\/h3><div class=\"sd-content\"><ul><li class=\"share-email\"><a rel=\"nofollow noopener noreferrer\" data-shared=\"\" class=\"share-email sd-button share-icon\" href=\"http:\/\/www.dannwollenwirmal.de\/?p=2106&amp;share=email\" target=\"_blank\" title=\"Klick, um dies einem Freund per E-Mail zu senden\"><span>E-Mail<\/span><\/a><\/li><li class=\"share-print\"><a rel=\"nofollow noopener noreferrer\" data-shared=\"\" class=\"share-print sd-button share-icon\" href=\"http:\/\/www.dannwollenwirmal.de\/?p=2106\" target=\"_blank\" title=\"Klicken zum Ausdrucken\"><span>Drucken<\/span><\/a><\/li><li class=\"share-facebook\"><a rel=\"nofollow noopener noreferrer\" data-shared=\"sharing-facebook-2106\" class=\"share-facebook sd-button share-icon\" href=\"http:\/\/www.dannwollenwirmal.de\/?p=2106&amp;share=facebook\" target=\"_blank\" title=\"Klick, um auf Facebook zu teilen\"><span>Facebook<\/span><\/a><\/li><li class=\"share-twitter\"><a rel=\"nofollow noopener noreferrer\" data-shared=\"sharing-twitter-2106\" class=\"share-twitter sd-button share-icon\" href=\"http:\/\/www.dannwollenwirmal.de\/?p=2106&amp;share=twitter\" target=\"_blank\" title=\"Klick, um \u00fcber Twitter zu teilen\"><span>Twitter<\/span><\/a><\/li><li class=\"share-pinterest\"><a rel=\"nofollow noopener noreferrer\" data-shared=\"sharing-pinterest-2106\" class=\"share-pinterest sd-button share-icon\" href=\"http:\/\/www.dannwollenwirmal.de\/?p=2106&amp;share=pinterest\" target=\"_blank\" title=\"Klick, um auf Pinterest zu teilen\"><span>Pinterest<\/span><\/a><\/li><li class=\"share-linkedin\"><a rel=\"nofollow noopener noreferrer\" data-shared=\"sharing-linkedin-2106\" class=\"share-linkedin sd-button share-icon\" href=\"http:\/\/www.dannwollenwirmal.de\/?p=2106&amp;share=linkedin\" target=\"_blank\" title=\"Klick, um auf LinkedIn zu teilen\"><span>LinkedIn<\/span><\/a><\/li><li class=\"share-end\"><\/li><\/ul><\/div><\/div><\/div>","protected":false},"excerpt":{"rendered":"<p>Daraus, dass ich kein besonders gro\u00dfes Freund von OSB-Platten bin, habe ich ja hier nie einen Hehl gemacht. Sicherlich haben sie hier und da ihre Berechtigung, oftmals werden sie aber in den H\u00e4nden von Heimerkern zur t\u00f6dlichen Waffe gegen eine durchdachte Bauphysik. In der Pfuschabteilung des Baumarkts stehen OSB-Platten neben Bauschaum, Kleben-statt-Bohren-Sets und dem L\u00fcgenstift. [&hellip;]<\/p>\n<div class=\"sharedaddy sd-sharing-enabled\"><div class=\"robots-nocontent sd-block sd-social sd-social-icon-text sd-sharing\"><h3 class=\"sd-title\">Teilen mit:<\/h3><div class=\"sd-content\"><ul><li class=\"share-email\"><a rel=\"nofollow noopener noreferrer\" data-shared=\"\" class=\"share-email sd-button share-icon\" href=\"http:\/\/www.dannwollenwirmal.de\/?p=2106&amp;share=email\" target=\"_blank\" title=\"Klick, um dies einem Freund per E-Mail zu senden\"><span>E-Mail<\/span><\/a><\/li><li class=\"share-print\"><a rel=\"nofollow noopener noreferrer\" data-shared=\"\" class=\"share-print sd-button share-icon\" href=\"http:\/\/www.dannwollenwirmal.de\/?p=2106\" target=\"_blank\" title=\"Klicken zum Ausdrucken\"><span>Drucken<\/span><\/a><\/li><li class=\"share-facebook\"><a rel=\"nofollow noopener noreferrer\" data-shared=\"sharing-facebook-2106\" class=\"share-facebook sd-button share-icon\" href=\"http:\/\/www.dannwollenwirmal.de\/?p=2106&amp;share=facebook\" target=\"_blank\" title=\"Klick, um auf Facebook zu teilen\"><span>Facebook<\/span><\/a><\/li><li class=\"share-twitter\"><a rel=\"nofollow noopener noreferrer\" data-shared=\"sharing-twitter-2106\" class=\"share-twitter sd-button share-icon\" href=\"http:\/\/www.dannwollenwirmal.de\/?p=2106&amp;share=twitter\" target=\"_blank\" title=\"Klick, um \u00fcber Twitter zu teilen\"><span>Twitter<\/span><\/a><\/li><li class=\"share-pinterest\"><a rel=\"nofollow noopener noreferrer\" data-shared=\"sharing-pinterest-2106\" class=\"share-pinterest sd-button share-icon\" href=\"http:\/\/www.dannwollenwirmal.de\/?p=2106&amp;share=pinterest\" target=\"_blank\" title=\"Klick, um auf Pinterest zu teilen\"><span>Pinterest<\/span><\/a><\/li><li class=\"share-linkedin\"><a rel=\"nofollow noopener noreferrer\" data-shared=\"sharing-linkedin-2106\" class=\"share-linkedin sd-button share-icon\" href=\"http:\/\/www.dannwollenwirmal.de\/?p=2106&amp;share=linkedin\" target=\"_blank\" title=\"Klick, um auf LinkedIn zu teilen\"><span>LinkedIn<\/span><\/a><\/li><li class=\"share-end\"><\/li><\/ul><\/div><\/div><\/div>","protected":false},"author":1,"featured_media":0,"comment_status":"open","ping_status":"open","sticky":false,"template":"","format":"standard","meta":{"advanced_seo_description":"","spay_email":"","jetpack_publicize_message":"","jetpack_is_tweetstorm":false,"jetpack_publicize_feature_enabled":true},"categories":[1,121,587,62],"tags":[555,552,553,551,556,554],"jetpack_featured_media_url":"","jetpack_publicize_connections":[],"jetpack_shortlink":"https:\/\/wp.me\/p3WtlO-xY","jetpack_sharing_enabled":true,"jetpack-related-posts":[{"id":2117,"url":"http:\/\/www.dannwollenwirmal.de\/?p=2117","url_meta":{"origin":2106,"position":0},"title":"Freischwinger","date":"10. Dezember 2017","format":false,"excerpt":"Auch wenn der Suchbegriff \"Gipskarton auf Holzlatten Dichtung\" mich kurz hat \u00fcberlegen lassen, ob ich nun was \u00fcber Gipskarton auf Holzlatten dichten soll (Lass das mit der Latte sein, Profil kommt in die Decke rein! Magst Du diese nicht, was solls - nimm halt doch dein krummes Holz), geht es\u2026","rel":"","context":"In &quot;Allgemein&quot;","img":{"alt_text":"","src":"https:\/\/i1.wp.com\/www.dannwollenwirmal.de\/wp-content\/uploads\/2017\/12\/IMG_5965-2-1024x1024.jpg?resize=350%2C200","width":350,"height":200},"classes":[]},{"id":2056,"url":"http:\/\/www.dannwollenwirmal.de\/?p=2056","url_meta":{"origin":2106,"position":1},"title":"Gute Vors\u00e4tze","date":"22. Oktober 2017","format":false,"excerpt":"Allm\u00e4hlich beginnt der Herbst und ich habe wieder mehr Zeit f\u00fcr bauliche Projekte. Nicht am eigenen Haus (obwohl ich da sicherlich auch das ein oder andere auf dem Zettel h\u00e4tte), eher f\u00fcr Freunde und Bekannte, denn die stehen Schlange und es gibt schon eine regelrechte Warteliste. Denn auch wenn es\u2026","rel":"","context":"In &quot;Allgemein&quot;","img":{"alt_text":"Trennwand Trockenbau","src":"https:\/\/i0.wp.com\/www.dannwollenwirmal.de\/wp-content\/uploads\/2014\/03\/wand2.jpg?resize=350%2C200","width":350,"height":200},"classes":[]},{"id":2175,"url":"http:\/\/www.dannwollenwirmal.de\/?p=2175","url_meta":{"origin":2106,"position":2},"title":"Neuigkeiten zum Fr\u00fchst\u00fccksei","date":"11. Februar 2018","format":false,"excerpt":"Wo wir grad so sch\u00f6n beim Fr\u00fchst\u00fccksei am Sonntagmorgen zusammen sitzen, starte ich heute mal wieder eine kleine Neuigkeiten-Rundschau \u00fcber Produktneuheiten, die mir in letzter Zeit so aufgefallen sind. Rigips beispielsweise hat jetzt eine Traverse zur Lastenbefestigung im Programm. Mit Traverse ist hier weniger der Alu-Gittertr\u00e4ger aus meinem Hauptberuf gemeint,\u2026","rel":"","context":"In &quot;Allgemein&quot;","img":{"alt_text":"","src":"https:\/\/i1.wp.com\/www.dannwollenwirmal.de\/wp-content\/uploads\/2018\/02\/4C5DBA0D-F219-4427-8020-4D96B9054B95.jpeg?resize=350%2C200","width":350,"height":200},"classes":[]},{"id":1953,"url":"http:\/\/www.dannwollenwirmal.de\/?p=1953","url_meta":{"origin":2106,"position":3},"title":"Nicht rummatschen!","date":"25. Juni 2017","format":false,"excerpt":"Vor etwa zwei Monaten hatte ich mich hier bereits umfangreich \u00fcber ein Wellblechprojekt beschwert. Nun, da es fast vollendet ist, wird mir erst recht bewusst, dass das alleine wohl niemals etwas geworden w\u00e4re :) Zur Erinnerung: Einige Vord\u00e4cher sollten ert\u00fcchtigt werden, und zwar die untere Sichtverkleidung. Das Abnehmen der alten\u2026","rel":"","context":"In &quot;Allgemein&quot;","img":{"alt_text":"IMG_5470","src":"https:\/\/i2.wp.com\/www.dannwollenwirmal.de\/wp-content\/uploads\/2017\/06\/IMG_5470-e1498333763961-1024x1024.jpg?resize=350%2C200","width":350,"height":200},"classes":[]},{"id":933,"url":"http:\/\/www.dannwollenwirmal.de\/?p=933","url_meta":{"origin":2106,"position":4},"title":"Baumarktverbot!","date":"12. April 2015","format":false,"excerpt":"Da habe ich die neuen Werkzeugkisten aber direkt sch\u00f6n eingeweiht! Ab dieser Woche, und vermutlich auch f\u00fcr die n\u00e4chsten Wochen, werde ich damit besch\u00e4ftigt sein, ein von Freunden erworbenes Haus auf links zu ziehen. Dies beinhaltet Dachreparaturen (Oha! Mal was Neues! Aber ich erweitere ja regelm\u00e4\u00dfig meine Skills und habe\u2026","rel":"","context":"In &quot;Allgemein&quot;","img":{"alt_text":"","src":"https:\/\/i2.wp.com\/www.dannwollenwirmal.de\/wp-content\/uploads\/2015\/04\/IMG_3378.jpg?resize=350%2C200","width":350,"height":200},"classes":[]},{"id":1819,"url":"http:\/\/www.dannwollenwirmal.de\/?p=1819","url_meta":{"origin":2106,"position":5},"title":"Au\u00dfer Tresen nix gewesen","date":"5. M\u00e4rz 2017","format":false,"excerpt":"So, liebe Leser, es wird Zeit: Eine knappe Woche bleibt noch, um Eure kleinen und gro\u00dfen Baus\u00fcnden zu beichten und dabei attraktive Preise abzur\u00e4umen (Genauere Infos hier). Ein paar sch\u00f6ne Schmankerl sind schon eingegangen, aber ich bin sicher, es gibt noch mehr da drau\u00dfen. Also traut Euch ruhig und teilt\u2026","rel":"","context":"In &quot;Allgemein&quot;","img":{"alt_text":"","src":"https:\/\/i2.wp.com\/www.dannwollenwirmal.de\/wp-content\/uploads\/2017\/03\/IMG_5173.jpg?resize=350%2C200","width":350,"height":200},"classes":[]}],"_links":{"self":[{"href":"http:\/\/www.dannwollenwirmal.de\/index.php?rest_route=\/wp\/v2\/posts\/2106"}],"collection":[{"href":"http:\/\/www.dannwollenwirmal.de\/index.php?rest_route=\/wp\/v2\/posts"}],"about":[{"href":"http:\/\/www.dannwollenwirmal.de\/index.php?rest_route=\/wp\/v2\/types\/post"}],"author":[{"embeddable":true,"href":"http:\/\/www.dannwollenwirmal.de\/index.php?rest_route=\/wp\/v2\/users\/1"}],"replies":[{"embeddable":true,"href":"http:\/\/www.dannwollenwirmal.de\/index.php?rest_route=%2Fwp%2Fv2%2Fcomments&post=2106"}],"version-history":[{"count":2,"href":"http:\/\/www.dannwollenwirmal.de\/index.php?rest_route=\/wp\/v2\/posts\/2106\/revisions"}],"predecessor-version":[{"id":2110,"href":"http:\/\/www.dannwollenwirmal.de\/index.php?rest_route=\/wp\/v2\/posts\/2106\/revisions\/2110"}],"wp:attachment":[{"href":"http:\/\/www.dannwollenwirmal.de\/index.php?rest_route=%2Fwp%2Fv2%2Fmedia&parent=2106"}],"wp:term":[{"taxonomy":"category","embeddable":true,"href":"http:\/\/www.dannwollenwirmal.de\/index.php?rest_route=%2Fwp%2Fv2%2Fcategories&post=2106"},{"taxonomy":"post_tag","embeddable":true,"href":"http:\/\/www.dannwollenwirmal.de\/index.php?rest_route=%2Fwp%2Fv2%2Ftags&post=2106"}],"curies":[{"name":"wp","href":"https:\/\/api.w.org\/{rel}","templated":true}]}}