{"id":2079,"date":"2017-11-05T08:00:23","date_gmt":"2017-11-05T07:00:23","guid":{"rendered":"http:\/\/www.dannwollenwirmal.de\/?p=2079"},"modified":"2017-11-03T18:25:40","modified_gmt":"2017-11-03T17:25:40","slug":"u-40-party","status":"publish","type":"post","link":"http:\/\/www.dannwollenwirmal.de\/?p=2079","title":{"rendered":"U-40-Party"},"content":{"rendered":"<p>W\u00e4hrend wir letzte Woche noch die Vorarbeiten zum Dachschr\u00e4gen-Ausbau betrachtet haben (bekannterma\u00dfen macht die Arbeit, die man hinterher\u00a0<em>nicht<\/em> sieht, ja den L\u00f6wenanteil aus), geht es diese Woche nahtlos weiter und wir best\u00fccken Dachschr\u00e4ge und Decke mit Profilen und Gipskartonplatten. Zur Erinnerung: Das Ganze in Ausf\u00fchrlich hatten wir 2014 hier im Blog und es ist bei den Projekten <a href=\"http:\/\/www.dannwollenwirmal.de\/?cat=327\"><strong>hier<\/strong> <\/a>abgelegt. Aber jede Baustelle ist ja anders und daher heute nochmal der \u00dcberblick \u00fcber die Vorgehensweise.<\/p>\n<p>Einer der h\u00e4ufigsten Suchanfragen hier ist &#8222;Dachschr\u00e4ge ausrichten Laser&#8220;, das spiegelt den Wunsch des Heimwerkers wieder, die Profile (oder eben Latten, ganz nach Geschmack) in der Schr\u00e4ge mit einem Laser zu nivellieren. An der Decke klappt das ja wirklich gut (siehe <a href=\"http:\/\/www.dannwollenwirmal.de\/?p=942\"><strong>hier<\/strong><\/a>), aber in der Schr\u00e4ge ist das problematischer. Da gibt es drei Methoden: Erstens, man besorgt sich einen Laser, der Schr\u00e4ge kann. Kostet aber ein paar tausend Euro. Zweitens, man macht den Workaround, den ich <a href=\"http:\/\/www.dannwollenwirmal.de\/?tag=dachschraege\"><strong>hier<\/strong> <\/a>mal gezeigt habe, nimmt einen Laser mit Sperrfunktion und bastelt ihn in die Schr\u00e4ge. Ist aber nicht ganz einfach. Ich habe die Laserei in der Schr\u00e4ge mittlerweile aufgegeben und nutze das gut, alte Richtscheit:<\/p>\n<p><a href=\"https:\/\/i1.wp.com\/www.dannwollenwirmal.de\/wp-content\/uploads\/2017\/11\/IMG_5856.jpg\"><img data-attachment-id=\"2080\" data-permalink=\"http:\/\/www.dannwollenwirmal.de\/?attachment_id=2080#main\" data-orig-file=\"https:\/\/i1.wp.com\/www.dannwollenwirmal.de\/wp-content\/uploads\/2017\/11\/IMG_5856.jpg?fit=652%2C652\" data-orig-size=\"652,652\" data-comments-opened=\"1\" data-image-meta=\"{&quot;aperture&quot;:&quot;2.2&quot;,&quot;credit&quot;:&quot;&quot;,&quot;camera&quot;:&quot;iPhone 6s&quot;,&quot;caption&quot;:&quot;&quot;,&quot;created_timestamp&quot;:&quot;1508928935&quot;,&quot;copyright&quot;:&quot;&quot;,&quot;focal_length&quot;:&quot;4.15&quot;,&quot;iso&quot;:&quot;250&quot;,&quot;shutter_speed&quot;:&quot;0.058823529411765&quot;,&quot;title&quot;:&quot;&quot;,&quot;orientation&quot;:&quot;1&quot;}\" data-image-title=\"IMG_5856\" data-image-description=\"&lt;p&gt;CD-Profile Dachschr\u00e4ge ausrichten&lt;\/p&gt;\n\" data-image-caption=\"\" data-medium-file=\"https:\/\/i1.wp.com\/www.dannwollenwirmal.de\/wp-content\/uploads\/2017\/11\/IMG_5856.jpg?fit=300%2C300\" data-large-file=\"https:\/\/i1.wp.com\/www.dannwollenwirmal.de\/wp-content\/uploads\/2017\/11\/IMG_5856.jpg?fit=652%2C652\" loading=\"lazy\" class=\"alignnone size-full wp-image-2080\" src=\"https:\/\/i1.wp.com\/www.dannwollenwirmal.de\/wp-content\/uploads\/2017\/11\/IMG_5856.jpg?resize=652%2C652\" alt=\"\" width=\"652\" height=\"652\" srcset=\"https:\/\/i1.wp.com\/www.dannwollenwirmal.de\/wp-content\/uploads\/2017\/11\/IMG_5856.jpg?w=652 652w, https:\/\/i1.wp.com\/www.dannwollenwirmal.de\/wp-content\/uploads\/2017\/11\/IMG_5856.jpg?resize=150%2C150 150w, https:\/\/i1.wp.com\/www.dannwollenwirmal.de\/wp-content\/uploads\/2017\/11\/IMG_5856.jpg?resize=300%2C300 300w\" sizes=\"(max-width: 652px) 100vw, 652px\" data-recalc-dims=\"1\" \/><\/a><br \/>\n<em>Sieht gut aus: Ausrichten der Profile in der Schr\u00e4ge<\/em><\/p>\n<p>In diesem Fall hatte ich eine von zwei W\u00e4nden flankierte Schr\u00e4ge; da wird links und rechts das UD-Profil an die Wand ged\u00fcbelt (hiermit legt man den Verlauf der Schr\u00e4ge fest!) und dann die CD-Profile in den Direktabh\u00e4ngern ausgerichtet, immer wieder kontrolliert mit einem langen Richtscheit \u00fcber mehrere Profile:<\/p>\n<p><a href=\"https:\/\/i1.wp.com\/www.dannwollenwirmal.de\/wp-content\/uploads\/2017\/11\/IMG_5857.jpg\"><img data-attachment-id=\"2081\" data-permalink=\"http:\/\/www.dannwollenwirmal.de\/?attachment_id=2081#main\" data-orig-file=\"https:\/\/i1.wp.com\/www.dannwollenwirmal.de\/wp-content\/uploads\/2017\/11\/IMG_5857.jpg?fit=652%2C652\" data-orig-size=\"652,652\" data-comments-opened=\"1\" data-image-meta=\"{&quot;aperture&quot;:&quot;2.2&quot;,&quot;credit&quot;:&quot;&quot;,&quot;camera&quot;:&quot;iPhone 6s&quot;,&quot;caption&quot;:&quot;&quot;,&quot;created_timestamp&quot;:&quot;1508929170&quot;,&quot;copyright&quot;:&quot;&quot;,&quot;focal_length&quot;:&quot;4.15&quot;,&quot;iso&quot;:&quot;400&quot;,&quot;shutter_speed&quot;:&quot;0.058823529411765&quot;,&quot;title&quot;:&quot;&quot;,&quot;orientation&quot;:&quot;1&quot;}\" data-image-title=\"IMG_5857\" data-image-description=\"&lt;p&gt;CD-Profile ausrichten Dachschr\u00e4ge&lt;\/p&gt;\n\" data-image-caption=\"\" data-medium-file=\"https:\/\/i1.wp.com\/www.dannwollenwirmal.de\/wp-content\/uploads\/2017\/11\/IMG_5857.jpg?fit=300%2C300\" data-large-file=\"https:\/\/i1.wp.com\/www.dannwollenwirmal.de\/wp-content\/uploads\/2017\/11\/IMG_5857.jpg?fit=652%2C652\" loading=\"lazy\" class=\"alignnone size-full wp-image-2081\" src=\"https:\/\/i1.wp.com\/www.dannwollenwirmal.de\/wp-content\/uploads\/2017\/11\/IMG_5857.jpg?resize=652%2C652\" alt=\"\" width=\"652\" height=\"652\" srcset=\"https:\/\/i1.wp.com\/www.dannwollenwirmal.de\/wp-content\/uploads\/2017\/11\/IMG_5857.jpg?w=652 652w, https:\/\/i1.wp.com\/www.dannwollenwirmal.de\/wp-content\/uploads\/2017\/11\/IMG_5857.jpg?resize=150%2C150 150w, https:\/\/i1.wp.com\/www.dannwollenwirmal.de\/wp-content\/uploads\/2017\/11\/IMG_5857.jpg?resize=300%2C300 300w\" sizes=\"(max-width: 652px) 100vw, 652px\" data-recalc-dims=\"1\" \/><\/a><br \/>\n<em>Hier muss nachgebessert werden<\/em><\/p>\n<p>Oben im Bild mal beispielhaft ein Profil, das zu tief liegt (L\u00fccke zwischen Richtscheit und Profil). Das w\u00fcrde man nun wieder losschrauben und etwas h\u00f6her setzen, dann wieder kontrollieren etc. bis man eine <em>fluchtgerechte<\/em> (sch\u00f6nes Wort) Schr\u00e4ge hat.<\/p>\n<p><a href=\"https:\/\/i2.wp.com\/www.dannwollenwirmal.de\/wp-content\/uploads\/2017\/11\/IMG_5858.jpg\"><img data-attachment-id=\"2082\" data-permalink=\"http:\/\/www.dannwollenwirmal.de\/?attachment_id=2082#main\" data-orig-file=\"https:\/\/i2.wp.com\/www.dannwollenwirmal.de\/wp-content\/uploads\/2017\/11\/IMG_5858.jpg?fit=652%2C652\" data-orig-size=\"652,652\" data-comments-opened=\"1\" data-image-meta=\"{&quot;aperture&quot;:&quot;2.2&quot;,&quot;credit&quot;:&quot;&quot;,&quot;camera&quot;:&quot;iPhone 6s&quot;,&quot;caption&quot;:&quot;&quot;,&quot;created_timestamp&quot;:&quot;1508941808&quot;,&quot;copyright&quot;:&quot;&quot;,&quot;focal_length&quot;:&quot;4.15&quot;,&quot;iso&quot;:&quot;250&quot;,&quot;shutter_speed&quot;:&quot;0.058823529411765&quot;,&quot;title&quot;:&quot;&quot;,&quot;orientation&quot;:&quot;1&quot;}\" data-image-title=\"IMG_5858\" data-image-description=\"&lt;p&gt;CD-Profil Dachausbau&lt;\/p&gt;\n\" data-image-caption=\"\" data-medium-file=\"https:\/\/i2.wp.com\/www.dannwollenwirmal.de\/wp-content\/uploads\/2017\/11\/IMG_5858.jpg?fit=300%2C300\" data-large-file=\"https:\/\/i2.wp.com\/www.dannwollenwirmal.de\/wp-content\/uploads\/2017\/11\/IMG_5858.jpg?fit=652%2C652\" loading=\"lazy\" class=\"alignnone size-full wp-image-2082\" src=\"https:\/\/i2.wp.com\/www.dannwollenwirmal.de\/wp-content\/uploads\/2017\/11\/IMG_5858.jpg?resize=652%2C652\" alt=\"\" width=\"652\" height=\"652\" srcset=\"https:\/\/i2.wp.com\/www.dannwollenwirmal.de\/wp-content\/uploads\/2017\/11\/IMG_5858.jpg?w=652 652w, https:\/\/i2.wp.com\/www.dannwollenwirmal.de\/wp-content\/uploads\/2017\/11\/IMG_5858.jpg?resize=150%2C150 150w, https:\/\/i2.wp.com\/www.dannwollenwirmal.de\/wp-content\/uploads\/2017\/11\/IMG_5858.jpg?resize=300%2C300 300w\" sizes=\"(max-width: 652px) 100vw, 652px\" data-recalc-dims=\"1\" \/><\/a><br \/>\n<em>Profile an der Decke<\/em><\/p>\n<p>An der Decke kann man das, wenn man keinen Laser zur Hand hat, genau so machen. Allerdings geht&#8217;s mit Laser deutlich schneller. Die magnetische Schablone wird am Befestigungspunkt ans Profil gesetzt und man kann komfortabel ausrichten.<\/p>\n<p><a href=\"https:\/\/i2.wp.com\/www.dannwollenwirmal.de\/wp-content\/uploads\/2017\/11\/IMG_5860.jpg\"><img data-attachment-id=\"2083\" data-permalink=\"http:\/\/www.dannwollenwirmal.de\/?attachment_id=2083#main\" data-orig-file=\"https:\/\/i2.wp.com\/www.dannwollenwirmal.de\/wp-content\/uploads\/2017\/11\/IMG_5860.jpg?fit=652%2C652\" data-orig-size=\"652,652\" data-comments-opened=\"1\" data-image-meta=\"{&quot;aperture&quot;:&quot;2.2&quot;,&quot;credit&quot;:&quot;&quot;,&quot;camera&quot;:&quot;iPhone 6s&quot;,&quot;caption&quot;:&quot;&quot;,&quot;created_timestamp&quot;:&quot;1508958072&quot;,&quot;copyright&quot;:&quot;&quot;,&quot;focal_length&quot;:&quot;4.15&quot;,&quot;iso&quot;:&quot;160&quot;,&quot;shutter_speed&quot;:&quot;0.03030303030303&quot;,&quot;title&quot;:&quot;&quot;,&quot;orientation&quot;:&quot;1&quot;}\" data-image-title=\"IMG_5860\" data-image-description=\"&lt;p&gt;Dachschr\u00e4ge beplanken&lt;\/p&gt;\n\" data-image-caption=\"\" data-medium-file=\"https:\/\/i2.wp.com\/www.dannwollenwirmal.de\/wp-content\/uploads\/2017\/11\/IMG_5860.jpg?fit=300%2C300\" data-large-file=\"https:\/\/i2.wp.com\/www.dannwollenwirmal.de\/wp-content\/uploads\/2017\/11\/IMG_5860.jpg?fit=652%2C652\" loading=\"lazy\" class=\"alignnone size-full wp-image-2083\" src=\"https:\/\/i2.wp.com\/www.dannwollenwirmal.de\/wp-content\/uploads\/2017\/11\/IMG_5860.jpg?resize=652%2C652\" alt=\"\" width=\"652\" height=\"652\" srcset=\"https:\/\/i2.wp.com\/www.dannwollenwirmal.de\/wp-content\/uploads\/2017\/11\/IMG_5860.jpg?w=652 652w, https:\/\/i2.wp.com\/www.dannwollenwirmal.de\/wp-content\/uploads\/2017\/11\/IMG_5860.jpg?resize=150%2C150 150w, https:\/\/i2.wp.com\/www.dannwollenwirmal.de\/wp-content\/uploads\/2017\/11\/IMG_5860.jpg?resize=300%2C300 300w\" sizes=\"(max-width: 652px) 100vw, 652px\" data-recalc-dims=\"1\" \/><\/a><br \/>\n<em>Fertig beplankte Dachschr\u00e4ge<\/em><\/p>\n<p>Hier sieht man nun die fertig beplankte Schr\u00e4ge. Es gibt bereits einen gemauerten Drempel, der allerdings sp\u00e4ter als Trockenbaudrempel weiter vorgezogen wird. Ansonsten w\u00fcrde man mit der Beplankung ganz bis in den Knick gehen und den Drempel sp\u00e4ter vorsetzen. In diesem Fall (vorhandener Drempel) helfen \u00fcbrigens zwei Schrauben unterhalb der ersten Platte, damit <del>das sperrige und schwere Drecksding nicht st\u00e4ndig wieder runterrutscht bevor die erste Mistschraube endlich drin ist<\/del> man die Startplatte bequem platzieren und befestigen kann. \u00c4hnlich wie bei der Decke f\u00e4ngt man auch hier mit einer gro\u00dfen Platte in der Mitte an, um Unregelm\u00e4\u00dfigkeiten an den Seiten mit schmaleren Platten gut anpassen zu k\u00f6nnen.<\/p>\n<p>Wenn&#8217;s ans Spachteln geht, mache ich die \u00dcberg\u00e4nge zwischen Schr\u00e4ge und Decke bzw. Schr\u00e4ge und Drempel wie <a href=\"http:\/\/www.dannwollenwirmal.de\/?p=657\"><strong>hier<\/strong> <\/a>gezeigt mit eingelegtem Gewebeband. Die Drempel auf meinem Dachbodenausbau gehen nun mittlerweile ins dritte Jahr und es ist nicht die Spur eines Risses zu sehen.<\/p>\n<p>Wenn ich jetzt mal wieder so einen kleinen Raum mache und mir dabei vor dem inneren Auge die ganzen Schritte meines eigenen Ausbaus hier in Erinnerung rufe, kann ich kaum noch nachvollziehen, woher ich so viel Zeit und Energie genommen habe. Ich habe damals einen komplett &#8222;nackten&#8220; Dachboden ausgebaut, d.h. jedes Sparrenfeld mit Unterdeckung und Wasserableitung ausgestattet, Sparren aufgedoppelt, ged\u00e4mmt, Trennwand gezogen, Schr\u00e4gen und Decke beplankt, mit Reibeputz versehen, Holzdielen verlegt usw. Das ganze Ausma\u00df kann man sich in den Projekten unter &#8222;Dachbodenausbau&#8220; nochmal anschauen.<\/p>\n<p>Was lehrt uns das? Wenn&#8217;s um die eigenen vier W\u00e4nde geht, hat man nochmal extra viel Power. Und, wenn ich meinem Schwiegervater glauben darf, sollte man solche Gewaltsprojekte am Besten abgeschlossen haben, bevor es auf die &#8222;40&#8220; geht. Denn dann soll das mit der Energie wohl doch allm\u00e4hlich nachlassen. Haben meine Leser da Erfahrung? Oder geht es mit 40 erst richtig los? Zwei Jahre h\u00e4tte ich noch Zeit, na, da wird sich doch wohl noch was finden lassen! Da schmei\u00df&#8216; ich doch glatt vor Freude den Betonmischer an! Hurra!<\/p>\n<p>&nbsp;<\/p>\n<div class=\"sharedaddy sd-sharing-enabled\"><div class=\"robots-nocontent sd-block sd-social sd-social-icon-text sd-sharing\"><h3 class=\"sd-title\">Teilen mit:<\/h3><div class=\"sd-content\"><ul><li class=\"share-email\"><a rel=\"nofollow noopener noreferrer\" data-shared=\"\" class=\"share-email sd-button share-icon\" href=\"http:\/\/www.dannwollenwirmal.de\/?p=2079&amp;share=email\" target=\"_blank\" title=\"Klick, um dies einem Freund per E-Mail zu senden\"><span>E-Mail<\/span><\/a><\/li><li class=\"share-print\"><a rel=\"nofollow noopener noreferrer\" data-shared=\"\" class=\"share-print sd-button share-icon\" href=\"http:\/\/www.dannwollenwirmal.de\/?p=2079\" target=\"_blank\" title=\"Klicken zum Ausdrucken\"><span>Drucken<\/span><\/a><\/li><li class=\"share-facebook\"><a rel=\"nofollow noopener noreferrer\" data-shared=\"sharing-facebook-2079\" class=\"share-facebook sd-button share-icon\" href=\"http:\/\/www.dannwollenwirmal.de\/?p=2079&amp;share=facebook\" target=\"_blank\" title=\"Klick, um auf Facebook zu teilen\"><span>Facebook<\/span><\/a><\/li><li class=\"share-twitter\"><a rel=\"nofollow noopener noreferrer\" data-shared=\"sharing-twitter-2079\" class=\"share-twitter sd-button share-icon\" href=\"http:\/\/www.dannwollenwirmal.de\/?p=2079&amp;share=twitter\" target=\"_blank\" title=\"Klick, um \u00fcber Twitter zu teilen\"><span>Twitter<\/span><\/a><\/li><li class=\"share-pinterest\"><a rel=\"nofollow noopener noreferrer\" data-shared=\"sharing-pinterest-2079\" class=\"share-pinterest sd-button share-icon\" href=\"http:\/\/www.dannwollenwirmal.de\/?p=2079&amp;share=pinterest\" target=\"_blank\" title=\"Klick, um auf Pinterest zu teilen\"><span>Pinterest<\/span><\/a><\/li><li class=\"share-linkedin\"><a rel=\"nofollow noopener noreferrer\" data-shared=\"sharing-linkedin-2079\" class=\"share-linkedin sd-button share-icon\" href=\"http:\/\/www.dannwollenwirmal.de\/?p=2079&amp;share=linkedin\" target=\"_blank\" title=\"Klick, um auf LinkedIn zu teilen\"><span>LinkedIn<\/span><\/a><\/li><li class=\"share-end\"><\/li><\/ul><\/div><\/div><\/div>","protected":false},"excerpt":{"rendered":"<p>W\u00e4hrend wir letzte Woche noch die Vorarbeiten zum Dachschr\u00e4gen-Ausbau betrachtet haben (bekannterma\u00dfen macht die Arbeit, die man hinterher\u00a0nicht sieht, ja den L\u00f6wenanteil aus), geht es diese Woche nahtlos weiter und wir best\u00fccken Dachschr\u00e4ge und Decke mit Profilen und Gipskartonplatten. Zur Erinnerung: Das Ganze in Ausf\u00fchrlich hatten wir 2014 hier im Blog und es ist bei [&hellip;]<\/p>\n<div class=\"sharedaddy sd-sharing-enabled\"><div class=\"robots-nocontent sd-block sd-social sd-social-icon-text sd-sharing\"><h3 class=\"sd-title\">Teilen mit:<\/h3><div class=\"sd-content\"><ul><li class=\"share-email\"><a rel=\"nofollow noopener noreferrer\" data-shared=\"\" class=\"share-email sd-button share-icon\" href=\"http:\/\/www.dannwollenwirmal.de\/?p=2079&amp;share=email\" target=\"_blank\" title=\"Klick, um dies einem Freund per E-Mail zu senden\"><span>E-Mail<\/span><\/a><\/li><li class=\"share-print\"><a rel=\"nofollow noopener noreferrer\" data-shared=\"\" class=\"share-print sd-button share-icon\" href=\"http:\/\/www.dannwollenwirmal.de\/?p=2079\" target=\"_blank\" title=\"Klicken zum Ausdrucken\"><span>Drucken<\/span><\/a><\/li><li class=\"share-facebook\"><a rel=\"nofollow noopener noreferrer\" data-shared=\"sharing-facebook-2079\" class=\"share-facebook sd-button share-icon\" href=\"http:\/\/www.dannwollenwirmal.de\/?p=2079&amp;share=facebook\" target=\"_blank\" title=\"Klick, um auf Facebook zu teilen\"><span>Facebook<\/span><\/a><\/li><li class=\"share-twitter\"><a rel=\"nofollow noopener noreferrer\" data-shared=\"sharing-twitter-2079\" class=\"share-twitter sd-button share-icon\" href=\"http:\/\/www.dannwollenwirmal.de\/?p=2079&amp;share=twitter\" target=\"_blank\" title=\"Klick, um \u00fcber Twitter zu teilen\"><span>Twitter<\/span><\/a><\/li><li class=\"share-pinterest\"><a rel=\"nofollow noopener noreferrer\" data-shared=\"sharing-pinterest-2079\" class=\"share-pinterest sd-button share-icon\" href=\"http:\/\/www.dannwollenwirmal.de\/?p=2079&amp;share=pinterest\" target=\"_blank\" title=\"Klick, um auf Pinterest zu teilen\"><span>Pinterest<\/span><\/a><\/li><li class=\"share-linkedin\"><a rel=\"nofollow noopener noreferrer\" data-shared=\"sharing-linkedin-2079\" class=\"share-linkedin sd-button share-icon\" href=\"http:\/\/www.dannwollenwirmal.de\/?p=2079&amp;share=linkedin\" target=\"_blank\" title=\"Klick, um auf LinkedIn zu teilen\"><span>LinkedIn<\/span><\/a><\/li><li class=\"share-end\"><\/li><\/ul><\/div><\/div><\/div>","protected":false},"author":1,"featured_media":0,"comment_status":"open","ping_status":"open","sticky":false,"template":"","format":"standard","meta":{"advanced_seo_description":"","spay_email":"","jetpack_publicize_message":"","jetpack_is_tweetstorm":false,"jetpack_publicize_feature_enabled":true},"categories":[1,26,62,15],"tags":[544,542,543],"jetpack_featured_media_url":"","jetpack_publicize_connections":[],"jetpack_shortlink":"https:\/\/wp.me\/p3WtlO-xx","jetpack_sharing_enabled":true,"jetpack-related-posts":[{"id":348,"url":"http:\/\/www.dannwollenwirmal.de\/?p=348","url_meta":{"origin":2079,"position":0},"title":"Zahnputzbecher","date":"24. Februar 2014","format":false,"excerpt":"Die H\u00e4lfte der Dachschr\u00e4gen ist nun schon beplankt und es geht nach einigen Startschwierigkeiten nun auch ganz gut von der Hand; wobei da ist noch Luft nach oben, gerade was die Schrauben angeht. Na, wird doch? Um mal einen Vergleich zu haben: Es gibt nich vieles, was mich nervt. Aber\u2026","rel":"","context":"In &quot;Allgemein&quot;","img":{"alt_text":"","src":"https:\/\/i2.wp.com\/www.dannwollenwirmal.de\/wp-content\/uploads\/2014\/02\/blechs.jpg?resize=350%2C200","width":350,"height":200},"classes":[]},{"id":2150,"url":"http:\/\/www.dannwollenwirmal.de\/?p=2150","url_meta":{"origin":2079,"position":1},"title":"dannwollenwirmal sucht den Spachtelk\u00f6nig","date":"14. Januar 2018","format":false,"excerpt":"Letzte Woche habe ich ja noch mal ausf\u00fchrlich gezeigt, wie man eine Decke mit Metall-Unterkonstruktion abh\u00e4ngen kann. Das bietet sich f\u00fcr alle F\u00e4lle an, wo die neue Decke, sagen wir mal, mehr als 10-15 cm tiefer als die alte Decke soll. Will man knapper unter die Rohdecke gehen, macht man\u2026","rel":"","context":"In &quot;Allgemein&quot;","img":{"alt_text":"","src":"https:\/\/i0.wp.com\/www.dannwollenwirmal.de\/wp-content\/uploads\/2018\/01\/IMG_6021-e1515854180881.jpg?resize=350%2C200","width":350,"height":200},"classes":[]},{"id":1184,"url":"http:\/\/www.dannwollenwirmal.de\/?p=1184","url_meta":{"origin":2079,"position":2},"title":"Was Heimwerker bewegt","date":"8. November 2015","format":false,"excerpt":"W\u00e4hrend ich noch halb in der Schockstarre wegen des Suchbegriffs \"kann mann eine l\u00fcsterklemme so gut isolieren das man sie einputzen kann\"* verharre, fiel mir auf, dass es Suchbegriffe gibt, die seit Monaten Jahren immer wieder kommen und die die Heimwerkerherzen offenbar nicht loslassen. Eine Top-10-Auswahl davon m\u00f6chte ich diese\u2026","rel":"","context":"In &quot;Allgemein&quot;","img":{"alt_text":"","src":"","width":0,"height":0},"classes":[]},{"id":426,"url":"http:\/\/www.dannwollenwirmal.de\/?p=426","url_meta":{"origin":2079,"position":3},"title":"Gl\u00fchbirnebirnebirne!","date":"16. April 2014","format":false,"excerpt":"Lieber Leser, da wir ja neulich gemeinsam \u00fcber verschiedene Deckeneinbaustrahler sinniert und zusammen das Drehbuch zum Deckeneinbauthriller durchlebt haben kommt jetzt hier, etwas Off-Topic aber daf\u00fcr sowas von lebensnah, der Tip f\u00fcr die Dimensionierung von LED-Strahlern: Gl\u00fchbirnen-Watt mal 10 gleich Lumen der LED! Nicht verstanden? Wenn man fr\u00fcher eine 40W-Gl\u00fchbirne\u2026","rel":"","context":"In &quot;Allgemein&quot;","img":{"alt_text":"Drempel","src":"https:\/\/i1.wp.com\/www.dannwollenwirmal.de\/wp-content\/uploads\/2014\/04\/drempel4.jpeg?resize=350%2C200","width":350,"height":200},"classes":[]},{"id":633,"url":"http:\/\/www.dannwollenwirmal.de\/?p=633","url_meta":{"origin":2079,"position":4},"title":"Gest\u00e4ndnisse eines Schaumschl\u00e4gers","date":"9. November 2014","format":false,"excerpt":"Das \"Grobe\" ist tats\u00e4chlich geschafft und ich kann das Kapitel \"Beplanken\" nun erstmal zu den Akten legen. Den Drempel der S\u00fcdseite habe ich als letzte Etappe fertiggestellt; an der Westseite mit dem gro\u00dfen Dachfenster gibt es ja keinen Drempel und die Dachschr\u00e4ge geht bis zum Boden. Das Sch\u00f6nste aber war\u2026","rel":"","context":"In &quot;Allgemein&quot;","img":{"alt_text":"","src":"https:\/\/i2.wp.com\/www.dannwollenwirmal.de\/wp-content\/uploads\/2014\/11\/IMG_3009.jpg?resize=350%2C200","width":350,"height":200},"classes":[]},{"id":1750,"url":"http:\/\/www.dannwollenwirmal.de\/?p=1750","url_meta":{"origin":2079,"position":5},"title":"Blogausfall","date":"8. Januar 2017","format":false,"excerpt":"So, heute lassen wir den Blog mal ausfallen. Meine Frau fragt ja auch immer, ob ich denn wirklich jeden Sonntag was schreiben muss? Klar, sage ich, sind ja nicht zum Spass hier! Aber heute f\u00e4llt mal aus. Ich muss nur schnell schreiben, dass es ausf\u00e4llt. Es ist aber auch einfach\u2026","rel":"","context":"In &quot;Allgemein&quot;","img":{"alt_text":"","src":"https:\/\/i0.wp.com\/www.dannwollenwirmal.de\/wp-content\/uploads\/2017\/01\/IMG_5049.jpg?resize=350%2C200","width":350,"height":200},"classes":[]}],"_links":{"self":[{"href":"http:\/\/www.dannwollenwirmal.de\/index.php?rest_route=\/wp\/v2\/posts\/2079"}],"collection":[{"href":"http:\/\/www.dannwollenwirmal.de\/index.php?rest_route=\/wp\/v2\/posts"}],"about":[{"href":"http:\/\/www.dannwollenwirmal.de\/index.php?rest_route=\/wp\/v2\/types\/post"}],"author":[{"embeddable":true,"href":"http:\/\/www.dannwollenwirmal.de\/index.php?rest_route=\/wp\/v2\/users\/1"}],"replies":[{"embeddable":true,"href":"http:\/\/www.dannwollenwirmal.de\/index.php?rest_route=%2Fwp%2Fv2%2Fcomments&post=2079"}],"version-history":[{"count":1,"href":"http:\/\/www.dannwollenwirmal.de\/index.php?rest_route=\/wp\/v2\/posts\/2079\/revisions"}],"predecessor-version":[{"id":2085,"href":"http:\/\/www.dannwollenwirmal.de\/index.php?rest_route=\/wp\/v2\/posts\/2079\/revisions\/2085"}],"wp:attachment":[{"href":"http:\/\/www.dannwollenwirmal.de\/index.php?rest_route=%2Fwp%2Fv2%2Fmedia&parent=2079"}],"wp:term":[{"taxonomy":"category","embeddable":true,"href":"http:\/\/www.dannwollenwirmal.de\/index.php?rest_route=%2Fwp%2Fv2%2Fcategories&post=2079"},{"taxonomy":"post_tag","embeddable":true,"href":"http:\/\/www.dannwollenwirmal.de\/index.php?rest_route=%2Fwp%2Fv2%2Ftags&post=2079"}],"curies":[{"name":"wp","href":"https:\/\/api.w.org\/{rel}","templated":true}]}}