{"id":1910,"date":"2017-06-11T12:05:41","date_gmt":"2017-06-11T10:05:41","guid":{"rendered":"http:\/\/www.dannwollenwirmal.de\/?p=1910"},"modified":"2017-06-11T12:05:41","modified_gmt":"2017-06-11T10:05:41","slug":"die-horrorwohnung-teil-i","status":"publish","type":"post","link":"http:\/\/www.dannwollenwirmal.de\/?p=1910","title":{"rendered":"Die Horrorwohnung, Teil I"},"content":{"rendered":"<p>Bei Aufr\u00e4umen meiner Festplatte letzte Woche bin ich wieder auf einen Ordner mit Bildern gesto\u00dfen, die ich lange vergessen (oder verdr\u00e4ngt?) habe und die einem tats\u00e4chlich das Grauen der R\u00fccken hochkriechen lassen. Je handwerkserfahrener man mit den Jahren wird, desto gruseliger die Bilder. Doch von Anfang an.<\/p>\n<p>Es begab sich vor mittlerweile elf Jahren Anno 2006, wir waren ein frisch verm\u00e4hltes und noch kinderloses Paar und ich \u00fcberredete meine Frau, ihres Zeichens im Herzen Gro\u00dfstadtkind, zu einem Umzug von Hannover in die vermeintliche Provinz einer Kleinstadt. Bei der Wohnungssuche gab speziell ich mir gr\u00f6\u00dfte M\u00fche, um der Liebsten schlie\u00dflich ein heimeliges Nest zu bereiten und den Start in der neuen Umgebung m\u00f6glichst angenehm und reibungslos werden zu lassen. Daraus wurde nat\u00fcrlich nichts.<\/p>\n<p>Nachdem wir einige Wohnungen angeschaut hatten, fiel die Wahl auf eine vier-Zimmer-Wohnung in innenstadtnaher (und &#8222;verkehrsg\u00fcnstiger&#8220;) Lage. Der Vermieter, nennen wir ihn mal Herrn E., kauft alte H\u00e4user, renoviert diese dann mit viel Selbsteinsatz und vermietet danach die Wohnungen. So auch hier: Scheinbar traumhaft, ein altes Haus wird nach unseren Vorstellungen renoviert und dann von uns frisch bezogen. Wir durften uns sogar die Badewanne aussuchen (eine Eckbadewanne, wirklich? Cool!) und hatten vollstes Vertrauen, dass die Renovierung in den versprochenen acht Wochen erfolgen w\u00fcrde und organisierten zum Umzugstermin einen LKW und viele flei\u00dfige Helfer.<\/p>\n<p>W\u00e4hrend der Renovierungsphase habe ich ab und zu die Baustelle besucht; allerdings war die Baustelle erst nach einigen Wochen eine Baustelle, denn etwa die H\u00e4lfte der Zeit verstrich, ohne dass dort etwas nennenswertes passiert w\u00e4re. Herr E. hatte eben mehrere Projekte und war zeitlich entsprechend eingebunden. Aber bis zum Umzugstermin w\u00e4re alles\u00a0<em>malerfertig<\/em>, das w\u00e4re ja gar kein Problem. Lediglich der Au\u00dfenbereich (hier wurde eine D\u00e4mmung angebracht) k\u00f6nnte noch ein paar Wochen l\u00e4nger dauern.<\/p>\n<p>Je n\u00e4her der Umzugstermin r\u00fcckte, desto mehr Versprechungen l\u00f6sten sich auf. Fliesen im Bad? Ja, die haben Sie sich gew\u00fcnscht. Aber Holzboden ist doch auch ganz sch\u00f6n. Badewanne, ja, m\u00fcssen wir mal sehen. Neue Fliesen in der K\u00fcche? Hmm, ja, wir gucken mal.<\/p>\n<p>H\u00e4tte ich damals schon den heutigen handwerksgesch\u00e4rften Blick gehabt, h\u00e4tte ich die Notbremse wohl schon viel fr\u00fcher gezogen. Ich war allerdings guter Dinge, dass Herr E. schon wisse, was er tut und zum Einzugstermin alles fertig sein w\u00fcrde.<\/p>\n<p>Als wir dann mit voll beladenem LKW und etwa zehn oder zwanzig helfenden Freunden ankamen, erl\u00e4uterte mir Herr E. zun\u00e4chst die Definition des Begriffes\u00a0<em>malerfertig:<\/em> Das w\u00fcrde bedeuten, dass die Wohnung so weit fertig gestellt ist, dass ein Maler mit seiner Arbeit anfangen k\u00f6nne. F\u00fcr mich bedeutete malerfertig bis dahin, dass ein Maler die Wohnung fertig gestellt hat. Tats\u00e4chlich hatte Herr E. nicht ganz unrecht, malerfertig hei\u00dft, eben fertig zum bemalen. Dies beinhaltet allerdings auch eine glatte, neutrale Oberfl\u00e4che und keine Alttapeten mit Haken und N\u00e4geln. Doch dazu sp\u00e4ter.<\/p>\n<p><a href=\"https:\/\/i2.wp.com\/www.dannwollenwirmal.de\/wp-content\/uploads\/2017\/06\/IMG_4698.jpg\"><img data-attachment-id=\"1912\" data-permalink=\"http:\/\/www.dannwollenwirmal.de\/?attachment_id=1912#main\" data-orig-file=\"https:\/\/i2.wp.com\/www.dannwollenwirmal.de\/wp-content\/uploads\/2017\/06\/IMG_4698.jpg?fit=652%2C435\" data-orig-size=\"652,435\" data-comments-opened=\"1\" data-image-meta=\"{&quot;aperture&quot;:&quot;6.3&quot;,&quot;credit&quot;:&quot;unknown&quot;,&quot;camera&quot;:&quot;Canon EOS 20D&quot;,&quot;caption&quot;:&quot;&quot;,&quot;created_timestamp&quot;:&quot;1161423571&quot;,&quot;copyright&quot;:&quot;&quot;,&quot;focal_length&quot;:&quot;37&quot;,&quot;iso&quot;:&quot;800&quot;,&quot;shutter_speed&quot;:&quot;0.01&quot;,&quot;title&quot;:&quot;&quot;,&quot;orientation&quot;:&quot;1&quot;}\" data-image-title=\"IMG_4698\" data-image-description=\"\" data-image-caption=\"\" data-medium-file=\"https:\/\/i2.wp.com\/www.dannwollenwirmal.de\/wp-content\/uploads\/2017\/06\/IMG_4698.jpg?fit=300%2C200\" data-large-file=\"https:\/\/i2.wp.com\/www.dannwollenwirmal.de\/wp-content\/uploads\/2017\/06\/IMG_4698.jpg?fit=652%2C435\" loading=\"lazy\" class=\"alignnone size-full wp-image-1912\" src=\"https:\/\/i2.wp.com\/www.dannwollenwirmal.de\/wp-content\/uploads\/2017\/06\/IMG_4698.jpg?resize=652%2C435\" alt=\"IMG_4698\" width=\"652\" height=\"435\" srcset=\"https:\/\/i2.wp.com\/www.dannwollenwirmal.de\/wp-content\/uploads\/2017\/06\/IMG_4698.jpg?w=652 652w, https:\/\/i2.wp.com\/www.dannwollenwirmal.de\/wp-content\/uploads\/2017\/06\/IMG_4698.jpg?resize=300%2C200 300w\" sizes=\"(max-width: 652px) 100vw, 652px\" data-recalc-dims=\"1\" \/><\/a><br \/>\n<em>malerfertig?<\/em><\/p>\n<p>Wie auch immer der Begriff in dem Moment zu deuten war, hat Herr E. uns ja auf jeden Fall ziemlich auflaufen lassen, war ihm doch bekannt, dass wir am Umzugstermin mit s\u00e4mtlichen M\u00f6beln und Helfern anr\u00fccken w\u00fcrden. Aber wo soll man einen LKW voller M\u00f6bel und Kartons hinpacken, wenn die Wohnung noch gestrichen werden muss? W\u00e4hrend die Gattin dem Nervenzusammenbruch nahe war, behielten einige engagierte Freunde und ich einen gesunden Zwangsoptimismus: Aller M\u00f6bel in einen Raum stapeln, zum Baumarkt fahren und mit &#8222;alle Mann&#8220; streichen.<\/p>\n<p><a href=\"https:\/\/i2.wp.com\/www.dannwollenwirmal.de\/wp-content\/uploads\/2017\/06\/IMG_4678.jpg\"><img data-attachment-id=\"1913\" data-permalink=\"http:\/\/www.dannwollenwirmal.de\/?attachment_id=1913#main\" data-orig-file=\"https:\/\/i2.wp.com\/www.dannwollenwirmal.de\/wp-content\/uploads\/2017\/06\/IMG_4678.jpg?fit=652%2C435\" data-orig-size=\"652,435\" data-comments-opened=\"1\" data-image-meta=\"{&quot;aperture&quot;:&quot;5.6&quot;,&quot;credit&quot;:&quot;unknown&quot;,&quot;camera&quot;:&quot;Canon EOS 20D&quot;,&quot;caption&quot;:&quot;&quot;,&quot;created_timestamp&quot;:&quot;1161423018&quot;,&quot;copyright&quot;:&quot;&quot;,&quot;focal_length&quot;:&quot;50&quot;,&quot;iso&quot;:&quot;800&quot;,&quot;shutter_speed&quot;:&quot;0.04&quot;,&quot;title&quot;:&quot;&quot;,&quot;orientation&quot;:&quot;1&quot;}\" data-image-title=\"IMG_4678\" data-image-description=\"&lt;p&gt;pfusch&lt;\/p&gt;\n\" data-image-caption=\"\" data-medium-file=\"https:\/\/i2.wp.com\/www.dannwollenwirmal.de\/wp-content\/uploads\/2017\/06\/IMG_4678.jpg?fit=300%2C200\" data-large-file=\"https:\/\/i2.wp.com\/www.dannwollenwirmal.de\/wp-content\/uploads\/2017\/06\/IMG_4678.jpg?fit=652%2C435\" loading=\"lazy\" class=\"alignnone size-full wp-image-1913\" src=\"https:\/\/i2.wp.com\/www.dannwollenwirmal.de\/wp-content\/uploads\/2017\/06\/IMG_4678.jpg?resize=652%2C435\" alt=\"IMG_4678\" width=\"652\" height=\"435\" srcset=\"https:\/\/i2.wp.com\/www.dannwollenwirmal.de\/wp-content\/uploads\/2017\/06\/IMG_4678.jpg?w=652 652w, https:\/\/i2.wp.com\/www.dannwollenwirmal.de\/wp-content\/uploads\/2017\/06\/IMG_4678.jpg?resize=300%2C200 300w\" sizes=\"(max-width: 652px) 100vw, 652px\" data-recalc-dims=\"1\" \/><\/a><br \/>\n<em>malerfertig? Auch hier&#8230; alte Tapete und dann Gips dr\u00fcbergeschmiert<\/em><\/p>\n<p>Mal-eben-streichen erwies sich aber als nicht so einfach. Die alten Tapeten waren entweder in schlechtem Zustand oder so grauselig gemustert, dass man diese zun\u00e4chst entfernen musste. Mit einem harten Kern von Leuten waren wir dann bis in die Abendstunden dabei, die Tapeten des ersten Zimmers zu entfernen. Darunter zum Vorschein kam eine ausgepr\u00e4gte Schimmelkultur:<\/p>\n<p><a href=\"https:\/\/i2.wp.com\/www.dannwollenwirmal.de\/wp-content\/uploads\/2017\/06\/IMG_4652.jpg\"><img data-attachment-id=\"1914\" data-permalink=\"http:\/\/www.dannwollenwirmal.de\/?attachment_id=1914#main\" data-orig-file=\"https:\/\/i2.wp.com\/www.dannwollenwirmal.de\/wp-content\/uploads\/2017\/06\/IMG_4652.jpg?fit=652%2C435\" data-orig-size=\"652,435\" data-comments-opened=\"1\" data-image-meta=\"{&quot;aperture&quot;:&quot;3.5&quot;,&quot;credit&quot;:&quot;unknown&quot;,&quot;camera&quot;:&quot;Canon EOS 20D&quot;,&quot;caption&quot;:&quot;&quot;,&quot;created_timestamp&quot;:&quot;1161422373&quot;,&quot;copyright&quot;:&quot;&quot;,&quot;focal_length&quot;:&quot;18&quot;,&quot;iso&quot;:&quot;800&quot;,&quot;shutter_speed&quot;:&quot;0.076923076923077&quot;,&quot;title&quot;:&quot;&quot;,&quot;orientation&quot;:&quot;1&quot;}\" data-image-title=\"IMG_4652\" data-image-description=\"&lt;p&gt;Schimmel&lt;\/p&gt;\n\" data-image-caption=\"\" data-medium-file=\"https:\/\/i2.wp.com\/www.dannwollenwirmal.de\/wp-content\/uploads\/2017\/06\/IMG_4652.jpg?fit=300%2C200\" data-large-file=\"https:\/\/i2.wp.com\/www.dannwollenwirmal.de\/wp-content\/uploads\/2017\/06\/IMG_4652.jpg?fit=652%2C435\" loading=\"lazy\" class=\"alignnone size-full wp-image-1914\" src=\"https:\/\/i2.wp.com\/www.dannwollenwirmal.de\/wp-content\/uploads\/2017\/06\/IMG_4652.jpg?resize=652%2C435\" alt=\"IMG_4652\" width=\"652\" height=\"435\" srcset=\"https:\/\/i2.wp.com\/www.dannwollenwirmal.de\/wp-content\/uploads\/2017\/06\/IMG_4652.jpg?w=652 652w, https:\/\/i2.wp.com\/www.dannwollenwirmal.de\/wp-content\/uploads\/2017\/06\/IMG_4652.jpg?resize=300%2C200 300w\" sizes=\"(max-width: 652px) 100vw, 652px\" data-recalc-dims=\"1\" \/><\/a><br \/>\n<em>Oha!<\/em><\/p>\n<p>Wir stellten daraufhin die Arbeit erstmal ein. Eine Freundin meinte &#8222;Das einzig gute an dieser Wohnung ist der Schnitt&#8220;-das fasst es gut zusammen. Wir haben dann abends \u00fcberlegt, die Notbremse zu ziehen. Am n\u00e4chsten Tag habe ich s\u00e4mtliche Unzul\u00e4nglichkeiten und un-fass-bares Gepfusche in der Bude per Foto dokumentiert.<\/p>\n<p>Und jetzt gibt es den dannwollenwirmal-Cliffhanger: Den gesamten Baupfusch als bunte Fotostrecke, die restlichen Streitereien und wie wir aus der ganzen Katastrophe wieder rausgekommen sind lesen Sie &#8211; n\u00e4chste Woche! \ud83d\ude42<\/p>\n<div class=\"sharedaddy sd-sharing-enabled\"><div class=\"robots-nocontent sd-block sd-social sd-social-icon-text sd-sharing\"><h3 class=\"sd-title\">Teilen mit:<\/h3><div class=\"sd-content\"><ul><li class=\"share-email\"><a rel=\"nofollow noopener noreferrer\" data-shared=\"\" class=\"share-email sd-button share-icon\" href=\"http:\/\/www.dannwollenwirmal.de\/?p=1910&amp;share=email\" target=\"_blank\" title=\"Klick, um dies einem Freund per E-Mail zu senden\"><span>E-Mail<\/span><\/a><\/li><li class=\"share-print\"><a rel=\"nofollow noopener noreferrer\" data-shared=\"\" class=\"share-print sd-button share-icon\" href=\"http:\/\/www.dannwollenwirmal.de\/?p=1910\" target=\"_blank\" title=\"Klicken zum Ausdrucken\"><span>Drucken<\/span><\/a><\/li><li class=\"share-facebook\"><a rel=\"nofollow noopener noreferrer\" data-shared=\"sharing-facebook-1910\" class=\"share-facebook sd-button share-icon\" href=\"http:\/\/www.dannwollenwirmal.de\/?p=1910&amp;share=facebook\" target=\"_blank\" title=\"Klick, um auf Facebook zu teilen\"><span>Facebook<\/span><\/a><\/li><li class=\"share-twitter\"><a rel=\"nofollow noopener noreferrer\" data-shared=\"sharing-twitter-1910\" class=\"share-twitter sd-button share-icon\" href=\"http:\/\/www.dannwollenwirmal.de\/?p=1910&amp;share=twitter\" target=\"_blank\" title=\"Klick, um \u00fcber Twitter zu teilen\"><span>Twitter<\/span><\/a><\/li><li class=\"share-pinterest\"><a rel=\"nofollow noopener noreferrer\" data-shared=\"sharing-pinterest-1910\" class=\"share-pinterest sd-button share-icon\" href=\"http:\/\/www.dannwollenwirmal.de\/?p=1910&amp;share=pinterest\" target=\"_blank\" title=\"Klick, um auf Pinterest zu teilen\"><span>Pinterest<\/span><\/a><\/li><li class=\"share-linkedin\"><a rel=\"nofollow noopener noreferrer\" data-shared=\"sharing-linkedin-1910\" class=\"share-linkedin sd-button share-icon\" href=\"http:\/\/www.dannwollenwirmal.de\/?p=1910&amp;share=linkedin\" target=\"_blank\" title=\"Klick, um auf LinkedIn zu teilen\"><span>LinkedIn<\/span><\/a><\/li><li class=\"share-end\"><\/li><\/ul><\/div><\/div><\/div>","protected":false},"excerpt":{"rendered":"<p>Bei Aufr\u00e4umen meiner Festplatte letzte Woche bin ich wieder auf einen Ordner mit Bildern gesto\u00dfen, die ich lange vergessen (oder verdr\u00e4ngt?) habe und die einem tats\u00e4chlich das Grauen der R\u00fccken hochkriechen lassen. Je handwerkserfahrener man mit den Jahren wird, desto gruseliger die Bilder. Doch von Anfang an. Es begab sich vor mittlerweile elf Jahren Anno [&hellip;]<\/p>\n<div class=\"sharedaddy sd-sharing-enabled\"><div class=\"robots-nocontent sd-block sd-social sd-social-icon-text sd-sharing\"><h3 class=\"sd-title\">Teilen mit:<\/h3><div class=\"sd-content\"><ul><li class=\"share-email\"><a rel=\"nofollow noopener noreferrer\" data-shared=\"\" class=\"share-email sd-button share-icon\" href=\"http:\/\/www.dannwollenwirmal.de\/?p=1910&amp;share=email\" target=\"_blank\" title=\"Klick, um dies einem Freund per E-Mail zu senden\"><span>E-Mail<\/span><\/a><\/li><li class=\"share-print\"><a rel=\"nofollow noopener noreferrer\" data-shared=\"\" class=\"share-print sd-button share-icon\" href=\"http:\/\/www.dannwollenwirmal.de\/?p=1910\" target=\"_blank\" title=\"Klicken zum Ausdrucken\"><span>Drucken<\/span><\/a><\/li><li class=\"share-facebook\"><a rel=\"nofollow noopener noreferrer\" data-shared=\"sharing-facebook-1910\" class=\"share-facebook sd-button share-icon\" href=\"http:\/\/www.dannwollenwirmal.de\/?p=1910&amp;share=facebook\" target=\"_blank\" title=\"Klick, um auf Facebook zu teilen\"><span>Facebook<\/span><\/a><\/li><li class=\"share-twitter\"><a rel=\"nofollow noopener noreferrer\" data-shared=\"sharing-twitter-1910\" class=\"share-twitter sd-button share-icon\" href=\"http:\/\/www.dannwollenwirmal.de\/?p=1910&amp;share=twitter\" target=\"_blank\" title=\"Klick, um \u00fcber Twitter zu teilen\"><span>Twitter<\/span><\/a><\/li><li class=\"share-pinterest\"><a rel=\"nofollow noopener noreferrer\" data-shared=\"sharing-pinterest-1910\" class=\"share-pinterest sd-button share-icon\" href=\"http:\/\/www.dannwollenwirmal.de\/?p=1910&amp;share=pinterest\" target=\"_blank\" title=\"Klick, um auf Pinterest zu teilen\"><span>Pinterest<\/span><\/a><\/li><li class=\"share-linkedin\"><a rel=\"nofollow noopener noreferrer\" data-shared=\"sharing-linkedin-1910\" class=\"share-linkedin sd-button share-icon\" href=\"http:\/\/www.dannwollenwirmal.de\/?p=1910&amp;share=linkedin\" target=\"_blank\" title=\"Klick, um auf LinkedIn zu teilen\"><span>LinkedIn<\/span><\/a><\/li><li class=\"share-end\"><\/li><\/ul><\/div><\/div><\/div>","protected":false},"author":1,"featured_media":0,"comment_status":"open","ping_status":"open","sticky":false,"template":"","format":"standard","meta":{"advanced_seo_description":"","spay_email":"","jetpack_publicize_message":"","jetpack_is_tweetstorm":false,"jetpack_publicize_feature_enabled":true},"categories":[1,35],"tags":[503,501,502],"jetpack_featured_media_url":"","jetpack_publicize_connections":[],"jetpack_shortlink":"https:\/\/wp.me\/p3WtlO-uO","jetpack_sharing_enabled":true,"jetpack-related-posts":[{"id":1856,"url":"http:\/\/www.dannwollenwirmal.de\/?p=1856","url_meta":{"origin":1910,"position":0},"title":"M\u00e4nner-Zalando","date":"16. April 2017","format":false,"excerpt":"Mit gro\u00dfen Pl\u00e4nen ist das ja so wie mit Wein: Manchmal muss man beides nochmal zur Seite legen und etwas reifen lassen. Wobei ich ja voller Tatendrang gestartet bin. Ach, worum es \u00fcberhaupt geht?! Darum! Letzte Woche hatte ich es ja bereits angedeutet: Es geht um drei Vord\u00e4cher unseres neuen\u2026","rel":"","context":"In &quot;Allgemein&quot;","img":{"alt_text":"","src":"https:\/\/i0.wp.com\/www.dannwollenwirmal.de\/wp-content\/uploads\/2017\/04\/1.jpg?resize=350%2C200","width":350,"height":200},"classes":[]},{"id":1982,"url":"http:\/\/www.dannwollenwirmal.de\/?p=1982","url_meta":{"origin":1910,"position":1},"title":"Hei\u00dfe Sache","date":"9. Juli 2017","format":false,"excerpt":"Tja, wie habe ich mich nun entschieden hinsichtlich der kostspieligen Datenrettung? Es war mir einfach zu viel Geld, ich habe damit abgeschlossen (obwohl, noch kurz versucht den Preis runterzuhandeln, aber keine Chance!) und werde nun die betreffenden Sachen in einer ruhigen Zeit neu programmieren. Leider waren auch einige knifflige Gr\u00fcbelsachen\u2026","rel":"","context":"In &quot;Allgemein&quot;","img":{"alt_text":"","src":"https:\/\/i0.wp.com\/www.dannwollenwirmal.de\/wp-content\/uploads\/2017\/07\/2.jpg?resize=350%2C200","width":350,"height":200},"classes":[]},{"id":450,"url":"http:\/\/www.dannwollenwirmal.de\/?p=450","url_meta":{"origin":1910,"position":2},"title":"Drei Sachen wollte ich erz\u00e4hlen:","date":"3. Mai 2014","format":false,"excerpt":"Mein lieber Herr Gesangsverein, da habe ich aber einiges geschafft heute! Da werd ich mir aber mal auf die Schulter klopfen. Zuerst habe ich den Drempel in Raum 1 fertiggestellt. Der wollte mich ein bi\u00dfchen \u00e4rgern und einfach nicht senkrecht werden. Ich habe mir dann zur Hilfe eine passende Dachlatte\u2026","rel":"","context":"In &quot;Allgemein&quot;","img":{"alt_text":"Trockenbau Decke Balken","src":"https:\/\/i1.wp.com\/www.dannwollenwirmal.de\/wp-content\/uploads\/2014\/05\/deckezwei.jpg?resize=350%2C200","width":350,"height":200},"classes":[]},{"id":515,"url":"http:\/\/www.dannwollenwirmal.de\/?p=515","url_meta":{"origin":1910,"position":3},"title":"H\u00e4kchen dran!","date":"1. August 2014","format":false,"excerpt":"Ich habe tats\u00e4chlich mal ein paar Minuten Zeit zu bloggen, wenn mich auch der Hauptberuf im Moment 24\/7 einnimmt (andererseits hat Spiegel online gerade ein Feature \"Geld verdienen mit Blogs\", wer wei\u00df...? :) ). Das Ger\u00fcst ist schon wieder weg, aber es war \u00e4u\u00dferst n\u00fctzlich und der Traufenkasten erstrahlt auf\u2026","rel":"","context":"In &quot;Allgemein&quot;","img":{"alt_text":"","src":"https:\/\/i1.wp.com\/www.dannwollenwirmal.de\/wp-content\/uploads\/2014\/08\/4.jpg?resize=350%2C200","width":350,"height":200},"classes":[]},{"id":830,"url":"http:\/\/www.dannwollenwirmal.de\/?p=830","url_meta":{"origin":1910,"position":4},"title":"Die Sache mit dem Fundament","date":"8. Februar 2015","format":false,"excerpt":"Wenn jemand anruft, der sagt, seine Wand ist kaputt, dann suche ich erstmal eine Telefonzelle. (Oh, das wird schwierig...) Ich ziehe mich blitzartig um, werfe mein Cape \u00fcber und schon bin ich...der Wand-Retter! Elegant wie Superman in seinen besten Jahren inspizierte ich diese Wand: Treppenf\u00f6rmige Risse in der Wand Risse,\u2026","rel":"","context":"In &quot;Allgemein&quot;","img":{"alt_text":"","src":"https:\/\/i1.wp.com\/www.dannwollenwirmal.de\/wp-content\/uploads\/2015\/02\/IMG_3245.jpg?resize=350%2C200","width":350,"height":200},"classes":[]},{"id":2300,"url":"http:\/\/www.dannwollenwirmal.de\/?p=2300","url_meta":{"origin":1910,"position":5},"title":"Bin also doch Autoexperte!","date":"3. Juni 2018","format":false,"excerpt":"Liebste Leser, die Sonne brennt, der Schwei\u00df rinnt, und im Grunde k\u00f6nnte ich mir nichts sch\u00f6neres vorstellen als auf einem stickigen Dachboden oberk\u00f6rperfrei Glaswolle zwischen die Sparren zu proppen. Geht aber grad nicht, der Dachboden ist ja bekanntlich schon fertig und Glaswolle ist auch grad nicht zur Hand. Es ist\u2026","rel":"","context":"In &quot;Allgemein&quot;","img":{"alt_text":"","src":"","width":0,"height":0},"classes":[]}],"_links":{"self":[{"href":"http:\/\/www.dannwollenwirmal.de\/index.php?rest_route=\/wp\/v2\/posts\/1910"}],"collection":[{"href":"http:\/\/www.dannwollenwirmal.de\/index.php?rest_route=\/wp\/v2\/posts"}],"about":[{"href":"http:\/\/www.dannwollenwirmal.de\/index.php?rest_route=\/wp\/v2\/types\/post"}],"author":[{"embeddable":true,"href":"http:\/\/www.dannwollenwirmal.de\/index.php?rest_route=\/wp\/v2\/users\/1"}],"replies":[{"embeddable":true,"href":"http:\/\/www.dannwollenwirmal.de\/index.php?rest_route=%2Fwp%2Fv2%2Fcomments&post=1910"}],"version-history":[{"count":2,"href":"http:\/\/www.dannwollenwirmal.de\/index.php?rest_route=\/wp\/v2\/posts\/1910\/revisions"}],"predecessor-version":[{"id":1915,"href":"http:\/\/www.dannwollenwirmal.de\/index.php?rest_route=\/wp\/v2\/posts\/1910\/revisions\/1915"}],"wp:attachment":[{"href":"http:\/\/www.dannwollenwirmal.de\/index.php?rest_route=%2Fwp%2Fv2%2Fmedia&parent=1910"}],"wp:term":[{"taxonomy":"category","embeddable":true,"href":"http:\/\/www.dannwollenwirmal.de\/index.php?rest_route=%2Fwp%2Fv2%2Fcategories&post=1910"},{"taxonomy":"post_tag","embeddable":true,"href":"http:\/\/www.dannwollenwirmal.de\/index.php?rest_route=%2Fwp%2Fv2%2Ftags&post=1910"}],"curies":[{"name":"wp","href":"https:\/\/api.w.org\/{rel}","templated":true}]}}