{"id":1893,"date":"2017-05-21T08:00:24","date_gmt":"2017-05-21T06:00:24","guid":{"rendered":"http:\/\/www.dannwollenwirmal.de\/?p=1893"},"modified":"2017-05-19T18:57:39","modified_gmt":"2017-05-19T16:57:39","slug":"pressemitteilung","status":"publish","type":"post","link":"http:\/\/www.dannwollenwirmal.de\/?p=1893","title":{"rendered":"Pressemitteilung"},"content":{"rendered":"<p>W\u00e4hrend ich noch nicht wei\u00df, ob mich der Suchbegriff der Woche &#8222;abgeh\u00e4ngte decke bauschaum&#8220; oder die neue &#8217;subtile&#8216; Art der Werbung, hier mit reichlich Links zu kommentieren, mehr verwundern soll, lasse ich parallel mein letztes Trockenbauprojekt Revue passieren. Dabei gab es noch eine Premiere: Ich habe mir eine neue Silikon-Kartuschenpresse gekauft:<\/p>\n<p><a href=\"https:\/\/i1.wp.com\/www.dannwollenwirmal.de\/wp-content\/uploads\/2017\/05\/IMG_5342.jpg\"><img data-attachment-id=\"1894\" data-permalink=\"http:\/\/www.dannwollenwirmal.de\/?attachment_id=1894#main\" data-orig-file=\"https:\/\/i1.wp.com\/www.dannwollenwirmal.de\/wp-content\/uploads\/2017\/05\/IMG_5342.jpg?fit=652%2C652\" data-orig-size=\"652,652\" data-comments-opened=\"1\" data-image-meta=\"{&quot;aperture&quot;:&quot;2.2&quot;,&quot;credit&quot;:&quot;&quot;,&quot;camera&quot;:&quot;iPhone 6s&quot;,&quot;caption&quot;:&quot;&quot;,&quot;created_timestamp&quot;:&quot;1494070397&quot;,&quot;copyright&quot;:&quot;&quot;,&quot;focal_length&quot;:&quot;4.15&quot;,&quot;iso&quot;:&quot;32&quot;,&quot;shutter_speed&quot;:&quot;0.02&quot;,&quot;title&quot;:&quot;&quot;,&quot;orientation&quot;:&quot;1&quot;}\" data-image-title=\"IMG_5342\" data-image-description=\"&lt;p&gt;Kartuschenpresse&lt;\/p&gt;\n\" data-image-caption=\"\" data-medium-file=\"https:\/\/i1.wp.com\/www.dannwollenwirmal.de\/wp-content\/uploads\/2017\/05\/IMG_5342.jpg?fit=300%2C300\" data-large-file=\"https:\/\/i1.wp.com\/www.dannwollenwirmal.de\/wp-content\/uploads\/2017\/05\/IMG_5342.jpg?fit=652%2C652\" loading=\"lazy\" class=\"alignnone size-full wp-image-1894\" src=\"https:\/\/i1.wp.com\/www.dannwollenwirmal.de\/wp-content\/uploads\/2017\/05\/IMG_5342.jpg?resize=652%2C652\" alt=\"IMG_5342\" width=\"652\" height=\"652\" srcset=\"https:\/\/i1.wp.com\/www.dannwollenwirmal.de\/wp-content\/uploads\/2017\/05\/IMG_5342.jpg?w=652 652w, https:\/\/i1.wp.com\/www.dannwollenwirmal.de\/wp-content\/uploads\/2017\/05\/IMG_5342.jpg?resize=150%2C150 150w, https:\/\/i1.wp.com\/www.dannwollenwirmal.de\/wp-content\/uploads\/2017\/05\/IMG_5342.jpg?resize=300%2C300 300w\" sizes=\"(max-width: 652px) 100vw, 652px\" data-recalc-dims=\"1\" \/><\/a><br \/>\n<em>neues Werkzeug!<\/em><\/p>\n<p>Ich habe ja jahrelang eine Baumarktspritze (nicht so schlimm wie <a href=\"http:\/\/www.dannwollenwirmal.de\/?p=1773\"><strong>die hier<\/strong><\/a>, aber auch nichts Besonderes) benutzt, nur zum Ende hin hat sie immer schlechter funktioniert. Nach dem Erwerb des oben zu sehenden Exemplars taten sich neue Welten auf! Ich h\u00e4tte nicht vermutet, dass der Unterschied <em>so<\/em> gro\u00df sein w\u00fcrde. Ein v\u00f6llig neues Arbeitsgef\u00fchl, elegant und kraftvoll. Oder so.<\/p>\n<p><a href=\"https:\/\/i2.wp.com\/www.dannwollenwirmal.de\/wp-content\/uploads\/2017\/05\/IMG_5339.jpg\"><img data-attachment-id=\"1895\" data-permalink=\"http:\/\/www.dannwollenwirmal.de\/?attachment_id=1895#main\" data-orig-file=\"https:\/\/i2.wp.com\/www.dannwollenwirmal.de\/wp-content\/uploads\/2017\/05\/IMG_5339.jpg?fit=652%2C652\" data-orig-size=\"652,652\" data-comments-opened=\"1\" data-image-meta=\"{&quot;aperture&quot;:&quot;2.2&quot;,&quot;credit&quot;:&quot;&quot;,&quot;camera&quot;:&quot;iPhone 6s&quot;,&quot;caption&quot;:&quot;&quot;,&quot;created_timestamp&quot;:&quot;1493908228&quot;,&quot;copyright&quot;:&quot;&quot;,&quot;focal_length&quot;:&quot;4.15&quot;,&quot;iso&quot;:&quot;400&quot;,&quot;shutter_speed&quot;:&quot;0.058823529411765&quot;,&quot;title&quot;:&quot;&quot;,&quot;orientation&quot;:&quot;1&quot;}\" data-image-title=\"IMG_5339\" data-image-description=\"&lt;p&gt;Abgeh\u00e4ngte Decke Strohplatten&lt;\/p&gt;\n\" data-image-caption=\"\" data-medium-file=\"https:\/\/i2.wp.com\/www.dannwollenwirmal.de\/wp-content\/uploads\/2017\/05\/IMG_5339.jpg?fit=300%2C300\" data-large-file=\"https:\/\/i2.wp.com\/www.dannwollenwirmal.de\/wp-content\/uploads\/2017\/05\/IMG_5339.jpg?fit=652%2C652\" loading=\"lazy\" class=\"alignnone size-full wp-image-1895\" src=\"https:\/\/i2.wp.com\/www.dannwollenwirmal.de\/wp-content\/uploads\/2017\/05\/IMG_5339.jpg?resize=652%2C652\" alt=\"IMG_5339\" width=\"652\" height=\"652\" srcset=\"https:\/\/i2.wp.com\/www.dannwollenwirmal.de\/wp-content\/uploads\/2017\/05\/IMG_5339.jpg?w=652 652w, https:\/\/i2.wp.com\/www.dannwollenwirmal.de\/wp-content\/uploads\/2017\/05\/IMG_5339.jpg?resize=150%2C150 150w, https:\/\/i2.wp.com\/www.dannwollenwirmal.de\/wp-content\/uploads\/2017\/05\/IMG_5339.jpg?resize=300%2C300 300w\" sizes=\"(max-width: 652px) 100vw, 652px\" data-recalc-dims=\"1\" \/><\/a><br \/>\n<em>Da geht&#8217;s los<\/em><\/p>\n<p>Ach, und da geht&#8217;s auch schon los! Wie im Bild zu sehen, sollte diese formsch\u00f6ne Decke, vorher mit Holzvert\u00e4felung bekleidet, mit Gipskarton abgeh\u00e4ngt werden. Das Abh\u00e4ngma\u00df lag hier so zwischen Direktabh\u00e4nger und \u00d6sendraht, da habe ich mal beides genommen. Da die Rohdecke nicht besonders gerade war, habe ich dann im h\u00f6heren Bereich \u00d6sendraht mit Schnellabh\u00e4ngern (<a href=\"http:\/\/www.dannwollenwirmal.de\/?p=942\"><strong>hier schonmal gezeigt<\/strong><\/a>) eingesetzt.<\/p>\n<p>Interessant sind die im Bild zu sehenden &#8218;Strohplatten&#8217;&#8230; falls jemand wei\u00df, wie sie genau hei\u00dfen, immer her damit! Etwa 4 Zentimeter stark und direkt unter die Betondecke geklebt(?), waren sie vermutlich urspr\u00fcnglich als Putztr\u00e4ger gedacht. D\u00fcbel finden darin nat\u00fcrlich keinen Halt, man muss sie also lang genug w\u00e4hlen, damit sie gut in der dar\u00fcber liegenden Betondecke halten.<\/p>\n<p>Die Vorgehensweise ist die Bew\u00e4hrte: Rundherum UD-Profil (mit Schaumstoffband zwischen Wand und Profil) montieren, dann die CD-Profile einschieben und an den Direktabh\u00e4ngern bzw. mit den Schnellabh\u00e4ngern ausrichten, alles per Laser, das war also recht flott gemacht. Wegen dem ungl\u00fccklichen Raumma\u00df von 4,12m musste ich alle CD-Profile mit Profilverbindern um 12 cm verl\u00e4ngern. Aber auch das hat funktioniert.<\/p>\n<p><a href=\"https:\/\/i1.wp.com\/www.dannwollenwirmal.de\/wp-content\/uploads\/2017\/05\/IMG_5341.jpg\"><img data-attachment-id=\"1896\" data-permalink=\"http:\/\/www.dannwollenwirmal.de\/?attachment_id=1896#main\" data-orig-file=\"https:\/\/i1.wp.com\/www.dannwollenwirmal.de\/wp-content\/uploads\/2017\/05\/IMG_5341.jpg?fit=652%2C652\" data-orig-size=\"652,652\" data-comments-opened=\"1\" data-image-meta=\"{&quot;aperture&quot;:&quot;2.2&quot;,&quot;credit&quot;:&quot;&quot;,&quot;camera&quot;:&quot;iPhone 6s&quot;,&quot;caption&quot;:&quot;&quot;,&quot;created_timestamp&quot;:&quot;1494070386&quot;,&quot;copyright&quot;:&quot;&quot;,&quot;focal_length&quot;:&quot;4.15&quot;,&quot;iso&quot;:&quot;25&quot;,&quot;shutter_speed&quot;:&quot;0.02&quot;,&quot;title&quot;:&quot;&quot;,&quot;orientation&quot;:&quot;1&quot;}\" data-image-title=\"IMG_5341\" data-image-description=\"&lt;p&gt;Abgeh\u00e4ngte Decke&lt;\/p&gt;\n\" data-image-caption=\"\" data-medium-file=\"https:\/\/i1.wp.com\/www.dannwollenwirmal.de\/wp-content\/uploads\/2017\/05\/IMG_5341.jpg?fit=300%2C300\" data-large-file=\"https:\/\/i1.wp.com\/www.dannwollenwirmal.de\/wp-content\/uploads\/2017\/05\/IMG_5341.jpg?fit=652%2C652\" loading=\"lazy\" class=\"alignnone size-full wp-image-1896\" src=\"https:\/\/i1.wp.com\/www.dannwollenwirmal.de\/wp-content\/uploads\/2017\/05\/IMG_5341.jpg?resize=652%2C652\" alt=\"IMG_5341\" width=\"652\" height=\"652\" srcset=\"https:\/\/i1.wp.com\/www.dannwollenwirmal.de\/wp-content\/uploads\/2017\/05\/IMG_5341.jpg?w=652 652w, https:\/\/i1.wp.com\/www.dannwollenwirmal.de\/wp-content\/uploads\/2017\/05\/IMG_5341.jpg?resize=150%2C150 150w, https:\/\/i1.wp.com\/www.dannwollenwirmal.de\/wp-content\/uploads\/2017\/05\/IMG_5341.jpg?resize=300%2C300 300w\" sizes=\"(max-width: 652px) 100vw, 652px\" data-recalc-dims=\"1\" \/><\/a><br \/>\n<em>Beplankt &amp; verspachtelt<\/em><\/p>\n<p>Die Wandanschl\u00fcsse habe ich wieder mit Trennfix-Band gemacht, hier wurde dann bis ans Band angespachtelt und nach dem Trocknen eine kleine Acrylfuge gezogen. Sauber!<\/p>\n<p>F\u00fcr die Fl\u00e4che gab es insgesamt drei Spachtelg\u00e4nge mit Zwischenschliff. Das Ergebnis kann sich sehen lassen:<\/p>\n<p><a href=\"https:\/\/i1.wp.com\/www.dannwollenwirmal.de\/wp-content\/uploads\/2017\/05\/bb.jpg\"><img data-attachment-id=\"1897\" data-permalink=\"http:\/\/www.dannwollenwirmal.de\/?attachment_id=1897#main\" data-orig-file=\"https:\/\/i1.wp.com\/www.dannwollenwirmal.de\/wp-content\/uploads\/2017\/05\/bb.jpg?fit=652%2C367\" data-orig-size=\"652,367\" data-comments-opened=\"1\" data-image-meta=\"{&quot;aperture&quot;:&quot;0&quot;,&quot;credit&quot;:&quot;&quot;,&quot;camera&quot;:&quot;&quot;,&quot;caption&quot;:&quot;&quot;,&quot;created_timestamp&quot;:&quot;0&quot;,&quot;copyright&quot;:&quot;&quot;,&quot;focal_length&quot;:&quot;0&quot;,&quot;iso&quot;:&quot;0&quot;,&quot;shutter_speed&quot;:&quot;0&quot;,&quot;title&quot;:&quot;&quot;,&quot;orientation&quot;:&quot;1&quot;}\" data-image-title=\"bb\" data-image-description=\"&lt;p&gt;Wohnzimmerdecke&lt;\/p&gt;\n\" data-image-caption=\"\" data-medium-file=\"https:\/\/i1.wp.com\/www.dannwollenwirmal.de\/wp-content\/uploads\/2017\/05\/bb.jpg?fit=300%2C169\" data-large-file=\"https:\/\/i1.wp.com\/www.dannwollenwirmal.de\/wp-content\/uploads\/2017\/05\/bb.jpg?fit=652%2C367\" loading=\"lazy\" class=\"alignnone size-full wp-image-1897\" src=\"https:\/\/i1.wp.com\/www.dannwollenwirmal.de\/wp-content\/uploads\/2017\/05\/bb.jpg?resize=652%2C367\" alt=\"bb\" width=\"652\" height=\"367\" srcset=\"https:\/\/i1.wp.com\/www.dannwollenwirmal.de\/wp-content\/uploads\/2017\/05\/bb.jpg?w=652 652w, https:\/\/i1.wp.com\/www.dannwollenwirmal.de\/wp-content\/uploads\/2017\/05\/bb.jpg?resize=300%2C169 300w\" sizes=\"(max-width: 652px) 100vw, 652px\" data-recalc-dims=\"1\" \/><\/a><br \/>\n<em>mit Farbe drauf!<\/em><\/p>\n<p>Die neue Kartuschenpresse konnte ich \u00fcbrigens direkt bei der Acryl-Abschlussfuge zum Einsatz bringen. Ganz ohne Bauschaum &#8211; Voil\u00e0!<\/p>\n<div class=\"sharedaddy sd-sharing-enabled\"><div class=\"robots-nocontent sd-block sd-social sd-social-icon-text sd-sharing\"><h3 class=\"sd-title\">Teilen mit:<\/h3><div class=\"sd-content\"><ul><li class=\"share-email\"><a rel=\"nofollow noopener noreferrer\" data-shared=\"\" class=\"share-email sd-button share-icon\" href=\"http:\/\/www.dannwollenwirmal.de\/?p=1893&amp;share=email\" target=\"_blank\" title=\"Klick, um dies einem Freund per E-Mail zu senden\"><span>E-Mail<\/span><\/a><\/li><li class=\"share-print\"><a rel=\"nofollow noopener noreferrer\" data-shared=\"\" class=\"share-print sd-button share-icon\" href=\"http:\/\/www.dannwollenwirmal.de\/?p=1893\" target=\"_blank\" title=\"Klicken zum Ausdrucken\"><span>Drucken<\/span><\/a><\/li><li class=\"share-facebook\"><a rel=\"nofollow noopener noreferrer\" data-shared=\"sharing-facebook-1893\" class=\"share-facebook sd-button share-icon\" href=\"http:\/\/www.dannwollenwirmal.de\/?p=1893&amp;share=facebook\" target=\"_blank\" title=\"Klick, um auf Facebook zu teilen\"><span>Facebook<\/span><\/a><\/li><li class=\"share-twitter\"><a rel=\"nofollow noopener noreferrer\" data-shared=\"sharing-twitter-1893\" class=\"share-twitter sd-button share-icon\" href=\"http:\/\/www.dannwollenwirmal.de\/?p=1893&amp;share=twitter\" target=\"_blank\" title=\"Klick, um \u00fcber Twitter zu teilen\"><span>Twitter<\/span><\/a><\/li><li class=\"share-pinterest\"><a rel=\"nofollow noopener noreferrer\" data-shared=\"sharing-pinterest-1893\" class=\"share-pinterest sd-button share-icon\" href=\"http:\/\/www.dannwollenwirmal.de\/?p=1893&amp;share=pinterest\" target=\"_blank\" title=\"Klick, um auf Pinterest zu teilen\"><span>Pinterest<\/span><\/a><\/li><li class=\"share-linkedin\"><a rel=\"nofollow noopener noreferrer\" data-shared=\"sharing-linkedin-1893\" class=\"share-linkedin sd-button share-icon\" href=\"http:\/\/www.dannwollenwirmal.de\/?p=1893&amp;share=linkedin\" target=\"_blank\" title=\"Klick, um auf LinkedIn zu teilen\"><span>LinkedIn<\/span><\/a><\/li><li class=\"share-end\"><\/li><\/ul><\/div><\/div><\/div>","protected":false},"excerpt":{"rendered":"<p>W\u00e4hrend ich noch nicht wei\u00df, ob mich der Suchbegriff der Woche &#8222;abgeh\u00e4ngte decke bauschaum&#8220; oder die neue &#8217;subtile&#8216; Art der Werbung, hier mit reichlich Links zu kommentieren, mehr verwundern soll, lasse ich parallel mein letztes Trockenbauprojekt Revue passieren. Dabei gab es noch eine Premiere: Ich habe mir eine neue Silikon-Kartuschenpresse gekauft: neues Werkzeug! Ich habe [&hellip;]<\/p>\n<div class=\"sharedaddy sd-sharing-enabled\"><div class=\"robots-nocontent sd-block sd-social sd-social-icon-text sd-sharing\"><h3 class=\"sd-title\">Teilen mit:<\/h3><div class=\"sd-content\"><ul><li class=\"share-email\"><a rel=\"nofollow noopener noreferrer\" data-shared=\"\" class=\"share-email sd-button share-icon\" href=\"http:\/\/www.dannwollenwirmal.de\/?p=1893&amp;share=email\" target=\"_blank\" title=\"Klick, um dies einem Freund per E-Mail zu senden\"><span>E-Mail<\/span><\/a><\/li><li class=\"share-print\"><a rel=\"nofollow noopener noreferrer\" data-shared=\"\" class=\"share-print sd-button share-icon\" href=\"http:\/\/www.dannwollenwirmal.de\/?p=1893\" target=\"_blank\" title=\"Klicken zum Ausdrucken\"><span>Drucken<\/span><\/a><\/li><li class=\"share-facebook\"><a rel=\"nofollow noopener noreferrer\" data-shared=\"sharing-facebook-1893\" class=\"share-facebook sd-button share-icon\" href=\"http:\/\/www.dannwollenwirmal.de\/?p=1893&amp;share=facebook\" target=\"_blank\" title=\"Klick, um auf Facebook zu teilen\"><span>Facebook<\/span><\/a><\/li><li class=\"share-twitter\"><a rel=\"nofollow noopener noreferrer\" data-shared=\"sharing-twitter-1893\" class=\"share-twitter sd-button share-icon\" href=\"http:\/\/www.dannwollenwirmal.de\/?p=1893&amp;share=twitter\" target=\"_blank\" title=\"Klick, um \u00fcber Twitter zu teilen\"><span>Twitter<\/span><\/a><\/li><li class=\"share-pinterest\"><a rel=\"nofollow noopener noreferrer\" data-shared=\"sharing-pinterest-1893\" class=\"share-pinterest sd-button share-icon\" href=\"http:\/\/www.dannwollenwirmal.de\/?p=1893&amp;share=pinterest\" target=\"_blank\" title=\"Klick, um auf Pinterest zu teilen\"><span>Pinterest<\/span><\/a><\/li><li class=\"share-linkedin\"><a rel=\"nofollow noopener noreferrer\" data-shared=\"sharing-linkedin-1893\" class=\"share-linkedin sd-button share-icon\" href=\"http:\/\/www.dannwollenwirmal.de\/?p=1893&amp;share=linkedin\" target=\"_blank\" title=\"Klick, um auf LinkedIn zu teilen\"><span>LinkedIn<\/span><\/a><\/li><li class=\"share-end\"><\/li><\/ul><\/div><\/div><\/div>","protected":false},"author":1,"featured_media":0,"comment_status":"open","ping_status":"open","sticky":false,"template":"","format":"standard","meta":{"advanced_seo_description":"","spay_email":"","jetpack_publicize_message":"","jetpack_is_tweetstorm":false,"jetpack_publicize_feature_enabled":true},"categories":[1,62],"tags":[495,496,497],"jetpack_featured_media_url":"","jetpack_publicize_connections":[],"jetpack_shortlink":"https:\/\/wp.me\/p3WtlO-ux","jetpack_sharing_enabled":true,"jetpack-related-posts":[{"id":2094,"url":"http:\/\/www.dannwollenwirmal.de\/?p=2094","url_meta":{"origin":1893,"position":0},"title":"Von Schalen, W\u00e4nden und Taschen","date":"19. November 2017","format":false,"excerpt":"Der Suchbegriff der Woche \"steinwolle juckt nicht\" hat mich nur ganz kurz gr\u00fcbeln lassen, nein, tut mir leid, daf\u00fcr habe ich jetzt auch keine L\u00f6sung parat. Schon \u00e4rgerlich, wenn die so gar nicht juckt? Da stellt man sich drauf ein und dann passiert nix. Schlimm sowas. Ich habe diese Woche\u2026","rel":"","context":"In &quot;Allgemein&quot;","img":{"alt_text":"","src":"https:\/\/i0.wp.com\/www.dannwollenwirmal.de\/wp-content\/uploads\/2017\/11\/IMG_5916.jpg?resize=350%2C200","width":350,"height":200},"classes":[]},{"id":218,"url":"http:\/\/www.dannwollenwirmal.de\/?p=218","url_meta":{"origin":1893,"position":1},"title":"Badrenovierung, Teil 1","date":"26. November 2013","format":false,"excerpt":"Wie versprochen starte ich heute mit meinem Ausflug in die B\u00e4derwelt. Die Arbeiten liegen nun schon zwei Jahre zur\u00fcck und meine Erinnerungen sind etwas l\u00fcckenhaft, aber ich glaube anhand der Fotos kriege ich es noch zusammen. Damit alle wissen, worum es geht, hier erstmal der klassische vorher-nachher-Vergleich: vorher... nachher. Vergr\u00f6\u00dferung\u2026","rel":"","context":"In &quot;Allgemein&quot;","img":{"alt_text":"","src":"https:\/\/i0.wp.com\/www.dannwollenwirmal.de\/wp-content\/uploads\/2013\/11\/trockenb.jpg?resize=350%2C200","width":350,"height":200},"classes":[]},{"id":885,"url":"http:\/\/www.dannwollenwirmal.de\/?p=885","url_meta":{"origin":1893,"position":2},"title":"Nasszellentrockenbau","date":"8. M\u00e4rz 2015","format":false,"excerpt":"Heiter geht es weiter im Badezimmer der Tr\u00e4ume. Nachdem beim letzten mal die W\u00e4nde und Fliesen entfernt und die Au\u00dfenw\u00e4nde verputzt wurden, geht es nun an den Trockenbau. Es sollte eine neue Trennwand mit T\u00fcr\u00f6ffnung installiert werden, au\u00dferdem hat man sich entschlossen, die Decke abzuh\u00e4ngen. Die Decke h\u00e4tte ich ehrlicherweise\u2026","rel":"","context":"In &quot;Allgemein&quot;","img":{"alt_text":"","src":"https:\/\/i1.wp.com\/www.dannwollenwirmal.de\/wp-content\/uploads\/2015\/03\/IMG_3293.jpg?resize=350%2C200","width":350,"height":200},"classes":[]},{"id":1686,"url":"http:\/\/www.dannwollenwirmal.de\/?p=1686","url_meta":{"origin":1893,"position":3},"title":"Patent","date":"6. November 2016","format":false,"excerpt":"Wer kennt es nicht? Da will man eine Decke abh\u00e4ngen, ist da pl\u00f6tzlich eine Dachbodentreppe im Weg. Das neue Deckenniveau ist dann sp\u00e4ter tiefer als das Klappenniveau. Dachbodentreppenklappenh\u00f6henniveau. W\u00e4re nicht schlecht f\u00fcr Scrabble, passt aber gar nicht auf's Feld. Einfassung Wie ich die Einfassung drumrum gemacht habe, wurde ja schon\u2026","rel":"","context":"In &quot;Allgemein&quot;","img":{"alt_text":"","src":"https:\/\/i0.wp.com\/www.dannwollenwirmal.de\/wp-content\/uploads\/2016\/11\/IMG_4950.jpg?resize=350%2C200","width":350,"height":200},"classes":[]},{"id":942,"url":"http:\/\/www.dannwollenwirmal.de\/?p=942","url_meta":{"origin":1893,"position":4},"title":"Einfach nur mal ein bisschen abh\u00e4ngen&#8230;","date":"19. April 2015","format":false,"excerpt":"Munter weiter geht es bei den Bau(markt)rettern und dem Kapitel: Trockenbaudecken. Die Holzbalkendecken waren ja mit einer Holzkonstruktion und formsch\u00f6ner Vert\u00e4felung abgeh\u00e4ngt. Diese wurde entfernt und nun geht es auf gut 100 m\u00b2 darum, die Decken mit Gipskarton zu bekleiden und dann mit einem Reibeputz zu versehen, \u00e4hnlich wie ich\u2026","rel":"","context":"In &quot;Allgemein&quot;","img":{"alt_text":"","src":"https:\/\/i0.wp.com\/www.dannwollenwirmal.de\/wp-content\/uploads\/2015\/04\/IMG_3395.jpg?resize=350%2C200","width":350,"height":200},"classes":[]},{"id":2150,"url":"http:\/\/www.dannwollenwirmal.de\/?p=2150","url_meta":{"origin":1893,"position":5},"title":"dannwollenwirmal sucht den Spachtelk\u00f6nig","date":"14. Januar 2018","format":false,"excerpt":"Letzte Woche habe ich ja noch mal ausf\u00fchrlich gezeigt, wie man eine Decke mit Metall-Unterkonstruktion abh\u00e4ngen kann. Das bietet sich f\u00fcr alle F\u00e4lle an, wo die neue Decke, sagen wir mal, mehr als 10-15 cm tiefer als die alte Decke soll. Will man knapper unter die Rohdecke gehen, macht man\u2026","rel":"","context":"In &quot;Allgemein&quot;","img":{"alt_text":"","src":"https:\/\/i0.wp.com\/www.dannwollenwirmal.de\/wp-content\/uploads\/2018\/01\/IMG_6021-e1515854180881.jpg?resize=350%2C200","width":350,"height":200},"classes":[]}],"_links":{"self":[{"href":"http:\/\/www.dannwollenwirmal.de\/index.php?rest_route=\/wp\/v2\/posts\/1893"}],"collection":[{"href":"http:\/\/www.dannwollenwirmal.de\/index.php?rest_route=\/wp\/v2\/posts"}],"about":[{"href":"http:\/\/www.dannwollenwirmal.de\/index.php?rest_route=\/wp\/v2\/types\/post"}],"author":[{"embeddable":true,"href":"http:\/\/www.dannwollenwirmal.de\/index.php?rest_route=\/wp\/v2\/users\/1"}],"replies":[{"embeddable":true,"href":"http:\/\/www.dannwollenwirmal.de\/index.php?rest_route=%2Fwp%2Fv2%2Fcomments&post=1893"}],"version-history":[{"count":2,"href":"http:\/\/www.dannwollenwirmal.de\/index.php?rest_route=\/wp\/v2\/posts\/1893\/revisions"}],"predecessor-version":[{"id":1899,"href":"http:\/\/www.dannwollenwirmal.de\/index.php?rest_route=\/wp\/v2\/posts\/1893\/revisions\/1899"}],"wp:attachment":[{"href":"http:\/\/www.dannwollenwirmal.de\/index.php?rest_route=%2Fwp%2Fv2%2Fmedia&parent=1893"}],"wp:term":[{"taxonomy":"category","embeddable":true,"href":"http:\/\/www.dannwollenwirmal.de\/index.php?rest_route=%2Fwp%2Fv2%2Fcategories&post=1893"},{"taxonomy":"post_tag","embeddable":true,"href":"http:\/\/www.dannwollenwirmal.de\/index.php?rest_route=%2Fwp%2Fv2%2Ftags&post=1893"}],"curies":[{"name":"wp","href":"https:\/\/api.w.org\/{rel}","templated":true}]}}