{"id":1866,"date":"2017-04-23T08:00:44","date_gmt":"2017-04-23T06:00:44","guid":{"rendered":"http:\/\/www.dannwollenwirmal.de\/?p=1866"},"modified":"2017-04-22T18:29:57","modified_gmt":"2017-04-22T16:29:57","slug":"fewo-analyse","status":"publish","type":"post","link":"http:\/\/www.dannwollenwirmal.de\/?p=1866","title":{"rendered":"FeWo-Analyse"},"content":{"rendered":"<p>Da bin ich wieder, gesund heimgekehrt von einer paar Tagen Gro\u00dffamilienurlaub bei erfrischenden 3\u00b0Grad und Schneeregen, was will man mehr! Wie es Tradition ist, wird jede Ferienwohnung handwerklich analysiert und hier ausf\u00fchrlich diskutiert; in der Vergangenheit habe ich ja auch schon einige erfolgreiche Umgestaltungen vorgenommen (<a href=\"http:\/\/www.dannwollenwirmal.de\/?p=988\"><strong>hier<\/strong><\/a>, und <a href=\"http:\/\/www.dannwollenwirmal.de\/?p=531\"><strong>hier auch<\/strong><\/a>!). Dieses mal wurde mir leider die Mitnahme von Werkzeug seitens der Gattin strengstens untersagt. Meinen mitgeschmuggelten Akkuschrauber samt neuem Bitsatz hat sie relativ schnell entdeckt; auch den Exzenterschleifer in der Reserveradmulde hat sie gefunden (wobei das Versteck <em>echt<\/em> gut war&#8230;); beim Bohrhammer haben die Kinder mich verpetzt. Ich muss mir dringend was besseres einfallen lassen! Mein Plan f\u00fcr den Sommer ist, meinen gef\u00fcllten Werkzeuganh\u00e4nger bereits am Vortag an die Autobahnrastst\u00e4tte Verden\/Aller zu stellen und ihn dann w\u00e4hrend einer Pinkelpause heimlich anzuh\u00e4ngen. M\u00fcsste doch gehen?<\/p>\n<p>Wenn ich also auch nicht werkeln konnte (wobei ich mich im <em>Notfall<\/em> im \u00f6rtlichen Baumarkt eingedeckt h\u00e4tte&#8230; &#8222;was, sie haben keine Dampframmen?!&#8220;), habe ich doch einige inspirierende Bilder geschossen.<\/p>\n<p><a href=\"https:\/\/i0.wp.com\/www.dannwollenwirmal.de\/wp-content\/uploads\/2017\/04\/IMG_5250.jpg\"><img data-attachment-id=\"1867\" data-permalink=\"http:\/\/www.dannwollenwirmal.de\/?attachment_id=1867#main\" data-orig-file=\"https:\/\/i0.wp.com\/www.dannwollenwirmal.de\/wp-content\/uploads\/2017\/04\/IMG_5250.jpg?fit=652%2C652\" data-orig-size=\"652,652\" data-comments-opened=\"1\" data-image-meta=\"{&quot;aperture&quot;:&quot;2.2&quot;,&quot;credit&quot;:&quot;&quot;,&quot;camera&quot;:&quot;iPhone 6s&quot;,&quot;caption&quot;:&quot;&quot;,&quot;created_timestamp&quot;:&quot;1492353133&quot;,&quot;copyright&quot;:&quot;&quot;,&quot;focal_length&quot;:&quot;4.15&quot;,&quot;iso&quot;:&quot;25&quot;,&quot;shutter_speed&quot;:&quot;0.0067114093959732&quot;,&quot;title&quot;:&quot;&quot;,&quot;orientation&quot;:&quot;1&quot;}\" data-image-title=\"IMG_5250\" data-image-description=\"&lt;p&gt;Fassadend\u00e4mmung Holz&lt;\/p&gt;\n\" data-image-caption=\"\" data-medium-file=\"https:\/\/i0.wp.com\/www.dannwollenwirmal.de\/wp-content\/uploads\/2017\/04\/IMG_5250.jpg?fit=300%2C300\" data-large-file=\"https:\/\/i0.wp.com\/www.dannwollenwirmal.de\/wp-content\/uploads\/2017\/04\/IMG_5250.jpg?fit=652%2C652\" loading=\"lazy\" class=\"alignnone size-full wp-image-1867\" src=\"https:\/\/i0.wp.com\/www.dannwollenwirmal.de\/wp-content\/uploads\/2017\/04\/IMG_5250.jpg?resize=652%2C652\" alt=\"IMG_5250\" width=\"652\" height=\"652\" srcset=\"https:\/\/i0.wp.com\/www.dannwollenwirmal.de\/wp-content\/uploads\/2017\/04\/IMG_5250.jpg?w=652 652w, https:\/\/i0.wp.com\/www.dannwollenwirmal.de\/wp-content\/uploads\/2017\/04\/IMG_5250.jpg?resize=150%2C150 150w, https:\/\/i0.wp.com\/www.dannwollenwirmal.de\/wp-content\/uploads\/2017\/04\/IMG_5250.jpg?resize=300%2C300 300w\" sizes=\"(max-width: 652px) 100vw, 652px\" data-recalc-dims=\"1\" \/><\/a><br \/>\n<em>Fassadenverkleidung mit Holz<\/em><\/p>\n<p>Diese Baustelle habe ich schon \u00fcber Ostern gesehen; ein seltener Anblick und f\u00fcr mich interessant, weil man mal hinter die Kulissen einer Holz-Fassadenverkleidung schauen konnte. In diesem Fall wurde auf eine Klinkerwand zun\u00e4chst eine Grundlattung mit D\u00e4mmung dazwischen aufgebracht (gesch\u00e4tzte St\u00e4rke 120-140 mm?), darauf dann die im Bild zu sehende diffusionsoffene Unterspannbahn (hier: W\u00fcrth W\u00dcTOP 2SK) und die Traglattung sowie zu guter Letzt dann die eigentliche Verkleidung. Sehr sauber gearbeitet und ein Gedankenansto\u00df, dass D\u00e4mmung nicht immer Styropor und Putz sein muss. <a href=\"http:\/\/www.baumarkt.de\/nxs\/957\/\/\/baumarkt\/schablone1\/Vorgehaengte-Holzfassade-eine-SelbstbauAnleitung\"><strong>Hier<\/strong> <\/a>noch ein paar Infos dazu.<\/p>\n<p><a href=\"https:\/\/i2.wp.com\/www.dannwollenwirmal.de\/wp-content\/uploads\/2017\/04\/IMG_5255.jpg\"><img data-attachment-id=\"1868\" data-permalink=\"http:\/\/www.dannwollenwirmal.de\/?attachment_id=1868#main\" data-orig-file=\"https:\/\/i2.wp.com\/www.dannwollenwirmal.de\/wp-content\/uploads\/2017\/04\/IMG_5255.jpg?fit=652%2C652\" data-orig-size=\"652,652\" data-comments-opened=\"1\" data-image-meta=\"{&quot;aperture&quot;:&quot;2.2&quot;,&quot;credit&quot;:&quot;&quot;,&quot;camera&quot;:&quot;iPhone 6s&quot;,&quot;caption&quot;:&quot;&quot;,&quot;created_timestamp&quot;:&quot;1492510124&quot;,&quot;copyright&quot;:&quot;&quot;,&quot;focal_length&quot;:&quot;4.15&quot;,&quot;iso&quot;:&quot;50&quot;,&quot;shutter_speed&quot;:&quot;0.03030303030303&quot;,&quot;title&quot;:&quot;&quot;,&quot;orientation&quot;:&quot;1&quot;}\" data-image-title=\"IMG_5255\" data-image-description=\"&lt;p&gt;Rollputz&lt;\/p&gt;\n\" data-image-caption=\"\" data-medium-file=\"https:\/\/i2.wp.com\/www.dannwollenwirmal.de\/wp-content\/uploads\/2017\/04\/IMG_5255.jpg?fit=300%2C300\" data-large-file=\"https:\/\/i2.wp.com\/www.dannwollenwirmal.de\/wp-content\/uploads\/2017\/04\/IMG_5255.jpg?fit=652%2C652\" loading=\"lazy\" class=\"alignnone size-full wp-image-1868\" src=\"https:\/\/i2.wp.com\/www.dannwollenwirmal.de\/wp-content\/uploads\/2017\/04\/IMG_5255.jpg?resize=652%2C652\" alt=\"IMG_5255\" width=\"652\" height=\"652\" srcset=\"https:\/\/i2.wp.com\/www.dannwollenwirmal.de\/wp-content\/uploads\/2017\/04\/IMG_5255.jpg?w=652 652w, https:\/\/i2.wp.com\/www.dannwollenwirmal.de\/wp-content\/uploads\/2017\/04\/IMG_5255.jpg?resize=150%2C150 150w, https:\/\/i2.wp.com\/www.dannwollenwirmal.de\/wp-content\/uploads\/2017\/04\/IMG_5255.jpg?resize=300%2C300 300w\" sizes=\"(max-width: 652px) 100vw, 652px\" data-recalc-dims=\"1\" \/><\/a><br \/>\n<em>Rollputz &#8222;medium&#8220;<\/em><\/p>\n<p>Apropos Putz: <em>Rollputz<\/em> ist ja im Grunde das Zeug, das ich auch gerne nehme, allerdings\u00a0von der K\u00f6rnung deutlich feiner und eben nicht per Traufel, sondern mit einer Rolle aufzutragen. Das habe ich schon sehr sch\u00f6n gesehen; aber obiges\u00a0Bild aus der (ansonsten solide neu renovierten!) FeWo zeigt, wie\u00a0wichtig es ist, auf eine gleichm\u00e4\u00dfige Struktur zu achten,\u00a0sowohl beim Auftragen als auch schon vorher beim Aufr\u00fchren des Materials.<\/p>\n<p>Die vorliegende Wohnung wurde \u00fcbrigens 2013 komplett renoviert, und so wie ich es gesehen habe (leider konnte ich ja keine Probebohrungen machen!) wurden alle W\u00e4nde mit Gipskarton verkleidet, m\u00f6glicherweise auch innen ged\u00e4mmt, und dann mit besagtem Rollputz behandelt.<\/p>\n<p><a href=\"https:\/\/i2.wp.com\/www.dannwollenwirmal.de\/wp-content\/uploads\/2017\/04\/IMG_5257.jpg\"><img data-attachment-id=\"1869\" data-permalink=\"http:\/\/www.dannwollenwirmal.de\/?attachment_id=1869#main\" data-orig-file=\"https:\/\/i2.wp.com\/www.dannwollenwirmal.de\/wp-content\/uploads\/2017\/04\/IMG_5257.jpg?fit=652%2C652\" data-orig-size=\"652,652\" data-comments-opened=\"1\" data-image-meta=\"{&quot;aperture&quot;:&quot;2.2&quot;,&quot;credit&quot;:&quot;&quot;,&quot;camera&quot;:&quot;iPhone 6s&quot;,&quot;caption&quot;:&quot;&quot;,&quot;created_timestamp&quot;:&quot;1492627226&quot;,&quot;copyright&quot;:&quot;&quot;,&quot;focal_length&quot;:&quot;4.15&quot;,&quot;iso&quot;:&quot;200&quot;,&quot;shutter_speed&quot;:&quot;0.058823529411765&quot;,&quot;title&quot;:&quot;&quot;,&quot;orientation&quot;:&quot;1&quot;}\" data-image-title=\"IMG_5257\" data-image-description=\"&lt;p&gt;Fliesen LED-Beleuchtung&lt;\/p&gt;\n\" data-image-caption=\"\" data-medium-file=\"https:\/\/i2.wp.com\/www.dannwollenwirmal.de\/wp-content\/uploads\/2017\/04\/IMG_5257.jpg?fit=300%2C300\" data-large-file=\"https:\/\/i2.wp.com\/www.dannwollenwirmal.de\/wp-content\/uploads\/2017\/04\/IMG_5257.jpg?fit=652%2C652\" loading=\"lazy\" class=\"alignnone size-full wp-image-1869\" src=\"https:\/\/i2.wp.com\/www.dannwollenwirmal.de\/wp-content\/uploads\/2017\/04\/IMG_5257.jpg?resize=652%2C652\" alt=\"IMG_5257\" width=\"652\" height=\"652\" srcset=\"https:\/\/i2.wp.com\/www.dannwollenwirmal.de\/wp-content\/uploads\/2017\/04\/IMG_5257.jpg?w=652 652w, https:\/\/i2.wp.com\/www.dannwollenwirmal.de\/wp-content\/uploads\/2017\/04\/IMG_5257.jpg?resize=150%2C150 150w, https:\/\/i2.wp.com\/www.dannwollenwirmal.de\/wp-content\/uploads\/2017\/04\/IMG_5257.jpg?resize=300%2C300 300w\" sizes=\"(max-width: 652px) 100vw, 652px\" data-recalc-dims=\"1\" \/><\/a><br \/>\n<em>LED-Beleuchtung, in Bodenfliesen integriert<\/em><\/p>\n<p>Dieses kleine Highlight m\u00f6chte ich Euch nicht vorenthalten: Im Saunabereich gab es eine blaue LED-Bodenbeleuchtung. Sowas hatte ich tats\u00e4chlich noch nie gesehen!<\/p>\n<p><a href=\"https:\/\/i1.wp.com\/www.dannwollenwirmal.de\/wp-content\/uploads\/2017\/04\/IMG_5258.jpg\"><img data-attachment-id=\"1870\" data-permalink=\"http:\/\/www.dannwollenwirmal.de\/?attachment_id=1870#main\" data-orig-file=\"https:\/\/i1.wp.com\/www.dannwollenwirmal.de\/wp-content\/uploads\/2017\/04\/IMG_5258.jpg?fit=652%2C652\" data-orig-size=\"652,652\" data-comments-opened=\"1\" data-image-meta=\"{&quot;aperture&quot;:&quot;2.2&quot;,&quot;credit&quot;:&quot;&quot;,&quot;camera&quot;:&quot;iPhone 6s&quot;,&quot;caption&quot;:&quot;&quot;,&quot;created_timestamp&quot;:&quot;1492627248&quot;,&quot;copyright&quot;:&quot;&quot;,&quot;focal_length&quot;:&quot;4.15&quot;,&quot;iso&quot;:&quot;200&quot;,&quot;shutter_speed&quot;:&quot;0.058823529411765&quot;,&quot;title&quot;:&quot;&quot;,&quot;orientation&quot;:&quot;1&quot;}\" data-image-title=\"IMG_5258\" data-image-description=\"&lt;p&gt;Fliesen LED&lt;\/p&gt;\n\" data-image-caption=\"\" data-medium-file=\"https:\/\/i1.wp.com\/www.dannwollenwirmal.de\/wp-content\/uploads\/2017\/04\/IMG_5258.jpg?fit=300%2C300\" data-large-file=\"https:\/\/i1.wp.com\/www.dannwollenwirmal.de\/wp-content\/uploads\/2017\/04\/IMG_5258.jpg?fit=652%2C652\" loading=\"lazy\" class=\"alignnone size-full wp-image-1870\" src=\"https:\/\/i1.wp.com\/www.dannwollenwirmal.de\/wp-content\/uploads\/2017\/04\/IMG_5258.jpg?resize=652%2C652\" alt=\"IMG_5258\" width=\"652\" height=\"652\" srcset=\"https:\/\/i1.wp.com\/www.dannwollenwirmal.de\/wp-content\/uploads\/2017\/04\/IMG_5258.jpg?w=652 652w, https:\/\/i1.wp.com\/www.dannwollenwirmal.de\/wp-content\/uploads\/2017\/04\/IMG_5258.jpg?resize=150%2C150 150w, https:\/\/i1.wp.com\/www.dannwollenwirmal.de\/wp-content\/uploads\/2017\/04\/IMG_5258.jpg?resize=300%2C300 300w\" sizes=\"(max-width: 652px) 100vw, 652px\" data-recalc-dims=\"1\" \/><\/a><br \/>\n<em>Detail unter dem Elektronenmikroskop<\/em><\/p>\n<p>Wie in der 190.000fachen Vergr\u00f6\u00dferung zu sehen, wurden an den Fliesenecken ein St\u00fcck abgeschnitten und die LED in den Fugenm\u00f6rtel eingelassen. Ich bin mir noch unschl\u00fcssig, ob ich das wirklich nachahmenswert finde, aber auf jeden Fall interessant!<\/p>\n<p><a href=\"https:\/\/i0.wp.com\/www.dannwollenwirmal.de\/wp-content\/uploads\/2017\/04\/IMG_5276.jpg\"><img data-attachment-id=\"1871\" data-permalink=\"http:\/\/www.dannwollenwirmal.de\/?attachment_id=1871#main\" data-orig-file=\"https:\/\/i0.wp.com\/www.dannwollenwirmal.de\/wp-content\/uploads\/2017\/04\/IMG_5276.jpg?fit=652%2C652\" data-orig-size=\"652,652\" data-comments-opened=\"1\" data-image-meta=\"{&quot;aperture&quot;:&quot;2.2&quot;,&quot;credit&quot;:&quot;&quot;,&quot;camera&quot;:&quot;iPhone 6s&quot;,&quot;caption&quot;:&quot;&quot;,&quot;created_timestamp&quot;:&quot;1492708057&quot;,&quot;copyright&quot;:&quot;&quot;,&quot;focal_length&quot;:&quot;4.15&quot;,&quot;iso&quot;:&quot;25&quot;,&quot;shutter_speed&quot;:&quot;0.02&quot;,&quot;title&quot;:&quot;&quot;,&quot;orientation&quot;:&quot;1&quot;}\" data-image-title=\"IMG_5276\" data-image-description=\"&lt;p&gt;Fliesen \u00fcberkopf&lt;\/p&gt;\n\" data-image-caption=\"\" data-medium-file=\"https:\/\/i0.wp.com\/www.dannwollenwirmal.de\/wp-content\/uploads\/2017\/04\/IMG_5276.jpg?fit=300%2C300\" data-large-file=\"https:\/\/i0.wp.com\/www.dannwollenwirmal.de\/wp-content\/uploads\/2017\/04\/IMG_5276.jpg?fit=652%2C652\" loading=\"lazy\" class=\"alignnone size-full wp-image-1871\" src=\"https:\/\/i0.wp.com\/www.dannwollenwirmal.de\/wp-content\/uploads\/2017\/04\/IMG_5276.jpg?resize=652%2C652\" alt=\"IMG_5276\" width=\"652\" height=\"652\" srcset=\"https:\/\/i0.wp.com\/www.dannwollenwirmal.de\/wp-content\/uploads\/2017\/04\/IMG_5276.jpg?w=652 652w, https:\/\/i0.wp.com\/www.dannwollenwirmal.de\/wp-content\/uploads\/2017\/04\/IMG_5276.jpg?resize=150%2C150 150w, https:\/\/i0.wp.com\/www.dannwollenwirmal.de\/wp-content\/uploads\/2017\/04\/IMG_5276.jpg?resize=300%2C300 300w\" sizes=\"(max-width: 652px) 100vw, 652px\" data-recalc-dims=\"1\" \/><\/a><br \/>\n<em>Der Schwerkraft zum Trotz&#8230;<\/em><\/p>\n<p>Apropos noch-nie-gesehen: im unteren Bad wurde tats\u00e4chlich eine Deckenschr\u00e4ge gefliest! <del>Warum<\/del> Wie macht man denn sowas? Der von mir gern genutzte Kleber Sopro No1 h\u00e4lt ja wirklich gut, aber ob das gegen die Schwerkraft tats\u00e4chlich funktioniert? Ich male mir grad aus, wie es wohl ist, wenn man eine Fliese andr\u00fcckt und die daneben wieder runterknallt. Ich w\u00e4re innerhalb k\u00fcrzester Zeit durchgedreht. Aber vielleicht ist es ja gar nicht so schlimm oder es gibt Tricks daf\u00fcr? Wer was wei\u00df, darf das gern unten kommentieren!<\/p>\n<p><a href=\"https:\/\/i0.wp.com\/www.dannwollenwirmal.de\/wp-content\/uploads\/2017\/04\/IMG_5277.jpg\"><img data-attachment-id=\"1872\" data-permalink=\"http:\/\/www.dannwollenwirmal.de\/?attachment_id=1872#main\" data-orig-file=\"https:\/\/i0.wp.com\/www.dannwollenwirmal.de\/wp-content\/uploads\/2017\/04\/IMG_5277.jpg?fit=652%2C652\" data-orig-size=\"652,652\" data-comments-opened=\"1\" data-image-meta=\"{&quot;aperture&quot;:&quot;2.2&quot;,&quot;credit&quot;:&quot;&quot;,&quot;camera&quot;:&quot;iPhone 6s&quot;,&quot;caption&quot;:&quot;&quot;,&quot;created_timestamp&quot;:&quot;1492708067&quot;,&quot;copyright&quot;:&quot;&quot;,&quot;focal_length&quot;:&quot;4.15&quot;,&quot;iso&quot;:&quot;25&quot;,&quot;shutter_speed&quot;:&quot;0.03030303030303&quot;,&quot;title&quot;:&quot;&quot;,&quot;orientation&quot;:&quot;1&quot;}\" data-image-title=\"IMG_5277\" data-image-description=\"&lt;p&gt;Decke fliesen&lt;\/p&gt;\n\" data-image-caption=\"\" data-medium-file=\"https:\/\/i0.wp.com\/www.dannwollenwirmal.de\/wp-content\/uploads\/2017\/04\/IMG_5277.jpg?fit=300%2C300\" data-large-file=\"https:\/\/i0.wp.com\/www.dannwollenwirmal.de\/wp-content\/uploads\/2017\/04\/IMG_5277.jpg?fit=652%2C652\" loading=\"lazy\" class=\"alignnone size-full wp-image-1872\" src=\"https:\/\/i0.wp.com\/www.dannwollenwirmal.de\/wp-content\/uploads\/2017\/04\/IMG_5277.jpg?resize=652%2C652\" alt=\"IMG_5277\" width=\"652\" height=\"652\" srcset=\"https:\/\/i0.wp.com\/www.dannwollenwirmal.de\/wp-content\/uploads\/2017\/04\/IMG_5277.jpg?w=652 652w, https:\/\/i0.wp.com\/www.dannwollenwirmal.de\/wp-content\/uploads\/2017\/04\/IMG_5277.jpg?resize=150%2C150 150w, https:\/\/i0.wp.com\/www.dannwollenwirmal.de\/wp-content\/uploads\/2017\/04\/IMG_5277.jpg?resize=300%2C300 300w\" sizes=\"(max-width: 652px) 100vw, 652px\" data-recalc-dims=\"1\" \/><\/a><br \/>\n<em>&#8230;Decke gefliest<\/em><\/p>\n<p>Wobei, machen m\u00f6chte ich das lieber nicht. Ist schon sehr speziell, wenn auch irgendwie faszinierend&#8230;<\/p>\n<p><a href=\"https:\/\/i1.wp.com\/www.dannwollenwirmal.de\/wp-content\/uploads\/2017\/04\/IMG_5279.jpg\"><img data-attachment-id=\"1873\" data-permalink=\"http:\/\/www.dannwollenwirmal.de\/?attachment_id=1873#main\" data-orig-file=\"https:\/\/i1.wp.com\/www.dannwollenwirmal.de\/wp-content\/uploads\/2017\/04\/IMG_5279.jpg?fit=652%2C652\" data-orig-size=\"652,652\" data-comments-opened=\"1\" data-image-meta=\"{&quot;aperture&quot;:&quot;2.2&quot;,&quot;credit&quot;:&quot;&quot;,&quot;camera&quot;:&quot;iPhone 6s&quot;,&quot;caption&quot;:&quot;&quot;,&quot;created_timestamp&quot;:&quot;1492738449&quot;,&quot;copyright&quot;:&quot;&quot;,&quot;focal_length&quot;:&quot;4.15&quot;,&quot;iso&quot;:&quot;250&quot;,&quot;shutter_speed&quot;:&quot;0.04&quot;,&quot;title&quot;:&quot;&quot;,&quot;orientation&quot;:&quot;1&quot;}\" data-image-title=\"IMG_5279\" data-image-description=\"&lt;p&gt;Ideen Fliesen&lt;\/p&gt;\n\" data-image-caption=\"\" data-medium-file=\"https:\/\/i1.wp.com\/www.dannwollenwirmal.de\/wp-content\/uploads\/2017\/04\/IMG_5279.jpg?fit=300%2C300\" data-large-file=\"https:\/\/i1.wp.com\/www.dannwollenwirmal.de\/wp-content\/uploads\/2017\/04\/IMG_5279.jpg?fit=652%2C652\" loading=\"lazy\" class=\"alignnone size-full wp-image-1873\" src=\"https:\/\/i1.wp.com\/www.dannwollenwirmal.de\/wp-content\/uploads\/2017\/04\/IMG_5279.jpg?resize=652%2C652\" alt=\"IMG_5279\" width=\"652\" height=\"652\" srcset=\"https:\/\/i1.wp.com\/www.dannwollenwirmal.de\/wp-content\/uploads\/2017\/04\/IMG_5279.jpg?w=652 652w, https:\/\/i1.wp.com\/www.dannwollenwirmal.de\/wp-content\/uploads\/2017\/04\/IMG_5279.jpg?resize=150%2C150 150w, https:\/\/i1.wp.com\/www.dannwollenwirmal.de\/wp-content\/uploads\/2017\/04\/IMG_5279.jpg?resize=300%2C300 300w\" sizes=\"(max-width: 652px) 100vw, 652px\" data-recalc-dims=\"1\" \/><\/a><br \/>\n<em>Ideen f\u00fcr Fliesen 1&#8230;<\/em><\/p>\n<p>Da mich die Leute oft nach Fliesen-Ideen fragen und man sich in den seltensten F\u00e4llen sofort sicher ist, wie <em>hoch<\/em> man das Bad denn gern gefliest h\u00e4tte, ob raumhoch oder nicht oder teilweise, ist hier nochmal eine Idee f\u00fcr den Treppen-Effekt, der die Wandgestaltung etwas auflockert; ebenso kann man Bereiche mit viel &#8218;Wassereinfluss&#8216; dann elegant h\u00f6her fliesen, ohne dass man die ganze Bude zukleben muss.<\/p>\n<p><a href=\"https:\/\/i0.wp.com\/www.dannwollenwirmal.de\/wp-content\/uploads\/2017\/04\/IMG_5281.jpg\"><img data-attachment-id=\"1874\" data-permalink=\"http:\/\/www.dannwollenwirmal.de\/?attachment_id=1874#main\" data-orig-file=\"https:\/\/i0.wp.com\/www.dannwollenwirmal.de\/wp-content\/uploads\/2017\/04\/IMG_5281.jpg?fit=652%2C652\" data-orig-size=\"652,652\" data-comments-opened=\"1\" data-image-meta=\"{&quot;aperture&quot;:&quot;2.2&quot;,&quot;credit&quot;:&quot;&quot;,&quot;camera&quot;:&quot;iPhone 6s&quot;,&quot;caption&quot;:&quot;&quot;,&quot;created_timestamp&quot;:&quot;1492738539&quot;,&quot;copyright&quot;:&quot;&quot;,&quot;focal_length&quot;:&quot;4.15&quot;,&quot;iso&quot;:&quot;500&quot;,&quot;shutter_speed&quot;:&quot;0.058823529411765&quot;,&quot;title&quot;:&quot;&quot;,&quot;orientation&quot;:&quot;1&quot;}\" data-image-title=\"IMG_5281\" data-image-description=\"&lt;p&gt;Fliesen Ideen&lt;\/p&gt;\n\" data-image-caption=\"\" data-medium-file=\"https:\/\/i0.wp.com\/www.dannwollenwirmal.de\/wp-content\/uploads\/2017\/04\/IMG_5281.jpg?fit=300%2C300\" data-large-file=\"https:\/\/i0.wp.com\/www.dannwollenwirmal.de\/wp-content\/uploads\/2017\/04\/IMG_5281.jpg?fit=652%2C652\" loading=\"lazy\" class=\"alignnone size-full wp-image-1874\" src=\"https:\/\/i0.wp.com\/www.dannwollenwirmal.de\/wp-content\/uploads\/2017\/04\/IMG_5281.jpg?resize=652%2C652\" alt=\"IMG_5281\" width=\"652\" height=\"652\" srcset=\"https:\/\/i0.wp.com\/www.dannwollenwirmal.de\/wp-content\/uploads\/2017\/04\/IMG_5281.jpg?w=652 652w, https:\/\/i0.wp.com\/www.dannwollenwirmal.de\/wp-content\/uploads\/2017\/04\/IMG_5281.jpg?resize=150%2C150 150w, https:\/\/i0.wp.com\/www.dannwollenwirmal.de\/wp-content\/uploads\/2017\/04\/IMG_5281.jpg?resize=300%2C300 300w\" sizes=\"(max-width: 652px) 100vw, 652px\" data-recalc-dims=\"1\" \/><\/a><br \/>\n&#8230;<em>und 2<\/em><\/p>\n<p>Farblich fand ich das hier noch interessant; hier wurden mehrere, zueinander passende Farbt\u00f6ne im Duschbereich kombiniert.<\/p>\n<p><a href=\"https:\/\/i2.wp.com\/www.dannwollenwirmal.de\/wp-content\/uploads\/2017\/04\/IMG_5280.jpg\"><img data-attachment-id=\"1875\" data-permalink=\"http:\/\/www.dannwollenwirmal.de\/?attachment_id=1875#main\" data-orig-file=\"https:\/\/i2.wp.com\/www.dannwollenwirmal.de\/wp-content\/uploads\/2017\/04\/IMG_5280.jpg?fit=652%2C652\" data-orig-size=\"652,652\" data-comments-opened=\"1\" data-image-meta=\"{&quot;aperture&quot;:&quot;2.2&quot;,&quot;credit&quot;:&quot;&quot;,&quot;camera&quot;:&quot;iPhone 6s&quot;,&quot;caption&quot;:&quot;&quot;,&quot;created_timestamp&quot;:&quot;1492738514&quot;,&quot;copyright&quot;:&quot;&quot;,&quot;focal_length&quot;:&quot;4.15&quot;,&quot;iso&quot;:&quot;500&quot;,&quot;shutter_speed&quot;:&quot;0.058823529411765&quot;,&quot;title&quot;:&quot;&quot;,&quot;orientation&quot;:&quot;1&quot;}\" data-image-title=\"IMG_5280\" data-image-description=\"&lt;p&gt;Fiesen Eckschiene&lt;\/p&gt;\n\" data-image-caption=\"\" data-medium-file=\"https:\/\/i2.wp.com\/www.dannwollenwirmal.de\/wp-content\/uploads\/2017\/04\/IMG_5280.jpg?fit=300%2C300\" data-large-file=\"https:\/\/i2.wp.com\/www.dannwollenwirmal.de\/wp-content\/uploads\/2017\/04\/IMG_5280.jpg?fit=652%2C652\" loading=\"lazy\" class=\"alignnone size-full wp-image-1875\" src=\"https:\/\/i2.wp.com\/www.dannwollenwirmal.de\/wp-content\/uploads\/2017\/04\/IMG_5280.jpg?resize=652%2C652\" alt=\"IMG_5280\" width=\"652\" height=\"652\" srcset=\"https:\/\/i2.wp.com\/www.dannwollenwirmal.de\/wp-content\/uploads\/2017\/04\/IMG_5280.jpg?w=652 652w, https:\/\/i2.wp.com\/www.dannwollenwirmal.de\/wp-content\/uploads\/2017\/04\/IMG_5280.jpg?resize=150%2C150 150w, https:\/\/i2.wp.com\/www.dannwollenwirmal.de\/wp-content\/uploads\/2017\/04\/IMG_5280.jpg?resize=300%2C300 300w\" sizes=\"(max-width: 652px) 100vw, 652px\" data-recalc-dims=\"1\" \/><\/a><br \/>\n<em>Corpus Delikti<\/em><\/p>\n<p>Und am Schluss nun noch ein Indiz f\u00fcr Kenner: Unter anderem an diesem kleinen Detail erkennt man, dass das Bad vermutlich <em>nicht<\/em> vom Profi-Fiesenleger oder Profi-Trockenbauer gemacht wurde: Die linke Fuge zwsichen Fliese und Eckschiene wird nach unten breiter. Dazu die Theorie: Ich sch\u00e4tze, dass die Wandprofile mit den UW&#8217;s verschraubt wurden (macht man eigentlich nicht, die werden nur reingestellt). Dadurch schaut der Schraubenkopf etwas raus, weil er da nie ganz anliegt. Die GK-Platte hat also etwas zu viel Abstand zum UW-Profil und macht an der Stelle einen Bogen nach au\u00dfen. Beim Fliesenlegen\u00a0mochte man vermutlich ungern so viel ausgleichen und so wurde da etwas &#8218;vermittelt&#8216;.<\/p>\n<p>Alles nicht schlimm, irgendwie ja auch charmant, es\u00a0sieht wahrscheinlich nur einer von 50 Leuten, aber ich hab&#8217;s gesehen, mir gedacht &#8222;Andere kochen auch nur mit Wasser&#8220;, zufrieden l\u00e4chelnd die Augen geschlossen und von besserem Wetter getr\u00e4umt&#8230;<\/p>\n<p>&nbsp;<\/p>\n<div class=\"sharedaddy sd-sharing-enabled\"><div class=\"robots-nocontent sd-block sd-social sd-social-icon-text sd-sharing\"><h3 class=\"sd-title\">Teilen mit:<\/h3><div class=\"sd-content\"><ul><li class=\"share-email\"><a rel=\"nofollow noopener noreferrer\" data-shared=\"\" class=\"share-email sd-button share-icon\" href=\"http:\/\/www.dannwollenwirmal.de\/?p=1866&amp;share=email\" target=\"_blank\" title=\"Klick, um dies einem Freund per E-Mail zu senden\"><span>E-Mail<\/span><\/a><\/li><li class=\"share-print\"><a rel=\"nofollow noopener noreferrer\" data-shared=\"\" class=\"share-print sd-button share-icon\" href=\"http:\/\/www.dannwollenwirmal.de\/?p=1866\" target=\"_blank\" title=\"Klicken zum Ausdrucken\"><span>Drucken<\/span><\/a><\/li><li class=\"share-facebook\"><a rel=\"nofollow noopener noreferrer\" data-shared=\"sharing-facebook-1866\" class=\"share-facebook sd-button share-icon\" href=\"http:\/\/www.dannwollenwirmal.de\/?p=1866&amp;share=facebook\" target=\"_blank\" title=\"Klick, um auf Facebook zu teilen\"><span>Facebook<\/span><\/a><\/li><li class=\"share-twitter\"><a rel=\"nofollow noopener noreferrer\" data-shared=\"sharing-twitter-1866\" class=\"share-twitter sd-button share-icon\" href=\"http:\/\/www.dannwollenwirmal.de\/?p=1866&amp;share=twitter\" target=\"_blank\" title=\"Klick, um \u00fcber Twitter zu teilen\"><span>Twitter<\/span><\/a><\/li><li class=\"share-pinterest\"><a rel=\"nofollow noopener noreferrer\" data-shared=\"sharing-pinterest-1866\" class=\"share-pinterest sd-button share-icon\" href=\"http:\/\/www.dannwollenwirmal.de\/?p=1866&amp;share=pinterest\" target=\"_blank\" title=\"Klick, um auf Pinterest zu teilen\"><span>Pinterest<\/span><\/a><\/li><li class=\"share-linkedin\"><a rel=\"nofollow noopener noreferrer\" data-shared=\"sharing-linkedin-1866\" class=\"share-linkedin sd-button share-icon\" href=\"http:\/\/www.dannwollenwirmal.de\/?p=1866&amp;share=linkedin\" target=\"_blank\" title=\"Klick, um auf LinkedIn zu teilen\"><span>LinkedIn<\/span><\/a><\/li><li class=\"share-end\"><\/li><\/ul><\/div><\/div><\/div>","protected":false},"excerpt":{"rendered":"<p>Da bin ich wieder, gesund heimgekehrt von einer paar Tagen Gro\u00dffamilienurlaub bei erfrischenden 3\u00b0Grad und Schneeregen, was will man mehr! Wie es Tradition ist, wird jede Ferienwohnung handwerklich analysiert und hier ausf\u00fchrlich diskutiert; in der Vergangenheit habe ich ja auch schon einige erfolgreiche Umgestaltungen vorgenommen (hier, und hier auch!). Dieses mal wurde mir leider die [&hellip;]<\/p>\n<div class=\"sharedaddy sd-sharing-enabled\"><div class=\"robots-nocontent sd-block sd-social sd-social-icon-text sd-sharing\"><h3 class=\"sd-title\">Teilen mit:<\/h3><div class=\"sd-content\"><ul><li class=\"share-email\"><a rel=\"nofollow noopener noreferrer\" data-shared=\"\" class=\"share-email sd-button share-icon\" href=\"http:\/\/www.dannwollenwirmal.de\/?p=1866&amp;share=email\" target=\"_blank\" title=\"Klick, um dies einem Freund per E-Mail zu senden\"><span>E-Mail<\/span><\/a><\/li><li class=\"share-print\"><a rel=\"nofollow noopener noreferrer\" data-shared=\"\" class=\"share-print sd-button share-icon\" href=\"http:\/\/www.dannwollenwirmal.de\/?p=1866\" target=\"_blank\" title=\"Klicken zum Ausdrucken\"><span>Drucken<\/span><\/a><\/li><li class=\"share-facebook\"><a rel=\"nofollow noopener noreferrer\" data-shared=\"sharing-facebook-1866\" class=\"share-facebook sd-button share-icon\" href=\"http:\/\/www.dannwollenwirmal.de\/?p=1866&amp;share=facebook\" target=\"_blank\" title=\"Klick, um auf Facebook zu teilen\"><span>Facebook<\/span><\/a><\/li><li class=\"share-twitter\"><a rel=\"nofollow noopener noreferrer\" data-shared=\"sharing-twitter-1866\" class=\"share-twitter sd-button share-icon\" href=\"http:\/\/www.dannwollenwirmal.de\/?p=1866&amp;share=twitter\" target=\"_blank\" title=\"Klick, um \u00fcber Twitter zu teilen\"><span>Twitter<\/span><\/a><\/li><li class=\"share-pinterest\"><a rel=\"nofollow noopener noreferrer\" data-shared=\"sharing-pinterest-1866\" class=\"share-pinterest sd-button share-icon\" href=\"http:\/\/www.dannwollenwirmal.de\/?p=1866&amp;share=pinterest\" target=\"_blank\" title=\"Klick, um auf Pinterest zu teilen\"><span>Pinterest<\/span><\/a><\/li><li class=\"share-linkedin\"><a rel=\"nofollow noopener noreferrer\" data-shared=\"sharing-linkedin-1866\" class=\"share-linkedin sd-button share-icon\" href=\"http:\/\/www.dannwollenwirmal.de\/?p=1866&amp;share=linkedin\" target=\"_blank\" title=\"Klick, um auf LinkedIn zu teilen\"><span>LinkedIn<\/span><\/a><\/li><li class=\"share-end\"><\/li><\/ul><\/div><\/div><\/div>","protected":false},"author":1,"featured_media":0,"comment_status":"open","ping_status":"open","sticky":false,"template":"","format":"standard","meta":{"advanced_seo_description":"","spay_email":"","jetpack_publicize_message":"","jetpack_is_tweetstorm":false,"jetpack_publicize_feature_enabled":true},"categories":[1,61,121,21],"tags":[491,489,488,485,486,490,487],"jetpack_featured_media_url":"","jetpack_publicize_connections":[],"jetpack_shortlink":"https:\/\/wp.me\/p3WtlO-u6","jetpack_sharing_enabled":true,"jetpack-related-posts":[{"id":1150,"url":"http:\/\/www.dannwollenwirmal.de\/?p=1150","url_meta":{"origin":1866,"position":0},"title":"Das zwei-Wochen-Bad, Teil 1","date":"25. Oktober 2015","format":false,"excerpt":"Das Sch\u00f6ne an meinen drei bis vier Bad-Umbauten pro Jahr ist ja, dass es jedes mal etwas Neues ist, weil immer irgendwelche Besonderheiten lauern (ist das wirklich das Sch\u00f6ne? Hmmm...) Bei meinem jetzigen Projekt, das ich Anfang dieser Woche begonnen habe, gibt es gleich zwei Besonderheiten: Erstens muss der gesamte\u2026","rel":"","context":"In &quot;Allgemein&quot;","img":{"alt_text":"","src":"https:\/\/i2.wp.com\/www.dannwollenwirmal.de\/wp-content\/uploads\/2015\/10\/IMG_3798.jpg?resize=350%2C200","width":350,"height":200},"classes":[]},{"id":903,"url":"http:\/\/www.dannwollenwirmal.de\/?p=903","url_meta":{"origin":1866,"position":1},"title":"Das wird ja immer sch\u00f6ner!","date":"22. M\u00e4rz 2015","format":false,"excerpt":"Es wird spannend, Trommelwirbel und Tusch: Der Gewinner des Dyson-AM05 Heizl\u00fcfters ist: Tanja Hermann! Herzlichen Gl\u00fcckwunsch. Das Ger\u00e4t wird direkt von Dyson verschickt, ich schreibe Dir eine eMail wegen der Adresse. Allen anderen Danke f\u00fcrs Mitmachen und nicht traurig sein, sicher gibt es demn\u00e4chst wieder ein Gewinnspiel. W\u00e4hrend schon wieder\u2026","rel":"","context":"In &quot;Allgemein&quot;","img":{"alt_text":"","src":"https:\/\/i1.wp.com\/www.dannwollenwirmal.de\/wp-content\/uploads\/2015\/03\/IMG_3319.jpg?resize=350%2C200","width":350,"height":200},"classes":[]},{"id":1166,"url":"http:\/\/www.dannwollenwirmal.de\/?p=1166","url_meta":{"origin":1866,"position":2},"title":"Das zwei-Wochen-Bad, Teil 2","date":"1. November 2015","format":false,"excerpt":"Geschafft! Auf den Punkt nach zwei Wochen ist das Badprojekt fertiggestellt und man kann drauflosplanschen. Lediglich die Klempnerabteilung muss Montag nochmal ran, einen Heizk\u00f6rper und die Duschabtrennung anbringen, aber ich pers\u00f6nlich habe es p\u00fcnktlich (okay, mit einer \"Nachtschicht\") geschafft und werde nun die f\u00fcnfstellige Bonuszahlung einstreichen. Leider f\u00fchle ich mich\u2026","rel":"","context":"In &quot;Allgemein&quot;","img":{"alt_text":"","src":"https:\/\/i2.wp.com\/www.dannwollenwirmal.de\/wp-content\/uploads\/2015\/10\/IMG_3824.jpg?resize=350%2C200","width":350,"height":200},"classes":[]},{"id":228,"url":"http:\/\/www.dannwollenwirmal.de\/?p=228","url_meta":{"origin":1866,"position":3},"title":"Badrenovierung, Teil 2","date":"29. November 2013","format":false,"excerpt":"Wie versprochen: Weiter geht's mit der kleinen Wellness-Oase :) Holzbalkendecken und Bodenfliesen sind eigentlich zwei Dinge, die sich nicht gut miteinander vertragen. Da Holzbalken und Holzbel\u00e4ge Untergr\u00fcnde sind, die sich gerne bewegen, Fliesen aber bei Bewegung eher brechen, muss man entweder einen Belag finden der die Bewegung mitmacht (Holz im\u2026","rel":"","context":"In &quot;Allgemein&quot;","img":{"alt_text":"","src":"https:\/\/i1.wp.com\/www.dannwollenwirmal.de\/wp-content\/uploads\/2013\/11\/wannentr.jpg?resize=350%2C200","width":350,"height":200},"classes":[]},{"id":885,"url":"http:\/\/www.dannwollenwirmal.de\/?p=885","url_meta":{"origin":1866,"position":4},"title":"Nasszellentrockenbau","date":"8. M\u00e4rz 2015","format":false,"excerpt":"Heiter geht es weiter im Badezimmer der Tr\u00e4ume. Nachdem beim letzten mal die W\u00e4nde und Fliesen entfernt und die Au\u00dfenw\u00e4nde verputzt wurden, geht es nun an den Trockenbau. Es sollte eine neue Trennwand mit T\u00fcr\u00f6ffnung installiert werden, au\u00dferdem hat man sich entschlossen, die Decke abzuh\u00e4ngen. Die Decke h\u00e4tte ich ehrlicherweise\u2026","rel":"","context":"In &quot;Allgemein&quot;","img":{"alt_text":"","src":"https:\/\/i1.wp.com\/www.dannwollenwirmal.de\/wp-content\/uploads\/2015\/03\/IMG_3293.jpg?resize=350%2C200","width":350,"height":200},"classes":[]},{"id":2053,"url":"http:\/\/www.dannwollenwirmal.de\/?p=2053","url_meta":{"origin":1866,"position":5},"title":"Die Fliesenh\u00f6he","date":"15. Oktober 2017","format":false,"excerpt":"Eine der h\u00e4ufigsten Suchanfragen hier und auch generell eine Frage, die ich jedes mal gestellt bekomme, wenn ich irgendwo ein Bad mache, ist: \"Wie hoch sollte man die W\u00e4nde fliesen?\" Erwartungsgem\u00e4\u00df gibt es darauf keine pauschale Antwort, sonst w\u00e4re es ja auch zu einfach ;) Fliesen: Bis oben? Tats\u00e4chlich ist\u2026","rel":"","context":"In &quot;Allgemein&quot;","img":{"alt_text":"","src":"https:\/\/i1.wp.com\/www.dannwollenwirmal.de\/wp-content\/uploads\/2015\/03\/IMG_3319.jpg?resize=350%2C200","width":350,"height":200},"classes":[]}],"_links":{"self":[{"href":"http:\/\/www.dannwollenwirmal.de\/index.php?rest_route=\/wp\/v2\/posts\/1866"}],"collection":[{"href":"http:\/\/www.dannwollenwirmal.de\/index.php?rest_route=\/wp\/v2\/posts"}],"about":[{"href":"http:\/\/www.dannwollenwirmal.de\/index.php?rest_route=\/wp\/v2\/types\/post"}],"author":[{"embeddable":true,"href":"http:\/\/www.dannwollenwirmal.de\/index.php?rest_route=\/wp\/v2\/users\/1"}],"replies":[{"embeddable":true,"href":"http:\/\/www.dannwollenwirmal.de\/index.php?rest_route=%2Fwp%2Fv2%2Fcomments&post=1866"}],"version-history":[{"count":1,"href":"http:\/\/www.dannwollenwirmal.de\/index.php?rest_route=\/wp\/v2\/posts\/1866\/revisions"}],"predecessor-version":[{"id":1876,"href":"http:\/\/www.dannwollenwirmal.de\/index.php?rest_route=\/wp\/v2\/posts\/1866\/revisions\/1876"}],"wp:attachment":[{"href":"http:\/\/www.dannwollenwirmal.de\/index.php?rest_route=%2Fwp%2Fv2%2Fmedia&parent=1866"}],"wp:term":[{"taxonomy":"category","embeddable":true,"href":"http:\/\/www.dannwollenwirmal.de\/index.php?rest_route=%2Fwp%2Fv2%2Fcategories&post=1866"},{"taxonomy":"post_tag","embeddable":true,"href":"http:\/\/www.dannwollenwirmal.de\/index.php?rest_route=%2Fwp%2Fv2%2Ftags&post=1866"}],"curies":[{"name":"wp","href":"https:\/\/api.w.org\/{rel}","templated":true}]}}