{"id":1854,"date":"2017-04-09T10:26:46","date_gmt":"2017-04-09T08:26:46","guid":{"rendered":"http:\/\/www.dannwollenwirmal.de\/?p=1854"},"modified":"2017-04-09T10:26:46","modified_gmt":"2017-04-09T08:26:46","slug":"heute-ein-faultier","status":"publish","type":"post","link":"http:\/\/www.dannwollenwirmal.de\/?p=1854","title":{"rendered":"Heute ein Faultier"},"content":{"rendered":"<p>Die Sonne strahlt, die V\u00f6gel zwitschern, die Leute rennen scharenweise in die Baum\u00e4rkte, Heim und Garten wird allerorten auf Vordermann gebracht, allein bei mir hat sich die rechte Motivation noch nicht eingestellt. Irgendwie bin ich gef\u00fchlt noch im Winterschlaf. Ich bin noch nicht so weit! Soll es doch nochmal schneien, auch gut! Vielleicht bin ich auch aufgrund des gro\u00dfen Firmenumbaus in einem kleinen handwerklichen Tief. Zu tun w\u00e4re freilich genug: Die Verleistung meiner Dachfenster schiebe ich seit Monaten vor mir her. Drau\u00dfen m\u00fcsste die Terrasse eine gr\u00fcndliche Reinigung und eine neue \u00d6lung haben. Beim Projekt &#8222;<a href=\"http:\/\/www.dannwollenwirmal.de\/?p=1585\"><strong>Schuppenr\u00fcckseite<\/strong><\/a>&#8220; fehlt immer noch der Schlussanstrich, und beim Kellerfenster bin ich letzten Winter mit irgendwas Sperrigem an der Kante h\u00e4ngengeblieben und habe ein St\u00fcck Putz rausgebrochen. Der <a href=\"http:\/\/www.dannwollenwirmal.de\/?p=539\"><strong>Zaun<\/strong> <\/a>hat mittlerweile einen gr\u00fcnlichen Schimmer (naja, nach fast drei Jahren darf er das auch) und m\u00fcsste gereinigt, vielleicht auch neu gestrichen werden. Blumenbeete sind schon ein paar fertig, das Gr\u00f6\u00dfte sieht aber noch genau so aus wie vor dem Winter, nur sch\u00e4biger. Nicht auszudenken, wenn Schwiegermutter das n\u00e4chste mal kommt!<\/p>\n<p>Auch extern habe ich noch einige Projekte vor der Brust: So geht es beispielsweise darum, ein v\u00f6llig entkerntes Loch in eine Badezimmervorbereitung zu verwandeln, und ich glaube, das sollte auch recht bald passieren. F\u00fcr Anfang Mai habe ich noch eine Trockenbaudecke zugesagt und in der Firma, wo jetzt innen so ziemlich alles fertig ist, geht es ja irgendwann drau\u00dfen weiter. N\u00e4chste Woche werden beispielsweise Wellblechverkleidungen angebracht, das wird sicher spannend und ich werde hier nat\u00fcrlich Bericht erstatten.<\/p>\n<p>Wenn ich das alles so \u00fcberlege, habe ich ja schon irgendwie Lust! In Gedanken habe ich das Werkzeug schon rausgeholt und baue was, egal was, hauptsache laut und dreckig! Nur <em>heute<\/em> eben noch nicht. Was kann ich daf\u00fcr, dass das Sofa so verdammt gem\u00fctlich ist? Ein wahres \u00c4rgernis! H\u00e4tten wir damals anstatt eines Sofas ein paar Klapptst\u00fchle gekauft, w\u00e4re die heimische Produktivit\u00e4t sicher merklich gesteigert worden.<\/p>\n<p>Egal, heute mach ich nichts mehr. N\u00e4chste Woche wieder! Und Euch rufe ich auch auf zum M\u00fc\u00dfiggang. Lasst den Hammer liegen! Ist sowieso Sonntag. Und weil&#8217;s so sch\u00f6n passt, sende ich Euch als musikalischen Gru\u00df eines meiner Lieblingslieder von Reinhard Mey, und ich wette, danach ist das schlechte Gewissen wie weggeblasen:<\/p>\n<p>Heute h\u00e4ng\u2018 ich ab, heut\u2018 cool ich down,<br \/>\nHeut\u2018 werd\u2018 ich nicht weiser, heute werd\u2018 ich braun.<br \/>\nIch dreh\u2018 mich zur Sonne, blinzel in die Runde,<br \/>\nIch rolle mich ein, ich bin wie junge Hunde<br \/>\nZum Schlafen in der Sonne gemacht.<br \/>\nH\u00e4ttest Du das jemals von mir gedacht?<\/p>\n<p>Ich will es heut\u2018 nicht politisch korrekt,<br \/>\nIch will heut\u2018 einfach nur, dass es mir schmeckt.<br \/>\nIch will nicht schlauer werden und auch nicht schicker,<br \/>\nEventuell ein kleines bisschen dicker.<br \/>\nIch frag\u2018 mich nicht, ob man mich liebt,<br \/>\nIch frag\u2018 mich nur, ob es hier Nachschlag gibt.<\/p>\n<p>Aber morgen bringe ich die Dinge wieder ins Lot,<br \/>\nMorgen ruder ich euch wieder das Rettungsboot.<br \/>\nBloss heut\u2018 freu\u2018 ich mich einfach nur zu \u00fcberleben,<br \/>\nUnd erlaube mir, mir die volle Breitseite zu geben.<\/p>\n<p>Bitte, mich heut\u2018 nicht zu belehr\u2018n,<br \/>\nBitte, mich heut\u2018s keinesfalls zu beehr\u2018n.<br \/>\nKein Vortrag, keine Ansprache, ich bin Banause,<br \/>\nV\u00f6llig anspruchslos, ich mach\u2018 heut\u2018 eine Anspruchspause.<br \/>\nIch will nicht reden und nicht zuh\u00f6r\u2018n.<br \/>\nBitte, mich nicht in diesem Gl\u00fcckszustand st\u00f6r\u2018n.<\/p>\n<p>Aber morgen bringe ich die Dinge wieder ins Lot,<br \/>\nMorgen ruder ich euch wieder das Rettungsboot.<br \/>\nBloss heut\u2018 freu\u2018 ich mich einfach nur zu \u00fcberleben,<br \/>\nUnd erlaube mir, mir die volle Breitseite zu geben.<\/p>\n<p>Ich mache nichts, ich atme bloss,<br \/>\nDie Beine hoch, ich lasse los.<br \/>\nIch muss nichts nehmen, ich muss nichts rauchen,<br \/>\nIch will nichts wollen, und ich brauch\u2018 nichts zu brauchen.<br \/>\nNa gut, ein Glas Barolo, wenn es denn stimmt,<br \/>\nDass es das Zeug ist, das auch Gott in Frankreich nimmt!<\/p>\n<p>Aber morgen bringe ich die Dinge wieder ins Lot,<br \/>\nMorgen ruder ich euch wieder das Rettungsboot.<br \/>\nMorgen mach\u2018 ich sofort die Welt wieder besser,<br \/>\nMorgen schwimm\u2018 ich wieder jedem Haifisch ins Messer.<br \/>\nMorgen \u00f6le ich euch wieder die Maschine,<br \/>\nMorgen such\u2018 ich wieder jede einzelne Mine.<br \/>\nMorgen geh\u2018 ich f\u00fcr euch wieder durch freundliches Feuer,<br \/>\nAber heute z\u00fcnde ich erst noch meine ganze Heuer,<br \/>\nHeute freu\u2018 ich mich einfach nur zu \u00fcberleben,<br \/>\nAlso erlaub\u2018 ich mir, mir die volle Breitseite zu geben.<\/p>\n<p>Morgen bringe ich die Dinge wieder ins Lot,<br \/>\nMorgen ruder ich euch wieder das Rettungsboot.<br \/>\nNur heut\u2018 freu\u2018 ich mich einfach so zu \u00fcberleben,<br \/>\nUnd erlaube mir, mir die volle Breitseite zu geben.<\/p>\n<div class=\"jetpack-video-wrapper\"><span class=\"embed-youtube\" style=\"text-align:center; display: block;\"><iframe loading=\"lazy\" class=\"youtube-player\" width=\"652\" height=\"367\" src=\"https:\/\/www.youtube.com\/embed\/WY3GHVUg8Js?version=3&#038;rel=1&#038;showsearch=0&#038;showinfo=1&#038;iv_load_policy=1&#038;fs=1&#038;hl=de-DE&#038;autohide=2&#038;wmode=transparent\" allowfullscreen=\"true\" style=\"border:0;\" sandbox=\"allow-scripts allow-same-origin allow-popups allow-presentation\"><\/iframe><\/span><\/div>\n<div class=\"sharedaddy sd-sharing-enabled\"><div class=\"robots-nocontent sd-block sd-social sd-social-icon-text sd-sharing\"><h3 class=\"sd-title\">Teilen mit:<\/h3><div class=\"sd-content\"><ul><li class=\"share-email\"><a rel=\"nofollow noopener noreferrer\" data-shared=\"\" class=\"share-email sd-button share-icon\" href=\"http:\/\/www.dannwollenwirmal.de\/?p=1854&amp;share=email\" target=\"_blank\" title=\"Klick, um dies einem Freund per E-Mail zu senden\"><span>E-Mail<\/span><\/a><\/li><li class=\"share-print\"><a rel=\"nofollow noopener noreferrer\" data-shared=\"\" class=\"share-print sd-button share-icon\" href=\"http:\/\/www.dannwollenwirmal.de\/?p=1854\" target=\"_blank\" title=\"Klicken zum Ausdrucken\"><span>Drucken<\/span><\/a><\/li><li class=\"share-facebook\"><a rel=\"nofollow noopener noreferrer\" data-shared=\"sharing-facebook-1854\" class=\"share-facebook sd-button share-icon\" href=\"http:\/\/www.dannwollenwirmal.de\/?p=1854&amp;share=facebook\" target=\"_blank\" title=\"Klick, um auf Facebook zu teilen\"><span>Facebook<\/span><\/a><\/li><li class=\"share-twitter\"><a rel=\"nofollow noopener noreferrer\" data-shared=\"sharing-twitter-1854\" class=\"share-twitter sd-button share-icon\" href=\"http:\/\/www.dannwollenwirmal.de\/?p=1854&amp;share=twitter\" target=\"_blank\" title=\"Klick, um \u00fcber Twitter zu teilen\"><span>Twitter<\/span><\/a><\/li><li class=\"share-pinterest\"><a rel=\"nofollow noopener noreferrer\" data-shared=\"sharing-pinterest-1854\" class=\"share-pinterest sd-button share-icon\" href=\"http:\/\/www.dannwollenwirmal.de\/?p=1854&amp;share=pinterest\" target=\"_blank\" title=\"Klick, um auf Pinterest zu teilen\"><span>Pinterest<\/span><\/a><\/li><li class=\"share-linkedin\"><a rel=\"nofollow noopener noreferrer\" data-shared=\"sharing-linkedin-1854\" class=\"share-linkedin sd-button share-icon\" href=\"http:\/\/www.dannwollenwirmal.de\/?p=1854&amp;share=linkedin\" target=\"_blank\" title=\"Klick, um auf LinkedIn zu teilen\"><span>LinkedIn<\/span><\/a><\/li><li class=\"share-end\"><\/li><\/ul><\/div><\/div><\/div>","protected":false},"excerpt":{"rendered":"<p>Die Sonne strahlt, die V\u00f6gel zwitschern, die Leute rennen scharenweise in die Baum\u00e4rkte, Heim und Garten wird allerorten auf Vordermann gebracht, allein bei mir hat sich die rechte Motivation noch nicht eingestellt. Irgendwie bin ich gef\u00fchlt noch im Winterschlaf. Ich bin noch nicht so weit! Soll es doch nochmal schneien, auch gut! Vielleicht bin ich [&hellip;]<\/p>\n<div class=\"sharedaddy sd-sharing-enabled\"><div class=\"robots-nocontent sd-block sd-social sd-social-icon-text sd-sharing\"><h3 class=\"sd-title\">Teilen mit:<\/h3><div class=\"sd-content\"><ul><li class=\"share-email\"><a rel=\"nofollow noopener noreferrer\" data-shared=\"\" class=\"share-email sd-button share-icon\" href=\"http:\/\/www.dannwollenwirmal.de\/?p=1854&amp;share=email\" target=\"_blank\" title=\"Klick, um dies einem Freund per E-Mail zu senden\"><span>E-Mail<\/span><\/a><\/li><li class=\"share-print\"><a rel=\"nofollow noopener noreferrer\" data-shared=\"\" class=\"share-print sd-button share-icon\" href=\"http:\/\/www.dannwollenwirmal.de\/?p=1854\" target=\"_blank\" title=\"Klicken zum Ausdrucken\"><span>Drucken<\/span><\/a><\/li><li class=\"share-facebook\"><a rel=\"nofollow noopener noreferrer\" data-shared=\"sharing-facebook-1854\" class=\"share-facebook sd-button share-icon\" href=\"http:\/\/www.dannwollenwirmal.de\/?p=1854&amp;share=facebook\" target=\"_blank\" title=\"Klick, um auf Facebook zu teilen\"><span>Facebook<\/span><\/a><\/li><li class=\"share-twitter\"><a rel=\"nofollow noopener noreferrer\" data-shared=\"sharing-twitter-1854\" class=\"share-twitter sd-button share-icon\" href=\"http:\/\/www.dannwollenwirmal.de\/?p=1854&amp;share=twitter\" target=\"_blank\" title=\"Klick, um \u00fcber Twitter zu teilen\"><span>Twitter<\/span><\/a><\/li><li class=\"share-pinterest\"><a rel=\"nofollow noopener noreferrer\" data-shared=\"sharing-pinterest-1854\" class=\"share-pinterest sd-button share-icon\" href=\"http:\/\/www.dannwollenwirmal.de\/?p=1854&amp;share=pinterest\" target=\"_blank\" title=\"Klick, um auf Pinterest zu teilen\"><span>Pinterest<\/span><\/a><\/li><li class=\"share-linkedin\"><a rel=\"nofollow noopener noreferrer\" data-shared=\"sharing-linkedin-1854\" class=\"share-linkedin sd-button share-icon\" href=\"http:\/\/www.dannwollenwirmal.de\/?p=1854&amp;share=linkedin\" target=\"_blank\" title=\"Klick, um auf LinkedIn zu teilen\"><span>LinkedIn<\/span><\/a><\/li><li class=\"share-end\"><\/li><\/ul><\/div><\/div><\/div>","protected":false},"author":1,"featured_media":0,"comment_status":"open","ping_status":"open","sticky":false,"template":"","format":"standard","meta":{"advanced_seo_description":"","spay_email":"","jetpack_publicize_message":"","jetpack_is_tweetstorm":false,"jetpack_publicize_feature_enabled":true},"categories":[1,35],"tags":[],"jetpack_featured_media_url":"","jetpack_publicize_connections":[],"jetpack_shortlink":"https:\/\/wp.me\/p3WtlO-tU","jetpack_sharing_enabled":true,"jetpack-related-posts":[{"id":1306,"url":"http:\/\/www.dannwollenwirmal.de\/?p=1306","url_meta":{"origin":1854,"position":0},"title":"Astrein!","date":"24. Januar 2016","format":false,"excerpt":"Eigentlich w\u00e4re heute die Holzbalkendecke drangekommen. Und warum da eigentlich Nass-Estrich nichts drin zu suchen hat. Gerade, wo ich da neulich bein Bierchen dr\u00fcber diskutiert habe. Erstmal stellt man sich - oder ich mich - ja dann selbst in Frage. Ist das wirklich Gang und G\u00e4be? Habe ich da jetzt\u2026","rel":"","context":"In &quot;Allgemein&quot;","img":{"alt_text":"","src":"https:\/\/i2.wp.com\/www.dannwollenwirmal.de\/wp-content\/uploads\/2016\/01\/decke.jpg?resize=350%2C200","width":350,"height":200},"classes":[]},{"id":1405,"url":"http:\/\/www.dannwollenwirmal.de\/?p=1405","url_meta":{"origin":1854,"position":1},"title":"Live vom Bauger\u00fcst","date":"27. M\u00e4rz 2016","format":false,"excerpt":"Ich muss mich heute etwas kurz fassen, denn erstens ist ja Ostersonntag und da hat sowieso kein Mensch Zeit, hier zu lesen vor lauter Eiersucherei (oder doch?), zweitens bin ich immer noch auf dem Bauger\u00fcst und habe die vergangene Nacht hier oben verputzend und reibend quasi durchgemacht. Gegen 1 Uhr\u2026","rel":"","context":"In &quot;Allgemein&quot;","img":{"alt_text":"","src":"https:\/\/i1.wp.com\/www.dannwollenwirmal.de\/wp-content\/uploads\/2016\/03\/IMG_4164.jpg?resize=350%2C200","width":350,"height":200},"classes":[]},{"id":2256,"url":"http:\/\/www.dannwollenwirmal.de\/?p=2256","url_meta":{"origin":1854,"position":2},"title":"Volles Programm","date":"6. Mai 2018","format":false,"excerpt":"Gestern, also am Samstag, habe ich dann tats\u00e4chlich mal richtig was geschafft rund um Heim und Garten. Von den Dingen, die ich mir vorgenommen habe, kann ich die meisten als erledigt abhaken. So habe ich beispielsweise die Fensterl\u00e4den neu gestrichen. Vor etwa zwei Jahren habe ich die Dinger gebaut (siehe\u2026","rel":"","context":"In &quot;Allgemein&quot;","img":{"alt_text":"","src":"https:\/\/i1.wp.com\/www.dannwollenwirmal.de\/wp-content\/uploads\/2018\/05\/IMG_6398.jpg?resize=350%2C200","width":350,"height":200},"classes":[]},{"id":1351,"url":"http:\/\/www.dannwollenwirmal.de\/?p=1351","url_meta":{"origin":1854,"position":3},"title":"Die Datsche in Kl\u00f6sewitz","date":"28. Februar 2016","format":false,"excerpt":"Planung ist das halbe Leben! Oder so. Oder war es gutes Werkzeug? Das ist jedenfalls die halbe Arbeit. Die anstehende Fassadensanierung (immerhin n\u00e4hert sich der M\u00e4rz in gro\u00dfen Schritten) will wohl \u00fcberlegt sein und je mehr man sich bei sowas im Vorfeld Gedanken macht, desto schneller und reibungsloser (Der Auftrag\u2026","rel":"","context":"In &quot;Allgemein&quot;","img":{"alt_text":"","src":"https:\/\/i2.wp.com\/www.dannwollenwirmal.de\/wp-content\/uploads\/2016\/02\/IMG_4102.jpg?resize=350%2C200","width":350,"height":200},"classes":[]},{"id":388,"url":"http:\/\/www.dannwollenwirmal.de\/?p=388","url_meta":{"origin":1854,"position":4},"title":"Einen am Kopp.","date":"18. M\u00e4rz 2014","format":false,"excerpt":"Beim Sehtest zum LKW-F\u00fchrerschein steckt man den Kopf in eine runde Schale, auf die Lichtpunkte projiziert werden (meine Mutter schl\u00e4ft dabei immer ein, stelle ich mir auch lustig vor). Dabei ist bereits vor einiger Zeit herausgekommen, dass mein oberes Gesichtsfeld eingeschr\u00e4nkt ist. Ich sehe dann vieles nicht, was \u00fcber mir\u2026","rel":"","context":"In &quot;Allgemein&quot;","img":{"alt_text":"Rigips Profil","src":"https:\/\/i1.wp.com\/www.dannwollenwirmal.de\/wp-content\/uploads\/2014\/03\/iso2.jpg?resize=350%2C200","width":350,"height":200},"classes":[]},{"id":1866,"url":"http:\/\/www.dannwollenwirmal.de\/?p=1866","url_meta":{"origin":1854,"position":5},"title":"FeWo-Analyse","date":"23. April 2017","format":false,"excerpt":"Da bin ich wieder, gesund heimgekehrt von einer paar Tagen Gro\u00dffamilienurlaub bei erfrischenden 3\u00b0Grad und Schneeregen, was will man mehr! Wie es Tradition ist, wird jede Ferienwohnung handwerklich analysiert und hier ausf\u00fchrlich diskutiert; in der Vergangenheit habe ich ja auch schon einige erfolgreiche Umgestaltungen vorgenommen (hier, und hier auch!). Dieses\u2026","rel":"","context":"In &quot;Allgemein&quot;","img":{"alt_text":"","src":"https:\/\/i2.wp.com\/www.dannwollenwirmal.de\/wp-content\/uploads\/2017\/04\/IMG_5280.jpg?resize=350%2C200","width":350,"height":200},"classes":[]}],"_links":{"self":[{"href":"http:\/\/www.dannwollenwirmal.de\/index.php?rest_route=\/wp\/v2\/posts\/1854"}],"collection":[{"href":"http:\/\/www.dannwollenwirmal.de\/index.php?rest_route=\/wp\/v2\/posts"}],"about":[{"href":"http:\/\/www.dannwollenwirmal.de\/index.php?rest_route=\/wp\/v2\/types\/post"}],"author":[{"embeddable":true,"href":"http:\/\/www.dannwollenwirmal.de\/index.php?rest_route=\/wp\/v2\/users\/1"}],"replies":[{"embeddable":true,"href":"http:\/\/www.dannwollenwirmal.de\/index.php?rest_route=%2Fwp%2Fv2%2Fcomments&post=1854"}],"version-history":[{"count":1,"href":"http:\/\/www.dannwollenwirmal.de\/index.php?rest_route=\/wp\/v2\/posts\/1854\/revisions"}],"predecessor-version":[{"id":1855,"href":"http:\/\/www.dannwollenwirmal.de\/index.php?rest_route=\/wp\/v2\/posts\/1854\/revisions\/1855"}],"wp:attachment":[{"href":"http:\/\/www.dannwollenwirmal.de\/index.php?rest_route=%2Fwp%2Fv2%2Fmedia&parent=1854"}],"wp:term":[{"taxonomy":"category","embeddable":true,"href":"http:\/\/www.dannwollenwirmal.de\/index.php?rest_route=%2Fwp%2Fv2%2Fcategories&post=1854"},{"taxonomy":"post_tag","embeddable":true,"href":"http:\/\/www.dannwollenwirmal.de\/index.php?rest_route=%2Fwp%2Fv2%2Ftags&post=1854"}],"curies":[{"name":"wp","href":"https:\/\/api.w.org\/{rel}","templated":true}]}}