{"id":1844,"date":"2017-04-02T10:19:29","date_gmt":"2017-04-02T08:19:29","guid":{"rendered":"http:\/\/www.dannwollenwirmal.de\/?p=1844"},"modified":"2017-04-02T10:20:03","modified_gmt":"2017-04-02T08:20:03","slug":"schrankwand-zu-bekommen-gewesen-gehabt","status":"publish","type":"post","link":"http:\/\/www.dannwollenwirmal.de\/?p=1844","title":{"rendered":"Schrankwand zu bekommen gewesen gehabt"},"content":{"rendered":"<p>Im Rahmen der erweiterten Nachbarschaftshilfe hatte ich diese Woche eine Pr\u00e4miere und habe meine erste Schrankwand nachgebaut! Warum man eine Schrankwand nachbaut? Nun, der urspr\u00fcnglich zweiteilige Schrank (ein Eckelement und ein gerades Element) sollte getrennt werden, das Eckelement blieb wo es war und der andere Teil wanderte ein Stockwerk h\u00f6her. Problem nur, dass sich beide Teile eine gemeinsame Wand teilen; so hatte das Eckelement noch eine Seitenwand, w\u00e4hrend beim anderen Teil nun quasi die linke Wand fehlte.<\/p>\n<p>Zun\u00e4chst wurde die &#8222;alte&#8220; Wand vermessen und ich besorgte mir, wie schon berichtet, einen passenden Zuschnitt im Baumarkt (wobei die Auswahl der Holzsorte hier leicht fiel: in 60 cm Breite gab es genau, nunja, <em>eine<\/em> Sorte). Bewaffnet mit zwei B\u00f6cken und dem dannwollenwirmal-Einsatzanh\u00e4nger konnte ich nun loslegen und die vorhandene Wand abpauschen.<\/p>\n<p>Etwas sorgen bereitete mir zun\u00e4chst die Nut f\u00fcr die Schrankwand. Wie sollte ich die da rein bekommen? Oberfr\u00e4se? Nicht so richtig&#8230; S\u00e4ge? Hmm&#8230;alles nicht ideal &#8211; in Gedanken war ich schon bei &#8222;mit Winkeln irgendwie dranpfuschen&#8220;, aber halt, was ist denn das da ganz unten im Makitastapel? Achjaaaa, ich habe ja noch die Flachd\u00fcbelfr\u00e4se! Dann kommt die wenigstens mal wieder zum Einsatz \ud83d\ude42<\/p>\n<p><a href=\"https:\/\/i0.wp.com\/www.dannwollenwirmal.de\/wp-content\/uploads\/2017\/04\/schrankwand2.jpg\"><img data-attachment-id=\"1846\" data-permalink=\"http:\/\/www.dannwollenwirmal.de\/?attachment_id=1846#main\" data-orig-file=\"https:\/\/i0.wp.com\/www.dannwollenwirmal.de\/wp-content\/uploads\/2017\/04\/schrankwand2.jpg?fit=1512%2C1512\" data-orig-size=\"1512,1512\" data-comments-opened=\"1\" data-image-meta=\"{&quot;aperture&quot;:&quot;2.2&quot;,&quot;credit&quot;:&quot;&quot;,&quot;camera&quot;:&quot;iPhone 6s&quot;,&quot;caption&quot;:&quot;&quot;,&quot;created_timestamp&quot;:&quot;1490906765&quot;,&quot;copyright&quot;:&quot;&quot;,&quot;focal_length&quot;:&quot;4.15&quot;,&quot;iso&quot;:&quot;200&quot;,&quot;shutter_speed&quot;:&quot;0.04&quot;,&quot;title&quot;:&quot;&quot;,&quot;orientation&quot;:&quot;1&quot;}\" data-image-title=\"schrankwand2\" data-image-description=\"&lt;p&gt;Nut Schrankwand&lt;\/p&gt;\n\" data-image-caption=\"\" data-medium-file=\"https:\/\/i0.wp.com\/www.dannwollenwirmal.de\/wp-content\/uploads\/2017\/04\/schrankwand2.jpg?fit=300%2C300\" data-large-file=\"https:\/\/i0.wp.com\/www.dannwollenwirmal.de\/wp-content\/uploads\/2017\/04\/schrankwand2.jpg?fit=652%2C652\" loading=\"lazy\" class=\"alignnone wp-image-1846 size-large\" src=\"https:\/\/i0.wp.com\/www.dannwollenwirmal.de\/wp-content\/uploads\/2017\/04\/schrankwand2.jpg?resize=652%2C652\" alt=\"schrankwand2\" width=\"652\" height=\"652\" srcset=\"https:\/\/i0.wp.com\/www.dannwollenwirmal.de\/wp-content\/uploads\/2017\/04\/schrankwand2.jpg?resize=1024%2C1024 1024w, https:\/\/i0.wp.com\/www.dannwollenwirmal.de\/wp-content\/uploads\/2017\/04\/schrankwand2.jpg?resize=150%2C150 150w, https:\/\/i0.wp.com\/www.dannwollenwirmal.de\/wp-content\/uploads\/2017\/04\/schrankwand2.jpg?resize=300%2C300 300w, https:\/\/i0.wp.com\/www.dannwollenwirmal.de\/wp-content\/uploads\/2017\/04\/schrankwand2.jpg?w=1512 1512w, https:\/\/i0.wp.com\/www.dannwollenwirmal.de\/wp-content\/uploads\/2017\/04\/schrankwand2.jpg?w=1304 1304w\" sizes=\"(max-width: 652px) 100vw, 652px\" data-recalc-dims=\"1\" \/><\/a><br \/>\n<em>Nut fr\u00e4sen mit der Flachd\u00fcbelfr\u00e4se<\/em><\/p>\n<p>Dabei habe ich eine millimetergenaue Tiefeneinstellung und einen ebenso gut einstellbaren Seitenanschlag. Eine Person sollte die Platte auf den B\u00f6cken fest halten, aber dann kann man m\u00fchelos daran entlangfahren und hat eine sch\u00f6ne Nut f\u00fcr die R\u00fcckwand:<\/p>\n<p><a href=\"https:\/\/i2.wp.com\/www.dannwollenwirmal.de\/wp-content\/uploads\/2017\/04\/schrankwand3.jpg\"><img data-attachment-id=\"1848\" data-permalink=\"http:\/\/www.dannwollenwirmal.de\/?attachment_id=1848#main\" data-orig-file=\"https:\/\/i2.wp.com\/www.dannwollenwirmal.de\/wp-content\/uploads\/2017\/04\/schrankwand3.jpg?fit=652%2C652\" data-orig-size=\"652,652\" data-comments-opened=\"1\" data-image-meta=\"{&quot;aperture&quot;:&quot;2.2&quot;,&quot;credit&quot;:&quot;&quot;,&quot;camera&quot;:&quot;iPhone 6s&quot;,&quot;caption&quot;:&quot;&quot;,&quot;created_timestamp&quot;:&quot;1490906749&quot;,&quot;copyright&quot;:&quot;&quot;,&quot;focal_length&quot;:&quot;4.15&quot;,&quot;iso&quot;:&quot;250&quot;,&quot;shutter_speed&quot;:&quot;0.058823529411765&quot;,&quot;title&quot;:&quot;&quot;,&quot;orientation&quot;:&quot;1&quot;}\" data-image-title=\"schrankwand3\" data-image-description=\"\" data-image-caption=\"\" data-medium-file=\"https:\/\/i2.wp.com\/www.dannwollenwirmal.de\/wp-content\/uploads\/2017\/04\/schrankwand3.jpg?fit=300%2C300\" data-large-file=\"https:\/\/i2.wp.com\/www.dannwollenwirmal.de\/wp-content\/uploads\/2017\/04\/schrankwand3.jpg?fit=652%2C652\" loading=\"lazy\" class=\"alignnone size-full wp-image-1848\" src=\"https:\/\/i2.wp.com\/www.dannwollenwirmal.de\/wp-content\/uploads\/2017\/04\/schrankwand3.jpg?resize=652%2C652\" alt=\"schrankwand3\" width=\"652\" height=\"652\" srcset=\"https:\/\/i2.wp.com\/www.dannwollenwirmal.de\/wp-content\/uploads\/2017\/04\/schrankwand3.jpg?w=652 652w, https:\/\/i2.wp.com\/www.dannwollenwirmal.de\/wp-content\/uploads\/2017\/04\/schrankwand3.jpg?resize=150%2C150 150w, https:\/\/i2.wp.com\/www.dannwollenwirmal.de\/wp-content\/uploads\/2017\/04\/schrankwand3.jpg?resize=300%2C300 300w\" sizes=\"(max-width: 652px) 100vw, 652px\" data-recalc-dims=\"1\" \/><\/a><br \/>\n<em>Nut f\u00fcr die R\u00fcckwand!<\/em><\/p>\n<p>Nach der Nut mussten jetzt noch gef\u00fchlte 184 L\u00f6cher \u00fcbertragen werden. Dazu habe ich wiederum die Originalplatte vermessen und die Positionen der L\u00f6cher notiert, dann auf die neue Wand \u00fcbertragen und gebohrt:<\/p>\n<p><a href=\"https:\/\/i1.wp.com\/www.dannwollenwirmal.de\/wp-content\/uploads\/2017\/04\/schrankwand1.jpg\"><img data-attachment-id=\"1850\" data-permalink=\"http:\/\/www.dannwollenwirmal.de\/?attachment_id=1850#main\" data-orig-file=\"https:\/\/i1.wp.com\/www.dannwollenwirmal.de\/wp-content\/uploads\/2017\/04\/schrankwand1.jpg?fit=652%2C652\" data-orig-size=\"652,652\" data-comments-opened=\"1\" data-image-meta=\"{&quot;aperture&quot;:&quot;2.2&quot;,&quot;credit&quot;:&quot;&quot;,&quot;camera&quot;:&quot;iPhone 6s&quot;,&quot;caption&quot;:&quot;&quot;,&quot;created_timestamp&quot;:&quot;1490906781&quot;,&quot;copyright&quot;:&quot;&quot;,&quot;focal_length&quot;:&quot;4.15&quot;,&quot;iso&quot;:&quot;400&quot;,&quot;shutter_speed&quot;:&quot;0.058823529411765&quot;,&quot;title&quot;:&quot;&quot;,&quot;orientation&quot;:&quot;1&quot;}\" data-image-title=\"schrankwand1\" data-image-description=\"\" data-image-caption=\"\" data-medium-file=\"https:\/\/i1.wp.com\/www.dannwollenwirmal.de\/wp-content\/uploads\/2017\/04\/schrankwand1.jpg?fit=300%2C300\" data-large-file=\"https:\/\/i1.wp.com\/www.dannwollenwirmal.de\/wp-content\/uploads\/2017\/04\/schrankwand1.jpg?fit=652%2C652\" loading=\"lazy\" class=\"alignnone size-large wp-image-1850\" src=\"https:\/\/i1.wp.com\/www.dannwollenwirmal.de\/wp-content\/uploads\/2017\/04\/schrankwand1.jpg?resize=652%2C652\" alt=\"schrankwand1\" width=\"652\" height=\"652\" srcset=\"https:\/\/i1.wp.com\/www.dannwollenwirmal.de\/wp-content\/uploads\/2017\/04\/schrankwand1.jpg?w=652 652w, https:\/\/i1.wp.com\/www.dannwollenwirmal.de\/wp-content\/uploads\/2017\/04\/schrankwand1.jpg?resize=150%2C150 150w, https:\/\/i1.wp.com\/www.dannwollenwirmal.de\/wp-content\/uploads\/2017\/04\/schrankwand1.jpg?resize=300%2C300 300w\" sizes=\"(max-width: 652px) 100vw, 652px\" data-recalc-dims=\"1\" \/><\/a><br \/>\n<em>L\u00f6cher f\u00fcr die Schrankwand \u00fcbertragen: Dabei darf der Zollstock auch mal fixiert werden<\/em><\/p>\n<p>Zu empfehlen ist hier eine Bohrmaschine\/Akkubohrer mit Tiefenanschlag, damit man nicht versehentlich durchbohrt. Nach etwa einem St\u00fcndchen waren alle Nuten und L\u00f6cher \u00fcbertragen und das Schr\u00e4nkchen konnte aufgebaut werden. Bei einer furnierten Platte h\u00e4tte man die Vorderkante noch mit einem <em>Kantenumleimer<\/em> austatten k\u00f6nnen, das ist ein schmaler Furnierstreifen auf Rolle, der aufgeb\u00fcgelt wird.<\/p>\n<p>Der Schrank wurde dann aufgebaut und, voila, alles hat gepasst wie es sollte. Eine originale Wand w\u00e4re beim Hersteller nur f\u00fcr rund 150,- \u20ac als Nachproduktion zu bekommen gewesen (ist das so richtig? Gewesen bekommen? Geworden gehabt?!?), ohne Garantie, dass sie \u00fcberhaupt passt. Also, ein sch\u00f6nes zwischendurch-Bauprojekt, bei dem auch die (bei mir) seltener genutzten Werkzeuge mal wieder zum Einsatz kamen. Und falls jemandem von Euch mal ne Schrankwand fehlt: viel Spa\u00df beim Nachbauen! \ud83d\ude42<\/p>\n<p>&nbsp;<\/p>\n<p>&nbsp;<\/p>\n<div class=\"sharedaddy sd-sharing-enabled\"><div class=\"robots-nocontent sd-block sd-social sd-social-icon-text sd-sharing\"><h3 class=\"sd-title\">Teilen mit:<\/h3><div class=\"sd-content\"><ul><li class=\"share-email\"><a rel=\"nofollow noopener noreferrer\" data-shared=\"\" class=\"share-email sd-button share-icon\" href=\"http:\/\/www.dannwollenwirmal.de\/?p=1844&amp;share=email\" target=\"_blank\" title=\"Klick, um dies einem Freund per E-Mail zu senden\"><span>E-Mail<\/span><\/a><\/li><li class=\"share-print\"><a rel=\"nofollow noopener noreferrer\" data-shared=\"\" class=\"share-print sd-button share-icon\" href=\"http:\/\/www.dannwollenwirmal.de\/?p=1844\" target=\"_blank\" title=\"Klicken zum Ausdrucken\"><span>Drucken<\/span><\/a><\/li><li class=\"share-facebook\"><a rel=\"nofollow noopener noreferrer\" data-shared=\"sharing-facebook-1844\" class=\"share-facebook sd-button share-icon\" href=\"http:\/\/www.dannwollenwirmal.de\/?p=1844&amp;share=facebook\" target=\"_blank\" title=\"Klick, um auf Facebook zu teilen\"><span>Facebook<\/span><\/a><\/li><li class=\"share-twitter\"><a rel=\"nofollow noopener noreferrer\" data-shared=\"sharing-twitter-1844\" class=\"share-twitter sd-button share-icon\" href=\"http:\/\/www.dannwollenwirmal.de\/?p=1844&amp;share=twitter\" target=\"_blank\" title=\"Klick, um \u00fcber Twitter zu teilen\"><span>Twitter<\/span><\/a><\/li><li class=\"share-pinterest\"><a rel=\"nofollow noopener noreferrer\" data-shared=\"sharing-pinterest-1844\" class=\"share-pinterest sd-button share-icon\" href=\"http:\/\/www.dannwollenwirmal.de\/?p=1844&amp;share=pinterest\" target=\"_blank\" title=\"Klick, um auf Pinterest zu teilen\"><span>Pinterest<\/span><\/a><\/li><li class=\"share-linkedin\"><a rel=\"nofollow noopener noreferrer\" data-shared=\"sharing-linkedin-1844\" class=\"share-linkedin sd-button share-icon\" href=\"http:\/\/www.dannwollenwirmal.de\/?p=1844&amp;share=linkedin\" target=\"_blank\" title=\"Klick, um auf LinkedIn zu teilen\"><span>LinkedIn<\/span><\/a><\/li><li class=\"share-end\"><\/li><\/ul><\/div><\/div><\/div>","protected":false},"excerpt":{"rendered":"<p>Im Rahmen der erweiterten Nachbarschaftshilfe hatte ich diese Woche eine Pr\u00e4miere und habe meine erste Schrankwand nachgebaut! Warum man eine Schrankwand nachbaut? Nun, der urspr\u00fcnglich zweiteilige Schrank (ein Eckelement und ein gerades Element) sollte getrennt werden, das Eckelement blieb wo es war und der andere Teil wanderte ein Stockwerk h\u00f6her. Problem nur, dass sich beide [&hellip;]<\/p>\n<div class=\"sharedaddy sd-sharing-enabled\"><div class=\"robots-nocontent sd-block sd-social sd-social-icon-text sd-sharing\"><h3 class=\"sd-title\">Teilen mit:<\/h3><div class=\"sd-content\"><ul><li class=\"share-email\"><a rel=\"nofollow noopener noreferrer\" data-shared=\"\" class=\"share-email sd-button share-icon\" href=\"http:\/\/www.dannwollenwirmal.de\/?p=1844&amp;share=email\" target=\"_blank\" title=\"Klick, um dies einem Freund per E-Mail zu senden\"><span>E-Mail<\/span><\/a><\/li><li class=\"share-print\"><a rel=\"nofollow noopener noreferrer\" data-shared=\"\" class=\"share-print sd-button share-icon\" href=\"http:\/\/www.dannwollenwirmal.de\/?p=1844\" target=\"_blank\" title=\"Klicken zum Ausdrucken\"><span>Drucken<\/span><\/a><\/li><li class=\"share-facebook\"><a rel=\"nofollow noopener noreferrer\" data-shared=\"sharing-facebook-1844\" class=\"share-facebook sd-button share-icon\" href=\"http:\/\/www.dannwollenwirmal.de\/?p=1844&amp;share=facebook\" target=\"_blank\" title=\"Klick, um auf Facebook zu teilen\"><span>Facebook<\/span><\/a><\/li><li class=\"share-twitter\"><a rel=\"nofollow noopener noreferrer\" data-shared=\"sharing-twitter-1844\" class=\"share-twitter sd-button share-icon\" href=\"http:\/\/www.dannwollenwirmal.de\/?p=1844&amp;share=twitter\" target=\"_blank\" title=\"Klick, um \u00fcber Twitter zu teilen\"><span>Twitter<\/span><\/a><\/li><li class=\"share-pinterest\"><a rel=\"nofollow noopener noreferrer\" data-shared=\"sharing-pinterest-1844\" class=\"share-pinterest sd-button share-icon\" href=\"http:\/\/www.dannwollenwirmal.de\/?p=1844&amp;share=pinterest\" target=\"_blank\" title=\"Klick, um auf Pinterest zu teilen\"><span>Pinterest<\/span><\/a><\/li><li class=\"share-linkedin\"><a rel=\"nofollow noopener noreferrer\" data-shared=\"sharing-linkedin-1844\" class=\"share-linkedin sd-button share-icon\" href=\"http:\/\/www.dannwollenwirmal.de\/?p=1844&amp;share=linkedin\" target=\"_blank\" title=\"Klick, um auf LinkedIn zu teilen\"><span>LinkedIn<\/span><\/a><\/li><li class=\"share-end\"><\/li><\/ul><\/div><\/div><\/div>","protected":false},"author":1,"featured_media":0,"comment_status":"open","ping_status":"open","sticky":false,"template":"","format":"standard","meta":{"advanced_seo_description":"","spay_email":"","jetpack_publicize_message":"","jetpack_is_tweetstorm":false,"jetpack_publicize_feature_enabled":true},"categories":[1,121],"tags":[359,478,477,476,479],"jetpack_featured_media_url":"","jetpack_publicize_connections":[],"jetpack_shortlink":"https:\/\/wp.me\/p3WtlO-tK","jetpack_sharing_enabled":true,"jetpack-related-posts":[{"id":830,"url":"http:\/\/www.dannwollenwirmal.de\/?p=830","url_meta":{"origin":1844,"position":0},"title":"Die Sache mit dem Fundament","date":"8. Februar 2015","format":false,"excerpt":"Wenn jemand anruft, der sagt, seine Wand ist kaputt, dann suche ich erstmal eine Telefonzelle. (Oh, das wird schwierig...) Ich ziehe mich blitzartig um, werfe mein Cape \u00fcber und schon bin ich...der Wand-Retter! Elegant wie Superman in seinen besten Jahren inspizierte ich diese Wand: Treppenf\u00f6rmige Risse in der Wand Risse,\u2026","rel":"","context":"In &quot;Allgemein&quot;","img":{"alt_text":"","src":"https:\/\/i1.wp.com\/www.dannwollenwirmal.de\/wp-content\/uploads\/2015\/02\/IMG_3245.jpg?resize=350%2C200","width":350,"height":200},"classes":[]},{"id":218,"url":"http:\/\/www.dannwollenwirmal.de\/?p=218","url_meta":{"origin":1844,"position":1},"title":"Badrenovierung, Teil 1","date":"26. November 2013","format":false,"excerpt":"Wie versprochen starte ich heute mit meinem Ausflug in die B\u00e4derwelt. Die Arbeiten liegen nun schon zwei Jahre zur\u00fcck und meine Erinnerungen sind etwas l\u00fcckenhaft, aber ich glaube anhand der Fotos kriege ich es noch zusammen. Damit alle wissen, worum es geht, hier erstmal der klassische vorher-nachher-Vergleich: vorher... nachher. Vergr\u00f6\u00dferung\u2026","rel":"","context":"In &quot;Allgemein&quot;","img":{"alt_text":"","src":"https:\/\/i0.wp.com\/www.dannwollenwirmal.de\/wp-content\/uploads\/2013\/11\/trockenb.jpg?resize=350%2C200","width":350,"height":200},"classes":[]},{"id":2228,"url":"http:\/\/www.dannwollenwirmal.de\/?p=2228","url_meta":{"origin":1844,"position":2},"title":"Wer schreibt, der bleibt","date":"25. M\u00e4rz 2018","format":false,"excerpt":"Tadaaa, fertig ist unser gro\u00dfes Fassaden- und Schriftzug-Projekt. Letzte Woche habe ich \u00fcber die Malerarbeiten berichtet, nun folgt der zweite Teil \u00fcber den Schriftzug. F\u00fcr alle Nachbauer: hier geht's zum ersten Teil. F\u00fcr den eigenen Firmennamen sollte man sich nur vielleicht andere Buchstaben aussuchen. Oder man vertauscht die Reihenfolge, das\u2026","rel":"","context":"In &quot;Allgemein&quot;","img":{"alt_text":"","src":"https:\/\/i1.wp.com\/www.dannwollenwirmal.de\/wp-content\/uploads\/2018\/03\/IMG_6131.jpg?resize=350%2C200","width":350,"height":200},"classes":[]},{"id":885,"url":"http:\/\/www.dannwollenwirmal.de\/?p=885","url_meta":{"origin":1844,"position":3},"title":"Nasszellentrockenbau","date":"8. M\u00e4rz 2015","format":false,"excerpt":"Heiter geht es weiter im Badezimmer der Tr\u00e4ume. Nachdem beim letzten mal die W\u00e4nde und Fliesen entfernt und die Au\u00dfenw\u00e4nde verputzt wurden, geht es nun an den Trockenbau. Es sollte eine neue Trennwand mit T\u00fcr\u00f6ffnung installiert werden, au\u00dferdem hat man sich entschlossen, die Decke abzuh\u00e4ngen. Die Decke h\u00e4tte ich ehrlicherweise\u2026","rel":"","context":"In &quot;Allgemein&quot;","img":{"alt_text":"","src":"https:\/\/i1.wp.com\/www.dannwollenwirmal.de\/wp-content\/uploads\/2015\/03\/IMG_3293.jpg?resize=350%2C200","width":350,"height":200},"classes":[]},{"id":1837,"url":"http:\/\/www.dannwollenwirmal.de\/?p=1837","url_meta":{"origin":1844,"position":4},"title":"Baumarkt-Er\u00f6ffnung","date":"26. M\u00e4rz 2017","format":false,"excerpt":"Daraus, dass ich kein gro\u00dfer Baumarkt-Fan bin, habe ich ja noch nie einen Hehl gemacht. Eigentlich untypisch f\u00fcr einen Heimwerker, aber nach diversestestestesten Qualit\u00e4tsentt\u00e4uschungen bin ich ja mittlerweile bekennender Baustoffh\u00e4ndlerfreund. Doch manche Sachen ben\u00f6tigen eben doch den Baumarkt, beispielsweise ein Holzzuschnitt f\u00fcr eine Schrankwand (Nachbarschaftshilfe!), und zuf\u00e4llig traf es sich,\u2026","rel":"","context":"In &quot;Allgemein&quot;","img":{"alt_text":"","src":"","width":0,"height":0},"classes":[]},{"id":2117,"url":"http:\/\/www.dannwollenwirmal.de\/?p=2117","url_meta":{"origin":1844,"position":5},"title":"Freischwinger","date":"10. Dezember 2017","format":false,"excerpt":"Auch wenn der Suchbegriff \"Gipskarton auf Holzlatten Dichtung\" mich kurz hat \u00fcberlegen lassen, ob ich nun was \u00fcber Gipskarton auf Holzlatten dichten soll (Lass das mit der Latte sein, Profil kommt in die Decke rein! Magst Du diese nicht, was solls - nimm halt doch dein krummes Holz), geht es\u2026","rel":"","context":"In &quot;Allgemein&quot;","img":{"alt_text":"","src":"https:\/\/i1.wp.com\/www.dannwollenwirmal.de\/wp-content\/uploads\/2017\/12\/IMG_5965-2-1024x1024.jpg?resize=350%2C200","width":350,"height":200},"classes":[]}],"_links":{"self":[{"href":"http:\/\/www.dannwollenwirmal.de\/index.php?rest_route=\/wp\/v2\/posts\/1844"}],"collection":[{"href":"http:\/\/www.dannwollenwirmal.de\/index.php?rest_route=\/wp\/v2\/posts"}],"about":[{"href":"http:\/\/www.dannwollenwirmal.de\/index.php?rest_route=\/wp\/v2\/types\/post"}],"author":[{"embeddable":true,"href":"http:\/\/www.dannwollenwirmal.de\/index.php?rest_route=\/wp\/v2\/users\/1"}],"replies":[{"embeddable":true,"href":"http:\/\/www.dannwollenwirmal.de\/index.php?rest_route=%2Fwp%2Fv2%2Fcomments&post=1844"}],"version-history":[{"count":2,"href":"http:\/\/www.dannwollenwirmal.de\/index.php?rest_route=\/wp\/v2\/posts\/1844\/revisions"}],"predecessor-version":[{"id":1852,"href":"http:\/\/www.dannwollenwirmal.de\/index.php?rest_route=\/wp\/v2\/posts\/1844\/revisions\/1852"}],"wp:attachment":[{"href":"http:\/\/www.dannwollenwirmal.de\/index.php?rest_route=%2Fwp%2Fv2%2Fmedia&parent=1844"}],"wp:term":[{"taxonomy":"category","embeddable":true,"href":"http:\/\/www.dannwollenwirmal.de\/index.php?rest_route=%2Fwp%2Fv2%2Fcategories&post=1844"},{"taxonomy":"post_tag","embeddable":true,"href":"http:\/\/www.dannwollenwirmal.de\/index.php?rest_route=%2Fwp%2Fv2%2Ftags&post=1844"}],"curies":[{"name":"wp","href":"https:\/\/api.w.org\/{rel}","templated":true}]}}