{"id":1837,"date":"2017-03-26T08:00:46","date_gmt":"2017-03-26T06:00:46","guid":{"rendered":"http:\/\/www.dannwollenwirmal.de\/?p=1837"},"modified":"2017-03-25T20:36:59","modified_gmt":"2017-03-25T19:36:59","slug":"baumarkt-eroeffnung","status":"publish","type":"post","link":"http:\/\/www.dannwollenwirmal.de\/?p=1837","title":{"rendered":"Baumarkt-Er\u00f6ffnung"},"content":{"rendered":"<p>Daraus, dass ich kein gro\u00dfer Baumarkt-Fan bin, habe ich ja noch nie einen Hehl gemacht. Eigentlich untypisch f\u00fcr einen Heimwerker, aber nach diversestestestesten Qualit\u00e4tsentt\u00e4uschungen bin ich ja mittlerweile bekennender Baustoffh\u00e4ndlerfreund. Doch manche Sachen ben\u00f6tigen eben doch den Baumarkt, beispielsweise ein Holzzuschnitt f\u00fcr eine Schrankwand (Nachbarschaftshilfe!), und zuf\u00e4llig traf es sich, dass bei uns um die Ecke ein 12.000 Quadratmeter(!) gro\u00dfer Baumarkt just vor zwei Wochen er\u00f6ffnet hat. Da gingen ja selbst mir die Augen \u00fcber. Direkt am Eingang tummeln sich Mitarbeiter, die die Kunden abfangen und in die richtige Richtung lotsen. Der Zuschnitt war mit zwei(!) Mitarbeitern besetzt, ohne Klingeln, ohne Wartezeit. Nicht schlecht! Auch die Werkzeugauswahl war erstaunlich gut. Nat\u00fcrlich habe ich es mir nicht nehmen lassen, den neuen Markt dem <em>dannwollenwirmal<\/em>-Check zu unterziehen und die Kompetenz der Mitarbeiter auf Herz und Nieren zu testen. Hier die Ergebnisse als Dialog-Protokolle.<\/p>\n<p>Abteilung: Sanit\u00e4r<br \/>\nIch: Hallo, wo finde ich denn den dreif\u00fcnfundf\u00fcnfziger Rohrmuffenflansch auf Eckstutzen? M\u00fcsste doch hier irgendwo sein?!<br \/>\nMitarbeiter: Den was?<br \/>\nIch: Hundertf\u00fcnfziger Biegebogen mit Dreh-Eck-Element und Muffenstutzen. Um nachher auf den Abfluss zu kommen, Mensch!<br \/>\nMitarbeiter: Abflussrohre, HT-Rohre, die sind im n\u00e4chsten Gang.<br \/>\nIch: Nee nee nee, HT n\u00fctzt ja nix ohne IB! Und da fehlt mir eben der \u00dcbergang von PK\u00a0auf ZB! Sonst passt ja auch die Steigneigung nicht.<br \/>\nMitarbeiter: Ja, da wei\u00df ich jetzt auch nicht so genau&#8230;<br \/>\nIch: Wenn sie wenigstens eine Ventilabziehmuffe h\u00e4tten? M\u00fcsste aber dreiviertel Zoll sein. Mit Nippel bitte, ach, wissense was, ich nehme zwei.<br \/>\nMitarbeiter: Dreiviertel Zoll m\u00fcsste da vorne&#8230;<br \/>\nIch: Passt der denn auf die Nut vom Halbachtel? Oder bricht dann die Flansch?<br \/>\nMitarbeiter: D\u00fcrfte eigentlich nicht brechen, nee&#8230;<br \/>\nIch: Gut, denn sonst h\u00e4tte ich nat\u00fcrlich ein Problem!<br \/>\nMitarbeiter: Ja, klar&#8230;<br \/>\nIch: Ich nehme noch zwei Bogenschellenmuffen und drei Muffenschellenb\u00f6gen mit. Such ich mir raus! Danke erstmal!<\/p>\n<p>Abteilung: Holzzuschnitt<br \/>\nIch: Hallo, diese Platte bitte einmal schneiden.<br \/>\nMitarbeiter: Okay, welches Ma\u00df?<br \/>\nIch: So. (Breite die Arme aus)<br \/>\nMitarbeiter: Das m\u00fcsste ich schon genauer wissen.<br \/>\nIch: Ja, welches Ma\u00df wird denn meistens so genommen?<br \/>\nMitarbeiter: Das ist unterschiedlich.<br \/>\nIch: Hmm, na dann s\u00e4gen sie mal so&#8230; hundert Meter ab.<br \/>\nMitarbeiter: Hundert Meter? Die Platte ist ja nur zwei sechzig.<br \/>\nIch: Ja, prima, dann nehmen wir zwei sechzig!<br \/>\nMitarbeiter: Also gar nicht abschneiden!?<br \/>\nIch: Doch, klar! Ist das hier nun der Zuschnitt oder nicht?<br \/>\nMitarbeiter: Aber sie m\u00fcssen mir schon sagen, wie viel ich abschneiden soll!<br \/>\nIch: Was f\u00e4nden Sie denn h\u00fcbsch?<br \/>\nMitarbeiter: Ich, \u00e4h&#8230; keine Ahnung!<br \/>\nIch: K\u00f6nnen Sie auch ein Muster s\u00e4gen?<br \/>\nMitarbeiter: Nein!<br \/>\nIch: Na gut, ich \u00fcberleg&#8217;s mir nochmal. Danke!<\/p>\n<p>Abteilung: Farben<br \/>\nIch: Hallo, ich h\u00e4tte gern eine Farbe gemischt!<br \/>\nMitarbeiter: Wof\u00fcr soll die Farbe denn sein?<br \/>\nIch: zum Streichen!<br \/>\nMitarbeiter: Jaja, innen oder au\u00dfen, Holz oder Metall, was f\u00fcr&#8217;n Untergrund..?<br \/>\nIch: Ja, so ne Wand.<br \/>\nMitarbeiter: Also innen?<br \/>\nIch: Nein, nein!<br \/>\nMitarbeiter: Also au\u00dfen?<br \/>\nIch: Nee, nee.<br \/>\nMitarbeiter: Ja was denn nun?<br \/>\nIch: Im Wohnzimmer.<br \/>\nMitarbeiter: Also doch innen!<br \/>\nIch: Ja ja.<br \/>\nMitarbeiter: Und welcher Farbton?<br \/>\nIch: So ein gr\u00fcnliches schwarzblau.<br \/>\nMitarbeiter: Hier sind die Farbkarten, am Besten sie suchen sich da was raus.<br \/>\nIch: Ja, das ist schwierig. So wie dieses hier, nur mehr ins gr\u00fcnblaue.<br \/>\nMitarbeiter: Also sie m\u00fcssen sich schon eine Farbe aussuchen.<br \/>\nIch: Dieses hier, nur etwas grauer.<br \/>\nMitarbeiter: Ich kann nur die Farben mischen, die da drauf sind.<br \/>\nIch: So \u00e4hnlich wie ihr Pullover, nur etwas grauer und ins gelbe gehend. K\u00f6nnen sie nicht mehrere von diesen Farben hier mischen?<br \/>\nMitarbeiter: Nein, man kann eine Farbe mischen.<br \/>\nIch: Dann nehme ich diese, mit der hier.<br \/>\nMitarbeiter: EINE!<br \/>\nIch: Ach, ich glaub&#8216;, ich nehme doch wei\u00df.<\/p>\n<p>Abteilung: Garten<br \/>\nIch: Hallo, ich hatte im Markt in M. letztes Jahr nen Apfelbaum gekauft, den hab ich dann beschnitten, und nun kommt da nix mehr.<br \/>\nMitarbeiter: Wie haben sie den denn beschnitten?<br \/>\nIch: Naja, gek\u00fcrzt halt.<br \/>\nMitarbeiter:\u00a0Und wo?<br \/>\nIch: Direkt \u00fcberm Boden.<br \/>\nMitarbeiter: Wie, \u00fcberm Boden?<br \/>\nIch: Naja, b\u00fcndig halt!<br \/>\nMitarbeiter: Sie haben den ganzen Baum abgeschnitten?<br \/>\nIch: Klar! Im Februar zur\u00fcckschneiden, stand doch drauf!<br \/>\nMitarbeiter: Aber doch nicht ganz abschneiden!<br \/>\nIch: Was ist dat denn f\u00fcr ne Erbsenz\u00e4hlerei hier! Schnitt is Schnitt!<br \/>\nMitarbeiter: Zur\u00fcckschneiden hei\u00dft, die einzelnen \u00c4ste und Zweige&#8230;<br \/>\nIch: Ja, hab ich ja! Alle weg!<br \/>\nMitarbeiter: Also, Ersatz kann ich Ihnen da nicht geben.<br \/>\nIch: Na gut. Wenn sie wollen, mach ich noch ein paar Probeschnitte bei Ihren B\u00e4umen da drau\u00dfen?<br \/>\nMitarbeiter: Blo\u00df nicht!<\/p>\n<p>Abteilung: Elektro<br \/>\nIch: Guten Tag! Ich schlie\u00dfe gerade mein Haus ans Trafoh\u00e4uschen an. Da sind aber nur\u00a0so gro\u00dfe Klemmen drin. Und ich habe nur so&#8217;n kleines Kabel. Brauch ich da einen Adapter?<br \/>\nMitarbeiter: Ans Trafoh\u00e4uschen? Da d\u00fcrfen Sie gar nix machen! Das macht der Energieversorger! Und der Elektriker!<br \/>\nIch: Die Farben passen auch nicht. Ich hab gelb, gr\u00fcn, blau, schwarz, braun, grau, und da drin ist schwarz, grau&#8230;.<br \/>\nMitarbeiter: Lassen\u00a0Sie blo\u00df die Finger davon! Das ist lebensgef\u00e4hrlich!<br \/>\nIch: Ich bin gelernter Schmied, da werd&#8216;\u00a0ich ja wohl so&#8217;n Kabel angeschlossen kriegen. Also grau muss auf rot oder andersrum?<br \/>\nMitarbeiter: Kann ich\u00a0Ihnen nix zu sagen! Wie sind Sie da \u00fcberhaupt rein gekommen?<br \/>\nIch: Das l\u00e4sst sich relativ schnell aufhebeln. Haben Sie auch diese gro\u00dfen Schraubenschl\u00fcssel f\u00fcr die Trafoklemmen?\u00a0Oder kann ich da mitte Wasserpumpenzange&#8230;?<br \/>\nMitarbeiter: Nein, haben wir nicht! Sie machen sich strafbar! Rufen Sie beim Energieversorger an!<br \/>\nIch: Naja, wenn&#8217;s sein muss&#8230;aber vielleicht haben\u00a0Sie ja wenigstens Sicherungsautomaten mit Mehrfachabgang.<br \/>\nMitarbeiter: Wof\u00fcr das nun wieder?<br \/>\nIch: F\u00fcr die Hausverteilung! Zwanzig Steckdosenstrippen passen nicht in die Klemme von dem Automaten!\u00a0Oder muss ich da was l\u00f6ten?<br \/>\nMitarbeiter: <em>dreht sich um und geht weg<br \/>\n<\/em>Ich\u00a0<em>(hinterher rufend)<\/em>: Oder brauch ich gar keine Sicherungen? M\u00fcssten ja im Trafoh\u00e4uschen schon drin sein! Und was ist jetzt mit den Farben? Was ist denn Erde? Braun, oder? Erde ist doch immer braun!?<\/p>\n<p>Finale: An der Kasse<br \/>\nIch: So, diese Schrauben nehm ich mit, kann man da noch\u00a0was am Preis machen?<br \/>\nKassiererin: Ich denke nicht, wieso?<br \/>\nIch: Sagen wir, ich gebe Ihnen zw\u00f6lf.<br \/>\nKassiererin: Die kosten 14,99!<br \/>\nIch: Was zahl&#8217;n se denn daf\u00fcr im Einkauf? EK?<br \/>\nKassiererin: Wei\u00df ich nicht. Wenn was damit nicht stimmt, m\u00fcssen Sie nochmal in die Abteilung gehen.<br \/>\nIch: Doch, alles super. Na von mir aus. Aber hier der Schlauch, da w\u00fcrd ich dann wohl zwei zum Preis von einem nehmen.<br \/>\nKassiererin: Das geht doch nicht! <i>(Blickt sich hilfesuchend nach ihrer Kollegin um)<br \/>\n<\/i>Ich: Oder ich tausche. Hier die Uhr gegen den Schlauch?<br \/>\n<i>Die Schlange hinter mir wird l\u00e4nger.<br \/>\n<\/i>Kassiererin:\u00a0H\u00f6ren Sie, entweder Sie bezahlen jetzt ganz normal, oder Sie gehen an die Info damit&#8230;<br \/>\nIch: Wenn ich die Schrauben, den Schlauch und die Primeln nehme, k\u00f6nnen wir aber n\u00e4chstes mal was am Preis machen, stimmts?<br \/>\nKassiererin: Mal sehn. 69,98 bitte.<br \/>\nIch: Das \u00fcberweise ich dann.<br \/>\nKassiererin: Bitte?!<br \/>\nIch: Oder ich mache die Tage nen Scheck fertig.<br \/>\nKassiererin: Sie m\u00fcssen das schon jetzt bezahlen!<br \/>\nIch: Achso! Na dann will ich es doch nicht. Wiedersehn!<br \/>\nKassiererin: STORNO!<\/p>\n<p>Wie man sieht, haben die Mitarbeiter die Test-Situationen durchwachsen gemeistert. Die Gartenabteilung war zudem etwas ungehalten, als ich mit dem Bew\u00e4sserungsschlauch die anderen Kunden na\u00dfgespritzt habe. Und im Elektro war man gar nicht sooo begeistert, als ich zeigte, dass auf der Trommel mit Erdkabel 244 Meter drauf sind! Achja, der Gabelstapler f\u00e4hrt sich gar nicht schlecht, auch wenn der gar nicht zum Verkauf steht? Merkw\u00fcrdig. Und dass man die Flex nicht an den Hochregalen testen darf, hat mir auch keiner gesagt.<\/p>\n<p>Alles in allem w\u00fcrde ich drei von f\u00fcnf Sternen vergeben. Die Tests aus den Dialogen d\u00fcrfen \u00fcbrigens auch gern \u00fcbernommen werden. Ich freue mich schon auf die deutschlandweiten\u00a0dannwollenwirmal-Leser-Baumarkttests! Nur dran denken: Immer in Fluchtrichtung parken. Viel Erfolg!<\/p>\n<p>&nbsp;<\/p>\n<p>&nbsp;<\/p>\n<div class=\"sharedaddy sd-sharing-enabled\"><div class=\"robots-nocontent sd-block sd-social sd-social-icon-text sd-sharing\"><h3 class=\"sd-title\">Teilen mit:<\/h3><div class=\"sd-content\"><ul><li class=\"share-email\"><a rel=\"nofollow noopener noreferrer\" data-shared=\"\" class=\"share-email sd-button share-icon\" href=\"http:\/\/www.dannwollenwirmal.de\/?p=1837&amp;share=email\" target=\"_blank\" title=\"Klick, um dies einem Freund per E-Mail zu senden\"><span>E-Mail<\/span><\/a><\/li><li class=\"share-print\"><a rel=\"nofollow noopener noreferrer\" data-shared=\"\" class=\"share-print sd-button share-icon\" href=\"http:\/\/www.dannwollenwirmal.de\/?p=1837\" target=\"_blank\" title=\"Klicken zum Ausdrucken\"><span>Drucken<\/span><\/a><\/li><li class=\"share-facebook\"><a rel=\"nofollow noopener noreferrer\" data-shared=\"sharing-facebook-1837\" class=\"share-facebook sd-button share-icon\" href=\"http:\/\/www.dannwollenwirmal.de\/?p=1837&amp;share=facebook\" target=\"_blank\" title=\"Klick, um auf Facebook zu teilen\"><span>Facebook<\/span><\/a><\/li><li class=\"share-twitter\"><a rel=\"nofollow noopener noreferrer\" data-shared=\"sharing-twitter-1837\" class=\"share-twitter sd-button share-icon\" href=\"http:\/\/www.dannwollenwirmal.de\/?p=1837&amp;share=twitter\" target=\"_blank\" title=\"Klick, um \u00fcber Twitter zu teilen\"><span>Twitter<\/span><\/a><\/li><li class=\"share-pinterest\"><a rel=\"nofollow noopener noreferrer\" data-shared=\"sharing-pinterest-1837\" class=\"share-pinterest sd-button share-icon\" href=\"http:\/\/www.dannwollenwirmal.de\/?p=1837&amp;share=pinterest\" target=\"_blank\" title=\"Klick, um auf Pinterest zu teilen\"><span>Pinterest<\/span><\/a><\/li><li class=\"share-linkedin\"><a rel=\"nofollow noopener noreferrer\" data-shared=\"sharing-linkedin-1837\" class=\"share-linkedin sd-button share-icon\" href=\"http:\/\/www.dannwollenwirmal.de\/?p=1837&amp;share=linkedin\" target=\"_blank\" title=\"Klick, um auf LinkedIn zu teilen\"><span>LinkedIn<\/span><\/a><\/li><li class=\"share-end\"><\/li><\/ul><\/div><\/div><\/div>","protected":false},"excerpt":{"rendered":"<p>Daraus, dass ich kein gro\u00dfer Baumarkt-Fan bin, habe ich ja noch nie einen Hehl gemacht. Eigentlich untypisch f\u00fcr einen Heimwerker, aber nach diversestestestesten Qualit\u00e4tsentt\u00e4uschungen bin ich ja mittlerweile bekennender Baustoffh\u00e4ndlerfreund. Doch manche Sachen ben\u00f6tigen eben doch den Baumarkt, beispielsweise ein Holzzuschnitt f\u00fcr eine Schrankwand (Nachbarschaftshilfe!), und zuf\u00e4llig traf es sich, dass bei uns um die [&hellip;]<\/p>\n<div class=\"sharedaddy sd-sharing-enabled\"><div class=\"robots-nocontent sd-block sd-social sd-social-icon-text sd-sharing\"><h3 class=\"sd-title\">Teilen mit:<\/h3><div class=\"sd-content\"><ul><li class=\"share-email\"><a rel=\"nofollow noopener noreferrer\" data-shared=\"\" class=\"share-email sd-button share-icon\" href=\"http:\/\/www.dannwollenwirmal.de\/?p=1837&amp;share=email\" target=\"_blank\" title=\"Klick, um dies einem Freund per E-Mail zu senden\"><span>E-Mail<\/span><\/a><\/li><li class=\"share-print\"><a rel=\"nofollow noopener noreferrer\" data-shared=\"\" class=\"share-print sd-button share-icon\" href=\"http:\/\/www.dannwollenwirmal.de\/?p=1837\" target=\"_blank\" title=\"Klicken zum Ausdrucken\"><span>Drucken<\/span><\/a><\/li><li class=\"share-facebook\"><a rel=\"nofollow noopener noreferrer\" data-shared=\"sharing-facebook-1837\" class=\"share-facebook sd-button share-icon\" href=\"http:\/\/www.dannwollenwirmal.de\/?p=1837&amp;share=facebook\" target=\"_blank\" title=\"Klick, um auf Facebook zu teilen\"><span>Facebook<\/span><\/a><\/li><li class=\"share-twitter\"><a rel=\"nofollow noopener noreferrer\" data-shared=\"sharing-twitter-1837\" class=\"share-twitter sd-button share-icon\" href=\"http:\/\/www.dannwollenwirmal.de\/?p=1837&amp;share=twitter\" target=\"_blank\" title=\"Klick, um \u00fcber Twitter zu teilen\"><span>Twitter<\/span><\/a><\/li><li class=\"share-pinterest\"><a rel=\"nofollow noopener noreferrer\" data-shared=\"sharing-pinterest-1837\" class=\"share-pinterest sd-button share-icon\" href=\"http:\/\/www.dannwollenwirmal.de\/?p=1837&amp;share=pinterest\" target=\"_blank\" title=\"Klick, um auf Pinterest zu teilen\"><span>Pinterest<\/span><\/a><\/li><li class=\"share-linkedin\"><a rel=\"nofollow noopener noreferrer\" data-shared=\"sharing-linkedin-1837\" class=\"share-linkedin sd-button share-icon\" href=\"http:\/\/www.dannwollenwirmal.de\/?p=1837&amp;share=linkedin\" target=\"_blank\" title=\"Klick, um auf LinkedIn zu teilen\"><span>LinkedIn<\/span><\/a><\/li><li class=\"share-end\"><\/li><\/ul><\/div><\/div><\/div>","protected":false},"author":1,"featured_media":0,"comment_status":"open","ping_status":"open","sticky":false,"template":"","format":"standard","meta":{"advanced_seo_description":"","spay_email":"","jetpack_publicize_message":"","jetpack_is_tweetstorm":false,"jetpack_publicize_feature_enabled":true},"categories":[1,72],"tags":[475],"jetpack_featured_media_url":"","jetpack_publicize_connections":[],"jetpack_shortlink":"https:\/\/wp.me\/p3WtlO-tD","jetpack_sharing_enabled":true,"jetpack-related-posts":[{"id":190,"url":"http:\/\/www.dannwollenwirmal.de\/?p=190","url_meta":{"origin":1837,"position":0},"title":"Eine kurze Einsch\u00e4tzung zum Thema: Baum\u00e4rkte","date":"16. November 2013","format":false,"excerpt":"Im heimatlichen Minden (rund 80.000 Einwohner) bzw. Porta Westfalica (37.000 Einwohner) gibt es, grob durchgez\u00e4hlt, immerhin f\u00fcnf Baum\u00e4rkte. Einer wird zwar jetzt geschlossen, aber zwei(!) neue Riesen-M\u00e4rkte sind geplant oder zumindest angedacht. Diesen Boom nehme ich zum Anlass, ein paar Gedanken zum Thema Baum\u00e4rkte niederzulegen: Fr\u00fcher war ich ein wahrer\u2026","rel":"","context":"In &quot;Allgemein&quot;","img":{"alt_text":"","src":"https:\/\/i0.wp.com\/www.dannwollenwirmal.de\/wp-content\/uploads\/2013\/11\/kleben.jpg?resize=350%2C200","width":350,"height":200},"classes":[]},{"id":1773,"url":"http:\/\/www.dannwollenwirmal.de\/?p=1773","url_meta":{"origin":1837,"position":1},"title":"Baumarktklatsche","date":"29. Januar 2017","format":false,"excerpt":"Habe ich schon erw\u00e4hnt, dass ich n\u00e4chstes Jahr gerne mal zur BAU nach M\u00fcnchen m\u00f6chte? Eine Fachmesse, auf der quasi alle namhaften Hersteller von Werkzeug und Zubeh\u00f6r vertreten sind und Menschen mit einer gewissen Werkzeugliebe vermutlich aus dem Staunen nicht mehr rauskommen. Ich suche daher auf diesem Wege einen Sponsor\u2026","rel":"","context":"In &quot;Allgemein&quot;","img":{"alt_text":"","src":"https:\/\/i2.wp.com\/www.dannwollenwirmal.de\/wp-content\/uploads\/2017\/01\/IMG_5064.jpg?resize=350%2C200","width":350,"height":200},"classes":[]},{"id":714,"url":"http:\/\/www.dannwollenwirmal.de\/?p=714","url_meta":{"origin":1837,"position":2},"title":"Neulich im Baumarkt","date":"14. Dezember 2014","format":false,"excerpt":"Auch wenn ich Baum\u00e4rkte mittlerweile eher vermeide - manchmal bleibt keine Wahl, und in diesem Fall wollte ich gemischte Farbe f\u00fcr meine Holzbalken, da hat der Baumarkt T. dann doch die gr\u00f6\u00dfte Auswahl und so bin ich eben hingefahren. Bereits im Eingangsbereich fiel mir ein Verk\u00e4ufer auf, der mich schon\u2026","rel":"","context":"In &quot;Allgemein&quot;","img":{"alt_text":"","src":"","width":0,"height":0},"classes":[]},{"id":1026,"url":"http:\/\/www.dannwollenwirmal.de\/?p=1026","url_meta":{"origin":1837,"position":3},"title":"Sommerpause V","date":"2. August 2015","format":false,"excerpt":"Was Sie schon immer \u00fcber Farben wissen wollten, im Baumarkt nebenan: Neulich im Baumarkt 14. Dezember 2014 Auch wenn ich Baum\u00e4rkte mittlerweile eher vermeide \u2013 manchmal bleibt keine Wahl, und in diesem Fall wollte ich gemischte Farbe f\u00fcr meine Holzbalken, da hat der Baumarkt T. dann doch die gr\u00f6\u00dfte Auswahl\u2026","rel":"","context":"In &quot;Allgemein&quot;","img":{"alt_text":"","src":"","width":0,"height":0},"classes":[]},{"id":468,"url":"http:\/\/www.dannwollenwirmal.de\/?p=468","url_meta":{"origin":1837,"position":4},"title":"Das wird lustig!","date":"15. Mai 2014","format":false,"excerpt":"Zugegeben: Mein Verh\u00e4ltnis zu Baum\u00e4rkten war und ist nicht ganz unbelastet (siehe HIER), aber es erf\u00fcllte mich doch mit einem gewissen Stolz, dass der Hagebaumarkt mich anschrieb und fragte, ob ich nicht das Hagebaumarkt-Gewinnspiel hier im Blog vorstellen m\u00f6chte. Was wohl bedeutet, dass mein Blog h\u00f6chst popul\u00e4r ist und ich\u2026","rel":"","context":"In &quot;Allgemein&quot;","img":{"alt_text":"","src":"","width":0,"height":0},"classes":[]},{"id":1525,"url":"http:\/\/www.dannwollenwirmal.de\/?p=1525","url_meta":{"origin":1837,"position":5},"title":"Powers\u00e4tze f\u00fcr Heimwerker","date":"12. Juni 2016","format":false,"excerpt":"Regentag und schlechte Laune? Einfach mal die folgenden Powers\u00e4tze ausprobieren und lauter verdutzte Gesichter zur\u00fccklassen. Im Baumarkt, Sanit\u00e4rabteilung \"Ich h\u00e4tte gern einen doppelt gekr\u00f6pften Flanschmuffenbogen. Aber nicht wieder den Halbzoll! Diesmal brauch ich Feingewinde!\" In der Autowerkstatt \"Ach, hier vorne ist der Motor? Ich dachte immer hinten. Witzig, oder?\" Im\u2026","rel":"","context":"In &quot;Allgemein&quot;","img":{"alt_text":"","src":"","width":0,"height":0},"classes":[]}],"_links":{"self":[{"href":"http:\/\/www.dannwollenwirmal.de\/index.php?rest_route=\/wp\/v2\/posts\/1837"}],"collection":[{"href":"http:\/\/www.dannwollenwirmal.de\/index.php?rest_route=\/wp\/v2\/posts"}],"about":[{"href":"http:\/\/www.dannwollenwirmal.de\/index.php?rest_route=\/wp\/v2\/types\/post"}],"author":[{"embeddable":true,"href":"http:\/\/www.dannwollenwirmal.de\/index.php?rest_route=\/wp\/v2\/users\/1"}],"replies":[{"embeddable":true,"href":"http:\/\/www.dannwollenwirmal.de\/index.php?rest_route=%2Fwp%2Fv2%2Fcomments&post=1837"}],"version-history":[{"count":5,"href":"http:\/\/www.dannwollenwirmal.de\/index.php?rest_route=\/wp\/v2\/posts\/1837\/revisions"}],"predecessor-version":[{"id":1842,"href":"http:\/\/www.dannwollenwirmal.de\/index.php?rest_route=\/wp\/v2\/posts\/1837\/revisions\/1842"}],"wp:attachment":[{"href":"http:\/\/www.dannwollenwirmal.de\/index.php?rest_route=%2Fwp%2Fv2%2Fmedia&parent=1837"}],"wp:term":[{"taxonomy":"category","embeddable":true,"href":"http:\/\/www.dannwollenwirmal.de\/index.php?rest_route=%2Fwp%2Fv2%2Fcategories&post=1837"},{"taxonomy":"post_tag","embeddable":true,"href":"http:\/\/www.dannwollenwirmal.de\/index.php?rest_route=%2Fwp%2Fv2%2Ftags&post=1837"}],"curies":[{"name":"wp","href":"https:\/\/api.w.org\/{rel}","templated":true}]}}