{"id":1833,"date":"2017-03-19T08:00:08","date_gmt":"2017-03-19T07:00:08","guid":{"rendered":"http:\/\/www.dannwollenwirmal.de\/?p=1833"},"modified":"2017-03-18T22:11:19","modified_gmt":"2017-03-18T21:11:19","slug":"hosen-runter-meine-werkzeugsammlung","status":"publish","type":"post","link":"http:\/\/www.dannwollenwirmal.de\/?p=1833","title":{"rendered":"Hosen runter: meine Werkzeugsammlung"},"content":{"rendered":"<p>Der Suchbegriff der Woche &#8222;deckenstrahler mit acryl fest kleben&#8220; lie\u00df mich diesmal nicht gleich schreien, aber immerhin stutzen. Okay, die Idee mit dem Acryl als Kleber (h\u00e4lt tats\u00e4chlich gut, hat nur eine lange Trockenzeit; rund 24 Stunden) hatte ich ja hier auch schon, aber einen Deckenstrahler \u00fcberhaupt kleben zu wollen &#8211; dazu geh\u00f6rt immerhin Mut. Frohes Schaffen, lieber Sucher.<\/p>\n<p>Heute wollte ich meinen werten Lesern mal einen kleinen \u00dcberblick \u00fcber meine Werkzeugsammlung geben, nat\u00fcrlich nach Kategorien geordnet, mit ein paar Kaufempfehlungen und als Ratschl\u00e4ge die <em>Essentials<\/em>, die sich in den letzten Jahren als n\u00fctzlich herausgestellt haben.<\/p>\n<p><a href=\"https:\/\/i2.wp.com\/www.dannwollenwirmal.de\/wp-content\/uploads\/2017\/03\/IMG_4962.jpg\"><img data-attachment-id=\"1834\" data-permalink=\"http:\/\/www.dannwollenwirmal.de\/?attachment_id=1834#main\" data-orig-file=\"https:\/\/i2.wp.com\/www.dannwollenwirmal.de\/wp-content\/uploads\/2017\/03\/IMG_4962.jpg?fit=652%2C652\" data-orig-size=\"652,652\" data-comments-opened=\"1\" data-image-meta=\"{&quot;aperture&quot;:&quot;2.2&quot;,&quot;credit&quot;:&quot;&quot;,&quot;camera&quot;:&quot;iPhone 6s&quot;,&quot;caption&quot;:&quot;&quot;,&quot;created_timestamp&quot;:&quot;1479228481&quot;,&quot;copyright&quot;:&quot;&quot;,&quot;focal_length&quot;:&quot;4.15&quot;,&quot;iso&quot;:&quot;400&quot;,&quot;shutter_speed&quot;:&quot;0.058823529411765&quot;,&quot;title&quot;:&quot;&quot;,&quot;orientation&quot;:&quot;1&quot;}\" data-image-title=\"IMG_4962\" data-image-description=\"&lt;p&gt;Werkzeug-Anh\u00e4nger&lt;\/p&gt;\n\" data-image-caption=\"\" data-medium-file=\"https:\/\/i2.wp.com\/www.dannwollenwirmal.de\/wp-content\/uploads\/2017\/03\/IMG_4962.jpg?fit=300%2C300\" data-large-file=\"https:\/\/i2.wp.com\/www.dannwollenwirmal.de\/wp-content\/uploads\/2017\/03\/IMG_4962.jpg?fit=652%2C652\" loading=\"lazy\" class=\"alignnone size-full wp-image-1834\" src=\"https:\/\/i2.wp.com\/www.dannwollenwirmal.de\/wp-content\/uploads\/2017\/03\/IMG_4962.jpg?resize=652%2C652\" alt=\"IMG_4962\" width=\"652\" height=\"652\" srcset=\"https:\/\/i2.wp.com\/www.dannwollenwirmal.de\/wp-content\/uploads\/2017\/03\/IMG_4962.jpg?w=652 652w, https:\/\/i2.wp.com\/www.dannwollenwirmal.de\/wp-content\/uploads\/2017\/03\/IMG_4962.jpg?resize=150%2C150 150w, https:\/\/i2.wp.com\/www.dannwollenwirmal.de\/wp-content\/uploads\/2017\/03\/IMG_4962.jpg?resize=300%2C300 300w\" sizes=\"(max-width: 652px) 100vw, 652px\" data-recalc-dims=\"1\" \/><\/a><br \/>\n<em>Der Werkstatt-Anh\u00e4nger<\/em><\/p>\n<p>Wie ich ja bereits <a href=\"http:\/\/www.dannwollenwirmal.de\/?p=919\"><strong>hier<\/strong> <\/a>beschrieben habe, legte ich seinerzeit f\u00fcr jedes Gewerk eine eigene Werkzeugkiste an. F\u00fcr diese Kisten sowie die Elektrowerkzeuge habe ich Regale in meinen Anh\u00e4nger gebaut, untendrunter ist dabei noch genug Platz, um z.B. Gipskartonplatten oder sperrige Dinge zu transportieren.<\/p>\n<p><em><span style=\"text-decoration: underline;\">Elektrowerkzeuge<\/span><\/em><\/p>\n<p>Fangen wir mit den Elektrowerkzeugen an. Am wichtigsten: ein guter Akkuschrauber. Ich habe hier einen von Makita (18 Volt), wobei ich da kein Markenfetischist bin; allerdings w\u00fcrde ich hier dem professionellen Ger\u00e4t gegen\u00fcber der Baumarktvariante eindeutig den Vorzug geben. Dazu geh\u00f6rt idealerweise ein zweiter Akku, Ladeger\u00e4t und ein vern\u00fcnftiger Bitsatz.<br \/>\nMein neuestes Ger\u00e4t, das ich aber tats\u00e4chlich st\u00e4ndig benutze, ist ein Akku-Bohrhammer (Makita <i>DHR243Y1J<\/i>) Ich bin begeistert von der Kraft und Ausdauer, einzig die L\u00f6cher im Boden, bei denen das Bohrmehl schlecht abtransportiert wird, kosten Akkureserven. Aber durch den Zweitakku ist auch das kein gro\u00dfes Problem.<br \/>\nAusf\u00fchrlich habe ich ja hier den Bosch Multicutter getestet, den ich mittlerweile ebenfalls als (f\u00fcr mich) essenziell bezeichnen w\u00fcrde. Ohne den Test h\u00e4tte ich mir den kaum zugelegt, aber ich bin selbst \u00fcberrascht, dass ich ihn wirklich f\u00fcr alle erdenklichen Aufgaben benutzen kann. Erst k\u00fcrzlich habe ich ein K\u00fcchengestell, das mit Nageld\u00fcbeln in Wand und Boden befestigt war, per Multicutter freigelegt, sprich: Nageld\u00fcbel b\u00fcndig an der Wand abgeschnitten. Hat prima funktioniert.<br \/>\nEbenfalls regelm\u00e4\u00dfig in Benutzung ist die Akku-Handkreiss\u00e4ge, der kabelgebundene Bohrhammer, kleine und gro\u00dfe Flex, Stichs\u00e4ge und das Baustellenradio \ud83d\ude42 Die Tigers\u00e4ge wird seit dem Multicutter kaum noch genutzt, der Exzenterschleifer schon h\u00e4ufiger; Oberfr\u00e4se, Elektrohobel\u00a0und Flachd\u00fcbelfr\u00e4se sind in der Kellerwerkstatt und werden im Moment leider sehr selten benutzt.<\/p>\n<p><i><u>Mauern<\/u><\/i><\/p>\n<p>Zum Mauern habe ich eine klassische M\u00f6rtelkelle, eine Traufel, ein Reibebrett und eine Fugenkelle als Grundausstattung. F\u00fcr den Reibeputz habe ich ein separates Set Traufel und Reibebrett. Au\u00dferdem noch einen Maurerhammer, Schwammbrett, Filzbrett, Lot und, achja, eine Eckkelle habe ich auch noch (benutze ich aber selten). Zum Anmischen von M\u00f6rtel etc. zwei gro\u00dfe Maurerk\u00fcbel und einige Maurereimer sowie ein vern\u00fcnftiges R\u00fchrwerk (hier: Collomix XO-1) &#8211; absolute Empfehlung! Bohrmaschine und Quirl machen da nur die Knochen kaputt und eine Mischmaschine lohnt sich bei Kleinmengen nicht. Zum Anfeuchten von Steinen und Mauerwerk \u00fcbrigens noch einen Quast und, f\u00fcr kleine Stellen, eine Spr\u00fchflasche mit Wasser.<\/p>\n<p><i><u>Maler<\/u><\/i><\/p>\n<p>Hier versuche ich, m\u00f6glichst wenig mit dem Pinsel zu arbeiten und viel zu rollen. Daher habe ich f\u00fcr Lackierarbeiten\u00a0immer schmale und breite Schaumstoffrollen mit den entsprechenden Griffen dabei; f\u00fcr Wandfarben breite Rollen und einen Teleskopstiel. Weiterhin nat\u00fcrlich Abdeckband und einen breiten Fassadenspachtel, den man nicht nur zum Spachteln, sondern auch als Hilfe f\u00fcr gewisse\u00a0Farbkanten benutzen kann.<\/p>\n<p><i><u>Holz<\/u><\/i><\/p>\n<p>Hier drin findet sich ein Holzbohrerset, Schleifklotz mit verschiedenen Schleifpapieren, Leim, Schraubzwingen, Keile zum T\u00fcreinbau, ein Stechbeitel-Set, Zargenspreizen, die ein oder andere Raspel, Forstnerbohrer, Lochs\u00e4gen verschiedener Durchmesser und all das, was mir grad nicht einf\u00e4llt. Aufw\u00e4ndigere Holzdinge (wie seinerzeit die Fensterl\u00e4den) mache ich eher in der Heimwerkstatt, wo eine richtige Werkbank steht; unterwegs habe ich nur das &#8217;n\u00f6tigste&#8216; Zubeh\u00f6r dabei.<\/p>\n<p><i><u>Fugen<\/u><\/i><\/p>\n<p>Ja, ich habe eine Kiste f\u00fcr Fugendinge, die ist allerdings zu 65% von halbleeren Kartuschen bev\u00f6lkert, aber sei&#8217;s drum. An Werkzeugen gibt es eine Kartuschenspritze, eine Flasche Sp\u00fcli (Trennmittel f\u00fcr&#8217;s Abziehwerkzeug), ein Blumenzerst\u00e4uber mit Sp\u00fcli-Wasser-Gemisch (Trennmittel f\u00fcr die Fuge), ein Eisstiel vom Magnum als Abziehwerkzeug und eine alte Plastikkarte f\u00fcr sonstige Modellierungen. Achja, ein Cuttermesser noch. Mehr braucht es hier nicht!<\/p>\n<p><i><u>Abriss<\/u><\/i><\/p>\n<p>Diverse Wanddurchbruchsbohrer und Stemmaufs\u00e4tze f\u00fcr den Bohrhammer, Spachtel, Kuhfu\u00df\/Brecheisen, Handmei\u00dfel und F\u00e4ustel, Schutzbrille, grobe Schraubendreher, Cuttermesser, <del>Sprengstoff<\/del>.<\/p>\n<p><i><u>Fliesen<\/u><\/i><\/p>\n<p>Zahntraufel und Zahnspachtel mit verschiedenen Zahnungen, Gummihammer, &#8222;Papagei&#8220;-Knabberzange, nat\u00fcrlich Fliesenschneider, und zum L\u00f6cher schneiden einen Diamantaufsatz f\u00fcr die Flex, das ist tats\u00e4chlich das allerbeste was es in der Richtung gibt. Zum Verfugen Kelle, Gummirakel und zum Abwaschen habe ich mir als j\u00fcngste Errungenschaft einen Fugen-Boy (Eimer mit zwei Walzen und Schwammbrett etc.) zugelegt. Auch wenn ich nicht mit Fliesenkreuzen arbeite, habe ich einen Eimer mit Zollstock-St\u00fcckchen, um hier und da mal was zwischenlegen zu k\u00f6nnen. Die Diamantscheibe f\u00fcr die Flex ist ebenfalls noch eine Empfehlung.<\/p>\n<p><i><u>Trockenbau<\/u><\/i><\/p>\n<p>Scharfes und gutes Cuttermesser, Rigips Kantenhobel, Gipskartonhobel und eine grobe S\u00e4ge sollten hier schon drin sein. Zum Spachteln dann eine Gipserkelle und eine Traufel, ich habe auch gern einen mittleren Fassadenspachtel dabei. Zum Anr\u00fchren ein kleiner Quirl f\u00fcr den Akkuschrauber, gro\u00dfer Kreuzschraubendreher f\u00fcr das Nachdrehen von Schrauben, und als Bonus noch der <a href=\"http:\/\/www.dannwollenwirmal.de\/?p=981\"><strong>Winkel-Akkuschrauber<\/strong> <\/a>und andere Helferlein wie Laser oder Plattenheber (hier <a href=\"http:\/\/www.dannwollenwirmal.de\/wp-content\/uploads\/2015\/03\/IMG_3293.jpg\"><strong>meine Konstruktion<\/strong><\/a>).<\/p>\n<p><i><u>Elektro<\/u><\/i><\/p>\n<p>Seitenschneider, Spitzzange, VDE-Schraubendreherset, Kombizange, Abisolierzange, Abmantler, Messger\u00e4t, ein Schwung Baustellenfassungen, Lochs\u00e4ge 68mm f\u00fcr Hohlwanddosen oder Einbauspots.<\/p>\n<p><i><u>Zubeh\u00f6r<\/u><\/i><\/p>\n<p>All das, was man immer gebrauchen kann: Maulschl\u00fcssel- und Inbussets, Pflaster bzw. Verbandskasten, Rolle M\u00fclls\u00e4cke, Handfeger und Kehrblech, Klebeband, Wasserwaage, Zollstock, Tieflochmarker (z.B. von Pica), Literma\u00df, Staubschutzmaske und, und, und.<\/p>\n<p><i><u>Schrauben<\/u><\/i><\/p>\n<p>Eine Kiste mit den g\u00e4ngigsten Befestigungssachen f\u00e4hrt auch immer mit: Trockenbauschrauben Grob- und Feingewinde sowie mit Bohrspitze, alles in verschiedenen L\u00e4ngen, Nageld\u00fcbel 6mm in kurz (mit Kragen) und lang, diverse D\u00fcbel sowie meine beiden Standardschrauben 4&#215;40 und 5&#215;60(?) oder so, in den gro\u00dfen Packungen. Naja, und sonst sammelt sich halt hier alles an, was grad so \u00fcbrig war.<\/p>\n<p>Komplettiert wird das Ganze noch durch eine Leiter, die ich als Anlege- und Stehleiter, aber auch als Treppenhausleiter multifunktional benutzen kann. Au\u00dferdem darf der gro\u00dfe Stabsauger nicht fehlen, ein paar Arbeitsscheinwerfer, Verl\u00e4ngerungskabel und Mehrfachsteckdosen.<\/p>\n<p>War&#8217;s das!? Der Beitrag ist (wie alle!) nat\u00fcrlich offen f\u00fcr Erg\u00e4nzungen aus der Leserschaft &#8211; wer noch einen hei\u00dfen Tip hat oder bei mir Begehrlichkeiten wecken m\u00f6chte, schreibe es bitte in die Kommentare. Vielleicht hab&#8216; ich ja auch noch was vergessen.<\/p>\n<p>So, ich muss sagen, ich vermisse nichts! <em>(*Stand 18.03.2017, 21:55 Uhr)<\/em> Ich habe alles, was ich brauche und muss praktisch nicht mehr suchen, denn jedes Teil hat seinen festen Platz. Nachdem ich mich bis vor einigen Jahren mit (mit Verlaub) Schei\u00dfwerkzeug herumgequ\u00e4lt habe, habe ich mittlerweile einen dauerhaften Zustand der Erleuchtung und Gl\u00fcckseligkeit erreicht. Und wenn dieser Zustand unterbrochen werden sollte, weil sich\u00a0etwa ein neues Werkzeugbed\u00fcrfnis anschleicht,\u00a0kann man diesen durch Erwerb des entsprechenden Werkzeugs gl\u00fccklicherweise schnell wieder herbeif\u00fchren. So ein Gl\u00fcck aber auch. Da f\u00e4llt mir ein, so eine Tischkreiss\u00e4ge, die w\u00fcrde mir schon noch fehlen&#8230;.<\/p>\n<p>&nbsp;<\/p>\n<p>&nbsp;<\/p>\n<div class=\"sharedaddy sd-sharing-enabled\"><div class=\"robots-nocontent sd-block sd-social sd-social-icon-text sd-sharing\"><h3 class=\"sd-title\">Teilen mit:<\/h3><div class=\"sd-content\"><ul><li class=\"share-email\"><a rel=\"nofollow noopener noreferrer\" data-shared=\"\" class=\"share-email sd-button share-icon\" href=\"http:\/\/www.dannwollenwirmal.de\/?p=1833&amp;share=email\" target=\"_blank\" title=\"Klick, um dies einem Freund per E-Mail zu senden\"><span>E-Mail<\/span><\/a><\/li><li class=\"share-print\"><a rel=\"nofollow noopener noreferrer\" data-shared=\"\" class=\"share-print sd-button share-icon\" href=\"http:\/\/www.dannwollenwirmal.de\/?p=1833\" target=\"_blank\" title=\"Klicken zum Ausdrucken\"><span>Drucken<\/span><\/a><\/li><li class=\"share-facebook\"><a rel=\"nofollow noopener noreferrer\" data-shared=\"sharing-facebook-1833\" class=\"share-facebook sd-button share-icon\" href=\"http:\/\/www.dannwollenwirmal.de\/?p=1833&amp;share=facebook\" target=\"_blank\" title=\"Klick, um auf Facebook zu teilen\"><span>Facebook<\/span><\/a><\/li><li class=\"share-twitter\"><a rel=\"nofollow noopener noreferrer\" data-shared=\"sharing-twitter-1833\" class=\"share-twitter sd-button share-icon\" href=\"http:\/\/www.dannwollenwirmal.de\/?p=1833&amp;share=twitter\" target=\"_blank\" title=\"Klick, um \u00fcber Twitter zu teilen\"><span>Twitter<\/span><\/a><\/li><li class=\"share-pinterest\"><a rel=\"nofollow noopener noreferrer\" data-shared=\"sharing-pinterest-1833\" class=\"share-pinterest sd-button share-icon\" href=\"http:\/\/www.dannwollenwirmal.de\/?p=1833&amp;share=pinterest\" target=\"_blank\" title=\"Klick, um auf Pinterest zu teilen\"><span>Pinterest<\/span><\/a><\/li><li class=\"share-linkedin\"><a rel=\"nofollow noopener noreferrer\" data-shared=\"sharing-linkedin-1833\" class=\"share-linkedin sd-button share-icon\" href=\"http:\/\/www.dannwollenwirmal.de\/?p=1833&amp;share=linkedin\" target=\"_blank\" title=\"Klick, um auf LinkedIn zu teilen\"><span>LinkedIn<\/span><\/a><\/li><li class=\"share-end\"><\/li><\/ul><\/div><\/div><\/div>","protected":false},"excerpt":{"rendered":"<p>Der Suchbegriff der Woche &#8222;deckenstrahler mit acryl fest kleben&#8220; lie\u00df mich diesmal nicht gleich schreien, aber immerhin stutzen. Okay, die Idee mit dem Acryl als Kleber (h\u00e4lt tats\u00e4chlich gut, hat nur eine lange Trockenzeit; rund 24 Stunden) hatte ich ja hier auch schon, aber einen Deckenstrahler \u00fcberhaupt kleben zu wollen &#8211; dazu geh\u00f6rt immerhin Mut. [&hellip;]<\/p>\n<div class=\"sharedaddy sd-sharing-enabled\"><div class=\"robots-nocontent sd-block sd-social sd-social-icon-text sd-sharing\"><h3 class=\"sd-title\">Teilen mit:<\/h3><div class=\"sd-content\"><ul><li class=\"share-email\"><a rel=\"nofollow noopener noreferrer\" data-shared=\"\" class=\"share-email sd-button share-icon\" href=\"http:\/\/www.dannwollenwirmal.de\/?p=1833&amp;share=email\" target=\"_blank\" title=\"Klick, um dies einem Freund per E-Mail zu senden\"><span>E-Mail<\/span><\/a><\/li><li class=\"share-print\"><a rel=\"nofollow noopener noreferrer\" data-shared=\"\" class=\"share-print sd-button share-icon\" href=\"http:\/\/www.dannwollenwirmal.de\/?p=1833\" target=\"_blank\" title=\"Klicken zum Ausdrucken\"><span>Drucken<\/span><\/a><\/li><li class=\"share-facebook\"><a rel=\"nofollow noopener noreferrer\" data-shared=\"sharing-facebook-1833\" class=\"share-facebook sd-button share-icon\" href=\"http:\/\/www.dannwollenwirmal.de\/?p=1833&amp;share=facebook\" target=\"_blank\" title=\"Klick, um auf Facebook zu teilen\"><span>Facebook<\/span><\/a><\/li><li class=\"share-twitter\"><a rel=\"nofollow noopener noreferrer\" data-shared=\"sharing-twitter-1833\" class=\"share-twitter sd-button share-icon\" href=\"http:\/\/www.dannwollenwirmal.de\/?p=1833&amp;share=twitter\" target=\"_blank\" title=\"Klick, um \u00fcber Twitter zu teilen\"><span>Twitter<\/span><\/a><\/li><li class=\"share-pinterest\"><a rel=\"nofollow noopener noreferrer\" data-shared=\"sharing-pinterest-1833\" class=\"share-pinterest sd-button share-icon\" href=\"http:\/\/www.dannwollenwirmal.de\/?p=1833&amp;share=pinterest\" target=\"_blank\" title=\"Klick, um auf Pinterest zu teilen\"><span>Pinterest<\/span><\/a><\/li><li class=\"share-linkedin\"><a rel=\"nofollow noopener noreferrer\" data-shared=\"sharing-linkedin-1833\" class=\"share-linkedin sd-button share-icon\" href=\"http:\/\/www.dannwollenwirmal.de\/?p=1833&amp;share=linkedin\" target=\"_blank\" title=\"Klick, um auf LinkedIn zu teilen\"><span>LinkedIn<\/span><\/a><\/li><li class=\"share-end\"><\/li><\/ul><\/div><\/div><\/div>","protected":false},"author":1,"featured_media":0,"comment_status":"open","ping_status":"open","sticky":false,"template":"","format":"standard","meta":{"advanced_seo_description":"","spay_email":"","jetpack_publicize_message":"","jetpack_is_tweetstorm":false,"jetpack_publicize_feature_enabled":true},"categories":[1,15],"tags":[474],"jetpack_featured_media_url":"","jetpack_publicize_connections":[],"jetpack_shortlink":"https:\/\/wp.me\/p3WtlO-tz","jetpack_sharing_enabled":true,"jetpack-related-posts":[{"id":764,"url":"http:\/\/www.dannwollenwirmal.de\/?p=764","url_meta":{"origin":1833,"position":0},"title":"Fu\u00dfleistenfinish","date":"11. Januar 2015","format":false,"excerpt":"W\u00e4hrend ich noch \u00fcber den Suchbegriff der Woche \"muss ich bei reibeputz ordentlich spachteln\" (gefolgt von \"kann ich fliesen auf einer laufenden fussbodenheizung verlegen\") schmunzeln muss, hatte ich ja versprochen, noch etwas zum Thema Fu\u00dfleisten - sozusagen als letzten Bauabschnitt- zu berichten. V\u00f6llig unterschlagen habe ich \u00fcbrigens meine Aufstiegsl\u00f6sung zum\u2026","rel":"","context":"In &quot;Allgemein&quot;","img":{"alt_text":"","src":"https:\/\/i1.wp.com\/www.dannwollenwirmal.de\/wp-content\/uploads\/2015\/01\/IMG_3220.jpg?resize=350%2C200","width":350,"height":200},"classes":[]},{"id":2134,"url":"http:\/\/www.dannwollenwirmal.de\/?p=2134","url_meta":{"origin":1833,"position":1},"title":"Der dannwollenwirmal-Jahresr\u00fcckblick","date":"31. Dezember 2017","format":false,"excerpt":"Wenn der letzte Blogsonntag in diesem Jahr schon auf den 31.12. f\u00e4llt, werde ich nat\u00fcrlich die Gelegenheit nutzen, den traditionellen dannwollenwirmal-Jahresr\u00fcckblick heute abzuhandeln. Und was war da nicht alles los! Im\u00a0Januar habe ich das T\u00fcrsturz-Projekt fertiggestellt, bei dem einige T\u00fcr\u00f6ffnungen wegen ver\u00e4nderter Fu\u00dfbodensituation ein\u00a0Upsizing erfahren haben, sprich: es wurden die\u2026","rel":"","context":"In &quot;Allgemein&quot;","img":{"alt_text":"","src":"https:\/\/i0.wp.com\/www.dannwollenwirmal.de\/wp-content\/uploads\/2017\/01\/IMG_5049.jpg?resize=350%2C200","width":350,"height":200},"classes":[]},{"id":1004,"url":"http:\/\/www.dannwollenwirmal.de\/?p=1004","url_meta":{"origin":1833,"position":2},"title":"Der gro\u00dfe Ketchup- und Buttermilch-Test","date":"7. Juni 2015","format":false,"excerpt":"Na, dann wollen wir mal ein bi\u00dfchen was testen heute. Zum Beispiel meine DWD-Platten, die ich als Unterdach f\u00fcr meinen Dachbodenausbau genommen habe und die ja unter anderem den Vorteil haben sollen, auch gegen Hitze zu isolieren. Gestern und heute sind es um die 30\u00b0C, und ich sitze soeben im\u2026","rel":"","context":"In &quot;Allgemein&quot;","img":{"alt_text":"","src":"https:\/\/i0.wp.com\/www.dannwollenwirmal.de\/wp-content\/uploads\/2015\/06\/IMG_3516.jpg?resize=350%2C200","width":350,"height":200},"classes":[]},{"id":1762,"url":"http:\/\/www.dannwollenwirmal.de\/?p=1762","url_meta":{"origin":1833,"position":3},"title":"Spaltenschluss mit W\u00e4rmebild","date":"22. Januar 2017","format":false,"excerpt":"Nun ist es fast ein Jahr her, dass unser Dach neu gedeckt wurde, und seitdem liegen die Dachfenster etwa zwei Zentimeter h\u00f6her: vorher lagen die Dachziegel auf einer Einfachlattung, dank neuer Bauvorschriften musste nun mit einer Konterlattung gedeckt werden. Dementsprechend rutschen die Dachfenster h\u00f6her und es ist ein Spalt zwischen\u2026","rel":"","context":"In &quot;Allgemein&quot;","img":{"alt_text":"","src":"https:\/\/i2.wp.com\/www.dannwollenwirmal.de\/wp-content\/uploads\/2017\/01\/IMG_5061.jpg?resize=350%2C200","width":350,"height":200},"classes":[]},{"id":657,"url":"http:\/\/www.dannwollenwirmal.de\/?p=657","url_meta":{"origin":1833,"position":4},"title":"Die kleine Spachtelschule, Teil II","date":"23. November 2014","format":false,"excerpt":"Die Ereignisse \u00fcberschlagen sich im Moment und tats\u00e4chlich ist es - glaube ich - das erste mal, dass der Blog hinterherhinkt, also dass ich schneller arbeite als schreibe. Denn w\u00e4hrend ich bereits mit dem Reibeputz angefangen habe (mit dem ich hochzufrieden bin, aber dazu dann demn\u00e4chst mehr), schulde ich der\u2026","rel":"","context":"In &quot;Projekt: Spachtelschule&quot;","img":{"alt_text":"","src":"https:\/\/i1.wp.com\/www.dannwollenwirmal.de\/wp-content\/uploads\/2014\/11\/Drempel2.jpg?resize=350%2C200","width":350,"height":200},"classes":[]},{"id":933,"url":"http:\/\/www.dannwollenwirmal.de\/?p=933","url_meta":{"origin":1833,"position":5},"title":"Baumarktverbot!","date":"12. April 2015","format":false,"excerpt":"Da habe ich die neuen Werkzeugkisten aber direkt sch\u00f6n eingeweiht! Ab dieser Woche, und vermutlich auch f\u00fcr die n\u00e4chsten Wochen, werde ich damit besch\u00e4ftigt sein, ein von Freunden erworbenes Haus auf links zu ziehen. Dies beinhaltet Dachreparaturen (Oha! Mal was Neues! Aber ich erweitere ja regelm\u00e4\u00dfig meine Skills und habe\u2026","rel":"","context":"In &quot;Allgemein&quot;","img":{"alt_text":"","src":"https:\/\/i2.wp.com\/www.dannwollenwirmal.de\/wp-content\/uploads\/2015\/04\/IMG_3378.jpg?resize=350%2C200","width":350,"height":200},"classes":[]}],"_links":{"self":[{"href":"http:\/\/www.dannwollenwirmal.de\/index.php?rest_route=\/wp\/v2\/posts\/1833"}],"collection":[{"href":"http:\/\/www.dannwollenwirmal.de\/index.php?rest_route=\/wp\/v2\/posts"}],"about":[{"href":"http:\/\/www.dannwollenwirmal.de\/index.php?rest_route=\/wp\/v2\/types\/post"}],"author":[{"embeddable":true,"href":"http:\/\/www.dannwollenwirmal.de\/index.php?rest_route=\/wp\/v2\/users\/1"}],"replies":[{"embeddable":true,"href":"http:\/\/www.dannwollenwirmal.de\/index.php?rest_route=%2Fwp%2Fv2%2Fcomments&post=1833"}],"version-history":[{"count":2,"href":"http:\/\/www.dannwollenwirmal.de\/index.php?rest_route=\/wp\/v2\/posts\/1833\/revisions"}],"predecessor-version":[{"id":1836,"href":"http:\/\/www.dannwollenwirmal.de\/index.php?rest_route=\/wp\/v2\/posts\/1833\/revisions\/1836"}],"wp:attachment":[{"href":"http:\/\/www.dannwollenwirmal.de\/index.php?rest_route=%2Fwp%2Fv2%2Fmedia&parent=1833"}],"wp:term":[{"taxonomy":"category","embeddable":true,"href":"http:\/\/www.dannwollenwirmal.de\/index.php?rest_route=%2Fwp%2Fv2%2Fcategories&post=1833"},{"taxonomy":"post_tag","embeddable":true,"href":"http:\/\/www.dannwollenwirmal.de\/index.php?rest_route=%2Fwp%2Fv2%2Ftags&post=1833"}],"curies":[{"name":"wp","href":"https:\/\/api.w.org\/{rel}","templated":true}]}}