{"id":1829,"date":"2017-03-12T08:00:10","date_gmt":"2017-03-12T07:00:10","guid":{"rendered":"http:\/\/www.dannwollenwirmal.de\/?p=1829"},"modified":"2017-03-11T21:37:24","modified_gmt":"2017-03-11T20:37:24","slug":"beichtauswertung","status":"publish","type":"post","link":"http:\/\/www.dannwollenwirmal.de\/?p=1829","title":{"rendered":"Beichtauswertung"},"content":{"rendered":"<p>Die W\u00fcrfel sind gefallen und ich bedanke mich aufs herzlichste f\u00fcr die rege Teilnahme beim dannwollenwirmal-Gewinnspiel &#8222;Meine Baus\u00fcnde&#8220;. Es waren wirklich entz\u00fcckende Sachen dabei und wenn es nach mir ginge, w\u00fcrde jeder Beitrag einen Preis erhalten. Daf\u00fcr habe ich leider zu wenig Firmen gefunden, die was springen lassen \ud83d\ude09 so dass es bei den angek\u00fcndigten vier Preisen bleibt. Hier die Gewinner, ohne Platzierungsreihenfolge, weil alle Geschichten so sch\u00f6n sind:<\/p>\n<p>Der <a href=\"http:\/\/de.rs-online.com\/web\/p\/schraubendreher-satze\/5145697\/\"><strong>7teilige Schraubendrehersatz von WERA<\/strong><\/a> geht an <em>Marco<\/em>, der mich mit seiner Kantenfasenhobelgeschichte doch sehr erheitert hat. \u00dcbrigens habe ich dieses Werkzeug hier auch mal vorgestellt. Der Kantenhobel funktioniert f\u00fcr 12,5mm-Platten hervorragend, er bringt n\u00e4mlich zwei Fasen an die Plattenkanten, die beim Spachteln n\u00fctzlich sind. Marco hat es mit 9mm-Platten (die eigentlich ohnehin kaum eine Berechtigung haben) versucht und damit reihenweise Platten zerst\u00f6rt, bevor das vermeintlich \u00fcberfl\u00fcssige Werkzeug mit Schwung in den Gipskarton flog.<\/p>\n<p>Das <a href=\"http:\/\/de.rs-online.com\/web\/p\/abisolierer\/3443797\/\"><strong>Jokari-Abisolierwerkzeug<\/strong><\/a> geht an <em>J\u00f6rn<\/em>, der einen Mauerdurchbruch (den stelle ich mir jetzt mal so 2,50m hoch und 1m breit vor, dann ist es noch lustiger) mit Bauschaum aufgef\u00fcllt und diesen dann verputzt hat. Respekt! Was ich auch schonmal gemacht habe: doofe Gipskarton-Stelle mit Bauschaum verf\u00fcllt, dann mit Glasfaser gespachtelt. Geht auch! Aber Mauerdurchbruch ist noch eine Nummer stumpfer. Chapeau!<\/p>\n<p>Der <a href=\"http:\/\/www.bierbach.de\/de\/sortimentskoffer\/sortimentskoffer-haus-garten\"><strong>Bierbach-Sortimentskoffer &#8222;Haus und Garten&#8220;<\/strong><\/a> geht an <em>Martin<\/em>, der es beim Hausbau nicht nur geschafft hat, das Telefonkabel fast mit dem Spaten zu durchtrennen, sondern durch diverse Verrechnungen nun auch einen pfahl\u00e4hnlichen \u00dcbergabeschacht im Beet stehen hat. Aber, und das ist genau die richtige Einstellung: da kommt Buchsbaum dran! Jawoll! Buchsbaum als gro\u00dffl\u00e4chiges Kaschier-Utensil war mir bisher gar nicht so pr\u00e4sent. Was das f\u00fcr M\u00f6glichkeiten er\u00f6ffnet&#8230;<\/p>\n<p>Der <a href=\"http:\/\/www.bierbach.de\/de\/sortimentskoffer\/sortimentsbox-haushalt\"><strong>Bierbach-Sortimentskoffer &#8222;Haushalt&#8220;<\/strong><\/a> geht an <em>Janina<\/em>, die ihren Fehlkauf von wei\u00dfen, strukturierten Terrassenplatten derart plastisch beschrieben hat, dass man geradezu mitleiden m\u00f6chte, wenn sie kriechenderweise Bl\u00e4ttchen davon absammelt, das Unkraut aus den Fugen kratzt oder mit der Zahnb\u00fcrste das Reliefmuster schrubbt. Vielleicht doch mal dr\u00fcber nachdenken, Laminat draufzulegen? Ja, das m\u00fcsste auch f\u00fcr Au\u00dfen sein. Hat der im Baumarkt gesagt.<\/p>\n<p>Alle gesammelten Geschichten lassen sich <a href=\"http:\/\/www.dannwollenwirmal.de\/?p=1811\"><strong>hier<\/strong> <\/a>bei den Kommentaren nochmal nachlesen. Den Gewinnern herzlichen Gl\u00fcckwunsch und allen Teilnehmern vielen dank f\u00fcr Eure Storys! Jede einzelne hat mir wohlige Schauer \u00fcber den R\u00fccken gejagt \ud83d\ude42<\/p>\n<p>Zu guter letzt will ich mal auch noch meine Beichte ablegen:<\/p>\n<p>Mein gr\u00f6\u00dfter Fehlkauf\u00a0 (neben allerlei Werkzeugen, die ich viel zu selten benutze) ist ein <em>Schlauchwagen <\/em>der Marke CMI vom Obi (darf ich doch sagen, oder?), der mir bei jeder Benutzung das Qualit\u00e4tsniveau der einschl\u00e4gigen Baum\u00e4rkte vor Augen f\u00fchrt. Und ich sehe gerade verz\u00fcckt, es gibt ihn immer noch: <a href=\"https:\/\/www.obi.de\/gartenschlauchwagen\/cmi-schlauchwagen-kunststoff\/p\/7420813\"><strong>LINK!<\/strong><\/a><\/p>\n<p>Der in der Werbung als besonders stabil angepriesene Wagen macht einen h\u00f6chst fragilen Eindruck. Die R\u00e4der sind mit Plastikschrauben befestigt und fallen st\u00e4ndig ab. Beim Drehen der Schlauchkurbel muss man das wackelige Gestell mit Fu\u00df, Knie und zwei weiteren Personen st\u00fctzen. Bei den Schlauchanschl\u00fcssen wurde praktischerweise auf funktionierende Dichtungen verzichtet, so dass der Wagen im Betrieb ein sehenswertes Wasserspiel in alle Richtungen vorf\u00fchrt und alles in seiner Umgebung komplett \u00fcberschwemmt. Wenn man Pech hat, l\u00f6st sich beim Kurbelvorgang die Achse vom Wagen und die Seitenteile rollen auf die Stra\u00dfe. Da macht Gartenarbeit Spa\u00df!<\/p>\n<p>Als meine gr\u00f6\u00dfte Baus\u00fcnde w\u00fcrde ich eine bezeichnen, die mittlerweile zum Gl\u00fcck verj\u00e4hrt ist. Ich muss damals 16 oder 17 gewesen sein, und habe mit Kumpels eine Art Lager- und Partyraum in einer Scheune mit einer <em>Zwischendecke <\/em>ausgestattet. Die alte Decke wurde entfernt und es blieben nur die dicken Deckenbalken, die alles andere als gerade waren. Als obere Schicht haben wir Spanplatten auf diesen Balken verlegt, und zwar <em>irgendwie<\/em>. Die Deckenbalken waren unterschiedlich hoch, und so wurden die Spanplatten eben so weit gebogen und <em>festgespaxt<\/em>, bis alles dicht war. (&#8222;Stell Dich mal auf die Ecke, damit die runterkommt!&#8220;) Nut und Feder passen da nat\u00fcrlich nicht mehr, klar. Da wurden die Platten auch mal \u00fcberlappend gelegt.<\/p>\n<p>In die nun entstandenen Felder wurde Glaswolle geproppt, und zwar <em>irgendwie<\/em>. So dass es halt voll ist. Dampfbremse? N\u00f6. Als letztes wurden die damals sehr beliebten Profilbretter direkt unter die Deckenbalken geschraubt, fugenlos bis an die W\u00e4nde und dekorativ an den krummen Balken entlanggebogen. Die Bretter haben sich nat\u00fcrlich mit der Zeit ausgedehnt und wenn man heute diesen Raum betritt, w\u00f6lbt sich das Ganze gef\u00e4hrlich nach unten. Aber: es h\u00e4lt bis heute! Und es gab sogar Zierleisten am Wandanschluss.<\/p>\n<p>Ach, und nen Estrich gab es auch noch! Bis der gerade war, wurde er bestimmt 30 oder 40 Zentimeter hoch. Der Raum ist jetzt ein bi\u00dfchen niedriger, und man muss eine Stufe reingehen. Passt schon!<\/p>\n<p>So, genug gebeichtet. Reicht mit Pfusch \ud83d\ude42 Wir geloben alle Besserung, ok? Sagen wir, zumindest im Sichtbereich.<\/p>\n<p>Bis n\u00e4chste Woche!<\/p>\n<p>&nbsp;<\/p>\n<p>&nbsp;<\/p>\n<div class=\"sharedaddy sd-sharing-enabled\"><div class=\"robots-nocontent sd-block sd-social sd-social-icon-text sd-sharing\"><h3 class=\"sd-title\">Teilen mit:<\/h3><div class=\"sd-content\"><ul><li class=\"share-email\"><a rel=\"nofollow noopener noreferrer\" data-shared=\"\" class=\"share-email sd-button share-icon\" href=\"http:\/\/www.dannwollenwirmal.de\/?p=1829&amp;share=email\" target=\"_blank\" title=\"Klick, um dies einem Freund per E-Mail zu senden\"><span>E-Mail<\/span><\/a><\/li><li class=\"share-print\"><a rel=\"nofollow noopener noreferrer\" data-shared=\"\" class=\"share-print sd-button share-icon\" href=\"http:\/\/www.dannwollenwirmal.de\/?p=1829\" target=\"_blank\" title=\"Klicken zum Ausdrucken\"><span>Drucken<\/span><\/a><\/li><li class=\"share-facebook\"><a rel=\"nofollow noopener noreferrer\" data-shared=\"sharing-facebook-1829\" class=\"share-facebook sd-button share-icon\" href=\"http:\/\/www.dannwollenwirmal.de\/?p=1829&amp;share=facebook\" target=\"_blank\" title=\"Klick, um auf Facebook zu teilen\"><span>Facebook<\/span><\/a><\/li><li class=\"share-twitter\"><a rel=\"nofollow noopener noreferrer\" data-shared=\"sharing-twitter-1829\" class=\"share-twitter sd-button share-icon\" href=\"http:\/\/www.dannwollenwirmal.de\/?p=1829&amp;share=twitter\" target=\"_blank\" title=\"Klick, um \u00fcber Twitter zu teilen\"><span>Twitter<\/span><\/a><\/li><li class=\"share-pinterest\"><a rel=\"nofollow noopener noreferrer\" data-shared=\"sharing-pinterest-1829\" class=\"share-pinterest sd-button share-icon\" href=\"http:\/\/www.dannwollenwirmal.de\/?p=1829&amp;share=pinterest\" target=\"_blank\" title=\"Klick, um auf Pinterest zu teilen\"><span>Pinterest<\/span><\/a><\/li><li class=\"share-linkedin\"><a rel=\"nofollow noopener noreferrer\" data-shared=\"sharing-linkedin-1829\" class=\"share-linkedin sd-button share-icon\" href=\"http:\/\/www.dannwollenwirmal.de\/?p=1829&amp;share=linkedin\" target=\"_blank\" title=\"Klick, um auf LinkedIn zu teilen\"><span>LinkedIn<\/span><\/a><\/li><li class=\"share-end\"><\/li><\/ul><\/div><\/div><\/div>","protected":false},"excerpt":{"rendered":"<p>Die W\u00fcrfel sind gefallen und ich bedanke mich aufs herzlichste f\u00fcr die rege Teilnahme beim dannwollenwirmal-Gewinnspiel &#8222;Meine Baus\u00fcnde&#8220;. Es waren wirklich entz\u00fcckende Sachen dabei und wenn es nach mir ginge, w\u00fcrde jeder Beitrag einen Preis erhalten. Daf\u00fcr habe ich leider zu wenig Firmen gefunden, die was springen lassen \ud83d\ude09 so dass es bei den angek\u00fcndigten [&hellip;]<\/p>\n<div class=\"sharedaddy sd-sharing-enabled\"><div class=\"robots-nocontent sd-block sd-social sd-social-icon-text sd-sharing\"><h3 class=\"sd-title\">Teilen mit:<\/h3><div class=\"sd-content\"><ul><li class=\"share-email\"><a rel=\"nofollow noopener noreferrer\" data-shared=\"\" class=\"share-email sd-button share-icon\" href=\"http:\/\/www.dannwollenwirmal.de\/?p=1829&amp;share=email\" target=\"_blank\" title=\"Klick, um dies einem Freund per E-Mail zu senden\"><span>E-Mail<\/span><\/a><\/li><li class=\"share-print\"><a rel=\"nofollow noopener noreferrer\" data-shared=\"\" class=\"share-print sd-button share-icon\" href=\"http:\/\/www.dannwollenwirmal.de\/?p=1829\" target=\"_blank\" title=\"Klicken zum Ausdrucken\"><span>Drucken<\/span><\/a><\/li><li class=\"share-facebook\"><a rel=\"nofollow noopener noreferrer\" data-shared=\"sharing-facebook-1829\" class=\"share-facebook sd-button share-icon\" href=\"http:\/\/www.dannwollenwirmal.de\/?p=1829&amp;share=facebook\" target=\"_blank\" title=\"Klick, um auf Facebook zu teilen\"><span>Facebook<\/span><\/a><\/li><li class=\"share-twitter\"><a rel=\"nofollow noopener noreferrer\" data-shared=\"sharing-twitter-1829\" class=\"share-twitter sd-button share-icon\" href=\"http:\/\/www.dannwollenwirmal.de\/?p=1829&amp;share=twitter\" target=\"_blank\" title=\"Klick, um \u00fcber Twitter zu teilen\"><span>Twitter<\/span><\/a><\/li><li class=\"share-pinterest\"><a rel=\"nofollow noopener noreferrer\" data-shared=\"sharing-pinterest-1829\" class=\"share-pinterest sd-button share-icon\" href=\"http:\/\/www.dannwollenwirmal.de\/?p=1829&amp;share=pinterest\" target=\"_blank\" title=\"Klick, um auf Pinterest zu teilen\"><span>Pinterest<\/span><\/a><\/li><li class=\"share-linkedin\"><a rel=\"nofollow noopener noreferrer\" data-shared=\"sharing-linkedin-1829\" class=\"share-linkedin sd-button share-icon\" href=\"http:\/\/www.dannwollenwirmal.de\/?p=1829&amp;share=linkedin\" target=\"_blank\" title=\"Klick, um auf LinkedIn zu teilen\"><span>LinkedIn<\/span><\/a><\/li><li class=\"share-end\"><\/li><\/ul><\/div><\/div><\/div>","protected":false},"author":1,"featured_media":0,"comment_status":"open","ping_status":"open","sticky":false,"template":"","format":"standard","meta":{"advanced_seo_description":"","spay_email":"","jetpack_publicize_message":"","jetpack_is_tweetstorm":false,"jetpack_publicize_feature_enabled":true},"categories":[1,35],"tags":[],"jetpack_featured_media_url":"","jetpack_publicize_connections":[],"jetpack_shortlink":"https:\/\/wp.me\/p3WtlO-tv","jetpack_sharing_enabled":true,"jetpack-related-posts":[{"id":2106,"url":"http:\/\/www.dannwollenwirmal.de\/?p=2106","url_meta":{"origin":1829,"position":0},"title":"OSB tut Rigips weh","date":"26. November 2017","format":false,"excerpt":"Daraus, dass ich kein besonders gro\u00dfes Freund von OSB-Platten bin, habe ich ja hier nie einen Hehl gemacht. Sicherlich haben sie hier und da ihre Berechtigung, oftmals werden sie aber in den H\u00e4nden von Heimerkern zur t\u00f6dlichen Waffe gegen eine durchdachte Bauphysik. In der Pfuschabteilung des Baumarkts stehen OSB-Platten neben\u2026","rel":"","context":"In &quot;Allgemein&quot;","img":{"alt_text":"","src":"https:\/\/i1.wp.com\/www.dannwollenwirmal.de\/wp-content\/uploads\/2017\/11\/IMG_5948.jpg?resize=350%2C200","width":350,"height":200},"classes":[]},{"id":969,"url":"http:\/\/www.dannwollenwirmal.de\/?p=969","url_meta":{"origin":1829,"position":1},"title":"Heimwerker-Training","date":"10. Mai 2015","format":false,"excerpt":"W\u00e4hrend mir mein Lieblings-Suchbegriff der Woche \"holzterasse mit bauschaum stabilisieren\" ein mittelschweres Sodbrennen verursacht hat, sollte ich hier vielleicht mal mit der abgeh\u00e4ngten Decke weitermachen? VIELLEICHT? Viele Leser bauen ja auch die Projekte nach, und jetzt stehen sie da seit zwei Wochen mit der Kelle in der Hand und warten,\u2026","rel":"","context":"In &quot;Allgemein&quot;","img":{"alt_text":"","src":"https:\/\/i0.wp.com\/www.dannwollenwirmal.de\/wp-content\/uploads\/2015\/05\/IMG_3439.jpg?resize=350%2C200","width":350,"height":200},"classes":[]},{"id":1979,"url":"http:\/\/www.dannwollenwirmal.de\/?p=1979","url_meta":{"origin":1829,"position":2},"title":"Rette sich, wer kann!","date":"2. Juli 2017","format":false,"excerpt":"Ja, so weit das Auge reicht, wird allerorten\u00a0Sommerpause gemacht. Auch bei dannwollenwirmal ist es sicher bald wieder so weit. Tats\u00e4chlich bin ich jetzt eigentlich schon nicht mehr handwerklich aktiv. Im Sommer ist Hochsaison im Hauptberuf, da bleibt wenig Zeit zum Bohren, H\u00e4mmern und S\u00e4gen, aber immerhin noch ein bisschen Zeit\u2026","rel":"","context":"In &quot;Allgemein&quot;","img":{"alt_text":"","src":"","width":0,"height":0},"classes":[]},{"id":36,"url":"http:\/\/www.dannwollenwirmal.de\/?p=36","url_meta":{"origin":1829,"position":3},"title":"Immer mit der Ruhe","date":"18. September 2013","format":false,"excerpt":"Beruhigt Euch, Leute! Ich renne nicht ins Verderben. Heute vier (!) Anrufe von besorgten Leuten, ob ich mir das wirklich gut \u00fcberlegt h\u00e4tte und die Isolation einfach so \"unters Dach proppen\" m\u00f6chte. Nein, nein! Ich habe mich mit dem Thema \u00e4u\u00dfest lange besch\u00e4ftigt und nun eine f\u00fcr mich gute L\u00f6sung\u2026","rel":"","context":"In &quot;Allgemeines&quot;","img":{"alt_text":"Sch\u00fcrhaken-Werkzeug","src":"https:\/\/i1.wp.com\/www.dannwollenwirmal.de\/wp-content\/uploads\/2013\/09\/img_2203.jpg?resize=350%2C200","width":350,"height":200},"classes":[]},{"id":885,"url":"http:\/\/www.dannwollenwirmal.de\/?p=885","url_meta":{"origin":1829,"position":4},"title":"Nasszellentrockenbau","date":"8. M\u00e4rz 2015","format":false,"excerpt":"Heiter geht es weiter im Badezimmer der Tr\u00e4ume. Nachdem beim letzten mal die W\u00e4nde und Fliesen entfernt und die Au\u00dfenw\u00e4nde verputzt wurden, geht es nun an den Trockenbau. Es sollte eine neue Trennwand mit T\u00fcr\u00f6ffnung installiert werden, au\u00dferdem hat man sich entschlossen, die Decke abzuh\u00e4ngen. Die Decke h\u00e4tte ich ehrlicherweise\u2026","rel":"","context":"In &quot;Allgemein&quot;","img":{"alt_text":"","src":"https:\/\/i1.wp.com\/www.dannwollenwirmal.de\/wp-content\/uploads\/2015\/03\/IMG_3293.jpg?resize=350%2C200","width":350,"height":200},"classes":[]},{"id":622,"url":"http:\/\/www.dannwollenwirmal.de\/?p=622","url_meta":{"origin":1829,"position":5},"title":"Immer \u00c4rger mit dem Erker","date":"26. Oktober 2014","format":false,"excerpt":"Nachdem das halbst\u00fcndige Zucken der rechten Gesichtsh\u00e4lfte nach Lesen des Suchbegriffs \"Streichrauhfaser direkt auf Fliesen\" nachgelassen hatte, lege ich meine Blogstatistiken zur Seite und berichte \u00fcber das Fortkommen auf dem Dachboden der Tr\u00e4ume, den wir alle so ins Herz geschlossen haben. Zun\u00e4chst mal habe ich einiges an Emp\u00f6rung durch den\u2026","rel":"","context":"In &quot;Allgemein&quot;","img":{"alt_text":"","src":"https:\/\/i2.wp.com\/www.dannwollenwirmal.de\/wp-content\/uploads\/2014\/10\/erkF1.jpg?resize=350%2C200","width":350,"height":200},"classes":[]}],"_links":{"self":[{"href":"http:\/\/www.dannwollenwirmal.de\/index.php?rest_route=\/wp\/v2\/posts\/1829"}],"collection":[{"href":"http:\/\/www.dannwollenwirmal.de\/index.php?rest_route=\/wp\/v2\/posts"}],"about":[{"href":"http:\/\/www.dannwollenwirmal.de\/index.php?rest_route=\/wp\/v2\/types\/post"}],"author":[{"embeddable":true,"href":"http:\/\/www.dannwollenwirmal.de\/index.php?rest_route=\/wp\/v2\/users\/1"}],"replies":[{"embeddable":true,"href":"http:\/\/www.dannwollenwirmal.de\/index.php?rest_route=%2Fwp%2Fv2%2Fcomments&post=1829"}],"version-history":[{"count":1,"href":"http:\/\/www.dannwollenwirmal.de\/index.php?rest_route=\/wp\/v2\/posts\/1829\/revisions"}],"predecessor-version":[{"id":1830,"href":"http:\/\/www.dannwollenwirmal.de\/index.php?rest_route=\/wp\/v2\/posts\/1829\/revisions\/1830"}],"wp:attachment":[{"href":"http:\/\/www.dannwollenwirmal.de\/index.php?rest_route=%2Fwp%2Fv2%2Fmedia&parent=1829"}],"wp:term":[{"taxonomy":"category","embeddable":true,"href":"http:\/\/www.dannwollenwirmal.de\/index.php?rest_route=%2Fwp%2Fv2%2Fcategories&post=1829"},{"taxonomy":"post_tag","embeddable":true,"href":"http:\/\/www.dannwollenwirmal.de\/index.php?rest_route=%2Fwp%2Fv2%2Ftags&post=1829"}],"curies":[{"name":"wp","href":"https:\/\/api.w.org\/{rel}","templated":true}]}}