{"id":1819,"date":"2017-03-05T08:00:43","date_gmt":"2017-03-05T07:00:43","guid":{"rendered":"http:\/\/www.dannwollenwirmal.de\/?p=1819"},"modified":"2017-03-04T20:22:04","modified_gmt":"2017-03-04T19:22:04","slug":"ausser-tresen-nix-gewesen","status":"publish","type":"post","link":"http:\/\/www.dannwollenwirmal.de\/?p=1819","title":{"rendered":"Au\u00dfer Tresen nix gewesen"},"content":{"rendered":"<p>So, liebe Leser, es wird Zeit: Eine knappe Woche bleibt noch, um Eure kleinen und gro\u00dfen Baus\u00fcnden zu beichten und dabei attraktive Preise abzur\u00e4umen (Genauere Infos <a href=\"http:\/\/www.dannwollenwirmal.de\/?p=1811\"><strong>hier<\/strong><\/a>). Ein paar sch\u00f6ne Schmankerl sind schon eingegangen, aber ich bin sicher, es gibt noch mehr da drau\u00dfen. Also traut Euch ruhig und teilt uns Euren sch\u00f6nsten Pfusch mit!<\/p>\n<p>Beim Hallenumbau geht es munter weiter, und auch das anvisierte Ziel, zum Monatswechsel umzugsbereit zu sein, wurde erreicht. Hier und da noch etwas &#8222;Feintuning&#8220;, aber mit der Umr\u00e4umerei konnten wir p\u00fcnktlich starten, und irgendwann ist dann sicherlich auch wirklich alles fertig.<\/p>\n<p>Apropos fertig: Der Selfmade-Empfangstresen ist quasi vollendet. Die Unterkonstruktion und die Beplankung habe ich hier ja schon beschrieben, nun ging es letzte Woche an die Deckplatte. Eine Massivholzplatte in dieser Gr\u00f6\u00dfe und mit der Rundung ist entweder nicht existent oder nicht bezahlbar, und auch mit der herk\u00f6mmlichen K\u00fcchen-Arbeitsplatte kommt man wegen der Form nicht weit. Die Deckplatte habe ich unserem Holzwurm Tom C. \u00fcberlassen und mich w\u00e4hrenddessen um andere Dinge (schlau rumlabern) gek\u00fcmmert. Ist echt gro\u00dfartig geworden! Ein wahrer Blickfang:<\/p>\n<p><a href=\"https:\/\/i1.wp.com\/www.dannwollenwirmal.de\/wp-content\/uploads\/2017\/03\/IMG_5178.jpg\"><img data-attachment-id=\"1822\" data-permalink=\"http:\/\/www.dannwollenwirmal.de\/?attachment_id=1822#main\" data-orig-file=\"https:\/\/i1.wp.com\/www.dannwollenwirmal.de\/wp-content\/uploads\/2017\/03\/IMG_5178.jpg?fit=652%2C652\" data-orig-size=\"652,652\" data-comments-opened=\"1\" data-image-meta=\"{&quot;aperture&quot;:&quot;2.2&quot;,&quot;credit&quot;:&quot;&quot;,&quot;camera&quot;:&quot;iPhone 6s&quot;,&quot;caption&quot;:&quot;&quot;,&quot;created_timestamp&quot;:&quot;1488647841&quot;,&quot;copyright&quot;:&quot;&quot;,&quot;focal_length&quot;:&quot;4.15&quot;,&quot;iso&quot;:&quot;100&quot;,&quot;shutter_speed&quot;:&quot;0.03030303030303&quot;,&quot;title&quot;:&quot;&quot;,&quot;orientation&quot;:&quot;1&quot;}\" data-image-title=\"IMG_5178\" data-image-description=\"&lt;p&gt;Empfangstresen DIY&lt;\/p&gt;\n\" data-image-caption=\"\" data-medium-file=\"https:\/\/i1.wp.com\/www.dannwollenwirmal.de\/wp-content\/uploads\/2017\/03\/IMG_5178.jpg?fit=300%2C300\" data-large-file=\"https:\/\/i1.wp.com\/www.dannwollenwirmal.de\/wp-content\/uploads\/2017\/03\/IMG_5178.jpg?fit=652%2C652\" loading=\"lazy\" class=\"alignnone size-full wp-image-1822\" src=\"https:\/\/i1.wp.com\/www.dannwollenwirmal.de\/wp-content\/uploads\/2017\/03\/IMG_5178.jpg?resize=652%2C652\" alt=\"IMG_5178\" width=\"652\" height=\"652\" srcset=\"https:\/\/i1.wp.com\/www.dannwollenwirmal.de\/wp-content\/uploads\/2017\/03\/IMG_5178.jpg?w=652 652w, https:\/\/i1.wp.com\/www.dannwollenwirmal.de\/wp-content\/uploads\/2017\/03\/IMG_5178.jpg?resize=150%2C150 150w, https:\/\/i1.wp.com\/www.dannwollenwirmal.de\/wp-content\/uploads\/2017\/03\/IMG_5178.jpg?resize=300%2C300 300w\" sizes=\"(max-width: 652px) 100vw, 652px\" data-recalc-dims=\"1\" \/><\/a><br \/>\n<em>Tataaa!<\/em><\/p>\n<p>Als erste Lage wurde eine 22mm-OSB-Platte mit den Stehern der UK verschraubt; hierbei wurde auch auf das Ausgleichen von H\u00f6henunterschieden geachtet, damit das Ganze sp\u00e4ter nicht wellig wirkt. Die OSB wurde in der Rundung segmentweise geschnitten und mit Flachd\u00fcbeln verbunden. Schie\u00dflich wurde mit viel Gef\u00fchl die Rundung ges\u00e4gt.<\/p>\n<p>Als Oberbelag haben wir dann ein Parkett genommen, das auf der (abgeschliffenen!) OSB-Platte vollfl\u00e4chig mit Parkettkleber verlegt wurde. Die Kante wurde schlie\u00dflich mit einer Aluschiene verkleidet. Der kleine Spalt zwischen (angefastem) Holz und Schiene wird schlie\u00dflich noch mit dunkelbraunem Silikon gef\u00fcllt. Voila!<\/p>\n<p><a href=\"https:\/\/i1.wp.com\/www.dannwollenwirmal.de\/wp-content\/uploads\/2017\/03\/IMG_5177.jpg\"><img data-attachment-id=\"1823\" data-permalink=\"http:\/\/www.dannwollenwirmal.de\/?attachment_id=1823#main\" data-orig-file=\"https:\/\/i1.wp.com\/www.dannwollenwirmal.de\/wp-content\/uploads\/2017\/03\/IMG_5177.jpg?fit=652%2C652\" data-orig-size=\"652,652\" data-comments-opened=\"1\" data-image-meta=\"{&quot;aperture&quot;:&quot;2.2&quot;,&quot;credit&quot;:&quot;&quot;,&quot;camera&quot;:&quot;iPhone 6s&quot;,&quot;caption&quot;:&quot;&quot;,&quot;created_timestamp&quot;:&quot;1488647826&quot;,&quot;copyright&quot;:&quot;&quot;,&quot;focal_length&quot;:&quot;4.15&quot;,&quot;iso&quot;:&quot;80&quot;,&quot;shutter_speed&quot;:&quot;0.03030303030303&quot;,&quot;title&quot;:&quot;&quot;,&quot;orientation&quot;:&quot;1&quot;}\" data-image-title=\"IMG_5177\" data-image-description=\"&lt;p&gt;Tresen DIY&lt;\/p&gt;\n\" data-image-caption=\"\" data-medium-file=\"https:\/\/i1.wp.com\/www.dannwollenwirmal.de\/wp-content\/uploads\/2017\/03\/IMG_5177.jpg?fit=300%2C300\" data-large-file=\"https:\/\/i1.wp.com\/www.dannwollenwirmal.de\/wp-content\/uploads\/2017\/03\/IMG_5177.jpg?fit=652%2C652\" loading=\"lazy\" class=\"alignnone size-full wp-image-1823\" src=\"https:\/\/i1.wp.com\/www.dannwollenwirmal.de\/wp-content\/uploads\/2017\/03\/IMG_5177.jpg?resize=652%2C652\" alt=\"IMG_5177\" width=\"652\" height=\"652\" srcset=\"https:\/\/i1.wp.com\/www.dannwollenwirmal.de\/wp-content\/uploads\/2017\/03\/IMG_5177.jpg?w=652 652w, https:\/\/i1.wp.com\/www.dannwollenwirmal.de\/wp-content\/uploads\/2017\/03\/IMG_5177.jpg?resize=150%2C150 150w, https:\/\/i1.wp.com\/www.dannwollenwirmal.de\/wp-content\/uploads\/2017\/03\/IMG_5177.jpg?resize=300%2C300 300w\" sizes=\"(max-width: 652px) 100vw, 652px\" data-recalc-dims=\"1\" \/><\/a><br \/>\n<em>&#8230;und von hinten<\/em><\/p>\n<p>Auch der Teppich wurde verlegt, das hat f\u00fcr&#8217;s &#8222;erste Mal&#8220; (mal abgesehen von diversen Hauruck-Aktionen, achja, und meinem Treppenhaus!) recht gut geklappt. Die jeweilige Bahn wurde im Raum ausgelegt, in die Ecken gedr\u00fcckt und mit scharfem Messer mit Hakenklinge geschnitten. Dann wird eine H\u00e4lfte zur\u00fcckgeklappt (ohne die Position des Teppichs zu ver\u00e4ndern) und darunter der Kleber per Zahnspachtel aufgetragen. Dann wird die H\u00e4lfte in den Kleber gedr\u00fcckt und danach die zweite H\u00e4lfte verklebt. Nach rund 40 Minuten wird das ganze dann mit einer Walze (gibt&#8217;s bei B\u00f6llz f\u00fcr schmales Geld) angedr\u00fcckt. Tats\u00e4chlich verschiebt sich das Ganze bei der Hin- und Herwinderei doch noch ein paar Millimeter, daher kann man auch \u00fcberlegen, die R\u00e4nder zun\u00e4chst etwas gro\u00dfzu\u00fcgiger zu schneiden und den <em>Endschnitt <\/em>erst zu machen, wenn&#8217;s wirklich final liegt.<\/p>\n<p><a href=\"https:\/\/i0.wp.com\/www.dannwollenwirmal.de\/wp-content\/uploads\/2017\/03\/IMG_5176.jpg\"><img data-attachment-id=\"1824\" data-permalink=\"http:\/\/www.dannwollenwirmal.de\/?attachment_id=1824#main\" data-orig-file=\"https:\/\/i0.wp.com\/www.dannwollenwirmal.de\/wp-content\/uploads\/2017\/03\/IMG_5176.jpg?fit=652%2C652\" data-orig-size=\"652,652\" data-comments-opened=\"1\" data-image-meta=\"{&quot;aperture&quot;:&quot;2.2&quot;,&quot;credit&quot;:&quot;&quot;,&quot;camera&quot;:&quot;iPhone 6s&quot;,&quot;caption&quot;:&quot;&quot;,&quot;created_timestamp&quot;:&quot;1488647776&quot;,&quot;copyright&quot;:&quot;&quot;,&quot;focal_length&quot;:&quot;4.15&quot;,&quot;iso&quot;:&quot;80&quot;,&quot;shutter_speed&quot;:&quot;0.03030303030303&quot;,&quot;title&quot;:&quot;&quot;,&quot;orientation&quot;:&quot;1&quot;}\" data-image-title=\"IMG_5176\" data-image-description=\"&lt;p&gt;Teppich Stufen&lt;\/p&gt;\n\" data-image-caption=\"\" data-medium-file=\"https:\/\/i0.wp.com\/www.dannwollenwirmal.de\/wp-content\/uploads\/2017\/03\/IMG_5176.jpg?fit=300%2C300\" data-large-file=\"https:\/\/i0.wp.com\/www.dannwollenwirmal.de\/wp-content\/uploads\/2017\/03\/IMG_5176.jpg?fit=652%2C652\" loading=\"lazy\" class=\"alignnone size-full wp-image-1824\" src=\"https:\/\/i0.wp.com\/www.dannwollenwirmal.de\/wp-content\/uploads\/2017\/03\/IMG_5176.jpg?resize=652%2C652\" alt=\"IMG_5176\" width=\"652\" height=\"652\" srcset=\"https:\/\/i0.wp.com\/www.dannwollenwirmal.de\/wp-content\/uploads\/2017\/03\/IMG_5176.jpg?w=652 652w, https:\/\/i0.wp.com\/www.dannwollenwirmal.de\/wp-content\/uploads\/2017\/03\/IMG_5176.jpg?resize=150%2C150 150w, https:\/\/i0.wp.com\/www.dannwollenwirmal.de\/wp-content\/uploads\/2017\/03\/IMG_5176.jpg?resize=300%2C300 300w\" sizes=\"(max-width: 652px) 100vw, 652px\" data-recalc-dims=\"1\" \/><\/a><br \/>\n<em>Teppich: Stufen wurden mit Eckschienen aus Alu versehen<\/em><\/p>\n<p>Sp\u00e4ter habe ich dann die Fu\u00dfleisten angebracht, eigentlich eine undankbare Aufgabe, aber <em>wie geil sind denn bitte EINKLEBELEISTEN<\/em>??<\/p>\n<p><a href=\"https:\/\/i2.wp.com\/www.dannwollenwirmal.de\/wp-content\/uploads\/2017\/03\/IMG_5168.jpg\"><img data-attachment-id=\"1825\" data-permalink=\"http:\/\/www.dannwollenwirmal.de\/?attachment_id=1825#main\" data-orig-file=\"https:\/\/i2.wp.com\/www.dannwollenwirmal.de\/wp-content\/uploads\/2017\/03\/IMG_5168.jpg?fit=652%2C652\" data-orig-size=\"652,652\" data-comments-opened=\"1\" data-image-meta=\"{&quot;aperture&quot;:&quot;2.2&quot;,&quot;credit&quot;:&quot;&quot;,&quot;camera&quot;:&quot;iPhone 6s&quot;,&quot;caption&quot;:&quot;&quot;,&quot;created_timestamp&quot;:&quot;1488282382&quot;,&quot;copyright&quot;:&quot;&quot;,&quot;focal_length&quot;:&quot;4.15&quot;,&quot;iso&quot;:&quot;32&quot;,&quot;shutter_speed&quot;:&quot;0.02&quot;,&quot;title&quot;:&quot;&quot;,&quot;orientation&quot;:&quot;1&quot;}\" data-image-title=\"IMG_5168\" data-image-description=\"&lt;p&gt;Teppich Einklebeleiste&lt;\/p&gt;\n\" data-image-caption=\"\" data-medium-file=\"https:\/\/i2.wp.com\/www.dannwollenwirmal.de\/wp-content\/uploads\/2017\/03\/IMG_5168.jpg?fit=300%2C300\" data-large-file=\"https:\/\/i2.wp.com\/www.dannwollenwirmal.de\/wp-content\/uploads\/2017\/03\/IMG_5168.jpg?fit=652%2C652\" loading=\"lazy\" class=\"alignnone size-full wp-image-1825\" src=\"https:\/\/i2.wp.com\/www.dannwollenwirmal.de\/wp-content\/uploads\/2017\/03\/IMG_5168.jpg?resize=652%2C652\" alt=\"IMG_5168\" width=\"652\" height=\"652\" srcset=\"https:\/\/i2.wp.com\/www.dannwollenwirmal.de\/wp-content\/uploads\/2017\/03\/IMG_5168.jpg?w=652 652w, https:\/\/i2.wp.com\/www.dannwollenwirmal.de\/wp-content\/uploads\/2017\/03\/IMG_5168.jpg?resize=150%2C150 150w, https:\/\/i2.wp.com\/www.dannwollenwirmal.de\/wp-content\/uploads\/2017\/03\/IMG_5168.jpg?resize=300%2C300 300w\" sizes=\"(max-width: 652px) 100vw, 652px\" data-recalc-dims=\"1\" \/><\/a><br \/>\n<em>Einklebeleiste<\/em><\/p>\n<p>Bei der Einklebeleiste handelt es sich um eine PVC-Leiste, die an die Wand geschraubt und danach mit schmalen Streifen des Bodenbelags beklebt wird. Dazu hat die Leiste bereits einen Klebestreifen integriert. Die Vorteile:<br \/>\n&#8211; Dadurch, dass die Verschraubung verdeckt ist, kann man das Ding quasi alle halbe Meter mit was anderem an die Wand t\u00f6nstern. Die Verschraubung muss nicht gut aussehen, sondern halten, und das hat tadellos geklappt! Hier \u00fcbrigens mit langen Trockenbauschrauben (Feingewinde), die dann im dahinterliegenden UW-Profil greifen.<br \/>\n&#8211; Das Schneiden der Streifen geht Ruckzuck, weil man die Leiste als Schneideschiene benutzen kann (da ist eine Nut drin, in der das Messer laufen kann)<br \/>\n&#8211; Das Schneiden der Leisten geht leicht, z.B. mit einer Blechschere; es gibt aber auch extra Stanzen daf\u00fcr<br \/>\n&#8211; Ich habe erst \u00fcberall Gehrungen geschnitten, ABER man kann die Leiste ebensogut um die Ecken biegen (vielleicht dabei noch etwas warm machen? Hab ich gar nicht probiert)<br \/>\n&#8211; und: es sieht 1a aus, als ob man richtig was drauf hat. Ideal f\u00fcr Fu\u00dfleistenblender \ud83d\ude42<\/p>\n<p><a href=\"https:\/\/i2.wp.com\/www.dannwollenwirmal.de\/wp-content\/uploads\/2017\/03\/IMG_5173.jpg\"><img data-attachment-id=\"1826\" data-permalink=\"http:\/\/www.dannwollenwirmal.de\/?attachment_id=1826#main\" data-orig-file=\"https:\/\/i2.wp.com\/www.dannwollenwirmal.de\/wp-content\/uploads\/2017\/03\/IMG_5173.jpg?fit=652%2C652\" data-orig-size=\"652,652\" data-comments-opened=\"1\" data-image-meta=\"{&quot;aperture&quot;:&quot;2.2&quot;,&quot;credit&quot;:&quot;&quot;,&quot;camera&quot;:&quot;iPhone 6s&quot;,&quot;caption&quot;:&quot;&quot;,&quot;created_timestamp&quot;:&quot;1488372497&quot;,&quot;copyright&quot;:&quot;&quot;,&quot;focal_length&quot;:&quot;4.15&quot;,&quot;iso&quot;:&quot;200&quot;,&quot;shutter_speed&quot;:&quot;0.04&quot;,&quot;title&quot;:&quot;&quot;,&quot;orientation&quot;:&quot;1&quot;}\" data-image-title=\"IMG_5173\" data-image-description=\"&lt;p&gt;Einklebeleiste biegen&lt;\/p&gt;\n\" data-image-caption=\"\" data-medium-file=\"https:\/\/i2.wp.com\/www.dannwollenwirmal.de\/wp-content\/uploads\/2017\/03\/IMG_5173.jpg?fit=300%2C300\" data-large-file=\"https:\/\/i2.wp.com\/www.dannwollenwirmal.de\/wp-content\/uploads\/2017\/03\/IMG_5173.jpg?fit=652%2C652\" loading=\"lazy\" class=\"alignnone size-full wp-image-1826\" src=\"https:\/\/i2.wp.com\/www.dannwollenwirmal.de\/wp-content\/uploads\/2017\/03\/IMG_5173.jpg?resize=652%2C652\" alt=\"IMG_5173\" width=\"652\" height=\"652\" srcset=\"https:\/\/i2.wp.com\/www.dannwollenwirmal.de\/wp-content\/uploads\/2017\/03\/IMG_5173.jpg?w=652 652w, https:\/\/i2.wp.com\/www.dannwollenwirmal.de\/wp-content\/uploads\/2017\/03\/IMG_5173.jpg?resize=150%2C150 150w, https:\/\/i2.wp.com\/www.dannwollenwirmal.de\/wp-content\/uploads\/2017\/03\/IMG_5173.jpg?resize=300%2C300 300w\" sizes=\"(max-width: 652px) 100vw, 652px\" data-recalc-dims=\"1\" \/><\/a><br \/>\n<em>Um die Treppe: Ecken kann man einfach biegen<\/em><\/p>\n<p>Jetzt sind noch viele, viele Stromkabel zu verlegen und noch viel umzur\u00e4umen, so dass es erstmal nicht langweilig wird. N\u00e4chste Woche geht&#8217;s hier wie gewohnt weiter und dann werden die Gewinner gek\u00fcrt. Also, schnell noch mitmachen! Holleriho!<\/p>\n<p>&nbsp;<\/p>\n<p>&nbsp;<\/p>\n<div class=\"sharedaddy sd-sharing-enabled\"><div class=\"robots-nocontent sd-block sd-social sd-social-icon-text sd-sharing\"><h3 class=\"sd-title\">Teilen mit:<\/h3><div class=\"sd-content\"><ul><li class=\"share-email\"><a rel=\"nofollow noopener noreferrer\" data-shared=\"\" class=\"share-email sd-button share-icon\" href=\"http:\/\/www.dannwollenwirmal.de\/?p=1819&amp;share=email\" target=\"_blank\" title=\"Klick, um dies einem Freund per E-Mail zu senden\"><span>E-Mail<\/span><\/a><\/li><li class=\"share-print\"><a rel=\"nofollow noopener noreferrer\" data-shared=\"\" class=\"share-print sd-button share-icon\" href=\"http:\/\/www.dannwollenwirmal.de\/?p=1819\" target=\"_blank\" title=\"Klicken zum Ausdrucken\"><span>Drucken<\/span><\/a><\/li><li class=\"share-facebook\"><a rel=\"nofollow noopener noreferrer\" data-shared=\"sharing-facebook-1819\" class=\"share-facebook sd-button share-icon\" href=\"http:\/\/www.dannwollenwirmal.de\/?p=1819&amp;share=facebook\" target=\"_blank\" title=\"Klick, um auf Facebook zu teilen\"><span>Facebook<\/span><\/a><\/li><li class=\"share-twitter\"><a rel=\"nofollow noopener noreferrer\" data-shared=\"sharing-twitter-1819\" class=\"share-twitter sd-button share-icon\" href=\"http:\/\/www.dannwollenwirmal.de\/?p=1819&amp;share=twitter\" target=\"_blank\" title=\"Klick, um \u00fcber Twitter zu teilen\"><span>Twitter<\/span><\/a><\/li><li class=\"share-pinterest\"><a rel=\"nofollow noopener noreferrer\" data-shared=\"sharing-pinterest-1819\" class=\"share-pinterest sd-button share-icon\" href=\"http:\/\/www.dannwollenwirmal.de\/?p=1819&amp;share=pinterest\" target=\"_blank\" title=\"Klick, um auf Pinterest zu teilen\"><span>Pinterest<\/span><\/a><\/li><li class=\"share-linkedin\"><a rel=\"nofollow noopener noreferrer\" data-shared=\"sharing-linkedin-1819\" class=\"share-linkedin sd-button share-icon\" href=\"http:\/\/www.dannwollenwirmal.de\/?p=1819&amp;share=linkedin\" target=\"_blank\" title=\"Klick, um auf LinkedIn zu teilen\"><span>LinkedIn<\/span><\/a><\/li><li class=\"share-end\"><\/li><\/ul><\/div><\/div><\/div>","protected":false},"excerpt":{"rendered":"<p>So, liebe Leser, es wird Zeit: Eine knappe Woche bleibt noch, um Eure kleinen und gro\u00dfen Baus\u00fcnden zu beichten und dabei attraktive Preise abzur\u00e4umen (Genauere Infos hier). Ein paar sch\u00f6ne Schmankerl sind schon eingegangen, aber ich bin sicher, es gibt noch mehr da drau\u00dfen. Also traut Euch ruhig und teilt uns Euren sch\u00f6nsten Pfusch mit! [&hellip;]<\/p>\n<div class=\"sharedaddy sd-sharing-enabled\"><div class=\"robots-nocontent sd-block sd-social sd-social-icon-text sd-sharing\"><h3 class=\"sd-title\">Teilen mit:<\/h3><div class=\"sd-content\"><ul><li class=\"share-email\"><a rel=\"nofollow noopener noreferrer\" data-shared=\"\" class=\"share-email sd-button share-icon\" href=\"http:\/\/www.dannwollenwirmal.de\/?p=1819&amp;share=email\" target=\"_blank\" title=\"Klick, um dies einem Freund per E-Mail zu senden\"><span>E-Mail<\/span><\/a><\/li><li class=\"share-print\"><a rel=\"nofollow noopener noreferrer\" data-shared=\"\" class=\"share-print sd-button share-icon\" href=\"http:\/\/www.dannwollenwirmal.de\/?p=1819\" target=\"_blank\" title=\"Klicken zum Ausdrucken\"><span>Drucken<\/span><\/a><\/li><li class=\"share-facebook\"><a rel=\"nofollow noopener noreferrer\" data-shared=\"sharing-facebook-1819\" class=\"share-facebook sd-button share-icon\" href=\"http:\/\/www.dannwollenwirmal.de\/?p=1819&amp;share=facebook\" target=\"_blank\" title=\"Klick, um auf Facebook zu teilen\"><span>Facebook<\/span><\/a><\/li><li class=\"share-twitter\"><a rel=\"nofollow noopener noreferrer\" data-shared=\"sharing-twitter-1819\" class=\"share-twitter sd-button share-icon\" href=\"http:\/\/www.dannwollenwirmal.de\/?p=1819&amp;share=twitter\" target=\"_blank\" title=\"Klick, um \u00fcber Twitter zu teilen\"><span>Twitter<\/span><\/a><\/li><li class=\"share-pinterest\"><a rel=\"nofollow noopener noreferrer\" data-shared=\"sharing-pinterest-1819\" class=\"share-pinterest sd-button share-icon\" href=\"http:\/\/www.dannwollenwirmal.de\/?p=1819&amp;share=pinterest\" target=\"_blank\" title=\"Klick, um auf Pinterest zu teilen\"><span>Pinterest<\/span><\/a><\/li><li class=\"share-linkedin\"><a rel=\"nofollow noopener noreferrer\" data-shared=\"sharing-linkedin-1819\" class=\"share-linkedin sd-button share-icon\" href=\"http:\/\/www.dannwollenwirmal.de\/?p=1819&amp;share=linkedin\" target=\"_blank\" title=\"Klick, um auf LinkedIn zu teilen\"><span>LinkedIn<\/span><\/a><\/li><li class=\"share-end\"><\/li><\/ul><\/div><\/div><\/div>","protected":false},"author":1,"featured_media":0,"comment_status":"open","ping_status":"open","sticky":false,"template":"","format":"standard","meta":{"advanced_seo_description":"","spay_email":"","jetpack_publicize_message":"","jetpack_is_tweetstorm":false,"jetpack_publicize_feature_enabled":true},"categories":[1,125,121,457],"tags":[472,459,464,473,471,470],"jetpack_featured_media_url":"","jetpack_publicize_connections":[],"jetpack_shortlink":"https:\/\/wp.me\/p3WtlO-tl","jetpack_sharing_enabled":true,"jetpack-related-posts":[{"id":1798,"url":"http:\/\/www.dannwollenwirmal.de\/?p=1798","url_meta":{"origin":1819,"position":0},"title":"Hei\u00dfe Kurven","date":"12. Februar 2017","format":false,"excerpt":"W\u00e4hrend sich allm\u00e4hlich meine Schockstarre angesichts des Suchbegriffs der Woche \"fenster einfach mit bauschaum eingesetzt und angeputzt\" l\u00f6st, m\u00f6chte ich diese Woche auf vielfachen Wunsch erl\u00e4utern, wie der geschwungene Empfangstresen\u00a0 gebaut wird. Sicherlich gibt es so ein M\u00f6bel auch als Anfertigung vom Tischler, allerdings liegen bei dieser Variante die Kosten\u2026","rel":"","context":"In &quot;Allgemein&quot;","img":{"alt_text":"","src":"https:\/\/i1.wp.com\/www.dannwollenwirmal.de\/wp-content\/uploads\/2017\/02\/IMG_5113.jpg?resize=350%2C200","width":350,"height":200},"classes":[]},{"id":1780,"url":"http:\/\/www.dannwollenwirmal.de\/?p=1780","url_meta":{"origin":1819,"position":1},"title":"Butter bei die Fische!","date":"5. Februar 2017","format":false,"excerpt":"Ich h\u00e4nge mit dem Blog mal wieder etwas hinter der Realit\u00e4t her; tats\u00e4chlich bin ich mitten in einem wahrlichen Gro\u00dfprojekt, welches ich ja hier und da schon mal angedeutet hatte. Im RealLife bin ich ja Mitinhaber einer Firma f\u00fcr Veranstaltungstechnik, und eben diese zieht in eine neue Lagerhalle. Da diese\u2026","rel":"","context":"In &quot;Allgemein&quot;","img":{"alt_text":"","src":"https:\/\/i0.wp.com\/www.dannwollenwirmal.de\/wp-content\/uploads\/2017\/02\/IMG_5107.jpg?resize=350%2C200","width":350,"height":200},"classes":[]},{"id":2134,"url":"http:\/\/www.dannwollenwirmal.de\/?p=2134","url_meta":{"origin":1819,"position":2},"title":"Der dannwollenwirmal-Jahresr\u00fcckblick","date":"31. Dezember 2017","format":false,"excerpt":"Wenn der letzte Blogsonntag in diesem Jahr schon auf den 31.12. f\u00e4llt, werde ich nat\u00fcrlich die Gelegenheit nutzen, den traditionellen dannwollenwirmal-Jahresr\u00fcckblick heute abzuhandeln. Und was war da nicht alles los! Im\u00a0Januar habe ich das T\u00fcrsturz-Projekt fertiggestellt, bei dem einige T\u00fcr\u00f6ffnungen wegen ver\u00e4nderter Fu\u00dfbodensituation ein\u00a0Upsizing erfahren haben, sprich: es wurden die\u2026","rel":"","context":"In &quot;Allgemein&quot;","img":{"alt_text":"","src":"https:\/\/i0.wp.com\/www.dannwollenwirmal.de\/wp-content\/uploads\/2017\/01\/IMG_5049.jpg?resize=350%2C200","width":350,"height":200},"classes":[]},{"id":2353,"url":"http:\/\/www.dannwollenwirmal.de\/?p=2353","url_meta":{"origin":1819,"position":3},"title":"&#8230;und Tsch\u00fcss!","date":"16. September 2018","format":false,"excerpt":"Liebste Leser, das waren nun f\u00fcnf Jahre dannwollenwirmal - der Heimwerkerblog. Am 17. September 2013 erschien der erste Beitrag, und fast auf den Tag genau f\u00fcnf Jahre sp\u00e4ter f\u00e4llt nun hier, wie angek\u00fcndigt, der sprichw\u00f6rtliche Hammer. Was haben wir nicht alles zusammen erlebt, liebste Leser! Vier B\u00e4der haben wir renoviert,\u2026","rel":"","context":"In &quot;Allgemein&quot;","img":{"alt_text":"","src":"","width":0,"height":0},"classes":[]},{"id":1579,"url":"http:\/\/www.dannwollenwirmal.de\/?p=1579","url_meta":{"origin":1819,"position":4},"title":"Sommerpause IV: Albtr\u00e4ume im Malergro\u00dfhandel II","date":"21. August 2016","format":false,"excerpt":"Viel Mitgef\u00fchl und ungl\u00e4ubiges Staunen habe ich f\u00fcr diese Episode vom Mai 2016 geerntet: Albtr\u00e4ume im Malergro\u00dfhandel II \u2013 Ein Lustspiel in drei Akten 1. Mai 2016 von mohlemeyer I.Akt Der Handwerkermarkt eines Malergro\u00dfhandels einer ostwestf\u00e4lischen Stadt. Ich trete ein, es ist weit und breit kein Verk\u00e4ufer zu sehen, man\u2026","rel":"","context":"In &quot;Allgemein&quot;","img":{"alt_text":"","src":"","width":0,"height":0},"classes":[]},{"id":1471,"url":"http:\/\/www.dannwollenwirmal.de\/?p=1471","url_meta":{"origin":1819,"position":5},"title":"Albtr\u00e4ume im Malergro\u00dfhandel II &#8211; Ein Lustspiel in drei Akten","date":"1. Mai 2016","format":false,"excerpt":"I.Akt Der Handwerkermarkt eines Malergro\u00dfhandels einer ostwestf\u00e4lischen Stadt. Ich trete ein, es ist weit und breit kein Verk\u00e4ufer zu sehen, man h\u00f6rt allerdings Fachsimpeleien und Gel\u00e4chter aus einem Nebenraum. Nach rund f\u00fcnf Minuten betritt ein Fahrer des besagten Malergro\u00dfhandels das Gesch\u00e4ft und bleibt zun\u00e4chst ratlos am Tresen stehen. Fahrer: Wo\u2026","rel":"","context":"In &quot;Allgemein&quot;","img":{"alt_text":"","src":"","width":0,"height":0},"classes":[]}],"_links":{"self":[{"href":"http:\/\/www.dannwollenwirmal.de\/index.php?rest_route=\/wp\/v2\/posts\/1819"}],"collection":[{"href":"http:\/\/www.dannwollenwirmal.de\/index.php?rest_route=\/wp\/v2\/posts"}],"about":[{"href":"http:\/\/www.dannwollenwirmal.de\/index.php?rest_route=\/wp\/v2\/types\/post"}],"author":[{"embeddable":true,"href":"http:\/\/www.dannwollenwirmal.de\/index.php?rest_route=\/wp\/v2\/users\/1"}],"replies":[{"embeddable":true,"href":"http:\/\/www.dannwollenwirmal.de\/index.php?rest_route=%2Fwp%2Fv2%2Fcomments&post=1819"}],"version-history":[{"count":3,"href":"http:\/\/www.dannwollenwirmal.de\/index.php?rest_route=\/wp\/v2\/posts\/1819\/revisions"}],"predecessor-version":[{"id":1827,"href":"http:\/\/www.dannwollenwirmal.de\/index.php?rest_route=\/wp\/v2\/posts\/1819\/revisions\/1827"}],"wp:attachment":[{"href":"http:\/\/www.dannwollenwirmal.de\/index.php?rest_route=%2Fwp%2Fv2%2Fmedia&parent=1819"}],"wp:term":[{"taxonomy":"category","embeddable":true,"href":"http:\/\/www.dannwollenwirmal.de\/index.php?rest_route=%2Fwp%2Fv2%2Fcategories&post=1819"},{"taxonomy":"post_tag","embeddable":true,"href":"http:\/\/www.dannwollenwirmal.de\/index.php?rest_route=%2Fwp%2Fv2%2Ftags&post=1819"}],"curies":[{"name":"wp","href":"https:\/\/api.w.org\/{rel}","templated":true}]}}