{"id":1780,"date":"2017-02-05T12:44:50","date_gmt":"2017-02-05T11:44:50","guid":{"rendered":"http:\/\/www.dannwollenwirmal.de\/?p=1780"},"modified":"2017-11-17T12:30:29","modified_gmt":"2017-11-17T11:30:29","slug":"butter-bei-die-fische","status":"publish","type":"post","link":"http:\/\/www.dannwollenwirmal.de\/?p=1780","title":{"rendered":"Butter bei die Fische!"},"content":{"rendered":"<p>Ich h\u00e4nge mit dem Blog mal wieder etwas hinter der Realit\u00e4t her; tats\u00e4chlich bin ich mitten in einem wahrlichen Gro\u00dfprojekt, welches ich ja hier und da schon mal angedeutet hatte.<\/p>\n<p>Im <em>RealLife<\/em> bin ich ja Mitinhaber einer Firma f\u00fcr Veranstaltungstechnik, und eben diese zieht in eine neue Lagerhalle. Da diese neuen R\u00e4ume einige Zeit leer standen und auch r\u00e4umlich das ein oder andere ge\u00e4ndert werden soll, warten hier eine Menge handwerkliche Herausforderungen. Und die Zeit ist wie immer knapp: Umzugstermin ist der 1.M\u00e4rz, mit den ersten Arbeiten sind wir im Januar angefangen. Wohl an!<\/p>\n<p>In den Hallenteilen, in denen nicht viel umgebaut werden muss, haben wir zun\u00e4chst die W\u00e4nde ausgebessert und gewei\u00dft; \u00fcber das Airless-System habe ich ja schon <a href=\"http:\/\/www.dannwollenwirmal.de\/?p=1757\"><strong>hier<\/strong> <\/a>berichtet. Der niederl\u00e4ndische Verhuur war da nicht ganz problemlos, beispielsweise war der Filter der Maschine verstopft und auch sonst mussten wir etwas Experimentierfreude an den Tag legen, bis das Ger\u00e4t dann endlich lief.<\/p>\n<p>Was ich damals nicht wusste: Es gibt ja tats\u00e4chlich Firmen, die nichts anders machen, als Airless-Ger\u00e4te vermieten (und verkaufen); und so schickte mir die Firma <a href=\"http:\/\/www.airless-discounter.de\"><strong>Airless-Discounter<\/strong><\/a> aus Berlin Ruckzuck einen quasi fabrikneuen <em>Porsche<\/em> unter den Farbspr\u00fchern:<\/p>\n<p><a href=\"https:\/\/i0.wp.com\/www.dannwollenwirmal.de\/wp-content\/uploads\/2017\/02\/IMG_5068.jpg\"><img data-attachment-id=\"1781\" data-permalink=\"http:\/\/www.dannwollenwirmal.de\/?attachment_id=1781#main\" data-orig-file=\"https:\/\/i0.wp.com\/www.dannwollenwirmal.de\/wp-content\/uploads\/2017\/02\/IMG_5068.jpg?fit=652%2C652\" data-orig-size=\"652,652\" data-comments-opened=\"1\" data-image-meta=\"{&quot;aperture&quot;:&quot;2.2&quot;,&quot;credit&quot;:&quot;&quot;,&quot;camera&quot;:&quot;iPhone 6s&quot;,&quot;caption&quot;:&quot;&quot;,&quot;created_timestamp&quot;:&quot;1484832812&quot;,&quot;copyright&quot;:&quot;&quot;,&quot;focal_length&quot;:&quot;4.15&quot;,&quot;iso&quot;:&quot;25&quot;,&quot;shutter_speed&quot;:&quot;0.02&quot;,&quot;title&quot;:&quot;&quot;,&quot;orientation&quot;:&quot;1&quot;}\" data-image-title=\"IMG_5068\" data-image-description=\"&lt;p&gt;Airless-Ger\u00e4t mieten&lt;\/p&gt;\n\" data-image-caption=\"\" data-medium-file=\"https:\/\/i0.wp.com\/www.dannwollenwirmal.de\/wp-content\/uploads\/2017\/02\/IMG_5068.jpg?fit=300%2C300\" data-large-file=\"https:\/\/i0.wp.com\/www.dannwollenwirmal.de\/wp-content\/uploads\/2017\/02\/IMG_5068.jpg?fit=652%2C652\" loading=\"lazy\" class=\"alignnone size-full wp-image-1781\" src=\"https:\/\/i0.wp.com\/www.dannwollenwirmal.de\/wp-content\/uploads\/2017\/02\/IMG_5068.jpg?resize=652%2C652\" alt=\"IMG_5068\" width=\"652\" height=\"652\" srcset=\"https:\/\/i0.wp.com\/www.dannwollenwirmal.de\/wp-content\/uploads\/2017\/02\/IMG_5068.jpg?w=652 652w, https:\/\/i0.wp.com\/www.dannwollenwirmal.de\/wp-content\/uploads\/2017\/02\/IMG_5068.jpg?resize=150%2C150 150w, https:\/\/i0.wp.com\/www.dannwollenwirmal.de\/wp-content\/uploads\/2017\/02\/IMG_5068.jpg?resize=300%2C300 300w\" sizes=\"(max-width: 652px) 100vw, 652px\" data-recalc-dims=\"1\" \/><\/a><br \/>\n<em>Binford Airless 2700<\/em><\/p>\n<p>Auf der Website gibt es eine <a href=\"https:\/\/www.airless-discounter.de\/aktuelles\/airless-spritzgeraet-mieten\/\"><strong>Miet-\u00dcbersicht<\/strong><\/a>; wenn man aber den Farbtyp und die Fl\u00e4che durchgibt, suchen einem die Fachberater direkt das passende Ger\u00e4t aus, packen es auf eine Pallette, und ein bis zwei Tage sp\u00e4ter kann man starten.<\/p>\n<p><a href=\"https:\/\/i2.wp.com\/www.dannwollenwirmal.de\/wp-content\/uploads\/2017\/02\/IMG_5074.jpg\"><img data-attachment-id=\"1782\" data-permalink=\"http:\/\/www.dannwollenwirmal.de\/?attachment_id=1782#main\" data-orig-file=\"https:\/\/i2.wp.com\/www.dannwollenwirmal.de\/wp-content\/uploads\/2017\/02\/IMG_5074.jpg?fit=652%2C652\" data-orig-size=\"652,652\" data-comments-opened=\"1\" data-image-meta=\"{&quot;aperture&quot;:&quot;2.2&quot;,&quot;credit&quot;:&quot;&quot;,&quot;camera&quot;:&quot;iPhone 6s&quot;,&quot;caption&quot;:&quot;&quot;,&quot;created_timestamp&quot;:&quot;1484835866&quot;,&quot;copyright&quot;:&quot;&quot;,&quot;focal_length&quot;:&quot;4.15&quot;,&quot;iso&quot;:&quot;100&quot;,&quot;shutter_speed&quot;:&quot;0.03030303030303&quot;,&quot;title&quot;:&quot;&quot;,&quot;orientation&quot;:&quot;1&quot;}\" data-image-title=\"IMG_5074\" data-image-description=\"&lt;p&gt;Airless Zubeh\u00f6r&lt;\/p&gt;\n\" data-image-caption=\"\" data-medium-file=\"https:\/\/i2.wp.com\/www.dannwollenwirmal.de\/wp-content\/uploads\/2017\/02\/IMG_5074.jpg?fit=300%2C300\" data-large-file=\"https:\/\/i2.wp.com\/www.dannwollenwirmal.de\/wp-content\/uploads\/2017\/02\/IMG_5074.jpg?fit=652%2C652\" loading=\"lazy\" class=\"alignnone size-full wp-image-1782\" src=\"https:\/\/i2.wp.com\/www.dannwollenwirmal.de\/wp-content\/uploads\/2017\/02\/IMG_5074.jpg?resize=652%2C652\" alt=\"IMG_5074\" width=\"652\" height=\"652\" srcset=\"https:\/\/i2.wp.com\/www.dannwollenwirmal.de\/wp-content\/uploads\/2017\/02\/IMG_5074.jpg?w=652 652w, https:\/\/i2.wp.com\/www.dannwollenwirmal.de\/wp-content\/uploads\/2017\/02\/IMG_5074.jpg?resize=150%2C150 150w, https:\/\/i2.wp.com\/www.dannwollenwirmal.de\/wp-content\/uploads\/2017\/02\/IMG_5074.jpg?resize=300%2C300 300w\" sizes=\"(max-width: 652px) 100vw, 652px\" data-recalc-dims=\"1\" \/><\/a><br \/>\n<em>Liebe zum Detail: Zubeh\u00f6rfach mit Ersatzfilter, \u00d6l und n\u00fctzlichen Helfern<\/em><\/p>\n<p>So ausgestattet konnten wir das Projekt &#8222;Wandanstrich&#8220; in einem halben Tag abschlie\u00dfen, und das bei etwa 300 m\u00b2 Wandfl\u00e4che.<\/p>\n<p><a href=\"https:\/\/i1.wp.com\/www.dannwollenwirmal.de\/wp-content\/uploads\/2017\/02\/IMG_5070.jpg\"><img data-attachment-id=\"1784\" data-permalink=\"http:\/\/www.dannwollenwirmal.de\/?attachment_id=1784#main\" data-orig-file=\"https:\/\/i1.wp.com\/www.dannwollenwirmal.de\/wp-content\/uploads\/2017\/02\/IMG_5070.jpg?fit=652%2C652\" data-orig-size=\"652,652\" data-comments-opened=\"1\" data-image-meta=\"{&quot;aperture&quot;:&quot;2.2&quot;,&quot;credit&quot;:&quot;&quot;,&quot;camera&quot;:&quot;iPhone 6s&quot;,&quot;caption&quot;:&quot;&quot;,&quot;created_timestamp&quot;:&quot;1484834833&quot;,&quot;copyright&quot;:&quot;&quot;,&quot;focal_length&quot;:&quot;4.15&quot;,&quot;iso&quot;:&quot;50&quot;,&quot;shutter_speed&quot;:&quot;0.03030303030303&quot;,&quot;title&quot;:&quot;&quot;,&quot;orientation&quot;:&quot;1&quot;}\" data-image-title=\"IMG_5070\" data-image-description=\"&lt;p&gt;Airless&lt;\/p&gt;\n\" data-image-caption=\"\" data-medium-file=\"https:\/\/i1.wp.com\/www.dannwollenwirmal.de\/wp-content\/uploads\/2017\/02\/IMG_5070.jpg?fit=300%2C300\" data-large-file=\"https:\/\/i1.wp.com\/www.dannwollenwirmal.de\/wp-content\/uploads\/2017\/02\/IMG_5070.jpg?fit=652%2C652\" loading=\"lazy\" class=\"alignnone size-full wp-image-1784\" src=\"https:\/\/i1.wp.com\/www.dannwollenwirmal.de\/wp-content\/uploads\/2017\/02\/IMG_5070.jpg?resize=652%2C652\" alt=\"IMG_5070\" width=\"652\" height=\"652\" srcset=\"https:\/\/i1.wp.com\/www.dannwollenwirmal.de\/wp-content\/uploads\/2017\/02\/IMG_5070.jpg?w=652 652w, https:\/\/i1.wp.com\/www.dannwollenwirmal.de\/wp-content\/uploads\/2017\/02\/IMG_5070.jpg?resize=150%2C150 150w, https:\/\/i1.wp.com\/www.dannwollenwirmal.de\/wp-content\/uploads\/2017\/02\/IMG_5070.jpg?resize=300%2C300 300w\" sizes=\"(max-width: 652px) 100vw, 652px\" data-recalc-dims=\"1\" \/><\/a><br \/>\n<em>in Action!<\/em><\/p>\n<p>Weiter ging es dann mit Trockenbau: in einen Hallenteil sollte ein Aufenthaltsraum eingerichtet werden. Wie gewohnt wurde hier zun\u00e4chst Boden- Wand und Deckenanschl\u00fcsse mit UW-Profilen ausgestaltet. Als Steher dann CW-Profile im Abstand von 62,5 cm; eine offene Ecke sowie die T\u00fcr\u00f6ffnung mit UA-Profilen, das sind die stabileren; diese dann direkt mit den System-Steckwinkeln. Ich bin gro\u00dfer Freund dieses Systemgedankens und erinnere mich an ein \u00e4hnliches Projekt, bei dem wir vor fast zehn Jahren in unserer jetzigen Lagerhalle einen Raum eingebaut haben; damals haben wir mit Holzbalken gebastelt, was (gef\u00fchlt) vier mal so lange gedauert hat. Hier war jetzt die Metall-UK und beidseitige Beplankung in netto weniger als drei Tagen fertig.<\/p>\n<p><a href=\"https:\/\/i0.wp.com\/www.dannwollenwirmal.de\/wp-content\/uploads\/2017\/02\/IMG_5081.jpg\"><img data-attachment-id=\"1783\" data-permalink=\"http:\/\/www.dannwollenwirmal.de\/?attachment_id=1783#main\" data-orig-file=\"https:\/\/i0.wp.com\/www.dannwollenwirmal.de\/wp-content\/uploads\/2017\/02\/IMG_5081.jpg?fit=652%2C652\" data-orig-size=\"652,652\" data-comments-opened=\"1\" data-image-meta=\"{&quot;aperture&quot;:&quot;2.2&quot;,&quot;credit&quot;:&quot;&quot;,&quot;camera&quot;:&quot;iPhone 6s&quot;,&quot;caption&quot;:&quot;&quot;,&quot;created_timestamp&quot;:&quot;1485444043&quot;,&quot;copyright&quot;:&quot;&quot;,&quot;focal_length&quot;:&quot;4.15&quot;,&quot;iso&quot;:&quot;100&quot;,&quot;shutter_speed&quot;:&quot;0.03030303030303&quot;,&quot;title&quot;:&quot;&quot;,&quot;orientation&quot;:&quot;1&quot;}\" data-image-title=\"IMG_5081\" data-image-description=\"&lt;p&gt;Trockenbau Raum in Raum&lt;\/p&gt;\n\" data-image-caption=\"\" data-medium-file=\"https:\/\/i0.wp.com\/www.dannwollenwirmal.de\/wp-content\/uploads\/2017\/02\/IMG_5081.jpg?fit=300%2C300\" data-large-file=\"https:\/\/i0.wp.com\/www.dannwollenwirmal.de\/wp-content\/uploads\/2017\/02\/IMG_5081.jpg?fit=652%2C652\" loading=\"lazy\" class=\"alignnone size-full wp-image-1783\" src=\"https:\/\/i0.wp.com\/www.dannwollenwirmal.de\/wp-content\/uploads\/2017\/02\/IMG_5081.jpg?resize=652%2C652\" alt=\"IMG_5081\" width=\"652\" height=\"652\" srcset=\"https:\/\/i0.wp.com\/www.dannwollenwirmal.de\/wp-content\/uploads\/2017\/02\/IMG_5081.jpg?w=652 652w, https:\/\/i0.wp.com\/www.dannwollenwirmal.de\/wp-content\/uploads\/2017\/02\/IMG_5081.jpg?resize=150%2C150 150w, https:\/\/i0.wp.com\/www.dannwollenwirmal.de\/wp-content\/uploads\/2017\/02\/IMG_5081.jpg?resize=300%2C300 300w\" sizes=\"(max-width: 652px) 100vw, 652px\" data-recalc-dims=\"1\" \/><\/a><br \/>\n<em>St\u00e4nderwerk: U-Profile an Boden, Wand und Decke; UA&#8217;s f\u00fcr die Ecke und T\u00fcrrahmen<\/em><\/p>\n<p>Die U-Profile werden aus Schallschutzgr\u00fcnden mit D\u00e4mmband beklebt und dann per Nageld\u00fcbel befestigt. Zu diesem Zweck habe ich mir ein neues Spielzeug geg\u00f6nnt:<\/p>\n<p><a href=\"https:\/\/i1.wp.com\/www.dannwollenwirmal.de\/wp-content\/uploads\/2017\/02\/IMG_5083.jpg\"><img data-attachment-id=\"1785\" data-permalink=\"http:\/\/www.dannwollenwirmal.de\/?attachment_id=1785#main\" data-orig-file=\"https:\/\/i1.wp.com\/www.dannwollenwirmal.de\/wp-content\/uploads\/2017\/02\/IMG_5083.jpg?fit=652%2C652\" data-orig-size=\"652,652\" data-comments-opened=\"1\" data-image-meta=\"{&quot;aperture&quot;:&quot;2.2&quot;,&quot;credit&quot;:&quot;&quot;,&quot;camera&quot;:&quot;iPhone 6s&quot;,&quot;caption&quot;:&quot;&quot;,&quot;created_timestamp&quot;:&quot;1485444400&quot;,&quot;copyright&quot;:&quot;&quot;,&quot;focal_length&quot;:&quot;4.15&quot;,&quot;iso&quot;:&quot;250&quot;,&quot;shutter_speed&quot;:&quot;0.03030303030303&quot;,&quot;title&quot;:&quot;&quot;,&quot;orientation&quot;:&quot;1&quot;}\" data-image-title=\"IMG_5083\" data-image-description=\"&lt;p&gt;Makita DHR243Y1J Akku-Kombihammer 18 V&lt;\/p&gt;\n\" data-image-caption=\"\" data-medium-file=\"https:\/\/i1.wp.com\/www.dannwollenwirmal.de\/wp-content\/uploads\/2017\/02\/IMG_5083.jpg?fit=300%2C300\" data-large-file=\"https:\/\/i1.wp.com\/www.dannwollenwirmal.de\/wp-content\/uploads\/2017\/02\/IMG_5083.jpg?fit=652%2C652\" loading=\"lazy\" class=\"alignnone size-full wp-image-1785\" src=\"https:\/\/i1.wp.com\/www.dannwollenwirmal.de\/wp-content\/uploads\/2017\/02\/IMG_5083.jpg?resize=652%2C652\" alt=\"IMG_5083\" width=\"652\" height=\"652\" srcset=\"https:\/\/i1.wp.com\/www.dannwollenwirmal.de\/wp-content\/uploads\/2017\/02\/IMG_5083.jpg?w=652 652w, https:\/\/i1.wp.com\/www.dannwollenwirmal.de\/wp-content\/uploads\/2017\/02\/IMG_5083.jpg?resize=150%2C150 150w, https:\/\/i1.wp.com\/www.dannwollenwirmal.de\/wp-content\/uploads\/2017\/02\/IMG_5083.jpg?resize=300%2C300 300w\" sizes=\"(max-width: 652px) 100vw, 652px\" data-recalc-dims=\"1\" \/><\/a><br \/>\n<em>Binford DHR243Y1J 18V<\/em><\/p>\n<p>Ein akkubetriebener Bohrhammer mit Zweitakku und Ladeger\u00e4t; und der macht tats\u00e4chlich sehr viel Spa\u00df. Leistungsm\u00e4\u00dfig steht er meinem kabelgebundenen Ger\u00e4t in nichts nach. F\u00fcr 100 m\u00b2 Fliesen wegstemmen sicherlich nicht die erste Wahl, aber f\u00fcr viele L\u00f6cher an den unm\u00f6glichsten Stellen bohren: genau das richtige.<\/p>\n<p>Ich bin ja gro\u00dfer Freund des Fachhandels und h\u00e4tte ihn liebend gern in Harry&#8217;s Toolshop gekauft; daf\u00fcr h\u00e4tte ich auch, sagen wir mal, 50, vielleicht sogar 60 oder 70 Euro mehr ausgegeben. Aber ein Preisunterschied von exakt 165,10 \u20ac war es mir dann einfach nicht wert und ich habe das Ger\u00e4t online bestellt; <a href=\"http:\/\/www.werkzeugstore24.de\"><strong>Werkzeugstore24.de<\/strong><\/a> hat eine beeindruckende Auswahl und das Ding war tats\u00e4chlich am <em>n\u00e4chsten Tag<\/em> bei mir.<\/p>\n<p><a href=\"https:\/\/i0.wp.com\/www.dannwollenwirmal.de\/wp-content\/uploads\/2017\/02\/IMG_5082.jpg\"><img data-attachment-id=\"1786\" data-permalink=\"http:\/\/www.dannwollenwirmal.de\/?attachment_id=1786#main\" data-orig-file=\"https:\/\/i0.wp.com\/www.dannwollenwirmal.de\/wp-content\/uploads\/2017\/02\/IMG_5082.jpg?fit=652%2C652\" data-orig-size=\"652,652\" data-comments-opened=\"1\" data-image-meta=\"{&quot;aperture&quot;:&quot;2.2&quot;,&quot;credit&quot;:&quot;&quot;,&quot;camera&quot;:&quot;iPhone 6s&quot;,&quot;caption&quot;:&quot;&quot;,&quot;created_timestamp&quot;:&quot;1485444074&quot;,&quot;copyright&quot;:&quot;&quot;,&quot;focal_length&quot;:&quot;4.15&quot;,&quot;iso&quot;:&quot;100&quot;,&quot;shutter_speed&quot;:&quot;0.03030303030303&quot;,&quot;title&quot;:&quot;&quot;,&quot;orientation&quot;:&quot;1&quot;}\" data-image-title=\"IMG_5082\" data-image-description=\"&lt;p&gt;Trockenbau Metall-UK&lt;\/p&gt;\n\" data-image-caption=\"\" data-medium-file=\"https:\/\/i0.wp.com\/www.dannwollenwirmal.de\/wp-content\/uploads\/2017\/02\/IMG_5082.jpg?fit=300%2C300\" data-large-file=\"https:\/\/i0.wp.com\/www.dannwollenwirmal.de\/wp-content\/uploads\/2017\/02\/IMG_5082.jpg?fit=652%2C652\" loading=\"lazy\" class=\"alignnone size-full wp-image-1786\" src=\"https:\/\/i0.wp.com\/www.dannwollenwirmal.de\/wp-content\/uploads\/2017\/02\/IMG_5082.jpg?resize=652%2C652\" alt=\"IMG_5082\" width=\"652\" height=\"652\" srcset=\"https:\/\/i0.wp.com\/www.dannwollenwirmal.de\/wp-content\/uploads\/2017\/02\/IMG_5082.jpg?w=652 652w, https:\/\/i0.wp.com\/www.dannwollenwirmal.de\/wp-content\/uploads\/2017\/02\/IMG_5082.jpg?resize=150%2C150 150w, https:\/\/i0.wp.com\/www.dannwollenwirmal.de\/wp-content\/uploads\/2017\/02\/IMG_5082.jpg?resize=300%2C300 300w\" sizes=\"(max-width: 652px) 100vw, 652px\" data-recalc-dims=\"1\" \/><\/a><br \/>\n<em>CW-Profile als steher, in die UWs gestellt.<\/em><\/p>\n<p>Vor dem Beplanken werden dann die C-Profile in die U&#8217;s gestellt und <em>nicht <\/em>verschraubt. Wenn dann die ersten Platten kommen, k\u00f6nnen die Steher noch bequem verschoben werden, damit der Abstand auch zum Plattenma\u00df passt. Die Platten werden dann an den CW&#8217;s verschraubt, dadurch entsteht reichlich Stabilit\u00e4t.<\/p>\n<p><a href=\"https:\/\/i0.wp.com\/www.dannwollenwirmal.de\/wp-content\/uploads\/2017\/02\/IMG_5085.jpg\"><img data-attachment-id=\"1787\" data-permalink=\"http:\/\/www.dannwollenwirmal.de\/?attachment_id=1787#main\" data-orig-file=\"https:\/\/i0.wp.com\/www.dannwollenwirmal.de\/wp-content\/uploads\/2017\/02\/IMG_5085.jpg?fit=652%2C652\" data-orig-size=\"652,652\" data-comments-opened=\"1\" data-image-meta=\"{&quot;aperture&quot;:&quot;2.2&quot;,&quot;credit&quot;:&quot;&quot;,&quot;camera&quot;:&quot;iPhone 6s&quot;,&quot;caption&quot;:&quot;&quot;,&quot;created_timestamp&quot;:&quot;1485784987&quot;,&quot;copyright&quot;:&quot;&quot;,&quot;focal_length&quot;:&quot;4.15&quot;,&quot;iso&quot;:&quot;200&quot;,&quot;shutter_speed&quot;:&quot;0.03030303030303&quot;,&quot;title&quot;:&quot;&quot;,&quot;orientation&quot;:&quot;1&quot;}\" data-image-title=\"IMG_5085\" data-image-description=\"&lt;p&gt;Trockenbau Beplankung&lt;\/p&gt;\n\" data-image-caption=\"\" data-medium-file=\"https:\/\/i0.wp.com\/www.dannwollenwirmal.de\/wp-content\/uploads\/2017\/02\/IMG_5085.jpg?fit=300%2C300\" data-large-file=\"https:\/\/i0.wp.com\/www.dannwollenwirmal.de\/wp-content\/uploads\/2017\/02\/IMG_5085.jpg?fit=652%2C652\" loading=\"lazy\" class=\"alignnone size-full wp-image-1787\" src=\"https:\/\/i0.wp.com\/www.dannwollenwirmal.de\/wp-content\/uploads\/2017\/02\/IMG_5085.jpg?resize=652%2C652\" alt=\"IMG_5085\" width=\"652\" height=\"652\" srcset=\"https:\/\/i0.wp.com\/www.dannwollenwirmal.de\/wp-content\/uploads\/2017\/02\/IMG_5085.jpg?w=652 652w, https:\/\/i0.wp.com\/www.dannwollenwirmal.de\/wp-content\/uploads\/2017\/02\/IMG_5085.jpg?resize=150%2C150 150w, https:\/\/i0.wp.com\/www.dannwollenwirmal.de\/wp-content\/uploads\/2017\/02\/IMG_5085.jpg?resize=300%2C300 300w\" sizes=\"(max-width: 652px) 100vw, 652px\" data-recalc-dims=\"1\" \/><\/a><br \/>\n<em>Beplankung<\/em><\/p>\n<p>Am n\u00e4chsten Tag haben wir dann die Innenseite beplankt; hier auch wichtig, dass keine Kreuzfugen entstehen sondern die n\u00e4chste Plattenreihe idealerweise eine halbe Plattenbreite versetzt ist.<\/p>\n<p><a href=\"https:\/\/i0.wp.com\/www.dannwollenwirmal.de\/wp-content\/uploads\/2017\/02\/IMG_5086.jpg\"><img data-attachment-id=\"1788\" data-permalink=\"http:\/\/www.dannwollenwirmal.de\/?attachment_id=1788#main\" data-orig-file=\"https:\/\/i0.wp.com\/www.dannwollenwirmal.de\/wp-content\/uploads\/2017\/02\/IMG_5086.jpg?fit=652%2C652\" data-orig-size=\"652,652\" data-comments-opened=\"1\" data-image-meta=\"{&quot;aperture&quot;:&quot;2.2&quot;,&quot;credit&quot;:&quot;&quot;,&quot;camera&quot;:&quot;iPhone 6s&quot;,&quot;caption&quot;:&quot;&quot;,&quot;created_timestamp&quot;:&quot;1485784995&quot;,&quot;copyright&quot;:&quot;&quot;,&quot;focal_length&quot;:&quot;4.15&quot;,&quot;iso&quot;:&quot;200&quot;,&quot;shutter_speed&quot;:&quot;0.04&quot;,&quot;title&quot;:&quot;&quot;,&quot;orientation&quot;:&quot;1&quot;}\" data-image-title=\"IMG_5086\" data-image-description=\"&lt;p&gt;Trockenbau die Harte&lt;\/p&gt;\n\" data-image-caption=\"\" data-medium-file=\"https:\/\/i0.wp.com\/www.dannwollenwirmal.de\/wp-content\/uploads\/2017\/02\/IMG_5086.jpg?fit=300%2C300\" data-large-file=\"https:\/\/i0.wp.com\/www.dannwollenwirmal.de\/wp-content\/uploads\/2017\/02\/IMG_5086.jpg?fit=652%2C652\" loading=\"lazy\" class=\"alignnone size-full wp-image-1788\" src=\"https:\/\/i0.wp.com\/www.dannwollenwirmal.de\/wp-content\/uploads\/2017\/02\/IMG_5086.jpg?resize=652%2C652\" alt=\"IMG_5086\" width=\"652\" height=\"652\" srcset=\"https:\/\/i0.wp.com\/www.dannwollenwirmal.de\/wp-content\/uploads\/2017\/02\/IMG_5086.jpg?w=652 652w, https:\/\/i0.wp.com\/www.dannwollenwirmal.de\/wp-content\/uploads\/2017\/02\/IMG_5086.jpg?resize=150%2C150 150w, https:\/\/i0.wp.com\/www.dannwollenwirmal.de\/wp-content\/uploads\/2017\/02\/IMG_5086.jpg?resize=300%2C300 300w\" sizes=\"(max-width: 652px) 100vw, 652px\" data-recalc-dims=\"1\" \/><\/a><br \/>\n<em>Au\u00dfen: Die Harte<\/em><\/p>\n<p>An der Au\u00dfenseite haben wir dann &#8222;die Harte&#8220; Gipsplatte benutzt; einerseits ist diese widerstandsf\u00e4higer f\u00fcr den rauhen Lagerbetrieb, andererseits hat die einfache Beplankung bereits die Feuerwiderstandsklasse F30. Am Mittwoch kommt der Brandschutzsachverst\u00e4ndige, das wird dann sowieso noch mal spannend!<\/p>\n<p><a href=\"https:\/\/i0.wp.com\/www.dannwollenwirmal.de\/wp-content\/uploads\/2017\/02\/IMG_5087.jpg\"><img data-attachment-id=\"1789\" data-permalink=\"http:\/\/www.dannwollenwirmal.de\/?attachment_id=1789#main\" data-orig-file=\"https:\/\/i0.wp.com\/www.dannwollenwirmal.de\/wp-content\/uploads\/2017\/02\/IMG_5087.jpg?fit=652%2C652\" data-orig-size=\"652,652\" data-comments-opened=\"1\" data-image-meta=\"{&quot;aperture&quot;:&quot;2.2&quot;,&quot;credit&quot;:&quot;&quot;,&quot;camera&quot;:&quot;iPhone 6s&quot;,&quot;caption&quot;:&quot;&quot;,&quot;created_timestamp&quot;:&quot;1485785006&quot;,&quot;copyright&quot;:&quot;&quot;,&quot;focal_length&quot;:&quot;4.15&quot;,&quot;iso&quot;:&quot;200&quot;,&quot;shutter_speed&quot;:&quot;0.058823529411765&quot;,&quot;title&quot;:&quot;&quot;,&quot;orientation&quot;:&quot;1&quot;}\" data-image-title=\"IMG_5087\" data-image-description=\"&lt;p&gt;Eckausbilung UA Profil&lt;\/p&gt;\n\" data-image-caption=\"\" data-medium-file=\"https:\/\/i0.wp.com\/www.dannwollenwirmal.de\/wp-content\/uploads\/2017\/02\/IMG_5087.jpg?fit=300%2C300\" data-large-file=\"https:\/\/i0.wp.com\/www.dannwollenwirmal.de\/wp-content\/uploads\/2017\/02\/IMG_5087.jpg?fit=652%2C652\" loading=\"lazy\" class=\"alignnone size-full wp-image-1789\" src=\"https:\/\/i0.wp.com\/www.dannwollenwirmal.de\/wp-content\/uploads\/2017\/02\/IMG_5087.jpg?resize=652%2C652\" alt=\"IMG_5087\" width=\"652\" height=\"652\" srcset=\"https:\/\/i0.wp.com\/www.dannwollenwirmal.de\/wp-content\/uploads\/2017\/02\/IMG_5087.jpg?w=652 652w, https:\/\/i0.wp.com\/www.dannwollenwirmal.de\/wp-content\/uploads\/2017\/02\/IMG_5087.jpg?resize=150%2C150 150w, https:\/\/i0.wp.com\/www.dannwollenwirmal.de\/wp-content\/uploads\/2017\/02\/IMG_5087.jpg?resize=300%2C300 300w\" sizes=\"(max-width: 652px) 100vw, 652px\" data-recalc-dims=\"1\" \/><\/a><br \/>\n<em>Eckausbildung mit UA-Profil&#8230;<\/em><\/p>\n<p><a href=\"https:\/\/i1.wp.com\/www.dannwollenwirmal.de\/wp-content\/uploads\/2017\/02\/IMG_5088.jpg\"><img data-attachment-id=\"1790\" data-permalink=\"http:\/\/www.dannwollenwirmal.de\/?attachment_id=1790#main\" data-orig-file=\"https:\/\/i1.wp.com\/www.dannwollenwirmal.de\/wp-content\/uploads\/2017\/02\/IMG_5088.jpg?fit=652%2C652\" data-orig-size=\"652,652\" data-comments-opened=\"1\" data-image-meta=\"{&quot;aperture&quot;:&quot;2.2&quot;,&quot;credit&quot;:&quot;&quot;,&quot;camera&quot;:&quot;iPhone 6s&quot;,&quot;caption&quot;:&quot;&quot;,&quot;created_timestamp&quot;:&quot;1485785015&quot;,&quot;copyright&quot;:&quot;&quot;,&quot;focal_length&quot;:&quot;4.15&quot;,&quot;iso&quot;:&quot;200&quot;,&quot;shutter_speed&quot;:&quot;0.03030303030303&quot;,&quot;title&quot;:&quot;&quot;,&quot;orientation&quot;:&quot;1&quot;}\" data-image-title=\"IMG_5088\" data-image-description=\"&lt;p&gt;Trockenbau T\u00fcrsturz&lt;\/p&gt;\n\" data-image-caption=\"\" data-medium-file=\"https:\/\/i1.wp.com\/www.dannwollenwirmal.de\/wp-content\/uploads\/2017\/02\/IMG_5088.jpg?fit=300%2C300\" data-large-file=\"https:\/\/i1.wp.com\/www.dannwollenwirmal.de\/wp-content\/uploads\/2017\/02\/IMG_5088.jpg?fit=652%2C652\" loading=\"lazy\" class=\"alignnone size-full wp-image-1790\" src=\"https:\/\/i1.wp.com\/www.dannwollenwirmal.de\/wp-content\/uploads\/2017\/02\/IMG_5088.jpg?resize=652%2C652\" alt=\"IMG_5088\" width=\"652\" height=\"652\" srcset=\"https:\/\/i1.wp.com\/www.dannwollenwirmal.de\/wp-content\/uploads\/2017\/02\/IMG_5088.jpg?w=652 652w, https:\/\/i1.wp.com\/www.dannwollenwirmal.de\/wp-content\/uploads\/2017\/02\/IMG_5088.jpg?resize=150%2C150 150w, https:\/\/i1.wp.com\/www.dannwollenwirmal.de\/wp-content\/uploads\/2017\/02\/IMG_5088.jpg?resize=300%2C300 300w\" sizes=\"(max-width: 652px) 100vw, 652px\" data-recalc-dims=\"1\" \/><\/a><br \/>\n<em>&#8230;T\u00fcrsturz aus UA und UW-Profil<\/em><\/p>\n<p>Oben sieht man nochmal die Ausbildung des T\u00fcrsturzes. Die beiden senkrechten werden mit UA-Profilen gemacht, als Sturz kommt dann ein entsprechend eingeschnittenes U-Profil zum Einsatz. Es gibt auch spezielle T\u00fcrsturzprofile die schon vorgestanzt sind, wenn man das m\u00f6chte. \u00dcber der T\u00fcr sorgen zwei zus\u00e4tzliche CWs f\u00fcr die n\u00f6tige Stabilit\u00e4t.<\/p>\n<p><a href=\"https:\/\/i0.wp.com\/www.dannwollenwirmal.de\/wp-content\/uploads\/2017\/02\/IMG_5089.jpg\"><img data-attachment-id=\"1791\" data-permalink=\"http:\/\/www.dannwollenwirmal.de\/?attachment_id=1791#main\" data-orig-file=\"https:\/\/i0.wp.com\/www.dannwollenwirmal.de\/wp-content\/uploads\/2017\/02\/IMG_5089.jpg?fit=652%2C652\" data-orig-size=\"652,652\" data-comments-opened=\"1\" data-image-meta=\"{&quot;aperture&quot;:&quot;2.2&quot;,&quot;credit&quot;:&quot;&quot;,&quot;camera&quot;:&quot;iPhone 6s&quot;,&quot;caption&quot;:&quot;&quot;,&quot;created_timestamp&quot;:&quot;1485791110&quot;,&quot;copyright&quot;:&quot;&quot;,&quot;focal_length&quot;:&quot;4.15&quot;,&quot;iso&quot;:&quot;200&quot;,&quot;shutter_speed&quot;:&quot;0.058823529411765&quot;,&quot;title&quot;:&quot;&quot;,&quot;orientation&quot;:&quot;1&quot;}\" data-image-title=\"IMG_5089\" data-image-description=\"&lt;p&gt;Trennwand D\u00e4mmung&lt;\/p&gt;\n\" data-image-caption=\"\" data-medium-file=\"https:\/\/i0.wp.com\/www.dannwollenwirmal.de\/wp-content\/uploads\/2017\/02\/IMG_5089.jpg?fit=300%2C300\" data-large-file=\"https:\/\/i0.wp.com\/www.dannwollenwirmal.de\/wp-content\/uploads\/2017\/02\/IMG_5089.jpg?fit=652%2C652\" loading=\"lazy\" class=\"alignnone size-full wp-image-1791\" src=\"https:\/\/i0.wp.com\/www.dannwollenwirmal.de\/wp-content\/uploads\/2017\/02\/IMG_5089.jpg?resize=652%2C652\" alt=\"IMG_5089\" width=\"652\" height=\"652\" srcset=\"https:\/\/i0.wp.com\/www.dannwollenwirmal.de\/wp-content\/uploads\/2017\/02\/IMG_5089.jpg?w=652 652w, https:\/\/i0.wp.com\/www.dannwollenwirmal.de\/wp-content\/uploads\/2017\/02\/IMG_5089.jpg?resize=150%2C150 150w, https:\/\/i0.wp.com\/www.dannwollenwirmal.de\/wp-content\/uploads\/2017\/02\/IMG_5089.jpg?resize=300%2C300 300w\" sizes=\"(max-width: 652px) 100vw, 652px\" data-recalc-dims=\"1\" \/><\/a><br \/>\n<em>Trennwand-D\u00e4mmung<\/em><\/p>\n<p>Die Trennwand wird mit soganannten <em>Trennwandplatten<\/em> ged\u00e4mmt. Dabei geht es weniger um eine W\u00e4rmed\u00e4mmung, sondern um eine Schalld\u00e4mmung. Eine Wand ohne D\u00e4mmung &#8222;f\u00fchlt&#8220; sich auch hohl an und man hat das Gef\u00fchl, in einem Pappkarton zu sein. Eine D\u00e4mmung ist also obligatorisch.<\/p>\n<p>In der n\u00e4chsten Woche kommt noch das Spachteln und Streichen, dann ist die Wand fertig, der Boden wird dann noch gefliest. Wir sind derweil eine Halle weiter gezogen, wo eine mehrteilige Trennwand zwischen Lagerfl\u00e4che und B\u00fcro geschaffen wird:<\/p>\n<p><a href=\"https:\/\/i0.wp.com\/www.dannwollenwirmal.de\/wp-content\/uploads\/2017\/02\/IMG_5101.jpg\"><img data-attachment-id=\"1792\" data-permalink=\"http:\/\/www.dannwollenwirmal.de\/?attachment_id=1792#main\" data-orig-file=\"https:\/\/i0.wp.com\/www.dannwollenwirmal.de\/wp-content\/uploads\/2017\/02\/IMG_5101.jpg?fit=652%2C652\" data-orig-size=\"652,652\" data-comments-opened=\"1\" data-image-meta=\"{&quot;aperture&quot;:&quot;2.2&quot;,&quot;credit&quot;:&quot;&quot;,&quot;camera&quot;:&quot;iPhone 6s&quot;,&quot;caption&quot;:&quot;&quot;,&quot;created_timestamp&quot;:&quot;1485952962&quot;,&quot;copyright&quot;:&quot;&quot;,&quot;focal_length&quot;:&quot;4.15&quot;,&quot;iso&quot;:&quot;100&quot;,&quot;shutter_speed&quot;:&quot;0.03030303030303&quot;,&quot;title&quot;:&quot;&quot;,&quot;orientation&quot;:&quot;1&quot;}\" data-image-title=\"IMG_5101\" data-image-description=\"&lt;p&gt;Trockenbau Trennwand&lt;\/p&gt;\n\" data-image-caption=\"\" data-medium-file=\"https:\/\/i0.wp.com\/www.dannwollenwirmal.de\/wp-content\/uploads\/2017\/02\/IMG_5101.jpg?fit=300%2C300\" data-large-file=\"https:\/\/i0.wp.com\/www.dannwollenwirmal.de\/wp-content\/uploads\/2017\/02\/IMG_5101.jpg?fit=652%2C652\" loading=\"lazy\" class=\"alignnone size-full wp-image-1792\" src=\"https:\/\/i0.wp.com\/www.dannwollenwirmal.de\/wp-content\/uploads\/2017\/02\/IMG_5101.jpg?resize=652%2C652\" alt=\"IMG_5101\" width=\"652\" height=\"652\" srcset=\"https:\/\/i0.wp.com\/www.dannwollenwirmal.de\/wp-content\/uploads\/2017\/02\/IMG_5101.jpg?w=652 652w, https:\/\/i0.wp.com\/www.dannwollenwirmal.de\/wp-content\/uploads\/2017\/02\/IMG_5101.jpg?resize=150%2C150 150w, https:\/\/i0.wp.com\/www.dannwollenwirmal.de\/wp-content\/uploads\/2017\/02\/IMG_5101.jpg?resize=300%2C300 300w\" sizes=\"(max-width: 652px) 100vw, 652px\" data-recalc-dims=\"1\" \/><\/a><br \/>\n<em>Die n\u00e4chsten W\u00e4nde<\/em><\/p>\n<p>Hier wird zwischen Betons\u00e4ulen und unter einem vorhandenen GK-Sturz jeweils eine Trennwand eingebaut, in die sp\u00e4ter mittig ein Fensterelement eingesetzt wird. W\u00e4hrend die Wand- und Bodenanschl\u00fcsse wieder aus U-Profil bestehen, wurde als obere waagerechte ein UA-Profil eingesetzt, ebenso f\u00fcr die Aufnahme der Fensterelemente. Da der Blog f\u00fcr heute fast \u00fcberl\u00e4uft, zeige ich n\u00e4chste Woche ein bi\u00dfchen mehr dazu.<\/p>\n<p><a href=\"https:\/\/i1.wp.com\/www.dannwollenwirmal.de\/wp-content\/uploads\/2017\/02\/IMG_5103.jpg\"><img data-attachment-id=\"1793\" data-permalink=\"http:\/\/www.dannwollenwirmal.de\/?attachment_id=1793#main\" data-orig-file=\"https:\/\/i1.wp.com\/www.dannwollenwirmal.de\/wp-content\/uploads\/2017\/02\/IMG_5103.jpg?fit=652%2C652\" data-orig-size=\"652,652\" data-comments-opened=\"1\" data-image-meta=\"{&quot;aperture&quot;:&quot;2.2&quot;,&quot;credit&quot;:&quot;&quot;,&quot;camera&quot;:&quot;iPhone 6s&quot;,&quot;caption&quot;:&quot;&quot;,&quot;created_timestamp&quot;:&quot;1486030269&quot;,&quot;copyright&quot;:&quot;&quot;,&quot;focal_length&quot;:&quot;4.15&quot;,&quot;iso&quot;:&quot;25&quot;,&quot;shutter_speed&quot;:&quot;0.0054347826086957&quot;,&quot;title&quot;:&quot;&quot;,&quot;orientation&quot;:&quot;1&quot;}\" data-image-title=\"IMG_5103\" data-image-description=\"&lt;p&gt;Gipskarton reparieren&lt;\/p&gt;\n\" data-image-caption=\"\" data-medium-file=\"https:\/\/i1.wp.com\/www.dannwollenwirmal.de\/wp-content\/uploads\/2017\/02\/IMG_5103.jpg?fit=300%2C300\" data-large-file=\"https:\/\/i1.wp.com\/www.dannwollenwirmal.de\/wp-content\/uploads\/2017\/02\/IMG_5103.jpg?fit=652%2C652\" loading=\"lazy\" class=\"alignnone size-full wp-image-1793\" src=\"https:\/\/i1.wp.com\/www.dannwollenwirmal.de\/wp-content\/uploads\/2017\/02\/IMG_5103.jpg?resize=652%2C652\" alt=\"IMG_5103\" width=\"652\" height=\"652\" srcset=\"https:\/\/i1.wp.com\/www.dannwollenwirmal.de\/wp-content\/uploads\/2017\/02\/IMG_5103.jpg?w=652 652w, https:\/\/i1.wp.com\/www.dannwollenwirmal.de\/wp-content\/uploads\/2017\/02\/IMG_5103.jpg?resize=150%2C150 150w, https:\/\/i1.wp.com\/www.dannwollenwirmal.de\/wp-content\/uploads\/2017\/02\/IMG_5103.jpg?resize=300%2C300 300w\" sizes=\"(max-width: 652px) 100vw, 652px\" data-recalc-dims=\"1\" \/><\/a><br \/>\n<em>GK-Reparatur<\/em><\/p>\n<p>Das noch kurz: Oben im Bild sieht man, wie ein Loch in der Gipskartonwand repariert werden kann: Defekte Stelle ausschneiden, eine Dachlatte mit Schraubzwingen hinter der Platte fixieren und verschrauben, neues St\u00fcck GK einsetzen, verschrauben, verspachteln, fertig!<\/p>\n<p><a href=\"https:\/\/i0.wp.com\/www.dannwollenwirmal.de\/wp-content\/uploads\/2017\/02\/IMG_5107.jpg\"><img data-attachment-id=\"1794\" data-permalink=\"http:\/\/www.dannwollenwirmal.de\/?attachment_id=1794#main\" data-orig-file=\"https:\/\/i0.wp.com\/www.dannwollenwirmal.de\/wp-content\/uploads\/2017\/02\/IMG_5107.jpg?fit=652%2C652\" data-orig-size=\"652,652\" data-comments-opened=\"1\" data-image-meta=\"{&quot;aperture&quot;:&quot;2.2&quot;,&quot;credit&quot;:&quot;&quot;,&quot;camera&quot;:&quot;iPhone 6s&quot;,&quot;caption&quot;:&quot;&quot;,&quot;created_timestamp&quot;:&quot;1486134125&quot;,&quot;copyright&quot;:&quot;&quot;,&quot;focal_length&quot;:&quot;4.15&quot;,&quot;iso&quot;:&quot;160&quot;,&quot;shutter_speed&quot;:&quot;0.03030303030303&quot;,&quot;title&quot;:&quot;&quot;,&quot;orientation&quot;:&quot;1&quot;}\" data-image-title=\"IMG_5107\" data-image-description=\"&lt;p&gt;Trockenbau Tresen&lt;\/p&gt;\n\" data-image-caption=\"\" data-medium-file=\"https:\/\/i0.wp.com\/www.dannwollenwirmal.de\/wp-content\/uploads\/2017\/02\/IMG_5107.jpg?fit=300%2C300\" data-large-file=\"https:\/\/i0.wp.com\/www.dannwollenwirmal.de\/wp-content\/uploads\/2017\/02\/IMG_5107.jpg?fit=652%2C652\" loading=\"lazy\" class=\"alignnone size-full wp-image-1794\" src=\"https:\/\/i0.wp.com\/www.dannwollenwirmal.de\/wp-content\/uploads\/2017\/02\/IMG_5107.jpg?resize=652%2C652\" alt=\"IMG_5107\" width=\"652\" height=\"652\" srcset=\"https:\/\/i0.wp.com\/www.dannwollenwirmal.de\/wp-content\/uploads\/2017\/02\/IMG_5107.jpg?w=652 652w, https:\/\/i0.wp.com\/www.dannwollenwirmal.de\/wp-content\/uploads\/2017\/02\/IMG_5107.jpg?resize=150%2C150 150w, https:\/\/i0.wp.com\/www.dannwollenwirmal.de\/wp-content\/uploads\/2017\/02\/IMG_5107.jpg?resize=300%2C300 300w\" sizes=\"(max-width: 652px) 100vw, 652px\" data-recalc-dims=\"1\" \/><\/a><br \/>\n<em>Trockenbau-Tresen<\/em><\/p>\n<p>Zu guter Letzt noch einen Ausblick auf ein besonderes Projekt: Hier soll ein geschwungener Empfangstresen komplett aus Trockenbau entstehen. Das am Boden sind eingeschnittene U-Profile (gibt&#8217;s auch schon fertig\u00a0 vorgestanzt, waren mir aber zu teuer!), die einzelnen Tr\u00e4ger sind UA-Profile, die auf Steckwinkel gestellt und sp\u00e4ter noch versteift werden. Beplankt wird das Ganze dann mit 2x6mm Biegegips.<\/p>\n<p>Also, man sieht &#8211; es passiert sehr viel im Moment! Ich bekomme es hier fast nicht alles unter! N\u00e4chste Woche geht es dann weiter mit der Informationsflut. Ich sch\u00e4tze, es gibt genug Material bis zur Sommerpause! Und nun machen wir heute nochmal sch\u00f6n Sonntag, morgen geht&#8217;s dann weiter &#8211; Butter bei die Fische!<\/p>\n<p>&nbsp;<\/p>\n<div class=\"sharedaddy sd-sharing-enabled\"><div class=\"robots-nocontent sd-block sd-social sd-social-icon-text sd-sharing\"><h3 class=\"sd-title\">Teilen mit:<\/h3><div class=\"sd-content\"><ul><li class=\"share-email\"><a rel=\"nofollow noopener noreferrer\" data-shared=\"\" class=\"share-email sd-button share-icon\" href=\"http:\/\/www.dannwollenwirmal.de\/?p=1780&amp;share=email\" target=\"_blank\" title=\"Klick, um dies einem Freund per E-Mail zu senden\"><span>E-Mail<\/span><\/a><\/li><li class=\"share-print\"><a rel=\"nofollow noopener noreferrer\" data-shared=\"\" class=\"share-print sd-button share-icon\" href=\"http:\/\/www.dannwollenwirmal.de\/?p=1780\" target=\"_blank\" title=\"Klicken zum Ausdrucken\"><span>Drucken<\/span><\/a><\/li><li class=\"share-facebook\"><a rel=\"nofollow noopener noreferrer\" data-shared=\"sharing-facebook-1780\" class=\"share-facebook sd-button share-icon\" href=\"http:\/\/www.dannwollenwirmal.de\/?p=1780&amp;share=facebook\" target=\"_blank\" title=\"Klick, um auf Facebook zu teilen\"><span>Facebook<\/span><\/a><\/li><li class=\"share-twitter\"><a rel=\"nofollow noopener noreferrer\" data-shared=\"sharing-twitter-1780\" class=\"share-twitter sd-button share-icon\" href=\"http:\/\/www.dannwollenwirmal.de\/?p=1780&amp;share=twitter\" target=\"_blank\" title=\"Klick, um \u00fcber Twitter zu teilen\"><span>Twitter<\/span><\/a><\/li><li class=\"share-pinterest\"><a rel=\"nofollow noopener noreferrer\" data-shared=\"sharing-pinterest-1780\" class=\"share-pinterest sd-button share-icon\" href=\"http:\/\/www.dannwollenwirmal.de\/?p=1780&amp;share=pinterest\" target=\"_blank\" title=\"Klick, um auf Pinterest zu teilen\"><span>Pinterest<\/span><\/a><\/li><li class=\"share-linkedin\"><a rel=\"nofollow noopener noreferrer\" data-shared=\"sharing-linkedin-1780\" class=\"share-linkedin sd-button share-icon\" href=\"http:\/\/www.dannwollenwirmal.de\/?p=1780&amp;share=linkedin\" target=\"_blank\" title=\"Klick, um auf LinkedIn zu teilen\"><span>LinkedIn<\/span><\/a><\/li><li class=\"share-end\"><\/li><\/ul><\/div><\/div><\/div>","protected":false},"excerpt":{"rendered":"<p>Ich h\u00e4nge mit dem Blog mal wieder etwas hinter der Realit\u00e4t her; tats\u00e4chlich bin ich mitten in einem wahrlichen Gro\u00dfprojekt, welches ich ja hier und da schon mal angedeutet hatte. Im RealLife bin ich ja Mitinhaber einer Firma f\u00fcr Veranstaltungstechnik, und eben diese zieht in eine neue Lagerhalle. Da diese neuen R\u00e4ume einige Zeit leer [&hellip;]<\/p>\n<div class=\"sharedaddy sd-sharing-enabled\"><div class=\"robots-nocontent sd-block sd-social sd-social-icon-text sd-sharing\"><h3 class=\"sd-title\">Teilen mit:<\/h3><div class=\"sd-content\"><ul><li class=\"share-email\"><a rel=\"nofollow noopener noreferrer\" data-shared=\"\" class=\"share-email sd-button share-icon\" href=\"http:\/\/www.dannwollenwirmal.de\/?p=1780&amp;share=email\" target=\"_blank\" title=\"Klick, um dies einem Freund per E-Mail zu senden\"><span>E-Mail<\/span><\/a><\/li><li class=\"share-print\"><a rel=\"nofollow noopener noreferrer\" data-shared=\"\" class=\"share-print sd-button share-icon\" href=\"http:\/\/www.dannwollenwirmal.de\/?p=1780\" target=\"_blank\" title=\"Klicken zum Ausdrucken\"><span>Drucken<\/span><\/a><\/li><li class=\"share-facebook\"><a rel=\"nofollow noopener noreferrer\" data-shared=\"sharing-facebook-1780\" class=\"share-facebook sd-button share-icon\" href=\"http:\/\/www.dannwollenwirmal.de\/?p=1780&amp;share=facebook\" target=\"_blank\" title=\"Klick, um auf Facebook zu teilen\"><span>Facebook<\/span><\/a><\/li><li class=\"share-twitter\"><a rel=\"nofollow noopener noreferrer\" data-shared=\"sharing-twitter-1780\" class=\"share-twitter sd-button share-icon\" href=\"http:\/\/www.dannwollenwirmal.de\/?p=1780&amp;share=twitter\" target=\"_blank\" title=\"Klick, um \u00fcber Twitter zu teilen\"><span>Twitter<\/span><\/a><\/li><li class=\"share-pinterest\"><a rel=\"nofollow noopener noreferrer\" data-shared=\"sharing-pinterest-1780\" class=\"share-pinterest sd-button share-icon\" href=\"http:\/\/www.dannwollenwirmal.de\/?p=1780&amp;share=pinterest\" target=\"_blank\" title=\"Klick, um auf Pinterest zu teilen\"><span>Pinterest<\/span><\/a><\/li><li class=\"share-linkedin\"><a rel=\"nofollow noopener noreferrer\" data-shared=\"sharing-linkedin-1780\" class=\"share-linkedin sd-button share-icon\" href=\"http:\/\/www.dannwollenwirmal.de\/?p=1780&amp;share=linkedin\" target=\"_blank\" title=\"Klick, um auf LinkedIn zu teilen\"><span>LinkedIn<\/span><\/a><\/li><li class=\"share-end\"><\/li><\/ul><\/div><\/div><\/div>","protected":false},"author":1,"featured_media":0,"comment_status":"open","ping_status":"open","sticky":false,"template":"","format":"standard","meta":{"advanced_seo_description":"","spay_email":"","jetpack_publicize_message":"","jetpack_is_tweetstorm":false,"jetpack_publicize_feature_enabled":true},"categories":[1,62,15],"tags":[455,112,545,102,456],"jetpack_featured_media_url":"","jetpack_publicize_connections":[],"jetpack_shortlink":"https:\/\/wp.me\/p3WtlO-sI","jetpack_sharing_enabled":true,"jetpack-related-posts":[{"id":608,"url":"http:\/\/www.dannwollenwirmal.de\/?p=608","url_meta":{"origin":1780,"position":0},"title":"ganz sch\u00f6n schr\u00e4g&#8230;","date":"19. Oktober 2014","format":false,"excerpt":"Ich bin wieder voll beim Dachbodenausbau eingestiegen und plane, die \"Schlagzahl\" etwas zu erh\u00f6hen, denn eigentlich h\u00e4tte ich das Projekt gerne dieses Jahr fertig. Also eigentlich-eigentlich h\u00e4tte ich es gerne bis Anfang\/Mitte Dezember fertig. In der Vorweihnachtszeit haben wir doch etwas mehr \u00dcbernachtungen von Verwandten und Freunden und da w\u00fcrde\u2026","rel":"","context":"In &quot;Allgemein&quot;","img":{"alt_text":"erker2","src":"https:\/\/i1.wp.com\/www.dannwollenwirmal.de\/wp-content\/uploads\/2014\/10\/erker2-1024x768.jpg?resize=350%2C200","width":350,"height":200},"classes":[]},{"id":2222,"url":"http:\/\/www.dannwollenwirmal.de\/?p=2222","url_meta":{"origin":1780,"position":1},"title":"Glasmalerei","date":"18. M\u00e4rz 2018","format":false,"excerpt":"Diese Woche machen wir da weiter, wo wir letzte Woche aufgeh\u00f6rt haben - nach dem Vorbereiten des Schriftzuges ging es n\u00e4mlich nun erstmal an die Malerarbeiten. Dabei handelt es sich um f\u00fcnf \"Lichtkuppeln\" und zwei Fensterreihen, teilweise Glas, teilweise verzinkte Bleche. Sicherlich w\u00e4re ich eigentlich nicht darauf gekommen, Fensterglas \u00fcberzustreichen,\u2026","rel":"","context":"In &quot;Allgemein&quot;","img":{"alt_text":"","src":"https:\/\/i2.wp.com\/www.dannwollenwirmal.de\/wp-content\/uploads\/2018\/03\/IMG_6261.jpg?resize=350%2C200","width":350,"height":200},"classes":[]},{"id":1645,"url":"http:\/\/www.dannwollenwirmal.de\/?p=1645","url_meta":{"origin":1780,"position":2},"title":"Vliesknispel","date":"9. Oktober 2016","format":false,"excerpt":"Holladiho, wir gehen in die vorletzte #BuiltwithBosch-Testwoche und ich konnte letztes mal tats\u00e4chlich etwas Begeisterung erzeugen mit dem Tip, dass sich das Ger\u00e4t gut zum Tapeten entfernen eignet. Es gab einige Fragen dazu, daher jetzt hier mal gesammelt die Infos: Als Aufsatz habe ich den \"ATZ 52 SC, starr\" benutzt,\u2026","rel":"","context":"In &quot;Allgemein&quot;","img":{"alt_text":"","src":"https:\/\/i1.wp.com\/www.dannwollenwirmal.de\/wp-content\/uploads\/2016\/10\/2.jpg?resize=350%2C200","width":350,"height":200},"classes":[]},{"id":2164,"url":"http:\/\/www.dannwollenwirmal.de\/?p=2164","url_meta":{"origin":1780,"position":3},"title":"Wellnesstips","date":"28. Januar 2018","format":false,"excerpt":"Neulich stie\u00df ich auf Facebook \u00fcber einen Artikel der Sauna- und Wellnesswelt Goldenstedt. Da ich meine Lehrzeit in Vechta (Goldenstedt geh\u00f6rt zum Landkreis Vechta) verbracht und viele sch\u00f6ne Erinnerungen an die Metropole der Schweine- und Gefl\u00fcgelzucht habe, musste ich nat\u00fcrlich genauer hinschauen. Die Firmenseiten sind so oder so einen Blick\u2026","rel":"","context":"In &quot;Allgemein&quot;","img":{"alt_text":"","src":"https:\/\/i1.wp.com\/www.dannwollenwirmal.de\/wp-content\/uploads\/2018\/01\/26733990_2070914339805454_5566268982771610125_n.jpg?resize=350%2C200","width":350,"height":200},"classes":[]},{"id":2056,"url":"http:\/\/www.dannwollenwirmal.de\/?p=2056","url_meta":{"origin":1780,"position":4},"title":"Gute Vors\u00e4tze","date":"22. Oktober 2017","format":false,"excerpt":"Allm\u00e4hlich beginnt der Herbst und ich habe wieder mehr Zeit f\u00fcr bauliche Projekte. Nicht am eigenen Haus (obwohl ich da sicherlich auch das ein oder andere auf dem Zettel h\u00e4tte), eher f\u00fcr Freunde und Bekannte, denn die stehen Schlange und es gibt schon eine regelrechte Warteliste. Denn auch wenn es\u2026","rel":"","context":"In &quot;Allgemein&quot;","img":{"alt_text":"Trennwand Trockenbau","src":"https:\/\/i0.wp.com\/www.dannwollenwirmal.de\/wp-content\/uploads\/2014\/03\/wand2.jpg?resize=350%2C200","width":350,"height":200},"classes":[]},{"id":376,"url":"http:\/\/www.dannwollenwirmal.de\/?p=376","url_meta":{"origin":1780,"position":5},"title":"Die Wand","date":"8. M\u00e4rz 2014","format":false,"excerpt":"Da sich sicherlich viele fragen wie die Geschichte vom letzten mal ausgegangen ist: nach wenigen Minuten erhielt ich einen R\u00fcckruf, und am n\u00e4chsten morgen war ein Leymann-Mitarbeiter bei mir, der mir half, die falschen Profile runter- und die neuen hochzutragen. Das nenne ich Service! Man stelle sich das Ganze an\u2026","rel":"","context":"In &quot;Allgemein&quot;","img":{"alt_text":"T\u00fcrsturz Trockenbau","src":"https:\/\/i2.wp.com\/www.dannwollenwirmal.de\/wp-content\/uploads\/2014\/03\/wand4.jpg?resize=350%2C200","width":350,"height":200},"classes":[]}],"_links":{"self":[{"href":"http:\/\/www.dannwollenwirmal.de\/index.php?rest_route=\/wp\/v2\/posts\/1780"}],"collection":[{"href":"http:\/\/www.dannwollenwirmal.de\/index.php?rest_route=\/wp\/v2\/posts"}],"about":[{"href":"http:\/\/www.dannwollenwirmal.de\/index.php?rest_route=\/wp\/v2\/types\/post"}],"author":[{"embeddable":true,"href":"http:\/\/www.dannwollenwirmal.de\/index.php?rest_route=\/wp\/v2\/users\/1"}],"replies":[{"embeddable":true,"href":"http:\/\/www.dannwollenwirmal.de\/index.php?rest_route=%2Fwp%2Fv2%2Fcomments&post=1780"}],"version-history":[{"count":2,"href":"http:\/\/www.dannwollenwirmal.de\/index.php?rest_route=\/wp\/v2\/posts\/1780\/revisions"}],"predecessor-version":[{"id":1796,"href":"http:\/\/www.dannwollenwirmal.de\/index.php?rest_route=\/wp\/v2\/posts\/1780\/revisions\/1796"}],"wp:attachment":[{"href":"http:\/\/www.dannwollenwirmal.de\/index.php?rest_route=%2Fwp%2Fv2%2Fmedia&parent=1780"}],"wp:term":[{"taxonomy":"category","embeddable":true,"href":"http:\/\/www.dannwollenwirmal.de\/index.php?rest_route=%2Fwp%2Fv2%2Fcategories&post=1780"},{"taxonomy":"post_tag","embeddable":true,"href":"http:\/\/www.dannwollenwirmal.de\/index.php?rest_route=%2Fwp%2Fv2%2Ftags&post=1780"}],"curies":[{"name":"wp","href":"https:\/\/api.w.org\/{rel}","templated":true}]}}