{"id":1762,"date":"2017-01-22T08:00:57","date_gmt":"2017-01-22T07:00:57","guid":{"rendered":"http:\/\/www.dannwollenwirmal.de\/?p=1762"},"modified":"2017-01-17T21:16:21","modified_gmt":"2017-01-17T20:16:21","slug":"spaltenschluss-mit-waermebild","status":"publish","type":"post","link":"http:\/\/www.dannwollenwirmal.de\/?p=1762","title":{"rendered":"Spaltenschluss mit W\u00e4rmebild"},"content":{"rendered":"<p>Nun ist es fast ein Jahr her, dass unser Dach neu gedeckt wurde, und seitdem liegen die Dachfenster etwa zwei Zentimeter h\u00f6her: vorher lagen die Dachziegel auf einer Einfachlattung, dank neuer Bauvorschriften musste nun mit einer Konterlattung gedeckt werden. Dementsprechend rutschen die Dachfenster h\u00f6her und es ist ein Spalt zwischen der Laibung und dem Fenster entstanden:<\/p>\n<p><a href=\"https:\/\/i0.wp.com\/www.dannwollenwirmal.de\/wp-content\/uploads\/2017\/01\/IMG_50591.jpg\"><img data-attachment-id=\"1764\" data-permalink=\"http:\/\/www.dannwollenwirmal.de\/?attachment_id=1764#main\" data-orig-file=\"https:\/\/i0.wp.com\/www.dannwollenwirmal.de\/wp-content\/uploads\/2017\/01\/IMG_50591.jpg?fit=652%2C652\" data-orig-size=\"652,652\" data-comments-opened=\"1\" data-image-meta=\"{&quot;aperture&quot;:&quot;2.2&quot;,&quot;credit&quot;:&quot;&quot;,&quot;camera&quot;:&quot;iPhone 6s&quot;,&quot;caption&quot;:&quot;&quot;,&quot;created_timestamp&quot;:&quot;1484492332&quot;,&quot;copyright&quot;:&quot;&quot;,&quot;focal_length&quot;:&quot;4.15&quot;,&quot;iso&quot;:&quot;32&quot;,&quot;shutter_speed&quot;:&quot;0.01&quot;,&quot;title&quot;:&quot;&quot;,&quot;orientation&quot;:&quot;1&quot;}\" data-image-title=\"IMG_5059\" data-image-description=\"\" data-image-caption=\"\" data-medium-file=\"https:\/\/i0.wp.com\/www.dannwollenwirmal.de\/wp-content\/uploads\/2017\/01\/IMG_50591.jpg?fit=300%2C300\" data-large-file=\"https:\/\/i0.wp.com\/www.dannwollenwirmal.de\/wp-content\/uploads\/2017\/01\/IMG_50591.jpg?fit=652%2C652\" loading=\"lazy\" class=\"alignnone size-full wp-image-1764\" src=\"https:\/\/i0.wp.com\/www.dannwollenwirmal.de\/wp-content\/uploads\/2017\/01\/IMG_50591.jpg?resize=652%2C652\" alt=\"IMG_5059\" width=\"652\" height=\"652\" srcset=\"https:\/\/i0.wp.com\/www.dannwollenwirmal.de\/wp-content\/uploads\/2017\/01\/IMG_50591.jpg?w=652 652w, https:\/\/i0.wp.com\/www.dannwollenwirmal.de\/wp-content\/uploads\/2017\/01\/IMG_50591.jpg?resize=150%2C150 150w, https:\/\/i0.wp.com\/www.dannwollenwirmal.de\/wp-content\/uploads\/2017\/01\/IMG_50591.jpg?resize=300%2C300 300w\" sizes=\"(max-width: 652px) 100vw, 652px\" data-recalc-dims=\"1\" \/><\/a><br \/>\n<em>Spalt zwischen Laibung und Fenster<\/em><\/p>\n<p>Aufmerksame Leser werden auch wissen, dass ich das Schlie\u00dfen dieser Spalten auch seit knapp einem Jahr vor mir her schiebe. Jetzt bin ich endlich mal drangegangen und es ist gar nicht mal so sch\u00f6n&#8230;<\/p>\n<p>Die Unterspannbahn ist tadellos angeschlossen und es ist jetzt nicht so, dass es durch den Spalt hindurchpfeifen w\u00fcrde &#8211; die Spaltschlie\u00dfung hat also eher optische Gr\u00fcnde. F\u00fcr&#8217;s gute Gef\u00fchl habe ich die Spalten dennoch sch\u00f6n ausgesch\u00e4umt. (Endlich mal wieder Bauschaum, und noch nicht mal zum Pfuschen!). Drumherum alles sch\u00f6n abgeklebt und unten drunter einen alten Stoff gelegt, damit mir nichts kleckert. Eine Bauschaumwurst auf meinen sch\u00f6nen Holzdielen h\u00e4tte meine Laune ja dann doch etwas getr\u00fcbt.<\/p>\n<p><a href=\"https:\/\/i2.wp.com\/www.dannwollenwirmal.de\/wp-content\/uploads\/2017\/01\/IMG_5058.jpg\"><img data-attachment-id=\"1765\" data-permalink=\"http:\/\/www.dannwollenwirmal.de\/?attachment_id=1765#main\" data-orig-file=\"https:\/\/i2.wp.com\/www.dannwollenwirmal.de\/wp-content\/uploads\/2017\/01\/IMG_5058.jpg?fit=652%2C652\" data-orig-size=\"652,652\" data-comments-opened=\"1\" data-image-meta=\"{&quot;aperture&quot;:&quot;2.2&quot;,&quot;credit&quot;:&quot;&quot;,&quot;camera&quot;:&quot;iPhone 6s&quot;,&quot;caption&quot;:&quot;&quot;,&quot;created_timestamp&quot;:&quot;1484492321&quot;,&quot;copyright&quot;:&quot;&quot;,&quot;focal_length&quot;:&quot;4.15&quot;,&quot;iso&quot;:&quot;25&quot;,&quot;shutter_speed&quot;:&quot;0.01&quot;,&quot;title&quot;:&quot;&quot;,&quot;orientation&quot;:&quot;1&quot;}\" data-image-title=\"IMG_5058\" data-image-description=\"\" data-image-caption=\"\" data-medium-file=\"https:\/\/i2.wp.com\/www.dannwollenwirmal.de\/wp-content\/uploads\/2017\/01\/IMG_5058.jpg?fit=300%2C300\" data-large-file=\"https:\/\/i2.wp.com\/www.dannwollenwirmal.de\/wp-content\/uploads\/2017\/01\/IMG_5058.jpg?fit=652%2C652\" loading=\"lazy\" class=\"alignnone size-full wp-image-1765\" src=\"https:\/\/i2.wp.com\/www.dannwollenwirmal.de\/wp-content\/uploads\/2017\/01\/IMG_5058.jpg?resize=652%2C652\" alt=\"IMG_5058\" width=\"652\" height=\"652\" srcset=\"https:\/\/i2.wp.com\/www.dannwollenwirmal.de\/wp-content\/uploads\/2017\/01\/IMG_5058.jpg?w=652 652w, https:\/\/i2.wp.com\/www.dannwollenwirmal.de\/wp-content\/uploads\/2017\/01\/IMG_5058.jpg?resize=150%2C150 150w, https:\/\/i2.wp.com\/www.dannwollenwirmal.de\/wp-content\/uploads\/2017\/01\/IMG_5058.jpg?resize=300%2C300 300w\" sizes=\"(max-width: 652px) 100vw, 652px\" data-recalc-dims=\"1\" \/><\/a><br \/>\n<em>Spalt-Sch\u00e4umung<\/em><\/p>\n<p>Nach dem Aush\u00e4rten wurde der \u00fcberstehende Schaum dann mit einem langen Messer abgeschnitten. Nun, dieses war der einfache Teil; es folgt das Abdecken mit Leisten. Diese habe ich online bestellt; einfache wei\u00dfe PVC-Leisten, die sich beispielsweise mit einer Blechschere (oder wahrscheinlich auch mit jeder anderen stabilen Schere) schneiden lassen.<\/p>\n<p>Ich habe die Leisten dann mit Acryl aufgeklebt. Das hat sich leider als relativ m\u00fchsam herausgestellt, da die Leisten nat\u00fcrlich nicht da bleiben, wo sie sollen, sondern wieder runterklatschen, sich St\u00fcck f\u00fcr St\u00fcck l\u00f6sen, schmieren und glitschen und das Aush\u00e4rten von Acryl gef\u00fchlte zwei Jahre dauert.<\/p>\n<p>Mir fiel dann ein, dass ich noch Zargenspanner in der Werkstatt habe und benutzte dann diese, um die Leisten zu fixieren:<\/p>\n<p><a href=\"https:\/\/i2.wp.com\/www.dannwollenwirmal.de\/wp-content\/uploads\/2017\/01\/IMG_5060.jpg\"><img data-attachment-id=\"1766\" data-permalink=\"http:\/\/www.dannwollenwirmal.de\/?attachment_id=1766#main\" data-orig-file=\"https:\/\/i2.wp.com\/www.dannwollenwirmal.de\/wp-content\/uploads\/2017\/01\/IMG_5060.jpg?fit=652%2C652\" data-orig-size=\"652,652\" data-comments-opened=\"1\" data-image-meta=\"{&quot;aperture&quot;:&quot;2.2&quot;,&quot;credit&quot;:&quot;&quot;,&quot;camera&quot;:&quot;iPhone 6s&quot;,&quot;caption&quot;:&quot;&quot;,&quot;created_timestamp&quot;:&quot;1484496526&quot;,&quot;copyright&quot;:&quot;&quot;,&quot;focal_length&quot;:&quot;4.15&quot;,&quot;iso&quot;:&quot;25&quot;,&quot;shutter_speed&quot;:&quot;0.03030303030303&quot;,&quot;title&quot;:&quot;&quot;,&quot;orientation&quot;:&quot;1&quot;}\" data-image-title=\"IMG_5060\" data-image-description=\"&lt;p&gt;Dachfenster Leiste fixieren&lt;\/p&gt;\n\" data-image-caption=\"\" data-medium-file=\"https:\/\/i2.wp.com\/www.dannwollenwirmal.de\/wp-content\/uploads\/2017\/01\/IMG_5060.jpg?fit=300%2C300\" data-large-file=\"https:\/\/i2.wp.com\/www.dannwollenwirmal.de\/wp-content\/uploads\/2017\/01\/IMG_5060.jpg?fit=652%2C652\" loading=\"lazy\" class=\"alignnone size-full wp-image-1766\" src=\"https:\/\/i2.wp.com\/www.dannwollenwirmal.de\/wp-content\/uploads\/2017\/01\/IMG_5060.jpg?resize=652%2C652\" alt=\"IMG_5060\" width=\"652\" height=\"652\" srcset=\"https:\/\/i2.wp.com\/www.dannwollenwirmal.de\/wp-content\/uploads\/2017\/01\/IMG_5060.jpg?w=652 652w, https:\/\/i2.wp.com\/www.dannwollenwirmal.de\/wp-content\/uploads\/2017\/01\/IMG_5060.jpg?resize=150%2C150 150w, https:\/\/i2.wp.com\/www.dannwollenwirmal.de\/wp-content\/uploads\/2017\/01\/IMG_5060.jpg?resize=300%2C300 300w\" sizes=\"(max-width: 652px) 100vw, 652px\" data-recalc-dims=\"1\" \/><\/a><br \/>\n<em>Fixieren der Leisten<\/em><\/p>\n<p>Damit klappt es tats\u00e4chlich einigerma\u00dfen, aber durch die lange Trocknungszeit dauert das Projekt jetzt dementsprechend&#8230;geplant war eigentlich &#8222;Mal eben schnell&#8220; ?! Immerhin sind dann irgendwann alle Spalten dicht und auch die W\u00e4rmed\u00e4mmung nicht unterbrochen.<\/p>\n<p>Apropos W\u00e4rmed\u00e4mmung: Vor gut drei Jahren habe ich <a href=\"http:\/\/www.dannwollenwirmal.de\/?p=252\"><strong>hier<\/strong> <\/a>mal \u00fcber meine Experimente mit der W\u00e4rmebildkamera berichtet. Die TEAG (Th\u00fcringen Energie) bietet im Moment einen Thermografie-Check an, bei dem sechs Au\u00dfenaufnahmen vom betreffenden Haus gemacht werden; weiterhin erh\u00e4lt man einen schriftlichen Bericht mit Tipps zur Behebung von Schwachstellen sowie Hinweisen f\u00fcr Geb\u00e4udeeigent\u00fcmer zur neuen Energieeinsparverordnung. Der ThermografieCheck kann online bestellt werden und kostet 109 Euro, was ich nicht zu teuer finde (beim einschl\u00e4gigen Maschinenvermieter kostet allein die Kamera schon 170,- am Tag) . Bis zum 10.02.2017 kann sich jeder Kunde einen Gutschein sichern und spart noch weitere 10 Euro mit dem Gutscheincode: Thermo16CH10.<\/p>\n<p><a href=\"https:\/\/i1.wp.com\/www.dannwollenwirmal.de\/wp-content\/uploads\/2017\/01\/thermocheck.jpg\"><img data-attachment-id=\"1768\" data-permalink=\"http:\/\/www.dannwollenwirmal.de\/?attachment_id=1768#main\" data-orig-file=\"https:\/\/i1.wp.com\/www.dannwollenwirmal.de\/wp-content\/uploads\/2017\/01\/thermocheck.jpg?fit=652%2C652\" data-orig-size=\"652,652\" data-comments-opened=\"1\" data-image-meta=\"{&quot;aperture&quot;:&quot;0&quot;,&quot;credit&quot;:&quot;&quot;,&quot;camera&quot;:&quot;&quot;,&quot;caption&quot;:&quot;&quot;,&quot;created_timestamp&quot;:&quot;0&quot;,&quot;copyright&quot;:&quot;&quot;,&quot;focal_length&quot;:&quot;0&quot;,&quot;iso&quot;:&quot;0&quot;,&quot;shutter_speed&quot;:&quot;0&quot;,&quot;title&quot;:&quot;&quot;,&quot;orientation&quot;:&quot;1&quot;}\" data-image-title=\"thermocheck\" data-image-description=\"&lt;p&gt;ThermografieCheck&lt;\/p&gt;\n\" data-image-caption=\"\" data-medium-file=\"https:\/\/i1.wp.com\/www.dannwollenwirmal.de\/wp-content\/uploads\/2017\/01\/thermocheck.jpg?fit=300%2C300\" data-large-file=\"https:\/\/i1.wp.com\/www.dannwollenwirmal.de\/wp-content\/uploads\/2017\/01\/thermocheck.jpg?fit=652%2C652\" loading=\"lazy\" class=\"alignnone size-full wp-image-1768\" src=\"https:\/\/i1.wp.com\/www.dannwollenwirmal.de\/wp-content\/uploads\/2017\/01\/thermocheck.jpg?resize=652%2C652\" alt=\"thermocheck\" width=\"652\" height=\"652\" srcset=\"https:\/\/i1.wp.com\/www.dannwollenwirmal.de\/wp-content\/uploads\/2017\/01\/thermocheck.jpg?w=652 652w, https:\/\/i1.wp.com\/www.dannwollenwirmal.de\/wp-content\/uploads\/2017\/01\/thermocheck.jpg?resize=150%2C150 150w, https:\/\/i1.wp.com\/www.dannwollenwirmal.de\/wp-content\/uploads\/2017\/01\/thermocheck.jpg?resize=300%2C300 300w\" sizes=\"(max-width: 652px) 100vw, 652px\" data-recalc-dims=\"1\" \/><\/a><br \/>\n<em>Fenster kacke, Dame dennoch erfreut: Thermografie-Aufnahme vom Wohnhaus<\/em><\/p>\n<p>Auch wenn ich dem D\u00e4mmwahn bei Au\u00dfenw\u00e4nden ja eher kritisch gegen\u00fcber stehe, liefern solche W\u00e4rmebildaufnahmen interessante Anhaltspunkte. So stellte sich bei mir damals heraus, dass ein Teil des Daches noch unged\u00e4mmt war (das war mir zwar bewusst, aber man hat es schon <em>sehr<\/em> deutlich gesehen), die Haust\u00fcr-Dichtung nicht richtig schloss und es auch an den Fenstern Schwachpunkte gab.<\/p>\n<p>Infos, Downloads und einen Film zu der Aktion gibt es <a href=\"http:\/\/ztdck.com\/shrt\/check\"><strong>hier auf der Seite der TEAG<\/strong><\/a>. Unter anderem l\u00e4sst sich dort auch <a href=\"https:\/\/www.thueringerenergie.de\/Dateien\/Dokumente\/teag_Musterbroschuere_2016.pdf\"><strong>dieses<\/strong><\/a> PDF finden, das zus\u00e4tzliche Hilfe bei der Interpretation solcher Aufnahmen gibt und in dem Infos und Tipps zur D\u00e4mmung, typischen Schwachstellen und geeigneten Ma\u00dfnahmen und Baumaterialien gesammelt sind. Am Ende werden noch verschiedene D\u00e4mm-M\u00f6glichkeiten f\u00fcr Dach, Fassade und Rolladenk\u00e4sten vorgestellt.<\/p>\n<p>W\u00e4hrend ich also dort geschm\u00f6kert habe, h\u00e4lt die erste Leiste; die Fugen zur Laibung werden nun noch mit Acryl d\u00fcnn verschlossen:<\/p>\n<p><a href=\"https:\/\/i2.wp.com\/www.dannwollenwirmal.de\/wp-content\/uploads\/2017\/01\/IMG_5061.jpg\"><img data-attachment-id=\"1769\" data-permalink=\"http:\/\/www.dannwollenwirmal.de\/?attachment_id=1769#main\" data-orig-file=\"https:\/\/i2.wp.com\/www.dannwollenwirmal.de\/wp-content\/uploads\/2017\/01\/IMG_5061.jpg?fit=652%2C652\" data-orig-size=\"652,652\" data-comments-opened=\"1\" data-image-meta=\"{&quot;aperture&quot;:&quot;2.2&quot;,&quot;credit&quot;:&quot;&quot;,&quot;camera&quot;:&quot;iPhone 6s&quot;,&quot;caption&quot;:&quot;&quot;,&quot;created_timestamp&quot;:&quot;1484496532&quot;,&quot;copyright&quot;:&quot;&quot;,&quot;focal_length&quot;:&quot;4.15&quot;,&quot;iso&quot;:&quot;32&quot;,&quot;shutter_speed&quot;:&quot;0.03030303030303&quot;,&quot;title&quot;:&quot;&quot;,&quot;orientation&quot;:&quot;1&quot;}\" data-image-title=\"IMG_5061\" data-image-description=\"\" data-image-caption=\"\" data-medium-file=\"https:\/\/i2.wp.com\/www.dannwollenwirmal.de\/wp-content\/uploads\/2017\/01\/IMG_5061.jpg?fit=300%2C300\" data-large-file=\"https:\/\/i2.wp.com\/www.dannwollenwirmal.de\/wp-content\/uploads\/2017\/01\/IMG_5061.jpg?fit=652%2C652\" loading=\"lazy\" class=\"alignnone size-full wp-image-1769\" src=\"https:\/\/i2.wp.com\/www.dannwollenwirmal.de\/wp-content\/uploads\/2017\/01\/IMG_5061.jpg?resize=652%2C652\" alt=\"IMG_5061\" width=\"652\" height=\"652\" srcset=\"https:\/\/i2.wp.com\/www.dannwollenwirmal.de\/wp-content\/uploads\/2017\/01\/IMG_5061.jpg?w=652 652w, https:\/\/i2.wp.com\/www.dannwollenwirmal.de\/wp-content\/uploads\/2017\/01\/IMG_5061.jpg?resize=150%2C150 150w, https:\/\/i2.wp.com\/www.dannwollenwirmal.de\/wp-content\/uploads\/2017\/01\/IMG_5061.jpg?resize=300%2C300 300w\" sizes=\"(max-width: 652px) 100vw, 652px\" data-recalc-dims=\"1\" \/><\/a><br \/>\n<em>Fugen verschlie\u00dfen<\/em><\/p>\n<p>Es ist wirklich eine Geduldsprobe, und h\u00e4tte ich das vorher gewusst, h\u00e4tte ich dieses Projekt sicher noch ein weiteres Jahr vor mir hergeschoben. Egal, daf\u00fcr habe ich bald die dichtesten Dachfensteranschl\u00fcsse s\u00fcdlich des Mittellandkanals! Sollen sie doch kommen mit ihrer W\u00e4rmebildkamera! Ich bin bereit! T\u00e4t\u00e4r\u00e4\u00e4\u00e4\u00e4!<\/p>\n<p>&nbsp;<\/p>\n<div class=\"sharedaddy sd-sharing-enabled\"><div class=\"robots-nocontent sd-block sd-social sd-social-icon-text sd-sharing\"><h3 class=\"sd-title\">Teilen mit:<\/h3><div class=\"sd-content\"><ul><li class=\"share-email\"><a rel=\"nofollow noopener noreferrer\" data-shared=\"\" class=\"share-email sd-button share-icon\" href=\"http:\/\/www.dannwollenwirmal.de\/?p=1762&amp;share=email\" target=\"_blank\" title=\"Klick, um dies einem Freund per E-Mail zu senden\"><span>E-Mail<\/span><\/a><\/li><li class=\"share-print\"><a rel=\"nofollow noopener noreferrer\" data-shared=\"\" class=\"share-print sd-button share-icon\" href=\"http:\/\/www.dannwollenwirmal.de\/?p=1762\" target=\"_blank\" title=\"Klicken zum Ausdrucken\"><span>Drucken<\/span><\/a><\/li><li class=\"share-facebook\"><a rel=\"nofollow noopener noreferrer\" data-shared=\"sharing-facebook-1762\" class=\"share-facebook sd-button share-icon\" href=\"http:\/\/www.dannwollenwirmal.de\/?p=1762&amp;share=facebook\" target=\"_blank\" title=\"Klick, um auf Facebook zu teilen\"><span>Facebook<\/span><\/a><\/li><li class=\"share-twitter\"><a rel=\"nofollow noopener noreferrer\" data-shared=\"sharing-twitter-1762\" class=\"share-twitter sd-button share-icon\" href=\"http:\/\/www.dannwollenwirmal.de\/?p=1762&amp;share=twitter\" target=\"_blank\" title=\"Klick, um \u00fcber Twitter zu teilen\"><span>Twitter<\/span><\/a><\/li><li class=\"share-pinterest\"><a rel=\"nofollow noopener noreferrer\" data-shared=\"sharing-pinterest-1762\" class=\"share-pinterest sd-button share-icon\" href=\"http:\/\/www.dannwollenwirmal.de\/?p=1762&amp;share=pinterest\" target=\"_blank\" title=\"Klick, um auf Pinterest zu teilen\"><span>Pinterest<\/span><\/a><\/li><li class=\"share-linkedin\"><a rel=\"nofollow noopener noreferrer\" data-shared=\"sharing-linkedin-1762\" class=\"share-linkedin sd-button share-icon\" href=\"http:\/\/www.dannwollenwirmal.de\/?p=1762&amp;share=linkedin\" target=\"_blank\" title=\"Klick, um auf LinkedIn zu teilen\"><span>LinkedIn<\/span><\/a><\/li><li class=\"share-end\"><\/li><\/ul><\/div><\/div><\/div>","protected":false},"excerpt":{"rendered":"<p>Nun ist es fast ein Jahr her, dass unser Dach neu gedeckt wurde, und seitdem liegen die Dachfenster etwa zwei Zentimeter h\u00f6her: vorher lagen die Dachziegel auf einer Einfachlattung, dank neuer Bauvorschriften musste nun mit einer Konterlattung gedeckt werden. Dementsprechend rutschen die Dachfenster h\u00f6her und es ist ein Spalt zwischen der Laibung und dem Fenster [&hellip;]<\/p>\n<div class=\"sharedaddy sd-sharing-enabled\"><div class=\"robots-nocontent sd-block sd-social sd-social-icon-text sd-sharing\"><h3 class=\"sd-title\">Teilen mit:<\/h3><div class=\"sd-content\"><ul><li class=\"share-email\"><a rel=\"nofollow noopener noreferrer\" data-shared=\"\" class=\"share-email sd-button share-icon\" href=\"http:\/\/www.dannwollenwirmal.de\/?p=1762&amp;share=email\" target=\"_blank\" title=\"Klick, um dies einem Freund per E-Mail zu senden\"><span>E-Mail<\/span><\/a><\/li><li class=\"share-print\"><a rel=\"nofollow noopener noreferrer\" data-shared=\"\" class=\"share-print sd-button share-icon\" href=\"http:\/\/www.dannwollenwirmal.de\/?p=1762\" target=\"_blank\" title=\"Klicken zum Ausdrucken\"><span>Drucken<\/span><\/a><\/li><li class=\"share-facebook\"><a rel=\"nofollow noopener noreferrer\" data-shared=\"sharing-facebook-1762\" class=\"share-facebook sd-button share-icon\" href=\"http:\/\/www.dannwollenwirmal.de\/?p=1762&amp;share=facebook\" target=\"_blank\" title=\"Klick, um auf Facebook zu teilen\"><span>Facebook<\/span><\/a><\/li><li class=\"share-twitter\"><a rel=\"nofollow noopener noreferrer\" data-shared=\"sharing-twitter-1762\" class=\"share-twitter sd-button share-icon\" href=\"http:\/\/www.dannwollenwirmal.de\/?p=1762&amp;share=twitter\" target=\"_blank\" title=\"Klick, um \u00fcber Twitter zu teilen\"><span>Twitter<\/span><\/a><\/li><li class=\"share-pinterest\"><a rel=\"nofollow noopener noreferrer\" data-shared=\"sharing-pinterest-1762\" class=\"share-pinterest sd-button share-icon\" href=\"http:\/\/www.dannwollenwirmal.de\/?p=1762&amp;share=pinterest\" target=\"_blank\" title=\"Klick, um auf Pinterest zu teilen\"><span>Pinterest<\/span><\/a><\/li><li class=\"share-linkedin\"><a rel=\"nofollow noopener noreferrer\" data-shared=\"sharing-linkedin-1762\" class=\"share-linkedin sd-button share-icon\" href=\"http:\/\/www.dannwollenwirmal.de\/?p=1762&amp;share=linkedin\" target=\"_blank\" title=\"Klick, um auf LinkedIn zu teilen\"><span>LinkedIn<\/span><\/a><\/li><li class=\"share-end\"><\/li><\/ul><\/div><\/div><\/div>","protected":false},"author":1,"featured_media":0,"comment_status":"open","ping_status":"open","sticky":false,"template":"","format":"standard","meta":{"advanced_seo_description":"","spay_email":"","jetpack_publicize_message":"","jetpack_is_tweetstorm":false,"jetpack_publicize_feature_enabled":true},"categories":[1],"tags":[],"jetpack_featured_media_url":"","jetpack_publicize_connections":[],"jetpack_shortlink":"https:\/\/wp.me\/p3WtlO-sq","jetpack_sharing_enabled":true,"jetpack-related-posts":[{"id":1901,"url":"http:\/\/www.dannwollenwirmal.de\/?p=1901","url_meta":{"origin":1762,"position":0},"title":"Was lange w\u00e4hrt, wird endlich m\u00e4\u00dfig","date":"28. Mai 2017","format":false,"excerpt":"Ich habe hier ja schon des \u00d6fteren von meinem Projekt \"Dachfensterleisten\" berichtet. Als unser Dach im Fr\u00fchjahr letzten Jahres neu gedeckt wurde, sind die Dachfenster durch eine andere Lattung ein St\u00fcck h\u00f6her gekommen. Diese Spalten habe ich ausgesch\u00e4umt, das geht nat\u00fcrlich schnell und macht Spa\u00df, und mir dann Leisten besorgt\u2026","rel":"","context":"In &quot;Allgemein&quot;","img":{"alt_text":"IMG_5423","src":"https:\/\/i0.wp.com\/www.dannwollenwirmal.de\/wp-content\/uploads\/2017\/05\/IMG_5423-1024x1024.jpg?resize=350%2C200","width":350,"height":200},"classes":[]},{"id":1459,"url":"http:\/\/www.dannwollenwirmal.de\/?p=1459","url_meta":{"origin":1762,"position":1},"title":"Finale Grande","date":"24. April 2016","format":false,"excerpt":"Es ist vollbracht! Das Projekt Dach & Fassade ist gestern tats\u00e4chlich fertig gestellt worden. Wobei, so richtig fertig ist man ja nie, und so werde ich mich beispielsweise noch den Dachfenstern widmen m\u00fcssen, die jetzt durch die Konterlattung ein St\u00fcck h\u00f6her gekommen sind: Dachfenster: Spalt durch Konterlattung Aber das hat\u2026","rel":"","context":"In &quot;Allgemein&quot;","img":{"alt_text":"","src":"https:\/\/i2.wp.com\/www.dannwollenwirmal.de\/wp-content\/uploads\/2016\/04\/IMG_42871.jpg?resize=350%2C200","width":350,"height":200},"classes":[]},{"id":99,"url":"http:\/\/www.dannwollenwirmal.de\/?p=99","url_meta":{"origin":1762,"position":2},"title":"Einbau eines Dachfensters","date":"2. Oktober 2013","format":false,"excerpt":"Wenn man schon in einer sch\u00f6nen Gegend wohnt, sollte man diese auch sehen, und daher w\u00fcnschte ich mir ein Fenster in Richtung Westen, um den Ausblick auf die Porta Westfalica und das Kaiser-Wilhelm-Denkmal zu haben. Da ich mich selbst nicht so ganz allein an die Sache herantraute, holte ich mir\u2026","rel":"","context":"In &quot;Allgemein&quot;","img":{"alt_text":"Dachfenster, Befestigung","src":"https:\/\/i1.wp.com\/www.dannwollenwirmal.de\/wp-content\/uploads\/2013\/10\/df7.jpg?resize=350%2C200","width":350,"height":200},"classes":[]},{"id":252,"url":"http:\/\/www.dannwollenwirmal.de\/?p=252","url_meta":{"origin":1762,"position":3},"title":"Experimente mit der W\u00e4rmebildkamera","date":"10. Dezember 2013","format":false,"excerpt":"Bevor ich meine Dachbodenisolierung endg\u00fcltig abschlie\u00dfe und n\u00e4chstes Jahr an den Ausbau gehe (n\u00e4chstes Jahr klingt noch so unglaublich weit weg, dabei sind es nur noch drei Wochen), wollte ich das Ganze mit einer W\u00e4rmebildkamera auf m\u00f6gliche K\u00e4ltebr\u00fccken hin untersuchen; also irgendwelche Schwachstellen in der Isolierung, die man sp\u00e4ter schlecht\u2026","rel":"","context":"In &quot;Allgemein&quot;","img":{"alt_text":"","src":"https:\/\/i0.wp.com\/www.dannwollenwirmal.de\/wp-content\/uploads\/2013\/12\/IR000158.jpg?resize=350%2C200","width":350,"height":200},"classes":[]},{"id":113,"url":"http:\/\/www.dannwollenwirmal.de\/?p=113","url_meta":{"origin":1762,"position":4},"title":"Das teuerste Klebeband der Welt","date":"4. Oktober 2013","format":false,"excerpt":"Ich wollte ja noch etwas berichten von Anschl\u00fcssen an nervige St\u00f6renfriede wie Dachfenster, Rohre, Schr\u00e4gen...nun also erstmal das Dachfenster. Neben dem neu eingebauten gibt es bereits drei weitere Dachfenster (sowie ein Fenster in einem Erker, das wird bestimmt auch nochmal Fummelei...), die nun auch in meine Unterdeckung eingebunden werden m\u00fcssen.\u2026","rel":"","context":"In &quot;Allgemein&quot;","img":{"alt_text":"Tescon No 1 Klebeband","src":"https:\/\/i1.wp.com\/www.dannwollenwirmal.de\/wp-content\/uploads\/2013\/10\/rinne2.jpg?resize=350%2C200","width":350,"height":200},"classes":[]},{"id":1423,"url":"http:\/\/www.dannwollenwirmal.de\/?p=1423","url_meta":{"origin":1762,"position":5},"title":"Sanostol","date":"10. April 2016","format":false,"excerpt":"Das Fassadenprojekt geht in die hei\u00dfe Phase! Nach einer Woche Trocknungszeit (wenn's nicht fertig wird, ich kann nix daf\u00fcr! Muss ja alles immer ewig trocknen! Ach, w\u00e4ren wir doch bei Zuhause im Gl\u00fcck!) hat der gute M. aus B. mir Anfang der Woche unter die Arme gegriffen und das ganze\u2026","rel":"","context":"In &quot;Allgemein&quot;","img":{"alt_text":"","src":"https:\/\/i1.wp.com\/www.dannwollenwirmal.de\/wp-content\/uploads\/2016\/04\/IMG_4252.jpg?resize=350%2C200","width":350,"height":200},"classes":[]}],"_links":{"self":[{"href":"http:\/\/www.dannwollenwirmal.de\/index.php?rest_route=\/wp\/v2\/posts\/1762"}],"collection":[{"href":"http:\/\/www.dannwollenwirmal.de\/index.php?rest_route=\/wp\/v2\/posts"}],"about":[{"href":"http:\/\/www.dannwollenwirmal.de\/index.php?rest_route=\/wp\/v2\/types\/post"}],"author":[{"embeddable":true,"href":"http:\/\/www.dannwollenwirmal.de\/index.php?rest_route=\/wp\/v2\/users\/1"}],"replies":[{"embeddable":true,"href":"http:\/\/www.dannwollenwirmal.de\/index.php?rest_route=%2Fwp%2Fv2%2Fcomments&post=1762"}],"version-history":[{"count":3,"href":"http:\/\/www.dannwollenwirmal.de\/index.php?rest_route=\/wp\/v2\/posts\/1762\/revisions"}],"predecessor-version":[{"id":1771,"href":"http:\/\/www.dannwollenwirmal.de\/index.php?rest_route=\/wp\/v2\/posts\/1762\/revisions\/1771"}],"wp:attachment":[{"href":"http:\/\/www.dannwollenwirmal.de\/index.php?rest_route=%2Fwp%2Fv2%2Fmedia&parent=1762"}],"wp:term":[{"taxonomy":"category","embeddable":true,"href":"http:\/\/www.dannwollenwirmal.de\/index.php?rest_route=%2Fwp%2Fv2%2Fcategories&post=1762"},{"taxonomy":"post_tag","embeddable":true,"href":"http:\/\/www.dannwollenwirmal.de\/index.php?rest_route=%2Fwp%2Fv2%2Ftags&post=1762"}],"curies":[{"name":"wp","href":"https:\/\/api.w.org\/{rel}","templated":true}]}}