{"id":1757,"date":"2017-01-15T14:38:24","date_gmt":"2017-01-15T13:38:24","guid":{"rendered":"http:\/\/www.dannwollenwirmal.de\/?p=1757"},"modified":"2017-01-15T14:38:24","modified_gmt":"2017-01-15T13:38:24","slug":"airless-atemlos","status":"publish","type":"post","link":"http:\/\/www.dannwollenwirmal.de\/?p=1757","title":{"rendered":"Airless &#8211; atemlos"},"content":{"rendered":"<p>Da im Hauptberuf einige gro\u00dfe Lagerhallenw\u00e4nde wei\u00df gestrichen werden sollen, habe ich mich diese Woche zum ersten mal mit einer <em>Airless-Maschine<\/em> besch\u00e4ftigt. Wir hatten <a href=\"http:\/\/www.dannwollenwirmal.de\/?cat=358\"><strong>hier<\/strong> <\/a>ja schon die Lackiervariante per Spritzpistole und Kompressor besprochen; das Airless-Verfahren arbeitet im Gegensatz dazu ohne Luft (deswegen ja Air-less), sondern das Farbmaterial wird \u00fcber eine Pumpe unter Druck gesetzt und spritzt dann aus der D\u00fcse vorne heraus. Dadurch lassen sich auch etwas dickere Farben wie Wandfarbe verarbeiten, und das Ger\u00e4t schafft nat\u00fcrlich auch mehr Menge als die verh\u00e4ltnism\u00e4\u00dfig kleine Spritzpistole.<\/p>\n<p>Ein Kauf einer solchen Teufelsmaschine lohnt sich f\u00fcr den gelegentlichen Gebrauch kaum, kostet sie doch irgendwas im mittleren vierstelligen Bereich, daher fiel die Wahl auf den guten, alten almost-everything-Verhuur B\u00f6lltz, wo man das Teil f\u00fcr rund 100 Euro am Tag mieten kann.<\/p>\n<p>Die Zeitersparnis ist tats\u00e4chlich enorm. Zugegebenerma\u00dfen hat es etwas gedauert, bis das Ganze rund lief und alles im Gang war, aber die Fl\u00e4che von etwa 400 m\u00b2 haben wir in rund drei Stunden (inkl. Maschine-das-erste-mal-an-den-Start-bringen) geschafft. Und obwohl die W\u00e4nde nicht gerade neu waren, reichte ein einmaliger Anstrich aus. Mit Vorbereitung (Auslegen und Abkleben) kann man also durchaus eine gro\u00dfe Halle an einem halben Tag schaffen. Wir waren dabei zu zweit, ein Kollege hat die Eimer nachgef\u00fcllt und ich habe mit Ganzk\u00f6rper-Overall und Atemmaske die Farbe aufgetragen. Der Schlach war dabei lang genug, um eigentlich jeden Winkel der Halle zu erreichen, ohne die Maschine st\u00e4ndig umstellen zu m\u00fcssen.<\/p>\n<p><a href=\"https:\/\/i1.wp.com\/www.dannwollenwirmal.de\/wp-content\/uploads\/2017\/01\/IMG_5055.jpg\"><img data-attachment-id=\"1758\" data-permalink=\"http:\/\/www.dannwollenwirmal.de\/?attachment_id=1758#main\" data-orig-file=\"https:\/\/i1.wp.com\/www.dannwollenwirmal.de\/wp-content\/uploads\/2017\/01\/IMG_5055.jpg?fit=652%2C652\" data-orig-size=\"652,652\" data-comments-opened=\"1\" data-image-meta=\"{&quot;aperture&quot;:&quot;2.2&quot;,&quot;credit&quot;:&quot;&quot;,&quot;camera&quot;:&quot;iPhone 6s&quot;,&quot;caption&quot;:&quot;&quot;,&quot;created_timestamp&quot;:&quot;1484242808&quot;,&quot;copyright&quot;:&quot;&quot;,&quot;focal_length&quot;:&quot;4.15&quot;,&quot;iso&quot;:&quot;250&quot;,&quot;shutter_speed&quot;:&quot;0.058823529411765&quot;,&quot;title&quot;:&quot;&quot;,&quot;orientation&quot;:&quot;1&quot;}\" data-image-title=\"IMG_5055\" data-image-description=\"&lt;p&gt;Airless Ger\u00e4t&lt;\/p&gt;\n\" data-image-caption=\"\" data-medium-file=\"https:\/\/i1.wp.com\/www.dannwollenwirmal.de\/wp-content\/uploads\/2017\/01\/IMG_5055.jpg?fit=300%2C300\" data-large-file=\"https:\/\/i1.wp.com\/www.dannwollenwirmal.de\/wp-content\/uploads\/2017\/01\/IMG_5055.jpg?fit=652%2C652\" loading=\"lazy\" class=\"alignnone size-full wp-image-1758\" src=\"https:\/\/i1.wp.com\/www.dannwollenwirmal.de\/wp-content\/uploads\/2017\/01\/IMG_5055.jpg?resize=652%2C652\" alt=\"IMG_5055\" width=\"652\" height=\"652\" srcset=\"https:\/\/i1.wp.com\/www.dannwollenwirmal.de\/wp-content\/uploads\/2017\/01\/IMG_5055.jpg?w=652 652w, https:\/\/i1.wp.com\/www.dannwollenwirmal.de\/wp-content\/uploads\/2017\/01\/IMG_5055.jpg?resize=150%2C150 150w, https:\/\/i1.wp.com\/www.dannwollenwirmal.de\/wp-content\/uploads\/2017\/01\/IMG_5055.jpg?resize=300%2C300 300w\" sizes=\"(max-width: 652px) 100vw, 652px\" data-recalc-dims=\"1\" \/><\/a><br \/>\n<em>Airless-Ger\u00e4t<\/em><\/p>\n<p>Das Ganze macht tats\u00e4chlich etwas mehr Sauerei als das gew\u00f6hnliche Rollen, aber doch weniger wie bef\u00fcrchtet. Es ist nicht so, dass man permanent in einem wei\u00dfen Nebel steht und alles v\u00f6llig zugeschmiert wird. Auf den nicht abgedeckten Fl\u00e4chen entsteht hier und da vielmehr ein lockeres, feines Farbpulver, eher wie fein gesiebtes Mehl, das man aber, wenn es getrocknet ist, zum gro\u00dfen Teil wegfegen oder ihm, zumindest bei Innenfarbe, per Wasser und Schrubber zu Leibe r\u00fccken kann.<\/p>\n<p>Daraus folgt auch, dass sich Airless nur f\u00fcr gro\u00dfe Fl\u00e4chen von mehreren hundert Quadratmetern lohnt. Wenn man damit im kleinen Badezimmer oder noch m\u00f6blierten Wohnzimmer anf\u00e4ngt, kommt man aus dem Abkleben ja nicht heraus. Oder man macht es so wie Mr. Bean in diesem <strong><a href=\"https:\/\/youtu.be\/T9MAmWnOznI\">Klassiker <\/a><\/strong>\ud83d\ude42<\/p>\n<p>N\u00e4chste Woche wird die n\u00e4chste Halle gestrichen; au\u00dferdem habe ich noch ein Fliesenprojekt und ein Bauschaumprojekt (Oha!) auf der Agenda. Ich werde berichten! Bis dahin!<\/p>\n<div class=\"sharedaddy sd-sharing-enabled\"><div class=\"robots-nocontent sd-block sd-social sd-social-icon-text sd-sharing\"><h3 class=\"sd-title\">Teilen mit:<\/h3><div class=\"sd-content\"><ul><li class=\"share-email\"><a rel=\"nofollow noopener noreferrer\" data-shared=\"\" class=\"share-email sd-button share-icon\" href=\"http:\/\/www.dannwollenwirmal.de\/?p=1757&amp;share=email\" target=\"_blank\" title=\"Klick, um dies einem Freund per E-Mail zu senden\"><span>E-Mail<\/span><\/a><\/li><li class=\"share-print\"><a rel=\"nofollow noopener noreferrer\" data-shared=\"\" class=\"share-print sd-button share-icon\" href=\"http:\/\/www.dannwollenwirmal.de\/?p=1757\" target=\"_blank\" title=\"Klicken zum Ausdrucken\"><span>Drucken<\/span><\/a><\/li><li class=\"share-facebook\"><a rel=\"nofollow noopener noreferrer\" data-shared=\"sharing-facebook-1757\" class=\"share-facebook sd-button share-icon\" href=\"http:\/\/www.dannwollenwirmal.de\/?p=1757&amp;share=facebook\" target=\"_blank\" title=\"Klick, um auf Facebook zu teilen\"><span>Facebook<\/span><\/a><\/li><li class=\"share-twitter\"><a rel=\"nofollow noopener noreferrer\" data-shared=\"sharing-twitter-1757\" class=\"share-twitter sd-button share-icon\" href=\"http:\/\/www.dannwollenwirmal.de\/?p=1757&amp;share=twitter\" target=\"_blank\" title=\"Klick, um \u00fcber Twitter zu teilen\"><span>Twitter<\/span><\/a><\/li><li class=\"share-pinterest\"><a rel=\"nofollow noopener noreferrer\" data-shared=\"sharing-pinterest-1757\" class=\"share-pinterest sd-button share-icon\" href=\"http:\/\/www.dannwollenwirmal.de\/?p=1757&amp;share=pinterest\" target=\"_blank\" title=\"Klick, um auf Pinterest zu teilen\"><span>Pinterest<\/span><\/a><\/li><li class=\"share-linkedin\"><a rel=\"nofollow noopener noreferrer\" data-shared=\"sharing-linkedin-1757\" class=\"share-linkedin sd-button share-icon\" href=\"http:\/\/www.dannwollenwirmal.de\/?p=1757&amp;share=linkedin\" target=\"_blank\" title=\"Klick, um auf LinkedIn zu teilen\"><span>LinkedIn<\/span><\/a><\/li><li class=\"share-end\"><\/li><\/ul><\/div><\/div><\/div>","protected":false},"excerpt":{"rendered":"<p>Da im Hauptberuf einige gro\u00dfe Lagerhallenw\u00e4nde wei\u00df gestrichen werden sollen, habe ich mich diese Woche zum ersten mal mit einer Airless-Maschine besch\u00e4ftigt. Wir hatten hier ja schon die Lackiervariante per Spritzpistole und Kompressor besprochen; das Airless-Verfahren arbeitet im Gegensatz dazu ohne Luft (deswegen ja Air-less), sondern das Farbmaterial wird \u00fcber eine Pumpe unter Druck gesetzt [&hellip;]<\/p>\n<div class=\"sharedaddy sd-sharing-enabled\"><div class=\"robots-nocontent sd-block sd-social sd-social-icon-text sd-sharing\"><h3 class=\"sd-title\">Teilen mit:<\/h3><div class=\"sd-content\"><ul><li class=\"share-email\"><a rel=\"nofollow noopener noreferrer\" data-shared=\"\" class=\"share-email sd-button share-icon\" href=\"http:\/\/www.dannwollenwirmal.de\/?p=1757&amp;share=email\" target=\"_blank\" title=\"Klick, um dies einem Freund per E-Mail zu senden\"><span>E-Mail<\/span><\/a><\/li><li class=\"share-print\"><a rel=\"nofollow noopener noreferrer\" data-shared=\"\" class=\"share-print sd-button share-icon\" href=\"http:\/\/www.dannwollenwirmal.de\/?p=1757\" target=\"_blank\" title=\"Klicken zum Ausdrucken\"><span>Drucken<\/span><\/a><\/li><li class=\"share-facebook\"><a rel=\"nofollow noopener noreferrer\" data-shared=\"sharing-facebook-1757\" class=\"share-facebook sd-button share-icon\" href=\"http:\/\/www.dannwollenwirmal.de\/?p=1757&amp;share=facebook\" target=\"_blank\" title=\"Klick, um auf Facebook zu teilen\"><span>Facebook<\/span><\/a><\/li><li class=\"share-twitter\"><a rel=\"nofollow noopener noreferrer\" data-shared=\"sharing-twitter-1757\" class=\"share-twitter sd-button share-icon\" href=\"http:\/\/www.dannwollenwirmal.de\/?p=1757&amp;share=twitter\" target=\"_blank\" title=\"Klick, um \u00fcber Twitter zu teilen\"><span>Twitter<\/span><\/a><\/li><li class=\"share-pinterest\"><a rel=\"nofollow noopener noreferrer\" data-shared=\"sharing-pinterest-1757\" class=\"share-pinterest sd-button share-icon\" href=\"http:\/\/www.dannwollenwirmal.de\/?p=1757&amp;share=pinterest\" target=\"_blank\" title=\"Klick, um auf Pinterest zu teilen\"><span>Pinterest<\/span><\/a><\/li><li class=\"share-linkedin\"><a rel=\"nofollow noopener noreferrer\" data-shared=\"sharing-linkedin-1757\" class=\"share-linkedin sd-button share-icon\" href=\"http:\/\/www.dannwollenwirmal.de\/?p=1757&amp;share=linkedin\" target=\"_blank\" title=\"Klick, um auf LinkedIn zu teilen\"><span>LinkedIn<\/span><\/a><\/li><li class=\"share-end\"><\/li><\/ul><\/div><\/div><\/div>","protected":false},"author":1,"featured_media":0,"comment_status":"open","ping_status":"open","sticky":false,"template":"","format":"standard","meta":{"advanced_seo_description":"","spay_email":"","jetpack_publicize_message":"","jetpack_is_tweetstorm":false,"jetpack_publicize_feature_enabled":true},"categories":[1,175,15],"tags":[452,451,449,450],"jetpack_featured_media_url":"","jetpack_publicize_connections":[],"jetpack_shortlink":"https:\/\/wp.me\/p3WtlO-sl","jetpack_sharing_enabled":true,"jetpack-related-posts":[{"id":2222,"url":"http:\/\/www.dannwollenwirmal.de\/?p=2222","url_meta":{"origin":1757,"position":0},"title":"Glasmalerei","date":"18. M\u00e4rz 2018","format":false,"excerpt":"Diese Woche machen wir da weiter, wo wir letzte Woche aufgeh\u00f6rt haben - nach dem Vorbereiten des Schriftzuges ging es n\u00e4mlich nun erstmal an die Malerarbeiten. Dabei handelt es sich um f\u00fcnf \"Lichtkuppeln\" und zwei Fensterreihen, teilweise Glas, teilweise verzinkte Bleche. Sicherlich w\u00e4re ich eigentlich nicht darauf gekommen, Fensterglas \u00fcberzustreichen,\u2026","rel":"","context":"In &quot;Allgemein&quot;","img":{"alt_text":"","src":"https:\/\/i2.wp.com\/www.dannwollenwirmal.de\/wp-content\/uploads\/2018\/03\/IMG_6261.jpg?resize=350%2C200","width":350,"height":200},"classes":[]},{"id":1811,"url":"http:\/\/www.dannwollenwirmal.de\/?p=1811","url_meta":{"origin":1757,"position":1},"title":"Das dannwollenwirmal-Gewinnspiel: &#8222;Meine Heimwerkers\u00fcnde&#8220;","date":"26. Februar 2017","format":false,"excerpt":"Was ist denn eigentlich mit dem Februar los? W\u00e4hrend der Januar meine Zugriffszahlen-Statistik hat explodieren lassen, d\u00fcmpelt der Februar da nur so vor sich hin. Es schalten ziemlich genau nur halb so viele Leute dannwollenwirmal ein wie im Februar. Auch wenn mir diese Zahlen na\u00fcrlich eigentlich v\u00f6llig egal sein k\u00f6nnten,\u2026","rel":"","context":"In &quot;Allgemein&quot;","img":{"alt_text":"","src":"https:\/\/i1.wp.com\/www.dannwollenwirmal.de\/wp-content\/uploads\/2017\/02\/IMG_5139.jpg?resize=350%2C200","width":350,"height":200},"classes":[]},{"id":1780,"url":"http:\/\/www.dannwollenwirmal.de\/?p=1780","url_meta":{"origin":1757,"position":2},"title":"Butter bei die Fische!","date":"5. Februar 2017","format":false,"excerpt":"Ich h\u00e4nge mit dem Blog mal wieder etwas hinter der Realit\u00e4t her; tats\u00e4chlich bin ich mitten in einem wahrlichen Gro\u00dfprojekt, welches ich ja hier und da schon mal angedeutet hatte. Im RealLife bin ich ja Mitinhaber einer Firma f\u00fcr Veranstaltungstechnik, und eben diese zieht in eine neue Lagerhalle. Da diese\u2026","rel":"","context":"In &quot;Allgemein&quot;","img":{"alt_text":"","src":"https:\/\/i0.wp.com\/www.dannwollenwirmal.de\/wp-content\/uploads\/2017\/02\/IMG_5107.jpg?resize=350%2C200","width":350,"height":200},"classes":[]},{"id":2134,"url":"http:\/\/www.dannwollenwirmal.de\/?p=2134","url_meta":{"origin":1757,"position":3},"title":"Der dannwollenwirmal-Jahresr\u00fcckblick","date":"31. Dezember 2017","format":false,"excerpt":"Wenn der letzte Blogsonntag in diesem Jahr schon auf den 31.12. f\u00e4llt, werde ich nat\u00fcrlich die Gelegenheit nutzen, den traditionellen dannwollenwirmal-Jahresr\u00fcckblick heute abzuhandeln. Und was war da nicht alles los! Im\u00a0Januar habe ich das T\u00fcrsturz-Projekt fertiggestellt, bei dem einige T\u00fcr\u00f6ffnungen wegen ver\u00e4nderter Fu\u00dfbodensituation ein\u00a0Upsizing erfahren haben, sprich: es wurden die\u2026","rel":"","context":"In &quot;Allgemein&quot;","img":{"alt_text":"","src":"https:\/\/i0.wp.com\/www.dannwollenwirmal.de\/wp-content\/uploads\/2017\/01\/IMG_5049.jpg?resize=350%2C200","width":350,"height":200},"classes":[]},{"id":2297,"url":"http:\/\/www.dannwollenwirmal.de\/?p=2297","url_meta":{"origin":1757,"position":4},"title":"Dreifinger-Willi und Mottek-Klaus","date":"27. Mai 2018","format":false,"excerpt":"Wie sag ich immer gern? Achja: Wenn erstmal Farbe drauf ist, wird alles gut! Und so ging es diese Woche munter ans lackieren des in der letzten Woche vorgestellten Rednerpultes. MDF-Platte lackieren ist etwas speziell, vor allem die Kanten sind stark saugend und daher musste ich in mehreren Etappen vorgehen.\u2026","rel":"","context":"In &quot;Allgemein&quot;","img":{"alt_text":"","src":"https:\/\/i0.wp.com\/www.dannwollenwirmal.de\/wp-content\/uploads\/2018\/05\/IMG_6453.jpg?resize=350%2C200","width":350,"height":200},"classes":[]},{"id":2300,"url":"http:\/\/www.dannwollenwirmal.de\/?p=2300","url_meta":{"origin":1757,"position":5},"title":"Bin also doch Autoexperte!","date":"3. Juni 2018","format":false,"excerpt":"Liebste Leser, die Sonne brennt, der Schwei\u00df rinnt, und im Grunde k\u00f6nnte ich mir nichts sch\u00f6neres vorstellen als auf einem stickigen Dachboden oberk\u00f6rperfrei Glaswolle zwischen die Sparren zu proppen. Geht aber grad nicht, der Dachboden ist ja bekanntlich schon fertig und Glaswolle ist auch grad nicht zur Hand. Es ist\u2026","rel":"","context":"In &quot;Allgemein&quot;","img":{"alt_text":"","src":"","width":0,"height":0},"classes":[]}],"_links":{"self":[{"href":"http:\/\/www.dannwollenwirmal.de\/index.php?rest_route=\/wp\/v2\/posts\/1757"}],"collection":[{"href":"http:\/\/www.dannwollenwirmal.de\/index.php?rest_route=\/wp\/v2\/posts"}],"about":[{"href":"http:\/\/www.dannwollenwirmal.de\/index.php?rest_route=\/wp\/v2\/types\/post"}],"author":[{"embeddable":true,"href":"http:\/\/www.dannwollenwirmal.de\/index.php?rest_route=\/wp\/v2\/users\/1"}],"replies":[{"embeddable":true,"href":"http:\/\/www.dannwollenwirmal.de\/index.php?rest_route=%2Fwp%2Fv2%2Fcomments&post=1757"}],"version-history":[{"count":3,"href":"http:\/\/www.dannwollenwirmal.de\/index.php?rest_route=\/wp\/v2\/posts\/1757\/revisions"}],"predecessor-version":[{"id":1761,"href":"http:\/\/www.dannwollenwirmal.de\/index.php?rest_route=\/wp\/v2\/posts\/1757\/revisions\/1761"}],"wp:attachment":[{"href":"http:\/\/www.dannwollenwirmal.de\/index.php?rest_route=%2Fwp%2Fv2%2Fmedia&parent=1757"}],"wp:term":[{"taxonomy":"category","embeddable":true,"href":"http:\/\/www.dannwollenwirmal.de\/index.php?rest_route=%2Fwp%2Fv2%2Fcategories&post=1757"},{"taxonomy":"post_tag","embeddable":true,"href":"http:\/\/www.dannwollenwirmal.de\/index.php?rest_route=%2Fwp%2Fv2%2Ftags&post=1757"}],"curies":[{"name":"wp","href":"https:\/\/api.w.org\/{rel}","templated":true}]}}