{"id":1746,"date":"2017-01-01T18:23:59","date_gmt":"2017-01-01T17:23:59","guid":{"rendered":"http:\/\/www.dannwollenwirmal.de\/?p=1746"},"modified":"2017-01-01T18:23:59","modified_gmt":"2017-01-01T17:23:59","slug":"der-dannwollenwirmal-jahresrueckblick-2","status":"publish","type":"post","link":"http:\/\/www.dannwollenwirmal.de\/?p=1746","title":{"rendered":"Der dannwollenwirmal-Jahresr\u00fcckblick"},"content":{"rendered":"<p>Da sind wir wieder, und selbst an Neujahr bin ich mir nicht zu schade, mich zum Rechner zu schleppen und der werten Leserschaft ein paar Zeilen zu hinterlassen, wenn auch etwas sp\u00e4ter als sonst, aber irgendwann muss man ja auch mal schlafen! Oder so.<\/p>\n<p>Wir schalten die schw\u00fclstige Geigenmusik an und stellen uns vorm inneren Auge Feuerwerk und vor\u00fcbergleitendes Werkzeug in Zeitlupe vor, denn hier ist er wieder, der <em>dannwollenwirmal<\/em>-Jahresr\u00fcckblick: Meine diesj\u00e4hrigen Baustellen und was daraus geworden ist, und was vielleicht auch schon wieder zusammengebrochen ist, wer wei\u00df..?<\/p>\n<p>Himmel, was war denn im <strong>Januar <\/strong>alles los? Nach ein wenig Lamentiererei \u00fcber M\u00fclltonnen habe ich einige Wandrisse per M\u00f6rtelinjektion mit Schl\u00e4mme saniert. Obwohl ich mir ja vorgenommen hatte, kurz danach das Fundament zu stabilisieren, um die Ursache bei der Wurzel zu packen, habe ich das bis heute irgendwie nicht direkt geschafft. Die Risse sind aber auch nach einem Jahr nicht wieder aufgetaucht.<\/p>\n<p><a href=\"https:\/\/i1.wp.com\/www.dannwollenwirmal.de\/wp-content\/uploads\/2016\/01\/IMG_4016.jpg\"><img data-attachment-id=\"1268\" data-permalink=\"http:\/\/www.dannwollenwirmal.de\/?attachment_id=1268#main\" data-orig-file=\"https:\/\/i1.wp.com\/www.dannwollenwirmal.de\/wp-content\/uploads\/2016\/01\/IMG_4016.jpg?fit=652%2C652\" data-orig-size=\"652,652\" data-comments-opened=\"1\" data-image-meta=\"{&quot;aperture&quot;:&quot;2.2&quot;,&quot;credit&quot;:&quot;&quot;,&quot;camera&quot;:&quot;iPhone 6&quot;,&quot;caption&quot;:&quot;&quot;,&quot;created_timestamp&quot;:&quot;1452089821&quot;,&quot;copyright&quot;:&quot;&quot;,&quot;focal_length&quot;:&quot;4.15&quot;,&quot;iso&quot;:&quot;64&quot;,&quot;shutter_speed&quot;:&quot;0.03030303030303&quot;,&quot;title&quot;:&quot;&quot;,&quot;orientation&quot;:&quot;1&quot;}\" data-image-title=\"IMG_4016\" data-image-description=\"&lt;p&gt;Riss auff\u00fcllen&lt;\/p&gt;\n\" data-image-caption=\"\" data-medium-file=\"https:\/\/i1.wp.com\/www.dannwollenwirmal.de\/wp-content\/uploads\/2016\/01\/IMG_4016.jpg?fit=300%2C300\" data-large-file=\"https:\/\/i1.wp.com\/www.dannwollenwirmal.de\/wp-content\/uploads\/2016\/01\/IMG_4016.jpg?fit=652%2C652\" loading=\"lazy\" class=\"alignnone size-full wp-image-1268\" src=\"https:\/\/i1.wp.com\/www.dannwollenwirmal.de\/wp-content\/uploads\/2016\/01\/IMG_4016.jpg?resize=652%2C652\" alt=\"IMG_4016\" width=\"652\" height=\"652\" srcset=\"https:\/\/i1.wp.com\/www.dannwollenwirmal.de\/wp-content\/uploads\/2016\/01\/IMG_4016.jpg?w=652 652w, https:\/\/i1.wp.com\/www.dannwollenwirmal.de\/wp-content\/uploads\/2016\/01\/IMG_4016.jpg?resize=150%2C150 150w, https:\/\/i1.wp.com\/www.dannwollenwirmal.de\/wp-content\/uploads\/2016\/01\/IMG_4016.jpg?resize=300%2C300 300w\" sizes=\"(max-width: 652px) 100vw, 652px\" data-recalc-dims=\"1\" \/><br \/>\n<\/a><em>Risssanierung<\/em><\/p>\n<p>Mitte Januar habe ich mit Clickfix-Direktabh\u00e4ngern eine <del>Bunker<\/del> Stahlbetondecke abgeh\u00e4ngt, so minimal es eben geht, und Ende Januar dann noch woanders Raum f\u00fcr Raum mit Metall-UK und teils Holzlattung gipskartonm\u00e4\u00dfig beplankt. Weiterhin wurden schon die ersten Planungen f\u00fcr mein gro\u00dfes Fassadenprojekt angefangen, und ich habe die Fensterl\u00e4den gezeichnet und die n\u00f6tigen Holzmengen ausgerechnet.<\/p>\n<p><a href=\"https:\/\/i1.wp.com\/www.dannwollenwirmal.de\/wp-content\/uploads\/2016\/01\/IMG_4027.jpg\"><img data-attachment-id=\"1281\" data-permalink=\"http:\/\/www.dannwollenwirmal.de\/?attachment_id=1281#main\" data-orig-file=\"https:\/\/i1.wp.com\/www.dannwollenwirmal.de\/wp-content\/uploads\/2016\/01\/IMG_4027.jpg?fit=652%2C652\" data-orig-size=\"652,652\" data-comments-opened=\"1\" data-image-meta=\"{&quot;aperture&quot;:&quot;2.2&quot;,&quot;credit&quot;:&quot;&quot;,&quot;camera&quot;:&quot;iPhone 6&quot;,&quot;caption&quot;:&quot;&quot;,&quot;created_timestamp&quot;:&quot;1452621981&quot;,&quot;copyright&quot;:&quot;&quot;,&quot;focal_length&quot;:&quot;4.15&quot;,&quot;iso&quot;:&quot;250&quot;,&quot;shutter_speed&quot;:&quot;0.066666666666667&quot;,&quot;title&quot;:&quot;&quot;,&quot;orientation&quot;:&quot;1&quot;}\" data-image-title=\"IMG_4027\" data-image-description=\"&lt;p&gt;Direkt befestigte Decke&lt;\/p&gt;\n\" data-image-caption=\"\" data-medium-file=\"https:\/\/i1.wp.com\/www.dannwollenwirmal.de\/wp-content\/uploads\/2016\/01\/IMG_4027.jpg?fit=300%2C300\" data-large-file=\"https:\/\/i1.wp.com\/www.dannwollenwirmal.de\/wp-content\/uploads\/2016\/01\/IMG_4027.jpg?fit=652%2C652\" loading=\"lazy\" class=\"alignnone size-full wp-image-1281\" src=\"https:\/\/i1.wp.com\/www.dannwollenwirmal.de\/wp-content\/uploads\/2016\/01\/IMG_4027.jpg?resize=652%2C652\" alt=\"IMG_4027\" width=\"652\" height=\"652\" srcset=\"https:\/\/i1.wp.com\/www.dannwollenwirmal.de\/wp-content\/uploads\/2016\/01\/IMG_4027.jpg?w=652 652w, https:\/\/i1.wp.com\/www.dannwollenwirmal.de\/wp-content\/uploads\/2016\/01\/IMG_4027.jpg?resize=150%2C150 150w, https:\/\/i1.wp.com\/www.dannwollenwirmal.de\/wp-content\/uploads\/2016\/01\/IMG_4027.jpg?resize=300%2C300 300w\" sizes=\"(max-width: 652px) 100vw, 652px\" data-recalc-dims=\"1\" \/><br \/>\n<\/a><em>Stahlbetondecke abh\u00e4ngen<\/em><\/p>\n<p>Nach unserer wilden Geburtstagsparty im <strong>Februar<\/strong> gab es noch ein paar Infos zum U-Wert-Rechner und eine Bestandsaufnahme der Fehlstellen an meinem Sockelputz. Viel mehr kann man da ja auch nicht machen, ich glaube es lag Schnee und der Februar ist ja auch tendentiell immer \u00fcberraschend kurz.<\/p>\n<p><a href=\"https:\/\/i2.wp.com\/www.dannwollenwirmal.de\/wp-content\/uploads\/2016\/02\/IMG_4102.jpg\"><img data-attachment-id=\"1362\" data-permalink=\"http:\/\/www.dannwollenwirmal.de\/?attachment_id=1362#main\" data-orig-file=\"https:\/\/i2.wp.com\/www.dannwollenwirmal.de\/wp-content\/uploads\/2016\/02\/IMG_4102.jpg?fit=652%2C652\" data-orig-size=\"652,652\" data-comments-opened=\"1\" data-image-meta=\"{&quot;aperture&quot;:&quot;2.2&quot;,&quot;credit&quot;:&quot;&quot;,&quot;camera&quot;:&quot;iPhone 6&quot;,&quot;caption&quot;:&quot;&quot;,&quot;created_timestamp&quot;:&quot;1456500779&quot;,&quot;copyright&quot;:&quot;&quot;,&quot;focal_length&quot;:&quot;4.15&quot;,&quot;iso&quot;:&quot;32&quot;,&quot;shutter_speed&quot;:&quot;0.00048007681228997&quot;,&quot;title&quot;:&quot;&quot;,&quot;orientation&quot;:&quot;1&quot;}\" data-image-title=\"IMG_4102\" data-image-description=\"\" data-image-caption=\"\" data-medium-file=\"https:\/\/i2.wp.com\/www.dannwollenwirmal.de\/wp-content\/uploads\/2016\/02\/IMG_4102.jpg?fit=300%2C300\" data-large-file=\"https:\/\/i2.wp.com\/www.dannwollenwirmal.de\/wp-content\/uploads\/2016\/02\/IMG_4102.jpg?fit=652%2C652\" loading=\"lazy\" class=\"alignnone size-full wp-image-1362\" src=\"https:\/\/i2.wp.com\/www.dannwollenwirmal.de\/wp-content\/uploads\/2016\/02\/IMG_4102.jpg?resize=652%2C652\" alt=\"IMG_4102\" width=\"652\" height=\"652\" srcset=\"https:\/\/i2.wp.com\/www.dannwollenwirmal.de\/wp-content\/uploads\/2016\/02\/IMG_4102.jpg?w=652 652w, https:\/\/i2.wp.com\/www.dannwollenwirmal.de\/wp-content\/uploads\/2016\/02\/IMG_4102.jpg?resize=150%2C150 150w, https:\/\/i2.wp.com\/www.dannwollenwirmal.de\/wp-content\/uploads\/2016\/02\/IMG_4102.jpg?resize=300%2C300 300w\" sizes=\"(max-width: 652px) 100vw, 652px\" data-recalc-dims=\"1\" \/><br \/>\n<\/a><em>Putz ausbessern: Bestandsaufnahme im Februar<\/em><\/p>\n<p>Im <strong>M\u00e4rz<\/strong> ging es daf\u00fcr aber richtig los! So habe ich meinen Werkzeugbestand nicht nur um eine Binford-D\u00fcbelfr\u00e4se und Oberfr\u00e4se erweitert (die seit dem Fensterladenprojekt bisher noch nicht wieder so richtig oft zum Einsatz kamen, ehrlich gesagt&#8230;), ich habe auch 80 m\u00b2 GK-Decke mit Reibeputz versehen und bin dann allm\u00e4hlich mit den Fensterl\u00e4den angefangen. Als dann Mitte M\u00e4rz das Bauger\u00fcst kam, ging alles ganz schnell und ich habe reichlich an der Fassade herumgeturnt und ordentlich armiert und verputzt.<\/p>\n<p><a href=\"https:\/\/i0.wp.com\/www.dannwollenwirmal.de\/wp-content\/uploads\/2016\/03\/f2.jpg\"><img data-attachment-id=\"1400\" data-permalink=\"http:\/\/www.dannwollenwirmal.de\/?attachment_id=1400#main\" data-orig-file=\"https:\/\/i0.wp.com\/www.dannwollenwirmal.de\/wp-content\/uploads\/2016\/03\/f2.jpg?fit=652%2C652\" data-orig-size=\"652,652\" data-comments-opened=\"1\" data-image-meta=\"{&quot;aperture&quot;:&quot;0&quot;,&quot;credit&quot;:&quot;&quot;,&quot;camera&quot;:&quot;&quot;,&quot;caption&quot;:&quot;&quot;,&quot;created_timestamp&quot;:&quot;0&quot;,&quot;copyright&quot;:&quot;&quot;,&quot;focal_length&quot;:&quot;0&quot;,&quot;iso&quot;:&quot;0&quot;,&quot;shutter_speed&quot;:&quot;0&quot;,&quot;title&quot;:&quot;&quot;,&quot;orientation&quot;:&quot;0&quot;}\" data-image-title=\"f2\" data-image-description=\"&lt;p&gt;Fassade armieren&lt;\/p&gt;\n\" data-image-caption=\"\" data-medium-file=\"https:\/\/i0.wp.com\/www.dannwollenwirmal.de\/wp-content\/uploads\/2016\/03\/f2.jpg?fit=300%2C300\" data-large-file=\"https:\/\/i0.wp.com\/www.dannwollenwirmal.de\/wp-content\/uploads\/2016\/03\/f2.jpg?fit=652%2C652\" loading=\"lazy\" class=\"alignnone size-full wp-image-1400\" src=\"https:\/\/i0.wp.com\/www.dannwollenwirmal.de\/wp-content\/uploads\/2016\/03\/f2.jpg?resize=652%2C652\" alt=\"f2\" width=\"652\" height=\"652\" srcset=\"https:\/\/i0.wp.com\/www.dannwollenwirmal.de\/wp-content\/uploads\/2016\/03\/f2.jpg?w=652 652w, https:\/\/i0.wp.com\/www.dannwollenwirmal.de\/wp-content\/uploads\/2016\/03\/f2.jpg?resize=150%2C150 150w, https:\/\/i0.wp.com\/www.dannwollenwirmal.de\/wp-content\/uploads\/2016\/03\/f2.jpg?resize=300%2C300 300w\" sizes=\"(max-width: 652px) 100vw, 652px\" data-recalc-dims=\"1\" \/><\/a><em><br \/>\nFassadenprojekt GO!<\/em><\/p>\n<p>Im Laufe des <strong>April<\/strong>s wurde das Fassadenprojekt (und das Fensterl\u00e4den-Projekt) dann fertig gestellt, inklusive Faschen, viel viel Reibeputz, gar nicht soooo vielen Nachtschichten und einem t\u00fcrkisen Farbendebakel, bin ich in etwa sechs Wochen (f\u00fcr &#8222;nebenbei&#8220; und (fast) alleine doch recht fix) fertig geworden. Das H\u00e4uschen erstrahlt immer noch im Glanze, die Fensterl\u00e4den halten und haben sich auch nicht verformt, die Fassade ist noch so wie gerade erst renoviert, es gibt keine Risse, keine Stellen, \u00fcber die ich mich \u00e4rgere und r\u00fcckblickend auch tats\u00e4chlich <em>nichts<\/em>, was ich nun anders gemacht h\u00e4tte. Das \u00fcberz\u00e4hlige Material (und das war doch noch einiges) konnte ich zum Baustoffh\u00e4ndler zur\u00fcck geben und es wurde anstandslos gutgeschrieben. Was f\u00fcr ein gelungenes Projekt, da darf ich auch mal ein bi\u00dfchen stolz sein, auch wenn ich andererseits froh bin, sowas so schnell nicht nochmal machen zu m\u00fcssen \ud83d\ude09<\/p>\n<p><a href=\"https:\/\/i2.wp.com\/www.dannwollenwirmal.de\/wp-content\/uploads\/2016\/04\/IMG_42871.jpg\"><img data-attachment-id=\"1478\" data-permalink=\"http:\/\/www.dannwollenwirmal.de\/?attachment_id=1478#main\" data-orig-file=\"https:\/\/i2.wp.com\/www.dannwollenwirmal.de\/wp-content\/uploads\/2016\/04\/IMG_42871.jpg?fit=652%2C652\" data-orig-size=\"652,652\" data-comments-opened=\"1\" data-image-meta=\"{&quot;aperture&quot;:&quot;2.2&quot;,&quot;credit&quot;:&quot;&quot;,&quot;camera&quot;:&quot;iPhone 6&quot;,&quot;caption&quot;:&quot;&quot;,&quot;created_timestamp&quot;:&quot;1461424519&quot;,&quot;copyright&quot;:&quot;&quot;,&quot;focal_length&quot;:&quot;4.15&quot;,&quot;iso&quot;:&quot;32&quot;,&quot;shutter_speed&quot;:&quot;0.0009861932938856&quot;,&quot;title&quot;:&quot;&quot;,&quot;orientation&quot;:&quot;1&quot;}\" data-image-title=\"IMG_4287\" data-image-description=\"&lt;p&gt;Fassadensanierung Fensterl\u00e4den nachher&lt;\/p&gt;\n\" data-image-caption=\"\" data-medium-file=\"https:\/\/i2.wp.com\/www.dannwollenwirmal.de\/wp-content\/uploads\/2016\/04\/IMG_42871.jpg?fit=300%2C300\" data-large-file=\"https:\/\/i2.wp.com\/www.dannwollenwirmal.de\/wp-content\/uploads\/2016\/04\/IMG_42871.jpg?fit=652%2C652\" loading=\"lazy\" class=\"alignnone size-full wp-image-1478\" src=\"https:\/\/i2.wp.com\/www.dannwollenwirmal.de\/wp-content\/uploads\/2016\/04\/IMG_42871.jpg?resize=652%2C652\" alt=\"IMG_4287\" width=\"652\" height=\"652\" srcset=\"https:\/\/i2.wp.com\/www.dannwollenwirmal.de\/wp-content\/uploads\/2016\/04\/IMG_42871.jpg?w=652 652w, https:\/\/i2.wp.com\/www.dannwollenwirmal.de\/wp-content\/uploads\/2016\/04\/IMG_42871.jpg?resize=150%2C150 150w, https:\/\/i2.wp.com\/www.dannwollenwirmal.de\/wp-content\/uploads\/2016\/04\/IMG_42871.jpg?resize=300%2C300 300w\" sizes=\"(max-width: 652px) 100vw, 652px\" data-recalc-dims=\"1\" \/><\/a><\/p>\n<p>Achja: Die Spalten entlang der Dachfenster von innen (durch die Konterlattung) sind immer noch da. Ooops! Aber es zieht nicht da durch; ist eigentlich nur ein optisches Ding. Immerhin habe ich mittlerweile die Leisten und den gepriesenen Bauschaum. Muss ich nur noch anbringen.<\/p>\n<p>Sowas kommt \u00fcbrigens immer dann, wenn man es nicht direkt durchzieht: Einmal im Bau-Modus, sollte man am Besten alles fertig machen. Wenn man sich was &#8218;f\u00fcr sp\u00e4ter&#8216; \u00fcbrig l\u00e4sst, und irgendwann alles sauber, geputzt, bezogen und das Werkzeug wieder wegger\u00e4umt ist, f\u00e4ngt man so schnell nicht wieder an, und dann bleibt es, wie in diesem Fall, monatelang liegen.<\/p>\n<p><a href=\"https:\/\/i0.wp.com\/www.dannwollenwirmal.de\/wp-content\/uploads\/2016\/04\/IMG_4288.jpg\"><img data-attachment-id=\"1460\" data-permalink=\"http:\/\/www.dannwollenwirmal.de\/?attachment_id=1460#main\" data-orig-file=\"https:\/\/i0.wp.com\/www.dannwollenwirmal.de\/wp-content\/uploads\/2016\/04\/IMG_4288.jpg?fit=652%2C652\" data-orig-size=\"652,652\" data-comments-opened=\"1\" data-image-meta=\"{&quot;aperture&quot;:&quot;2.2&quot;,&quot;credit&quot;:&quot;&quot;,&quot;camera&quot;:&quot;iPhone 6&quot;,&quot;caption&quot;:&quot;&quot;,&quot;created_timestamp&quot;:&quot;1461491532&quot;,&quot;copyright&quot;:&quot;&quot;,&quot;focal_length&quot;:&quot;4.15&quot;,&quot;iso&quot;:&quot;32&quot;,&quot;shutter_speed&quot;:&quot;0.0016447368421053&quot;,&quot;title&quot;:&quot;&quot;,&quot;orientation&quot;:&quot;1&quot;}\" data-image-title=\"IMG_4288\" data-image-description=\"&lt;p&gt;Dachfenster Konterlattung&lt;\/p&gt;\n\" data-image-caption=\"\" data-medium-file=\"https:\/\/i0.wp.com\/www.dannwollenwirmal.de\/wp-content\/uploads\/2016\/04\/IMG_4288.jpg?fit=300%2C300\" data-large-file=\"https:\/\/i0.wp.com\/www.dannwollenwirmal.de\/wp-content\/uploads\/2016\/04\/IMG_4288.jpg?fit=652%2C652\" loading=\"lazy\" class=\"alignnone size-full wp-image-1460\" src=\"https:\/\/i0.wp.com\/www.dannwollenwirmal.de\/wp-content\/uploads\/2016\/04\/IMG_4288.jpg?resize=652%2C652\" alt=\"IMG_4288\" width=\"652\" height=\"652\" srcset=\"https:\/\/i0.wp.com\/www.dannwollenwirmal.de\/wp-content\/uploads\/2016\/04\/IMG_4288.jpg?w=652 652w, https:\/\/i0.wp.com\/www.dannwollenwirmal.de\/wp-content\/uploads\/2016\/04\/IMG_4288.jpg?resize=150%2C150 150w, https:\/\/i0.wp.com\/www.dannwollenwirmal.de\/wp-content\/uploads\/2016\/04\/IMG_4288.jpg?resize=300%2C300 300w\" sizes=\"(max-width: 652px) 100vw, 652px\" data-recalc-dims=\"1\" \/><\/a><em><br \/>\nToDo: Leisten drauf!<\/em><\/p>\n<p>Im <strong>Mai<\/strong> gab es nicht nur die haarstr\u00e4ubende Geschichte mit dem Malergro\u00dfhandel (in den ich seitdem \u00fcbrigens keinen Fu\u00df mehr gesetzt habe!), ich erschuf auch das Heimwerker-Lexikon, das mittlerweile als Standardwerk gilt (oder so); dabei auch vielen Dank an die wertvollen Erg\u00e4nzungen <em>Mompe, Murks, fitscheln, wuppen, wemsen, Tacken, friggeln<\/em>. Irgendwann gibt es sicher eine zweite Auflage!<\/p>\n<p><a href=\"https:\/\/i2.wp.com\/www.dannwollenwirmal.de\/wp-content\/uploads\/2016\/05\/IMG_4366.jpg\"><img data-attachment-id=\"1500\" data-permalink=\"http:\/\/www.dannwollenwirmal.de\/?attachment_id=1500#main\" data-orig-file=\"https:\/\/i2.wp.com\/www.dannwollenwirmal.de\/wp-content\/uploads\/2016\/05\/IMG_4366.jpg?fit=652%2C652\" data-orig-size=\"652,652\" data-comments-opened=\"1\" data-image-meta=\"{&quot;aperture&quot;:&quot;2.2&quot;,&quot;credit&quot;:&quot;&quot;,&quot;camera&quot;:&quot;iPhone 6&quot;,&quot;caption&quot;:&quot;&quot;,&quot;created_timestamp&quot;:&quot;1464091865&quot;,&quot;copyright&quot;:&quot;&quot;,&quot;focal_length&quot;:&quot;4.15&quot;,&quot;iso&quot;:&quot;80&quot;,&quot;shutter_speed&quot;:&quot;0.033333333333333&quot;,&quot;title&quot;:&quot;&quot;,&quot;orientation&quot;:&quot;1&quot;}\" data-image-title=\"IMG_4366\" data-image-description=\"&lt;p&gt;UW-Profile&lt;\/p&gt;\n\" data-image-caption=\"\" data-medium-file=\"https:\/\/i2.wp.com\/www.dannwollenwirmal.de\/wp-content\/uploads\/2016\/05\/IMG_4366.jpg?fit=300%2C300\" data-large-file=\"https:\/\/i2.wp.com\/www.dannwollenwirmal.de\/wp-content\/uploads\/2016\/05\/IMG_4366.jpg?fit=652%2C652\" loading=\"lazy\" class=\"alignnone size-full wp-image-1500\" src=\"https:\/\/i2.wp.com\/www.dannwollenwirmal.de\/wp-content\/uploads\/2016\/05\/IMG_4366.jpg?resize=652%2C652\" alt=\"IMG_4366\" width=\"652\" height=\"652\" srcset=\"https:\/\/i2.wp.com\/www.dannwollenwirmal.de\/wp-content\/uploads\/2016\/05\/IMG_4366.jpg?w=652 652w, https:\/\/i2.wp.com\/www.dannwollenwirmal.de\/wp-content\/uploads\/2016\/05\/IMG_4366.jpg?resize=150%2C150 150w, https:\/\/i2.wp.com\/www.dannwollenwirmal.de\/wp-content\/uploads\/2016\/05\/IMG_4366.jpg?resize=300%2C300 300w\" sizes=\"(max-width: 652px) 100vw, 652px\" data-recalc-dims=\"1\" \/><\/a><\/p>\n<p>Zum Ausklang noch eine kleine Trennwand hingestellt, und schon ging es mit gro\u00dfen Schritten in den&#8230;<\/p>\n<p><strong>Juni<\/strong>! Hier wurden Kellerfenster neu gekittet, auch die halten immer noch und mit jedem Fenster wurden meine Kit-Skills besser. Dann gab es noch ein paar Tips f\u00fcr&#8217;s Leben, unter anderm die <em>Powers\u00e4tze<\/em> und auch wichtige Hinweise, wie man sich als Heimwerkerking auf einer Hochzeit zu benehmen hat.<\/p>\n<p><a href=\"https:\/\/i1.wp.com\/www.dannwollenwirmal.de\/wp-content\/uploads\/2016\/06\/IMG_4395.jpg\"><img data-attachment-id=\"1518\" data-permalink=\"http:\/\/www.dannwollenwirmal.de\/?attachment_id=1518#main\" data-orig-file=\"https:\/\/i1.wp.com\/www.dannwollenwirmal.de\/wp-content\/uploads\/2016\/06\/IMG_4395.jpg?fit=652%2C652\" data-orig-size=\"652,652\" data-comments-opened=\"1\" data-image-meta=\"{&quot;aperture&quot;:&quot;2.2&quot;,&quot;credit&quot;:&quot;&quot;,&quot;camera&quot;:&quot;iPhone 6&quot;,&quot;caption&quot;:&quot;&quot;,&quot;created_timestamp&quot;:&quot;1464871511&quot;,&quot;copyright&quot;:&quot;&quot;,&quot;focal_length&quot;:&quot;4.15&quot;,&quot;iso&quot;:&quot;160&quot;,&quot;shutter_speed&quot;:&quot;0.03030303030303&quot;,&quot;title&quot;:&quot;&quot;,&quot;orientation&quot;:&quot;1&quot;}\" data-image-title=\"IMG_4395\" data-image-description=\"\" data-image-caption=\"\" data-medium-file=\"https:\/\/i1.wp.com\/www.dannwollenwirmal.de\/wp-content\/uploads\/2016\/06\/IMG_4395.jpg?fit=300%2C300\" data-large-file=\"https:\/\/i1.wp.com\/www.dannwollenwirmal.de\/wp-content\/uploads\/2016\/06\/IMG_4395.jpg?fit=652%2C652\" loading=\"lazy\" class=\"alignnone size-full wp-image-1518\" src=\"https:\/\/i1.wp.com\/www.dannwollenwirmal.de\/wp-content\/uploads\/2016\/06\/IMG_4395.jpg?resize=652%2C652\" alt=\"IMG_4395\" width=\"652\" height=\"652\" srcset=\"https:\/\/i1.wp.com\/www.dannwollenwirmal.de\/wp-content\/uploads\/2016\/06\/IMG_4395.jpg?w=652 652w, https:\/\/i1.wp.com\/www.dannwollenwirmal.de\/wp-content\/uploads\/2016\/06\/IMG_4395.jpg?resize=150%2C150 150w, https:\/\/i1.wp.com\/www.dannwollenwirmal.de\/wp-content\/uploads\/2016\/06\/IMG_4395.jpg?resize=300%2C300 300w\" sizes=\"(max-width: 652px) 100vw, 652px\" data-recalc-dims=\"1\" \/><\/a><\/p>\n<p>Im <strong>Juli <\/strong>wurden dann neben der Poolreinigung noch die erneuerten Kellerfenster eingesetzt und dann waren wir auch schon mitten in der traditionellen Sommerpause, die im <strong>August<\/strong> unter anderem mit dem allerersten dannwollenwirmal-Beitrag fortgef\u00fchrt wurde.<\/p>\n<p>Der <strong>September<\/strong> startete dann mit neuen Taten und den #builtwithBosch-Testwochen. Der Multicutter ist immer noch fast (bau)t\u00e4glich im Einsatz, ich m\u00f6chte ihn nicht mehr missen. Wobei ich allm\u00e4hlich den ein oder anderen Aufsatz austauschen m\u00fcsste, speziell die Stein- und Betonaufs\u00e4tze aus Hartmetall sind mittlerweile etwas abgetragen, und der S\u00e4geaufsatz f\u00fcr Holz hat ein paar Z\u00e4hnchen eingeb\u00fc\u00dft; aber sonst &#8211; l\u00e4uft und l\u00e4uft und l\u00e4uft!<\/p>\n<p><a href=\"https:\/\/i0.wp.com\/www.dannwollenwirmal.de\/wp-content\/uploads\/2016\/08\/IMG_4723.jpg\"><img data-attachment-id=\"1593\" data-permalink=\"http:\/\/www.dannwollenwirmal.de\/?attachment_id=1593#main\" data-orig-file=\"https:\/\/i0.wp.com\/www.dannwollenwirmal.de\/wp-content\/uploads\/2016\/08\/IMG_4723.jpg?fit=652%2C652\" data-orig-size=\"652,652\" data-comments-opened=\"1\" data-image-meta=\"{&quot;aperture&quot;:&quot;2.2&quot;,&quot;credit&quot;:&quot;&quot;,&quot;camera&quot;:&quot;iPhone 6&quot;,&quot;caption&quot;:&quot;&quot;,&quot;created_timestamp&quot;:&quot;1471982190&quot;,&quot;copyright&quot;:&quot;&quot;,&quot;focal_length&quot;:&quot;4.15&quot;,&quot;iso&quot;:&quot;250&quot;,&quot;shutter_speed&quot;:&quot;0.05&quot;,&quot;title&quot;:&quot;&quot;,&quot;orientation&quot;:&quot;1&quot;}\" data-image-title=\"IMG_4723\" data-image-description=\"&lt;p&gt;Bosch Multi-Cutter mit Zubeh\u00f6r&lt;\/p&gt;\n\" data-image-caption=\"\" data-medium-file=\"https:\/\/i0.wp.com\/www.dannwollenwirmal.de\/wp-content\/uploads\/2016\/08\/IMG_4723.jpg?fit=300%2C300\" data-large-file=\"https:\/\/i0.wp.com\/www.dannwollenwirmal.de\/wp-content\/uploads\/2016\/08\/IMG_4723.jpg?fit=652%2C652\" loading=\"lazy\" class=\"alignnone size-full wp-image-1593\" src=\"https:\/\/i0.wp.com\/www.dannwollenwirmal.de\/wp-content\/uploads\/2016\/08\/IMG_4723.jpg?resize=652%2C652\" alt=\"IMG_4723\" width=\"652\" height=\"652\" srcset=\"https:\/\/i0.wp.com\/www.dannwollenwirmal.de\/wp-content\/uploads\/2016\/08\/IMG_4723.jpg?w=652 652w, https:\/\/i0.wp.com\/www.dannwollenwirmal.de\/wp-content\/uploads\/2016\/08\/IMG_4723.jpg?resize=150%2C150 150w, https:\/\/i0.wp.com\/www.dannwollenwirmal.de\/wp-content\/uploads\/2016\/08\/IMG_4723.jpg?resize=300%2C300 300w\" sizes=\"(max-width: 652px) 100vw, 652px\" data-recalc-dims=\"1\" \/><\/a><em><br \/>\nBosch-Multicutter<\/em><\/p>\n<p>Meine Werkstattr\u00fcckseite habe ich ehrlich gesagt noch nicht ganz fertig (wieder das Sp\u00e4termachen-Problem), weil mir damals die Farbe ausgegangen war und jetzt noch der Schlussanstrich fehlt. Naja, dieses Jahr wird&#8217;s wohl was.<\/p>\n<p><a href=\"https:\/\/i0.wp.com\/www.dannwollenwirmal.de\/wp-content\/uploads\/2016\/09\/IMG_4807.jpg\"><img data-attachment-id=\"1625\" data-permalink=\"http:\/\/www.dannwollenwirmal.de\/?attachment_id=1625#main\" data-orig-file=\"https:\/\/i0.wp.com\/www.dannwollenwirmal.de\/wp-content\/uploads\/2016\/09\/IMG_4807.jpg?fit=652%2C652\" data-orig-size=\"652,652\" data-comments-opened=\"1\" data-image-meta=\"{&quot;aperture&quot;:&quot;2.2&quot;,&quot;credit&quot;:&quot;&quot;,&quot;camera&quot;:&quot;iPhone 6&quot;,&quot;caption&quot;:&quot;&quot;,&quot;created_timestamp&quot;:&quot;1474465806&quot;,&quot;copyright&quot;:&quot;&quot;,&quot;focal_length&quot;:&quot;4.15&quot;,&quot;iso&quot;:&quot;50&quot;,&quot;shutter_speed&quot;:&quot;0.01&quot;,&quot;title&quot;:&quot;&quot;,&quot;orientation&quot;:&quot;1&quot;}\" data-image-title=\"img_4807\" data-image-description=\"&lt;p&gt;T\u00fcr\u00f6ffnung vergr\u00f6\u00dfern&lt;\/p&gt;\n\" data-image-caption=\"\" data-medium-file=\"https:\/\/i0.wp.com\/www.dannwollenwirmal.de\/wp-content\/uploads\/2016\/09\/IMG_4807.jpg?fit=300%2C300\" data-large-file=\"https:\/\/i0.wp.com\/www.dannwollenwirmal.de\/wp-content\/uploads\/2016\/09\/IMG_4807.jpg?fit=652%2C652\" loading=\"lazy\" class=\"alignnone size-full wp-image-1625\" src=\"https:\/\/i0.wp.com\/www.dannwollenwirmal.de\/wp-content\/uploads\/2016\/09\/IMG_4807.jpg?resize=652%2C652\" alt=\"img_4807\" width=\"652\" height=\"652\" srcset=\"https:\/\/i0.wp.com\/www.dannwollenwirmal.de\/wp-content\/uploads\/2016\/09\/IMG_4807.jpg?w=652 652w, https:\/\/i0.wp.com\/www.dannwollenwirmal.de\/wp-content\/uploads\/2016\/09\/IMG_4807.jpg?resize=150%2C150 150w, https:\/\/i0.wp.com\/www.dannwollenwirmal.de\/wp-content\/uploads\/2016\/09\/IMG_4807.jpg?resize=300%2C300 300w\" sizes=\"(max-width: 652px) 100vw, 652px\" data-recalc-dims=\"1\" \/><\/a><\/p>\n<p>Weiter ging es mit Trockenbaudecken und erweiterten Wand\u00f6ffnungen, bis in den&#8230;<\/p>\n<p><strong>Oktober<\/strong> hinein &#8211; inklusive Dachbodenabdeckung, die nat\u00fcrlich auch immer noch h\u00e4lt! Die n\u00e4chste Baustelle war dann eine Wohnzimmersanierung mit dem Verputzen eines Stahltr\u00e4gers, Deckenabh\u00e4ngung, Spachtelei und Wandputz. Da war ordentlich was los! Ist schon schick geworden alles, \u00e4hnlich wie die gebastelte Laterne von Felicitas und Mario bei der neuesten <em>Szenen aus dem Leben<\/em>-Folge.<\/p>\n<p><a href=\"https:\/\/i2.wp.com\/www.dannwollenwirmal.de\/wp-content\/uploads\/2016\/10\/IMG_4911.jpg\"><img data-attachment-id=\"1674\" data-permalink=\"http:\/\/www.dannwollenwirmal.de\/?attachment_id=1674#main\" data-orig-file=\"https:\/\/i2.wp.com\/www.dannwollenwirmal.de\/wp-content\/uploads\/2016\/10\/IMG_4911.jpg?fit=652%2C652\" data-orig-size=\"652,652\" data-comments-opened=\"1\" data-image-meta=\"{&quot;aperture&quot;:&quot;2.2&quot;,&quot;credit&quot;:&quot;&quot;,&quot;camera&quot;:&quot;iPhone 6s&quot;,&quot;caption&quot;:&quot;&quot;,&quot;created_timestamp&quot;:&quot;1476970598&quot;,&quot;copyright&quot;:&quot;&quot;,&quot;focal_length&quot;:&quot;4.15&quot;,&quot;iso&quot;:&quot;200&quot;,&quot;shutter_speed&quot;:&quot;0.05&quot;,&quot;title&quot;:&quot;&quot;,&quot;orientation&quot;:&quot;1&quot;}\" data-image-title=\"img_4911\" data-image-description=\"&lt;p&gt;Stahltr\u00e4ger verputzen&lt;\/p&gt;\n\" data-image-caption=\"\" data-medium-file=\"https:\/\/i2.wp.com\/www.dannwollenwirmal.de\/wp-content\/uploads\/2016\/10\/IMG_4911.jpg?fit=300%2C300\" data-large-file=\"https:\/\/i2.wp.com\/www.dannwollenwirmal.de\/wp-content\/uploads\/2016\/10\/IMG_4911.jpg?fit=652%2C652\" loading=\"lazy\" class=\"alignnone size-full wp-image-1674\" src=\"https:\/\/i2.wp.com\/www.dannwollenwirmal.de\/wp-content\/uploads\/2016\/10\/IMG_4911.jpg?resize=652%2C652\" alt=\"img_4911\" width=\"652\" height=\"652\" srcset=\"https:\/\/i2.wp.com\/www.dannwollenwirmal.de\/wp-content\/uploads\/2016\/10\/IMG_4911.jpg?w=652 652w, https:\/\/i2.wp.com\/www.dannwollenwirmal.de\/wp-content\/uploads\/2016\/10\/IMG_4911.jpg?resize=150%2C150 150w, https:\/\/i2.wp.com\/www.dannwollenwirmal.de\/wp-content\/uploads\/2016\/10\/IMG_4911.jpg?resize=300%2C300 300w\" sizes=\"(max-width: 652px) 100vw, 652px\" data-recalc-dims=\"1\" \/><\/a><em><br \/>\nAltbausanierung at its best!<\/em><\/p>\n<p>Im <strong>November <\/strong>wurde das Dachbodenklappenprojekt beendet und wieder von filigran auf grob umgeschaltet: Es wurden T\u00fcrst\u00fcrze ge\u00e4ndert, das macht ja immer besonders viel Spa\u00df, weil es so sch\u00f6n viel Staub und Dreck macht und man den ganzen Tag mit dem Nervenkitzel arbeitet, dass die Bude einem jederzeit \u00fcber dem Kopf zusammenbrechen kann. Herrlich!<\/p>\n<p><a href=\"https:\/\/i0.wp.com\/www.dannwollenwirmal.de\/wp-content\/uploads\/2016\/11\/IMG_4976.jpg\"><img data-attachment-id=\"1707\" data-permalink=\"http:\/\/www.dannwollenwirmal.de\/?attachment_id=1707#main\" data-orig-file=\"https:\/\/i0.wp.com\/www.dannwollenwirmal.de\/wp-content\/uploads\/2016\/11\/IMG_4976.jpg?fit=652%2C652\" data-orig-size=\"652,652\" data-comments-opened=\"1\" data-image-meta=\"{&quot;aperture&quot;:&quot;2.2&quot;,&quot;credit&quot;:&quot;&quot;,&quot;camera&quot;:&quot;iPhone 6s&quot;,&quot;caption&quot;:&quot;&quot;,&quot;created_timestamp&quot;:&quot;1479573579&quot;,&quot;copyright&quot;:&quot;&quot;,&quot;focal_length&quot;:&quot;4.15&quot;,&quot;iso&quot;:&quot;40&quot;,&quot;shutter_speed&quot;:&quot;0.03030303030303&quot;,&quot;title&quot;:&quot;&quot;,&quot;orientation&quot;:&quot;1&quot;}\" data-image-title=\"img_4976\" data-image-description=\"&lt;p&gt;T\u00fcrsturz \u00e4ndern&lt;\/p&gt;\n\" data-image-caption=\"\" data-medium-file=\"https:\/\/i0.wp.com\/www.dannwollenwirmal.de\/wp-content\/uploads\/2016\/11\/IMG_4976.jpg?fit=300%2C300\" data-large-file=\"https:\/\/i0.wp.com\/www.dannwollenwirmal.de\/wp-content\/uploads\/2016\/11\/IMG_4976.jpg?fit=652%2C652\" loading=\"lazy\" class=\"alignnone size-full wp-image-1707\" src=\"https:\/\/i0.wp.com\/www.dannwollenwirmal.de\/wp-content\/uploads\/2016\/11\/IMG_4976.jpg?resize=652%2C652\" alt=\"img_4976\" width=\"652\" height=\"652\" srcset=\"https:\/\/i0.wp.com\/www.dannwollenwirmal.de\/wp-content\/uploads\/2016\/11\/IMG_4976.jpg?w=652 652w, https:\/\/i0.wp.com\/www.dannwollenwirmal.de\/wp-content\/uploads\/2016\/11\/IMG_4976.jpg?resize=150%2C150 150w, https:\/\/i0.wp.com\/www.dannwollenwirmal.de\/wp-content\/uploads\/2016\/11\/IMG_4976.jpg?resize=300%2C300 300w\" sizes=\"(max-width: 652px) 100vw, 652px\" data-recalc-dims=\"1\" \/><\/a><\/p>\n<p>Nach dem Leuchtsterne-Basteltip im <strong>Dezember<\/strong> und dem finalen Erwerb der Bakelit-Verteilerdose wurden dann noch die St\u00fcrze verputzt, bevor das Jahr mit der Heimwerker-Version von <em>Stille Nacht<\/em> seinen besinnlichen Ausklang fand.<\/p>\n<p><a href=\"https:\/\/i1.wp.com\/www.dannwollenwirmal.de\/wp-content\/uploads\/2016\/12\/IMG_5009.jpg\"><img data-attachment-id=\"1733\" data-permalink=\"http:\/\/www.dannwollenwirmal.de\/?attachment_id=1733#main\" data-orig-file=\"https:\/\/i1.wp.com\/www.dannwollenwirmal.de\/wp-content\/uploads\/2016\/12\/IMG_5009.jpg?fit=652%2C652\" data-orig-size=\"652,652\" data-comments-opened=\"1\" data-image-meta=\"{&quot;aperture&quot;:&quot;2.2&quot;,&quot;credit&quot;:&quot;&quot;,&quot;camera&quot;:&quot;iPhone 6s&quot;,&quot;caption&quot;:&quot;&quot;,&quot;created_timestamp&quot;:&quot;1481371609&quot;,&quot;copyright&quot;:&quot;&quot;,&quot;focal_length&quot;:&quot;4.15&quot;,&quot;iso&quot;:&quot;80&quot;,&quot;shutter_speed&quot;:&quot;0.03030303030303&quot;,&quot;title&quot;:&quot;&quot;,&quot;orientation&quot;:&quot;1&quot;}\" data-image-title=\"img_5009\" data-image-description=\"&lt;p&gt;Verteilerdose Bakelit&lt;\/p&gt;\n\" data-image-caption=\"\" data-medium-file=\"https:\/\/i1.wp.com\/www.dannwollenwirmal.de\/wp-content\/uploads\/2016\/12\/IMG_5009.jpg?fit=300%2C300\" data-large-file=\"https:\/\/i1.wp.com\/www.dannwollenwirmal.de\/wp-content\/uploads\/2016\/12\/IMG_5009.jpg?fit=652%2C652\" loading=\"lazy\" class=\"alignnone size-full wp-image-1733\" src=\"https:\/\/i1.wp.com\/www.dannwollenwirmal.de\/wp-content\/uploads\/2016\/12\/IMG_5009.jpg?resize=652%2C652\" alt=\"img_5009\" width=\"652\" height=\"652\" srcset=\"https:\/\/i1.wp.com\/www.dannwollenwirmal.de\/wp-content\/uploads\/2016\/12\/IMG_5009.jpg?w=652 652w, https:\/\/i1.wp.com\/www.dannwollenwirmal.de\/wp-content\/uploads\/2016\/12\/IMG_5009.jpg?resize=150%2C150 150w, https:\/\/i1.wp.com\/www.dannwollenwirmal.de\/wp-content\/uploads\/2016\/12\/IMG_5009.jpg?resize=300%2C300 300w\" sizes=\"(max-width: 652px) 100vw, 652px\" data-recalc-dims=\"1\" \/><\/a><br \/>\n<em>Das Ding ist auch endlich dran!<\/em><\/p>\n<p>Also, die Projekte und Baustellen haben sich gegenseitig die sprichw\u00f6rtliche Klinke in die Hand gegeben, es wurde viel bewegt und reichlich geschafft! Im neuen Jahr geht es direkt mit Vollgas weiter, so viel kann ich schon verraten. F\u00fcr heute aber geht&#8217;s zur\u00fcck auf&#8217;s Sofa, ist ja Neujahr, da darf man nochmal l\u00fcmmeln und die F\u00fc\u00dfe hochlegen, jawoll!<\/p>\n<p>Euch allen einen sch\u00f6nen Start ins neue Jahr &#8211; bis n\u00e4chste Woche!<\/p>\n<div class=\"sharedaddy sd-sharing-enabled\"><div class=\"robots-nocontent sd-block sd-social sd-social-icon-text sd-sharing\"><h3 class=\"sd-title\">Teilen mit:<\/h3><div class=\"sd-content\"><ul><li class=\"share-email\"><a rel=\"nofollow noopener noreferrer\" data-shared=\"\" class=\"share-email sd-button share-icon\" href=\"http:\/\/www.dannwollenwirmal.de\/?p=1746&amp;share=email\" target=\"_blank\" title=\"Klick, um dies einem Freund per E-Mail zu senden\"><span>E-Mail<\/span><\/a><\/li><li class=\"share-print\"><a rel=\"nofollow noopener noreferrer\" data-shared=\"\" class=\"share-print sd-button share-icon\" href=\"http:\/\/www.dannwollenwirmal.de\/?p=1746\" target=\"_blank\" title=\"Klicken zum Ausdrucken\"><span>Drucken<\/span><\/a><\/li><li class=\"share-facebook\"><a rel=\"nofollow noopener noreferrer\" data-shared=\"sharing-facebook-1746\" class=\"share-facebook sd-button share-icon\" href=\"http:\/\/www.dannwollenwirmal.de\/?p=1746&amp;share=facebook\" target=\"_blank\" title=\"Klick, um auf Facebook zu teilen\"><span>Facebook<\/span><\/a><\/li><li class=\"share-twitter\"><a rel=\"nofollow noopener noreferrer\" data-shared=\"sharing-twitter-1746\" class=\"share-twitter sd-button share-icon\" href=\"http:\/\/www.dannwollenwirmal.de\/?p=1746&amp;share=twitter\" target=\"_blank\" title=\"Klick, um \u00fcber Twitter zu teilen\"><span>Twitter<\/span><\/a><\/li><li class=\"share-pinterest\"><a rel=\"nofollow noopener noreferrer\" data-shared=\"sharing-pinterest-1746\" class=\"share-pinterest sd-button share-icon\" href=\"http:\/\/www.dannwollenwirmal.de\/?p=1746&amp;share=pinterest\" target=\"_blank\" title=\"Klick, um auf Pinterest zu teilen\"><span>Pinterest<\/span><\/a><\/li><li class=\"share-linkedin\"><a rel=\"nofollow noopener noreferrer\" data-shared=\"sharing-linkedin-1746\" class=\"share-linkedin sd-button share-icon\" href=\"http:\/\/www.dannwollenwirmal.de\/?p=1746&amp;share=linkedin\" target=\"_blank\" title=\"Klick, um auf LinkedIn zu teilen\"><span>LinkedIn<\/span><\/a><\/li><li class=\"share-end\"><\/li><\/ul><\/div><\/div><\/div>","protected":false},"excerpt":{"rendered":"<p>Da sind wir wieder, und selbst an Neujahr bin ich mir nicht zu schade, mich zum Rechner zu schleppen und der werten Leserschaft ein paar Zeilen zu hinterlassen, wenn auch etwas sp\u00e4ter als sonst, aber irgendwann muss man ja auch mal schlafen! Oder so. Wir schalten die schw\u00fclstige Geigenmusik an und stellen uns vorm inneren [&hellip;]<\/p>\n<div class=\"sharedaddy sd-sharing-enabled\"><div class=\"robots-nocontent sd-block sd-social sd-social-icon-text sd-sharing\"><h3 class=\"sd-title\">Teilen mit:<\/h3><div class=\"sd-content\"><ul><li class=\"share-email\"><a rel=\"nofollow noopener noreferrer\" data-shared=\"\" class=\"share-email sd-button share-icon\" href=\"http:\/\/www.dannwollenwirmal.de\/?p=1746&amp;share=email\" target=\"_blank\" title=\"Klick, um dies einem Freund per E-Mail zu senden\"><span>E-Mail<\/span><\/a><\/li><li class=\"share-print\"><a rel=\"nofollow noopener noreferrer\" data-shared=\"\" class=\"share-print sd-button share-icon\" href=\"http:\/\/www.dannwollenwirmal.de\/?p=1746\" target=\"_blank\" title=\"Klicken zum Ausdrucken\"><span>Drucken<\/span><\/a><\/li><li class=\"share-facebook\"><a rel=\"nofollow noopener noreferrer\" data-shared=\"sharing-facebook-1746\" class=\"share-facebook sd-button share-icon\" href=\"http:\/\/www.dannwollenwirmal.de\/?p=1746&amp;share=facebook\" target=\"_blank\" title=\"Klick, um auf Facebook zu teilen\"><span>Facebook<\/span><\/a><\/li><li class=\"share-twitter\"><a rel=\"nofollow noopener noreferrer\" data-shared=\"sharing-twitter-1746\" class=\"share-twitter sd-button share-icon\" href=\"http:\/\/www.dannwollenwirmal.de\/?p=1746&amp;share=twitter\" target=\"_blank\" title=\"Klick, um \u00fcber Twitter zu teilen\"><span>Twitter<\/span><\/a><\/li><li class=\"share-pinterest\"><a rel=\"nofollow noopener noreferrer\" data-shared=\"sharing-pinterest-1746\" class=\"share-pinterest sd-button share-icon\" href=\"http:\/\/www.dannwollenwirmal.de\/?p=1746&amp;share=pinterest\" target=\"_blank\" title=\"Klick, um auf Pinterest zu teilen\"><span>Pinterest<\/span><\/a><\/li><li class=\"share-linkedin\"><a rel=\"nofollow noopener noreferrer\" data-shared=\"sharing-linkedin-1746\" class=\"share-linkedin sd-button share-icon\" href=\"http:\/\/www.dannwollenwirmal.de\/?p=1746&amp;share=linkedin\" target=\"_blank\" title=\"Klick, um auf LinkedIn zu teilen\"><span>LinkedIn<\/span><\/a><\/li><li class=\"share-end\"><\/li><\/ul><\/div><\/div><\/div>","protected":false},"author":1,"featured_media":0,"comment_status":"open","ping_status":"open","sticky":false,"template":"","format":"standard","meta":{"advanced_seo_description":"","spay_email":"","jetpack_publicize_message":"","jetpack_is_tweetstorm":false,"jetpack_publicize_feature_enabled":true},"categories":[1,125,179,121,175,76,35,72,26,62,15],"tags":[305],"jetpack_featured_media_url":"","jetpack_publicize_connections":[],"jetpack_shortlink":"https:\/\/wp.me\/p3WtlO-sa","jetpack_sharing_enabled":true,"jetpack-related-posts":[{"id":2134,"url":"http:\/\/www.dannwollenwirmal.de\/?p=2134","url_meta":{"origin":1746,"position":0},"title":"Der dannwollenwirmal-Jahresr\u00fcckblick","date":"31. Dezember 2017","format":false,"excerpt":"Wenn der letzte Blogsonntag in diesem Jahr schon auf den 31.12. f\u00e4llt, werde ich nat\u00fcrlich die Gelegenheit nutzen, den traditionellen dannwollenwirmal-Jahresr\u00fcckblick heute abzuhandeln. Und was war da nicht alles los! Im\u00a0Januar habe ich das T\u00fcrsturz-Projekt fertiggestellt, bei dem einige T\u00fcr\u00f6ffnungen wegen ver\u00e4nderter Fu\u00dfbodensituation ein\u00a0Upsizing erfahren haben, sprich: es wurden die\u2026","rel":"","context":"In &quot;Allgemein&quot;","img":{"alt_text":"","src":"https:\/\/i0.wp.com\/www.dannwollenwirmal.de\/wp-content\/uploads\/2017\/01\/IMG_5049.jpg?resize=350%2C200","width":350,"height":200},"classes":[]},{"id":1811,"url":"http:\/\/www.dannwollenwirmal.de\/?p=1811","url_meta":{"origin":1746,"position":1},"title":"Das dannwollenwirmal-Gewinnspiel: &#8222;Meine Heimwerkers\u00fcnde&#8220;","date":"26. Februar 2017","format":false,"excerpt":"Was ist denn eigentlich mit dem Februar los? W\u00e4hrend der Januar meine Zugriffszahlen-Statistik hat explodieren lassen, d\u00fcmpelt der Februar da nur so vor sich hin. Es schalten ziemlich genau nur halb so viele Leute dannwollenwirmal ein wie im Februar. Auch wenn mir diese Zahlen na\u00fcrlich eigentlich v\u00f6llig egal sein k\u00f6nnten,\u2026","rel":"","context":"In &quot;Allgemein&quot;","img":{"alt_text":"","src":"https:\/\/i1.wp.com\/www.dannwollenwirmal.de\/wp-content\/uploads\/2017\/02\/IMG_5139.jpg?resize=350%2C200","width":350,"height":200},"classes":[]},{"id":1247,"url":"http:\/\/www.dannwollenwirmal.de\/?p=1247","url_meta":{"origin":1746,"position":2},"title":"Der dannwollenwirmal-Jahresr\u00fcckblick","date":"27. Dezember 2015","format":false,"excerpt":"Statistisch gesehen sind die Zugriffszahlen auf diesen kleinen Anti-Besinnlichkeits-Blog zu Weihnachten immer am niedrigsten. Besonders der Heiligabend sticht hier negativ hervor. Scheinbar brauchen an diesem Tag nur wenige Menschen Ratschl\u00e4ge hinsichtlich Mauerdurchbr\u00fcchen und kleinen Sprengarbeiten (wobei das auch sehr sch\u00f6n sein kann, siehe diese Geschichte!) Also, lieber Leser, wir sind\u2026","rel":"","context":"In &quot;Allgemein&quot;","img":{"alt_text":"","src":"https:\/\/i0.wp.com\/www.dannwollenwirmal.de\/wp-content\/uploads\/2015\/12\/IMG_3955.jpg?resize=350%2C200","width":350,"height":200},"classes":[]},{"id":1563,"url":"http:\/\/www.dannwollenwirmal.de\/?p=1563","url_meta":{"origin":1746,"position":3},"title":"Schwungvoll in den Untergrund","date":"24. Juli 2016","format":false,"excerpt":"Schlechte Nachrichten: Die letzte Woche angek\u00fcndigten Seminare sind mittlerweile alle restlos ausgebucht. Auch die Zusatztermine f\u00fcr \"Pfuschen f\u00fcr Anf\u00e4nger\" waren innerhalb k\u00fcrzester Zeit voll. Vielleicht erg\u00e4nze ich n\u00e4chstes Jahr die Reihe noch mit den Themen \"Doofe Stellen - vert\u00e4feln oder ein Bild davor h\u00e4ngen?\" oder \"Das ham wir immer so\u2026","rel":"","context":"In &quot;Allgemein&quot;","img":{"alt_text":"","src":"https:\/\/i1.wp.com\/www.dannwollenwirmal.de\/wp-content\/uploads\/2016\/07\/IMG_4565.jpg?resize=350%2C200","width":350,"height":200},"classes":[]},{"id":502,"url":"http:\/\/www.dannwollenwirmal.de\/?p=502","url_meta":{"origin":1746,"position":4},"title":"Yeah, Baby!","date":"29. Juni 2014","format":false,"excerpt":"Eines Tages, Baby, werden wir alt sein und an all das Werkzeug denken, das wir h\u00e4tten benutzen k\u00f6nnen. Ich bin ein Meister des Schraubens, wenn's um Schrauben geht. Bin ein Gipser vom Feinsten, wenn ich vor Spalten steh. Zers\u00e4ge gern Teilchen, kann mit der Nadel anrei\u00dfen. Lass mich begeistern f\u00fcr\u2026","rel":"","context":"In &quot;Allgemein&quot;","img":{"alt_text":"","src":"https:\/\/i2.wp.com\/www.dannwollenwirmal.de\/wp-content\/uploads\/2014\/06\/plattenhalter.jpg?resize=350%2C200","width":350,"height":200},"classes":[]},{"id":590,"url":"http:\/\/www.dannwollenwirmal.de\/?p=590","url_meta":{"origin":1746,"position":5},"title":"Jahresr\u00fcckschau oder warum ich nie einen Preis gewinnen werde","date":"1. Oktober 2014","format":false,"excerpt":"Es muss unter uns bleiben, aber ab und zu google ich mich selbst. Ich finde mich dann immer total gut (das war jetzt zweideutig?) und wenn ich meinen Blog google (etwas gesundes Selbstbewusstsein hat noch niemandem geschadet) finde ich auch immer wieder Bloggerkollegen, die hier auch ab und an kommentieren\u2026","rel":"","context":"In &quot;Allgemein&quot;","img":{"alt_text":"","src":"","width":0,"height":0},"classes":[]}],"_links":{"self":[{"href":"http:\/\/www.dannwollenwirmal.de\/index.php?rest_route=\/wp\/v2\/posts\/1746"}],"collection":[{"href":"http:\/\/www.dannwollenwirmal.de\/index.php?rest_route=\/wp\/v2\/posts"}],"about":[{"href":"http:\/\/www.dannwollenwirmal.de\/index.php?rest_route=\/wp\/v2\/types\/post"}],"author":[{"embeddable":true,"href":"http:\/\/www.dannwollenwirmal.de\/index.php?rest_route=\/wp\/v2\/users\/1"}],"replies":[{"embeddable":true,"href":"http:\/\/www.dannwollenwirmal.de\/index.php?rest_route=%2Fwp%2Fv2%2Fcomments&post=1746"}],"version-history":[{"count":2,"href":"http:\/\/www.dannwollenwirmal.de\/index.php?rest_route=\/wp\/v2\/posts\/1746\/revisions"}],"predecessor-version":[{"id":1748,"href":"http:\/\/www.dannwollenwirmal.de\/index.php?rest_route=\/wp\/v2\/posts\/1746\/revisions\/1748"}],"wp:attachment":[{"href":"http:\/\/www.dannwollenwirmal.de\/index.php?rest_route=%2Fwp%2Fv2%2Fmedia&parent=1746"}],"wp:term":[{"taxonomy":"category","embeddable":true,"href":"http:\/\/www.dannwollenwirmal.de\/index.php?rest_route=%2Fwp%2Fv2%2Fcategories&post=1746"},{"taxonomy":"post_tag","embeddable":true,"href":"http:\/\/www.dannwollenwirmal.de\/index.php?rest_route=%2Fwp%2Fv2%2Ftags&post=1746"}],"curies":[{"name":"wp","href":"https:\/\/api.w.org\/{rel}","templated":true}]}}