{"id":1680,"date":"2016-10-30T08:00:24","date_gmt":"2016-10-30T07:00:24","guid":{"rendered":"http:\/\/www.dannwollenwirmal.de\/?p=1680"},"modified":"2016-10-29T20:16:45","modified_gmt":"2016-10-29T18:16:45","slug":"szenen-aus-dem-leben-folge-4","status":"publish","type":"post","link":"http:\/\/www.dannwollenwirmal.de\/?p=1680","title":{"rendered":"Szenen aus dem Leben, Folge 4"},"content":{"rendered":"<p>In den Rollen:<br \/>\n<em>Mario<\/em>, ambitionierter Heim- und Handwerker, Schrauber, Stemmer, Nagler und Wisser. Beruflich Lagerist.<br \/>\n<em>Felicitas, <\/em>seine Freundin, beruflich macht sie Leuten die N\u00e4gel<br \/>\n<em>Jacqueline,<\/em> die Tochter von Felicitas&#8216; Schwester<br \/>\n<em>Frau Beermann,<\/em> Erzieherin in Jacquelines Kindergarten<\/p>\n<p>Szene: Innenraum Kindergarten. Als Eltern-Kind-Aktion werden gemeinsam Laternen f\u00fcr das baldige Laternenfest gebastelt. Einige Eltern sitzen auf deutlich zu kleinen St\u00fchlen und schnippeln geduldig mit ihren Kindern an den Laternen herum. Es herrscht eine ruhige und entspannte Atmosph\u00e4re. Pl\u00f6tzlich h\u00f6rt man Gepolter vom Flur.<\/p>\n<p><em>Mario (schreit):<\/em> Schackeline! Komm hier bei die Tante bei! Komm wir wolln doch hier mitte Laterne! Runter da getz sonst f\u00e4ngsse dir&#8217;n paar!<br \/>\n<em>Felicitas:<\/em> Da hinten isses.<\/p>\n<p>Die T\u00fcr\u00a0 zum Gruppenraum \u00f6ffnet sich, Mario und Felicitas kommen mit der kleinen Jacqueline im Schlepptau herein. Mario tr\u00e4gt einen stark verschmutzten Blaumann und riecht penetrant nach \u00d6l. Er hat einen kleinen Karren mit Werkzeug dabei, Felicitas tr\u00e4gt ein Blech mit Muffins.<\/p>\n<p><em>Frau Beermann:<\/em>Ach, hallo! Da ist ja Jacqueline! Und die Mutti konnte heute nicht? Freut mich, ich bin Frau Beermann.<br \/>\n<em>Mario:<\/em> Jau. Nee hier sie is die Schwester. Schackelinz Mutti is heute mein ich bein Frauenarzt. Aber wir kommen hier sch\u00f6n zun Basteln! Zeich ma her wie dat geht hier?<br \/>\n<em>Felicitas: <\/em>Ja, meine Schwester ist heute leider verhindert, deswegen kommen wir mit. Ich habe auch ein paar Muffins mitgebracht!<br \/>\n<em>Frau Beermann:<\/em> Ach, das ist aber nett! Maya, Taya, Aya, wollt ihr auch einen Muffin? Guck mal die sind aber lecker! Hmm, schmecken ein bi\u00dfchen \u00f6lig?<\/p>\n<p><em>Mario (zu Felicitas):<\/em> H\u00f6mma wo haste denn dat Muffin-Blech her? Ist dat ausse Garage?<br \/>\n<em>Felicitas: <\/em>Ja?<br \/>\n<em>Mario: <\/em>Oh, dat nehm ich immer zun \u00d6lwechsel!<\/p>\n<p>Frau Beermann erkl\u00e4rt den Laternen-Bastelbogen und verteilt Schere und Klebestift. Mario macht sich am Werkzeugwagen zu schaffen.<\/p>\n<p><em>Mario:<\/em> So, hier, dat k\u00f6nn wa doch sch\u00f6n mitte Laubs\u00e4ge! MDF-Platter hab ich mit!<br \/>\n<em>Frau Beermann:; <\/em>Ja, nun, \u00e4\u00e4hh, wenn sie wollen, k\u00f6nnen sie nat\u00fcrlich auch&#8230;<\/p>\n<p>Mit ohrenbet\u00e4ubendem Krawall startet Mario seine S\u00e4ge mit Verbrennermotor. Die ersten Kinder verlassen weinend und kreischend den Raum. Die Luft ist schnell von den Abgasen geschw\u00e4ngert und hinterl\u00e4sst einen bitteren Geschmack auf der Zunge, der aber gut zu den \u00d6lmuffins passen w\u00fcrde.<\/p>\n<p><em>Mario: <\/em>Oh, getz hab ich hier bissken in&#8216; Tisch ges\u00e4gt. Aber sonst is schon ganz gut geworden! Guck mal, Schackeline!<br \/>\n<em>Felicitas: <\/em>Mach das Ding aus!<br \/>\n<em>Mario: <\/em>Jaja, is ja gut. Weissewatt, mit Laterne \u00fcberlass ich Euch mal. Is mir zu filibran.<br \/>\n<em>Frau Beermann:<\/em> Ich glaube, das ist eine gute Idee. <em>(zu Felicitas): <\/em>Vielleicht setzen Sie sich zum Basteln hier ans Fenster. Leider geht die Deckenleuchte im Moment nicht&#8230;<br \/>\n<em>Mario: <\/em>WAT? Kann ja gar nich sein! Lass ma gucken hier.<br \/>\n<em>Frau Beermann: <\/em>Die Birne habe ich schon gewechselt, das ist es nicht&#8230;<br \/>\n<em>Mario:<\/em> Birnen wachsen aufn Baum! Wo happta denn die Verteilerdose? Ah hier.<br \/>\n<em>Frau Beermann: <\/em>Sie m\u00fcssen aber jetzt wirklich nicht&#8230;<br \/>\n<em>Mario:<\/em> Quatsch, kein Ding f\u00fcr den King! H\u00e4h\u00e4! Ham wa doch gleich! Oh was dat f\u00fcrn Kabel?<\/p>\n<p>Er zieht an einer Leitung, die sich daraufhin \u00fcber eine L\u00e4nge von etwa vier Metern aus der Wand l\u00f6st. Der Putz platzt ab und rieselt auf die Auslegeware. Das Kabel schwingt durch den Raum, gef\u00e4hrlich nah an den Kindern vorbei.<\/p>\n<p><em>Mario:<\/em> Junge, Junge, wie ham die dat denn hier verdrahtet? Schackeline, tu den Papa mal die Zange!<\/p>\n<p>Unter einem gr\u00fcnlich-blauen Lichtbogen fliegt Mario von seinem Standger\u00fcst aus zwei aufeinandergestapelten Kinderst\u00fchlen schwungvoll von der Wand, mitten in die bereits fertiggestellten Laternen; nicht ohne dabei den Ventilkopf des Heizk\u00f6rpers mit dem Fu\u00df abzurei\u00dfen. Ein Schwall von Heizungswasser ergie\u00dft sich \u00fcber den Basteltisch mit den \u00d6lmuffins. Die Kinder, die noch da sind, weinen. Aber: die Deckenleuchte geht wieder!<\/p>\n<p><em>Mario: <\/em>So, siehstewoll, Problem gel\u00f6st! Gut, mit dat Wasser m\u00fcssta sehen. Irgendwann is der Heizkreis leer. Dat m\u00fcsste bald aufh\u00f6rn. So, muss getz erst nach \u00d6mmes, Karre springt nich an. Lass mir noch per Muffins \u00fcber wa? Viel Spa\u00df noch!<\/p>\n<p><em>Sprachs, setzte sich ins Auto und donnerte davon. Felicitas und Frau Beermann schauen ratlos auf einen Gruppenraum voller Schutt und Wasser. Aus dem Heizk\u00f6rper zischt ein konstanter Strahl. Ein verbrannter Geruch liegt in der Luft. Eine Sprechpuppe sagt &#8222;Dada, Papa!&#8220; Ausblende.<\/em><\/p>\n<div class=\"sharedaddy sd-sharing-enabled\"><div class=\"robots-nocontent sd-block sd-social sd-social-icon-text sd-sharing\"><h3 class=\"sd-title\">Teilen mit:<\/h3><div class=\"sd-content\"><ul><li class=\"share-email\"><a rel=\"nofollow noopener noreferrer\" data-shared=\"\" class=\"share-email sd-button share-icon\" href=\"http:\/\/www.dannwollenwirmal.de\/?p=1680&amp;share=email\" target=\"_blank\" title=\"Klick, um dies einem Freund per E-Mail zu senden\"><span>E-Mail<\/span><\/a><\/li><li class=\"share-print\"><a rel=\"nofollow noopener noreferrer\" data-shared=\"\" class=\"share-print sd-button share-icon\" href=\"http:\/\/www.dannwollenwirmal.de\/?p=1680\" target=\"_blank\" title=\"Klicken zum Ausdrucken\"><span>Drucken<\/span><\/a><\/li><li class=\"share-facebook\"><a rel=\"nofollow noopener noreferrer\" data-shared=\"sharing-facebook-1680\" class=\"share-facebook sd-button share-icon\" href=\"http:\/\/www.dannwollenwirmal.de\/?p=1680&amp;share=facebook\" target=\"_blank\" title=\"Klick, um auf Facebook zu teilen\"><span>Facebook<\/span><\/a><\/li><li class=\"share-twitter\"><a rel=\"nofollow noopener noreferrer\" data-shared=\"sharing-twitter-1680\" class=\"share-twitter sd-button share-icon\" href=\"http:\/\/www.dannwollenwirmal.de\/?p=1680&amp;share=twitter\" target=\"_blank\" title=\"Klick, um \u00fcber Twitter zu teilen\"><span>Twitter<\/span><\/a><\/li><li class=\"share-pinterest\"><a rel=\"nofollow noopener noreferrer\" data-shared=\"sharing-pinterest-1680\" class=\"share-pinterest sd-button share-icon\" href=\"http:\/\/www.dannwollenwirmal.de\/?p=1680&amp;share=pinterest\" target=\"_blank\" title=\"Klick, um auf Pinterest zu teilen\"><span>Pinterest<\/span><\/a><\/li><li class=\"share-linkedin\"><a rel=\"nofollow noopener noreferrer\" data-shared=\"sharing-linkedin-1680\" class=\"share-linkedin sd-button share-icon\" href=\"http:\/\/www.dannwollenwirmal.de\/?p=1680&amp;share=linkedin\" target=\"_blank\" title=\"Klick, um auf LinkedIn zu teilen\"><span>LinkedIn<\/span><\/a><\/li><li class=\"share-end\"><\/li><\/ul><\/div><\/div><\/div>","protected":false},"excerpt":{"rendered":"<p>In den Rollen: Mario, ambitionierter Heim- und Handwerker, Schrauber, Stemmer, Nagler und Wisser. Beruflich Lagerist. Felicitas, seine Freundin, beruflich macht sie Leuten die N\u00e4gel Jacqueline, die Tochter von Felicitas&#8216; Schwester Frau Beermann, Erzieherin in Jacquelines Kindergarten Szene: Innenraum Kindergarten. Als Eltern-Kind-Aktion werden gemeinsam Laternen f\u00fcr das baldige Laternenfest gebastelt. Einige Eltern sitzen auf deutlich zu [&hellip;]<\/p>\n<div class=\"sharedaddy sd-sharing-enabled\"><div class=\"robots-nocontent sd-block sd-social sd-social-icon-text sd-sharing\"><h3 class=\"sd-title\">Teilen mit:<\/h3><div class=\"sd-content\"><ul><li class=\"share-email\"><a rel=\"nofollow noopener noreferrer\" data-shared=\"\" class=\"share-email sd-button share-icon\" href=\"http:\/\/www.dannwollenwirmal.de\/?p=1680&amp;share=email\" target=\"_blank\" title=\"Klick, um dies einem Freund per E-Mail zu senden\"><span>E-Mail<\/span><\/a><\/li><li class=\"share-print\"><a rel=\"nofollow noopener noreferrer\" data-shared=\"\" class=\"share-print sd-button share-icon\" href=\"http:\/\/www.dannwollenwirmal.de\/?p=1680\" target=\"_blank\" title=\"Klicken zum Ausdrucken\"><span>Drucken<\/span><\/a><\/li><li class=\"share-facebook\"><a rel=\"nofollow noopener noreferrer\" data-shared=\"sharing-facebook-1680\" class=\"share-facebook sd-button share-icon\" href=\"http:\/\/www.dannwollenwirmal.de\/?p=1680&amp;share=facebook\" target=\"_blank\" title=\"Klick, um auf Facebook zu teilen\"><span>Facebook<\/span><\/a><\/li><li class=\"share-twitter\"><a rel=\"nofollow noopener noreferrer\" data-shared=\"sharing-twitter-1680\" class=\"share-twitter sd-button share-icon\" href=\"http:\/\/www.dannwollenwirmal.de\/?p=1680&amp;share=twitter\" target=\"_blank\" title=\"Klick, um \u00fcber Twitter zu teilen\"><span>Twitter<\/span><\/a><\/li><li class=\"share-pinterest\"><a rel=\"nofollow noopener noreferrer\" data-shared=\"sharing-pinterest-1680\" class=\"share-pinterest sd-button share-icon\" href=\"http:\/\/www.dannwollenwirmal.de\/?p=1680&amp;share=pinterest\" target=\"_blank\" title=\"Klick, um auf Pinterest zu teilen\"><span>Pinterest<\/span><\/a><\/li><li class=\"share-linkedin\"><a rel=\"nofollow noopener noreferrer\" data-shared=\"sharing-linkedin-1680\" class=\"share-linkedin sd-button share-icon\" href=\"http:\/\/www.dannwollenwirmal.de\/?p=1680&amp;share=linkedin\" target=\"_blank\" title=\"Klick, um auf LinkedIn zu teilen\"><span>LinkedIn<\/span><\/a><\/li><li class=\"share-end\"><\/li><\/ul><\/div><\/div><\/div>","protected":false},"author":1,"featured_media":0,"comment_status":"open","ping_status":"open","sticky":false,"template":"","format":"standard","meta":{"advanced_seo_description":"","spay_email":"","jetpack_publicize_message":"","jetpack_is_tweetstorm":false,"jetpack_publicize_feature_enabled":true},"categories":[1,72],"tags":[200,199,198],"jetpack_featured_media_url":"","jetpack_publicize_connections":[],"jetpack_shortlink":"https:\/\/wp.me\/p3WtlO-r6","jetpack_sharing_enabled":true,"jetpack-related-posts":[{"id":1618,"url":"http:\/\/www.dannwollenwirmal.de\/?p=1618","url_meta":{"origin":1680,"position":0},"title":"Szenen aus dem Leben, Folge 3","date":"18. September 2016","format":false,"excerpt":"In den Rollen: Mario, ambitionierter Heim- und Handwerker, Schrauber, Stemmer, Nagler und Wisser. Beruflich Lagerist. Felicitas, seine Freundin, abwesend Werner, Felicitas Vater und damit Marios Schwiegervater in spe Ingrid, Felicitas Mutter und damit die Frau von Werner und damit Marios Schwiegermutter in spe Ingrid und Werner haben sich eine neue\u2026","rel":"","context":"In &quot;Allgemein&quot;","img":{"alt_text":"","src":"","width":0,"height":0},"classes":[]},{"id":808,"url":"http:\/\/www.dannwollenwirmal.de\/?p=808","url_meta":{"origin":1680,"position":1},"title":"Szenen aus dem Leben, Folge 1.","date":"18. Januar 2015","format":false,"excerpt":"In den Rollen: Mario, ambitionierter Heim- und Handwerker, Schrauber, Stemmer, Nagler und Wisser. Beruflich Lagerist. Felicitas, seine Freundin, beruflich macht sie Leuten die N\u00e4gel Werner, Felicitas Vater und damit Marios Schwiegervater in spe Ingrid, Felicitas Mutter und damit die Frau von Werner und damit Marios Schwiegermutter in spe Zum Zeitpunkt\u2026","rel":"","context":"In &quot;Allgemein&quot;","img":{"alt_text":"","src":"","width":0,"height":0},"classes":[]},{"id":954,"url":"http:\/\/www.dannwollenwirmal.de\/?p=954","url_meta":{"origin":1680,"position":2},"title":"Szenen aus dem Leben, Folge 2","date":"26. April 2015","format":false,"excerpt":"In den Rollen: Mario, ambitionierter Heim- und Handwerker, Schrauber, Stemmer, Nagler und Wisser. Beruflich Lagerist. Felicitas, seine Freundin, beruflich macht sie Leuten die N\u00e4gel Herr Biemel, Fachh\u00e4ndler Holz, kleiner, rundlicher Herr mit freundlicher Fiestelstimme Mario und Felicitas sind mit der Einrichtung Ihres Heims besch\u00e4ftigt und brauchen eine neue T\u00fcr zum\u2026","rel":"","context":"In &quot;Allgemein&quot;","img":{"alt_text":"","src":"","width":0,"height":0},"classes":[]},{"id":2353,"url":"http:\/\/www.dannwollenwirmal.de\/?p=2353","url_meta":{"origin":1680,"position":3},"title":"&#8230;und Tsch\u00fcss!","date":"16. September 2018","format":false,"excerpt":"Liebste Leser, das waren nun f\u00fcnf Jahre dannwollenwirmal - der Heimwerkerblog. Am 17. September 2013 erschien der erste Beitrag, und fast auf den Tag genau f\u00fcnf Jahre sp\u00e4ter f\u00e4llt nun hier, wie angek\u00fcndigt, der sprichw\u00f6rtliche Hammer. Was haben wir nicht alles zusammen erlebt, liebste Leser! Vier B\u00e4der haben wir renoviert,\u2026","rel":"","context":"In &quot;Allgemein&quot;","img":{"alt_text":"","src":"","width":0,"height":0},"classes":[]},{"id":1669,"url":"http:\/\/www.dannwollenwirmal.de\/?p=1669","url_meta":{"origin":1680,"position":4},"title":"WKD","date":"23. Oktober 2016","format":false,"excerpt":"Diese Woche habe ich ein m\u00f6gliches Heilmittel gegen Werkzeugkaufdrang gefunden. Werkzeugkaufdrang, oder kurz WKD, bezeichnet die Begierde nach einem Werkzeug, die erst gestillt ist, wenn man es sein eigen nennt. So berichtete ich ja letzte Woche von einem kurzzeitigem Schleifgiraffen-WKD. Das Objekt der Beigierde w\u00e4re der Festool Planex LHS-255, kostet\u2026","rel":"","context":"In &quot;Allgemein&quot;","img":{"alt_text":"","src":"https:\/\/i0.wp.com\/www.dannwollenwirmal.de\/wp-content\/uploads\/2016\/10\/IMG_4907.jpg?resize=350%2C200","width":350,"height":200},"classes":[]},{"id":1746,"url":"http:\/\/www.dannwollenwirmal.de\/?p=1746","url_meta":{"origin":1680,"position":5},"title":"Der dannwollenwirmal-Jahresr\u00fcckblick","date":"1. Januar 2017","format":false,"excerpt":"Da sind wir wieder, und selbst an Neujahr bin ich mir nicht zu schade, mich zum Rechner zu schleppen und der werten Leserschaft ein paar Zeilen zu hinterlassen, wenn auch etwas sp\u00e4ter als sonst, aber irgendwann muss man ja auch mal schlafen! Oder so. Wir schalten die schw\u00fclstige Geigenmusik an\u2026","rel":"","context":"In &quot;Allgemein&quot;","img":{"alt_text":"IMG_4016","src":"https:\/\/i1.wp.com\/www.dannwollenwirmal.de\/wp-content\/uploads\/2016\/01\/IMG_4016.jpg?resize=350%2C200","width":350,"height":200},"classes":[]}],"_links":{"self":[{"href":"http:\/\/www.dannwollenwirmal.de\/index.php?rest_route=\/wp\/v2\/posts\/1680"}],"collection":[{"href":"http:\/\/www.dannwollenwirmal.de\/index.php?rest_route=\/wp\/v2\/posts"}],"about":[{"href":"http:\/\/www.dannwollenwirmal.de\/index.php?rest_route=\/wp\/v2\/types\/post"}],"author":[{"embeddable":true,"href":"http:\/\/www.dannwollenwirmal.de\/index.php?rest_route=\/wp\/v2\/users\/1"}],"replies":[{"embeddable":true,"href":"http:\/\/www.dannwollenwirmal.de\/index.php?rest_route=%2Fwp%2Fv2%2Fcomments&post=1680"}],"version-history":[{"count":4,"href":"http:\/\/www.dannwollenwirmal.de\/index.php?rest_route=\/wp\/v2\/posts\/1680\/revisions"}],"predecessor-version":[{"id":1684,"href":"http:\/\/www.dannwollenwirmal.de\/index.php?rest_route=\/wp\/v2\/posts\/1680\/revisions\/1684"}],"wp:attachment":[{"href":"http:\/\/www.dannwollenwirmal.de\/index.php?rest_route=%2Fwp%2Fv2%2Fmedia&parent=1680"}],"wp:term":[{"taxonomy":"category","embeddable":true,"href":"http:\/\/www.dannwollenwirmal.de\/index.php?rest_route=%2Fwp%2Fv2%2Fcategories&post=1680"},{"taxonomy":"post_tag","embeddable":true,"href":"http:\/\/www.dannwollenwirmal.de\/index.php?rest_route=%2Fwp%2Fv2%2Ftags&post=1680"}],"curies":[{"name":"wp","href":"https:\/\/api.w.org\/{rel}","templated":true}]}}