{"id":167,"date":"2013-11-06T08:42:36","date_gmt":"2013-11-06T06:42:36","guid":{"rendered":"http:\/\/www.dannwollenwirmal.de\/?p=167"},"modified":"2013-11-06T08:42:36","modified_gmt":"2013-11-06T06:42:36","slug":"die-tuer","status":"publish","type":"post","link":"http:\/\/www.dannwollenwirmal.de\/?p=167","title":{"rendered":"Die T\u00fcr"},"content":{"rendered":"<p>Empfehlungen sind eine gute Sache, wenn es um Fachfirmen geht. Bei unserem gro\u00dfen Hausumbau direkt nach dem Kauf 2011 habe ich es geschafft, nur Firmen zu beauftragen, die ich kannte bzw. die mir empfohlen wurden (also f\u00fcr die zwei, drei Kleinigkeiten die ich nicht selber machen konnte \ud83d\ude42 ). Es gab nur eine Ausnahme: Die Firma D. aus U., und daraus resultierend die Geschichte mit der T\u00fcr.<\/p>\n<p>Die Firma D. fiel mir auf einer Immobilien-Messe auf. Wenn eine Firma auf solchen Messen ausstellt, finde ich das immer zweischneidig-sicherlich gibt es auch gute Firmen, die sich dort pr\u00e4sentieren, um einfach pr\u00e4sent zu sein. Bei unbekannteren Firmen wie Dach-King, Isolier-Champion oder wie auch immer bin ich mittlerweile sehr skeptisch. Jedenfalls hatte D. einen Stand und dr\u00fcckte mir ein Prospekt mit Metall-Haust\u00fcren in die Hand. Da nahm das Elend seinen Lauf.<\/p>\n<p>Die Firma hat eine h\u00fcbsche, gro\u00dfe Ausstellungshalle hier in der N\u00e4he und man kann sich dort allerlei T\u00fcren und Tore mit netter Beratung und zu akzeptablen Preisen anschauen. Da die alte Haust\u00fcr ausgetauscht werden sollte bestellten wir Anfang Oktober 2011 eine neue ThermoPro-Haust\u00fcr des Herstellers H\u00f6rmann mit einem passenden Oberlicht, da die alte T\u00fcr\u00f6ffnung h\u00f6her war als die normale T\u00fcrh\u00f6he (Lieblingssatz von Firmen die zum Aufma\u00df kommen: &#8222;Oh, das ist aber kein Standardma\u00df!&#8220;-ich glaube mittlerweile, es <em>gibt<\/em> gar kein Standardma\u00df, allein schon um diesen Satz immer anbringen zu k\u00f6nnen).<\/p>\n<p>Die Lieferzeit sollte 6 Wochen betragen, also etwa Mitte November. Alles im Plan, alles gut. Aber der November ging ins Land und der Dezember brach an (Einzugstermin: Mitte Dezember!). Alle groben Arbeiten (Staub&amp;Dreck) waren mittlerweile erledigt, Tapeten dran, W\u00e4nde gestrichen, B\u00f6den fertig. Nach diversen Anrufen kam dann tats\u00e4chlich in der zweiten Dezemberwoche(!) die T\u00fcr.<\/p>\n<p>Vorgefahren kam ein alter und pottendreckiger Transporter mit Anh\u00e4nger, auf dem neben allerlei Unrat auch die neue T\u00fcr herumwippte. Zwei Monteure waren auch dabei, einer schr\u00e4g grinsend, ein anderer stumm und rauchend.<\/p>\n<p>Zuerst wurde die alte T\u00fcr &#8222;demontiert&#8220;. Zur Erinnerung: Der Hausflur war komplett fertig, und auch schon bis in die N\u00e4he der alten T\u00fcr herantapeziert. Die Demontage war eher ein gewaltsamer Abriss. Das Loch in der Mauer war etwa 1,5mal so gro\u00df wie die T\u00fcr\u00f6ffnung, und die Tapeten gro\u00dfr\u00e4umig abgerissen. Flur, Vorgarten und Garageneinfahrt waren bereits voll von Dreck, Verpackungsmaterial und T\u00fcrresten, als die neue T\u00fcr dann hereingetragen wurde. Die neue Zarge wurde eingesetzt und \u00fcppig eingesch\u00e4umt.<\/p>\n<p>Das T\u00fcrblatt wurde schr\u00e4g mitten in den Flur und halb auf die Treppe gelegt. Eine Bedienungsanleitung wurde ausgebreitet und die &#8218;Monteure&#8216; knieten ohne \u00dcbertreibung etwa drei Stunden fluchend und Bedienungsanleitung-lesend um das T\u00fcrblatt herum. Scheinbar stellten sie irgend etwas am Schloss ein.<\/p>\n<p>Gegen 19 Uhr, nach etwa acht Stunden, war die T\u00fcr dann drin und der Grinsende sagte: &#8222;So, feddich. War wohl ein Metallspann im Schlo\u00df, hat etwas l\u00e4nger gedauert&#8220;. Um die T\u00fcr herum verblieb ein ausgesch\u00e4umtes Loch von etwa zwei handbreit, und auch au\u00dfen wurde keine Fuge gesetzt. (Zum Vergleich: Unsere Hintert\u00fcr wurd von einer anderen Firma in drei Stunden eingebaut, und innen und au\u00dfen perfekt verfugt eingebaut). Im Vorgarten fand ich noch Tage sp\u00e4ter Unterlegpl\u00e4ttchen und Styroporflocken.<\/p>\n<p>Ich musste nun doch einige male bei der Firma anrufen:<\/p>\n<p><strong>Beschwerde 1<\/strong>: Die Hauswand ist ein einziger Krater. Tapete h\u00e4ngt in Fetzen drumherum und Risse bis zur n\u00e4chsten Geschossdecke. Au\u00dfen keine Fuge.<\/p>\n<p><strong>Ausrede 1<\/strong>: Man macht ja eigentlich nie eine Fuge, damit die Feuchtigkeit wieder raus kann. An der anderen T\u00fcr wurde verfugt? Dann ist das <em>nicht fachgerecht<\/em>! Und &#8222;Beiputzarbeiten&#8220; sind ja nicht im Angebot enthalten.<\/p>\n<p><strong>Nachbesserung 1:<\/strong> Nach einigem hin und her kam der grinsende und machte immerhin eine Anschlussfuge au\u00dfen. Auf den Putz- und Tapezierarbeiten drin blieb ich sitzen, w\u00e4re ja auch alles halb so schlimm wenn die T\u00fcr nicht so sp\u00e4t gekommen w\u00e4re.<\/p>\n<p><strong>Beschwerde 2:<\/strong> Ich bin ja nicht pingelig, aber hier zieht&#8217;s doch? Je nachdem wo man gef\u00fchlt hat am Bauschaumparadies zwischen T\u00fcr und Wand, sp\u00fcrte man eindeutig einen kalten Luftzug. Das war nicht so Thermo Pro.<\/p>\n<p><strong>Ausrede 2:<\/strong> Wenn da erst dr\u00fcbergeputzt und tapeziert ist, wird das schon gehen. (Erinnert mich an: Warte ab wenn erstmal Farbe drauf ist)<\/p>\n<p><strong>Nachbesserung 2: <\/strong>Tats\u00e4chlich war das Dichtungsband nicht richtig eingelegt worden. Der grinsende kam, pr\u00f6kelte den kompletten Montageschaum und die Fuge wieder raus und legte das Dichtungsband neu ein.<\/p>\n<p><strong>Beschwerde 3: <\/strong>Die ist doch schief! Wenn man von der Seite auf die Zarge geschaut hat, war diese wirklich auffallend schief. Das T\u00fcrblatt schwang automatisch auf und auch optisch war das Ganze absolut nicht vertretbar.<\/p>\n<p><strong>Ausrede 3:<\/strong> K\u00f6nnte ja gar nicht sein.<\/p>\n<p><strong>Nachbesserung 3:<\/strong> Der grinsende kam, schaute, und sagte folgenden Satz, den ich sicher nie mehr vergessen werde: &#8222;Tats\u00e4chlich. Habe ich da etwa die rote Wasserwaage genommen?&#8220;<\/p>\n<p>Tags drauf kamen der grinsende und der stummrauchende, bauten die komplette T\u00fcr wieder aus und setzten sie (tats\u00e4chlich gerade!) wieder ein. Diesmal brauchten sie immerhin nur rund drei Stunden.<\/p>\n<p>Nun hatte ich es etwas eilig mit den Anschlussarbeiten. Noch am selben Abend habe ich die Putzarbeiten gemacht, am Tag danach tapeziert und dann gestrichen. Putzreste auf der T\u00fcr habe ich mit einem Schwamm entfernt. Ergebnis: Die ganze T\u00fcrinnefl\u00e4che ist nun mit ganz feinen Kratzern und Riefen \u00fcbers\u00e4t. So viel zu der robusten Metallt\u00fcr.<\/p>\n<p><strong>Beschwerde 4: <\/strong>(nach etwa einer Woche) Geht nicht mehr richtig zu und nicht mehr richtig auf. Hakt und schleift und klemmt und knackt.<\/p>\n<p><strong>Ausrede 4: <\/strong>Naja das muss sich erstmal etwas setzen, wird schon wieder&#8230;<\/p>\n<p><strong>Nachbesserung 4: <\/strong>Der Grinsende kam und freute sich: &#8222;Na kein Wunder, die sitzt ja auch zu tief!&#8220; (wer hatte die noch gleich montiert?). Es wurde dann etwas rumgeschraubt und schlie\u00dflich ging&#8217;s.<\/p>\n<p>Nun ist die T\u00fcr seit fast zwei Jahren eingebaut und ich kann mich regelm\u00e4\u00dfig -immer noch- dar\u00fcber \u00e4rgern, zum Beispiel, wenn ich die feinen Kratzer sehe, oder wenn der Schlie\u00dfvorgang witterungsbedingt mal besser und mal schlechter geht, oder auch einfach nur beim Auf- und zuschlie\u00dfen von au\u00dfen, denn der Griff ist so <del>d\u00e4mlich<\/del> ung\u00fcnstig angebracht, dass man den Schl\u00fcssel zwischen Griff und Wand umst\u00e4ndlich ins Schloss fummeln muss.<\/p>\n<p>Aber man gew\u00f6hnt sich an alles! Und rausrei\u00dfen werd ich die T\u00fcr so schnell nicht mehr. Ich und die T\u00fcr, nun, wir haben uns vers\u00f6hnt.<\/p>\n<p>\u00dcbrigens: Die Firma D. aus U. hat neulich bei einem Freund das Balkongel\u00e4nder gemacht. Wartezeit: 10 Monate.<\/p>\n<p><a href=\"https:\/\/i2.wp.com\/www.dannwollenwirmal.de\/wp-content\/uploads\/2013\/11\/tuer.jpg\"><img data-attachment-id=\"171\" data-permalink=\"http:\/\/www.dannwollenwirmal.de\/?attachment_id=171#main\" data-orig-file=\"https:\/\/i2.wp.com\/www.dannwollenwirmal.de\/wp-content\/uploads\/2013\/11\/tuer.jpg?fit=489%2C652\" data-orig-size=\"489,652\" data-comments-opened=\"1\" data-image-meta=\"{&quot;aperture&quot;:&quot;0&quot;,&quot;credit&quot;:&quot;&quot;,&quot;camera&quot;:&quot;&quot;,&quot;caption&quot;:&quot;&quot;,&quot;created_timestamp&quot;:&quot;0&quot;,&quot;copyright&quot;:&quot;&quot;,&quot;focal_length&quot;:&quot;0&quot;,&quot;iso&quot;:&quot;0&quot;,&quot;shutter_speed&quot;:&quot;0&quot;,&quot;title&quot;:&quot;&quot;}\" data-image-title=\"tuer\" data-image-description=\"&lt;p&gt;Haust\u00fcr Thermo Pro&lt;\/p&gt;\n\" data-image-caption=\"\" data-medium-file=\"https:\/\/i2.wp.com\/www.dannwollenwirmal.de\/wp-content\/uploads\/2013\/11\/tuer.jpg?fit=225%2C300\" data-large-file=\"https:\/\/i2.wp.com\/www.dannwollenwirmal.de\/wp-content\/uploads\/2013\/11\/tuer.jpg?fit=489%2C652\" loading=\"lazy\" class=\"alignnone size-full wp-image-171\" alt=\"Haust\u00fcr\" src=\"https:\/\/i2.wp.com\/www.dannwollenwirmal.de\/wp-content\/uploads\/2013\/11\/tuer.jpg?resize=489%2C652\" width=\"489\" height=\"652\" srcset=\"https:\/\/i2.wp.com\/www.dannwollenwirmal.de\/wp-content\/uploads\/2013\/11\/tuer.jpg?w=489 489w, https:\/\/i2.wp.com\/www.dannwollenwirmal.de\/wp-content\/uploads\/2013\/11\/tuer.jpg?resize=225%2C300 225w\" sizes=\"(max-width: 489px) 100vw, 489px\" data-recalc-dims=\"1\" \/><\/a><\/p>\n<p>&nbsp;<\/p>\n<div class=\"sharedaddy sd-sharing-enabled\"><div class=\"robots-nocontent sd-block sd-social sd-social-icon-text sd-sharing\"><h3 class=\"sd-title\">Teilen mit:<\/h3><div class=\"sd-content\"><ul><li class=\"share-email\"><a rel=\"nofollow noopener noreferrer\" data-shared=\"\" class=\"share-email sd-button share-icon\" href=\"http:\/\/www.dannwollenwirmal.de\/?p=167&amp;share=email\" target=\"_blank\" title=\"Klick, um dies einem Freund per E-Mail zu senden\"><span>E-Mail<\/span><\/a><\/li><li class=\"share-print\"><a rel=\"nofollow noopener noreferrer\" data-shared=\"\" class=\"share-print sd-button share-icon\" href=\"http:\/\/www.dannwollenwirmal.de\/?p=167\" target=\"_blank\" title=\"Klicken zum Ausdrucken\"><span>Drucken<\/span><\/a><\/li><li class=\"share-facebook\"><a rel=\"nofollow noopener noreferrer\" data-shared=\"sharing-facebook-167\" class=\"share-facebook sd-button share-icon\" href=\"http:\/\/www.dannwollenwirmal.de\/?p=167&amp;share=facebook\" target=\"_blank\" title=\"Klick, um auf Facebook zu teilen\"><span>Facebook<\/span><\/a><\/li><li class=\"share-twitter\"><a rel=\"nofollow noopener noreferrer\" data-shared=\"sharing-twitter-167\" class=\"share-twitter sd-button share-icon\" href=\"http:\/\/www.dannwollenwirmal.de\/?p=167&amp;share=twitter\" target=\"_blank\" title=\"Klick, um \u00fcber Twitter zu teilen\"><span>Twitter<\/span><\/a><\/li><li class=\"share-pinterest\"><a rel=\"nofollow noopener noreferrer\" data-shared=\"sharing-pinterest-167\" class=\"share-pinterest sd-button share-icon\" href=\"http:\/\/www.dannwollenwirmal.de\/?p=167&amp;share=pinterest\" target=\"_blank\" title=\"Klick, um auf Pinterest zu teilen\"><span>Pinterest<\/span><\/a><\/li><li class=\"share-linkedin\"><a rel=\"nofollow noopener noreferrer\" data-shared=\"sharing-linkedin-167\" class=\"share-linkedin sd-button share-icon\" href=\"http:\/\/www.dannwollenwirmal.de\/?p=167&amp;share=linkedin\" target=\"_blank\" title=\"Klick, um auf LinkedIn zu teilen\"><span>LinkedIn<\/span><\/a><\/li><li class=\"share-end\"><\/li><\/ul><\/div><\/div><\/div>","protected":false},"excerpt":{"rendered":"<p>Empfehlungen sind eine gute Sache, wenn es um Fachfirmen geht. Bei unserem gro\u00dfen Hausumbau direkt nach dem Kauf 2011 habe ich es geschafft, nur Firmen zu beauftragen, die ich kannte bzw. die mir empfohlen wurden (also f\u00fcr die zwei, drei Kleinigkeiten die ich nicht selber machen konnte \ud83d\ude42 ). Es gab nur eine Ausnahme: Die [&hellip;]<\/p>\n<div class=\"sharedaddy sd-sharing-enabled\"><div class=\"robots-nocontent sd-block sd-social sd-social-icon-text sd-sharing\"><h3 class=\"sd-title\">Teilen mit:<\/h3><div class=\"sd-content\"><ul><li class=\"share-email\"><a rel=\"nofollow noopener noreferrer\" data-shared=\"\" class=\"share-email sd-button share-icon\" href=\"http:\/\/www.dannwollenwirmal.de\/?p=167&amp;share=email\" target=\"_blank\" title=\"Klick, um dies einem Freund per E-Mail zu senden\"><span>E-Mail<\/span><\/a><\/li><li class=\"share-print\"><a rel=\"nofollow noopener noreferrer\" data-shared=\"\" class=\"share-print sd-button share-icon\" href=\"http:\/\/www.dannwollenwirmal.de\/?p=167\" target=\"_blank\" title=\"Klicken zum Ausdrucken\"><span>Drucken<\/span><\/a><\/li><li class=\"share-facebook\"><a rel=\"nofollow noopener noreferrer\" data-shared=\"sharing-facebook-167\" class=\"share-facebook sd-button share-icon\" href=\"http:\/\/www.dannwollenwirmal.de\/?p=167&amp;share=facebook\" target=\"_blank\" title=\"Klick, um auf Facebook zu teilen\"><span>Facebook<\/span><\/a><\/li><li class=\"share-twitter\"><a rel=\"nofollow noopener noreferrer\" data-shared=\"sharing-twitter-167\" class=\"share-twitter sd-button share-icon\" href=\"http:\/\/www.dannwollenwirmal.de\/?p=167&amp;share=twitter\" target=\"_blank\" title=\"Klick, um \u00fcber Twitter zu teilen\"><span>Twitter<\/span><\/a><\/li><li class=\"share-pinterest\"><a rel=\"nofollow noopener noreferrer\" data-shared=\"sharing-pinterest-167\" class=\"share-pinterest sd-button share-icon\" href=\"http:\/\/www.dannwollenwirmal.de\/?p=167&amp;share=pinterest\" target=\"_blank\" title=\"Klick, um auf Pinterest zu teilen\"><span>Pinterest<\/span><\/a><\/li><li class=\"share-linkedin\"><a rel=\"nofollow noopener noreferrer\" data-shared=\"sharing-linkedin-167\" class=\"share-linkedin sd-button share-icon\" href=\"http:\/\/www.dannwollenwirmal.de\/?p=167&amp;share=linkedin\" target=\"_blank\" title=\"Klick, um auf LinkedIn zu teilen\"><span>LinkedIn<\/span><\/a><\/li><li class=\"share-end\"><\/li><\/ul><\/div><\/div><\/div>","protected":false},"author":1,"featured_media":0,"comment_status":"open","ping_status":"open","sticky":false,"template":"","format":"standard","meta":{"advanced_seo_description":"","spay_email":"","jetpack_publicize_message":"","jetpack_is_tweetstorm":false,"jetpack_publicize_feature_enabled":true},"categories":[1,35],"tags":[54,53],"jetpack_featured_media_url":"","jetpack_publicize_connections":[],"jetpack_shortlink":"https:\/\/wp.me\/p3WtlO-2H","jetpack_sharing_enabled":true,"jetpack-related-posts":[{"id":1011,"url":"http:\/\/www.dannwollenwirmal.de\/?p=1011","url_meta":{"origin":167,"position":0},"title":"Sommerpause","date":"21. Juni 2015","format":false,"excerpt":"dannwollenwirmal macht Sommerpause! In etwa acht Wochen geht es weiter mit werkeln, bohren, h\u00e4mmern, schmieren und kleben! Um die Wartezeit zu vers\u00fc\u00dfen, mache ich es wie im Fernsehen: Wiederholungen :) Heute gibt es einen Artikel vom November 2013: Die T\u00fcr 6. November 2013 by mohlemeyer Empfehlungen sind eine gute Sache,\u2026","rel":"","context":"In &quot;Allgemein&quot;","img":{"alt_text":"Haust\u00c3\u00bcr","src":"https:\/\/i2.wp.com\/www.dannwollenwirmal.de\/wp-content\/uploads\/2013\/11\/tuer.jpg?resize=350%2C200","width":350,"height":200},"classes":[]},{"id":1979,"url":"http:\/\/www.dannwollenwirmal.de\/?p=1979","url_meta":{"origin":167,"position":1},"title":"Rette sich, wer kann!","date":"2. Juli 2017","format":false,"excerpt":"Ja, so weit das Auge reicht, wird allerorten\u00a0Sommerpause gemacht. Auch bei dannwollenwirmal ist es sicher bald wieder so weit. Tats\u00e4chlich bin ich jetzt eigentlich schon nicht mehr handwerklich aktiv. Im Sommer ist Hochsaison im Hauptberuf, da bleibt wenig Zeit zum Bohren, H\u00e4mmern und S\u00e4gen, aber immerhin noch ein bisschen Zeit\u2026","rel":"","context":"In &quot;Allgemein&quot;","img":{"alt_text":"","src":"","width":0,"height":0},"classes":[]},{"id":1204,"url":"http:\/\/www.dannwollenwirmal.de\/?p=1204","url_meta":{"origin":167,"position":2},"title":"84 Jahre","date":"29. November 2015","format":false,"excerpt":"Daraus, dass ich kein gro\u00dfer Fassaden-D\u00e4mm-Freund bin, habe ich ja hier nie einen Hehl gemacht. Und doch muss ich mich unweigerlich mit der Thematik besch\u00e4ftigen, wenn bei uns n\u00e4chstes Jahr die Dacherneuerung ansteht. Denn nat\u00fcrlich kann ich nicht einfach im Liegestuhl liegen und den Dachdeckern zuprosten, ich nutze nat\u00fcrlich die\u2026","rel":"","context":"In &quot;Allgemein&quot;","img":{"alt_text":"","src":"","width":0,"height":0},"classes":[]},{"id":2204,"url":"http:\/\/www.dannwollenwirmal.de\/?p=2204","url_meta":{"origin":167,"position":3},"title":"Industrial Art","date":"11. M\u00e4rz 2018","format":false,"excerpt":"Gro\u00dfe Projekte stehen vor der T\u00fcr, und was kann es denn sch\u00f6neres geben, liebste Leser, als das hier gemeinsam im Blog zu stemmen? Gib mal den Mottek, G\u00fcnni, pass auf, die Wand kommt! Worum es geht? Wie bereits hier berichtet, sind wir mit der Hauptberufs-Firma im vergangenen Jahr in eine\u2026","rel":"","context":"In &quot;Allgemein&quot;","img":{"alt_text":"","src":"https:\/\/i1.wp.com\/www.dannwollenwirmal.de\/wp-content\/uploads\/2018\/03\/IMG_6250.jpg?resize=350%2C200","width":350,"height":200},"classes":[]},{"id":981,"url":"http:\/\/www.dannwollenwirmal.de\/?p=981","url_meta":{"origin":167,"position":4},"title":"Knusper, knasper! &#8211; wie zwei M\u00e4use&#8230;","date":"17. Mai 2015","format":false,"excerpt":"Regelm\u00e4\u00dfig erhalte ich ja irgendwelche Anfragen zur Kooperation dieses Blogs mit irgendwelchen Firmen und Marketing-Agenturen. Meist ist es das Angebot, vorgefertigte (Werbe)texte hier zu ver\u00f6ffentlichen und Geld daf\u00fcr zu bekommen. Solche Anfragen strafe ich nat\u00fcrlich mit Ignoranz und Verachtung. Ab und zu bekommt man aber auch n\u00fctzliche Sachen, manchmal auch\u2026","rel":"","context":"In &quot;Allgemein&quot;","img":{"alt_text":"","src":"https:\/\/i1.wp.com\/www.dannwollenwirmal.de\/wp-content\/uploads\/2015\/05\/450px-Max_und_Moritz_Busch_078.png?resize=350%2C200","width":350,"height":200},"classes":[]},{"id":1367,"url":"http:\/\/www.dannwollenwirmal.de\/?p=1367","url_meta":{"origin":167,"position":5},"title":"Das Herz sagt ja","date":"6. M\u00e4rz 2016","format":false,"excerpt":"W\u00e4hrend sich meine Stirn beim Suchbegriff der Woche: \"kann eine rauhfasertapete \u00fcbergespachtelt werden\" in tiefe Sorgenfalten legt, verarbeite ich mit der anderen Gehirnh\u00e4lfte noch den Besuch des Putzexperten, denn wie letzte Woche erw\u00e4hnt, hat die Firma Laier mir freundlicherweise einen Au\u00dfendienstmitarbeiter geschickt, der sich das zu sanierende Fassadenobjekt dann besah.\u2026","rel":"","context":"In &quot;Allgemein&quot;","img":{"alt_text":"","src":"https:\/\/i1.wp.com\/www.dannwollenwirmal.de\/wp-content\/uploads\/2016\/03\/IMG_4106.jpg?resize=350%2C200","width":350,"height":200},"classes":[]}],"_links":{"self":[{"href":"http:\/\/www.dannwollenwirmal.de\/index.php?rest_route=\/wp\/v2\/posts\/167"}],"collection":[{"href":"http:\/\/www.dannwollenwirmal.de\/index.php?rest_route=\/wp\/v2\/posts"}],"about":[{"href":"http:\/\/www.dannwollenwirmal.de\/index.php?rest_route=\/wp\/v2\/types\/post"}],"author":[{"embeddable":true,"href":"http:\/\/www.dannwollenwirmal.de\/index.php?rest_route=\/wp\/v2\/users\/1"}],"replies":[{"embeddable":true,"href":"http:\/\/www.dannwollenwirmal.de\/index.php?rest_route=%2Fwp%2Fv2%2Fcomments&post=167"}],"version-history":[{"count":6,"href":"http:\/\/www.dannwollenwirmal.de\/index.php?rest_route=\/wp\/v2\/posts\/167\/revisions"}],"predecessor-version":[{"id":174,"href":"http:\/\/www.dannwollenwirmal.de\/index.php?rest_route=\/wp\/v2\/posts\/167\/revisions\/174"}],"wp:attachment":[{"href":"http:\/\/www.dannwollenwirmal.de\/index.php?rest_route=%2Fwp%2Fv2%2Fmedia&parent=167"}],"wp:term":[{"taxonomy":"category","embeddable":true,"href":"http:\/\/www.dannwollenwirmal.de\/index.php?rest_route=%2Fwp%2Fv2%2Fcategories&post=167"},{"taxonomy":"post_tag","embeddable":true,"href":"http:\/\/www.dannwollenwirmal.de\/index.php?rest_route=%2Fwp%2Fv2%2Ftags&post=167"}],"curies":[{"name":"wp","href":"https:\/\/api.w.org\/{rel}","templated":true}]}}