{"id":1637,"date":"2016-10-02T08:00:58","date_gmt":"2016-10-02T06:00:58","guid":{"rendered":"http:\/\/www.dannwollenwirmal.de\/?p=1637"},"modified":"2016-10-01T18:13:11","modified_gmt":"2016-10-01T16:13:11","slug":"tapeten-raclette","status":"publish","type":"post","link":"http:\/\/www.dannwollenwirmal.de\/?p=1637","title":{"rendered":"Tapeten-Raclette"},"content":{"rendered":"<p>Munter geht es weiter mit der Deckenabh\u00e4ngung, und auch das n\u00e4chste Deckenprojekt steht schon in den Startl\u00f6chern. Muss wohl irgendwie Mode sein!<\/p>\n<p>Die ersten anderthalb R\u00e4ume sind schon beplankt, n\u00e4chste Woche geht es dann mit dem gr\u00f6\u00dften Raum weiter. Ich bin im Moment zeitlich im Hauptberuf etwas eingebunden, daher geht das werkeln nicht so fix wie erhofft. Ein sch\u00f6nes Gimmick wird, denke ich, die Dachlukenverkleidung:<\/p>\n<p><a href=\"https:\/\/i0.wp.com\/www.dannwollenwirmal.de\/wp-content\/uploads\/2016\/10\/IMG_4834.jpg\"><img data-attachment-id=\"1639\" data-permalink=\"http:\/\/www.dannwollenwirmal.de\/?attachment_id=1639#main\" data-orig-file=\"https:\/\/i0.wp.com\/www.dannwollenwirmal.de\/wp-content\/uploads\/2016\/10\/IMG_4834.jpg?fit=652%2C652\" data-orig-size=\"652,652\" data-comments-opened=\"1\" data-image-meta=\"{&quot;aperture&quot;:&quot;2.2&quot;,&quot;credit&quot;:&quot;&quot;,&quot;camera&quot;:&quot;iPhone 6&quot;,&quot;caption&quot;:&quot;&quot;,&quot;created_timestamp&quot;:&quot;1475085405&quot;,&quot;copyright&quot;:&quot;&quot;,&quot;focal_length&quot;:&quot;4.15&quot;,&quot;iso&quot;:&quot;640&quot;,&quot;shutter_speed&quot;:&quot;0.058823529411765&quot;,&quot;title&quot;:&quot;&quot;,&quot;orientation&quot;:&quot;1&quot;}\" data-image-title=\"img_4834\" data-image-description=\"&lt;p&gt;Dachluken-Verkleidung&lt;\/p&gt;\n\" data-image-caption=\"\" data-medium-file=\"https:\/\/i0.wp.com\/www.dannwollenwirmal.de\/wp-content\/uploads\/2016\/10\/IMG_4834.jpg?fit=300%2C300\" data-large-file=\"https:\/\/i0.wp.com\/www.dannwollenwirmal.de\/wp-content\/uploads\/2016\/10\/IMG_4834.jpg?fit=652%2C652\" loading=\"lazy\" class=\"alignnone size-full wp-image-1639\" src=\"https:\/\/i0.wp.com\/www.dannwollenwirmal.de\/wp-content\/uploads\/2016\/10\/IMG_4834.jpg?resize=652%2C652\" alt=\"img_4834\" width=\"652\" height=\"652\" srcset=\"https:\/\/i0.wp.com\/www.dannwollenwirmal.de\/wp-content\/uploads\/2016\/10\/IMG_4834.jpg?w=652 652w, https:\/\/i0.wp.com\/www.dannwollenwirmal.de\/wp-content\/uploads\/2016\/10\/IMG_4834.jpg?resize=150%2C150 150w, https:\/\/i0.wp.com\/www.dannwollenwirmal.de\/wp-content\/uploads\/2016\/10\/IMG_4834.jpg?resize=300%2C300 300w\" sizes=\"(max-width: 652px) 100vw, 652px\" data-recalc-dims=\"1\" \/><\/a><br \/>\n<em>Umrahmung mit CD-Profilen und Ausschnitt f\u00fcr die Dachbodentreppe<\/em><\/p>\n<p>In der alten Decke ist eine Dachbodentreppe. Da die neue Decke etwa f\u00fcnf Zentimeter tiefer wird, habe ich mir f\u00fcr die Treppenluke eine Verkleidung mit einer Kunststoffplatte ausgedacht. In der GK-Decke wird dementsprechend eine \u00d6ffnung frei gelassen und die Platte dann per Magneten einfach auf die Bodenklappe geklickt. Das ist dann leicht und einfach abzunehmen und nach Benutzung der Treppe wieder anzubringen. Mit dem #builtwithBosch Bosch-Multicutter (richtig, es sind immer noch Testwochen) habe ich am CD-Profil entlanggeschnitten; das ist allerdings beim ersten mal etwas wellig geworden (das r\u00e4cht sich dann beim Spachteln), da w\u00e4re ich mit der kleinen Gipskartons\u00e4ge eventuell besser dran gewesen; ist aber vermutlich eine Gew\u00f6hnungssache.<\/p>\n<p>Gute Dienste leistete der Cutter mal wieder beim nachtr\u00e4glichen Schlitzen f\u00fcr Antennen- und Elektroleitungen:<\/p>\n<p><a href=\"https:\/\/i0.wp.com\/www.dannwollenwirmal.de\/wp-content\/uploads\/2016\/10\/IMG_4831.jpg\"><img data-attachment-id=\"1640\" data-permalink=\"http:\/\/www.dannwollenwirmal.de\/?attachment_id=1640#main\" data-orig-file=\"https:\/\/i0.wp.com\/www.dannwollenwirmal.de\/wp-content\/uploads\/2016\/10\/IMG_4831.jpg?fit=652%2C652\" data-orig-size=\"652,652\" data-comments-opened=\"1\" data-image-meta=\"{&quot;aperture&quot;:&quot;2.2&quot;,&quot;credit&quot;:&quot;&quot;,&quot;camera&quot;:&quot;iPhone 6&quot;,&quot;caption&quot;:&quot;&quot;,&quot;created_timestamp&quot;:&quot;1475085373&quot;,&quot;copyright&quot;:&quot;&quot;,&quot;focal_length&quot;:&quot;4.15&quot;,&quot;iso&quot;:&quot;250&quot;,&quot;shutter_speed&quot;:&quot;0.058823529411765&quot;,&quot;title&quot;:&quot;&quot;,&quot;orientation&quot;:&quot;1&quot;}\" data-image-title=\"img_4831\" data-image-description=\"&lt;p&gt;Elektro Schlitz &lt;\/p&gt;\n\" data-image-caption=\"\" data-medium-file=\"https:\/\/i0.wp.com\/www.dannwollenwirmal.de\/wp-content\/uploads\/2016\/10\/IMG_4831.jpg?fit=300%2C300\" data-large-file=\"https:\/\/i0.wp.com\/www.dannwollenwirmal.de\/wp-content\/uploads\/2016\/10\/IMG_4831.jpg?fit=652%2C652\" loading=\"lazy\" class=\"alignnone size-full wp-image-1640\" src=\"https:\/\/i0.wp.com\/www.dannwollenwirmal.de\/wp-content\/uploads\/2016\/10\/IMG_4831.jpg?resize=652%2C652\" alt=\"img_4831\" width=\"652\" height=\"652\" srcset=\"https:\/\/i0.wp.com\/www.dannwollenwirmal.de\/wp-content\/uploads\/2016\/10\/IMG_4831.jpg?w=652 652w, https:\/\/i0.wp.com\/www.dannwollenwirmal.de\/wp-content\/uploads\/2016\/10\/IMG_4831.jpg?resize=150%2C150 150w, https:\/\/i0.wp.com\/www.dannwollenwirmal.de\/wp-content\/uploads\/2016\/10\/IMG_4831.jpg?resize=300%2C300 300w\" sizes=\"(max-width: 652px) 100vw, 652px\" data-recalc-dims=\"1\" \/><\/a><br \/>\n<em>Schlitz f\u00fcr Leitungen<\/em><\/p>\n<p>Der Hit war allerdings der breite Messer-Aufsatz zum Entfernen von Tapeten! Im Bereich der neuen Schlitze habe ich ja erst die Tapeten entfernt, um die Schlitze dann nachher wieder sauber verspachteln zu k\u00f6nnen. Mit dem oszillierenden Messer einmal unter die Tapete gegriffen, da ging sie dahin, und das schnell, elegant und pr\u00e4zise. Ob das bei allen Tapeten- Wand- und Kleisterarten so gut funktioniert, werde ich erst feststellen, wenn ich bei allen Freunden und Bekannten einen Probe-Quadratmeter Tapete entfernt habe. Oder hat jemand aus der Leserschaft Interesse? Ich werde dann hier (auch \u00fcber die Reaktionen) berichten.<\/p>\n<p>Ansonsten habe ich mittlerweile einen effizienten Weg gefunden, wenn es um Direktabh\u00e4nger geht: Zun\u00e4chst rundherum die UD-Profile anbringen (Laser!), dann die CD-Profile alle passend in die UD&#8217;s einlegen und hinschieben (das erste 20-25 cm von der Wand und dann von der Wand aus in 50cm-Schritten); dabei die CDs an einem Ende etwas mit der\u00a0 Blechschere anschr\u00e4gen, dann verkanten sie nicht in den UDs. Als n\u00e4chstes die Direktabh\u00e4nger \u00fcber die CDs schieben und festschrauben; dann runterbiegen, die CDs per Laser justieren und mit <em>Profilverbindungsschrauben<\/em> befestigen. War das jetzt zu wirr?! Geht jedenfalls genau so schnell wie die Erkl\u00e4rung \ud83d\ude09<\/p>\n<p><a href=\"https:\/\/i2.wp.com\/www.dannwollenwirmal.de\/wp-content\/uploads\/2016\/10\/IMG_4832.jpg\"><img data-attachment-id=\"1641\" data-permalink=\"http:\/\/www.dannwollenwirmal.de\/?attachment_id=1641#main\" data-orig-file=\"https:\/\/i2.wp.com\/www.dannwollenwirmal.de\/wp-content\/uploads\/2016\/10\/IMG_4832.jpg?fit=652%2C652\" data-orig-size=\"652,652\" data-comments-opened=\"1\" data-image-meta=\"{&quot;aperture&quot;:&quot;2.2&quot;,&quot;credit&quot;:&quot;&quot;,&quot;camera&quot;:&quot;iPhone 6&quot;,&quot;caption&quot;:&quot;&quot;,&quot;created_timestamp&quot;:&quot;1475085379&quot;,&quot;copyright&quot;:&quot;&quot;,&quot;focal_length&quot;:&quot;4.15&quot;,&quot;iso&quot;:&quot;320&quot;,&quot;shutter_speed&quot;:&quot;0.058823529411765&quot;,&quot;title&quot;:&quot;&quot;,&quot;orientation&quot;:&quot;1&quot;}\" data-image-title=\"img_4832\" data-image-description=\"&lt;p&gt;Direktabh\u00e4nger&lt;\/p&gt;\n\" data-image-caption=\"\" data-medium-file=\"https:\/\/i2.wp.com\/www.dannwollenwirmal.de\/wp-content\/uploads\/2016\/10\/IMG_4832.jpg?fit=300%2C300\" data-large-file=\"https:\/\/i2.wp.com\/www.dannwollenwirmal.de\/wp-content\/uploads\/2016\/10\/IMG_4832.jpg?fit=652%2C652\" loading=\"lazy\" class=\"alignnone size-full wp-image-1641\" src=\"https:\/\/i2.wp.com\/www.dannwollenwirmal.de\/wp-content\/uploads\/2016\/10\/IMG_4832.jpg?resize=652%2C652\" alt=\"img_4832\" width=\"652\" height=\"652\" srcset=\"https:\/\/i2.wp.com\/www.dannwollenwirmal.de\/wp-content\/uploads\/2016\/10\/IMG_4832.jpg?w=652 652w, https:\/\/i2.wp.com\/www.dannwollenwirmal.de\/wp-content\/uploads\/2016\/10\/IMG_4832.jpg?resize=150%2C150 150w, https:\/\/i2.wp.com\/www.dannwollenwirmal.de\/wp-content\/uploads\/2016\/10\/IMG_4832.jpg?resize=300%2C300 300w\" sizes=\"(max-width: 652px) 100vw, 652px\" data-recalc-dims=\"1\" \/><\/a><br \/>\n<em>Direktabh\u00e4nger in Aktion<\/em><\/p>\n<p>So, nun will ich mal losziehen und mit dem Multicutter ein paar Tapeten abl\u00f6sen! Eigentlich k\u00f6nnte ich ja bei uns im Wohnzimmer mal anfangen, da ist heute Raclette-Abend, das dauert ja sowieso immer so lange mit den Pf\u00e4nnchen, warum also nicht zwischendurch mal die Leistungsf\u00e4higkeit des neuen Werkzeugs pr\u00e4sentieren?<\/p>\n<p>Mahlzeit!<\/p>\n<p>&nbsp;<\/p>\n<div class=\"sharedaddy sd-sharing-enabled\"><div class=\"robots-nocontent sd-block sd-social sd-social-icon-text sd-sharing\"><h3 class=\"sd-title\">Teilen mit:<\/h3><div class=\"sd-content\"><ul><li class=\"share-email\"><a rel=\"nofollow noopener noreferrer\" data-shared=\"\" class=\"share-email sd-button share-icon\" href=\"http:\/\/www.dannwollenwirmal.de\/?p=1637&amp;share=email\" target=\"_blank\" title=\"Klick, um dies einem Freund per E-Mail zu senden\"><span>E-Mail<\/span><\/a><\/li><li class=\"share-print\"><a rel=\"nofollow noopener noreferrer\" data-shared=\"\" class=\"share-print sd-button share-icon\" href=\"http:\/\/www.dannwollenwirmal.de\/?p=1637\" target=\"_blank\" title=\"Klicken zum Ausdrucken\"><span>Drucken<\/span><\/a><\/li><li class=\"share-facebook\"><a rel=\"nofollow noopener noreferrer\" data-shared=\"sharing-facebook-1637\" class=\"share-facebook sd-button share-icon\" href=\"http:\/\/www.dannwollenwirmal.de\/?p=1637&amp;share=facebook\" target=\"_blank\" title=\"Klick, um auf Facebook zu teilen\"><span>Facebook<\/span><\/a><\/li><li class=\"share-twitter\"><a rel=\"nofollow noopener noreferrer\" data-shared=\"sharing-twitter-1637\" class=\"share-twitter sd-button share-icon\" href=\"http:\/\/www.dannwollenwirmal.de\/?p=1637&amp;share=twitter\" target=\"_blank\" title=\"Klick, um \u00fcber Twitter zu teilen\"><span>Twitter<\/span><\/a><\/li><li class=\"share-pinterest\"><a rel=\"nofollow noopener noreferrer\" data-shared=\"sharing-pinterest-1637\" class=\"share-pinterest sd-button share-icon\" href=\"http:\/\/www.dannwollenwirmal.de\/?p=1637&amp;share=pinterest\" target=\"_blank\" title=\"Klick, um auf Pinterest zu teilen\"><span>Pinterest<\/span><\/a><\/li><li class=\"share-linkedin\"><a rel=\"nofollow noopener noreferrer\" data-shared=\"sharing-linkedin-1637\" class=\"share-linkedin sd-button share-icon\" href=\"http:\/\/www.dannwollenwirmal.de\/?p=1637&amp;share=linkedin\" target=\"_blank\" title=\"Klick, um auf LinkedIn zu teilen\"><span>LinkedIn<\/span><\/a><\/li><li class=\"share-end\"><\/li><\/ul><\/div><\/div><\/div>","protected":false},"excerpt":{"rendered":"<p>Munter geht es weiter mit der Deckenabh\u00e4ngung, und auch das n\u00e4chste Deckenprojekt steht schon in den Startl\u00f6chern. Muss wohl irgendwie Mode sein! Die ersten anderthalb R\u00e4ume sind schon beplankt, n\u00e4chste Woche geht es dann mit dem gr\u00f6\u00dften Raum weiter. Ich bin im Moment zeitlich im Hauptberuf etwas eingebunden, daher geht das werkeln nicht so fix [&hellip;]<\/p>\n<div class=\"sharedaddy sd-sharing-enabled\"><div class=\"robots-nocontent sd-block sd-social sd-social-icon-text sd-sharing\"><h3 class=\"sd-title\">Teilen mit:<\/h3><div class=\"sd-content\"><ul><li class=\"share-email\"><a rel=\"nofollow noopener noreferrer\" data-shared=\"\" class=\"share-email sd-button share-icon\" href=\"http:\/\/www.dannwollenwirmal.de\/?p=1637&amp;share=email\" target=\"_blank\" title=\"Klick, um dies einem Freund per E-Mail zu senden\"><span>E-Mail<\/span><\/a><\/li><li class=\"share-print\"><a rel=\"nofollow noopener noreferrer\" data-shared=\"\" class=\"share-print sd-button share-icon\" href=\"http:\/\/www.dannwollenwirmal.de\/?p=1637\" target=\"_blank\" title=\"Klicken zum Ausdrucken\"><span>Drucken<\/span><\/a><\/li><li class=\"share-facebook\"><a rel=\"nofollow noopener noreferrer\" data-shared=\"sharing-facebook-1637\" class=\"share-facebook sd-button share-icon\" href=\"http:\/\/www.dannwollenwirmal.de\/?p=1637&amp;share=facebook\" target=\"_blank\" title=\"Klick, um auf Facebook zu teilen\"><span>Facebook<\/span><\/a><\/li><li class=\"share-twitter\"><a rel=\"nofollow noopener noreferrer\" data-shared=\"sharing-twitter-1637\" class=\"share-twitter sd-button share-icon\" href=\"http:\/\/www.dannwollenwirmal.de\/?p=1637&amp;share=twitter\" target=\"_blank\" title=\"Klick, um \u00fcber Twitter zu teilen\"><span>Twitter<\/span><\/a><\/li><li class=\"share-pinterest\"><a rel=\"nofollow noopener noreferrer\" data-shared=\"sharing-pinterest-1637\" class=\"share-pinterest sd-button share-icon\" href=\"http:\/\/www.dannwollenwirmal.de\/?p=1637&amp;share=pinterest\" target=\"_blank\" title=\"Klick, um auf Pinterest zu teilen\"><span>Pinterest<\/span><\/a><\/li><li class=\"share-linkedin\"><a rel=\"nofollow noopener noreferrer\" data-shared=\"sharing-linkedin-1637\" class=\"share-linkedin sd-button share-icon\" href=\"http:\/\/www.dannwollenwirmal.de\/?p=1637&amp;share=linkedin\" target=\"_blank\" title=\"Klick, um auf LinkedIn zu teilen\"><span>LinkedIn<\/span><\/a><\/li><li class=\"share-end\"><\/li><\/ul><\/div><\/div><\/div>","protected":false},"author":1,"featured_media":0,"comment_status":"open","ping_status":"open","sticky":false,"template":"","format":"standard","meta":{"advanced_seo_description":"","spay_email":"","jetpack_publicize_message":"","jetpack_is_tweetstorm":false,"jetpack_publicize_feature_enabled":true},"categories":[1,26,62,15],"tags":[403,416,405,415,94],"jetpack_featured_media_url":"","jetpack_publicize_connections":[],"jetpack_shortlink":"https:\/\/wp.me\/p3WtlO-qp","jetpack_sharing_enabled":true,"jetpack-related-posts":[{"id":1686,"url":"http:\/\/www.dannwollenwirmal.de\/?p=1686","url_meta":{"origin":1637,"position":0},"title":"Patent","date":"6. November 2016","format":false,"excerpt":"Wer kennt es nicht? Da will man eine Decke abh\u00e4ngen, ist da pl\u00f6tzlich eine Dachbodentreppe im Weg. Das neue Deckenniveau ist dann sp\u00e4ter tiefer als das Klappenniveau. Dachbodentreppenklappenh\u00f6henniveau. W\u00e4re nicht schlecht f\u00fcr Scrabble, passt aber gar nicht auf's Feld. Einfassung Wie ich die Einfassung drumrum gemacht habe, wurde ja schon\u2026","rel":"","context":"In &quot;Allgemein&quot;","img":{"alt_text":"","src":"https:\/\/i0.wp.com\/www.dannwollenwirmal.de\/wp-content\/uploads\/2016\/11\/IMG_4950.jpg?resize=350%2C200","width":350,"height":200},"classes":[]},{"id":942,"url":"http:\/\/www.dannwollenwirmal.de\/?p=942","url_meta":{"origin":1637,"position":1},"title":"Einfach nur mal ein bisschen abh\u00e4ngen&#8230;","date":"19. April 2015","format":false,"excerpt":"Munter weiter geht es bei den Bau(markt)rettern und dem Kapitel: Trockenbaudecken. Die Holzbalkendecken waren ja mit einer Holzkonstruktion und formsch\u00f6ner Vert\u00e4felung abgeh\u00e4ngt. Diese wurde entfernt und nun geht es auf gut 100 m\u00b2 darum, die Decken mit Gipskarton zu bekleiden und dann mit einem Reibeputz zu versehen, \u00e4hnlich wie ich\u2026","rel":"","context":"In &quot;Allgemein&quot;","img":{"alt_text":"","src":"https:\/\/i0.wp.com\/www.dannwollenwirmal.de\/wp-content\/uploads\/2015\/04\/IMG_3395.jpg?resize=350%2C200","width":350,"height":200},"classes":[]},{"id":2117,"url":"http:\/\/www.dannwollenwirmal.de\/?p=2117","url_meta":{"origin":1637,"position":2},"title":"Freischwinger","date":"10. Dezember 2017","format":false,"excerpt":"Auch wenn der Suchbegriff \"Gipskarton auf Holzlatten Dichtung\" mich kurz hat \u00fcberlegen lassen, ob ich nun was \u00fcber Gipskarton auf Holzlatten dichten soll (Lass das mit der Latte sein, Profil kommt in die Decke rein! Magst Du diese nicht, was solls - nimm halt doch dein krummes Holz), geht es\u2026","rel":"","context":"In &quot;Allgemein&quot;","img":{"alt_text":"","src":"https:\/\/i1.wp.com\/www.dannwollenwirmal.de\/wp-content\/uploads\/2017\/12\/IMG_5965-2-1024x1024.jpg?resize=350%2C200","width":350,"height":200},"classes":[]},{"id":885,"url":"http:\/\/www.dannwollenwirmal.de\/?p=885","url_meta":{"origin":1637,"position":3},"title":"Nasszellentrockenbau","date":"8. M\u00e4rz 2015","format":false,"excerpt":"Heiter geht es weiter im Badezimmer der Tr\u00e4ume. Nachdem beim letzten mal die W\u00e4nde und Fliesen entfernt und die Au\u00dfenw\u00e4nde verputzt wurden, geht es nun an den Trockenbau. Es sollte eine neue Trennwand mit T\u00fcr\u00f6ffnung installiert werden, au\u00dferdem hat man sich entschlossen, die Decke abzuh\u00e4ngen. Die Decke h\u00e4tte ich ehrlicherweise\u2026","rel":"","context":"In &quot;Allgemein&quot;","img":{"alt_text":"","src":"https:\/\/i1.wp.com\/www.dannwollenwirmal.de\/wp-content\/uploads\/2015\/03\/IMG_3293.jpg?resize=350%2C200","width":350,"height":200},"classes":[]},{"id":1624,"url":"http:\/\/www.dannwollenwirmal.de\/?p=1624","url_meta":{"origin":1637,"position":4},"title":"Bewegte Bilder","date":"25. September 2016","format":false,"excerpt":"Unverhofft kommt oft, und so bin ich , eh ich's mich versehe, direkt im n\u00e4chsten Projekt. Das hatte ich doch f\u00fcr den Herbst geplant? Ups, ist ja schon Herbst. Kommt ja genau so pl\u00f6tzlich wie Weihnachten! F\u00fcr die Zweiwochenbadfamilie trage ich n\u00e4mlich zur Versch\u00f6nerung des Wohnraums bei und h\u00e4nge in\u2026","rel":"","context":"In &quot;Allgemein&quot;","img":{"alt_text":"","src":"https:\/\/i1.wp.com\/www.dannwollenwirmal.de\/wp-content\/uploads\/2016\/09\/IMG_4810.jpg?resize=350%2C200","width":350,"height":200},"classes":[]},{"id":2138,"url":"http:\/\/www.dannwollenwirmal.de\/?p=2138","url_meta":{"origin":1637,"position":5},"title":"Krawall im Pferdestall","date":"7. Januar 2018","format":false,"excerpt":"Frohes Neues Jahr, liebste Leser, S\u00e4ger, Schrauber, Kommentierer und (Ver)Zweifler! Ich hoffe ihr seid genau so gut \"reingekommen\" wie ich und habt die Silvesternacht anstatt mit zielloser Knallerei mit entsprechenden Ausbaut\u00e4tigkeiten verbracht. B\u00f6llern kann jeder, aber wenn man um 23:12 anf\u00e4ngt, an einer mittleren Wand herumzustemmen, st\u00fctzt um Punkt 12\u2026","rel":"","context":"In &quot;Allgemein&quot;","img":{"alt_text":"","src":"https:\/\/i1.wp.com\/www.dannwollenwirmal.de\/wp-content\/uploads\/2018\/01\/IMG_6003.jpg?resize=350%2C200","width":350,"height":200},"classes":[]}],"_links":{"self":[{"href":"http:\/\/www.dannwollenwirmal.de\/index.php?rest_route=\/wp\/v2\/posts\/1637"}],"collection":[{"href":"http:\/\/www.dannwollenwirmal.de\/index.php?rest_route=\/wp\/v2\/posts"}],"about":[{"href":"http:\/\/www.dannwollenwirmal.de\/index.php?rest_route=\/wp\/v2\/types\/post"}],"author":[{"embeddable":true,"href":"http:\/\/www.dannwollenwirmal.de\/index.php?rest_route=\/wp\/v2\/users\/1"}],"replies":[{"embeddable":true,"href":"http:\/\/www.dannwollenwirmal.de\/index.php?rest_route=%2Fwp%2Fv2%2Fcomments&post=1637"}],"version-history":[{"count":2,"href":"http:\/\/www.dannwollenwirmal.de\/index.php?rest_route=\/wp\/v2\/posts\/1637\/revisions"}],"predecessor-version":[{"id":1642,"href":"http:\/\/www.dannwollenwirmal.de\/index.php?rest_route=\/wp\/v2\/posts\/1637\/revisions\/1642"}],"wp:attachment":[{"href":"http:\/\/www.dannwollenwirmal.de\/index.php?rest_route=%2Fwp%2Fv2%2Fmedia&parent=1637"}],"wp:term":[{"taxonomy":"category","embeddable":true,"href":"http:\/\/www.dannwollenwirmal.de\/index.php?rest_route=%2Fwp%2Fv2%2Fcategories&post=1637"},{"taxonomy":"post_tag","embeddable":true,"href":"http:\/\/www.dannwollenwirmal.de\/index.php?rest_route=%2Fwp%2Fv2%2Ftags&post=1637"}],"curies":[{"name":"wp","href":"https:\/\/api.w.org\/{rel}","templated":true}]}}