{"id":1585,"date":"2016-09-04T08:00:13","date_gmt":"2016-09-04T06:00:13","guid":{"rendered":"http:\/\/www.dannwollenwirmal.de\/?p=1585"},"modified":"2016-09-03T17:52:13","modified_gmt":"2016-09-03T15:52:13","slug":"von-spinnen-schwedenbaedern-diamanten-und-neuen-taten","status":"publish","type":"post","link":"http:\/\/www.dannwollenwirmal.de\/?p=1585","title":{"rendered":"Von Spinnen, Schwedenb\u00e4dern, Diamanten und neuen Taten"},"content":{"rendered":"<p>Seid gegr\u00fc\u00dft, liebe Spachtler, Gipser, Sch\u00e4umer, S\u00e4ger, Pfuscher, Meister, Dengler und Silikonisierer, was habe ich Euch vermisst; Euch, und den wohligen Geruch von verbranntem Holz der zu schnellen Stichs\u00e4ge, dem Duft von Bauschaum am Morgen und das wohlige Jucken des Bremsenreinigers am Wadenbein! Ja, sp\u00e4testens, wenn ich &#8222;Fanpost&#8220; kriege, wann denn wohl die Sommerpause vorbei w\u00e4re, wird es Zeit, den Stechbeitel zu z\u00fccken und weiterzuwerkeln! M\u00fc\u00dfiggang hat noch keinem gut getan! (Oder doch?) Mit Erschrecken musste ich feststellen, dass meine Werkstatt-T\u00fcr bereits von einem Spinnnennetz bespannt war:<\/p>\n<p><a href=\"https:\/\/i2.wp.com\/www.dannwollenwirmal.de\/wp-content\/uploads\/2016\/08\/IMG_4731.jpg\"><img data-attachment-id=\"1590\" data-permalink=\"http:\/\/www.dannwollenwirmal.de\/?attachment_id=1590#main\" data-orig-file=\"https:\/\/i2.wp.com\/www.dannwollenwirmal.de\/wp-content\/uploads\/2016\/08\/IMG_4731.jpg?fit=652%2C652\" data-orig-size=\"652,652\" data-comments-opened=\"1\" data-image-meta=\"{&quot;aperture&quot;:&quot;2.2&quot;,&quot;credit&quot;:&quot;&quot;,&quot;camera&quot;:&quot;iPhone 6&quot;,&quot;caption&quot;:&quot;&quot;,&quot;created_timestamp&quot;:&quot;1472396728&quot;,&quot;copyright&quot;:&quot;&quot;,&quot;focal_length&quot;:&quot;4.15&quot;,&quot;iso&quot;:&quot;32&quot;,&quot;shutter_speed&quot;:&quot;0.03030303030303&quot;,&quot;title&quot;:&quot;&quot;,&quot;orientation&quot;:&quot;1&quot;}\" data-image-title=\"IMG_4731\" data-image-description=\"&lt;p&gt;Werkstatt Spinnennetz&lt;\/p&gt;\n\" data-image-caption=\"\" data-medium-file=\"https:\/\/i2.wp.com\/www.dannwollenwirmal.de\/wp-content\/uploads\/2016\/08\/IMG_4731.jpg?fit=300%2C300\" data-large-file=\"https:\/\/i2.wp.com\/www.dannwollenwirmal.de\/wp-content\/uploads\/2016\/08\/IMG_4731.jpg?fit=652%2C652\" loading=\"lazy\" class=\"alignnone size-full wp-image-1590\" src=\"https:\/\/i2.wp.com\/www.dannwollenwirmal.de\/wp-content\/uploads\/2016\/08\/IMG_4731.jpg?resize=652%2C652\" alt=\"IMG_4731\" width=\"652\" height=\"652\" srcset=\"https:\/\/i2.wp.com\/www.dannwollenwirmal.de\/wp-content\/uploads\/2016\/08\/IMG_4731.jpg?w=652 652w, https:\/\/i2.wp.com\/www.dannwollenwirmal.de\/wp-content\/uploads\/2016\/08\/IMG_4731.jpg?resize=150%2C150 150w, https:\/\/i2.wp.com\/www.dannwollenwirmal.de\/wp-content\/uploads\/2016\/08\/IMG_4731.jpg?resize=300%2C300 300w\" sizes=\"(max-width: 652px) 100vw, 652px\" data-recalc-dims=\"1\" \/><\/a><br \/>\n<em>Hier war wohl l\u00e4nger niemand drin?<\/em><\/p>\n<p>&nbsp;<\/p>\n<p>Was ist in der Zwischenzeit passiert? Bei Euch alles gut? Die bisherigen dannwollenwirmal-Projekte alle brav nochmal nachgebaut? Ich habe viel im Hauptberuf gearbeitet, war aber auch mit der Mishpoke knapp zwei Wochen in Schweden. Und ja, das Ferienh\u00e4uschen habe ich <em>nat\u00fcrlich<\/em> <a href=\"http:\/\/www.dannwollenwirmal.de\/?p=531\"><strong>umgebaut<\/strong><\/a> und ich konnte den Schweden auch einige wertvolle Tips geben, um ihren, naja, etwas primitiven Standard aufzubessern. Der Waldbewohner wei\u00df es doch aber auch wirklich nicht besser! So kann man durchaus die Au\u00dfenleiter der Hauszuleitung br\u00fccken und hat dann \u00fcberall h\u00fcbsche 400 Volt! Meine dort in der ersten Woche installierte Fu\u00dfbodenheizung war jedenfalls Ruckzuck auf gut 700 Grad, also frieren mussten wir da wirklich nicht. Das mit dem Fernseher wird wohl die Haftpflicht regeln.<\/p>\n<p><a href=\"https:\/\/i0.wp.com\/www.dannwollenwirmal.de\/wp-content\/uploads\/2016\/08\/IMG_4644.jpg\"><img data-attachment-id=\"1591\" data-permalink=\"http:\/\/www.dannwollenwirmal.de\/?attachment_id=1591#main\" data-orig-file=\"https:\/\/i0.wp.com\/www.dannwollenwirmal.de\/wp-content\/uploads\/2016\/08\/IMG_4644.jpg?fit=652%2C652\" data-orig-size=\"652,652\" data-comments-opened=\"1\" data-image-meta=\"{&quot;aperture&quot;:&quot;2.2&quot;,&quot;credit&quot;:&quot;&quot;,&quot;camera&quot;:&quot;iPhone 6&quot;,&quot;caption&quot;:&quot;&quot;,&quot;created_timestamp&quot;:&quot;1470770558&quot;,&quot;copyright&quot;:&quot;&quot;,&quot;focal_length&quot;:&quot;4.15&quot;,&quot;iso&quot;:&quot;640&quot;,&quot;shutter_speed&quot;:&quot;0.058823529411765&quot;,&quot;title&quot;:&quot;&quot;,&quot;orientation&quot;:&quot;1&quot;}\" data-image-title=\"IMG_4644\" data-image-description=\"\" data-image-caption=\"\" data-medium-file=\"https:\/\/i0.wp.com\/www.dannwollenwirmal.de\/wp-content\/uploads\/2016\/08\/IMG_4644.jpg?fit=300%2C300\" data-large-file=\"https:\/\/i0.wp.com\/www.dannwollenwirmal.de\/wp-content\/uploads\/2016\/08\/IMG_4644.jpg?fit=652%2C652\" loading=\"lazy\" class=\"alignnone size-full wp-image-1591\" src=\"https:\/\/i0.wp.com\/www.dannwollenwirmal.de\/wp-content\/uploads\/2016\/08\/IMG_4644.jpg?resize=652%2C652\" alt=\"IMG_4644\" width=\"652\" height=\"652\" srcset=\"https:\/\/i0.wp.com\/www.dannwollenwirmal.de\/wp-content\/uploads\/2016\/08\/IMG_4644.jpg?w=652 652w, https:\/\/i0.wp.com\/www.dannwollenwirmal.de\/wp-content\/uploads\/2016\/08\/IMG_4644.jpg?resize=150%2C150 150w, https:\/\/i0.wp.com\/www.dannwollenwirmal.de\/wp-content\/uploads\/2016\/08\/IMG_4644.jpg?resize=300%2C300 300w\" sizes=\"(max-width: 652px) 100vw, 652px\" data-recalc-dims=\"1\" \/><\/a><br \/>\n<em>Das schwedische Bad<br \/>\n<\/em><\/p>\n<p>Was ich allerdings noch kurz schildern muss, ganz ohne Flachs, ist das <em>Badezimmer<\/em>. Ich wei\u00df nicht, ob das immer so ist, aber dieses Exemplar war gef\u00fchlt 0,8 Quadratmeter gro\u00df, die H\u00e4lfte davon mit Dachschr\u00e4ge. Der Raum war also faktisch ein einziger Drempel. Beleuchtet wurde die Kemenate mit einer Energiesparlampe, die man am Besten schon am Vorabend einschalten sollte, um sich bei der Morgentoilette halbwegs im D\u00e4mmerlicht orientieren zu k\u00f6nnen. Die Rasur vor dem Spiegel erfolgt idealerweise kniend oder mindestens tief gebeugt.<\/p>\n<p>Das Highlight ist aber die Dusche: Duschbrause und Abfluss sind mitten in dem mikroskopischen Raum, der zu diesem Zweck an W\u00e4nden und Boden mit einer gummiartigen Beschichtung ausgeschlagen ist. M\u00f6chte man also Duschen, entfernt man zun\u00e4chst alle wasserempfindlichen Gegenst\u00e4nde (Badteppich, Handt\u00fccher, Toilettenpapier) aus dem Raum und kann dann die Wasserschlacht starten. Ein Teil des Wassers wird zum Gl\u00fcck durch den kr\u00e4ftigen L\u00fcfter (den habt ihr vielleicht hier geh\u00f6rt) nach drau\u00dfen geblasen. Auf jeden Fall ein Erlebnis!<\/p>\n<p><a href=\"https:\/\/i2.wp.com\/www.dannwollenwirmal.de\/wp-content\/uploads\/2016\/08\/IMG_4725.jpg\"><img data-attachment-id=\"1592\" data-permalink=\"http:\/\/www.dannwollenwirmal.de\/?attachment_id=1592#main\" data-orig-file=\"https:\/\/i0.wp.com\/www.dannwollenwirmal.de\/wp-content\/uploads\/2016\/08\/IMG_4725-e1472586703955.jpg?fit=652%2C652\" data-orig-size=\"652,652\" data-comments-opened=\"1\" data-image-meta=\"{&quot;aperture&quot;:&quot;2.2&quot;,&quot;credit&quot;:&quot;&quot;,&quot;camera&quot;:&quot;iPhone 6&quot;,&quot;caption&quot;:&quot;&quot;,&quot;created_timestamp&quot;:&quot;1471982626&quot;,&quot;copyright&quot;:&quot;&quot;,&quot;focal_length&quot;:&quot;4.15&quot;,&quot;iso&quot;:&quot;250&quot;,&quot;shutter_speed&quot;:&quot;0.058823529411765&quot;,&quot;title&quot;:&quot;&quot;,&quot;orientation&quot;:&quot;1&quot;}\" data-image-title=\"IMG_4725\" data-image-description=\"&lt;p&gt;Bosch Multi-Cutter&lt;\/p&gt;\n\" data-image-caption=\"\" data-medium-file=\"https:\/\/i0.wp.com\/www.dannwollenwirmal.de\/wp-content\/uploads\/2016\/08\/IMG_4725-e1472586703955.jpg?fit=300%2C300\" data-large-file=\"https:\/\/i0.wp.com\/www.dannwollenwirmal.de\/wp-content\/uploads\/2016\/08\/IMG_4725-e1472586703955.jpg?fit=652%2C652\" loading=\"lazy\" class=\"alignnone wp-image-1592 size-full\" src=\"https:\/\/i0.wp.com\/www.dannwollenwirmal.de\/wp-content\/uploads\/2016\/08\/IMG_4725-e1472586703955.jpg?resize=652%2C652\" alt=\"IMG_4725\" width=\"652\" height=\"652\" srcset=\"https:\/\/i0.wp.com\/www.dannwollenwirmal.de\/wp-content\/uploads\/2016\/08\/IMG_4725-e1472586703955.jpg?w=652 652w, https:\/\/i0.wp.com\/www.dannwollenwirmal.de\/wp-content\/uploads\/2016\/08\/IMG_4725-e1472586703955.jpg?resize=150%2C150 150w, https:\/\/i0.wp.com\/www.dannwollenwirmal.de\/wp-content\/uploads\/2016\/08\/IMG_4725-e1472586703955.jpg?resize=300%2C300 300w\" sizes=\"(max-width: 652px) 100vw, 652px\" data-recalc-dims=\"1\" \/><br \/>\n<\/a><em>Tr\u00e4umchen: Bosch Multi-Cutter<\/em><\/p>\n<p>Apropos Erlebnis: Kaum wieder zuhause angekommen, erwartete mich ein Paket von Bosch, denn ich hatte mich als Tester f\u00fcr den neuen Multi-Cutter im Rahmen der <a href=\"https:\/\/www.facebook.com\/hashtag\/builtwithbosch?source=embed\">#builtwithBosch<\/a>-Aktion beworben und wurde tats\u00e4chlich ausgew\u00e4hlt. Bei diesem Multi-Cutter handelt es sich um ein Werkzeug, dessen Aufsatz (S\u00e4geblatt, Schleifer, Schneider&#8230;) sich unfassbar schnell hin- und herbewegt (also <em>oszilliert<\/em>) und damit zauberhafte Dinge zu verbringen vermag. Ehrlich gesagt wusste ich vor dieser Aktion nicht einmal, dass es so etwas gibt. Umso mehr geflasht war ich, als ich das Ensemble mit gef\u00fchlten vierhundert Zusatzteilen dann auspacken konnte:<\/p>\n<p><a href=\"https:\/\/i0.wp.com\/www.dannwollenwirmal.de\/wp-content\/uploads\/2016\/08\/IMG_4723.jpg\"><img data-attachment-id=\"1593\" data-permalink=\"http:\/\/www.dannwollenwirmal.de\/?attachment_id=1593#main\" data-orig-file=\"https:\/\/i0.wp.com\/www.dannwollenwirmal.de\/wp-content\/uploads\/2016\/08\/IMG_4723.jpg?fit=652%2C652\" data-orig-size=\"652,652\" data-comments-opened=\"1\" data-image-meta=\"{&quot;aperture&quot;:&quot;2.2&quot;,&quot;credit&quot;:&quot;&quot;,&quot;camera&quot;:&quot;iPhone 6&quot;,&quot;caption&quot;:&quot;&quot;,&quot;created_timestamp&quot;:&quot;1471982190&quot;,&quot;copyright&quot;:&quot;&quot;,&quot;focal_length&quot;:&quot;4.15&quot;,&quot;iso&quot;:&quot;250&quot;,&quot;shutter_speed&quot;:&quot;0.05&quot;,&quot;title&quot;:&quot;&quot;,&quot;orientation&quot;:&quot;1&quot;}\" data-image-title=\"IMG_4723\" data-image-description=\"&lt;p&gt;Bosch Multi-Cutter mit Zubeh\u00f6r&lt;\/p&gt;\n\" data-image-caption=\"\" data-medium-file=\"https:\/\/i0.wp.com\/www.dannwollenwirmal.de\/wp-content\/uploads\/2016\/08\/IMG_4723.jpg?fit=300%2C300\" data-large-file=\"https:\/\/i0.wp.com\/www.dannwollenwirmal.de\/wp-content\/uploads\/2016\/08\/IMG_4723.jpg?fit=652%2C652\" loading=\"lazy\" class=\"alignnone size-full wp-image-1593\" src=\"https:\/\/i0.wp.com\/www.dannwollenwirmal.de\/wp-content\/uploads\/2016\/08\/IMG_4723.jpg?resize=652%2C652\" alt=\"IMG_4723\" width=\"652\" height=\"652\" srcset=\"https:\/\/i0.wp.com\/www.dannwollenwirmal.de\/wp-content\/uploads\/2016\/08\/IMG_4723.jpg?w=652 652w, https:\/\/i0.wp.com\/www.dannwollenwirmal.de\/wp-content\/uploads\/2016\/08\/IMG_4723.jpg?resize=150%2C150 150w, https:\/\/i0.wp.com\/www.dannwollenwirmal.de\/wp-content\/uploads\/2016\/08\/IMG_4723.jpg?resize=300%2C300 300w\" sizes=\"(max-width: 652px) 100vw, 652px\" data-recalc-dims=\"1\" \/><\/a><br \/>\n<em>Multifunktional!<br \/>\n<\/em><\/p>\n<p>Die Aufs\u00e4tze werde ich in den n\u00e4chsten Wochen noch vorstellen. Man kann \u00fcberstehende Dinge (N\u00e4gel, Zapfen in Holz, irgendwelche Bolzen) b\u00fcndig abs\u00e4gen, Fugen von Fliesen auftrennen, verklebten Teppich l\u00f6sen, es gibt einen Delta-Schleifaufsatz, diamantbesetzte Spezialaufs\u00e4tze und spezielle Diamantaufs\u00e4tze! Ich nehme an, dass ich mit einem einzigen Multicutter meine gesamten,\u00a0 hier seit 2013 gebloggten Projekte innerhalb weniger Tage wieder komplett in kleine Teile <em>cuttern<\/em> k\u00f6nnte. Aber das wollen wir ja alle nicht.<\/p>\n<p><a href=\"https:\/\/i0.wp.com\/www.dannwollenwirmal.de\/wp-content\/uploads\/2016\/08\/IMG_4724.jpg\"><img data-attachment-id=\"1594\" data-permalink=\"http:\/\/www.dannwollenwirmal.de\/?attachment_id=1594#main\" data-orig-file=\"https:\/\/i0.wp.com\/www.dannwollenwirmal.de\/wp-content\/uploads\/2016\/08\/IMG_4724.jpg?fit=652%2C652\" data-orig-size=\"652,652\" data-comments-opened=\"1\" data-image-meta=\"{&quot;aperture&quot;:&quot;2.2&quot;,&quot;credit&quot;:&quot;&quot;,&quot;camera&quot;:&quot;iPhone 6&quot;,&quot;caption&quot;:&quot;&quot;,&quot;created_timestamp&quot;:&quot;1471982343&quot;,&quot;copyright&quot;:&quot;&quot;,&quot;focal_length&quot;:&quot;4.15&quot;,&quot;iso&quot;:&quot;200&quot;,&quot;shutter_speed&quot;:&quot;0.03030303030303&quot;,&quot;title&quot;:&quot;&quot;,&quot;orientation&quot;:&quot;1&quot;}\" data-image-title=\"IMG_4724\" data-image-description=\"&lt;p&gt;Bosch Multi-Cutter separates Zubeh\u00f6r&lt;\/p&gt;\n\" data-image-caption=\"\" data-medium-file=\"https:\/\/i0.wp.com\/www.dannwollenwirmal.de\/wp-content\/uploads\/2016\/08\/IMG_4724.jpg?fit=300%2C300\" data-large-file=\"https:\/\/i0.wp.com\/www.dannwollenwirmal.de\/wp-content\/uploads\/2016\/08\/IMG_4724.jpg?fit=652%2C652\" loading=\"lazy\" class=\"alignnone size-full wp-image-1594\" src=\"https:\/\/i0.wp.com\/www.dannwollenwirmal.de\/wp-content\/uploads\/2016\/08\/IMG_4724.jpg?resize=652%2C652\" alt=\"IMG_4724\" width=\"652\" height=\"652\" srcset=\"https:\/\/i0.wp.com\/www.dannwollenwirmal.de\/wp-content\/uploads\/2016\/08\/IMG_4724.jpg?w=652 652w, https:\/\/i0.wp.com\/www.dannwollenwirmal.de\/wp-content\/uploads\/2016\/08\/IMG_4724.jpg?resize=150%2C150 150w, https:\/\/i0.wp.com\/www.dannwollenwirmal.de\/wp-content\/uploads\/2016\/08\/IMG_4724.jpg?resize=300%2C300 300w\" sizes=\"(max-width: 652px) 100vw, 652px\" data-recalc-dims=\"1\" \/><\/a><br \/>\n<em>separates Zubeh\u00f6r<\/em><\/p>\n<p>N\u00e4chste Woche werde ich erstmal ein paar \u00dcbungen mit dem Ger\u00e4t machen. Es kommt im \u00dcbrigen in einem robusten und gro\u00dfz\u00fcgigen Systemkoffer, der Platz f\u00fcr alle Teile bietet, ohne dass man Tetris spielen m\u00fcsste; das Ger\u00e4t selber liegt gut in der Hand, ein gewisses Gewicht zeugt von Wertigkeit und das Anschlusskabel ist auch lang genug f\u00fcr versteckte Ecken. Besonders praktisch erscheint mir die <em>StarLock &#8211; <\/em>Werkzeugwechselvorrichtung, sozusagen das Spannfutter, das hier den Aufsatzwechsel (z.B. von Diamantscheibe auf Rubinfr\u00e4ser) in Sekundenschnelle m\u00f6glich macht. Aber das werde ich hier noch nach und nach vorstellen.<\/p>\n<p>Nach der \u00dcbungsphase muss ich mir dann ein Projekt f\u00fcr das Ger\u00e4t suchen, da schwebt mir schon dieser kleine Schandfleck vor:<\/p>\n<p><a href=\"https:\/\/i2.wp.com\/www.dannwollenwirmal.de\/wp-content\/uploads\/2016\/08\/IMG_4732.jpg\"><img data-attachment-id=\"1595\" data-permalink=\"http:\/\/www.dannwollenwirmal.de\/?attachment_id=1595#main\" data-orig-file=\"https:\/\/i2.wp.com\/www.dannwollenwirmal.de\/wp-content\/uploads\/2016\/08\/IMG_4732.jpg?fit=652%2C652\" data-orig-size=\"652,652\" data-comments-opened=\"1\" data-image-meta=\"{&quot;aperture&quot;:&quot;2.2&quot;,&quot;credit&quot;:&quot;&quot;,&quot;camera&quot;:&quot;iPhone 6&quot;,&quot;caption&quot;:&quot;&quot;,&quot;created_timestamp&quot;:&quot;1472407920&quot;,&quot;copyright&quot;:&quot;&quot;,&quot;focal_length&quot;:&quot;4.15&quot;,&quot;iso&quot;:&quot;40&quot;,&quot;shutter_speed&quot;:&quot;0.03030303030303&quot;,&quot;title&quot;:&quot;&quot;,&quot;orientation&quot;:&quot;1&quot;}\" data-image-title=\"IMG_4732\" data-image-description=\"&lt;p&gt;R\u00fcckseite Werkstatt&lt;\/p&gt;\n\" data-image-caption=\"\" data-medium-file=\"https:\/\/i2.wp.com\/www.dannwollenwirmal.de\/wp-content\/uploads\/2016\/08\/IMG_4732.jpg?fit=300%2C300\" data-large-file=\"https:\/\/i2.wp.com\/www.dannwollenwirmal.de\/wp-content\/uploads\/2016\/08\/IMG_4732.jpg?fit=652%2C652\" loading=\"lazy\" class=\"alignnone size-full wp-image-1595\" src=\"https:\/\/i2.wp.com\/www.dannwollenwirmal.de\/wp-content\/uploads\/2016\/08\/IMG_4732.jpg?resize=652%2C652\" alt=\"IMG_4732\" width=\"652\" height=\"652\" srcset=\"https:\/\/i2.wp.com\/www.dannwollenwirmal.de\/wp-content\/uploads\/2016\/08\/IMG_4732.jpg?w=652 652w, https:\/\/i2.wp.com\/www.dannwollenwirmal.de\/wp-content\/uploads\/2016\/08\/IMG_4732.jpg?resize=150%2C150 150w, https:\/\/i2.wp.com\/www.dannwollenwirmal.de\/wp-content\/uploads\/2016\/08\/IMG_4732.jpg?resize=300%2C300 300w\" sizes=\"(max-width: 652px) 100vw, 652px\" data-recalc-dims=\"1\" \/><\/a><br \/>\n<em>Vorne hui, hinten pfui!<\/em><\/p>\n<p>Es handelt sich um die R\u00fcckseite meiner Werkstatt, da f\u00e4llt der Kitt aus den Fensterscheiben, und die <em>Ortgangsteine<\/em> (wow, da hab ich ja mal wieder ein Fachwort eingebaut, das seinesgleichen sucht!) werden nur noch von Luft und Liebe am Platz gehalten. Die kann ich bestimmt gef\u00fchlvoll weg<em>cutten<\/em>, den alten Kitt raus<em>cutten<\/em>, und was es halt sonst noch so zu <em>cutten<\/em> gibt. Auf jeden Fall hat das Auspacken schonmal Lust auf mehr gemacht, und der kleine blaue Freund wird uns hier mal sch\u00f6n die n\u00e4chsten Wochen begleiten. Danke an Bosch f\u00fcr das Bereitstellen des Testwerkzeugs!<\/p>\n<p>Da ich ja regelm\u00e4\u00dfig solche Sachen zum Testen bekomme &#8211; man denke nur an den Hobel, die Farbpistole, den Exzenterschleifer oder die leicht bekleideten Damen\u00a0 &#8211; muss ich das rein rechtlich irgendwie kenntlich machen, daher gibt es jetzt den Zusatz &#8222;dannwollenwirmal kann Werbung enthalten&#8220; oben rechts. Es gibt nicht mehr oder weniger Werbung als bisher, nur jetzt steht&#8217;s halt dran.<\/p>\n<p>Also, viele neue Projekte scharren schon mit den Hufen! Ich werde den Werkzeugg\u00fcrtel direkt mal umschnallen! (Oh, ich habe ihn ja noch seit gestern um?!) Erstmal zum Binford-Laden und was teures kaufen! Ja, Schatz, nat\u00fcrlich brauchen wir das! Was hast Du gesagt? Der Motor ist so laut! Vorsicht mit den Sp\u00e4nen! Und da nicht reinfassen, der Schaum ist noch feucht! Hossa, dann wollen wir mal!<\/p>\n<p>&nbsp;<\/p>\n<p><span style=\"border-radius: 2px; text-indent: 20px; width: auto; padding: 0px 4px 0px 0px; text-align: center; font: bold 11px\/20px 'Helvetica Neue',Helvetica,sans-serif; color: #ffffff; background: #bd081c  no-repeat scroll 3px 50% \/ 14px 14px; position: absolute; opacity: 0.85; z-index: 8675309; display: none; cursor: pointer; top: 172px; left: 20px;\">Merken<\/span><\/p>\n<p><span style=\"border-radius: 2px; text-indent: 20px; width: auto; padding: 0px 4px 0px 0px; text-align: center; font: bold 11px\/20px 'Helvetica Neue',Helvetica,sans-serif; color: #ffffff; background: #bd081c  no-repeat scroll 3px 50% \/ 14px 14px; position: absolute; opacity: 1; z-index: 8675309; display: none; cursor: pointer;\">Merken<\/span><\/p>\n<p><span style=\"border-radius: 2px; text-indent: 20px; width: auto; padding: 0px 4px 0px 0px; text-align: center; font: bold 11px\/20px 'Helvetica Neue',Helvetica,sans-serif; color: #ffffff; background: #bd081c  no-repeat scroll 3px 50% \/ 14px 14px; position: absolute; opacity: 1; z-index: 8675309; display: none; cursor: pointer;\">Merken<\/span><\/p>\n<div class=\"sharedaddy sd-sharing-enabled\"><div class=\"robots-nocontent sd-block sd-social sd-social-icon-text sd-sharing\"><h3 class=\"sd-title\">Teilen mit:<\/h3><div class=\"sd-content\"><ul><li class=\"share-email\"><a rel=\"nofollow noopener noreferrer\" data-shared=\"\" class=\"share-email sd-button share-icon\" href=\"http:\/\/www.dannwollenwirmal.de\/?p=1585&amp;share=email\" target=\"_blank\" title=\"Klick, um dies einem Freund per E-Mail zu senden\"><span>E-Mail<\/span><\/a><\/li><li class=\"share-print\"><a rel=\"nofollow noopener noreferrer\" data-shared=\"\" class=\"share-print sd-button share-icon\" href=\"http:\/\/www.dannwollenwirmal.de\/?p=1585\" target=\"_blank\" title=\"Klicken zum Ausdrucken\"><span>Drucken<\/span><\/a><\/li><li class=\"share-facebook\"><a rel=\"nofollow noopener noreferrer\" data-shared=\"sharing-facebook-1585\" class=\"share-facebook sd-button share-icon\" href=\"http:\/\/www.dannwollenwirmal.de\/?p=1585&amp;share=facebook\" target=\"_blank\" title=\"Klick, um auf Facebook zu teilen\"><span>Facebook<\/span><\/a><\/li><li class=\"share-twitter\"><a rel=\"nofollow noopener noreferrer\" data-shared=\"sharing-twitter-1585\" class=\"share-twitter sd-button share-icon\" href=\"http:\/\/www.dannwollenwirmal.de\/?p=1585&amp;share=twitter\" target=\"_blank\" title=\"Klick, um \u00fcber Twitter zu teilen\"><span>Twitter<\/span><\/a><\/li><li class=\"share-pinterest\"><a rel=\"nofollow noopener noreferrer\" data-shared=\"sharing-pinterest-1585\" class=\"share-pinterest sd-button share-icon\" href=\"http:\/\/www.dannwollenwirmal.de\/?p=1585&amp;share=pinterest\" target=\"_blank\" title=\"Klick, um auf Pinterest zu teilen\"><span>Pinterest<\/span><\/a><\/li><li class=\"share-linkedin\"><a rel=\"nofollow noopener noreferrer\" data-shared=\"sharing-linkedin-1585\" class=\"share-linkedin sd-button share-icon\" href=\"http:\/\/www.dannwollenwirmal.de\/?p=1585&amp;share=linkedin\" target=\"_blank\" title=\"Klick, um auf LinkedIn zu teilen\"><span>LinkedIn<\/span><\/a><\/li><li class=\"share-end\"><\/li><\/ul><\/div><\/div><\/div>","protected":false},"excerpt":{"rendered":"<p>Seid gegr\u00fc\u00dft, liebe Spachtler, Gipser, Sch\u00e4umer, S\u00e4ger, Pfuscher, Meister, Dengler und Silikonisierer, was habe ich Euch vermisst; Euch, und den wohligen Geruch von verbranntem Holz der zu schnellen Stichs\u00e4ge, dem Duft von Bauschaum am Morgen und das wohlige Jucken des Bremsenreinigers am Wadenbein! Ja, sp\u00e4testens, wenn ich &#8222;Fanpost&#8220; kriege, wann denn wohl die Sommerpause vorbei [&hellip;]<\/p>\n<div class=\"sharedaddy sd-sharing-enabled\"><div class=\"robots-nocontent sd-block sd-social sd-social-icon-text sd-sharing\"><h3 class=\"sd-title\">Teilen mit:<\/h3><div class=\"sd-content\"><ul><li class=\"share-email\"><a rel=\"nofollow noopener noreferrer\" data-shared=\"\" class=\"share-email sd-button share-icon\" href=\"http:\/\/www.dannwollenwirmal.de\/?p=1585&amp;share=email\" target=\"_blank\" title=\"Klick, um dies einem Freund per E-Mail zu senden\"><span>E-Mail<\/span><\/a><\/li><li class=\"share-print\"><a rel=\"nofollow noopener noreferrer\" data-shared=\"\" class=\"share-print sd-button share-icon\" href=\"http:\/\/www.dannwollenwirmal.de\/?p=1585\" target=\"_blank\" title=\"Klicken zum Ausdrucken\"><span>Drucken<\/span><\/a><\/li><li class=\"share-facebook\"><a rel=\"nofollow noopener noreferrer\" data-shared=\"sharing-facebook-1585\" class=\"share-facebook sd-button share-icon\" href=\"http:\/\/www.dannwollenwirmal.de\/?p=1585&amp;share=facebook\" target=\"_blank\" title=\"Klick, um auf Facebook zu teilen\"><span>Facebook<\/span><\/a><\/li><li class=\"share-twitter\"><a rel=\"nofollow noopener noreferrer\" data-shared=\"sharing-twitter-1585\" class=\"share-twitter sd-button share-icon\" href=\"http:\/\/www.dannwollenwirmal.de\/?p=1585&amp;share=twitter\" target=\"_blank\" title=\"Klick, um \u00fcber Twitter zu teilen\"><span>Twitter<\/span><\/a><\/li><li class=\"share-pinterest\"><a rel=\"nofollow noopener noreferrer\" data-shared=\"sharing-pinterest-1585\" class=\"share-pinterest sd-button share-icon\" href=\"http:\/\/www.dannwollenwirmal.de\/?p=1585&amp;share=pinterest\" target=\"_blank\" title=\"Klick, um auf Pinterest zu teilen\"><span>Pinterest<\/span><\/a><\/li><li class=\"share-linkedin\"><a rel=\"nofollow noopener noreferrer\" data-shared=\"sharing-linkedin-1585\" class=\"share-linkedin sd-button share-icon\" href=\"http:\/\/www.dannwollenwirmal.de\/?p=1585&amp;share=linkedin\" target=\"_blank\" title=\"Klick, um auf LinkedIn zu teilen\"><span>LinkedIn<\/span><\/a><\/li><li class=\"share-end\"><\/li><\/ul><\/div><\/div><\/div>","protected":false},"author":1,"featured_media":0,"comment_status":"open","ping_status":"open","sticky":false,"template":"","format":"standard","meta":{"advanced_seo_description":"","spay_email":"","jetpack_publicize_message":"","jetpack_is_tweetstorm":false,"jetpack_publicize_feature_enabled":true},"categories":[1,15],"tags":[403,402,404,242],"jetpack_featured_media_url":"","jetpack_publicize_connections":[],"jetpack_shortlink":"https:\/\/wp.me\/p3WtlO-pz","jetpack_sharing_enabled":true,"jetpack-related-posts":[{"id":2198,"url":"http:\/\/www.dannwollenwirmal.de\/?p=2198","url_meta":{"origin":1585,"position":0},"title":"Ausgeschaltet","date":"25. Februar 2018","format":false,"excerpt":"Heute melde ich mich nur kurz, liebste Leser, denn seit gestern hat es mich dahingerafft. Mit M\u00e4nnergrippe ist nicht zu spa\u00dfen! Selbst Fieber ist dabei! Da werde ich wohl den heutigen Tag mal im Bett verbringen. Aber wenigstens ein Lebenszeichen wollte ich Euch geben. Die \u00fcblichen Bauarbeiten, die ich sonst\u2026","rel":"","context":"In &quot;Allgemein&quot;","img":{"alt_text":"","src":"","width":0,"height":0},"classes":[]},{"id":1811,"url":"http:\/\/www.dannwollenwirmal.de\/?p=1811","url_meta":{"origin":1585,"position":1},"title":"Das dannwollenwirmal-Gewinnspiel: &#8222;Meine Heimwerkers\u00fcnde&#8220;","date":"26. Februar 2017","format":false,"excerpt":"Was ist denn eigentlich mit dem Februar los? W\u00e4hrend der Januar meine Zugriffszahlen-Statistik hat explodieren lassen, d\u00fcmpelt der Februar da nur so vor sich hin. Es schalten ziemlich genau nur halb so viele Leute dannwollenwirmal ein wie im Februar. Auch wenn mir diese Zahlen na\u00fcrlich eigentlich v\u00f6llig egal sein k\u00f6nnten,\u2026","rel":"","context":"In &quot;Allgemein&quot;","img":{"alt_text":"","src":"https:\/\/i1.wp.com\/www.dannwollenwirmal.de\/wp-content\/uploads\/2017\/02\/IMG_5139.jpg?resize=350%2C200","width":350,"height":200},"classes":[]},{"id":2335,"url":"http:\/\/www.dannwollenwirmal.de\/?p=2335","url_meta":{"origin":1585,"position":2},"title":"Sommerpause I: Kochen ist Werken","date":"29. Juli 2018","format":false,"excerpt":"Es ist mal wieder so weit - wie jede Jahr geht dannwollenwirmal in die traditionelle Sommerpause. Bis dahin, wie im Fernsehen: Wiederholung der sch\u00f6nsten Folgen :) Am 2. September geht es hier weiter. Euch allen eine sch\u00f6ne Sommerzeit! Und falls ihr zwischendurch mal was zu Essen machen m\u00f6chtet, w\u00e4ren hier\u2026","rel":"","context":"In &quot;Sommerpause&quot;","img":{"alt_text":"","src":"","width":0,"height":0},"classes":[]},{"id":1906,"url":"http:\/\/www.dannwollenwirmal.de\/?p=1906","url_meta":{"origin":1585,"position":3},"title":"Der Pfingstklassiker","date":"4. Juni 2017","format":false,"excerpt":"Liebe Leser, wir immer zu Pfingsten sende ich herzliche Gr\u00fc\u00dfe vom Campingplatz. Es regnet Bindf\u00e4den und ich habe die R\u00fcttelplatte vergessen, sonst ist alles gut. Diese Woche war zwei Tage der dannwollenwirmal-Server aus, weil Bauschaum in den L\u00fcfter geraten war. Sorry! Viele haben sich in den Schlaf geweint, andere haben\u2026","rel":"","context":"In &quot;Allgemein&quot;","img":{"alt_text":"","src":"","width":0,"height":0},"classes":[]},{"id":1878,"url":"http:\/\/www.dannwollenwirmal.de\/?p=1878","url_meta":{"origin":1585,"position":4},"title":"Unterwegs","date":"30. April 2017","format":false,"excerpt":"Ich bin sp\u00e4t dran heute, liebe Heimwerkerfreunde...ich hoffe, das Fr\u00fchst\u00fccksei hat auch ohne dannwollenwirmal geschmeckt? Oder nutzt ihr den Sonntag sowieso von morgens bis abends zum Bohren und S\u00e4gen? Ich finde ja auch, dass die R\u00fcttelplatte ab halb sieben zu einem fr\u00f6hlichen Sonntagmorgen einfach dazugeh\u00f6rt! Es ist wieder einiges passiert,\u2026","rel":"","context":"In &quot;Allgemein&quot;","img":{"alt_text":"","src":"","width":0,"height":0},"classes":[]},{"id":622,"url":"http:\/\/www.dannwollenwirmal.de\/?p=622","url_meta":{"origin":1585,"position":5},"title":"Immer \u00c4rger mit dem Erker","date":"26. Oktober 2014","format":false,"excerpt":"Nachdem das halbst\u00fcndige Zucken der rechten Gesichtsh\u00e4lfte nach Lesen des Suchbegriffs \"Streichrauhfaser direkt auf Fliesen\" nachgelassen hatte, lege ich meine Blogstatistiken zur Seite und berichte \u00fcber das Fortkommen auf dem Dachboden der Tr\u00e4ume, den wir alle so ins Herz geschlossen haben. Zun\u00e4chst mal habe ich einiges an Emp\u00f6rung durch den\u2026","rel":"","context":"In &quot;Allgemein&quot;","img":{"alt_text":"","src":"https:\/\/i2.wp.com\/www.dannwollenwirmal.de\/wp-content\/uploads\/2014\/10\/erkF1.jpg?resize=350%2C200","width":350,"height":200},"classes":[]}],"_links":{"self":[{"href":"http:\/\/www.dannwollenwirmal.de\/index.php?rest_route=\/wp\/v2\/posts\/1585"}],"collection":[{"href":"http:\/\/www.dannwollenwirmal.de\/index.php?rest_route=\/wp\/v2\/posts"}],"about":[{"href":"http:\/\/www.dannwollenwirmal.de\/index.php?rest_route=\/wp\/v2\/types\/post"}],"author":[{"embeddable":true,"href":"http:\/\/www.dannwollenwirmal.de\/index.php?rest_route=\/wp\/v2\/users\/1"}],"replies":[{"embeddable":true,"href":"http:\/\/www.dannwollenwirmal.de\/index.php?rest_route=%2Fwp%2Fv2%2Fcomments&post=1585"}],"version-history":[{"count":8,"href":"http:\/\/www.dannwollenwirmal.de\/index.php?rest_route=\/wp\/v2\/posts\/1585\/revisions"}],"predecessor-version":[{"id":1600,"href":"http:\/\/www.dannwollenwirmal.de\/index.php?rest_route=\/wp\/v2\/posts\/1585\/revisions\/1600"}],"wp:attachment":[{"href":"http:\/\/www.dannwollenwirmal.de\/index.php?rest_route=%2Fwp%2Fv2%2Fmedia&parent=1585"}],"wp:term":[{"taxonomy":"category","embeddable":true,"href":"http:\/\/www.dannwollenwirmal.de\/index.php?rest_route=%2Fwp%2Fv2%2Fcategories&post=1585"},{"taxonomy":"post_tag","embeddable":true,"href":"http:\/\/www.dannwollenwirmal.de\/index.php?rest_route=%2Fwp%2Fv2%2Ftags&post=1585"}],"curies":[{"name":"wp","href":"https:\/\/api.w.org\/{rel}","templated":true}]}}