{"id":154,"date":"2013-10-26T08:45:51","date_gmt":"2013-10-26T06:45:51","guid":{"rendered":"http:\/\/www.dannwollenwirmal.de\/?p=154"},"modified":"2016-01-15T20:16:30","modified_gmt":"2016-01-15T19:16:30","slug":"das-kabuff","status":"publish","type":"post","link":"http:\/\/www.dannwollenwirmal.de\/?p=154","title":{"rendered":"Das Kabuff"},"content":{"rendered":"<p>Kabuff, oder auch sch\u00f6n: Kab\u00e4uschen (das ist glaube ich eher rheinl\u00e4ndisch). So was habe ich auch! Im Eingangsbereich befindet sich hinter einer Bretterwand mit T\u00fcrchen ein etwa 1,5 x 1,5m gro\u00dfer und etwa 1m hoher Verschlag. Allein schon wegen der niedrigen Deckenh\u00f6he lohnt es sich nicht, den mit auszubauen, und ich werde ihn daher einfach so lassen wie er ist, allerdings die Wand zum Hauptraum mit d\u00e4mmen und bei der Gelegenheit auch den Boden d\u00e4mmen, denn der Boden ist ein Stockwerk tiefer die Decke und da kann sicher etwas D\u00e4mmung nicht schaden.<\/p>\n<p><a href=\"https:\/\/i0.wp.com\/www.dannwollenwirmal.de\/wp-content\/uploads\/2013\/10\/dd2.jpg\"><img data-attachment-id=\"153\" data-permalink=\"http:\/\/www.dannwollenwirmal.de\/?attachment_id=153#main\" data-orig-file=\"https:\/\/i0.wp.com\/www.dannwollenwirmal.de\/wp-content\/uploads\/2013\/10\/dd2.jpg?fit=652%2C489\" data-orig-size=\"652,489\" data-comments-opened=\"1\" data-image-meta=\"{&quot;aperture&quot;:&quot;0&quot;,&quot;credit&quot;:&quot;&quot;,&quot;camera&quot;:&quot;&quot;,&quot;caption&quot;:&quot;&quot;,&quot;created_timestamp&quot;:&quot;0&quot;,&quot;copyright&quot;:&quot;&quot;,&quot;focal_length&quot;:&quot;0&quot;,&quot;iso&quot;:&quot;0&quot;,&quot;shutter_speed&quot;:&quot;0&quot;,&quot;title&quot;:&quot;&quot;}\" data-image-title=\"dd2\" data-image-description=\"&lt;p&gt;Verlegte Dachboden-D\u00e4mmelemente&lt;\/p&gt;\n\" data-image-caption=\"\" data-medium-file=\"https:\/\/i0.wp.com\/www.dannwollenwirmal.de\/wp-content\/uploads\/2013\/10\/dd2.jpg?fit=300%2C225\" data-large-file=\"https:\/\/i0.wp.com\/www.dannwollenwirmal.de\/wp-content\/uploads\/2013\/10\/dd2.jpg?fit=652%2C489\" loading=\"lazy\" class=\"alignnone size-full wp-image-153\" alt=\"Ged\u00e4mmter Kabuff\" src=\"https:\/\/i0.wp.com\/www.dannwollenwirmal.de\/wp-content\/uploads\/2013\/10\/dd2.jpg?resize=652%2C489\" width=\"652\" height=\"489\" srcset=\"https:\/\/i0.wp.com\/www.dannwollenwirmal.de\/wp-content\/uploads\/2013\/10\/dd2.jpg?w=652 652w, https:\/\/i0.wp.com\/www.dannwollenwirmal.de\/wp-content\/uploads\/2013\/10\/dd2.jpg?resize=300%2C225 300w\" sizes=\"(max-width: 652px) 100vw, 652px\" data-recalc-dims=\"1\" \/><\/a><\/p>\n<p><em>Kabuff, mit Bodend\u00e4mmung<\/em><\/p>\n<p>Zu diesem Zwecke besorgte ich einige Dachboden-D\u00e4mmelemente. Die gibt&#8217;s zum Beispiel von <a href=\"http:\/\/www.fermacell.de\/de\/content\/dachboden-element_nf.php\">Fermacell <\/a>oder von <a href=\"http:\/\/www.rigips.de\/de\/3\/237\/0\/seite_1\/Trockenbau\/Produktlinien_-%C3%BCbersicht\/Dachbodenelemente\/dachbodenelemente.html#pos2\">Rigips <\/a>in verschiedenen St\u00e4rken. Unten ist Hartschaum, darauf eine Gipsfaserplatte. Durch ein Stufenprofil (\u00e4hnlich Nut+Feder) lassen sich die Elemente aneinanderlegen und normalerweise werden sie noch mit einem speziellen Kleber verklebt und mit speziellen Schrauben verschraubt. Das habe ich mir aber gespart, weil wir uns vermutlich nicht st\u00e4ndig im Kabuff aufhalten werden. Wobei der Raum bei genauerer \u00dcberlegung durchaus Potential hat:<\/p>\n<p>-Geheimes Weinlager<br \/>\n-Abstellplatz f\u00fcr Dinge, die man garantiert nie wieder braucht<br \/>\n&#8211;<del>Erziehungsma\u00dfnahme<\/del><br \/>\n&#8211;<del>Schwiegermutter<\/del> (nur ein Test, ob Du mitliest \ud83d\ude42 )<\/p>\n<p><a href=\"https:\/\/i2.wp.com\/www.dannwollenwirmal.de\/wp-content\/uploads\/2013\/10\/dd1.jpg\"><img data-attachment-id=\"152\" data-permalink=\"http:\/\/www.dannwollenwirmal.de\/?attachment_id=152#main\" data-orig-file=\"https:\/\/i2.wp.com\/www.dannwollenwirmal.de\/wp-content\/uploads\/2013\/10\/dd1.jpg?fit=652%2C489\" data-orig-size=\"652,489\" data-comments-opened=\"1\" data-image-meta=\"{&quot;aperture&quot;:&quot;0&quot;,&quot;credit&quot;:&quot;&quot;,&quot;camera&quot;:&quot;&quot;,&quot;caption&quot;:&quot;&quot;,&quot;created_timestamp&quot;:&quot;0&quot;,&quot;copyright&quot;:&quot;&quot;,&quot;focal_length&quot;:&quot;0&quot;,&quot;iso&quot;:&quot;0&quot;,&quot;shutter_speed&quot;:&quot;0&quot;,&quot;title&quot;:&quot;&quot;}\" data-image-title=\"dd1\" data-image-description=\"&lt;p&gt;Dachboden-D\u00e4mmelement&lt;\/p&gt;\n\" data-image-caption=\"\" data-medium-file=\"https:\/\/i2.wp.com\/www.dannwollenwirmal.de\/wp-content\/uploads\/2013\/10\/dd1.jpg?fit=300%2C225\" data-large-file=\"https:\/\/i2.wp.com\/www.dannwollenwirmal.de\/wp-content\/uploads\/2013\/10\/dd1.jpg?fit=652%2C489\" loading=\"lazy\" class=\"alignnone size-full wp-image-152\" alt=\"dd1\" src=\"https:\/\/i2.wp.com\/www.dannwollenwirmal.de\/wp-content\/uploads\/2013\/10\/dd1.jpg?resize=652%2C489\" width=\"652\" height=\"489\" srcset=\"https:\/\/i2.wp.com\/www.dannwollenwirmal.de\/wp-content\/uploads\/2013\/10\/dd1.jpg?w=652 652w, https:\/\/i2.wp.com\/www.dannwollenwirmal.de\/wp-content\/uploads\/2013\/10\/dd1.jpg?resize=300%2C225 300w\" sizes=\"(max-width: 652px) 100vw, 652px\" data-recalc-dims=\"1\" \/><\/a><\/p>\n<p><em>D\u00e4mmelement im Detail<\/em><\/p>\n<p>Diese Elemente sind eine gute Sache bei H\u00e4usern, wo der Dachboden nicht ausgebaut, die oberste Geschossdecke aber dennoch ged\u00e4mmt werden soll. Durch die Gipsfaserplatte sind sie ziemlich unempfindlich gegen Temperatur und Feuchtigkeit, das Ganze geht schnell und die Fl\u00e4che ist sofort begehbar. Auch als Abstellraum kann man sie gut nutzen. Und wenn doch mal ausgebaut werden soll, kann man mit weiteren Schichten Gipsfaserplatte eine stabile Fl\u00e4che schaffen. (Dann hat man allerdings eine ganz sch\u00f6ne Aufbauh\u00f6he).<br \/>\nSo richtig g\u00fcnstig ist der Spa\u00df mit etwa 20\u20ac\/m\u00b2 allerdings nicht.<\/p>\n<p>Ich habe eine St\u00e4rke von 120mm genommen, die Plattengr\u00f6\u00dfe ist 1500x500mm, gibt es aber auch als 1000&#215;500.<\/p>\n<p>Nun geht es erstmal ein paar Tage in den Urlaub, leider habe ich doch nicht die ganze Unterdeckung fertig bekommen, es fehlen noch 2 Sparrenfelder und der Erker. Herr Erker, und meine Damen und Herren Mitleser, m\u00fcssen nun eine Woche warten, bevor es weiter geht.<br \/>\nAlso, haltet durch \ud83d\ude42 Danach bin ich sicherlich voller neuer Energie und der Rest des Ausbaus geht in wenigen <del>Tagen<\/del> <del>Wochen<\/del> &#8230; naja jedenfalls geht es dann weiter.<\/p>\n<div class=\"sharedaddy sd-sharing-enabled\"><div class=\"robots-nocontent sd-block sd-social sd-social-icon-text sd-sharing\"><h3 class=\"sd-title\">Teilen mit:<\/h3><div class=\"sd-content\"><ul><li class=\"share-email\"><a rel=\"nofollow noopener noreferrer\" data-shared=\"\" class=\"share-email sd-button share-icon\" href=\"http:\/\/www.dannwollenwirmal.de\/?p=154&amp;share=email\" target=\"_blank\" title=\"Klick, um dies einem Freund per E-Mail zu senden\"><span>E-Mail<\/span><\/a><\/li><li class=\"share-print\"><a rel=\"nofollow noopener noreferrer\" data-shared=\"\" class=\"share-print sd-button share-icon\" href=\"http:\/\/www.dannwollenwirmal.de\/?p=154\" target=\"_blank\" title=\"Klicken zum Ausdrucken\"><span>Drucken<\/span><\/a><\/li><li class=\"share-facebook\"><a rel=\"nofollow noopener noreferrer\" data-shared=\"sharing-facebook-154\" class=\"share-facebook sd-button share-icon\" href=\"http:\/\/www.dannwollenwirmal.de\/?p=154&amp;share=facebook\" target=\"_blank\" title=\"Klick, um auf Facebook zu teilen\"><span>Facebook<\/span><\/a><\/li><li class=\"share-twitter\"><a rel=\"nofollow noopener noreferrer\" data-shared=\"sharing-twitter-154\" class=\"share-twitter sd-button share-icon\" href=\"http:\/\/www.dannwollenwirmal.de\/?p=154&amp;share=twitter\" target=\"_blank\" title=\"Klick, um \u00fcber Twitter zu teilen\"><span>Twitter<\/span><\/a><\/li><li class=\"share-pinterest\"><a rel=\"nofollow noopener noreferrer\" data-shared=\"sharing-pinterest-154\" class=\"share-pinterest sd-button share-icon\" href=\"http:\/\/www.dannwollenwirmal.de\/?p=154&amp;share=pinterest\" target=\"_blank\" title=\"Klick, um auf Pinterest zu teilen\"><span>Pinterest<\/span><\/a><\/li><li class=\"share-linkedin\"><a rel=\"nofollow noopener noreferrer\" data-shared=\"sharing-linkedin-154\" class=\"share-linkedin sd-button share-icon\" href=\"http:\/\/www.dannwollenwirmal.de\/?p=154&amp;share=linkedin\" target=\"_blank\" title=\"Klick, um auf LinkedIn zu teilen\"><span>LinkedIn<\/span><\/a><\/li><li class=\"share-end\"><\/li><\/ul><\/div><\/div><\/div>","protected":false},"excerpt":{"rendered":"<p>Kabuff, oder auch sch\u00f6n: Kab\u00e4uschen (das ist glaube ich eher rheinl\u00e4ndisch). So was habe ich auch! Im Eingangsbereich befindet sich hinter einer Bretterwand mit T\u00fcrchen ein etwa 1,5 x 1,5m gro\u00dfer und etwa 1m hoher Verschlag. Allein schon wegen der niedrigen Deckenh\u00f6he lohnt es sich nicht, den mit auszubauen, und ich werde ihn daher einfach [&hellip;]<\/p>\n<div class=\"sharedaddy sd-sharing-enabled\"><div class=\"robots-nocontent sd-block sd-social sd-social-icon-text sd-sharing\"><h3 class=\"sd-title\">Teilen mit:<\/h3><div class=\"sd-content\"><ul><li class=\"share-email\"><a rel=\"nofollow noopener noreferrer\" data-shared=\"\" class=\"share-email sd-button share-icon\" href=\"http:\/\/www.dannwollenwirmal.de\/?p=154&amp;share=email\" target=\"_blank\" title=\"Klick, um dies einem Freund per E-Mail zu senden\"><span>E-Mail<\/span><\/a><\/li><li class=\"share-print\"><a rel=\"nofollow noopener noreferrer\" data-shared=\"\" class=\"share-print sd-button share-icon\" href=\"http:\/\/www.dannwollenwirmal.de\/?p=154\" target=\"_blank\" title=\"Klicken zum Ausdrucken\"><span>Drucken<\/span><\/a><\/li><li class=\"share-facebook\"><a rel=\"nofollow noopener noreferrer\" data-shared=\"sharing-facebook-154\" class=\"share-facebook sd-button share-icon\" href=\"http:\/\/www.dannwollenwirmal.de\/?p=154&amp;share=facebook\" target=\"_blank\" title=\"Klick, um auf Facebook zu teilen\"><span>Facebook<\/span><\/a><\/li><li class=\"share-twitter\"><a rel=\"nofollow noopener noreferrer\" data-shared=\"sharing-twitter-154\" class=\"share-twitter sd-button share-icon\" href=\"http:\/\/www.dannwollenwirmal.de\/?p=154&amp;share=twitter\" target=\"_blank\" title=\"Klick, um \u00fcber Twitter zu teilen\"><span>Twitter<\/span><\/a><\/li><li class=\"share-pinterest\"><a rel=\"nofollow noopener noreferrer\" data-shared=\"sharing-pinterest-154\" class=\"share-pinterest sd-button share-icon\" href=\"http:\/\/www.dannwollenwirmal.de\/?p=154&amp;share=pinterest\" target=\"_blank\" title=\"Klick, um auf Pinterest zu teilen\"><span>Pinterest<\/span><\/a><\/li><li class=\"share-linkedin\"><a rel=\"nofollow noopener noreferrer\" data-shared=\"sharing-linkedin-154\" class=\"share-linkedin sd-button share-icon\" href=\"http:\/\/www.dannwollenwirmal.de\/?p=154&amp;share=linkedin\" target=\"_blank\" title=\"Klick, um auf LinkedIn zu teilen\"><span>LinkedIn<\/span><\/a><\/li><li class=\"share-end\"><\/li><\/ul><\/div><\/div><\/div>","protected":false},"author":1,"featured_media":0,"comment_status":"open","ping_status":"open","sticky":false,"template":"","format":"standard","meta":{"advanced_seo_description":"","spay_email":"","jetpack_publicize_message":"","jetpack_is_tweetstorm":false,"jetpack_publicize_feature_enabled":true},"categories":[1,21,331],"tags":[48,50,51,52,49],"jetpack_featured_media_url":"","jetpack_publicize_connections":[],"jetpack_shortlink":"https:\/\/wp.me\/p3WtlO-2u","jetpack_sharing_enabled":true,"jetpack-related-posts":[{"id":1107,"url":"http:\/\/www.dannwollenwirmal.de\/?p=1107","url_meta":{"origin":154,"position":0},"title":"Heimwerkerapotheke","date":"20. September 2015","format":false,"excerpt":"Liebend gern h\u00e4tte ich den Suchbegriff \"wie kriege ich montageschaum aus dem loch in der wand\" letzte Woche mit in die Fragerunde aufgenommen; leider kam er zu sp\u00e4t und so werde ich das dann beim n\u00e4chsten mal beantworten (vielleicht habe ich bis dahin verstanden, was das bedeuten soll?). \"Fu\u00dfleisten mit\u2026","rel":"","context":"In &quot;Allgemein&quot;","img":{"alt_text":"","src":"https:\/\/i0.wp.com\/www.dannwollenwirmal.de\/wp-content\/uploads\/2015\/09\/spachteln.jpg?resize=350%2C200","width":350,"height":200},"classes":[]},{"id":2070,"url":"http:\/\/www.dannwollenwirmal.de\/?p=2070","url_meta":{"origin":154,"position":1},"title":"Lernerfolgskontrolle","date":"29. Oktober 2017","format":false,"excerpt":"Ein Projekt, das eigentlich schon l\u00e4ngst h\u00e4tte begonnen vollendet werden sollen, ist die Bekleidung eines vollst\u00e4ndig entkernten Badraumes, und nein, es ist wieder nicht bei mir zuhause. Ich lebe in Frieden und momentan bauschuttfrei! :) Das R\u00e4umchen war mal ein Bad, allerdings ein ziemlich vermurkstes (Spanplatten haben, auch unter Fliesen,\u2026","rel":"","context":"In &quot;Allgemein&quot;","img":{"alt_text":"","src":"https:\/\/i1.wp.com\/www.dannwollenwirmal.de\/wp-content\/uploads\/2017\/10\/IMG_5851-e1509208520400-1024x1024.jpg?resize=350%2C200","width":350,"height":200},"classes":[]},{"id":1342,"url":"http:\/\/www.dannwollenwirmal.de\/?p=1342","url_meta":{"origin":154,"position":2},"title":"Lieber Dr. Sommer&#8230;","date":"21. Februar 2016","format":false,"excerpt":"Manchmal f\u00fchle ich mich ja wie der Dr. Sommer der Heimwerkerei, erreichen mich doch regelm\u00e4\u00dfig Mails mit Fragen rund ums Bauen und Renovieren. Ich appeliere ja immer, die Fragen gern hier im Blog in den Kommentaren zu stellen, dann haben alle was davon. Aber hin und wieder picke ich mir\u2026","rel":"","context":"In &quot;Allgemein&quot;","img":{"alt_text":"","src":"https:\/\/i1.wp.com\/www.dannwollenwirmal.de\/wp-content\/uploads\/2016\/02\/uwert4.jpg?resize=350%2C200","width":350,"height":200},"classes":[]},{"id":2056,"url":"http:\/\/www.dannwollenwirmal.de\/?p=2056","url_meta":{"origin":154,"position":3},"title":"Gute Vors\u00e4tze","date":"22. Oktober 2017","format":false,"excerpt":"Allm\u00e4hlich beginnt der Herbst und ich habe wieder mehr Zeit f\u00fcr bauliche Projekte. Nicht am eigenen Haus (obwohl ich da sicherlich auch das ein oder andere auf dem Zettel h\u00e4tte), eher f\u00fcr Freunde und Bekannte, denn die stehen Schlange und es gibt schon eine regelrechte Warteliste. Denn auch wenn es\u2026","rel":"","context":"In &quot;Allgemein&quot;","img":{"alt_text":"Trennwand Trockenbau","src":"https:\/\/i0.wp.com\/www.dannwollenwirmal.de\/wp-content\/uploads\/2014\/03\/wand2.jpg?resize=350%2C200","width":350,"height":200},"classes":[]},{"id":319,"url":"http:\/\/www.dannwollenwirmal.de\/?p=319","url_meta":{"origin":154,"position":4},"title":"Zicke","date":"2. Februar 2014","format":false,"excerpt":"Auf dem Dachboden ist nun immerhin schonmal die Heizung angekommen. Zum Gl\u00fcck mussten Vorlauf und R\u00fccklauf nicht ganz vom Kessel geholt, sondern konnten ein Stockwerk tiefer an die relativ dicken Heizungsrohre angeschlossen werden. Oben sollen es ja mal zwei R\u00e4ume werden (Arbeitszimmer und G\u00e4stezimmer), und pro Raum ist mittig ein\u2026","rel":"","context":"In &quot;Allgemein&quot;","img":{"alt_text":"","src":"https:\/\/i1.wp.com\/www.dannwollenwirmal.de\/wp-content\/uploads\/2014\/02\/heizung.jpg?resize=350%2C200","width":350,"height":200},"classes":[]},{"id":1780,"url":"http:\/\/www.dannwollenwirmal.de\/?p=1780","url_meta":{"origin":154,"position":5},"title":"Butter bei die Fische!","date":"5. Februar 2017","format":false,"excerpt":"Ich h\u00e4nge mit dem Blog mal wieder etwas hinter der Realit\u00e4t her; tats\u00e4chlich bin ich mitten in einem wahrlichen Gro\u00dfprojekt, welches ich ja hier und da schon mal angedeutet hatte. Im RealLife bin ich ja Mitinhaber einer Firma f\u00fcr Veranstaltungstechnik, und eben diese zieht in eine neue Lagerhalle. Da diese\u2026","rel":"","context":"In &quot;Allgemein&quot;","img":{"alt_text":"","src":"https:\/\/i0.wp.com\/www.dannwollenwirmal.de\/wp-content\/uploads\/2017\/02\/IMG_5107.jpg?resize=350%2C200","width":350,"height":200},"classes":[]}],"_links":{"self":[{"href":"http:\/\/www.dannwollenwirmal.de\/index.php?rest_route=\/wp\/v2\/posts\/154"}],"collection":[{"href":"http:\/\/www.dannwollenwirmal.de\/index.php?rest_route=\/wp\/v2\/posts"}],"about":[{"href":"http:\/\/www.dannwollenwirmal.de\/index.php?rest_route=\/wp\/v2\/types\/post"}],"author":[{"embeddable":true,"href":"http:\/\/www.dannwollenwirmal.de\/index.php?rest_route=\/wp\/v2\/users\/1"}],"replies":[{"embeddable":true,"href":"http:\/\/www.dannwollenwirmal.de\/index.php?rest_route=%2Fwp%2Fv2%2Fcomments&post=154"}],"version-history":[{"count":4,"href":"http:\/\/www.dannwollenwirmal.de\/index.php?rest_route=\/wp\/v2\/posts\/154\/revisions"}],"predecessor-version":[{"id":158,"href":"http:\/\/www.dannwollenwirmal.de\/index.php?rest_route=\/wp\/v2\/posts\/154\/revisions\/158"}],"wp:attachment":[{"href":"http:\/\/www.dannwollenwirmal.de\/index.php?rest_route=%2Fwp%2Fv2%2Fmedia&parent=154"}],"wp:term":[{"taxonomy":"category","embeddable":true,"href":"http:\/\/www.dannwollenwirmal.de\/index.php?rest_route=%2Fwp%2Fv2%2Fcategories&post=154"},{"taxonomy":"post_tag","embeddable":true,"href":"http:\/\/www.dannwollenwirmal.de\/index.php?rest_route=%2Fwp%2Fv2%2Ftags&post=154"}],"curies":[{"name":"wp","href":"https:\/\/api.w.org\/{rel}","templated":true}]}}