{"id":1525,"date":"2016-06-12T12:29:54","date_gmt":"2016-06-12T10:29:54","guid":{"rendered":"http:\/\/www.dannwollenwirmal.de\/?p=1525"},"modified":"2016-06-12T12:29:54","modified_gmt":"2016-06-12T10:29:54","slug":"powersaetze-fuer-heimwerker","status":"publish","type":"post","link":"http:\/\/www.dannwollenwirmal.de\/?p=1525","title":{"rendered":"Powers\u00e4tze f\u00fcr Heimwerker"},"content":{"rendered":"<p>Regentag und schlechte Laune? Einfach mal die folgenden Powers\u00e4tze ausprobieren und lauter verdutzte Gesichter zur\u00fccklassen.<\/p>\n<p>Im Baumarkt, Sanit\u00e4rabteilung<br \/>\n&#8222;Ich h\u00e4tte gern einen doppelt gekr\u00f6pften Flanschmuffenbogen. Aber nicht wieder den Halbzoll! Diesmal brauch ich Feingewinde!&#8220;<\/p>\n<p>In der Autowerkstatt<br \/>\n&#8222;Ach, hier vorne ist der Motor? Ich dachte immer hinten. Witzig, oder?&#8220;<\/p>\n<p>Im Gartencenter<br \/>\n&#8222;Und wenn ich den Baum jetzt einpflanze, welches Ende muss denn nach oben?&#8220;<\/p>\n<p>Im Fahrstuhl<br \/>\n<em>Mit einem Schraubendreher am Bedienfeld hantierend:<\/em> &#8222;Das hier muss erstmal neu.&#8220;<\/p>\n<p>Im Baumarkt, beim Holzzuschnitt<br \/>\n&#8222;Bitte elfmal durchs\u00e4gen. Wie, ist egal. Aber quer zur Faser!&#8220;<\/p>\n<p>In der Zoohandlung<br \/>\n&#8222;Wonach schmeckt denn Hamster?&#8220;<\/p>\n<p>Im Sanit\u00e4rfachhandel<br \/>\n&#8222;Ich brauch Adapter Gardena auf Heizk\u00f6rper!&#8220;<\/p>\n<p>An der Baustelle<br \/>\n<em>In regelm\u00e4\u00dfigen Abst\u00e4nden durch den Zaun schreien: <\/em>&#8222;Das wollt ihr ja wohl so nicht lassen?!&#8220;<\/p>\n<p>Im Baumarkt, Farbmischservice<br \/>\n&#8222;Ich h\u00e4tte gern was erdiges. Aber nicht zu blumig. Eher etwas gedeckt. Ins lila tendierend. Mit einem Stich Moos.&#8220;<\/p>\n<p>Im Getr\u00e4nkemarkt<br \/>\n&#8222;Gibt&#8217;s denn auch Pfand zur\u00fcck, wenn die Flaschen leer sind?&#8220;<\/p>\n<p>An der Tankstelle<br \/>\n&#8222;Ich h\u00e4tt&#8216; gern zwei Liter Benzin zum mitnehmen, bitte.&#8220;<\/p>\n<p>Beim Vertreterbesuch<br \/>\n&#8222;Ahh, kommen Sie wegen dem flotten Dreier?&#8220;<\/p>\n<p>Im Baumarkt, Fliesenabteilung<br \/>\n&#8222;Und, sollte man die Fliesen dann festkleben?&#8220;<\/p>\n<p>Beim Weinh\u00e4ndler<br \/>\n&#8222;Ich m\u00f6chte mein Dach isolieren und brauche bitte 400.000 Korken!&#8220;<\/p>\n<p>Beim Glaser<br \/>\n&#8222;Ich brauche drei Scheiben. Eine so mal so&#8230;&#8220; <em>(<\/em><em>mit den H\u00e4nden zeigen<\/em><em>)<\/em>, &#8222;&#8230;eine so mal so und eine ungef\u00e4hr soooo, aber dicker. Und in blau.&#8220;<\/p>\n<p>Beim Baustoffh\u00e4ndler<br \/>\n&#8222;Wonach schmeckt denn Bauschaum?&#8220;<\/p>\n<p>Im M\u00f6belhaus<br \/>\n&#8222;Darf ich mal sehen, wie der Tisch abgeschliffen aussieht? Werkzeug habe ich mit!&#8220;<\/p>\n<p>Bei W\u00fcrth<br \/>\n&#8222;Das ist ja viel zu billig. Da geh ich lieber woanders hin.&#8220;<\/p>\n<p>Beim Arzt<br \/>\n<em>Wenn der Arzt ins Behandlungszimmer kommt, unterm Waschbecken liegen: <\/em>&#8222;L\u00e4uft ganz schlecht ab! Ich dachte ich guck mal hier am Siphon!&#8220;<\/p>\n<p>In der Buchhandlung<br \/>\n&#8222;W\u00fcrden Sie ein Buch von mir kaufen? Also, ich muss es noch schreiben. Aber vielleicht k\u00f6nnen Sie mir schonmal den Vorschuss \u00fcberweisen?&#8220;<\/p>\n<p>Beim Elektroh\u00e4ndler<br \/>\n&#8222;Und bei der Steckdose, welcher Draht kommt denn wohin? Braun ist Erde oder? Erde ist doch braun!&#8220;<\/p>\n<p>&nbsp;<\/p>\n<p>So, und jetzt viel Spa\u00df beim ausprobieren. Und schreibt mir bitte, wie es war \ud83d\ude42<\/p>\n<p>&nbsp;<\/p>\n<div class=\"sharedaddy sd-sharing-enabled\"><div class=\"robots-nocontent sd-block sd-social sd-social-icon-text sd-sharing\"><h3 class=\"sd-title\">Teilen mit:<\/h3><div class=\"sd-content\"><ul><li class=\"share-email\"><a rel=\"nofollow noopener noreferrer\" data-shared=\"\" class=\"share-email sd-button share-icon\" href=\"http:\/\/www.dannwollenwirmal.de\/?p=1525&amp;share=email\" target=\"_blank\" title=\"Klick, um dies einem Freund per E-Mail zu senden\"><span>E-Mail<\/span><\/a><\/li><li class=\"share-print\"><a rel=\"nofollow noopener noreferrer\" data-shared=\"\" class=\"share-print sd-button share-icon\" href=\"http:\/\/www.dannwollenwirmal.de\/?p=1525\" target=\"_blank\" title=\"Klicken zum Ausdrucken\"><span>Drucken<\/span><\/a><\/li><li class=\"share-facebook\"><a rel=\"nofollow noopener noreferrer\" data-shared=\"sharing-facebook-1525\" class=\"share-facebook sd-button share-icon\" href=\"http:\/\/www.dannwollenwirmal.de\/?p=1525&amp;share=facebook\" target=\"_blank\" title=\"Klick, um auf Facebook zu teilen\"><span>Facebook<\/span><\/a><\/li><li class=\"share-twitter\"><a rel=\"nofollow noopener noreferrer\" data-shared=\"sharing-twitter-1525\" class=\"share-twitter sd-button share-icon\" href=\"http:\/\/www.dannwollenwirmal.de\/?p=1525&amp;share=twitter\" target=\"_blank\" title=\"Klick, um \u00fcber Twitter zu teilen\"><span>Twitter<\/span><\/a><\/li><li class=\"share-pinterest\"><a rel=\"nofollow noopener noreferrer\" data-shared=\"sharing-pinterest-1525\" class=\"share-pinterest sd-button share-icon\" href=\"http:\/\/www.dannwollenwirmal.de\/?p=1525&amp;share=pinterest\" target=\"_blank\" title=\"Klick, um auf Pinterest zu teilen\"><span>Pinterest<\/span><\/a><\/li><li class=\"share-linkedin\"><a rel=\"nofollow noopener noreferrer\" data-shared=\"sharing-linkedin-1525\" class=\"share-linkedin sd-button share-icon\" href=\"http:\/\/www.dannwollenwirmal.de\/?p=1525&amp;share=linkedin\" target=\"_blank\" title=\"Klick, um auf LinkedIn zu teilen\"><span>LinkedIn<\/span><\/a><\/li><li class=\"share-end\"><\/li><\/ul><\/div><\/div><\/div>","protected":false},"excerpt":{"rendered":"<p>Regentag und schlechte Laune? Einfach mal die folgenden Powers\u00e4tze ausprobieren und lauter verdutzte Gesichter zur\u00fccklassen. Im Baumarkt, Sanit\u00e4rabteilung &#8222;Ich h\u00e4tte gern einen doppelt gekr\u00f6pften Flanschmuffenbogen. Aber nicht wieder den Halbzoll! Diesmal brauch ich Feingewinde!&#8220; In der Autowerkstatt &#8222;Ach, hier vorne ist der Motor? Ich dachte immer hinten. Witzig, oder?&#8220; Im Gartencenter &#8222;Und wenn ich den [&hellip;]<\/p>\n<div class=\"sharedaddy sd-sharing-enabled\"><div class=\"robots-nocontent sd-block sd-social sd-social-icon-text sd-sharing\"><h3 class=\"sd-title\">Teilen mit:<\/h3><div class=\"sd-content\"><ul><li class=\"share-email\"><a rel=\"nofollow noopener noreferrer\" data-shared=\"\" class=\"share-email sd-button share-icon\" href=\"http:\/\/www.dannwollenwirmal.de\/?p=1525&amp;share=email\" target=\"_blank\" title=\"Klick, um dies einem Freund per E-Mail zu senden\"><span>E-Mail<\/span><\/a><\/li><li class=\"share-print\"><a rel=\"nofollow noopener noreferrer\" data-shared=\"\" class=\"share-print sd-button share-icon\" href=\"http:\/\/www.dannwollenwirmal.de\/?p=1525\" target=\"_blank\" title=\"Klicken zum Ausdrucken\"><span>Drucken<\/span><\/a><\/li><li class=\"share-facebook\"><a rel=\"nofollow noopener noreferrer\" data-shared=\"sharing-facebook-1525\" class=\"share-facebook sd-button share-icon\" href=\"http:\/\/www.dannwollenwirmal.de\/?p=1525&amp;share=facebook\" target=\"_blank\" title=\"Klick, um auf Facebook zu teilen\"><span>Facebook<\/span><\/a><\/li><li class=\"share-twitter\"><a rel=\"nofollow noopener noreferrer\" data-shared=\"sharing-twitter-1525\" class=\"share-twitter sd-button share-icon\" href=\"http:\/\/www.dannwollenwirmal.de\/?p=1525&amp;share=twitter\" target=\"_blank\" title=\"Klick, um \u00fcber Twitter zu teilen\"><span>Twitter<\/span><\/a><\/li><li class=\"share-pinterest\"><a rel=\"nofollow noopener noreferrer\" data-shared=\"sharing-pinterest-1525\" class=\"share-pinterest sd-button share-icon\" href=\"http:\/\/www.dannwollenwirmal.de\/?p=1525&amp;share=pinterest\" target=\"_blank\" title=\"Klick, um auf Pinterest zu teilen\"><span>Pinterest<\/span><\/a><\/li><li class=\"share-linkedin\"><a rel=\"nofollow noopener noreferrer\" data-shared=\"sharing-linkedin-1525\" class=\"share-linkedin sd-button share-icon\" href=\"http:\/\/www.dannwollenwirmal.de\/?p=1525&amp;share=linkedin\" target=\"_blank\" title=\"Klick, um auf LinkedIn zu teilen\"><span>LinkedIn<\/span><\/a><\/li><li class=\"share-end\"><\/li><\/ul><\/div><\/div><\/div>","protected":false},"author":1,"featured_media":0,"comment_status":"open","ping_status":"open","sticky":false,"template":"","format":"standard","meta":{"advanced_seo_description":"","spay_email":"","jetpack_publicize_message":"","jetpack_is_tweetstorm":false,"jetpack_publicize_feature_enabled":true},"categories":[1,35,72],"tags":[],"jetpack_featured_media_url":"","jetpack_publicize_connections":[],"jetpack_shortlink":"https:\/\/wp.me\/p3WtlO-oB","jetpack_sharing_enabled":true,"jetpack-related-posts":[{"id":1837,"url":"http:\/\/www.dannwollenwirmal.de\/?p=1837","url_meta":{"origin":1525,"position":0},"title":"Baumarkt-Er\u00f6ffnung","date":"26. M\u00e4rz 2017","format":false,"excerpt":"Daraus, dass ich kein gro\u00dfer Baumarkt-Fan bin, habe ich ja noch nie einen Hehl gemacht. Eigentlich untypisch f\u00fcr einen Heimwerker, aber nach diversestestestesten Qualit\u00e4tsentt\u00e4uschungen bin ich ja mittlerweile bekennender Baustoffh\u00e4ndlerfreund. Doch manche Sachen ben\u00f6tigen eben doch den Baumarkt, beispielsweise ein Holzzuschnitt f\u00fcr eine Schrankwand (Nachbarschaftshilfe!), und zuf\u00e4llig traf es sich,\u2026","rel":"","context":"In &quot;Allgemein&quot;","img":{"alt_text":"","src":"","width":0,"height":0},"classes":[]},{"id":1773,"url":"http:\/\/www.dannwollenwirmal.de\/?p=1773","url_meta":{"origin":1525,"position":1},"title":"Baumarktklatsche","date":"29. Januar 2017","format":false,"excerpt":"Habe ich schon erw\u00e4hnt, dass ich n\u00e4chstes Jahr gerne mal zur BAU nach M\u00fcnchen m\u00f6chte? Eine Fachmesse, auf der quasi alle namhaften Hersteller von Werkzeug und Zubeh\u00f6r vertreten sind und Menschen mit einer gewissen Werkzeugliebe vermutlich aus dem Staunen nicht mehr rauskommen. Ich suche daher auf diesem Wege einen Sponsor\u2026","rel":"","context":"In &quot;Allgemein&quot;","img":{"alt_text":"","src":"https:\/\/i2.wp.com\/www.dannwollenwirmal.de\/wp-content\/uploads\/2017\/01\/IMG_5064.jpg?resize=350%2C200","width":350,"height":200},"classes":[]},{"id":190,"url":"http:\/\/www.dannwollenwirmal.de\/?p=190","url_meta":{"origin":1525,"position":2},"title":"Eine kurze Einsch\u00e4tzung zum Thema: Baum\u00e4rkte","date":"16. November 2013","format":false,"excerpt":"Im heimatlichen Minden (rund 80.000 Einwohner) bzw. Porta Westfalica (37.000 Einwohner) gibt es, grob durchgez\u00e4hlt, immerhin f\u00fcnf Baum\u00e4rkte. Einer wird zwar jetzt geschlossen, aber zwei(!) neue Riesen-M\u00e4rkte sind geplant oder zumindest angedacht. Diesen Boom nehme ich zum Anlass, ein paar Gedanken zum Thema Baum\u00e4rkte niederzulegen: Fr\u00fcher war ich ein wahrer\u2026","rel":"","context":"In &quot;Allgemein&quot;","img":{"alt_text":"","src":"https:\/\/i0.wp.com\/www.dannwollenwirmal.de\/wp-content\/uploads\/2013\/11\/kleben.jpg?resize=350%2C200","width":350,"height":200},"classes":[]},{"id":468,"url":"http:\/\/www.dannwollenwirmal.de\/?p=468","url_meta":{"origin":1525,"position":3},"title":"Das wird lustig!","date":"15. Mai 2014","format":false,"excerpt":"Zugegeben: Mein Verh\u00e4ltnis zu Baum\u00e4rkten war und ist nicht ganz unbelastet (siehe HIER), aber es erf\u00fcllte mich doch mit einem gewissen Stolz, dass der Hagebaumarkt mich anschrieb und fragte, ob ich nicht das Hagebaumarkt-Gewinnspiel hier im Blog vorstellen m\u00f6chte. Was wohl bedeutet, dass mein Blog h\u00f6chst popul\u00e4r ist und ich\u2026","rel":"","context":"In &quot;Allgemein&quot;","img":{"alt_text":"","src":"","width":0,"height":0},"classes":[]},{"id":1026,"url":"http:\/\/www.dannwollenwirmal.de\/?p=1026","url_meta":{"origin":1525,"position":4},"title":"Sommerpause V","date":"2. August 2015","format":false,"excerpt":"Was Sie schon immer \u00fcber Farben wissen wollten, im Baumarkt nebenan: Neulich im Baumarkt 14. Dezember 2014 Auch wenn ich Baum\u00e4rkte mittlerweile eher vermeide \u2013 manchmal bleibt keine Wahl, und in diesem Fall wollte ich gemischte Farbe f\u00fcr meine Holzbalken, da hat der Baumarkt T. dann doch die gr\u00f6\u00dfte Auswahl\u2026","rel":"","context":"In &quot;Allgemein&quot;","img":{"alt_text":"","src":"","width":0,"height":0},"classes":[]},{"id":714,"url":"http:\/\/www.dannwollenwirmal.de\/?p=714","url_meta":{"origin":1525,"position":5},"title":"Neulich im Baumarkt","date":"14. Dezember 2014","format":false,"excerpt":"Auch wenn ich Baum\u00e4rkte mittlerweile eher vermeide - manchmal bleibt keine Wahl, und in diesem Fall wollte ich gemischte Farbe f\u00fcr meine Holzbalken, da hat der Baumarkt T. dann doch die gr\u00f6\u00dfte Auswahl und so bin ich eben hingefahren. Bereits im Eingangsbereich fiel mir ein Verk\u00e4ufer auf, der mich schon\u2026","rel":"","context":"In &quot;Allgemein&quot;","img":{"alt_text":"","src":"","width":0,"height":0},"classes":[]}],"_links":{"self":[{"href":"http:\/\/www.dannwollenwirmal.de\/index.php?rest_route=\/wp\/v2\/posts\/1525"}],"collection":[{"href":"http:\/\/www.dannwollenwirmal.de\/index.php?rest_route=\/wp\/v2\/posts"}],"about":[{"href":"http:\/\/www.dannwollenwirmal.de\/index.php?rest_route=\/wp\/v2\/types\/post"}],"author":[{"embeddable":true,"href":"http:\/\/www.dannwollenwirmal.de\/index.php?rest_route=\/wp\/v2\/users\/1"}],"replies":[{"embeddable":true,"href":"http:\/\/www.dannwollenwirmal.de\/index.php?rest_route=%2Fwp%2Fv2%2Fcomments&post=1525"}],"version-history":[{"count":2,"href":"http:\/\/www.dannwollenwirmal.de\/index.php?rest_route=\/wp\/v2\/posts\/1525\/revisions"}],"predecessor-version":[{"id":1527,"href":"http:\/\/www.dannwollenwirmal.de\/index.php?rest_route=\/wp\/v2\/posts\/1525\/revisions\/1527"}],"wp:attachment":[{"href":"http:\/\/www.dannwollenwirmal.de\/index.php?rest_route=%2Fwp%2Fv2%2Fmedia&parent=1525"}],"wp:term":[{"taxonomy":"category","embeddable":true,"href":"http:\/\/www.dannwollenwirmal.de\/index.php?rest_route=%2Fwp%2Fv2%2Fcategories&post=1525"},{"taxonomy":"post_tag","embeddable":true,"href":"http:\/\/www.dannwollenwirmal.de\/index.php?rest_route=%2Fwp%2Fv2%2Ftags&post=1525"}],"curies":[{"name":"wp","href":"https:\/\/api.w.org\/{rel}","templated":true}]}}