{"id":1497,"date":"2016-05-29T08:00:05","date_gmt":"2016-05-29T06:00:05","guid":{"rendered":"http:\/\/www.dannwollenwirmal.de\/?p=1497"},"modified":"2016-06-04T09:22:16","modified_gmt":"2016-06-04T07:22:16","slug":"dawanda","status":"publish","type":"post","link":"http:\/\/www.dannwollenwirmal.de\/?p=1497","title":{"rendered":"DaWandDa"},"content":{"rendered":"<p>Vielen Dank f\u00fcr die zahlreichen Beitr\u00e4ge in Kommentaren, Mails und fernm\u00fcndlichen Konferenzen zur Erg\u00e4nzung des <a href=\"http:\/\/www.dannwollenwirmal.de\/?p=1495\"><strong>Heimwerkerlexikons<\/strong> <\/a>vom letzten mal. Nach aktuellem Stand muss die Mumpe (oder auch Mompe?) noch etwas genauer definiert werden. Zudem fehlt, gerade mit meinem regionalen Bezug, die ostwestf\u00e4lische Ma\u00dfeinheit &#8222;Tucken&#8220; (&#8222;Muss noch so&#8217;n Tucken nach links!&#8220;). Bitte weiterhin Vorschl\u00e4ge einreichen, ich sammle das und bringe dann bald eine Version 2.0 raus. Damit werde ich dann mal bei Langenscheidt vorstellig \ud83d\ude09<\/p>\n<p>Was ich noch so gemacht habe? Eine Trennwand gebaut. Nicht bei mir zuhause, und auch nicht so riesig gro\u00df, daf\u00fcr aber mit T\u00fcr\u00f6ffnung. F\u00fcr passende T\u00fcr\u00f6ffnungsma\u00dfe habe ich \u00fcbrigens diesen sch\u00f6nen <a href=\"http:\/\/tuermassrechner.tueren-albrecht.de\/tuermasse.php\"><strong>Link<\/strong> <\/a>gefunden, in dem man f\u00fcr die entsprechende Zarge das Bau\u00f6ffnugsma\u00df nachschauen kann.<\/p>\n<p>Bisher habe ich hier ja immer viel \u00fcber Decken geschrieben, hier mal die Schritt-f\u00fcr-Schritt-Vorgehensweise f\u00fcr eine einfache Trennwand:<\/p>\n<p>Zun\u00e4chst wird die St\u00e4rke der Wand festgelegt. Standardm\u00e4\u00dfig nehme ich 100mm-Profile, die dann, beidsetig mit 12,5mm Platten beplankt, eine 125mm starke Wand ergeben. In diesem Fall sollte das Ganze etwas schmaler geraten, daher gab es ein 75mm-Profil (Gesamtst\u00e4rke dann 100mm).<\/p>\n<p>An W\u00e4nden, Decke und Boden werden die sogenannten <em>UW-Profile<\/em> angebracht; passend ausrichten per Laser oder Wasserwaage und mit <em>Nageld\u00fcbeln<\/em> verankern (bei massiven W\u00e4nden; ansonsten je nach Untergrund andere Befestigungen, nein, kein Bauschaum!). Die UW-Profile werden zur Schallentkopplung vorher mit D\u00e4mmband beklebt.<\/p>\n<p><a href=\"https:\/\/i0.wp.com\/www.dannwollenwirmal.de\/wp-content\/uploads\/2016\/05\/IMG_4365.jpg\"><img data-attachment-id=\"1498\" data-permalink=\"http:\/\/www.dannwollenwirmal.de\/?attachment_id=1498#main\" data-orig-file=\"https:\/\/i0.wp.com\/www.dannwollenwirmal.de\/wp-content\/uploads\/2016\/05\/IMG_4365.jpg?fit=652%2C652\" data-orig-size=\"652,652\" data-comments-opened=\"1\" data-image-meta=\"{&quot;aperture&quot;:&quot;2.2&quot;,&quot;credit&quot;:&quot;&quot;,&quot;camera&quot;:&quot;iPhone 6&quot;,&quot;caption&quot;:&quot;&quot;,&quot;created_timestamp&quot;:&quot;1464088462&quot;,&quot;copyright&quot;:&quot;&quot;,&quot;focal_length&quot;:&quot;4.15&quot;,&quot;iso&quot;:&quot;80&quot;,&quot;shutter_speed&quot;:&quot;0.033333333333333&quot;,&quot;title&quot;:&quot;&quot;,&quot;orientation&quot;:&quot;1&quot;}\" data-image-title=\"IMG_4365\" data-image-description=\"&lt;p&gt;UD-Profile&lt;\/p&gt;\n\" data-image-caption=\"\" data-medium-file=\"https:\/\/i0.wp.com\/www.dannwollenwirmal.de\/wp-content\/uploads\/2016\/05\/IMG_4365.jpg?fit=300%2C300\" data-large-file=\"https:\/\/i0.wp.com\/www.dannwollenwirmal.de\/wp-content\/uploads\/2016\/05\/IMG_4365.jpg?fit=652%2C652\" loading=\"lazy\" class=\"alignnone wp-image-1498 size-full\" src=\"https:\/\/i0.wp.com\/www.dannwollenwirmal.de\/wp-content\/uploads\/2016\/05\/IMG_4365.jpg?resize=652%2C652\" alt=\"IMG_4365\" width=\"652\" height=\"652\" srcset=\"https:\/\/i0.wp.com\/www.dannwollenwirmal.de\/wp-content\/uploads\/2016\/05\/IMG_4365.jpg?w=652 652w, https:\/\/i0.wp.com\/www.dannwollenwirmal.de\/wp-content\/uploads\/2016\/05\/IMG_4365.jpg?resize=150%2C150 150w, https:\/\/i0.wp.com\/www.dannwollenwirmal.de\/wp-content\/uploads\/2016\/05\/IMG_4365.jpg?resize=300%2C300 300w\" sizes=\"(max-width: 652px) 100vw, 652px\" data-recalc-dims=\"1\" \/><br \/>\n<\/a><em>UW-Profile an Wand und Decke<\/em><\/p>\n<p>An der T\u00fcr-Stelle wird das UW-Profil am Boden nat\u00fcrlich ausgespart, sonst m\u00fcsste man ja immer dr\u00fcbersteigen. Wobei, gew\u00f6hnt man sich vielleicht auch dran.<\/p>\n<p>Die Einfassung der T\u00fcr erfolgt mit <em>UA-Profilen<\/em>, da gibt&#8217;s auch praktische Winkel zur Befestigung. Die UA&#8217;s sind deutlich dicker und stabiler, um die Belastungen durch knallende T\u00fcren und w\u00fctende Teenager gut aufnehmen zu k\u00f6nnen. Ich habe das auch schonmal mit verst\u00e4rkten UW-Profilen gebaut (siehe <a href=\"http:\/\/www.dannwollenwirmal.de\/?p=376\"><strong>hier<\/strong><\/a>), dieses mal aber ganz klassisch mit UA&#8217;s vom Boden zur Decke.<\/p>\n<p><a href=\"https:\/\/i0.wp.com\/www.dannwollenwirmal.de\/wp-content\/uploads\/2016\/05\/IMG_4364.jpg\"><img data-attachment-id=\"1499\" data-permalink=\"http:\/\/www.dannwollenwirmal.de\/?attachment_id=1499#main\" data-orig-file=\"https:\/\/i0.wp.com\/www.dannwollenwirmal.de\/wp-content\/uploads\/2016\/05\/IMG_4364.jpg?fit=652%2C652\" data-orig-size=\"652,652\" data-comments-opened=\"1\" data-image-meta=\"{&quot;aperture&quot;:&quot;2.2&quot;,&quot;credit&quot;:&quot;&quot;,&quot;camera&quot;:&quot;iPhone 6&quot;,&quot;caption&quot;:&quot;&quot;,&quot;created_timestamp&quot;:&quot;1464088452&quot;,&quot;copyright&quot;:&quot;&quot;,&quot;focal_length&quot;:&quot;4.15&quot;,&quot;iso&quot;:&quot;200&quot;,&quot;shutter_speed&quot;:&quot;0.033333333333333&quot;,&quot;title&quot;:&quot;&quot;,&quot;orientation&quot;:&quot;1&quot;}\" data-image-title=\"IMG_4364\" data-image-description=\"&lt;p&gt;UA-Profile Winkel&lt;\/p&gt;\n\" data-image-caption=\"\" data-medium-file=\"https:\/\/i0.wp.com\/www.dannwollenwirmal.de\/wp-content\/uploads\/2016\/05\/IMG_4364.jpg?fit=300%2C300\" data-large-file=\"https:\/\/i0.wp.com\/www.dannwollenwirmal.de\/wp-content\/uploads\/2016\/05\/IMG_4364.jpg?fit=652%2C652\" loading=\"lazy\" class=\"alignnone wp-image-1499 size-full\" src=\"https:\/\/i0.wp.com\/www.dannwollenwirmal.de\/wp-content\/uploads\/2016\/05\/IMG_4364.jpg?resize=652%2C652\" alt=\"IMG_4364\" width=\"652\" height=\"652\" srcset=\"https:\/\/i0.wp.com\/www.dannwollenwirmal.de\/wp-content\/uploads\/2016\/05\/IMG_4364.jpg?w=652 652w, https:\/\/i0.wp.com\/www.dannwollenwirmal.de\/wp-content\/uploads\/2016\/05\/IMG_4364.jpg?resize=150%2C150 150w, https:\/\/i0.wp.com\/www.dannwollenwirmal.de\/wp-content\/uploads\/2016\/05\/IMG_4364.jpg?resize=300%2C300 300w\" sizes=\"(max-width: 652px) 100vw, 652px\" data-recalc-dims=\"1\" \/><br \/>\n<\/a><em>UA-Profile mit Befestigungswinkeln<\/em><\/p>\n<p>Ein Satz Befestigungswinkel beinhaltet vier Winkel mit jeweils zwei Schrauben und Muttern, man braucht also einen Satz pro T\u00fcr. Wenn die T\u00fcr steht, werden nun C<em>W-Profile<\/em> in die UWs gestellt. Der Abstand richtet sich nach den verwendeten Platten. In diesem Fall habe ich <em>Einmannplatten<\/em> benutzt, weil das Treppenhaus f\u00fcr die gro\u00dfen etwas eng war. Dabei halbiert sich aber auch der Abstand der CW-Profile im Gegensatz zur gro\u00dfen Platte, so dass etwa alle 30cm ein Steher steht:<\/p>\n<p><a href=\"https:\/\/i2.wp.com\/www.dannwollenwirmal.de\/wp-content\/uploads\/2016\/05\/IMG_4366.jpg\"><img data-attachment-id=\"1500\" data-permalink=\"http:\/\/www.dannwollenwirmal.de\/?attachment_id=1500#main\" data-orig-file=\"https:\/\/i2.wp.com\/www.dannwollenwirmal.de\/wp-content\/uploads\/2016\/05\/IMG_4366.jpg?fit=652%2C652\" data-orig-size=\"652,652\" data-comments-opened=\"1\" data-image-meta=\"{&quot;aperture&quot;:&quot;2.2&quot;,&quot;credit&quot;:&quot;&quot;,&quot;camera&quot;:&quot;iPhone 6&quot;,&quot;caption&quot;:&quot;&quot;,&quot;created_timestamp&quot;:&quot;1464091865&quot;,&quot;copyright&quot;:&quot;&quot;,&quot;focal_length&quot;:&quot;4.15&quot;,&quot;iso&quot;:&quot;80&quot;,&quot;shutter_speed&quot;:&quot;0.033333333333333&quot;,&quot;title&quot;:&quot;&quot;,&quot;orientation&quot;:&quot;1&quot;}\" data-image-title=\"IMG_4366\" data-image-description=\"&lt;p&gt;UW-Profile&lt;\/p&gt;\n\" data-image-caption=\"\" data-medium-file=\"https:\/\/i2.wp.com\/www.dannwollenwirmal.de\/wp-content\/uploads\/2016\/05\/IMG_4366.jpg?fit=300%2C300\" data-large-file=\"https:\/\/i2.wp.com\/www.dannwollenwirmal.de\/wp-content\/uploads\/2016\/05\/IMG_4366.jpg?fit=652%2C652\" loading=\"lazy\" class=\"alignnone wp-image-1500 size-full\" src=\"https:\/\/i2.wp.com\/www.dannwollenwirmal.de\/wp-content\/uploads\/2016\/05\/IMG_4366.jpg?resize=652%2C652\" alt=\"IMG_4366\" width=\"652\" height=\"652\" srcset=\"https:\/\/i2.wp.com\/www.dannwollenwirmal.de\/wp-content\/uploads\/2016\/05\/IMG_4366.jpg?w=652 652w, https:\/\/i2.wp.com\/www.dannwollenwirmal.de\/wp-content\/uploads\/2016\/05\/IMG_4366.jpg?resize=150%2C150 150w, https:\/\/i2.wp.com\/www.dannwollenwirmal.de\/wp-content\/uploads\/2016\/05\/IMG_4366.jpg?resize=300%2C300 300w\" sizes=\"(max-width: 652px) 100vw, 652px\" data-recalc-dims=\"1\" \/><\/a><br \/>\nC<em>W-Profile<\/em><\/p>\n<p>Die CWs werden, anders als ich fr\u00fcher dachte, nicht mit den UWs verschraubt, sondern einfach nur reingestellt. Dann kann man sie beim beplanken noch ausrichten und die Verschraubung erfolgt nachher mit der Platte.<\/p>\n<p>Nun werden die Platten angebracht und mit den CW-Profilen verschraubt. Wenn man bei den UAs angelangt ist, braucht man Trockenbauschrauben mit einer Bohrspitze, um besser in das Metall zu kommen.<\/p>\n<p><a href=\"https:\/\/i0.wp.com\/www.dannwollenwirmal.de\/wp-content\/uploads\/2016\/05\/IMG_4368.jpg\"><img data-attachment-id=\"1501\" data-permalink=\"http:\/\/www.dannwollenwirmal.de\/?attachment_id=1501#main\" data-orig-file=\"https:\/\/i0.wp.com\/www.dannwollenwirmal.de\/wp-content\/uploads\/2016\/05\/IMG_4368.jpg?fit=652%2C652\" data-orig-size=\"652,652\" data-comments-opened=\"1\" data-image-meta=\"{&quot;aperture&quot;:&quot;2.2&quot;,&quot;credit&quot;:&quot;&quot;,&quot;camera&quot;:&quot;iPhone 6&quot;,&quot;caption&quot;:&quot;&quot;,&quot;created_timestamp&quot;:&quot;1464168912&quot;,&quot;copyright&quot;:&quot;&quot;,&quot;focal_length&quot;:&quot;4.15&quot;,&quot;iso&quot;:&quot;320&quot;,&quot;shutter_speed&quot;:&quot;0.03030303030303&quot;,&quot;title&quot;:&quot;&quot;,&quot;orientation&quot;:&quot;1&quot;}\" data-image-title=\"IMG_4368\" data-image-description=\"&lt;p&gt;Schrauben UA Profil&lt;\/p&gt;\n\" data-image-caption=\"\" data-medium-file=\"https:\/\/i0.wp.com\/www.dannwollenwirmal.de\/wp-content\/uploads\/2016\/05\/IMG_4368.jpg?fit=300%2C300\" data-large-file=\"https:\/\/i0.wp.com\/www.dannwollenwirmal.de\/wp-content\/uploads\/2016\/05\/IMG_4368.jpg?fit=652%2C652\" loading=\"lazy\" class=\"alignnone size-full wp-image-1501\" src=\"https:\/\/i0.wp.com\/www.dannwollenwirmal.de\/wp-content\/uploads\/2016\/05\/IMG_4368.jpg?resize=652%2C652\" alt=\"IMG_4368\" width=\"652\" height=\"652\" srcset=\"https:\/\/i0.wp.com\/www.dannwollenwirmal.de\/wp-content\/uploads\/2016\/05\/IMG_4368.jpg?w=652 652w, https:\/\/i0.wp.com\/www.dannwollenwirmal.de\/wp-content\/uploads\/2016\/05\/IMG_4368.jpg?resize=150%2C150 150w, https:\/\/i0.wp.com\/www.dannwollenwirmal.de\/wp-content\/uploads\/2016\/05\/IMG_4368.jpg?resize=300%2C300 300w\" sizes=\"(max-width: 652px) 100vw, 652px\" data-recalc-dims=\"1\" \/><\/a><br \/>\n<em>Feiner Unterschied: Links mit Bohrspitze f\u00fcr UA, rechts f\u00fcr UW-Profile.<\/em><\/p>\n<p>Wenn eine Seite beplankt ist, wird der Raum zwischen den Stehern mit Steinwolle zur Schalld\u00e4mmung ausgef\u00fcllt. Danach kann die zweite Seite verschlossen werden.<\/p>\n<p><a href=\"https:\/\/i2.wp.com\/www.dannwollenwirmal.de\/wp-content\/uploads\/2016\/05\/IMG_4369.jpg\"><img data-attachment-id=\"1502\" data-permalink=\"http:\/\/www.dannwollenwirmal.de\/?attachment_id=1502#main\" data-orig-file=\"https:\/\/i2.wp.com\/www.dannwollenwirmal.de\/wp-content\/uploads\/2016\/05\/IMG_4369.jpg?fit=652%2C652\" data-orig-size=\"652,652\" data-comments-opened=\"1\" data-image-meta=\"{&quot;aperture&quot;:&quot;2.2&quot;,&quot;credit&quot;:&quot;&quot;,&quot;camera&quot;:&quot;iPhone 6&quot;,&quot;caption&quot;:&quot;&quot;,&quot;created_timestamp&quot;:&quot;1464172243&quot;,&quot;copyright&quot;:&quot;&quot;,&quot;focal_length&quot;:&quot;4.15&quot;,&quot;iso&quot;:&quot;250&quot;,&quot;shutter_speed&quot;:&quot;0.066666666666667&quot;,&quot;title&quot;:&quot;&quot;,&quot;orientation&quot;:&quot;1&quot;}\" data-image-title=\"IMG_4369\" data-image-description=\"&lt;p&gt;Beplanken und D\u00e4mmen&lt;\/p&gt;\n\" data-image-caption=\"\" data-medium-file=\"https:\/\/i2.wp.com\/www.dannwollenwirmal.de\/wp-content\/uploads\/2016\/05\/IMG_4369.jpg?fit=300%2C300\" data-large-file=\"https:\/\/i2.wp.com\/www.dannwollenwirmal.de\/wp-content\/uploads\/2016\/05\/IMG_4369.jpg?fit=652%2C652\" loading=\"lazy\" class=\"alignnone size-full wp-image-1502\" src=\"https:\/\/i2.wp.com\/www.dannwollenwirmal.de\/wp-content\/uploads\/2016\/05\/IMG_4369.jpg?resize=652%2C652\" alt=\"IMG_4369\" width=\"652\" height=\"652\" srcset=\"https:\/\/i2.wp.com\/www.dannwollenwirmal.de\/wp-content\/uploads\/2016\/05\/IMG_4369.jpg?w=652 652w, https:\/\/i2.wp.com\/www.dannwollenwirmal.de\/wp-content\/uploads\/2016\/05\/IMG_4369.jpg?resize=150%2C150 150w, https:\/\/i2.wp.com\/www.dannwollenwirmal.de\/wp-content\/uploads\/2016\/05\/IMG_4369.jpg?resize=300%2C300 300w\" sizes=\"(max-width: 652px) 100vw, 652px\" data-recalc-dims=\"1\" \/><\/a><br \/>\n<em>Beplanken und D\u00e4mmen<\/em><\/p>\n<p>Nun geht es zum Spachteln. An den Wand- und Deckenanschl\u00fcssen klebe ich Trennfix-Band. Sp\u00e4ter wird bis an dieses Band herangespachtelt, das \u00fcberstehende Band nach dem Trocknen abgeschnitten und dann eine kleine Acrylfuge gezogen. So sind die Bauteile entkoppelt und man vermeidet unkontrollierte Rissbildung.<\/p>\n<p>Die Plattenst\u00f6\u00dfe und Schraubenk\u00f6pfe werden nun gespachtelt (Stumpfe Plattenst\u00f6\u00dfe m\u00fcssen angefast werden), und bei Bedarf mehrfach geschliffen und nachgespachtelt.<\/p>\n<p>Am Ende erfolgt dann der Wandbelag, entweder nur streichen, oder tapezieren (vorher grundieren!), ein Putz oder Fliesen. Das war&#8217;s schon \ud83d\ude42<\/p>\n<p>Man sieht also, eigentlich keine so gro\u00dfe Aktion. Inklusive T\u00fcreinbau war ich netto etwa einen Tag damit besch\u00e4ftigt. Mit den Metallprofilen geht es meiner Meinung nach auch deutlich schneller als mit Holz, au\u00dferdem verzieht sich nix mehr. Daf\u00fcr sind sie ein wenig teurer. Die Platten sollte man nach Anwendung w\u00e4hlen: F\u00fcr einfache Trennw\u00e4nde reicht die hier erw\u00e4hnte &#8222;normale&#8220; Bauplatte (12,5mm sollte sie aber schon haben!), bei Feuchtr\u00e4umen w\u00fcrde man die impr\u00e4gnierte w\u00e4hlen. Manche schw\u00f6ren auch auf Gipsfaserplatten (Fermacell o.\u00e4.), ich mag die aber nicht so gerne, weil es schwieriger ist, dort wirklich <del>arsch<\/del>glatte Fugen hinzukriegen. Neu ist \u00fcbrigens die <a href=\"http:\/\/www.rigips-habito.de\/\"><strong>Habito<\/strong> <\/a>von Rigips, eine massive Wohnraumplatte, an der man beispielsweise Regale mit einer einfachen Schraube (nicht mal D\u00fcbel!) befestigen kann. Ich habe sie noch nicht verarbeitet, es klingt aber sehr vielversprechend.<\/p>\n<p>Also, so einfach kann man Trennw\u00e4nde ziehen und damit streitbare Geschwister dividieren oder eine <em>Geheimwand<\/em> bauen! N\u00e4chste Woche zeige ich dann, wie sich mit Druck auf das siebte Buch von rechts die geheime Dreht\u00fcr \u00f6ffnen l\u00e4sst. Simsalabim!<\/p>\n<div class=\"sharedaddy sd-sharing-enabled\"><div class=\"robots-nocontent sd-block sd-social sd-social-icon-text sd-sharing\"><h3 class=\"sd-title\">Teilen mit:<\/h3><div class=\"sd-content\"><ul><li class=\"share-email\"><a rel=\"nofollow noopener noreferrer\" data-shared=\"\" class=\"share-email sd-button share-icon\" href=\"http:\/\/www.dannwollenwirmal.de\/?p=1497&amp;share=email\" target=\"_blank\" title=\"Klick, um dies einem Freund per E-Mail zu senden\"><span>E-Mail<\/span><\/a><\/li><li class=\"share-print\"><a rel=\"nofollow noopener noreferrer\" data-shared=\"\" class=\"share-print sd-button share-icon\" href=\"http:\/\/www.dannwollenwirmal.de\/?p=1497\" target=\"_blank\" title=\"Klicken zum Ausdrucken\"><span>Drucken<\/span><\/a><\/li><li class=\"share-facebook\"><a rel=\"nofollow noopener noreferrer\" data-shared=\"sharing-facebook-1497\" class=\"share-facebook sd-button share-icon\" href=\"http:\/\/www.dannwollenwirmal.de\/?p=1497&amp;share=facebook\" target=\"_blank\" title=\"Klick, um auf Facebook zu teilen\"><span>Facebook<\/span><\/a><\/li><li class=\"share-twitter\"><a rel=\"nofollow noopener noreferrer\" data-shared=\"sharing-twitter-1497\" class=\"share-twitter sd-button share-icon\" href=\"http:\/\/www.dannwollenwirmal.de\/?p=1497&amp;share=twitter\" target=\"_blank\" title=\"Klick, um \u00fcber Twitter zu teilen\"><span>Twitter<\/span><\/a><\/li><li class=\"share-pinterest\"><a rel=\"nofollow noopener noreferrer\" data-shared=\"sharing-pinterest-1497\" class=\"share-pinterest sd-button share-icon\" href=\"http:\/\/www.dannwollenwirmal.de\/?p=1497&amp;share=pinterest\" target=\"_blank\" title=\"Klick, um auf Pinterest zu teilen\"><span>Pinterest<\/span><\/a><\/li><li class=\"share-linkedin\"><a rel=\"nofollow noopener noreferrer\" data-shared=\"sharing-linkedin-1497\" class=\"share-linkedin sd-button share-icon\" href=\"http:\/\/www.dannwollenwirmal.de\/?p=1497&amp;share=linkedin\" target=\"_blank\" title=\"Klick, um auf LinkedIn zu teilen\"><span>LinkedIn<\/span><\/a><\/li><li class=\"share-end\"><\/li><\/ul><\/div><\/div><\/div>","protected":false},"excerpt":{"rendered":"<p>Vielen Dank f\u00fcr die zahlreichen Beitr\u00e4ge in Kommentaren, Mails und fernm\u00fcndlichen Konferenzen zur Erg\u00e4nzung des Heimwerkerlexikons vom letzten mal. Nach aktuellem Stand muss die Mumpe (oder auch Mompe?) noch etwas genauer definiert werden. Zudem fehlt, gerade mit meinem regionalen Bezug, die ostwestf\u00e4lische Ma\u00dfeinheit &#8222;Tucken&#8220; (&#8222;Muss noch so&#8217;n Tucken nach links!&#8220;). Bitte weiterhin Vorschl\u00e4ge einreichen, ich [&hellip;]<\/p>\n<div class=\"sharedaddy sd-sharing-enabled\"><div class=\"robots-nocontent sd-block sd-social sd-social-icon-text sd-sharing\"><h3 class=\"sd-title\">Teilen mit:<\/h3><div class=\"sd-content\"><ul><li class=\"share-email\"><a rel=\"nofollow noopener noreferrer\" data-shared=\"\" class=\"share-email sd-button share-icon\" href=\"http:\/\/www.dannwollenwirmal.de\/?p=1497&amp;share=email\" target=\"_blank\" title=\"Klick, um dies einem Freund per E-Mail zu senden\"><span>E-Mail<\/span><\/a><\/li><li class=\"share-print\"><a rel=\"nofollow noopener noreferrer\" data-shared=\"\" class=\"share-print sd-button share-icon\" href=\"http:\/\/www.dannwollenwirmal.de\/?p=1497\" target=\"_blank\" title=\"Klicken zum Ausdrucken\"><span>Drucken<\/span><\/a><\/li><li class=\"share-facebook\"><a rel=\"nofollow noopener noreferrer\" data-shared=\"sharing-facebook-1497\" class=\"share-facebook sd-button share-icon\" href=\"http:\/\/www.dannwollenwirmal.de\/?p=1497&amp;share=facebook\" target=\"_blank\" title=\"Klick, um auf Facebook zu teilen\"><span>Facebook<\/span><\/a><\/li><li class=\"share-twitter\"><a rel=\"nofollow noopener noreferrer\" data-shared=\"sharing-twitter-1497\" class=\"share-twitter sd-button share-icon\" href=\"http:\/\/www.dannwollenwirmal.de\/?p=1497&amp;share=twitter\" target=\"_blank\" title=\"Klick, um \u00fcber Twitter zu teilen\"><span>Twitter<\/span><\/a><\/li><li class=\"share-pinterest\"><a rel=\"nofollow noopener noreferrer\" data-shared=\"sharing-pinterest-1497\" class=\"share-pinterest sd-button share-icon\" href=\"http:\/\/www.dannwollenwirmal.de\/?p=1497&amp;share=pinterest\" target=\"_blank\" title=\"Klick, um auf Pinterest zu teilen\"><span>Pinterest<\/span><\/a><\/li><li class=\"share-linkedin\"><a rel=\"nofollow noopener noreferrer\" data-shared=\"sharing-linkedin-1497\" class=\"share-linkedin sd-button share-icon\" href=\"http:\/\/www.dannwollenwirmal.de\/?p=1497&amp;share=linkedin\" target=\"_blank\" title=\"Klick, um auf LinkedIn zu teilen\"><span>LinkedIn<\/span><\/a><\/li><li class=\"share-end\"><\/li><\/ul><\/div><\/div><\/div>","protected":false},"author":1,"featured_media":0,"comment_status":"open","ping_status":"open","sticky":false,"template":"","format":"standard","meta":{"advanced_seo_description":"","spay_email":"","jetpack_publicize_message":"","jetpack_is_tweetstorm":false,"jetpack_publicize_feature_enabled":true},"categories":[1,385,62],"tags":[389,386,388,387],"jetpack_featured_media_url":"","jetpack_publicize_connections":[],"jetpack_shortlink":"https:\/\/wp.me\/s3WtlO-dawanda","jetpack_sharing_enabled":true,"jetpack-related-posts":[{"id":376,"url":"http:\/\/www.dannwollenwirmal.de\/?p=376","url_meta":{"origin":1497,"position":0},"title":"Die Wand","date":"8. M\u00e4rz 2014","format":false,"excerpt":"Da sich sicherlich viele fragen wie die Geschichte vom letzten mal ausgegangen ist: nach wenigen Minuten erhielt ich einen R\u00fcckruf, und am n\u00e4chsten morgen war ein Leymann-Mitarbeiter bei mir, der mir half, die falschen Profile runter- und die neuen hochzutragen. Das nenne ich Service! Man stelle sich das Ganze an\u2026","rel":"","context":"In &quot;Allgemein&quot;","img":{"alt_text":"T\u00fcrsturz Trockenbau","src":"https:\/\/i2.wp.com\/www.dannwollenwirmal.de\/wp-content\/uploads\/2014\/03\/wand4.jpg?resize=350%2C200","width":350,"height":200},"classes":[]},{"id":348,"url":"http:\/\/www.dannwollenwirmal.de\/?p=348","url_meta":{"origin":1497,"position":1},"title":"Zahnputzbecher","date":"24. Februar 2014","format":false,"excerpt":"Die H\u00e4lfte der Dachschr\u00e4gen ist nun schon beplankt und es geht nach einigen Startschwierigkeiten nun auch ganz gut von der Hand; wobei da ist noch Luft nach oben, gerade was die Schrauben angeht. Na, wird doch? Um mal einen Vergleich zu haben: Es gibt nich vieles, was mich nervt. Aber\u2026","rel":"","context":"In &quot;Allgemein&quot;","img":{"alt_text":"","src":"https:\/\/i2.wp.com\/www.dannwollenwirmal.de\/wp-content\/uploads\/2014\/02\/blechs.jpg?resize=350%2C200","width":350,"height":200},"classes":[]},{"id":2094,"url":"http:\/\/www.dannwollenwirmal.de\/?p=2094","url_meta":{"origin":1497,"position":2},"title":"Von Schalen, W\u00e4nden und Taschen","date":"19. November 2017","format":false,"excerpt":"Der Suchbegriff der Woche \"steinwolle juckt nicht\" hat mich nur ganz kurz gr\u00fcbeln lassen, nein, tut mir leid, daf\u00fcr habe ich jetzt auch keine L\u00f6sung parat. Schon \u00e4rgerlich, wenn die so gar nicht juckt? Da stellt man sich drauf ein und dann passiert nix. Schlimm sowas. Ich habe diese Woche\u2026","rel":"","context":"In &quot;Allgemein&quot;","img":{"alt_text":"","src":"https:\/\/i0.wp.com\/www.dannwollenwirmal.de\/wp-content\/uploads\/2017\/11\/IMG_5916.jpg?resize=350%2C200","width":350,"height":200},"classes":[]},{"id":1780,"url":"http:\/\/www.dannwollenwirmal.de\/?p=1780","url_meta":{"origin":1497,"position":3},"title":"Butter bei die Fische!","date":"5. Februar 2017","format":false,"excerpt":"Ich h\u00e4nge mit dem Blog mal wieder etwas hinter der Realit\u00e4t her; tats\u00e4chlich bin ich mitten in einem wahrlichen Gro\u00dfprojekt, welches ich ja hier und da schon mal angedeutet hatte. Im RealLife bin ich ja Mitinhaber einer Firma f\u00fcr Veranstaltungstechnik, und eben diese zieht in eine neue Lagerhalle. Da diese\u2026","rel":"","context":"In &quot;Allgemein&quot;","img":{"alt_text":"","src":"https:\/\/i0.wp.com\/www.dannwollenwirmal.de\/wp-content\/uploads\/2017\/02\/IMG_5107.jpg?resize=350%2C200","width":350,"height":200},"classes":[]},{"id":2056,"url":"http:\/\/www.dannwollenwirmal.de\/?p=2056","url_meta":{"origin":1497,"position":4},"title":"Gute Vors\u00e4tze","date":"22. Oktober 2017","format":false,"excerpt":"Allm\u00e4hlich beginnt der Herbst und ich habe wieder mehr Zeit f\u00fcr bauliche Projekte. Nicht am eigenen Haus (obwohl ich da sicherlich auch das ein oder andere auf dem Zettel h\u00e4tte), eher f\u00fcr Freunde und Bekannte, denn die stehen Schlange und es gibt schon eine regelrechte Warteliste. Denn auch wenn es\u2026","rel":"","context":"In &quot;Allgemein&quot;","img":{"alt_text":"Trennwand Trockenbau","src":"https:\/\/i0.wp.com\/www.dannwollenwirmal.de\/wp-content\/uploads\/2014\/03\/wand2.jpg?resize=350%2C200","width":350,"height":200},"classes":[]},{"id":1803,"url":"http:\/\/www.dannwollenwirmal.de\/?p=1803","url_meta":{"origin":1497,"position":5},"title":"Wand- und Bodenturnen","date":"19. Februar 2017","format":false,"excerpt":"Munter geht es weiter auf dem Gro\u00dfprojekt \"Umbau einer Lagerhalle\". Diese Woche standen als Bauabschnitte unter anderem die Einhausung des Gasanschlusses an. Aus dem Boden neben der zuk\u00fcnftigen Werkstatt-Ecke kommt n\u00e4mlich ein grotesk gro\u00dfes Gasrohr aus dem Boden, das in allerlei Schiebern, R\u00e4dern und Gasz\u00e4hlern endet. Der Gedanke, dass jemand\u2026","rel":"","context":"In &quot;Allgemein&quot;","img":{"alt_text":"","src":"https:\/\/i0.wp.com\/www.dannwollenwirmal.de\/wp-content\/uploads\/2017\/02\/IMG_5140.jpg?resize=350%2C200","width":350,"height":200},"classes":[]}],"_links":{"self":[{"href":"http:\/\/www.dannwollenwirmal.de\/index.php?rest_route=\/wp\/v2\/posts\/1497"}],"collection":[{"href":"http:\/\/www.dannwollenwirmal.de\/index.php?rest_route=\/wp\/v2\/posts"}],"about":[{"href":"http:\/\/www.dannwollenwirmal.de\/index.php?rest_route=\/wp\/v2\/types\/post"}],"author":[{"embeddable":true,"href":"http:\/\/www.dannwollenwirmal.de\/index.php?rest_route=\/wp\/v2\/users\/1"}],"replies":[{"embeddable":true,"href":"http:\/\/www.dannwollenwirmal.de\/index.php?rest_route=%2Fwp%2Fv2%2Fcomments&post=1497"}],"version-history":[{"count":5,"href":"http:\/\/www.dannwollenwirmal.de\/index.php?rest_route=\/wp\/v2\/posts\/1497\/revisions"}],"predecessor-version":[{"id":1508,"href":"http:\/\/www.dannwollenwirmal.de\/index.php?rest_route=\/wp\/v2\/posts\/1497\/revisions\/1508"}],"wp:attachment":[{"href":"http:\/\/www.dannwollenwirmal.de\/index.php?rest_route=%2Fwp%2Fv2%2Fmedia&parent=1497"}],"wp:term":[{"taxonomy":"category","embeddable":true,"href":"http:\/\/www.dannwollenwirmal.de\/index.php?rest_route=%2Fwp%2Fv2%2Fcategories&post=1497"},{"taxonomy":"post_tag","embeddable":true,"href":"http:\/\/www.dannwollenwirmal.de\/index.php?rest_route=%2Fwp%2Fv2%2Ftags&post=1497"}],"curies":[{"name":"wp","href":"https:\/\/api.w.org\/{rel}","templated":true}]}}