{"id":142,"date":"2013-10-22T09:35:12","date_gmt":"2013-10-22T07:35:12","guid":{"rendered":"http:\/\/www.dannwollenwirmal.de\/?p=142"},"modified":"2013-10-22T17:26:14","modified_gmt":"2013-10-22T15:26:14","slug":"akrobatik-und-attraktionen","status":"publish","type":"post","link":"http:\/\/www.dannwollenwirmal.de\/?p=142","title":{"rendered":"Akrobatik und Attraktionen"},"content":{"rendered":"<p>Nach dem gro\u00dfen Regengu\u00df vorletzte Woche habe ich dann doch zwei Stellen gefunden, an denen Wasser durch das Dach gelangt ist; einmal oben im Spitzboden (kann man durch die Folie auf der Isolierung gut erkennen), und einmal im Eingangsbereich, den ich noch nicht &#8218;verkleidet&#8216; habe; am Spitzboden ist es eine Ecke an der sich die <a href=\"http:\/\/de.wikipedia.org\/wiki\/Dachgrat\">Grate <\/a>und der First des Daches treffen, und beim Eingang unter einer <a href=\"http:\/\/de.wikipedia.org\/wiki\/Dachkehle\">Dachkehle<\/a>. Scheinbar gibt es also Undichtigkeiten eher an solchen Stellen als in der Dachfl\u00e4che.<\/p>\n<p>Ebenso wie beim Dachfenstereinbau holte ich mir f\u00fcr diese Problemchen professionelle Unterst\u00fctzung durch den Zimmermann, Dachdecker und Multifunktionsmenschen C. aus M., der angstfrei, aber auch sicherungsfrei spektakul\u00e4r das Dach erklomm und sich die besch\u00e4digten Stellen ansah. Das sorgte f\u00fcr Aufsehen bei Nachbarn und Passanten und ich finde, eine kleine Jonglage h\u00e4tte sich noch gut gemacht.<\/p>\n<p><a href=\"https:\/\/i1.wp.com\/www.dannwollenwirmal.de\/wp-content\/uploads\/2013\/10\/dachrep.jpg\"><img data-attachment-id=\"144\" data-permalink=\"http:\/\/www.dannwollenwirmal.de\/?attachment_id=144#main\" data-orig-file=\"https:\/\/i1.wp.com\/www.dannwollenwirmal.de\/wp-content\/uploads\/2013\/10\/dachrep.jpg?fit=652%2C489\" data-orig-size=\"652,489\" data-comments-opened=\"1\" data-image-meta=\"{&quot;aperture&quot;:&quot;0&quot;,&quot;credit&quot;:&quot;&quot;,&quot;camera&quot;:&quot;&quot;,&quot;caption&quot;:&quot;&quot;,&quot;created_timestamp&quot;:&quot;0&quot;,&quot;copyright&quot;:&quot;&quot;,&quot;focal_length&quot;:&quot;0&quot;,&quot;iso&quot;:&quot;0&quot;,&quot;shutter_speed&quot;:&quot;0&quot;,&quot;title&quot;:&quot;&quot;}\" data-image-title=\"dachrep\" data-image-description=\"&lt;p&gt;Dachreparatur mit Walzblei&lt;\/p&gt;\n\" data-image-caption=\"\" data-medium-file=\"https:\/\/i1.wp.com\/www.dannwollenwirmal.de\/wp-content\/uploads\/2013\/10\/dachrep.jpg?fit=300%2C225\" data-large-file=\"https:\/\/i1.wp.com\/www.dannwollenwirmal.de\/wp-content\/uploads\/2013\/10\/dachrep.jpg?fit=652%2C489\" loading=\"lazy\" class=\"alignnone size-full wp-image-144\" alt=\"Dachreparatur\" src=\"https:\/\/i1.wp.com\/www.dannwollenwirmal.de\/wp-content\/uploads\/2013\/10\/dachrep.jpg?resize=652%2C489\" width=\"652\" height=\"489\" srcset=\"https:\/\/i1.wp.com\/www.dannwollenwirmal.de\/wp-content\/uploads\/2013\/10\/dachrep.jpg?w=652 652w, https:\/\/i1.wp.com\/www.dannwollenwirmal.de\/wp-content\/uploads\/2013\/10\/dachrep.jpg?resize=300%2C225 300w\" sizes=\"(max-width: 652px) 100vw, 652px\" data-recalc-dims=\"1\" \/><\/a><br \/>\n<em>Dachreparatur mit Walzblei<\/em><\/p>\n<p>Zur Reparatur wurde Walzblei benutzt. Es wird in passende St\u00fccke geschnitten (da es so weich ist, geht das mit einem Cuttermesser oder einer (Blech-)Schere) und mit einem Kunststoffhammer dann auf dem Dach der Form der Dachziegel angepasst. Mit Silikon wird es an den Dachziegeln befestigt.<\/p>\n<p>Am First wurde dann eine Leiter aufs Dach gelegt, und damit diese nicht komplett herunterrutscht (wobei, das w\u00e4re wirklich spektakul\u00e4r gewesen!), wird sie in einen Dachhaken eingeh\u00e4ngt. Diese Sicherheitshaken sind bei Neubauten Pflicht, schauen dann aus der Deckung heraus und dort lassen sich Dachdecker- oder Kaminkehrerleitern einh\u00e4ngen. Selbst bei unserem alten Dach gab es einen solchen Haken, zus\u00e4tzlich habe ich dem Artisten noch einen Sicherheitsgurt aufgezwungen; das scheint ja bei Dachdeckern relativ un\u00fcblich zu sein, wenn ich da an meine Branche (B\u00fchnenbau) denke, dort wird auch bei geringeren H\u00f6hen grunds\u00e4tzlich gesichert.<\/p>\n<p>Aber es gibt -wusste ich auch nicht- spezielle Dachdeckerschuhe, mit Autoreifen besohlt und daher zumindest bei trocknen D\u00e4chern wohl recht griffig. Ich habe es nicht ausprobiert und emfehle meinen Lesern auch ausdr\u00fccklich, <em>das nicht nachzumachen!<\/em><\/p>\n<p><a href=\"https:\/\/i1.wp.com\/www.dannwollenwirmal.de\/wp-content\/uploads\/2013\/10\/dreiecke.jpg\"><img data-attachment-id=\"145\" data-permalink=\"http:\/\/www.dannwollenwirmal.de\/?attachment_id=145#main\" data-orig-file=\"https:\/\/i1.wp.com\/www.dannwollenwirmal.de\/wp-content\/uploads\/2013\/10\/dreiecke.jpg?fit=652%2C489\" data-orig-size=\"652,489\" data-comments-opened=\"1\" data-image-meta=\"{&quot;aperture&quot;:&quot;0&quot;,&quot;credit&quot;:&quot;&quot;,&quot;camera&quot;:&quot;&quot;,&quot;caption&quot;:&quot;&quot;,&quot;created_timestamp&quot;:&quot;0&quot;,&quot;copyright&quot;:&quot;&quot;,&quot;focal_length&quot;:&quot;0&quot;,&quot;iso&quot;:&quot;0&quot;,&quot;shutter_speed&quot;:&quot;0&quot;,&quot;title&quot;:&quot;&quot;}\" data-image-title=\"dreiecke\" data-image-description=\"&lt;p&gt;Stillleben aus Dreiecken&lt;\/p&gt;\n\" data-image-caption=\"\" data-medium-file=\"https:\/\/i1.wp.com\/www.dannwollenwirmal.de\/wp-content\/uploads\/2013\/10\/dreiecke.jpg?fit=300%2C225\" data-large-file=\"https:\/\/i1.wp.com\/www.dannwollenwirmal.de\/wp-content\/uploads\/2013\/10\/dreiecke.jpg?fit=652%2C489\" loading=\"lazy\" class=\"alignnone size-full wp-image-145\" alt=\"Holz-Dreiecke\" src=\"https:\/\/i1.wp.com\/www.dannwollenwirmal.de\/wp-content\/uploads\/2013\/10\/dreiecke.jpg?resize=652%2C489\" width=\"652\" height=\"489\" srcset=\"https:\/\/i1.wp.com\/www.dannwollenwirmal.de\/wp-content\/uploads\/2013\/10\/dreiecke.jpg?w=652 652w, https:\/\/i1.wp.com\/www.dannwollenwirmal.de\/wp-content\/uploads\/2013\/10\/dreiecke.jpg?resize=300%2C225 300w\" sizes=\"(max-width: 652px) 100vw, 652px\" data-recalc-dims=\"1\" \/><\/a><br \/>\n<em>Schr\u00e4ge Fl\u00e4chen verlangen schr\u00e4ge Zuschnitte<br \/>\n<\/em><\/p>\n<p>W\u00e4hrend das Dach nun hoffentlich dicht ist und ich den n\u00e4chsten Schauer mal abwarte, geht die Innenauskleidung munter weiter. Meine G\u00fcte, es sind aber wirklich verdammt viele Schr\u00e4gen! An den k\u00fcrzeren Dachseiten habe ich von neun Sparrenfeldern sechs mit Schr\u00e4gen.<\/p>\n<p><a href=\"https:\/\/i1.wp.com\/www.dannwollenwirmal.de\/wp-content\/uploads\/2013\/10\/erker.jpg\"><img data-attachment-id=\"146\" data-permalink=\"http:\/\/www.dannwollenwirmal.de\/?attachment_id=146#main\" data-orig-file=\"https:\/\/i1.wp.com\/www.dannwollenwirmal.de\/wp-content\/uploads\/2013\/10\/erker.jpg?fit=652%2C489\" data-orig-size=\"652,489\" data-comments-opened=\"1\" data-image-meta=\"{&quot;aperture&quot;:&quot;0&quot;,&quot;credit&quot;:&quot;&quot;,&quot;camera&quot;:&quot;&quot;,&quot;caption&quot;:&quot;&quot;,&quot;created_timestamp&quot;:&quot;0&quot;,&quot;copyright&quot;:&quot;&quot;,&quot;focal_length&quot;:&quot;0&quot;,&quot;iso&quot;:&quot;0&quot;,&quot;shutter_speed&quot;:&quot;0&quot;,&quot;title&quot;:&quot;&quot;}\" data-image-title=\"erker\" data-image-description=\"&lt;p&gt;Erker mit aufgedoppelten Sparren&lt;\/p&gt;\n\" data-image-caption=\"\" data-medium-file=\"https:\/\/i1.wp.com\/www.dannwollenwirmal.de\/wp-content\/uploads\/2013\/10\/erker.jpg?fit=300%2C225\" data-large-file=\"https:\/\/i1.wp.com\/www.dannwollenwirmal.de\/wp-content\/uploads\/2013\/10\/erker.jpg?fit=652%2C489\" loading=\"lazy\" class=\"alignnone size-full wp-image-146\" alt=\"Erker\" src=\"https:\/\/i1.wp.com\/www.dannwollenwirmal.de\/wp-content\/uploads\/2013\/10\/erker.jpg?resize=652%2C489\" width=\"652\" height=\"489\" srcset=\"https:\/\/i1.wp.com\/www.dannwollenwirmal.de\/wp-content\/uploads\/2013\/10\/erker.jpg?w=652 652w, https:\/\/i1.wp.com\/www.dannwollenwirmal.de\/wp-content\/uploads\/2013\/10\/erker.jpg?resize=300%2C225 300w\" sizes=\"(max-width: 652px) 100vw, 652px\" data-recalc-dims=\"1\" \/><\/a><em><br \/>\nDer Erker wird der kr\u00f6nende Abschluss<br \/>\n<\/em><\/p>\n<p>Die gr\u00f6\u00dfte Herausforderung kommt dann zum Schluss: Der Erker, oben im Bild, ist schon aufgedoppelt, aber wartet noch auf seine Unterdeckung. Das wird bestimmt noch viel Gefummel aber ich plane, diese Woche mit der Unterdeckungsaktion fertig zu werden.\u00a0 Wohl an \ud83d\ude42<\/p>\n<p>&nbsp;<\/p>\n<div class=\"sharedaddy sd-sharing-enabled\"><div class=\"robots-nocontent sd-block sd-social sd-social-icon-text sd-sharing\"><h3 class=\"sd-title\">Teilen mit:<\/h3><div class=\"sd-content\"><ul><li class=\"share-email\"><a rel=\"nofollow noopener noreferrer\" data-shared=\"\" class=\"share-email sd-button share-icon\" href=\"http:\/\/www.dannwollenwirmal.de\/?p=142&amp;share=email\" target=\"_blank\" title=\"Klick, um dies einem Freund per E-Mail zu senden\"><span>E-Mail<\/span><\/a><\/li><li class=\"share-print\"><a rel=\"nofollow noopener noreferrer\" data-shared=\"\" class=\"share-print sd-button share-icon\" href=\"http:\/\/www.dannwollenwirmal.de\/?p=142\" target=\"_blank\" title=\"Klicken zum Ausdrucken\"><span>Drucken<\/span><\/a><\/li><li class=\"share-facebook\"><a rel=\"nofollow noopener noreferrer\" data-shared=\"sharing-facebook-142\" class=\"share-facebook sd-button share-icon\" href=\"http:\/\/www.dannwollenwirmal.de\/?p=142&amp;share=facebook\" target=\"_blank\" title=\"Klick, um auf Facebook zu teilen\"><span>Facebook<\/span><\/a><\/li><li class=\"share-twitter\"><a rel=\"nofollow noopener noreferrer\" data-shared=\"sharing-twitter-142\" class=\"share-twitter sd-button share-icon\" href=\"http:\/\/www.dannwollenwirmal.de\/?p=142&amp;share=twitter\" target=\"_blank\" title=\"Klick, um \u00fcber Twitter zu teilen\"><span>Twitter<\/span><\/a><\/li><li class=\"share-pinterest\"><a rel=\"nofollow noopener noreferrer\" data-shared=\"sharing-pinterest-142\" class=\"share-pinterest sd-button share-icon\" href=\"http:\/\/www.dannwollenwirmal.de\/?p=142&amp;share=pinterest\" target=\"_blank\" title=\"Klick, um auf Pinterest zu teilen\"><span>Pinterest<\/span><\/a><\/li><li class=\"share-linkedin\"><a rel=\"nofollow noopener noreferrer\" data-shared=\"sharing-linkedin-142\" class=\"share-linkedin sd-button share-icon\" href=\"http:\/\/www.dannwollenwirmal.de\/?p=142&amp;share=linkedin\" target=\"_blank\" title=\"Klick, um auf LinkedIn zu teilen\"><span>LinkedIn<\/span><\/a><\/li><li class=\"share-end\"><\/li><\/ul><\/div><\/div><\/div>","protected":false},"excerpt":{"rendered":"<p>Nach dem gro\u00dfen Regengu\u00df vorletzte Woche habe ich dann doch zwei Stellen gefunden, an denen Wasser durch das Dach gelangt ist; einmal oben im Spitzboden (kann man durch die Folie auf der Isolierung gut erkennen), und einmal im Eingangsbereich, den ich noch nicht &#8218;verkleidet&#8216; habe; am Spitzboden ist es eine Ecke an der sich die [&hellip;]<\/p>\n<div class=\"sharedaddy sd-sharing-enabled\"><div class=\"robots-nocontent sd-block sd-social sd-social-icon-text sd-sharing\"><h3 class=\"sd-title\">Teilen mit:<\/h3><div class=\"sd-content\"><ul><li class=\"share-email\"><a rel=\"nofollow noopener noreferrer\" data-shared=\"\" class=\"share-email sd-button share-icon\" href=\"http:\/\/www.dannwollenwirmal.de\/?p=142&amp;share=email\" target=\"_blank\" title=\"Klick, um dies einem Freund per E-Mail zu senden\"><span>E-Mail<\/span><\/a><\/li><li class=\"share-print\"><a rel=\"nofollow noopener noreferrer\" data-shared=\"\" class=\"share-print sd-button share-icon\" href=\"http:\/\/www.dannwollenwirmal.de\/?p=142\" target=\"_blank\" title=\"Klicken zum Ausdrucken\"><span>Drucken<\/span><\/a><\/li><li class=\"share-facebook\"><a rel=\"nofollow noopener noreferrer\" data-shared=\"sharing-facebook-142\" class=\"share-facebook sd-button share-icon\" href=\"http:\/\/www.dannwollenwirmal.de\/?p=142&amp;share=facebook\" target=\"_blank\" title=\"Klick, um auf Facebook zu teilen\"><span>Facebook<\/span><\/a><\/li><li class=\"share-twitter\"><a rel=\"nofollow noopener noreferrer\" data-shared=\"sharing-twitter-142\" class=\"share-twitter sd-button share-icon\" href=\"http:\/\/www.dannwollenwirmal.de\/?p=142&amp;share=twitter\" target=\"_blank\" title=\"Klick, um \u00fcber Twitter zu teilen\"><span>Twitter<\/span><\/a><\/li><li class=\"share-pinterest\"><a rel=\"nofollow noopener noreferrer\" data-shared=\"sharing-pinterest-142\" class=\"share-pinterest sd-button share-icon\" href=\"http:\/\/www.dannwollenwirmal.de\/?p=142&amp;share=pinterest\" target=\"_blank\" title=\"Klick, um auf Pinterest zu teilen\"><span>Pinterest<\/span><\/a><\/li><li class=\"share-linkedin\"><a rel=\"nofollow noopener noreferrer\" data-shared=\"sharing-linkedin-142\" class=\"share-linkedin sd-button share-icon\" href=\"http:\/\/www.dannwollenwirmal.de\/?p=142&amp;share=linkedin\" target=\"_blank\" title=\"Klick, um auf LinkedIn zu teilen\"><span>LinkedIn<\/span><\/a><\/li><li class=\"share-end\"><\/li><\/ul><\/div><\/div><\/div>","protected":false},"author":1,"featured_media":0,"comment_status":"open","ping_status":"open","sticky":false,"template":"","format":"standard","meta":{"advanced_seo_description":"","spay_email":"","jetpack_publicize_message":"","jetpack_is_tweetstorm":false,"jetpack_publicize_feature_enabled":true},"categories":[1,3],"tags":[45,44,46,47,43],"jetpack_featured_media_url":"","jetpack_publicize_connections":[],"jetpack_shortlink":"https:\/\/wp.me\/p3WtlO-2i","jetpack_sharing_enabled":true,"jetpack-related-posts":[{"id":79,"url":"http:\/\/www.dannwollenwirmal.de\/?p=79","url_meta":{"origin":142,"position":0},"title":"Tobezimmer","date":"25. September 2013","format":false,"excerpt":"Sch\u00f6ne Idee eigentlich mit dem Tobezimmer oder der Pension \"unterm Dach\". Alles verworfen, der Spitzboden ist jetzt isoliert. Oder besser gesagt: Der Spitzboden-Boden ist isoliert. Der eigentliche Spitzboden bleibt unged\u00e4mmt. Klingt zun\u00e4chst vielleicht unlogisch (\"viel D\u00e4mmung hilft viel\"), aber es gibt ein paar gute Gr\u00fcnde: Bauphysikalisch ist es eigentlich das\u2026","rel":"","context":"In &quot;Allgemein&quot;","img":{"alt_text":"Selbstklebender Schutzbelag f\u00fcr die Treppe","src":"https:\/\/i1.wp.com\/www.dannwollenwirmal.de\/wp-content\/uploads\/2013\/09\/tv.jpg?resize=350%2C200","width":350,"height":200},"classes":[]},{"id":89,"url":"http:\/\/www.dannwollenwirmal.de\/?p=89","url_meta":{"origin":142,"position":1},"title":"nix geschafft!","date":"27. September 2013","format":false,"excerpt":"Also doch, eigentlich schon was geschafft. Immerhin zwei Sparrenfelder mit DWD-Platten und angeschlossenem Traufblech ausgestattet in etwa vier Stunden. Aber aller Anfang ist schwer und ich denke, wenn sich erst einmal ein gewisser \"Workflow\" eingependelt hat, wird es bei den n\u00e4chsten Feldern auch deutlich schneller gehen. Lattung und erste Platte\u2026","rel":"","context":"In &quot;Dach&quot;","img":{"alt_text":"Holzfaser-D\u00e4mmplatten im Dachknick","src":"https:\/\/i2.wp.com\/www.dannwollenwirmal.de\/wp-content\/uploads\/2013\/09\/es2.jpg?resize=350%2C200","width":350,"height":200},"classes":[]},{"id":515,"url":"http:\/\/www.dannwollenwirmal.de\/?p=515","url_meta":{"origin":142,"position":2},"title":"H\u00e4kchen dran!","date":"1. August 2014","format":false,"excerpt":"Ich habe tats\u00e4chlich mal ein paar Minuten Zeit zu bloggen, wenn mich auch der Hauptberuf im Moment 24\/7 einnimmt (andererseits hat Spiegel online gerade ein Feature \"Geld verdienen mit Blogs\", wer wei\u00df...? :) ). Das Ger\u00fcst ist schon wieder weg, aber es war \u00e4u\u00dferst n\u00fctzlich und der Traufenkasten erstrahlt auf\u2026","rel":"","context":"In &quot;Allgemein&quot;","img":{"alt_text":"","src":"https:\/\/i1.wp.com\/www.dannwollenwirmal.de\/wp-content\/uploads\/2014\/08\/4.jpg?resize=350%2C200","width":350,"height":200},"classes":[]},{"id":764,"url":"http:\/\/www.dannwollenwirmal.de\/?p=764","url_meta":{"origin":142,"position":3},"title":"Fu\u00dfleistenfinish","date":"11. Januar 2015","format":false,"excerpt":"W\u00e4hrend ich noch \u00fcber den Suchbegriff der Woche \"muss ich bei reibeputz ordentlich spachteln\" (gefolgt von \"kann ich fliesen auf einer laufenden fussbodenheizung verlegen\") schmunzeln muss, hatte ich ja versprochen, noch etwas zum Thema Fu\u00dfleisten - sozusagen als letzten Bauabschnitt- zu berichten. V\u00f6llig unterschlagen habe ich \u00fcbrigens meine Aufstiegsl\u00f6sung zum\u2026","rel":"","context":"In &quot;Allgemein&quot;","img":{"alt_text":"","src":"https:\/\/i1.wp.com\/www.dannwollenwirmal.de\/wp-content\/uploads\/2015\/01\/IMG_3220.jpg?resize=350%2C200","width":350,"height":200},"classes":[]},{"id":507,"url":"http:\/\/www.dannwollenwirmal.de\/?p=507","url_meta":{"origin":142,"position":4},"title":"Bodenturnen","date":"10. Juli 2014","format":false,"excerpt":"Unter dem Motto \"Lief jetzt mal nicht so\" k\u00f6nnte man das heutige Projekt zu den Akten legen. Irgendwie auch klar, wenn man etwas \"mal eben schnell\" machen will...doch von Anfang an: Ich habe schon l\u00e4nger eine reparaturbed\u00fcrftige Stelle am Haus: der r\u00fcckseitige Traufkasten war bereits beim Hauskauf an einigen Stellen\u2026","rel":"","context":"In &quot;Allgemein&quot;","img":{"alt_text":"","src":"https:\/\/i0.wp.com\/www.dannwollenwirmal.de\/wp-content\/uploads\/2014\/07\/Foto-2.jpg?resize=350%2C200","width":350,"height":200},"classes":[]},{"id":1023,"url":"http:\/\/www.dannwollenwirmal.de\/?p=1023","url_meta":{"origin":142,"position":5},"title":"Sommerpause IV","date":"12. Juli 2015","format":false,"excerpt":"In 24 Wochen ist Weihnachten! Weihnachten bei Heimwerkers 24. Dezember 2014 by mohlemeyer 5:49 Hurra, die Kinder sind wach! Das Licht geht an und der Tag wird mit einer fr\u00f6hlichen Runde \u201eFang mich doch\u201c \u00fcber s\u00e4mtliche Stockwerke er\u00f6ffnet. Nein, der Weihnachtsmann ist noch nicht da! 6:10 Fr\u00fchst\u00fcck. Der digital programmierbare\u2026","rel":"","context":"In &quot;Allgemein&quot;","img":{"alt_text":"","src":"","width":0,"height":0},"classes":[]}],"_links":{"self":[{"href":"http:\/\/www.dannwollenwirmal.de\/index.php?rest_route=\/wp\/v2\/posts\/142"}],"collection":[{"href":"http:\/\/www.dannwollenwirmal.de\/index.php?rest_route=\/wp\/v2\/posts"}],"about":[{"href":"http:\/\/www.dannwollenwirmal.de\/index.php?rest_route=\/wp\/v2\/types\/post"}],"author":[{"embeddable":true,"href":"http:\/\/www.dannwollenwirmal.de\/index.php?rest_route=\/wp\/v2\/users\/1"}],"replies":[{"embeddable":true,"href":"http:\/\/www.dannwollenwirmal.de\/index.php?rest_route=%2Fwp%2Fv2%2Fcomments&post=142"}],"version-history":[{"count":6,"href":"http:\/\/www.dannwollenwirmal.de\/index.php?rest_route=\/wp\/v2\/posts\/142\/revisions"}],"predecessor-version":[{"id":151,"href":"http:\/\/www.dannwollenwirmal.de\/index.php?rest_route=\/wp\/v2\/posts\/142\/revisions\/151"}],"wp:attachment":[{"href":"http:\/\/www.dannwollenwirmal.de\/index.php?rest_route=%2Fwp%2Fv2%2Fmedia&parent=142"}],"wp:term":[{"taxonomy":"category","embeddable":true,"href":"http:\/\/www.dannwollenwirmal.de\/index.php?rest_route=%2Fwp%2Fv2%2Fcategories&post=142"},{"taxonomy":"post_tag","embeddable":true,"href":"http:\/\/www.dannwollenwirmal.de\/index.php?rest_route=%2Fwp%2Fv2%2Ftags&post=142"}],"curies":[{"name":"wp","href":"https:\/\/api.w.org\/{rel}","templated":true}]}}