{"id":138,"date":"2013-10-17T07:49:18","date_gmt":"2013-10-17T05:49:18","guid":{"rendered":"http:\/\/www.dannwollenwirmal.de\/?p=138"},"modified":"2016-01-15T20:16:50","modified_gmt":"2016-01-15T19:16:50","slug":"zwischenstand","status":"publish","type":"post","link":"http:\/\/www.dannwollenwirmal.de\/?p=138","title":{"rendered":"Zwischenstand"},"content":{"rendered":"<p>Die gute Nachricht: Es geht voran! Die schlechte Nachricht: zum Bloggen sind die momentanen Arbeitsschritte nicht besonders abwechslungsreich. Ein Sparrenfeld nach dem anderen wird liebevoll ausgekleidet, und die einzigen &#8222;Highlights&#8220;, die diese Routine unterbrechen sind ab und zu mal eine Schr\u00e4ge, ein Dachfensteranschluss oder die Verwendung des <a href=\"http:\/\/www.dannwollenwirmal.de\/?p=113\">Chuck-Norris-Klebebands Tuscon No. 1<\/a>. Aber es geht gut voran und ich habe ungef\u00e4hr ein Drittel fertig. F\u00fcr ein Sparrenfeld ohne Besonderheiten brauche ich mittlerweile etwa 45 Minuten; eine deutliche Geschwindigkeitssteigerung im Vergleich zu den ersten Feldern. \ud83d\ude42<\/p>\n<p><a href=\"https:\/\/i1.wp.com\/www.dannwollenwirmal.de\/wp-content\/uploads\/2013\/10\/dicht.jpg\"><img data-attachment-id=\"136\" data-permalink=\"http:\/\/www.dannwollenwirmal.de\/?attachment_id=136#main\" data-orig-file=\"https:\/\/i1.wp.com\/www.dannwollenwirmal.de\/wp-content\/uploads\/2013\/10\/dicht.jpg?fit=652%2C489\" data-orig-size=\"652,489\" data-comments-opened=\"1\" data-image-meta=\"{&quot;aperture&quot;:&quot;0&quot;,&quot;credit&quot;:&quot;&quot;,&quot;camera&quot;:&quot;&quot;,&quot;caption&quot;:&quot;&quot;,&quot;created_timestamp&quot;:&quot;0&quot;,&quot;copyright&quot;:&quot;&quot;,&quot;focal_length&quot;:&quot;0&quot;,&quot;iso&quot;:&quot;0&quot;,&quot;shutter_speed&quot;:&quot;0&quot;,&quot;title&quot;:&quot;&quot;}\" data-image-title=\"dicht\" data-image-description=\"&lt;p&gt;Unterdeckung mit Holzfaser-D\u00e4mmplatten zwischen den Sparren &lt;\/p&gt;\n\" data-image-caption=\"&lt;p&gt;Unterdeckung mit Holzfaser-D\u00e4mmplatten&lt;\/p&gt;\n\" data-medium-file=\"https:\/\/i1.wp.com\/www.dannwollenwirmal.de\/wp-content\/uploads\/2013\/10\/dicht.jpg?fit=300%2C225\" data-large-file=\"https:\/\/i1.wp.com\/www.dannwollenwirmal.de\/wp-content\/uploads\/2013\/10\/dicht.jpg?fit=652%2C489\" loading=\"lazy\" class=\"size-full wp-image-136 alignnone\" alt=\"Unterdeckung mit Holzfaser-D\u00e4mmplatten\" src=\"https:\/\/i1.wp.com\/www.dannwollenwirmal.de\/wp-content\/uploads\/2013\/10\/dicht.jpg?resize=652%2C489\" width=\"652\" height=\"489\" srcset=\"https:\/\/i1.wp.com\/www.dannwollenwirmal.de\/wp-content\/uploads\/2013\/10\/dicht.jpg?w=652 652w, https:\/\/i1.wp.com\/www.dannwollenwirmal.de\/wp-content\/uploads\/2013\/10\/dicht.jpg?resize=300%2C225 300w\" sizes=\"(max-width: 652px) 100vw, 652px\" data-recalc-dims=\"1\" \/><\/a><\/p>\n<p><em>Es wird immer dichter&#8230;<\/em><\/p>\n<p>Sehr froh bin ich \u00fcbrigens \u00fcber die Traufbleche, die ich mir fertig zugeschnitten online bestellt habe. <del>An dieser Stelle eine Lanze f\u00fcr<\/del><br \/>\n&#8230;\u00e4hhh jetzt wollte ich ein wenig Werbung machen f\u00fcr den<a href=\"http:\/\/www.spenglerei-shop.de\"> Spenglerei-Shop<\/a>, wo ich gut und g\u00fcnstig diese Bleche her habe, nun gibt&#8217;s die Seite scheinbar nicht mehr. Das bringt mich jetzt ins Gr\u00fcbeln. Sollte ich diesen Laden in den Ruin getrieben haben? \ud83d\ude09<\/p>\n<p><a href=\"https:\/\/i2.wp.com\/www.dannwollenwirmal.de\/wp-content\/uploads\/2013\/10\/schrauben.jpg\"><img data-attachment-id=\"137\" data-permalink=\"http:\/\/www.dannwollenwirmal.de\/?attachment_id=137#main\" data-orig-file=\"https:\/\/i2.wp.com\/www.dannwollenwirmal.de\/wp-content\/uploads\/2013\/10\/schrauben.jpg?fit=652%2C489\" data-orig-size=\"652,489\" data-comments-opened=\"1\" data-image-meta=\"{&quot;aperture&quot;:&quot;0&quot;,&quot;credit&quot;:&quot;&quot;,&quot;camera&quot;:&quot;&quot;,&quot;caption&quot;:&quot;&quot;,&quot;created_timestamp&quot;:&quot;0&quot;,&quot;copyright&quot;:&quot;&quot;,&quot;focal_length&quot;:&quot;0&quot;,&quot;iso&quot;:&quot;0&quot;,&quot;shutter_speed&quot;:&quot;0&quot;,&quot;title&quot;:&quot;&quot;}\" data-image-title=\"schrauben\" data-image-description=\"&lt;p&gt;Schrauben-Sortiment zum Dachboden-Ausbau&lt;\/p&gt;\n\" data-image-caption=\"\" data-medium-file=\"https:\/\/i2.wp.com\/www.dannwollenwirmal.de\/wp-content\/uploads\/2013\/10\/schrauben.jpg?fit=300%2C225\" data-large-file=\"https:\/\/i2.wp.com\/www.dannwollenwirmal.de\/wp-content\/uploads\/2013\/10\/schrauben.jpg?fit=652%2C489\" loading=\"lazy\" class=\"alignnone size-full wp-image-137\" alt=\"Schrauben-Sortiment zum Dachboden-Ausbau\" src=\"https:\/\/i2.wp.com\/www.dannwollenwirmal.de\/wp-content\/uploads\/2013\/10\/schrauben.jpg?resize=652%2C489\" width=\"652\" height=\"489\" srcset=\"https:\/\/i2.wp.com\/www.dannwollenwirmal.de\/wp-content\/uploads\/2013\/10\/schrauben.jpg?w=652 652w, https:\/\/i2.wp.com\/www.dannwollenwirmal.de\/wp-content\/uploads\/2013\/10\/schrauben.jpg?resize=300%2C225 300w\" sizes=\"(max-width: 652px) 100vw, 652px\" data-recalc-dims=\"1\" \/><\/a><br \/>\n<em>Allerlei Schr\u00e4ubchen<\/em><\/p>\n<p>Ich habe <del>eine Menge Fanpost<\/del> eine Anfrage bekommen, welche Schrauben ich denn f\u00fcr was verwendet habe, daher hier eine kleine \u00dcbersicht:<\/p>\n<p>6 x 120 f\u00fcr die Sparren-Aufdoppelung<br \/>\n4 x 60 f\u00fcr das Befestigen der seitlichen Latten zur Aufnahme der Holzfaserplatten<br \/>\n4 x 40 f\u00fcr das Anbringen der Holzfaserplatten<br \/>\n4 x 20 f\u00fcr die Befestigung des Traufenblechs an der Holzfaserplatte (so kurz damit die Schraube nicht durchgeht; dadurch bleibt die Plattenoberfl\u00e4che unversehrt und es kommt keine Feuchtigkeit hinein)<\/p>\n<p>\u00dcbrigens alles Holzschrauben bzw. Spanplattenschrauben mit Torx-Antrieb. (Au\u00dfer die 4&#215;20, die gab&#8217;s nur mit Kreuz).<\/p>\n<p>Interessante Randnotiz: Wenn ich nur die DWD-Platten anbringen w\u00fcrde und gar keine Isolierung, h\u00e4tte ich immerhin einen (theoretischen) U-Wert von 1,56! Also besser als so manches altes Fenster.<\/p>\n<p>In einer Woche bin ich ein paar Tage weg und mein Ziel ist es, bis dahin die Unterdeckung fertig zu haben. Also, Anfeuern bitte! \ud83d\ude00<\/p>\n<p>&nbsp;<\/p>\n<p>&nbsp;<\/p>\n<p>&nbsp;<\/p>\n<div class=\"sharedaddy sd-sharing-enabled\"><div class=\"robots-nocontent sd-block sd-social sd-social-icon-text sd-sharing\"><h3 class=\"sd-title\">Teilen mit:<\/h3><div class=\"sd-content\"><ul><li class=\"share-email\"><a rel=\"nofollow noopener noreferrer\" data-shared=\"\" class=\"share-email sd-button share-icon\" href=\"http:\/\/www.dannwollenwirmal.de\/?p=138&amp;share=email\" target=\"_blank\" title=\"Klick, um dies einem Freund per E-Mail zu senden\"><span>E-Mail<\/span><\/a><\/li><li class=\"share-print\"><a rel=\"nofollow noopener noreferrer\" data-shared=\"\" class=\"share-print sd-button share-icon\" href=\"http:\/\/www.dannwollenwirmal.de\/?p=138\" target=\"_blank\" title=\"Klicken zum Ausdrucken\"><span>Drucken<\/span><\/a><\/li><li class=\"share-facebook\"><a rel=\"nofollow noopener noreferrer\" data-shared=\"sharing-facebook-138\" class=\"share-facebook sd-button share-icon\" href=\"http:\/\/www.dannwollenwirmal.de\/?p=138&amp;share=facebook\" target=\"_blank\" title=\"Klick, um auf Facebook zu teilen\"><span>Facebook<\/span><\/a><\/li><li class=\"share-twitter\"><a rel=\"nofollow noopener noreferrer\" data-shared=\"sharing-twitter-138\" class=\"share-twitter sd-button share-icon\" href=\"http:\/\/www.dannwollenwirmal.de\/?p=138&amp;share=twitter\" target=\"_blank\" title=\"Klick, um \u00fcber Twitter zu teilen\"><span>Twitter<\/span><\/a><\/li><li class=\"share-pinterest\"><a rel=\"nofollow noopener noreferrer\" data-shared=\"sharing-pinterest-138\" class=\"share-pinterest sd-button share-icon\" href=\"http:\/\/www.dannwollenwirmal.de\/?p=138&amp;share=pinterest\" target=\"_blank\" title=\"Klick, um auf Pinterest zu teilen\"><span>Pinterest<\/span><\/a><\/li><li class=\"share-linkedin\"><a rel=\"nofollow noopener noreferrer\" data-shared=\"sharing-linkedin-138\" class=\"share-linkedin sd-button share-icon\" href=\"http:\/\/www.dannwollenwirmal.de\/?p=138&amp;share=linkedin\" target=\"_blank\" title=\"Klick, um auf LinkedIn zu teilen\"><span>LinkedIn<\/span><\/a><\/li><li class=\"share-end\"><\/li><\/ul><\/div><\/div><\/div>","protected":false},"excerpt":{"rendered":"<p>Die gute Nachricht: Es geht voran! Die schlechte Nachricht: zum Bloggen sind die momentanen Arbeitsschritte nicht besonders abwechslungsreich. Ein Sparrenfeld nach dem anderen wird liebevoll ausgekleidet, und die einzigen &#8222;Highlights&#8220;, die diese Routine unterbrechen sind ab und zu mal eine Schr\u00e4ge, ein Dachfensteranschluss oder die Verwendung des Chuck-Norris-Klebebands Tuscon No. 1. Aber es geht gut [&hellip;]<\/p>\n<div class=\"sharedaddy sd-sharing-enabled\"><div class=\"robots-nocontent sd-block sd-social sd-social-icon-text sd-sharing\"><h3 class=\"sd-title\">Teilen mit:<\/h3><div class=\"sd-content\"><ul><li class=\"share-email\"><a rel=\"nofollow noopener noreferrer\" data-shared=\"\" class=\"share-email sd-button share-icon\" href=\"http:\/\/www.dannwollenwirmal.de\/?p=138&amp;share=email\" target=\"_blank\" title=\"Klick, um dies einem Freund per E-Mail zu senden\"><span>E-Mail<\/span><\/a><\/li><li class=\"share-print\"><a rel=\"nofollow noopener noreferrer\" data-shared=\"\" class=\"share-print sd-button share-icon\" href=\"http:\/\/www.dannwollenwirmal.de\/?p=138\" target=\"_blank\" title=\"Klicken zum Ausdrucken\"><span>Drucken<\/span><\/a><\/li><li class=\"share-facebook\"><a rel=\"nofollow noopener noreferrer\" data-shared=\"sharing-facebook-138\" class=\"share-facebook sd-button share-icon\" href=\"http:\/\/www.dannwollenwirmal.de\/?p=138&amp;share=facebook\" target=\"_blank\" title=\"Klick, um auf Facebook zu teilen\"><span>Facebook<\/span><\/a><\/li><li class=\"share-twitter\"><a rel=\"nofollow noopener noreferrer\" data-shared=\"sharing-twitter-138\" class=\"share-twitter sd-button share-icon\" href=\"http:\/\/www.dannwollenwirmal.de\/?p=138&amp;share=twitter\" target=\"_blank\" title=\"Klick, um \u00fcber Twitter zu teilen\"><span>Twitter<\/span><\/a><\/li><li class=\"share-pinterest\"><a rel=\"nofollow noopener noreferrer\" data-shared=\"sharing-pinterest-138\" class=\"share-pinterest sd-button share-icon\" href=\"http:\/\/www.dannwollenwirmal.de\/?p=138&amp;share=pinterest\" target=\"_blank\" title=\"Klick, um auf Pinterest zu teilen\"><span>Pinterest<\/span><\/a><\/li><li class=\"share-linkedin\"><a rel=\"nofollow noopener noreferrer\" data-shared=\"sharing-linkedin-138\" class=\"share-linkedin sd-button share-icon\" href=\"http:\/\/www.dannwollenwirmal.de\/?p=138&amp;share=linkedin\" target=\"_blank\" title=\"Klick, um auf LinkedIn zu teilen\"><span>LinkedIn<\/span><\/a><\/li><li class=\"share-end\"><\/li><\/ul><\/div><\/div><\/div>","protected":false},"author":1,"featured_media":0,"comment_status":"open","ping_status":"open","sticky":false,"template":"","format":"standard","meta":{"advanced_seo_description":"","spay_email":"","jetpack_publicize_message":"","jetpack_is_tweetstorm":false,"jetpack_publicize_feature_enabled":true},"categories":[1,3,21,334,15],"tags":[40,41,42],"jetpack_featured_media_url":"","jetpack_publicize_connections":[],"jetpack_shortlink":"https:\/\/wp.me\/p3WtlO-2e","jetpack_sharing_enabled":true,"jetpack-related-posts":[{"id":93,"url":"http:\/\/www.dannwollenwirmal.de\/?p=93","url_meta":{"origin":138,"position":0},"title":"Steter Tropfen&#8230;","date":"1. Oktober 2013","format":false,"excerpt":"...h\u00f6hlt den Stein. Uns so geht es weiter, Sparrenfeld f\u00fcr Sparrenfeld wird 'ausgekleidet' damit eben keine steten Tropen ins Innere gelangen. Dabei gibt es scheinbar kein einfaches 08\/15-Feld, sondern jedes hat seine Herausforderungen. Ein Dachfenster hier, ein L\u00fcftungsrohr da, immer gibt es kleine \"Problemchen\" und man muss etwas improvisieren. Die\u2026","rel":"","context":"In &quot;Allgemein&quot;","img":{"alt_text":"Sparrenabst\u00e4nde messen mit einem Lasrer-Distanzmesser","src":"https:\/\/i0.wp.com\/www.dannwollenwirmal.de\/wp-content\/uploads\/2013\/10\/laser.jpeg?resize=350%2C200","width":350,"height":200},"classes":[]},{"id":113,"url":"http:\/\/www.dannwollenwirmal.de\/?p=113","url_meta":{"origin":138,"position":1},"title":"Das teuerste Klebeband der Welt","date":"4. Oktober 2013","format":false,"excerpt":"Ich wollte ja noch etwas berichten von Anschl\u00fcssen an nervige St\u00f6renfriede wie Dachfenster, Rohre, Schr\u00e4gen...nun also erstmal das Dachfenster. Neben dem neu eingebauten gibt es bereits drei weitere Dachfenster (sowie ein Fenster in einem Erker, das wird bestimmt auch nochmal Fummelei...), die nun auch in meine Unterdeckung eingebunden werden m\u00fcssen.\u2026","rel":"","context":"In &quot;Allgemein&quot;","img":{"alt_text":"Tescon No 1 Klebeband","src":"https:\/\/i1.wp.com\/www.dannwollenwirmal.de\/wp-content\/uploads\/2013\/10\/rinne2.jpg?resize=350%2C200","width":350,"height":200},"classes":[]},{"id":2079,"url":"http:\/\/www.dannwollenwirmal.de\/?p=2079","url_meta":{"origin":138,"position":2},"title":"U-40-Party","date":"5. November 2017","format":false,"excerpt":"W\u00e4hrend wir letzte Woche noch die Vorarbeiten zum Dachschr\u00e4gen-Ausbau betrachtet haben (bekannterma\u00dfen macht die Arbeit, die man hinterher\u00a0nicht sieht, ja den L\u00f6wenanteil aus), geht es diese Woche nahtlos weiter und wir best\u00fccken Dachschr\u00e4ge und Decke mit Profilen und Gipskartonplatten. Zur Erinnerung: Das Ganze in Ausf\u00fchrlich hatten wir 2014 hier im\u2026","rel":"","context":"In &quot;Allgemein&quot;","img":{"alt_text":"","src":"https:\/\/i2.wp.com\/www.dannwollenwirmal.de\/wp-content\/uploads\/2017\/11\/IMG_5860.jpg?resize=350%2C200","width":350,"height":200},"classes":[]},{"id":99,"url":"http:\/\/www.dannwollenwirmal.de\/?p=99","url_meta":{"origin":138,"position":3},"title":"Einbau eines Dachfensters","date":"2. Oktober 2013","format":false,"excerpt":"Wenn man schon in einer sch\u00f6nen Gegend wohnt, sollte man diese auch sehen, und daher w\u00fcnschte ich mir ein Fenster in Richtung Westen, um den Ausblick auf die Porta Westfalica und das Kaiser-Wilhelm-Denkmal zu haben. Da ich mich selbst nicht so ganz allein an die Sache herantraute, holte ich mir\u2026","rel":"","context":"In &quot;Allgemein&quot;","img":{"alt_text":"Dachfenster, Befestigung","src":"https:\/\/i1.wp.com\/www.dannwollenwirmal.de\/wp-content\/uploads\/2013\/10\/df7.jpg?resize=350%2C200","width":350,"height":200},"classes":[]},{"id":1423,"url":"http:\/\/www.dannwollenwirmal.de\/?p=1423","url_meta":{"origin":138,"position":4},"title":"Sanostol","date":"10. April 2016","format":false,"excerpt":"Das Fassadenprojekt geht in die hei\u00dfe Phase! Nach einer Woche Trocknungszeit (wenn's nicht fertig wird, ich kann nix daf\u00fcr! Muss ja alles immer ewig trocknen! Ach, w\u00e4ren wir doch bei Zuhause im Gl\u00fcck!) hat der gute M. aus B. mir Anfang der Woche unter die Arme gegriffen und das ganze\u2026","rel":"","context":"In &quot;Allgemein&quot;","img":{"alt_text":"","src":"https:\/\/i1.wp.com\/www.dannwollenwirmal.de\/wp-content\/uploads\/2016\/04\/IMG_4252.jpg?resize=350%2C200","width":350,"height":200},"classes":[]},{"id":2070,"url":"http:\/\/www.dannwollenwirmal.de\/?p=2070","url_meta":{"origin":138,"position":5},"title":"Lernerfolgskontrolle","date":"29. Oktober 2017","format":false,"excerpt":"Ein Projekt, das eigentlich schon l\u00e4ngst h\u00e4tte begonnen vollendet werden sollen, ist die Bekleidung eines vollst\u00e4ndig entkernten Badraumes, und nein, es ist wieder nicht bei mir zuhause. Ich lebe in Frieden und momentan bauschuttfrei! :) Das R\u00e4umchen war mal ein Bad, allerdings ein ziemlich vermurkstes (Spanplatten haben, auch unter Fliesen,\u2026","rel":"","context":"In &quot;Allgemein&quot;","img":{"alt_text":"","src":"https:\/\/i1.wp.com\/www.dannwollenwirmal.de\/wp-content\/uploads\/2017\/10\/IMG_5851-e1509208520400-1024x1024.jpg?resize=350%2C200","width":350,"height":200},"classes":[]}],"_links":{"self":[{"href":"http:\/\/www.dannwollenwirmal.de\/index.php?rest_route=\/wp\/v2\/posts\/138"}],"collection":[{"href":"http:\/\/www.dannwollenwirmal.de\/index.php?rest_route=\/wp\/v2\/posts"}],"about":[{"href":"http:\/\/www.dannwollenwirmal.de\/index.php?rest_route=\/wp\/v2\/types\/post"}],"author":[{"embeddable":true,"href":"http:\/\/www.dannwollenwirmal.de\/index.php?rest_route=\/wp\/v2\/users\/1"}],"replies":[{"embeddable":true,"href":"http:\/\/www.dannwollenwirmal.de\/index.php?rest_route=%2Fwp%2Fv2%2Fcomments&post=138"}],"version-history":[{"count":2,"href":"http:\/\/www.dannwollenwirmal.de\/index.php?rest_route=\/wp\/v2\/posts\/138\/revisions"}],"predecessor-version":[{"id":140,"href":"http:\/\/www.dannwollenwirmal.de\/index.php?rest_route=\/wp\/v2\/posts\/138\/revisions\/140"}],"wp:attachment":[{"href":"http:\/\/www.dannwollenwirmal.de\/index.php?rest_route=%2Fwp%2Fv2%2Fmedia&parent=138"}],"wp:term":[{"taxonomy":"category","embeddable":true,"href":"http:\/\/www.dannwollenwirmal.de\/index.php?rest_route=%2Fwp%2Fv2%2Fcategories&post=138"},{"taxonomy":"post_tag","embeddable":true,"href":"http:\/\/www.dannwollenwirmal.de\/index.php?rest_route=%2Fwp%2Fv2%2Ftags&post=138"}],"curies":[{"name":"wp","href":"https:\/\/api.w.org\/{rel}","templated":true}]}}