{"id":1351,"date":"2016-02-28T08:00:25","date_gmt":"2016-02-28T07:00:25","guid":{"rendered":"http:\/\/www.dannwollenwirmal.de\/?p=1351"},"modified":"2016-02-27T18:23:40","modified_gmt":"2016-02-27T17:23:40","slug":"die-datsche-in-kloesewitz","status":"publish","type":"post","link":"http:\/\/www.dannwollenwirmal.de\/?p=1351","title":{"rendered":"Die Datsche in Kl\u00f6sewitz"},"content":{"rendered":"<p>Planung ist das halbe Leben! Oder so. Oder war es gutes Werkzeug? Das ist jedenfalls die halbe Arbeit. Die anstehende Fassadensanierung (immerhin n\u00e4hert sich der M\u00e4rz in gro\u00dfen Schritten) will wohl \u00fcberlegt sein und je mehr man sich bei sowas im Vorfeld Gedanken macht, desto schneller und reibungsloser (Der Auftrag des Reibeputzes geschah dann doch sehr reibungslos?!) sollte das ganze dann <em>hoffentlich<\/em> vonstatten gehen.<\/p>\n<p>Was ist der Plan?<\/p>\n<p>F\u00fcr alle, die vielleicht nicht t\u00e4glich hier vorbeischauen, sei an dieser Stelle der Plan erl\u00e4utert: Unser Dach muss gedeckt werden, also es <em>wird<\/em> auch gedeckt, und ich m\u00f6chte das dann hier aufgebaute Bauger\u00fcst nutzen, um unsere <del>marode<\/del> unsch\u00f6ne Fassade zu pimpen. Der bestehende Putz wurde an unz\u00e4hligen Stellen schlecht ausgebessert und in Richtung Sockel gibt es auch einige Hohlstellen.<\/p>\n<p><a href=\"https:\/\/i1.wp.com\/www.dannwollenwirmal.de\/wp-content\/uploads\/2016\/02\/IMG_4100.jpg\"><img data-attachment-id=\"1360\" data-permalink=\"http:\/\/www.dannwollenwirmal.de\/?attachment_id=1360#main\" data-orig-file=\"https:\/\/i1.wp.com\/www.dannwollenwirmal.de\/wp-content\/uploads\/2016\/02\/IMG_4100.jpg?fit=652%2C652\" data-orig-size=\"652,652\" data-comments-opened=\"1\" data-image-meta=\"{&quot;aperture&quot;:&quot;2.2&quot;,&quot;credit&quot;:&quot;&quot;,&quot;camera&quot;:&quot;iPhone 6&quot;,&quot;caption&quot;:&quot;&quot;,&quot;created_timestamp&quot;:&quot;1456500746&quot;,&quot;copyright&quot;:&quot;&quot;,&quot;focal_length&quot;:&quot;4.15&quot;,&quot;iso&quot;:&quot;32&quot;,&quot;shutter_speed&quot;:&quot;0.00025201612903226&quot;,&quot;title&quot;:&quot;&quot;,&quot;orientation&quot;:&quot;1&quot;}\" data-image-title=\"IMG_4100\" data-image-description=\"&lt;p&gt;Hohlstellen Putz&lt;\/p&gt;\n\" data-image-caption=\"\" data-medium-file=\"https:\/\/i1.wp.com\/www.dannwollenwirmal.de\/wp-content\/uploads\/2016\/02\/IMG_4100.jpg?fit=300%2C300\" data-large-file=\"https:\/\/i1.wp.com\/www.dannwollenwirmal.de\/wp-content\/uploads\/2016\/02\/IMG_4100.jpg?fit=652%2C652\" loading=\"lazy\" class=\"alignnone size-full wp-image-1360\" src=\"https:\/\/i1.wp.com\/www.dannwollenwirmal.de\/wp-content\/uploads\/2016\/02\/IMG_4100.jpg?resize=652%2C652\" alt=\"IMG_4100\" width=\"652\" height=\"652\" srcset=\"https:\/\/i1.wp.com\/www.dannwollenwirmal.de\/wp-content\/uploads\/2016\/02\/IMG_4100.jpg?w=652 652w, https:\/\/i1.wp.com\/www.dannwollenwirmal.de\/wp-content\/uploads\/2016\/02\/IMG_4100.jpg?resize=150%2C150 150w, https:\/\/i1.wp.com\/www.dannwollenwirmal.de\/wp-content\/uploads\/2016\/02\/IMG_4100.jpg?resize=300%2C300 300w\" sizes=\"(max-width: 652px) 100vw, 652px\" data-recalc-dims=\"1\" \/><\/a><br \/>\n<em>Hohlstellen oberhalb des Sockels<\/em><\/p>\n<p>&nbsp;<\/p>\n<p>Wenn das Ger\u00fcst steht, wird der Boden mit Malervlies und die Fenster mit einer selbstklebenden Folie abgedeckt, denn ein wenig Sauerei wird da schon entstehen. Als erstes wird die ganze Fassade per Hochdruckreiniger ges\u00e4ubert, wobei sich erste lose Putzstellen l\u00f6sen d\u00fcrften. Die gr\u00f6\u00dferen Hohlstellen (also lose Teile des bestehenden Putzes) werden abgeschlagen und mit Zementputz b\u00fcndig angearbeitet. Nach Trocknung wird die ganze Fassade dann erstmal mit Tiefgrund grundiert. Das mache ich traditionell mit einer Unkrautspritze, weil ich mich nicht <em>totquasten<\/em> will. Spritzen ist auch laut Datenblatt erlaubt.<\/p>\n<p><a href=\"https:\/\/i1.wp.com\/www.dannwollenwirmal.de\/wp-content\/uploads\/2016\/02\/IMG_4101.jpg\"><img data-attachment-id=\"1361\" data-permalink=\"http:\/\/www.dannwollenwirmal.de\/?attachment_id=1361#main\" data-orig-file=\"https:\/\/i1.wp.com\/www.dannwollenwirmal.de\/wp-content\/uploads\/2016\/02\/IMG_4101.jpg?fit=652%2C652\" data-orig-size=\"652,652\" data-comments-opened=\"1\" data-image-meta=\"{&quot;aperture&quot;:&quot;2.2&quot;,&quot;credit&quot;:&quot;&quot;,&quot;camera&quot;:&quot;iPhone 6&quot;,&quot;caption&quot;:&quot;&quot;,&quot;created_timestamp&quot;:&quot;1456500761&quot;,&quot;copyright&quot;:&quot;&quot;,&quot;focal_length&quot;:&quot;4.15&quot;,&quot;iso&quot;:&quot;32&quot;,&quot;shutter_speed&quot;:&quot;0.0010373443983402&quot;,&quot;title&quot;:&quot;&quot;,&quot;orientation&quot;:&quot;1&quot;}\" data-image-title=\"IMG_4101\" data-image-description=\"\" data-image-caption=\"\" data-medium-file=\"https:\/\/i1.wp.com\/www.dannwollenwirmal.de\/wp-content\/uploads\/2016\/02\/IMG_4101.jpg?fit=300%2C300\" data-large-file=\"https:\/\/i1.wp.com\/www.dannwollenwirmal.de\/wp-content\/uploads\/2016\/02\/IMG_4101.jpg?fit=652%2C652\" loading=\"lazy\" class=\"alignnone size-full wp-image-1361\" src=\"https:\/\/i1.wp.com\/www.dannwollenwirmal.de\/wp-content\/uploads\/2016\/02\/IMG_4101.jpg?resize=652%2C652\" alt=\"IMG_4101\" width=\"652\" height=\"652\" srcset=\"https:\/\/i1.wp.com\/www.dannwollenwirmal.de\/wp-content\/uploads\/2016\/02\/IMG_4101.jpg?w=652 652w, https:\/\/i1.wp.com\/www.dannwollenwirmal.de\/wp-content\/uploads\/2016\/02\/IMG_4101.jpg?resize=150%2C150 150w, https:\/\/i1.wp.com\/www.dannwollenwirmal.de\/wp-content\/uploads\/2016\/02\/IMG_4101.jpg?resize=300%2C300 300w\" sizes=\"(max-width: 652px) 100vw, 652px\" data-recalc-dims=\"1\" \/><\/a><br \/>\n<em>Vom Vorbesitzer liebevoll ausgebesserte Putzkanten, auch hier Hohlstellen am Sockel<\/em><\/p>\n<p>&nbsp;<\/p>\n<p>Aus religi\u00f6sen Gr\u00fcnden wird das Haus nicht ged\u00e4mmt (und die, die hier tats\u00e4chlich regelm\u00e4\u00dfg mitlesen, sollten sich das denken k\u00f6nnen), sondern <em>nur<\/em> der Putz erneuert. Wir denken uns also die D\u00e4mmplatten weg und machen mit der Armierung weiter. Mit der EnEV geht das konform, weil der alte Putz nicht abgeschlagen sondern nur \u00fcberputzt wird. Ansonsten h\u00e4tte man n\u00e4mlich d\u00e4mmen <em>m\u00fcssen!<\/em><\/p>\n<p>Es wird Klebe-und Armierungsm\u00f6rtel (das gleiche Zeug wie beim WDVS) auf die gereinigte und grundierte Fassade aufgetragen. Es wird erst eine Lage per Zahntraufel aufgezogen und dann das <em>Armierungsgewebe<\/em> eingelegt. An den Fensterkanten wird vorher Eckwinkel-Armierung angebracht und die Ecken von Geb\u00e4ude\u00f6ffnungen (Fenster, T\u00fcr\u00f6fnungen etc.) noch diagonal armiert. Wie genau, zeige ich dann wenn es so weit ist.<\/p>\n<p>Nach dem Eindr\u00fccken des Gewebes wird dann mit dem gleichen M\u00f6rtel das Ganze glattgespachtelt, entweder auch mit der Traufel oder mit meinem Fassadenspachtel, mal sehen, was dann besser von der Hand geht. Als Oberputz nutze ich meinen Favoriten Siloxan-Reibeputz 1,5mm K\u00f6rnung; das bedeutet, das bei der vorherigen Schicht alle Unebenheiten bis, naja, sagen wir mal 2mm im Putzbild untergehen und eher zu vernachl\u00e4ssigen sind. Aber man darf halt nicht bucklig mit dem M\u00f6rtel rumschmieren, dann sieht das Ganze nachher aus wie Rudis Datsche in Kl\u00f6sewitz.<\/p>\n<p>Ich bin mir noch nicht ganz sicher, ob ich nicht eine Schicht M\u00f6rtel mehr einbauen sollte. Der Maurer, der mir den Trick mit den <a href=\"http:\/\/www.dannwollenwirmal.de\/?p=1136\"><strong>Putzlehren<\/strong> <\/a>gezeigt hat, meinte, das Gehemins w\u00e4re ja, erst eine Schicht aufzuziehen, die durchtrocknen zu lassen und <em>dann<\/em> die Sache mit der Zahnkelle und der Armierung zu machen. Hmmm&#8230;<br \/>\nAchja: Vor dem Oberputz kommt noch ein Putzgrund auf den glattgezogenen Armierungsm\u00f6rtel.<\/p>\n<p><a href=\"https:\/\/i2.wp.com\/www.dannwollenwirmal.de\/wp-content\/uploads\/2016\/02\/IMG_4102.jpg\"><img data-attachment-id=\"1362\" data-permalink=\"http:\/\/www.dannwollenwirmal.de\/?attachment_id=1362#main\" data-orig-file=\"https:\/\/i2.wp.com\/www.dannwollenwirmal.de\/wp-content\/uploads\/2016\/02\/IMG_4102.jpg?fit=652%2C652\" data-orig-size=\"652,652\" data-comments-opened=\"1\" data-image-meta=\"{&quot;aperture&quot;:&quot;2.2&quot;,&quot;credit&quot;:&quot;&quot;,&quot;camera&quot;:&quot;iPhone 6&quot;,&quot;caption&quot;:&quot;&quot;,&quot;created_timestamp&quot;:&quot;1456500779&quot;,&quot;copyright&quot;:&quot;&quot;,&quot;focal_length&quot;:&quot;4.15&quot;,&quot;iso&quot;:&quot;32&quot;,&quot;shutter_speed&quot;:&quot;0.00048007681228997&quot;,&quot;title&quot;:&quot;&quot;,&quot;orientation&quot;:&quot;1&quot;}\" data-image-title=\"IMG_4102\" data-image-description=\"\" data-image-caption=\"\" data-medium-file=\"https:\/\/i2.wp.com\/www.dannwollenwirmal.de\/wp-content\/uploads\/2016\/02\/IMG_4102.jpg?fit=300%2C300\" data-large-file=\"https:\/\/i2.wp.com\/www.dannwollenwirmal.de\/wp-content\/uploads\/2016\/02\/IMG_4102.jpg?fit=652%2C652\" loading=\"lazy\" class=\"alignnone size-full wp-image-1362\" src=\"https:\/\/i2.wp.com\/www.dannwollenwirmal.de\/wp-content\/uploads\/2016\/02\/IMG_4102.jpg?resize=652%2C652\" alt=\"IMG_4102\" width=\"652\" height=\"652\" srcset=\"https:\/\/i2.wp.com\/www.dannwollenwirmal.de\/wp-content\/uploads\/2016\/02\/IMG_4102.jpg?w=652 652w, https:\/\/i2.wp.com\/www.dannwollenwirmal.de\/wp-content\/uploads\/2016\/02\/IMG_4102.jpg?resize=150%2C150 150w, https:\/\/i2.wp.com\/www.dannwollenwirmal.de\/wp-content\/uploads\/2016\/02\/IMG_4102.jpg?resize=300%2C300 300w\" sizes=\"(max-width: 652px) 100vw, 652px\" data-recalc-dims=\"1\" \/><\/a><br \/>\n<em>Highlights deutscher Putzerkunst<br \/>\n<\/em><\/p>\n<p>Nun hat mein Lieblings-Baustoffh\u00e4ndler mir doch tats\u00e4chlich das Angebot gemacht, dass ein Au\u00dfendienstler der Firma <a href=\"http:\/\/www.laier.biz\/\"><strong>Laier<\/strong><\/a>, die die ganzen Putze herstellen, herkommen und sich das Ganze anschauen w\u00fcrde. Bestimmt, weil ich hier der megaber\u00fchmte Blogger bin und alles. Ich nehme das nat\u00fcrlich gerne an und werde dann berichten, wie die ideale L\u00f6sung aussieht.<\/p>\n<p>Genauso unsicher bin ich mir, ob ich dem Ganzen nach dem Oberputz noch einen (Egalisierungs-)anstrich verpassen muss oder nicht? Daf\u00fcr spr\u00e4che ja, dass die Fensterb\u00e4nke (aus Stein) keinen Oberputz bekommen, aber schlu\u00dfendlich ja auch wei\u00df sein sollen, dann m\u00fcsste ich sie also extra streichen, und ob man da wieder genau den Ton trifft? Dagegen spricht, dass 1,5mm Struktur an sich nicht besonders viel ist und wenn ich da noch eine dicke Egalisierungspampe draufschmiere, das Ganze dann wieder aussieht wie besagte Datsche in Kl\u00f6sewitz. (Gibt es eigentlich Kl\u00f6sewitz?)Aber das wird mir ja der Herr von Laier hoffentlich alles gut beantworten k\u00f6nnen.<\/p>\n<p>Was kostet der Spa\u00df? Meine werten Leser sind ja immer an den Kosten interessiert. W\u00e4re ich ja auch. Beim Baustoffh\u00e4ndler kann ich eventuell etwas g\u00fcnstiger shoppen, weil ich das Ganze ja den Rest des Jahres auch irgendwie gewerblich betreibe und mir einbilde, entsprechend gute Konditionen zu bekommen. Hochgerechnet auf normale Verkaufspreise kann man mit Materialkosten von 12,75 \u20ac \/ m\u00b2 planen, komplett mit Grundierung, Armierungsm\u00f6rtel, Putzgrund, Oberputz, Egalisierungsfarbe, Abdeckmaterial. Etwa 1\/3 davon ist der Oberputz (Siloxan-Reibeputz), das geht eventuell g\u00fcnstiger wenn man da keine fertige Eimerware, sondern Sackware nimmt, aber ich arbeite ja viel und oft mit genau diesem Putz und liebe das Zeug einfach. Nichts ist in meinen Augen besser zu verarbeiten und garantiert ein so gleichm\u00e4\u00dfiges Ergebnis.<\/p>\n<p>Wie lange dauert das? Puuuh, wenn ich das w\u00fcsste! Im Putzen bin ich zwar einigerma\u00dfen erfahren; gerade von dem Oberputz habe ich schon einige hundert Quadratmeter gemacht. Aber an der Fassade, die Armierung usw. &#8211; da bin ich noch ein Greenhorn. Ich fange auch an der Hinterseite des Hauses an (vorne hui, hinten pfui!), damit ich nach vorne hin besser werde. Das Ger\u00fcst steht standardm\u00e4\u00dfig vier Wochen, aber eine Verl\u00e4ngerungswoche liegt, aus meiner Erinnerung heraus, bei etwa 80,- Euro, das ist dann nicht ganz so wild, wenn es doch etwas l\u00e4nger dauert.<\/p>\n<p>Ich meine mich auch erinnern zu k\u00f6nnen, dass ich f\u00fcr die Reibeputzgeschichte (an der <em>Decke!)<\/em> etwa zehn Minuten pro m\u00b2 gebraucht habe. An der Wand sollte das schneller gehen, also sagen wir mal 7 Minuten\/m\u00b2. Das sind bei gro\u00dfz\u00fcgig gemessenen 280 m\u00b2 dann etwa 33 Stunden, also eine knappe Woche kann man schon etwa f\u00fcr den Oberputz rechnen, plus die ganzen Vorarbeiten. Also werde ich mal so vier bis f\u00fcnf Wochen einplanen.<\/p>\n<p>Ach, im \u00dcbrigen gibt es auch Neuigkeiten von der Holzfront! Das Holz f\u00fcr die Fensterl\u00e4den ist bestellt &#8211; anstatt &#8222;astrein&#8220; (und damit auch astrein unbezahlbar) habe ich nun die Variante &#8222;nachsortiert&#8220; genommen. Die Rahmen der Fensterl\u00e4den werden aus Fichte-Rahmenholz 26x93mm, die Lamellen aus Fichte 11&#215;68. Ach, dabei gibt es ja auch fertige <a href=\"https:\/\/www.holz-direkt24.com\/moebelbauteile\/schranktueren\/lamellentueren\/\"><strong>Lamellent\u00fcren<\/strong><\/a>! Aber das kann erstens jeder und zweitens ist das nicht f\u00fcr drau\u00dfen und drittens kein Fensterladen, basta. (Trotzdem ein sch\u00f6ner <a href=\"https:\/\/www.holz-direkt24.com\/\"><strong>Shop<\/strong><\/a> &#8211; auch mit sch\u00f6nen Fu\u00dfboden-Ideen!)<\/p>\n<p>Die Lamellenverbindung werde ich wohl mit Lamello-D\u00fcbeln (passt ja auch vom Namen) machen, ob ich mir da aber tats\u00e4chlich die Fr\u00e4se kaufe, wei\u00df ich noch nicht, die kann man sich auch leihen. Allerdings war ich heute im Holzwerkzeugladen (huiii, da h\u00e4tte ich vielleicht besser nicht reingehen d\u00fcrfen) und lieb\u00e4ugele mit einer schicken Festool-Oberfr\u00e4se. Oder, um einen alten Musikerwitz abzu\u00e4ndern: Meine gr\u00f6\u00dfte Angst, wenn ich mal sterben sollte, ist, dass meine Frau mein Werkzeug zu den Preisen verkauft, die ich ihr sagte, was es gekostet hat.<\/p>\n<p>War das jetzt grammatisch richtig? Egal. Ich werde mir jetzt mal Rudis Datsche in Kl\u00f6sewitz anschauen, da muss dringend mal die Fassade gemacht werden.<\/p>\n<div class=\"sharedaddy sd-sharing-enabled\"><div class=\"robots-nocontent sd-block sd-social sd-social-icon-text sd-sharing\"><h3 class=\"sd-title\">Teilen mit:<\/h3><div class=\"sd-content\"><ul><li class=\"share-email\"><a rel=\"nofollow noopener noreferrer\" data-shared=\"\" class=\"share-email sd-button share-icon\" href=\"http:\/\/www.dannwollenwirmal.de\/?p=1351&amp;share=email\" target=\"_blank\" title=\"Klick, um dies einem Freund per E-Mail zu senden\"><span>E-Mail<\/span><\/a><\/li><li class=\"share-print\"><a rel=\"nofollow noopener noreferrer\" data-shared=\"\" class=\"share-print sd-button share-icon\" href=\"http:\/\/www.dannwollenwirmal.de\/?p=1351\" target=\"_blank\" title=\"Klicken zum Ausdrucken\"><span>Drucken<\/span><\/a><\/li><li class=\"share-facebook\"><a rel=\"nofollow noopener noreferrer\" data-shared=\"sharing-facebook-1351\" class=\"share-facebook sd-button share-icon\" href=\"http:\/\/www.dannwollenwirmal.de\/?p=1351&amp;share=facebook\" target=\"_blank\" title=\"Klick, um auf Facebook zu teilen\"><span>Facebook<\/span><\/a><\/li><li class=\"share-twitter\"><a rel=\"nofollow noopener noreferrer\" data-shared=\"sharing-twitter-1351\" class=\"share-twitter sd-button share-icon\" href=\"http:\/\/www.dannwollenwirmal.de\/?p=1351&amp;share=twitter\" target=\"_blank\" title=\"Klick, um \u00fcber Twitter zu teilen\"><span>Twitter<\/span><\/a><\/li><li class=\"share-pinterest\"><a rel=\"nofollow noopener noreferrer\" data-shared=\"sharing-pinterest-1351\" class=\"share-pinterest sd-button share-icon\" href=\"http:\/\/www.dannwollenwirmal.de\/?p=1351&amp;share=pinterest\" target=\"_blank\" title=\"Klick, um auf Pinterest zu teilen\"><span>Pinterest<\/span><\/a><\/li><li class=\"share-linkedin\"><a rel=\"nofollow noopener noreferrer\" data-shared=\"sharing-linkedin-1351\" class=\"share-linkedin sd-button share-icon\" href=\"http:\/\/www.dannwollenwirmal.de\/?p=1351&amp;share=linkedin\" target=\"_blank\" title=\"Klick, um auf LinkedIn zu teilen\"><span>LinkedIn<\/span><\/a><\/li><li class=\"share-end\"><\/li><\/ul><\/div><\/div><\/div>","protected":false},"excerpt":{"rendered":"<p>Planung ist das halbe Leben! Oder so. Oder war es gutes Werkzeug? Das ist jedenfalls die halbe Arbeit. Die anstehende Fassadensanierung (immerhin n\u00e4hert sich der M\u00e4rz in gro\u00dfen Schritten) will wohl \u00fcberlegt sein und je mehr man sich bei sowas im Vorfeld Gedanken macht, desto schneller und reibungsloser (Der Auftrag des Reibeputzes geschah dann doch [&hellip;]<\/p>\n<div class=\"sharedaddy sd-sharing-enabled\"><div class=\"robots-nocontent sd-block sd-social sd-social-icon-text sd-sharing\"><h3 class=\"sd-title\">Teilen mit:<\/h3><div class=\"sd-content\"><ul><li class=\"share-email\"><a rel=\"nofollow noopener noreferrer\" data-shared=\"\" class=\"share-email sd-button share-icon\" href=\"http:\/\/www.dannwollenwirmal.de\/?p=1351&amp;share=email\" target=\"_blank\" title=\"Klick, um dies einem Freund per E-Mail zu senden\"><span>E-Mail<\/span><\/a><\/li><li class=\"share-print\"><a rel=\"nofollow noopener noreferrer\" data-shared=\"\" class=\"share-print sd-button share-icon\" href=\"http:\/\/www.dannwollenwirmal.de\/?p=1351\" target=\"_blank\" title=\"Klicken zum Ausdrucken\"><span>Drucken<\/span><\/a><\/li><li class=\"share-facebook\"><a rel=\"nofollow noopener noreferrer\" data-shared=\"sharing-facebook-1351\" class=\"share-facebook sd-button share-icon\" href=\"http:\/\/www.dannwollenwirmal.de\/?p=1351&amp;share=facebook\" target=\"_blank\" title=\"Klick, um auf Facebook zu teilen\"><span>Facebook<\/span><\/a><\/li><li class=\"share-twitter\"><a rel=\"nofollow noopener noreferrer\" data-shared=\"sharing-twitter-1351\" class=\"share-twitter sd-button share-icon\" href=\"http:\/\/www.dannwollenwirmal.de\/?p=1351&amp;share=twitter\" target=\"_blank\" title=\"Klick, um \u00fcber Twitter zu teilen\"><span>Twitter<\/span><\/a><\/li><li class=\"share-pinterest\"><a rel=\"nofollow noopener noreferrer\" data-shared=\"sharing-pinterest-1351\" class=\"share-pinterest sd-button share-icon\" href=\"http:\/\/www.dannwollenwirmal.de\/?p=1351&amp;share=pinterest\" target=\"_blank\" title=\"Klick, um auf Pinterest zu teilen\"><span>Pinterest<\/span><\/a><\/li><li class=\"share-linkedin\"><a rel=\"nofollow noopener noreferrer\" data-shared=\"sharing-linkedin-1351\" class=\"share-linkedin sd-button share-icon\" href=\"http:\/\/www.dannwollenwirmal.de\/?p=1351&amp;share=linkedin\" target=\"_blank\" title=\"Klick, um auf LinkedIn zu teilen\"><span>LinkedIn<\/span><\/a><\/li><li class=\"share-end\"><\/li><\/ul><\/div><\/div><\/div>","protected":false},"author":1,"featured_media":0,"comment_status":"open","ping_status":"open","sticky":false,"template":"","format":"standard","meta":{"advanced_seo_description":"","spay_email":"","jetpack_publicize_message":"","jetpack_is_tweetstorm":false,"jetpack_publicize_feature_enabled":true},"categories":[1,76,348,15],"tags":[350,349,351,352],"jetpack_featured_media_url":"","jetpack_publicize_connections":[],"jetpack_shortlink":"https:\/\/wp.me\/p3WtlO-lN","jetpack_sharing_enabled":true,"jetpack-related-posts":[{"id":845,"url":"http:\/\/www.dannwollenwirmal.de\/?p=845","url_meta":{"origin":1351,"position":0},"title":"M\u00e4nnertr\u00e4ume","date":"15. Februar 2015","format":false,"excerpt":"W\u00e4hrend mich der Winter mit seinem nasskalten Wetter und nun auch noch einer Erkl\u00e4tung allm\u00e4hlich nervt, feiert mein Gaumen schon Fr\u00fchling, denn an dem Haribo-Oster-Mix (500g) konnte ich einfach nicht vorbeigehen und ich bin bereits am Boden der Dose angekomen... Apropos Fr\u00fchling: Da hab ich doch glatt Fr\u00fchlingsgef\u00fchle, ich habe\u2026","rel":"","context":"In &quot;Allgemein&quot;","img":{"alt_text":"","src":"https:\/\/i2.wp.com\/www.dannwollenwirmal.de\/wp-content\/uploads\/2015\/02\/IMG_3262.jpg?resize=350%2C200","width":350,"height":200},"classes":[]},{"id":1669,"url":"http:\/\/www.dannwollenwirmal.de\/?p=1669","url_meta":{"origin":1351,"position":1},"title":"WKD","date":"23. Oktober 2016","format":false,"excerpt":"Diese Woche habe ich ein m\u00f6gliches Heilmittel gegen Werkzeugkaufdrang gefunden. Werkzeugkaufdrang, oder kurz WKD, bezeichnet die Begierde nach einem Werkzeug, die erst gestillt ist, wenn man es sein eigen nennt. So berichtete ich ja letzte Woche von einem kurzzeitigem Schleifgiraffen-WKD. Das Objekt der Beigierde w\u00e4re der Festool Planex LHS-255, kostet\u2026","rel":"","context":"In &quot;Allgemein&quot;","img":{"alt_text":"","src":"https:\/\/i0.wp.com\/www.dannwollenwirmal.de\/wp-content\/uploads\/2016\/10\/IMG_4907.jpg?resize=350%2C200","width":350,"height":200},"classes":[]},{"id":1247,"url":"http:\/\/www.dannwollenwirmal.de\/?p=1247","url_meta":{"origin":1351,"position":2},"title":"Der dannwollenwirmal-Jahresr\u00fcckblick","date":"27. Dezember 2015","format":false,"excerpt":"Statistisch gesehen sind die Zugriffszahlen auf diesen kleinen Anti-Besinnlichkeits-Blog zu Weihnachten immer am niedrigsten. Besonders der Heiligabend sticht hier negativ hervor. Scheinbar brauchen an diesem Tag nur wenige Menschen Ratschl\u00e4ge hinsichtlich Mauerdurchbr\u00fcchen und kleinen Sprengarbeiten (wobei das auch sehr sch\u00f6n sein kann, siehe diese Geschichte!) Also, lieber Leser, wir sind\u2026","rel":"","context":"In &quot;Allgemein&quot;","img":{"alt_text":"","src":"https:\/\/i0.wp.com\/www.dannwollenwirmal.de\/wp-content\/uploads\/2015\/12\/IMG_3955.jpg?resize=350%2C200","width":350,"height":200},"classes":[]},{"id":1136,"url":"http:\/\/www.dannwollenwirmal.de\/?p=1136","url_meta":{"origin":1351,"position":3},"title":"Putz-Lehre","date":"18. Oktober 2015","format":false,"excerpt":"Ich erinnere mich noch ganz gut daran, da muss ich so 14, 15 gewesen sein, und Opa schon \u00fcber 90: \"Opa, wir r\u00fchrt man nochmal M\u00f6rtel an?\" - \"Drei Sand, ein Zement!\" - so sollte man es wohl heute auch \u00f6fter machen. Anstatt alles zu googeln und auf bedenklichen Halbwissen-Seiten\u2026","rel":"","context":"In &quot;Allgemein&quot;","img":{"alt_text":"","src":"https:\/\/i2.wp.com\/www.dannwollenwirmal.de\/wp-content\/uploads\/2015\/10\/IMG_3761.jpg?resize=350%2C200","width":350,"height":200},"classes":[]},{"id":676,"url":"http:\/\/www.dannwollenwirmal.de\/?p=676","url_meta":{"origin":1351,"position":4},"title":"Vogelhaus aus Blitzzement","date":"30. November 2014","format":false,"excerpt":"Der heutige Suchbegriff\u00a0 \"leitung unter ziegel machen\" (WAS?!?) veranlasste mich dazu, meine All-Time-Top-10 der Suchbegriffe auf meinen Blog zu verfassen (so viel Zeit muss sein): 10. \"schalter und steckdosen tauschen mit nebengewerbe\" 9. \"gibt es laser f\u00fcr schiefe w\u00e4nde spachteln\" 8. \"wie und in welcher richtung steckt man led lampen\u2026","rel":"","context":"In &quot;Allgemein&quot;","img":{"alt_text":"","src":"https:\/\/i0.wp.com\/www.dannwollenwirmal.de\/wp-content\/uploads\/2014\/11\/IMG_3084.jpg?resize=350%2C200","width":350,"height":200},"classes":[]},{"id":1367,"url":"http:\/\/www.dannwollenwirmal.de\/?p=1367","url_meta":{"origin":1351,"position":5},"title":"Das Herz sagt ja","date":"6. M\u00e4rz 2016","format":false,"excerpt":"W\u00e4hrend sich meine Stirn beim Suchbegriff der Woche: \"kann eine rauhfasertapete \u00fcbergespachtelt werden\" in tiefe Sorgenfalten legt, verarbeite ich mit der anderen Gehirnh\u00e4lfte noch den Besuch des Putzexperten, denn wie letzte Woche erw\u00e4hnt, hat die Firma Laier mir freundlicherweise einen Au\u00dfendienstmitarbeiter geschickt, der sich das zu sanierende Fassadenobjekt dann besah.\u2026","rel":"","context":"In &quot;Allgemein&quot;","img":{"alt_text":"","src":"https:\/\/i1.wp.com\/www.dannwollenwirmal.de\/wp-content\/uploads\/2016\/03\/IMG_4106.jpg?resize=350%2C200","width":350,"height":200},"classes":[]}],"_links":{"self":[{"href":"http:\/\/www.dannwollenwirmal.de\/index.php?rest_route=\/wp\/v2\/posts\/1351"}],"collection":[{"href":"http:\/\/www.dannwollenwirmal.de\/index.php?rest_route=\/wp\/v2\/posts"}],"about":[{"href":"http:\/\/www.dannwollenwirmal.de\/index.php?rest_route=\/wp\/v2\/types\/post"}],"author":[{"embeddable":true,"href":"http:\/\/www.dannwollenwirmal.de\/index.php?rest_route=\/wp\/v2\/users\/1"}],"replies":[{"embeddable":true,"href":"http:\/\/www.dannwollenwirmal.de\/index.php?rest_route=%2Fwp%2Fv2%2Fcomments&post=1351"}],"version-history":[{"count":9,"href":"http:\/\/www.dannwollenwirmal.de\/index.php?rest_route=\/wp\/v2\/posts\/1351\/revisions"}],"predecessor-version":[{"id":1363,"href":"http:\/\/www.dannwollenwirmal.de\/index.php?rest_route=\/wp\/v2\/posts\/1351\/revisions\/1363"}],"wp:attachment":[{"href":"http:\/\/www.dannwollenwirmal.de\/index.php?rest_route=%2Fwp%2Fv2%2Fmedia&parent=1351"}],"wp:term":[{"taxonomy":"category","embeddable":true,"href":"http:\/\/www.dannwollenwirmal.de\/index.php?rest_route=%2Fwp%2Fv2%2Fcategories&post=1351"},{"taxonomy":"post_tag","embeddable":true,"href":"http:\/\/www.dannwollenwirmal.de\/index.php?rest_route=%2Fwp%2Fv2%2Ftags&post=1351"}],"curies":[{"name":"wp","href":"https:\/\/api.w.org\/{rel}","templated":true}]}}